{"id":237271,"date":"2024-07-30T05:28:26","date_gmt":"2024-07-30T09:28:26","guid":{"rendered":"https:\/\/www.eldiario.net\/portal\/?p=237271"},"modified":"2024-07-30T05:28:26","modified_gmt":"2024-07-30T09:28:26","slug":"comision-de-constitucion-aprueba-proyecto-de-ley-de-suspension-de-primarias","status":"publish","type":"post","link":"https:\/\/www.eldiario.net\/portal\/2024\/07\/30\/comision-de-constitucion-aprueba-proyecto-de-ley-de-suspension-de-primarias\/","title":{"rendered":"Comisi\u00f3n de Constituci\u00f3n aprueba proyecto de ley de suspensi\u00f3n de primarias"},"content":{"rendered":"<p>La Comisi\u00f3n de Constituci\u00f3n de la C\u00e1mara de Diputados aprob\u00f3 anoche el proyecto de ley de suspensi\u00f3n de las primarias que se encuentra establecido en el art\u00edculo 29 de la Ley de Organizaciones Pol\u00edticas 1096. Esta acci\u00f3n se da tras el acuerdo del pasado 10 de julio entre organizaciones pol\u00edticas con representaci\u00f3n parlamentaria. El documento pasar\u00e1 al pleno.<\/p>\n<p>\u201cEl proyecto de ley se encuentra previamente socializado y fue acordado por todas las organizaciones pol\u00edticas, donde se acordaron, entre algunos de los puntos, suspender la aplicaci\u00f3n del art. 29 de la ley 1096&#8243;, mencion\u00f3 el presidente de la Comisi\u00f3n de Constituci\u00f3n de la C\u00e1mara de Diputados, Juan Jos\u00e9 Jauregui.<\/p>\n<p>El 11 de julio, un d\u00eda despu\u00e9s el encuentro multipartidario, el Tribunal Supremo Electoral (TSE) envi\u00f3 a la Asamblea Legislativa Plurinacional (ALP)\u00a0 el proyecto de ley de \u201cR\u00e9gimen Excepcional y Transitorio de Elecciones Primarias\u201d que anula las primarias y que consta de un solo art\u00edculo: \u201cLa presente Ley tiene por objeto disponer, de forma excepcional, que para las Elecciones Generales 2025, no se llevar\u00e1n a cabo las Elecciones Primarias de candidaturas del binomio presidencial, en consecuencia, no se aplicar\u00e1 el art\u00edculo 29\u201d.<\/p>\n<p>El tratamiento del proyecto sigue el procedimiento legislativo previsto en los art\u00edculos 162 y 163 de la Constituci\u00f3n Pol\u00edtica del Estado (CPE) y el art\u00edculo 16 del reglamento de la Asamblea Legislativa.<\/p>\n<p>\u201cHemos procedido a iniciar el tratamiento en la Comisi\u00f3n de Constituci\u00f3n para que, de esta manera, una vez concluido el tratamiento, se recomiende a trav\u00e9s de un informe fundamentado y motivado al pleno de la C\u00e1mara de Diputados la aprobaci\u00f3n de dicho proyecto de ley\u201d, agreg\u00f3 Jauregui.<\/p>\n<p>PLAZO HASTA AGOSTO<\/p>\n<p>J\u00e1uregui destac\u00f3 que \u201cexistiendo los acuerdos, que fueron difundidos por los medios de comunicaci\u00f3n con la firma de Comunidad Ciudadana (CC), Creemos y el resto de organizaciones pol\u00edticas y sociales que asistieron en aquella oportunidad, no vemos que existan mayores contratiempos para acelerar su tratamiento que deber\u00eda ser r\u00e1pido porque lo \u00fanico que hace es suspender la aplicaci\u00f3n de un precepto de la ley 1096.\u00bb<\/p>\n<p>Adem\u00e1s, dijo que no existen gastos econ\u00f3micos ni modificaciones significativas a la ley de organizaciones pol\u00edticas y de r\u00e9gimen electoral, por lo que \u00abconsideramos que no existir\u00eda la necesidad de obstaculizar.\u00bb<\/p>\n<p>En caso de que no se apruebe la suspensi\u00f3n de las primarias hasta el 17 de agosto el TSE estar\u00e1 obligado a convocar a esta elecci\u00f3n. El \u00d3rgano Electoral advirti\u00f3 de riesgos que se puedan cruzar algunas actividades de las elecciones judiciales y primarias como la fase de los c\u00f3mputos. Ello, por ejemplo, puede a ocasionar problemas para los Tribunales Electorales Departamentales (TED) al llevar adelante dos posibles c\u00f3mputos en paralelo. (Br\u00fajula Digital)<\/p>\n","protected":false},"excerpt":{"rendered":"<p>La Comisi\u00f3n de Constituci\u00f3n de la C\u00e1mara de Diputados aprob\u00f3 anoche el proyecto de ley de suspensi\u00f3n de las primarias que se encuentra establecido en el art\u00edculo 29 de la Ley de Organizaciones Pol\u00edticas 1096. Esta acci\u00f3n se da tras el acuerdo del pasado 10 de julio entre organizaciones pol\u00edticas con representaci\u00f3n parlamentaria. El documento [&hellip;]<\/p>\n","protected":false},"author":1,"featured_media":237272,"comment_status":"open","ping_status":"open","sticky":false,"template":"","format":"standard","meta":{"_acf_changed":false,"footnotes":""},"categories":[15],"tags":[],"class_list":["post-237271","post","type-post","status-publish","format-standard","has-post-thumbnail","category-portada"],"acf":{"antetitulo":""},"yoast_head":"<!-- This site is optimized with the Yoast SEO plugin v28.3 - https:\/\/yoast.com\/product\/yoast-seo-wordpress\/ -->\n<title>Comisi\u00f3n de Constituci\u00f3n aprueba proyecto de ley de suspensi\u00f3n de primarias - El Diario - Bolivia<\/title>\n<meta name=\"robots\" content=\"index, follow, max-snippet:-1, max-image-preview:large, max-video-preview:-1\" \/>\n<link rel=\"canonical\" href=\"https:\/\/www.eldiario.net\/portal\/2024\/07\/30\/comision-de-constitucion-aprueba-proyecto-de-ley-de-suspension-de-primarias\/\" \/>\n<meta property=\"og:locale\" content=\"es_ES\" \/>\n<meta property=\"og:type\" content=\"article\" \/>\n<meta property=\"og:title\" content=\"Comisi\u00f3n de Constituci\u00f3n aprueba proyecto de ley de suspensi\u00f3n de primarias - El Diario - Bolivia\" \/>\n<meta property=\"og:description\" content=\"La Comisi\u00f3n de Constituci\u00f3n de la C\u00e1mara de Diputados aprob\u00f3 anoche el proyecto de ley de suspensi\u00f3n de las primarias que se encuentra establecido en el art\u00edculo 29 de la Ley de Organizaciones Pol\u00edticas 1096. Esta acci\u00f3n se da tras el acuerdo del pasado 10 de julio entre organizaciones pol\u00edticas con representaci\u00f3n parlamentaria. El documento [&hellip;]\" \/>\n<meta property=\"og:url\" content=\"https:\/\/www.eldiario.net\/portal\/2024\/07\/30\/comision-de-constitucion-aprueba-proyecto-de-ley-de-suspension-de-primarias\/\" \/>\n<meta property=\"og:site_name\" content=\"El Diario - Bolivia\" \/>\n<meta property=\"article:publisher\" content=\"https:\/\/www.facebook.com\/eldiario.bolivia\/\" \/>\n<meta property=\"article:published_time\" content=\"2024-07-30T09:28:26+00:00\" \/>\n<meta property=\"og:image\" content=\"https:\/\/www.eldiario.net\/portal\/wp-content\/uploads\/2024\/07\/PLENO-FOTO.jpg\" \/>\n\t<meta property=\"og:image:width\" content=\"720\" \/>\n\t<meta property=\"og:image:height\" content=\"399\" \/>\n\t<meta property=\"og:image:type\" content=\"image\/jpeg\" \/>\n<meta name=\"author\" content=\"Jeanette\" \/>\n<meta name=\"twitter:card\" content=\"summary_large_image\" \/>\n<meta name=\"twitter:creator\" content=\"@eldiario_net\" \/>\n<meta name=\"twitter:site\" content=\"@eldiario_net\" \/>\n<meta name=\"twitter:label1\" content=\"Escrito por\" \/>\n\t<meta name=\"twitter:data1\" content=\"Jeanette\" \/>\n\t<meta name=\"twitter:label2\" content=\"Tiempo de lectura\" \/>\n\t<meta name=\"twitter:data2\" content=\"3 minutos\" \/>\n<script type=\"application\/ld+json\" class=\"yoast-schema-graph\">{\"@context\":\"https:\\\/\\\/schema.org\",\"@graph\":[{\"@type\":\"Article\",\"@id\":\"https:\\\/\\\/www.eldiario.net\\\/portal\\\/2024\\\/07\\\/30\\\/comision-de-constitucion-aprueba-proyecto-de-ley-de-suspension-de-primarias\\\/#article\",\"isPartOf\":{\"@id\":\"https:\\\/\\\/www.eldiario.net\\\/portal\\\/2024\\\/07\\\/30\\\/comision-de-constitucion-aprueba-proyecto-de-ley-de-suspension-de-primarias\\\/\"},\"author\":{\"name\":\"Jeanette\",\"@id\":\"https:\\\/\\\/www.eldiario.net\\\/portal\\\/#\\\/schema\\\/person\\\/f46445640444750d7d753ccd04ae01b7\"},\"headline\":\"Comisi\u00f3n de Constituci\u00f3n aprueba proyecto de ley de suspensi\u00f3n de primarias\",\"datePublished\":\"2024-07-30T09:28:26+00:00\",\"mainEntityOfPage\":{\"@id\":\"https:\\\/\\\/www.eldiario.net\\\/portal\\\/2024\\\/07\\\/30\\\/comision-de-constitucion-aprueba-proyecto-de-ley-de-suspension-de-primarias\\\/\"},\"wordCount\":487,\"commentCount\":0,\"publisher\":{\"@id\":\"https:\\\/\\\/www.eldiario.net\\\/portal\\\/#organization\"},\"image\":{\"@id\":\"https:\\\/\\\/www.eldiario.net\\\/portal\\\/2024\\\/07\\\/30\\\/comision-de-constitucion-aprueba-proyecto-de-ley-de-suspension-de-primarias\\\/#primaryimage\"},\"thumbnailUrl\":\"https:\\\/\\\/www.eldiario.net\\\/portal\\\/wp-content\\\/uploads\\\/2024\\\/07\\\/PLENO-FOTO.jpg\",\"articleSection\":[\"Portada\"],\"inLanguage\":\"es\",\"potentialAction\":[{\"@type\":\"CommentAction\",\"name\":\"Comment\",\"target\":[\"https:\\\/\\\/www.eldiario.net\\\/portal\\\/2024\\\/07\\\/30\\\/comision-de-constitucion-aprueba-proyecto-de-ley-de-suspension-de-primarias\\\/#respond\"]}]},{\"@type\":\"WebPage\",\"@id\":\"https:\\\/\\\/www.eldiario.net\\\/portal\\\/2024\\\/07\\\/30\\\/comision-de-constitucion-aprueba-proyecto-de-ley-de-suspension-de-primarias\\\/\",\"url\":\"https:\\\/\\\/www.eldiario.net\\\/portal\\\/2024\\\/07\\\/30\\\/comision-de-constitucion-aprueba-proyecto-de-ley-de-suspension-de-primarias\\\/\",\"name\":\"Comisi\u00f3n de Constituci\u00f3n aprueba proyecto de ley de suspensi\u00f3n de primarias - El Diario - Bolivia\",\"isPartOf\":{\"@id\":\"https:\\\/\\\/www.eldiario.net\\\/portal\\\/#website\"},\"primaryImageOfPage\":{\"@id\":\"https:\\\/\\\/www.eldiario.net\\\/portal\\\/2024\\\/07\\\/30\\\/comision-de-constitucion-aprueba-proyecto-de-ley-de-suspension-de-primarias\\\/#primaryimage\"},\"image\":{\"@id\":\"https:\\\/\\\/www.eldiario.net\\\/portal\\\/2024\\\/07\\\/30\\\/comision-de-constitucion-aprueba-proyecto-de-ley-de-suspension-de-primarias\\\/#primaryimage\"},\"thumbnailUrl\":\"https:\\\/\\\/www.eldiario.net\\\/portal\\\/wp-content\\\/uploads\\\/2024\\\/07\\\/PLENO-FOTO.jpg\",\"datePublished\":\"2024-07-30T09:28:26+00:00\",\"breadcrumb\":{\"@id\":\"https:\\\/\\\/www.eldiario.net\\\/portal\\\/2024\\\/07\\\/30\\\/comision-de-constitucion-aprueba-proyecto-de-ley-de-suspension-de-primarias\\\/#breadcrumb\"},\"inLanguage\":\"es\",\"potentialAction\":[{\"@type\":\"ReadAction\",\"target\":[\"https:\\\/\\\/www.eldiario.net\\\/portal\\\/2024\\\/07\\\/30\\\/comision-de-constitucion-aprueba-proyecto-de-ley-de-suspension-de-primarias\\\/\"]}]},{\"@type\":\"ImageObject\",\"inLanguage\":\"es\",\"@id\":\"https:\\\/\\\/www.eldiario.net\\\/portal\\\/2024\\\/07\\\/30\\\/comision-de-constitucion-aprueba-proyecto-de-ley-de-suspension-de-primarias\\\/#primaryimage\",\"url\":\"https:\\\/\\\/www.eldiario.net\\\/portal\\\/wp-content\\\/uploads\\\/2024\\\/07\\\/PLENO-FOTO.jpg\",\"contentUrl\":\"https:\\\/\\\/www.eldiario.net\\\/portal\\\/wp-content\\\/uploads\\\/2024\\\/07\\\/PLENO-FOTO.jpg\",\"width\":720,\"height\":399,\"caption\":\"La Comisi\u00f3n de Constituci\u00f3n de la C\u00e1mara de Diputados. Foto: CD\"},{\"@type\":\"BreadcrumbList\",\"@id\":\"https:\\\/\\\/www.eldiario.net\\\/portal\\\/2024\\\/07\\\/30\\\/comision-de-constitucion-aprueba-proyecto-de-ley-de-suspension-de-primarias\\\/#breadcrumb\",\"itemListElement\":[{\"@type\":\"ListItem\",\"position\":1,\"name\":\"Portada\",\"item\":\"https:\\\/\\\/www.eldiario.net\\\/portal\\\/\"},{\"@type\":\"ListItem\",\"position\":2,\"name\":\"Comisi\u00f3n de Constituci\u00f3n aprueba proyecto de ley de suspensi\u00f3n de primarias\"}]},{\"@type\":\"WebSite\",\"@id\":\"https:\\\/\\\/www.eldiario.net\\\/portal\\\/#website\",\"url\":\"https:\\\/\\\/www.eldiario.net\\\/portal\\\/\",\"name\":\"El Diario - Decano de la prensa nacional\",\"description\":\"El Diario - Decano de la prensa nacional\",\"publisher\":{\"@id\":\"https:\\\/\\\/www.eldiario.net\\\/portal\\\/#organization\"},\"potentialAction\":[{\"@type\":\"SearchAction\",\"target\":{\"@type\":\"EntryPoint\",\"urlTemplate\":\"https:\\\/\\\/www.eldiario.net\\\/portal\\\/?s={search_term_string}\"},\"query-input\":{\"@type\":\"PropertyValueSpecification\",\"valueRequired\":true,\"valueName\":\"search_term_string\"}}],\"inLanguage\":\"es\"},{\"@type\":\"Organization\",\"@id\":\"https:\\\/\\\/www.eldiario.net\\\/portal\\\/#organization\",\"name\":\"El Diario - Decano de la prensa nacional\",\"url\":\"https:\\\/\\\/www.eldiario.net\\\/portal\\\/\",\"logo\":{\"@type\":\"ImageObject\",\"inLanguage\":\"es\",\"@id\":\"https:\\\/\\\/www.eldiario.net\\\/portal\\\/#\\\/schema\\\/logo\\\/image\\\/\",\"url\":\"https:\\\/\\\/www.eldiario.net\\\/portal\\\/wp-content\\\/uploads\\\/2023\\\/07\\\/logo_ED.jpg\",\"contentUrl\":\"https:\\\/\\\/www.eldiario.net\\\/portal\\\/wp-content\\\/uploads\\\/2023\\\/07\\\/logo_ED.jpg\",\"width\":272,\"height\":52,\"caption\":\"El Diario - Decano de la prensa nacional\"},\"image\":{\"@id\":\"https:\\\/\\\/www.eldiario.net\\\/portal\\\/#\\\/schema\\\/logo\\\/image\\\/\"},\"sameAs\":[\"https:\\\/\\\/www.facebook.com\\\/eldiario.bolivia\\\/\",\"https:\\\/\\\/x.com\\\/eldiario_net\"]},{\"@type\":\"Person\",\"@id\":\"https:\\\/\\\/www.eldiario.net\\\/portal\\\/#\\\/schema\\\/person\\\/f46445640444750d7d753ccd04ae01b7\",\"name\":\"Jeanette\",\"image\":{\"@type\":\"ImageObject\",\"inLanguage\":\"es\",\"@id\":\"https:\\\/\\\/secure.gravatar.com\\\/avatar\\\/3ea2118a5f7dad2b7138b1187a6b7ee55f160b9968b66013c3a3ef39dd7e5798?s=96&d=mm&r=g\",\"url\":\"https:\\\/\\\/secure.gravatar.com\\\/avatar\\\/3ea2118a5f7dad2b7138b1187a6b7ee55f160b9968b66013c3a3ef39dd7e5798?s=96&d=mm&r=g\",\"contentUrl\":\"https:\\\/\\\/secure.gravatar.com\\\/avatar\\\/3ea2118a5f7dad2b7138b1187a6b7ee55f160b9968b66013c3a3ef39dd7e5798?s=96&d=mm&r=g\",\"caption\":\"Jeanette\"},\"sameAs\":[\"https:\\\/\\\/www.eldiario.net\\\/portal\"],\"url\":\"https:\\\/\\\/www.eldiario.net\\\/portal\\\/author\\\/jeanette\\\/\"}]}<\/script>\n<!-- \/ Yoast SEO plugin. -->","yoast_head_json":{"title":"Comisi\u00f3n de Constituci\u00f3n aprueba proyecto de ley de suspensi\u00f3n de primarias - El Diario - Bolivia","robots":{"index":"index","follow":"follow","max-snippet":"max-snippet:-1","max-image-preview":"max-image-preview:large","max-video-preview":"max-video-preview:-1"},"canonical":"https:\/\/www.eldiario.net\/portal\/2024\/07\/30\/comision-de-constitucion-aprueba-proyecto-de-ley-de-suspension-de-primarias\/","og_locale":"es_ES","og_type":"article","og_title":"Comisi\u00f3n de Constituci\u00f3n aprueba proyecto de ley de suspensi\u00f3n de primarias - El Diario - Bolivia","og_description":"La Comisi\u00f3n de Constituci\u00f3n de la C\u00e1mara de Diputados aprob\u00f3 anoche el proyecto de ley de suspensi\u00f3n de las primarias que se encuentra establecido en el art\u00edculo 29 de la Ley de Organizaciones Pol\u00edticas 1096. Esta acci\u00f3n se da tras el acuerdo del pasado 10 de julio entre organizaciones pol\u00edticas con representaci\u00f3n parlamentaria. El documento [&hellip;]","og_url":"https:\/\/www.eldiario.net\/portal\/2024\/07\/30\/comision-de-constitucion-aprueba-proyecto-de-ley-de-suspension-de-primarias\/","og_site_name":"El Diario - Bolivia","article_publisher":"https:\/\/www.facebook.com\/eldiario.bolivia\/","article_published_time":"2024-07-30T09:28:26+00:00","og_image":[{"width":720,"height":399,"url":"https:\/\/www.eldiario.net\/portal\/wp-content\/uploads\/2024\/07\/PLENO-FOTO.jpg","type":"image\/jpeg"}],"author":"Jeanette","twitter_card":"summary_large_image","twitter_creator":"@eldiario_net","twitter_site":"@eldiario_net","twitter_misc":{"Escrito por":"Jeanette","Tiempo de lectura":"3 minutos"},"schema":{"@context":"https:\/\/schema.org","@graph":[{"@type":"Article","@id":"https:\/\/www.eldiario.net\/portal\/2024\/07\/30\/comision-de-constitucion-aprueba-proyecto-de-ley-de-suspension-de-primarias\/#article","isPartOf":{"@id":"https:\/\/www.eldiario.net\/portal\/2024\/07\/30\/comision-de-constitucion-aprueba-proyecto-de-ley-de-suspension-de-primarias\/"},"author":{"name":"Jeanette","@id":"https:\/\/www.eldiario.net\/portal\/#\/schema\/person\/f46445640444750d7d753ccd04ae01b7"},"headline":"Comisi\u00f3n de Constituci\u00f3n aprueba proyecto de ley de suspensi\u00f3n de primarias","datePublished":"2024-07-30T09:28:26+00:00","mainEntityOfPage":{"@id":"https:\/\/www.eldiario.net\/portal\/2024\/07\/30\/comision-de-constitucion-aprueba-proyecto-de-ley-de-suspension-de-primarias\/"},"wordCount":487,"commentCount":0,"publisher":{"@id":"https:\/\/www.eldiario.net\/portal\/#organization"},"image":{"@id":"https:\/\/www.eldiario.net\/portal\/2024\/07\/30\/comision-de-constitucion-aprueba-proyecto-de-ley-de-suspension-de-primarias\/#primaryimage"},"thumbnailUrl":"https:\/\/www.eldiario.net\/portal\/wp-content\/uploads\/2024\/07\/PLENO-FOTO.jpg","articleSection":["Portada"],"inLanguage":"es","potentialAction":[{"@type":"CommentAction","name":"Comment","target":["https:\/\/www.eldiario.net\/portal\/2024\/07\/30\/comision-de-constitucion-aprueba-proyecto-de-ley-de-suspension-de-primarias\/#respond"]}]},{"@type":"WebPage","@id":"https:\/\/www.eldiario.net\/portal\/2024\/07\/30\/comision-de-constitucion-aprueba-proyecto-de-ley-de-suspension-de-primarias\/","url":"https:\/\/www.eldiario.net\/portal\/2024\/07\/30\/comision-de-constitucion-aprueba-proyecto-de-ley-de-suspension-de-primarias\/","name":"Comisi\u00f3n de Constituci\u00f3n aprueba proyecto de ley de suspensi\u00f3n de primarias - El Diario - Bolivia","isPartOf":{"@id":"https:\/\/www.eldiario.net\/portal\/#website"},"primaryImageOfPage":{"@id":"https:\/\/www.eldiario.net\/portal\/2024\/07\/30\/comision-de-constitucion-aprueba-proyecto-de-ley-de-suspension-de-primarias\/#primaryimage"},"image":{"@id":"https:\/\/www.eldiario.net\/portal\/2024\/07\/30\/comision-de-constitucion-aprueba-proyecto-de-ley-de-suspension-de-primarias\/#primaryimage"},"thumbnailUrl":"https:\/\/www.eldiario.net\/portal\/wp-content\/uploads\/2024\/07\/PLENO-FOTO.jpg","datePublished":"2024-07-30T09:28:26+00:00","breadcrumb":{"@id":"https:\/\/www.eldiario.net\/portal\/2024\/07\/30\/comision-de-constitucion-aprueba-proyecto-de-ley-de-suspension-de-primarias\/#breadcrumb"},"inLanguage":"es","potentialAction":[{"@type":"ReadAction","target":["https:\/\/www.eldiario.net\/portal\/2024\/07\/30\/comision-de-constitucion-aprueba-proyecto-de-ley-de-suspension-de-primarias\/"]}]},{"@type":"ImageObject","inLanguage":"es","@id":"https:\/\/www.eldiario.net\/portal\/2024\/07\/30\/comision-de-constitucion-aprueba-proyecto-de-ley-de-suspension-de-primarias\/#primaryimage","url":"https:\/\/www.eldiario.net\/portal\/wp-content\/uploads\/2024\/07\/PLENO-FOTO.jpg","contentUrl":"https:\/\/www.eldiario.net\/portal\/wp-content\/uploads\/2024\/07\/PLENO-FOTO.jpg","width":720,"height":399,"caption":"La Comisi\u00f3n de Constituci\u00f3n de la C\u00e1mara de Diputados. Foto: CD"},{"@type":"BreadcrumbList","@id":"https:\/\/www.eldiario.net\/portal\/2024\/07\/30\/comision-de-constitucion-aprueba-proyecto-de-ley-de-suspension-de-primarias\/#breadcrumb","itemListElement":[{"@type":"ListItem","position":1,"name":"Portada","item":"https:\/\/www.eldiario.net\/portal\/"},{"@type":"ListItem","position":2,"name":"Comisi\u00f3n de Constituci\u00f3n aprueba proyecto de ley de suspensi\u00f3n de primarias"}]},{"@type":"WebSite","@id":"https:\/\/www.eldiario.net\/portal\/#website","url":"https:\/\/www.eldiario.net\/portal\/","name":"El Diario - Decano de la prensa nacional","description":"El Diario - Decano de la prensa nacional","publisher":{"@id":"https:\/\/www.eldiario.net\/portal\/#organization"},"potentialAction":[{"@type":"SearchAction","target":{"@type":"EntryPoint","urlTemplate":"https:\/\/www.eldiario.net\/portal\/?s={search_term_string}"},"query-input":{"@type":"PropertyValueSpecification","valueRequired":true,"valueName":"search_term_string"}}],"inLanguage":"es"},{"@type":"Organization","@id":"https:\/\/www.eldiario.net\/portal\/#organization","name":"El Diario - Decano de la prensa nacional","url":"https:\/\/www.eldiario.net\/portal\/","logo":{"@type":"ImageObject","inLanguage":"es","@id":"https:\/\/www.eldiario.net\/portal\/#\/schema\/logo\/image\/","url":"https:\/\/www.eldiario.net\/portal\/wp-content\/uploads\/2023\/07\/logo_ED.jpg","contentUrl":"https:\/\/www.eldiario.net\/portal\/wp-content\/uploads\/2023\/07\/logo_ED.jpg","width":272,"height":52,"caption":"El Diario - Decano de la prensa nacional"},"image":{"@id":"https:\/\/www.eldiario.net\/portal\/#\/schema\/logo\/image\/"},"sameAs":["https:\/\/www.facebook.com\/eldiario.bolivia\/","https:\/\/x.com\/eldiario_net"]},{"@type":"Person","@id":"https:\/\/www.eldiario.net\/portal\/#\/schema\/person\/f46445640444750d7d753ccd04ae01b7","name":"Jeanette","image":{"@type":"ImageObject","inLanguage":"es","@id":"https:\/\/secure.gravatar.com\/avatar\/3ea2118a5f7dad2b7138b1187a6b7ee55f160b9968b66013c3a3ef39dd7e5798?s=96&d=mm&r=g","url":"https:\/\/secure.gravatar.com\/avatar\/3ea2118a5f7dad2b7138b1187a6b7ee55f160b9968b66013c3a3ef39dd7e5798?s=96&d=mm&r=g","contentUrl":"https:\/\/secure.gravatar.com\/avatar\/3ea2118a5f7dad2b7138b1187a6b7ee55f160b9968b66013c3a3ef39dd7e5798?s=96&d=mm&r=g","caption":"Jeanette"},"sameAs":["https:\/\/www.eldiario.net\/portal"],"url":"https:\/\/www.eldiario.net\/portal\/author\/jeanette\/"}]}},"_links":{"self":[{"href":"https:\/\/www.eldiario.net\/portal\/wp-json\/wp\/v2\/posts\/237271","targetHints":{"allow":["GET"]}}],"collection":[{"href":"https:\/\/www.eldiario.net\/portal\/wp-json\/wp\/v2\/posts"}],"about":[{"href":"https:\/\/www.eldiario.net\/portal\/wp-json\/wp\/v2\/types\/post"}],"author":[{"embeddable":true,"href":"https:\/\/www.eldiario.net\/portal\/wp-json\/wp\/v2\/users\/1"}],"replies":[{"embeddable":true,"href":"https:\/\/www.eldiario.net\/portal\/wp-json\/wp\/v2\/comments?post=237271"}],"version-history":[{"count":1,"href":"https:\/\/www.eldiario.net\/portal\/wp-json\/wp\/v2\/posts\/237271\/revisions"}],"predecessor-version":[{"id":237273,"href":"https:\/\/www.eldiario.net\/portal\/wp-json\/wp\/v2\/posts\/237271\/revisions\/237273"}],"wp:featuredmedia":[{"embeddable":true,"href":"https:\/\/www.eldiario.net\/portal\/wp-json\/wp\/v2\/media\/237272"}],"wp:attachment":[{"href":"https:\/\/www.eldiario.net\/portal\/wp-json\/wp\/v2\/media?parent=237271"}],"wp:term":[{"taxonomy":"category","embeddable":true,"href":"https:\/\/www.eldiario.net\/portal\/wp-json\/wp\/v2\/categories?post=237271"},{"taxonomy":"post_tag","embeddable":true,"href":"https:\/\/www.eldiario.net\/portal\/wp-json\/wp\/v2\/tags?post=237271"}],"curies":[{"name":"wp","href":"https:\/\/api.w.org\/{rel}","templated":true}]}}