{"id":237135,"date":"2024-07-29T06:02:24","date_gmt":"2024-07-29T10:02:24","guid":{"rendered":"https:\/\/www.eldiario.net\/portal\/?p=237135"},"modified":"2024-07-29T06:02:24","modified_gmt":"2024-07-29T10:02:24","slug":"garra-honestidad-y-sentimiento","status":"publish","type":"post","link":"https:\/\/www.eldiario.net\/portal\/2024\/07\/29\/garra-honestidad-y-sentimiento\/","title":{"rendered":"GARRA HONESTIDAD Y SENTIMIENTO"},"content":{"rendered":"<p>Para quienes crecimos con un \u00eddolo en el f\u00fatbol como Luis Esteban Galarza, su partida nos genera un sincero y profundo sentimiento de dolor por todo aquello que vivimos en su trayectoria profesional como jugador y por cuanto estamos ante uno de los mayores emblemas de la Garra Stronguista, principal caracter\u00edstica de esta Gloriosa Instituci\u00f3n.<br \/>\nTal vez, el mayor referente de los \u00faltimos tiempos de lo que es poner en la cancha alma, vida y coraz\u00f3n junto a los Fontana, Iriondo, \u00c1ngulo, Mart\u00ednez, Messa, Potente, Bastida, Latini y muchos otros que forjaron un nuevo renacer para el Tigre luego de Viloco a punta de garra, pasi\u00f3n y sentimiento. Garra de la cual hacemos gala todos los Stronguistas en cada partido. Todos ellos forjadores valientes de una p\u00e1gina m\u00e1s dentro de la rica y vasta Historia del Club Decano del F\u00fatbol Nacional Boliviano.<br \/>\nHicieron Historia y eso no es ni poco ni f\u00e1cil.<br \/>\nLuis Galarza escribio esa p\u00e1gina adem\u00e1s con Honestidad, Humildad e Integridad dentro y fuera de la cancha, cuando al futbolista le interesaba m\u00e1s defender su camiseta antes que los intereses personales o econ\u00f3micos. Se desarroll\u00f3 acorde a la talla de dirigentes como los Mendoza, Azc\u00e1rraga, Oporto Lenz y muchos otros dignos Stronguistas gracias a los cuales y a su entrega hoy tenemos el legado de un Club Deportivo que se hizo en base a principios y valores. Generando la alta val\u00eda que hoy por hoy tiene esta Digna Institucion. Lucho estuvo a la altura hist\u00f3rica, construyendo todo esto desde su p\u00f3rtico en cada jornada.<br \/>\nY algo que adem\u00e1s tenia Luis Galarza era Sentimiento, lo cual lo convert\u00eda en el mejor arquero del Tigre y del Pa\u00eds, por la entrega que le daba a su funci\u00f3n, por su capacidad deportiva, por su sencillez, por su hombr\u00eda y por todo aquello que le permiti\u00f3 hacer su trabajo con amor y entrega, gracias a lo cual vivimos inolvidables jornadas llenas de valor y coraje. Como era Luis&#8230;<br \/>\nConstancia de todo esto pude vivir cuando la Instituci\u00f3n lo honr\u00f3 como Director Tecnico de nuestro Primer Plantel, logrando bajo su Direcci\u00f3n ganar el \u00e9pico T\u00edtulo de Campeones del F\u00fatbol Boliviano del a\u00f1o 2004. Aquel T\u00edtulo que conseguimos ganarlo con Luis en cancha y batallado en mesa hasta en la Conmebol, cuando en una Final de Campeonato no hab\u00eda sido previsto el doping y el rival corr\u00eda como nunca, cuando con Lucho y con ese her\u00f3ico plantel que fue mermado injustamente durante todo el Campeonato, nos llevamos la torta de la fiesta que ya hab\u00edan organizado. Ah\u00ed estaba Lucho batallando a su estilo como siempre para ser Campe\u00f3n. Como no agradecerle por todo y por tanto que dio desinteresadamente a la Institucion Gualdinegra y a todo el F\u00fatbol Boliviano. De lo cual todo el pa\u00eds es testigo..<br \/>\nSe nos fu\u00e9 y me quedo con la amargura de que este grande del Futbol Nacional no haya recibido en vida todos los Homenajes que se merec\u00eda.<br \/>\nQueda su legado, un hermoso legado para orgullo de su esposa, sus hijos, sus nietos, toda su familia y toda la Comunidad Futbolera Nacional y Stronguista.<br \/>\nHombre valiente y de decisiones, que asi como un dia decidiste ya no jugar m\u00e1s al futbol, estoy seguro que de igual forma con tu coraje de siempre decidiste partir para no angustiar m\u00e1s a nadie. Ese era Lucho&#8230;..<br \/>\nGracias \u00cddolo !!!!!!! Estar\u00e1s siempre en nuestros corazones y en la Historia del F\u00fatbol Nacional.<br \/>\nJORGE PACHECHO<\/p>\n","protected":false},"excerpt":{"rendered":"<p>Para quienes crecimos con un \u00eddolo en el f\u00fatbol como Luis Esteban Galarza, su partida nos genera un sincero y profundo sentimiento de dolor por todo aquello que vivimos en su trayectoria profesional como jugador y por cuanto estamos ante uno de los mayores emblemas de la Garra Stronguista, principal caracter\u00edstica de esta Gloriosa Instituci\u00f3n. [&hellip;]<\/p>\n","protected":false},"author":1,"featured_media":237136,"comment_status":"open","ping_status":"open","sticky":false,"template":"","format":"standard","meta":{"_acf_changed":false,"footnotes":""},"categories":[6],"tags":[],"class_list":["post-237135","post","type-post","status-publish","format-standard","has-post-thumbnail","category-deportes"],"acf":{"antetitulo":""},"yoast_head":"<!-- This site is optimized with the Yoast SEO plugin v28.3 - https:\/\/yoast.com\/product\/yoast-seo-wordpress\/ -->\n<title>GARRA HONESTIDAD Y SENTIMIENTO - El Diario - Bolivia<\/title>\n<meta name=\"robots\" content=\"index, follow, max-snippet:-1, max-image-preview:large, max-video-preview:-1\" \/>\n<link rel=\"canonical\" href=\"https:\/\/www.eldiario.net\/portal\/2024\/07\/29\/garra-honestidad-y-sentimiento\/\" \/>\n<meta property=\"og:locale\" content=\"es_ES\" \/>\n<meta property=\"og:type\" content=\"article\" \/>\n<meta property=\"og:title\" content=\"GARRA HONESTIDAD Y SENTIMIENTO - El Diario - Bolivia\" \/>\n<meta property=\"og:description\" content=\"Para quienes crecimos con un \u00eddolo en el f\u00fatbol como Luis Esteban Galarza, su partida nos genera un sincero y profundo sentimiento de dolor por todo aquello que vivimos en su trayectoria profesional como jugador y por cuanto estamos ante uno de los mayores emblemas de la Garra Stronguista, principal caracter\u00edstica de esta Gloriosa Instituci\u00f3n. [&hellip;]\" \/>\n<meta property=\"og:url\" content=\"https:\/\/www.eldiario.net\/portal\/2024\/07\/29\/garra-honestidad-y-sentimiento\/\" \/>\n<meta property=\"og:site_name\" content=\"El Diario - Bolivia\" \/>\n<meta property=\"article:publisher\" content=\"https:\/\/www.facebook.com\/eldiario.bolivia\/\" \/>\n<meta property=\"article:published_time\" content=\"2024-07-29T10:02:24+00:00\" \/>\n<meta property=\"og:image\" content=\"https:\/\/www.eldiario.net\/portal\/wp-content\/uploads\/2024\/07\/garra.jpg\" \/>\n\t<meta property=\"og:image:width\" content=\"569\" \/>\n\t<meta property=\"og:image:height\" content=\"558\" \/>\n\t<meta property=\"og:image:type\" content=\"image\/jpeg\" \/>\n<meta name=\"author\" content=\"Jeanette\" \/>\n<meta name=\"twitter:card\" content=\"summary_large_image\" \/>\n<meta name=\"twitter:creator\" content=\"@eldiario_net\" \/>\n<meta name=\"twitter:site\" content=\"@eldiario_net\" \/>\n<meta name=\"twitter:label1\" content=\"Escrito por\" \/>\n\t<meta name=\"twitter:data1\" content=\"Jeanette\" \/>\n\t<meta name=\"twitter:label2\" content=\"Tiempo de lectura\" \/>\n\t<meta name=\"twitter:data2\" content=\"3 minutos\" \/>\n<script type=\"application\/ld+json\" class=\"yoast-schema-graph\">{\"@context\":\"https:\\\/\\\/schema.org\",\"@graph\":[{\"@type\":\"Article\",\"@id\":\"https:\\\/\\\/www.eldiario.net\\\/portal\\\/2024\\\/07\\\/29\\\/garra-honestidad-y-sentimiento\\\/#article\",\"isPartOf\":{\"@id\":\"https:\\\/\\\/www.eldiario.net\\\/portal\\\/2024\\\/07\\\/29\\\/garra-honestidad-y-sentimiento\\\/\"},\"author\":{\"name\":\"Jeanette\",\"@id\":\"https:\\\/\\\/www.eldiario.net\\\/portal\\\/#\\\/schema\\\/person\\\/f46445640444750d7d753ccd04ae01b7\"},\"headline\":\"GARRA HONESTIDAD Y SENTIMIENTO\",\"datePublished\":\"2024-07-29T10:02:24+00:00\",\"mainEntityOfPage\":{\"@id\":\"https:\\\/\\\/www.eldiario.net\\\/portal\\\/2024\\\/07\\\/29\\\/garra-honestidad-y-sentimiento\\\/\"},\"wordCount\":615,\"commentCount\":0,\"publisher\":{\"@id\":\"https:\\\/\\\/www.eldiario.net\\\/portal\\\/#organization\"},\"image\":{\"@id\":\"https:\\\/\\\/www.eldiario.net\\\/portal\\\/2024\\\/07\\\/29\\\/garra-honestidad-y-sentimiento\\\/#primaryimage\"},\"thumbnailUrl\":\"https:\\\/\\\/www.eldiario.net\\\/portal\\\/wp-content\\\/uploads\\\/2024\\\/07\\\/garra.jpg\",\"articleSection\":[\"Deportes\"],\"inLanguage\":\"es\",\"potentialAction\":[{\"@type\":\"CommentAction\",\"name\":\"Comment\",\"target\":[\"https:\\\/\\\/www.eldiario.net\\\/portal\\\/2024\\\/07\\\/29\\\/garra-honestidad-y-sentimiento\\\/#respond\"]}]},{\"@type\":\"WebPage\",\"@id\":\"https:\\\/\\\/www.eldiario.net\\\/portal\\\/2024\\\/07\\\/29\\\/garra-honestidad-y-sentimiento\\\/\",\"url\":\"https:\\\/\\\/www.eldiario.net\\\/portal\\\/2024\\\/07\\\/29\\\/garra-honestidad-y-sentimiento\\\/\",\"name\":\"GARRA HONESTIDAD Y SENTIMIENTO - El Diario - Bolivia\",\"isPartOf\":{\"@id\":\"https:\\\/\\\/www.eldiario.net\\\/portal\\\/#website\"},\"primaryImageOfPage\":{\"@id\":\"https:\\\/\\\/www.eldiario.net\\\/portal\\\/2024\\\/07\\\/29\\\/garra-honestidad-y-sentimiento\\\/#primaryimage\"},\"image\":{\"@id\":\"https:\\\/\\\/www.eldiario.net\\\/portal\\\/2024\\\/07\\\/29\\\/garra-honestidad-y-sentimiento\\\/#primaryimage\"},\"thumbnailUrl\":\"https:\\\/\\\/www.eldiario.net\\\/portal\\\/wp-content\\\/uploads\\\/2024\\\/07\\\/garra.jpg\",\"datePublished\":\"2024-07-29T10:02:24+00:00\",\"breadcrumb\":{\"@id\":\"https:\\\/\\\/www.eldiario.net\\\/portal\\\/2024\\\/07\\\/29\\\/garra-honestidad-y-sentimiento\\\/#breadcrumb\"},\"inLanguage\":\"es\",\"potentialAction\":[{\"@type\":\"ReadAction\",\"target\":[\"https:\\\/\\\/www.eldiario.net\\\/portal\\\/2024\\\/07\\\/29\\\/garra-honestidad-y-sentimiento\\\/\"]}]},{\"@type\":\"ImageObject\",\"inLanguage\":\"es\",\"@id\":\"https:\\\/\\\/www.eldiario.net\\\/portal\\\/2024\\\/07\\\/29\\\/garra-honestidad-y-sentimiento\\\/#primaryimage\",\"url\":\"https:\\\/\\\/www.eldiario.net\\\/portal\\\/wp-content\\\/uploads\\\/2024\\\/07\\\/garra.jpg\",\"contentUrl\":\"https:\\\/\\\/www.eldiario.net\\\/portal\\\/wp-content\\\/uploads\\\/2024\\\/07\\\/garra.jpg\",\"width\":569,\"height\":558},{\"@type\":\"BreadcrumbList\",\"@id\":\"https:\\\/\\\/www.eldiario.net\\\/portal\\\/2024\\\/07\\\/29\\\/garra-honestidad-y-sentimiento\\\/#breadcrumb\",\"itemListElement\":[{\"@type\":\"ListItem\",\"position\":1,\"name\":\"Portada\",\"item\":\"https:\\\/\\\/www.eldiario.net\\\/portal\\\/\"},{\"@type\":\"ListItem\",\"position\":2,\"name\":\"GARRA HONESTIDAD Y SENTIMIENTO\"}]},{\"@type\":\"WebSite\",\"@id\":\"https:\\\/\\\/www.eldiario.net\\\/portal\\\/#website\",\"url\":\"https:\\\/\\\/www.eldiario.net\\\/portal\\\/\",\"name\":\"El Diario - Decano de la prensa nacional\",\"description\":\"El Diario - Decano de la prensa nacional\",\"publisher\":{\"@id\":\"https:\\\/\\\/www.eldiario.net\\\/portal\\\/#organization\"},\"potentialAction\":[{\"@type\":\"SearchAction\",\"target\":{\"@type\":\"EntryPoint\",\"urlTemplate\":\"https:\\\/\\\/www.eldiario.net\\\/portal\\\/?s={search_term_string}\"},\"query-input\":{\"@type\":\"PropertyValueSpecification\",\"valueRequired\":true,\"valueName\":\"search_term_string\"}}],\"inLanguage\":\"es\"},{\"@type\":\"Organization\",\"@id\":\"https:\\\/\\\/www.eldiario.net\\\/portal\\\/#organization\",\"name\":\"El Diario - Decano de la prensa nacional\",\"url\":\"https:\\\/\\\/www.eldiario.net\\\/portal\\\/\",\"logo\":{\"@type\":\"ImageObject\",\"inLanguage\":\"es\",\"@id\":\"https:\\\/\\\/www.eldiario.net\\\/portal\\\/#\\\/schema\\\/logo\\\/image\\\/\",\"url\":\"https:\\\/\\\/www.eldiario.net\\\/portal\\\/wp-content\\\/uploads\\\/2023\\\/07\\\/logo_ED.jpg\",\"contentUrl\":\"https:\\\/\\\/www.eldiario.net\\\/portal\\\/wp-content\\\/uploads\\\/2023\\\/07\\\/logo_ED.jpg\",\"width\":272,\"height\":52,\"caption\":\"El Diario - Decano de la prensa nacional\"},\"image\":{\"@id\":\"https:\\\/\\\/www.eldiario.net\\\/portal\\\/#\\\/schema\\\/logo\\\/image\\\/\"},\"sameAs\":[\"https:\\\/\\\/www.facebook.com\\\/eldiario.bolivia\\\/\",\"https:\\\/\\\/x.com\\\/eldiario_net\"]},{\"@type\":\"Person\",\"@id\":\"https:\\\/\\\/www.eldiario.net\\\/portal\\\/#\\\/schema\\\/person\\\/f46445640444750d7d753ccd04ae01b7\",\"name\":\"Jeanette\",\"image\":{\"@type\":\"ImageObject\",\"inLanguage\":\"es\",\"@id\":\"https:\\\/\\\/secure.gravatar.com\\\/avatar\\\/3ea2118a5f7dad2b7138b1187a6b7ee55f160b9968b66013c3a3ef39dd7e5798?s=96&d=mm&r=g\",\"url\":\"https:\\\/\\\/secure.gravatar.com\\\/avatar\\\/3ea2118a5f7dad2b7138b1187a6b7ee55f160b9968b66013c3a3ef39dd7e5798?s=96&d=mm&r=g\",\"contentUrl\":\"https:\\\/\\\/secure.gravatar.com\\\/avatar\\\/3ea2118a5f7dad2b7138b1187a6b7ee55f160b9968b66013c3a3ef39dd7e5798?s=96&d=mm&r=g\",\"caption\":\"Jeanette\"},\"sameAs\":[\"https:\\\/\\\/www.eldiario.net\\\/portal\"],\"url\":\"https:\\\/\\\/www.eldiario.net\\\/portal\\\/author\\\/jeanette\\\/\"}]}<\/script>\n<!-- \/ Yoast SEO plugin. -->","yoast_head_json":{"title":"GARRA HONESTIDAD Y SENTIMIENTO - El Diario - Bolivia","robots":{"index":"index","follow":"follow","max-snippet":"max-snippet:-1","max-image-preview":"max-image-preview:large","max-video-preview":"max-video-preview:-1"},"canonical":"https:\/\/www.eldiario.net\/portal\/2024\/07\/29\/garra-honestidad-y-sentimiento\/","og_locale":"es_ES","og_type":"article","og_title":"GARRA HONESTIDAD Y SENTIMIENTO - El Diario - Bolivia","og_description":"Para quienes crecimos con un \u00eddolo en el f\u00fatbol como Luis Esteban Galarza, su partida nos genera un sincero y profundo sentimiento de dolor por todo aquello que vivimos en su trayectoria profesional como jugador y por cuanto estamos ante uno de los mayores emblemas de la Garra Stronguista, principal caracter\u00edstica de esta Gloriosa Instituci\u00f3n. [&hellip;]","og_url":"https:\/\/www.eldiario.net\/portal\/2024\/07\/29\/garra-honestidad-y-sentimiento\/","og_site_name":"El Diario - Bolivia","article_publisher":"https:\/\/www.facebook.com\/eldiario.bolivia\/","article_published_time":"2024-07-29T10:02:24+00:00","og_image":[{"width":569,"height":558,"url":"https:\/\/www.eldiario.net\/portal\/wp-content\/uploads\/2024\/07\/garra.jpg","type":"image\/jpeg"}],"author":"Jeanette","twitter_card":"summary_large_image","twitter_creator":"@eldiario_net","twitter_site":"@eldiario_net","twitter_misc":{"Escrito por":"Jeanette","Tiempo de lectura":"3 minutos"},"schema":{"@context":"https:\/\/schema.org","@graph":[{"@type":"Article","@id":"https:\/\/www.eldiario.net\/portal\/2024\/07\/29\/garra-honestidad-y-sentimiento\/#article","isPartOf":{"@id":"https:\/\/www.eldiario.net\/portal\/2024\/07\/29\/garra-honestidad-y-sentimiento\/"},"author":{"name":"Jeanette","@id":"https:\/\/www.eldiario.net\/portal\/#\/schema\/person\/f46445640444750d7d753ccd04ae01b7"},"headline":"GARRA HONESTIDAD Y SENTIMIENTO","datePublished":"2024-07-29T10:02:24+00:00","mainEntityOfPage":{"@id":"https:\/\/www.eldiario.net\/portal\/2024\/07\/29\/garra-honestidad-y-sentimiento\/"},"wordCount":615,"commentCount":0,"publisher":{"@id":"https:\/\/www.eldiario.net\/portal\/#organization"},"image":{"@id":"https:\/\/www.eldiario.net\/portal\/2024\/07\/29\/garra-honestidad-y-sentimiento\/#primaryimage"},"thumbnailUrl":"https:\/\/www.eldiario.net\/portal\/wp-content\/uploads\/2024\/07\/garra.jpg","articleSection":["Deportes"],"inLanguage":"es","potentialAction":[{"@type":"CommentAction","name":"Comment","target":["https:\/\/www.eldiario.net\/portal\/2024\/07\/29\/garra-honestidad-y-sentimiento\/#respond"]}]},{"@type":"WebPage","@id":"https:\/\/www.eldiario.net\/portal\/2024\/07\/29\/garra-honestidad-y-sentimiento\/","url":"https:\/\/www.eldiario.net\/portal\/2024\/07\/29\/garra-honestidad-y-sentimiento\/","name":"GARRA HONESTIDAD Y SENTIMIENTO - El Diario - Bolivia","isPartOf":{"@id":"https:\/\/www.eldiario.net\/portal\/#website"},"primaryImageOfPage":{"@id":"https:\/\/www.eldiario.net\/portal\/2024\/07\/29\/garra-honestidad-y-sentimiento\/#primaryimage"},"image":{"@id":"https:\/\/www.eldiario.net\/portal\/2024\/07\/29\/garra-honestidad-y-sentimiento\/#primaryimage"},"thumbnailUrl":"https:\/\/www.eldiario.net\/portal\/wp-content\/uploads\/2024\/07\/garra.jpg","datePublished":"2024-07-29T10:02:24+00:00","breadcrumb":{"@id":"https:\/\/www.eldiario.net\/portal\/2024\/07\/29\/garra-honestidad-y-sentimiento\/#breadcrumb"},"inLanguage":"es","potentialAction":[{"@type":"ReadAction","target":["https:\/\/www.eldiario.net\/portal\/2024\/07\/29\/garra-honestidad-y-sentimiento\/"]}]},{"@type":"ImageObject","inLanguage":"es","@id":"https:\/\/www.eldiario.net\/portal\/2024\/07\/29\/garra-honestidad-y-sentimiento\/#primaryimage","url":"https:\/\/www.eldiario.net\/portal\/wp-content\/uploads\/2024\/07\/garra.jpg","contentUrl":"https:\/\/www.eldiario.net\/portal\/wp-content\/uploads\/2024\/07\/garra.jpg","width":569,"height":558},{"@type":"BreadcrumbList","@id":"https:\/\/www.eldiario.net\/portal\/2024\/07\/29\/garra-honestidad-y-sentimiento\/#breadcrumb","itemListElement":[{"@type":"ListItem","position":1,"name":"Portada","item":"https:\/\/www.eldiario.net\/portal\/"},{"@type":"ListItem","position":2,"name":"GARRA HONESTIDAD Y SENTIMIENTO"}]},{"@type":"WebSite","@id":"https:\/\/www.eldiario.net\/portal\/#website","url":"https:\/\/www.eldiario.net\/portal\/","name":"El Diario - Decano de la prensa nacional","description":"El Diario - Decano de la prensa nacional","publisher":{"@id":"https:\/\/www.eldiario.net\/portal\/#organization"},"potentialAction":[{"@type":"SearchAction","target":{"@type":"EntryPoint","urlTemplate":"https:\/\/www.eldiario.net\/portal\/?s={search_term_string}"},"query-input":{"@type":"PropertyValueSpecification","valueRequired":true,"valueName":"search_term_string"}}],"inLanguage":"es"},{"@type":"Organization","@id":"https:\/\/www.eldiario.net\/portal\/#organization","name":"El Diario - Decano de la prensa nacional","url":"https:\/\/www.eldiario.net\/portal\/","logo":{"@type":"ImageObject","inLanguage":"es","@id":"https:\/\/www.eldiario.net\/portal\/#\/schema\/logo\/image\/","url":"https:\/\/www.eldiario.net\/portal\/wp-content\/uploads\/2023\/07\/logo_ED.jpg","contentUrl":"https:\/\/www.eldiario.net\/portal\/wp-content\/uploads\/2023\/07\/logo_ED.jpg","width":272,"height":52,"caption":"El Diario - Decano de la prensa nacional"},"image":{"@id":"https:\/\/www.eldiario.net\/portal\/#\/schema\/logo\/image\/"},"sameAs":["https:\/\/www.facebook.com\/eldiario.bolivia\/","https:\/\/x.com\/eldiario_net"]},{"@type":"Person","@id":"https:\/\/www.eldiario.net\/portal\/#\/schema\/person\/f46445640444750d7d753ccd04ae01b7","name":"Jeanette","image":{"@type":"ImageObject","inLanguage":"es","@id":"https:\/\/secure.gravatar.com\/avatar\/3ea2118a5f7dad2b7138b1187a6b7ee55f160b9968b66013c3a3ef39dd7e5798?s=96&d=mm&r=g","url":"https:\/\/secure.gravatar.com\/avatar\/3ea2118a5f7dad2b7138b1187a6b7ee55f160b9968b66013c3a3ef39dd7e5798?s=96&d=mm&r=g","contentUrl":"https:\/\/secure.gravatar.com\/avatar\/3ea2118a5f7dad2b7138b1187a6b7ee55f160b9968b66013c3a3ef39dd7e5798?s=96&d=mm&r=g","caption":"Jeanette"},"sameAs":["https:\/\/www.eldiario.net\/portal"],"url":"https:\/\/www.eldiario.net\/portal\/author\/jeanette\/"}]}},"_links":{"self":[{"href":"https:\/\/www.eldiario.net\/portal\/wp-json\/wp\/v2\/posts\/237135","targetHints":{"allow":["GET"]}}],"collection":[{"href":"https:\/\/www.eldiario.net\/portal\/wp-json\/wp\/v2\/posts"}],"about":[{"href":"https:\/\/www.eldiario.net\/portal\/wp-json\/wp\/v2\/types\/post"}],"author":[{"embeddable":true,"href":"https:\/\/www.eldiario.net\/portal\/wp-json\/wp\/v2\/users\/1"}],"replies":[{"embeddable":true,"href":"https:\/\/www.eldiario.net\/portal\/wp-json\/wp\/v2\/comments?post=237135"}],"version-history":[{"count":1,"href":"https:\/\/www.eldiario.net\/portal\/wp-json\/wp\/v2\/posts\/237135\/revisions"}],"predecessor-version":[{"id":237137,"href":"https:\/\/www.eldiario.net\/portal\/wp-json\/wp\/v2\/posts\/237135\/revisions\/237137"}],"wp:featuredmedia":[{"embeddable":true,"href":"https:\/\/www.eldiario.net\/portal\/wp-json\/wp\/v2\/media\/237136"}],"wp:attachment":[{"href":"https:\/\/www.eldiario.net\/portal\/wp-json\/wp\/v2\/media?parent=237135"}],"wp:term":[{"taxonomy":"category","embeddable":true,"href":"https:\/\/www.eldiario.net\/portal\/wp-json\/wp\/v2\/categories?post=237135"},{"taxonomy":"post_tag","embeddable":true,"href":"https:\/\/www.eldiario.net\/portal\/wp-json\/wp\/v2\/tags?post=237135"}],"curies":[{"name":"wp","href":"https:\/\/api.w.org\/{rel}","templated":true}]}}