{"id":237118,"date":"2024-07-29T05:57:35","date_gmt":"2024-07-29T09:57:35","guid":{"rendered":"https:\/\/www.eldiario.net\/portal\/?p=237118"},"modified":"2024-07-29T05:57:35","modified_gmt":"2024-07-29T09:57:35","slug":"combaten-aun-ocho-incendios-en-los-departamentos-de-beni-y-santa-cruz","status":"publish","type":"post","link":"https:\/\/www.eldiario.net\/portal\/2024\/07\/29\/combaten-aun-ocho-incendios-en-los-departamentos-de-beni-y-santa-cruz\/","title":{"rendered":"Combaten a\u00fan ocho incendios en los departamentos de Beni y Santa Cruz"},"content":{"rendered":"<p>En el departamento de Santa Cruz se combate a\u00fan ocho incendios que est\u00e1n bajo control, mientras que en Beni hay uno en desarrollo, de acuerdo con la m\u00e1s reciente evaluaci\u00f3n del Viceministerio de Defensa Civil.<br \/>\nEl titular de esa cartera de Estado, Juan Carlos Villamontes, inform\u00f3 que seis de los siniestros en el territorio cruce\u00f1o est\u00e1n ubicados en los municipios de San Mat\u00edas, Concepci\u00f3n, San Rafael, Puerto Su\u00e1rez, Robor\u00e9, San Jos\u00e9 de Chiquitos.<br \/>\nLa regi\u00f3n de San Javier se sum\u00f3 ayer a la lista de regiones con da\u00f1os, por lo que se les envi\u00f3 a efectivos de las Fuerzas Armadas para la sofocaci\u00f3n correspondiente, a\u00f1adi\u00f3.<br \/>\n\u201cAl parecer (all\u00e1) tienen un incendio en alg\u00fan lugar de su municipio. No nos ha especificado, pero estamos movilizando en este momento bomberos del Batall\u00f3n de Comunicaciones del Ej\u00e9rcito\u201d, complement\u00f3.<br \/>\nEn la regi\u00f3n de Concepci\u00f3n, agreg\u00f3, se tiene cuatro propiedades ganaderas con diverso nivel de afectaci\u00f3n por el fuego.<br \/>\nEn el caso de Beni, Calvimontes explic\u00f3 que se tiene un incendio en el municipio de Magdalena.<\/p>\n<p>SOFOCACI\u00d3N<br \/>\nEn el caso del siniestro de magnitud que se registra hace varios d\u00edas en el municipio cruce\u00f1o de Robor\u00e9, manifest\u00f3 que \u201cen esa regi\u00f3n s\u00f3lo hay un punto activo que se dirige hacia la serran\u00eda de Tucabaca y estimo que puede quedar sofocado en las pr\u00f3ximas horas\u201d.<br \/>\n\u201cEstamos esperando que ingrese a un lugar mucho m\u00e1s operable. En este momento, un helic\u00f3ptero debe estar ya trabajando (en la sofocaci\u00f3n)\u201d, asever\u00f3.<br \/>\nLa autoridad indic\u00f3 que la localidad de Robor\u00e9 y sus comunidades ind\u00edgenas no reportaron da\u00f1os y que se logr\u00f3 que una l\u00ednea f\u00e9rrea y una carretera bioce\u00e1nica que pasan por el lugar del incendio est\u00e9n expeditas.<br \/>\nCon referencia a la posibilidad de que el fuego llegue a un oleoducto, Calvimontes indic\u00f3 que se hizo un sobrevuelo por el recorrido de esa infraestructura y se descart\u00f3 que est\u00e9 en riesgo.<br \/>\nSeg\u00fan la autoridad, en los departamentos de Beni y Santa Cruz se tiene 310 bomberos movilizados de tres unidades del Ej\u00e9rcito, uno de las Fuerza A\u00e9rea y uno de la Armada Boliviana para sofocar los incendios.<\/p>\n<p>RESULTADOS<br \/>\nEl Viceministerio de Defensa Civil tiene contabilizados 25 incendios controlados en lo que va del a\u00f1o. El logro fue el resultado del despliegue de 1.383 bomberos forestales de 49 unidades militares, 36 operaciones de reconocimiento y dos carros cisternas.<br \/>\nEl municipio de Robor\u00e9 fue el m\u00e1s afectado con la p\u00e9rdida de m\u00e1s de 10.000 hect\u00e1reas forestales y decenas de animales silvestres muertos.<br \/>\nLas comunidades de San Lorenzo Nuevo, San Lorenzo Viejo y Naranjo tuvieron la mayor cantidad de da\u00f1os.<br \/>\nAdem\u00e1s, una densa humareda afect\u00f3 a los comunarios que reportaron la irritaci\u00f3n de los ojos y problemas en las v\u00edas respiratorias, por lo que desde la Alcald\u00eda de Robor\u00e9 se propuso iniciar la evacuaci\u00f3n de ni\u00f1os y adultos mayores de las tres comunidades.<br \/>\nSin embargo, los habitantes de cada una de las regiones \u201cse resisten\u201d y \u201cno quieren abandonar\u201d sus casas, argumentando que quieren quedarse para ayudar en la sofocaci\u00f3n de las llamas. Con esto, se les dot\u00f3 de barbijos, colirios y toallas con el fin de que mitiguen los embates del avance del fuego.<\/p>\n","protected":false},"excerpt":{"rendered":"<p>En el departamento de Santa Cruz se combate a\u00fan ocho incendios que est\u00e1n bajo control, mientras que en Beni hay uno en desarrollo, de acuerdo con la m\u00e1s reciente evaluaci\u00f3n del Viceministerio de Defensa Civil. El titular de esa cartera de Estado, Juan Carlos Villamontes, inform\u00f3 que seis de los siniestros en el territorio cruce\u00f1o [&hellip;]<\/p>\n","protected":false},"author":1,"featured_media":237119,"comment_status":"open","ping_status":"open","sticky":false,"template":"","format":"standard","meta":{"_acf_changed":false,"footnotes":""},"categories":[12],"tags":[],"class_list":["post-237118","post","type-post","status-publish","format-standard","has-post-thumbnail","category-nacional"],"acf":{"antetitulo":"Fuego afecta a haciendas ganaderas"},"yoast_head":"<!-- This site is optimized with the Yoast SEO plugin v28.3 - https:\/\/yoast.com\/product\/yoast-seo-wordpress\/ -->\n<title>Combaten a\u00fan ocho incendios en los departamentos de Beni y Santa Cruz - El Diario - Bolivia<\/title>\n<meta name=\"robots\" content=\"index, follow, max-snippet:-1, max-image-preview:large, max-video-preview:-1\" \/>\n<link rel=\"canonical\" href=\"https:\/\/www.eldiario.net\/portal\/2024\/07\/29\/combaten-aun-ocho-incendios-en-los-departamentos-de-beni-y-santa-cruz\/\" \/>\n<meta property=\"og:locale\" content=\"es_ES\" \/>\n<meta property=\"og:type\" content=\"article\" \/>\n<meta property=\"og:title\" content=\"Combaten a\u00fan ocho incendios en los departamentos de Beni y Santa Cruz - El Diario - Bolivia\" \/>\n<meta property=\"og:description\" content=\"En el departamento de Santa Cruz se combate a\u00fan ocho incendios que est\u00e1n bajo control, mientras que en Beni hay uno en desarrollo, de acuerdo con la m\u00e1s reciente evaluaci\u00f3n del Viceministerio de Defensa Civil. El titular de esa cartera de Estado, Juan Carlos Villamontes, inform\u00f3 que seis de los siniestros en el territorio cruce\u00f1o [&hellip;]\" \/>\n<meta property=\"og:url\" content=\"https:\/\/www.eldiario.net\/portal\/2024\/07\/29\/combaten-aun-ocho-incendios-en-los-departamentos-de-beni-y-santa-cruz\/\" \/>\n<meta property=\"og:site_name\" content=\"El Diario - Bolivia\" \/>\n<meta property=\"article:publisher\" content=\"https:\/\/www.facebook.com\/eldiario.bolivia\/\" \/>\n<meta property=\"article:published_time\" content=\"2024-07-29T09:57:35+00:00\" \/>\n<meta property=\"og:image\" content=\"https:\/\/www.eldiario.net\/portal\/wp-content\/uploads\/2024\/07\/INCENDIOS-STA-CRUZ.jpg\" \/>\n\t<meta property=\"og:image:width\" content=\"960\" \/>\n\t<meta property=\"og:image:height\" content=\"758\" \/>\n\t<meta property=\"og:image:type\" content=\"image\/jpeg\" \/>\n<meta name=\"author\" content=\"Jeanette\" \/>\n<meta name=\"twitter:card\" content=\"summary_large_image\" \/>\n<meta name=\"twitter:creator\" content=\"@eldiario_net\" \/>\n<meta name=\"twitter:site\" content=\"@eldiario_net\" \/>\n<meta name=\"twitter:label1\" content=\"Escrito por\" \/>\n\t<meta name=\"twitter:data1\" content=\"Jeanette\" \/>\n\t<meta name=\"twitter:label2\" content=\"Tiempo de lectura\" \/>\n\t<meta name=\"twitter:data2\" content=\"3 minutos\" \/>\n<script type=\"application\/ld+json\" class=\"yoast-schema-graph\">{\"@context\":\"https:\\\/\\\/schema.org\",\"@graph\":[{\"@type\":\"Article\",\"@id\":\"https:\\\/\\\/www.eldiario.net\\\/portal\\\/2024\\\/07\\\/29\\\/combaten-aun-ocho-incendios-en-los-departamentos-de-beni-y-santa-cruz\\\/#article\",\"isPartOf\":{\"@id\":\"https:\\\/\\\/www.eldiario.net\\\/portal\\\/2024\\\/07\\\/29\\\/combaten-aun-ocho-incendios-en-los-departamentos-de-beni-y-santa-cruz\\\/\"},\"author\":{\"name\":\"Jeanette\",\"@id\":\"https:\\\/\\\/www.eldiario.net\\\/portal\\\/#\\\/schema\\\/person\\\/f46445640444750d7d753ccd04ae01b7\"},\"headline\":\"Combaten a\u00fan ocho incendios en los departamentos de Beni y Santa Cruz\",\"datePublished\":\"2024-07-29T09:57:35+00:00\",\"mainEntityOfPage\":{\"@id\":\"https:\\\/\\\/www.eldiario.net\\\/portal\\\/2024\\\/07\\\/29\\\/combaten-aun-ocho-incendios-en-los-departamentos-de-beni-y-santa-cruz\\\/\"},\"wordCount\":580,\"commentCount\":0,\"publisher\":{\"@id\":\"https:\\\/\\\/www.eldiario.net\\\/portal\\\/#organization\"},\"image\":{\"@id\":\"https:\\\/\\\/www.eldiario.net\\\/portal\\\/2024\\\/07\\\/29\\\/combaten-aun-ocho-incendios-en-los-departamentos-de-beni-y-santa-cruz\\\/#primaryimage\"},\"thumbnailUrl\":\"https:\\\/\\\/www.eldiario.net\\\/portal\\\/wp-content\\\/uploads\\\/2024\\\/07\\\/INCENDIOS-STA-CRUZ.jpg\",\"articleSection\":[\"Nacional\"],\"inLanguage\":\"es\",\"potentialAction\":[{\"@type\":\"CommentAction\",\"name\":\"Comment\",\"target\":[\"https:\\\/\\\/www.eldiario.net\\\/portal\\\/2024\\\/07\\\/29\\\/combaten-aun-ocho-incendios-en-los-departamentos-de-beni-y-santa-cruz\\\/#respond\"]}]},{\"@type\":\"WebPage\",\"@id\":\"https:\\\/\\\/www.eldiario.net\\\/portal\\\/2024\\\/07\\\/29\\\/combaten-aun-ocho-incendios-en-los-departamentos-de-beni-y-santa-cruz\\\/\",\"url\":\"https:\\\/\\\/www.eldiario.net\\\/portal\\\/2024\\\/07\\\/29\\\/combaten-aun-ocho-incendios-en-los-departamentos-de-beni-y-santa-cruz\\\/\",\"name\":\"Combaten a\u00fan ocho incendios en los departamentos de Beni y Santa Cruz - El Diario - Bolivia\",\"isPartOf\":{\"@id\":\"https:\\\/\\\/www.eldiario.net\\\/portal\\\/#website\"},\"primaryImageOfPage\":{\"@id\":\"https:\\\/\\\/www.eldiario.net\\\/portal\\\/2024\\\/07\\\/29\\\/combaten-aun-ocho-incendios-en-los-departamentos-de-beni-y-santa-cruz\\\/#primaryimage\"},\"image\":{\"@id\":\"https:\\\/\\\/www.eldiario.net\\\/portal\\\/2024\\\/07\\\/29\\\/combaten-aun-ocho-incendios-en-los-departamentos-de-beni-y-santa-cruz\\\/#primaryimage\"},\"thumbnailUrl\":\"https:\\\/\\\/www.eldiario.net\\\/portal\\\/wp-content\\\/uploads\\\/2024\\\/07\\\/INCENDIOS-STA-CRUZ.jpg\",\"datePublished\":\"2024-07-29T09:57:35+00:00\",\"breadcrumb\":{\"@id\":\"https:\\\/\\\/www.eldiario.net\\\/portal\\\/2024\\\/07\\\/29\\\/combaten-aun-ocho-incendios-en-los-departamentos-de-beni-y-santa-cruz\\\/#breadcrumb\"},\"inLanguage\":\"es\",\"potentialAction\":[{\"@type\":\"ReadAction\",\"target\":[\"https:\\\/\\\/www.eldiario.net\\\/portal\\\/2024\\\/07\\\/29\\\/combaten-aun-ocho-incendios-en-los-departamentos-de-beni-y-santa-cruz\\\/\"]}]},{\"@type\":\"ImageObject\",\"inLanguage\":\"es\",\"@id\":\"https:\\\/\\\/www.eldiario.net\\\/portal\\\/2024\\\/07\\\/29\\\/combaten-aun-ocho-incendios-en-los-departamentos-de-beni-y-santa-cruz\\\/#primaryimage\",\"url\":\"https:\\\/\\\/www.eldiario.net\\\/portal\\\/wp-content\\\/uploads\\\/2024\\\/07\\\/INCENDIOS-STA-CRUZ.jpg\",\"contentUrl\":\"https:\\\/\\\/www.eldiario.net\\\/portal\\\/wp-content\\\/uploads\\\/2024\\\/07\\\/INCENDIOS-STA-CRUZ.jpg\",\"width\":960,\"height\":758,\"caption\":\"El combate contra los incendios contin\u00faa sin pausa en el oriente del pa\u00eds.\"},{\"@type\":\"BreadcrumbList\",\"@id\":\"https:\\\/\\\/www.eldiario.net\\\/portal\\\/2024\\\/07\\\/29\\\/combaten-aun-ocho-incendios-en-los-departamentos-de-beni-y-santa-cruz\\\/#breadcrumb\",\"itemListElement\":[{\"@type\":\"ListItem\",\"position\":1,\"name\":\"Portada\",\"item\":\"https:\\\/\\\/www.eldiario.net\\\/portal\\\/\"},{\"@type\":\"ListItem\",\"position\":2,\"name\":\"Combaten a\u00fan ocho incendios en los departamentos de Beni y Santa Cruz\"}]},{\"@type\":\"WebSite\",\"@id\":\"https:\\\/\\\/www.eldiario.net\\\/portal\\\/#website\",\"url\":\"https:\\\/\\\/www.eldiario.net\\\/portal\\\/\",\"name\":\"El Diario - Decano de la prensa nacional\",\"description\":\"El Diario - Decano de la prensa nacional\",\"publisher\":{\"@id\":\"https:\\\/\\\/www.eldiario.net\\\/portal\\\/#organization\"},\"potentialAction\":[{\"@type\":\"SearchAction\",\"target\":{\"@type\":\"EntryPoint\",\"urlTemplate\":\"https:\\\/\\\/www.eldiario.net\\\/portal\\\/?s={search_term_string}\"},\"query-input\":{\"@type\":\"PropertyValueSpecification\",\"valueRequired\":true,\"valueName\":\"search_term_string\"}}],\"inLanguage\":\"es\"},{\"@type\":\"Organization\",\"@id\":\"https:\\\/\\\/www.eldiario.net\\\/portal\\\/#organization\",\"name\":\"El Diario - Decano de la prensa nacional\",\"url\":\"https:\\\/\\\/www.eldiario.net\\\/portal\\\/\",\"logo\":{\"@type\":\"ImageObject\",\"inLanguage\":\"es\",\"@id\":\"https:\\\/\\\/www.eldiario.net\\\/portal\\\/#\\\/schema\\\/logo\\\/image\\\/\",\"url\":\"https:\\\/\\\/www.eldiario.net\\\/portal\\\/wp-content\\\/uploads\\\/2023\\\/07\\\/logo_ED.jpg\",\"contentUrl\":\"https:\\\/\\\/www.eldiario.net\\\/portal\\\/wp-content\\\/uploads\\\/2023\\\/07\\\/logo_ED.jpg\",\"width\":272,\"height\":52,\"caption\":\"El Diario - Decano de la prensa nacional\"},\"image\":{\"@id\":\"https:\\\/\\\/www.eldiario.net\\\/portal\\\/#\\\/schema\\\/logo\\\/image\\\/\"},\"sameAs\":[\"https:\\\/\\\/www.facebook.com\\\/eldiario.bolivia\\\/\",\"https:\\\/\\\/x.com\\\/eldiario_net\"]},{\"@type\":\"Person\",\"@id\":\"https:\\\/\\\/www.eldiario.net\\\/portal\\\/#\\\/schema\\\/person\\\/f46445640444750d7d753ccd04ae01b7\",\"name\":\"Jeanette\",\"image\":{\"@type\":\"ImageObject\",\"inLanguage\":\"es\",\"@id\":\"https:\\\/\\\/secure.gravatar.com\\\/avatar\\\/3ea2118a5f7dad2b7138b1187a6b7ee55f160b9968b66013c3a3ef39dd7e5798?s=96&d=mm&r=g\",\"url\":\"https:\\\/\\\/secure.gravatar.com\\\/avatar\\\/3ea2118a5f7dad2b7138b1187a6b7ee55f160b9968b66013c3a3ef39dd7e5798?s=96&d=mm&r=g\",\"contentUrl\":\"https:\\\/\\\/secure.gravatar.com\\\/avatar\\\/3ea2118a5f7dad2b7138b1187a6b7ee55f160b9968b66013c3a3ef39dd7e5798?s=96&d=mm&r=g\",\"caption\":\"Jeanette\"},\"sameAs\":[\"https:\\\/\\\/www.eldiario.net\\\/portal\"],\"url\":\"https:\\\/\\\/www.eldiario.net\\\/portal\\\/author\\\/jeanette\\\/\"}]}<\/script>\n<!-- \/ Yoast SEO plugin. -->","yoast_head_json":{"title":"Combaten a\u00fan ocho incendios en los departamentos de Beni y Santa Cruz - El Diario - Bolivia","robots":{"index":"index","follow":"follow","max-snippet":"max-snippet:-1","max-image-preview":"max-image-preview:large","max-video-preview":"max-video-preview:-1"},"canonical":"https:\/\/www.eldiario.net\/portal\/2024\/07\/29\/combaten-aun-ocho-incendios-en-los-departamentos-de-beni-y-santa-cruz\/","og_locale":"es_ES","og_type":"article","og_title":"Combaten a\u00fan ocho incendios en los departamentos de Beni y Santa Cruz - El Diario - Bolivia","og_description":"En el departamento de Santa Cruz se combate a\u00fan ocho incendios que est\u00e1n bajo control, mientras que en Beni hay uno en desarrollo, de acuerdo con la m\u00e1s reciente evaluaci\u00f3n del Viceministerio de Defensa Civil. El titular de esa cartera de Estado, Juan Carlos Villamontes, inform\u00f3 que seis de los siniestros en el territorio cruce\u00f1o [&hellip;]","og_url":"https:\/\/www.eldiario.net\/portal\/2024\/07\/29\/combaten-aun-ocho-incendios-en-los-departamentos-de-beni-y-santa-cruz\/","og_site_name":"El Diario - Bolivia","article_publisher":"https:\/\/www.facebook.com\/eldiario.bolivia\/","article_published_time":"2024-07-29T09:57:35+00:00","og_image":[{"width":960,"height":758,"url":"https:\/\/www.eldiario.net\/portal\/wp-content\/uploads\/2024\/07\/INCENDIOS-STA-CRUZ.jpg","type":"image\/jpeg"}],"author":"Jeanette","twitter_card":"summary_large_image","twitter_creator":"@eldiario_net","twitter_site":"@eldiario_net","twitter_misc":{"Escrito por":"Jeanette","Tiempo de lectura":"3 minutos"},"schema":{"@context":"https:\/\/schema.org","@graph":[{"@type":"Article","@id":"https:\/\/www.eldiario.net\/portal\/2024\/07\/29\/combaten-aun-ocho-incendios-en-los-departamentos-de-beni-y-santa-cruz\/#article","isPartOf":{"@id":"https:\/\/www.eldiario.net\/portal\/2024\/07\/29\/combaten-aun-ocho-incendios-en-los-departamentos-de-beni-y-santa-cruz\/"},"author":{"name":"Jeanette","@id":"https:\/\/www.eldiario.net\/portal\/#\/schema\/person\/f46445640444750d7d753ccd04ae01b7"},"headline":"Combaten a\u00fan ocho incendios en los departamentos de Beni y Santa Cruz","datePublished":"2024-07-29T09:57:35+00:00","mainEntityOfPage":{"@id":"https:\/\/www.eldiario.net\/portal\/2024\/07\/29\/combaten-aun-ocho-incendios-en-los-departamentos-de-beni-y-santa-cruz\/"},"wordCount":580,"commentCount":0,"publisher":{"@id":"https:\/\/www.eldiario.net\/portal\/#organization"},"image":{"@id":"https:\/\/www.eldiario.net\/portal\/2024\/07\/29\/combaten-aun-ocho-incendios-en-los-departamentos-de-beni-y-santa-cruz\/#primaryimage"},"thumbnailUrl":"https:\/\/www.eldiario.net\/portal\/wp-content\/uploads\/2024\/07\/INCENDIOS-STA-CRUZ.jpg","articleSection":["Nacional"],"inLanguage":"es","potentialAction":[{"@type":"CommentAction","name":"Comment","target":["https:\/\/www.eldiario.net\/portal\/2024\/07\/29\/combaten-aun-ocho-incendios-en-los-departamentos-de-beni-y-santa-cruz\/#respond"]}]},{"@type":"WebPage","@id":"https:\/\/www.eldiario.net\/portal\/2024\/07\/29\/combaten-aun-ocho-incendios-en-los-departamentos-de-beni-y-santa-cruz\/","url":"https:\/\/www.eldiario.net\/portal\/2024\/07\/29\/combaten-aun-ocho-incendios-en-los-departamentos-de-beni-y-santa-cruz\/","name":"Combaten a\u00fan ocho incendios en los departamentos de Beni y Santa Cruz - El Diario - Bolivia","isPartOf":{"@id":"https:\/\/www.eldiario.net\/portal\/#website"},"primaryImageOfPage":{"@id":"https:\/\/www.eldiario.net\/portal\/2024\/07\/29\/combaten-aun-ocho-incendios-en-los-departamentos-de-beni-y-santa-cruz\/#primaryimage"},"image":{"@id":"https:\/\/www.eldiario.net\/portal\/2024\/07\/29\/combaten-aun-ocho-incendios-en-los-departamentos-de-beni-y-santa-cruz\/#primaryimage"},"thumbnailUrl":"https:\/\/www.eldiario.net\/portal\/wp-content\/uploads\/2024\/07\/INCENDIOS-STA-CRUZ.jpg","datePublished":"2024-07-29T09:57:35+00:00","breadcrumb":{"@id":"https:\/\/www.eldiario.net\/portal\/2024\/07\/29\/combaten-aun-ocho-incendios-en-los-departamentos-de-beni-y-santa-cruz\/#breadcrumb"},"inLanguage":"es","potentialAction":[{"@type":"ReadAction","target":["https:\/\/www.eldiario.net\/portal\/2024\/07\/29\/combaten-aun-ocho-incendios-en-los-departamentos-de-beni-y-santa-cruz\/"]}]},{"@type":"ImageObject","inLanguage":"es","@id":"https:\/\/www.eldiario.net\/portal\/2024\/07\/29\/combaten-aun-ocho-incendios-en-los-departamentos-de-beni-y-santa-cruz\/#primaryimage","url":"https:\/\/www.eldiario.net\/portal\/wp-content\/uploads\/2024\/07\/INCENDIOS-STA-CRUZ.jpg","contentUrl":"https:\/\/www.eldiario.net\/portal\/wp-content\/uploads\/2024\/07\/INCENDIOS-STA-CRUZ.jpg","width":960,"height":758,"caption":"El combate contra los incendios contin\u00faa sin pausa en el oriente del pa\u00eds."},{"@type":"BreadcrumbList","@id":"https:\/\/www.eldiario.net\/portal\/2024\/07\/29\/combaten-aun-ocho-incendios-en-los-departamentos-de-beni-y-santa-cruz\/#breadcrumb","itemListElement":[{"@type":"ListItem","position":1,"name":"Portada","item":"https:\/\/www.eldiario.net\/portal\/"},{"@type":"ListItem","position":2,"name":"Combaten a\u00fan ocho incendios en los departamentos de Beni y Santa Cruz"}]},{"@type":"WebSite","@id":"https:\/\/www.eldiario.net\/portal\/#website","url":"https:\/\/www.eldiario.net\/portal\/","name":"El Diario - Decano de la prensa nacional","description":"El Diario - Decano de la prensa nacional","publisher":{"@id":"https:\/\/www.eldiario.net\/portal\/#organization"},"potentialAction":[{"@type":"SearchAction","target":{"@type":"EntryPoint","urlTemplate":"https:\/\/www.eldiario.net\/portal\/?s={search_term_string}"},"query-input":{"@type":"PropertyValueSpecification","valueRequired":true,"valueName":"search_term_string"}}],"inLanguage":"es"},{"@type":"Organization","@id":"https:\/\/www.eldiario.net\/portal\/#organization","name":"El Diario - Decano de la prensa nacional","url":"https:\/\/www.eldiario.net\/portal\/","logo":{"@type":"ImageObject","inLanguage":"es","@id":"https:\/\/www.eldiario.net\/portal\/#\/schema\/logo\/image\/","url":"https:\/\/www.eldiario.net\/portal\/wp-content\/uploads\/2023\/07\/logo_ED.jpg","contentUrl":"https:\/\/www.eldiario.net\/portal\/wp-content\/uploads\/2023\/07\/logo_ED.jpg","width":272,"height":52,"caption":"El Diario - Decano de la prensa nacional"},"image":{"@id":"https:\/\/www.eldiario.net\/portal\/#\/schema\/logo\/image\/"},"sameAs":["https:\/\/www.facebook.com\/eldiario.bolivia\/","https:\/\/x.com\/eldiario_net"]},{"@type":"Person","@id":"https:\/\/www.eldiario.net\/portal\/#\/schema\/person\/f46445640444750d7d753ccd04ae01b7","name":"Jeanette","image":{"@type":"ImageObject","inLanguage":"es","@id":"https:\/\/secure.gravatar.com\/avatar\/3ea2118a5f7dad2b7138b1187a6b7ee55f160b9968b66013c3a3ef39dd7e5798?s=96&d=mm&r=g","url":"https:\/\/secure.gravatar.com\/avatar\/3ea2118a5f7dad2b7138b1187a6b7ee55f160b9968b66013c3a3ef39dd7e5798?s=96&d=mm&r=g","contentUrl":"https:\/\/secure.gravatar.com\/avatar\/3ea2118a5f7dad2b7138b1187a6b7ee55f160b9968b66013c3a3ef39dd7e5798?s=96&d=mm&r=g","caption":"Jeanette"},"sameAs":["https:\/\/www.eldiario.net\/portal"],"url":"https:\/\/www.eldiario.net\/portal\/author\/jeanette\/"}]}},"_links":{"self":[{"href":"https:\/\/www.eldiario.net\/portal\/wp-json\/wp\/v2\/posts\/237118","targetHints":{"allow":["GET"]}}],"collection":[{"href":"https:\/\/www.eldiario.net\/portal\/wp-json\/wp\/v2\/posts"}],"about":[{"href":"https:\/\/www.eldiario.net\/portal\/wp-json\/wp\/v2\/types\/post"}],"author":[{"embeddable":true,"href":"https:\/\/www.eldiario.net\/portal\/wp-json\/wp\/v2\/users\/1"}],"replies":[{"embeddable":true,"href":"https:\/\/www.eldiario.net\/portal\/wp-json\/wp\/v2\/comments?post=237118"}],"version-history":[{"count":1,"href":"https:\/\/www.eldiario.net\/portal\/wp-json\/wp\/v2\/posts\/237118\/revisions"}],"predecessor-version":[{"id":237120,"href":"https:\/\/www.eldiario.net\/portal\/wp-json\/wp\/v2\/posts\/237118\/revisions\/237120"}],"wp:featuredmedia":[{"embeddable":true,"href":"https:\/\/www.eldiario.net\/portal\/wp-json\/wp\/v2\/media\/237119"}],"wp:attachment":[{"href":"https:\/\/www.eldiario.net\/portal\/wp-json\/wp\/v2\/media?parent=237118"}],"wp:term":[{"taxonomy":"category","embeddable":true,"href":"https:\/\/www.eldiario.net\/portal\/wp-json\/wp\/v2\/categories?post=237118"},{"taxonomy":"post_tag","embeddable":true,"href":"https:\/\/www.eldiario.net\/portal\/wp-json\/wp\/v2\/tags?post=237118"}],"curies":[{"name":"wp","href":"https:\/\/api.w.org\/{rel}","templated":true}]}}