{"id":237113,"date":"2024-07-29T05:56:09","date_gmt":"2024-07-29T09:56:09","guid":{"rendered":"https:\/\/www.eldiario.net\/portal\/?p=237113"},"modified":"2024-07-29T05:56:09","modified_gmt":"2024-07-29T09:56:09","slug":"fuego-destruye-500-has-de-vegetacion-y-arboles-en-el-municipio-de-pocona","status":"publish","type":"post","link":"https:\/\/www.eldiario.net\/portal\/2024\/07\/29\/fuego-destruye-500-has-de-vegetacion-y-arboles-en-el-municipio-de-pocona\/","title":{"rendered":"Fuego destruye 500 has de vegetaci\u00f3n  y \u00e1rboles en el municipio de Pocona"},"content":{"rendered":"<p>Al menos 500 hect\u00e1reas de vegetaci\u00f3n y \u00e1rboles quedaron destruidas por un incendio registrado en el municipio de Pocona del departamento de Cochabamba, seg\u00fan datos oficiales.<br \/>\nEl personal de la Unidad de Gesti\u00f3n de Riesgos y Atenci\u00f3n a Desastres de la Gobernaci\u00f3n de Cochabamba, del Servicio de B\u00fasqueda y Rescate de la Armada Boliviana y el SAR-FAB control\u00f3 el fuego.<br \/>\nEl jefe de la Unidad de Gesti\u00f3n de Riesgos (UGR) de la Gobernaci\u00f3n de Cochabamba, Ramiro L\u00f3pez, explic\u00f3 que el incendio comenz\u00f3 el mi\u00e9rcoles y fue sofocado hasta cerca de las 17:00 horas del s\u00e1bado de la pasada semana.<br \/>\nSeg\u00fan la informaci\u00f3n preliminar, el fuego del siniestro destruy\u00f3 pasto, \u00e1rboles, eucalyptus globulus, pinus radiata y kewi\u00f1as.<br \/>\nEl coordinador regional de Defensa Civil en Cochabamba, Samuel Pereira, mencion\u00f3 que el incendio afect\u00f3 tambi\u00e9n a las comunidades Chaqueli y Urupampa.<br \/>\nLos comunarios de Pocona informaron que se tuvo tambi\u00e9n diferentes niveles de da\u00f1os en las regiones de Chillijchi Norte, Yuraj Molina y Chiuchi. Asimismo, el fuego del siniestro se acerc\u00f3 tambi\u00e9n a una planta de YPFB.<\/p>\n","protected":false},"excerpt":{"rendered":"<p>Al menos 500 hect\u00e1reas de vegetaci\u00f3n y \u00e1rboles quedaron destruidas por un incendio registrado en el municipio de Pocona del departamento de Cochabamba, seg\u00fan datos oficiales. El personal de la Unidad de Gesti\u00f3n de Riesgos y Atenci\u00f3n a Desastres de la Gobernaci\u00f3n de Cochabamba, del Servicio de B\u00fasqueda y Rescate de la Armada Boliviana y [&hellip;]<\/p>\n","protected":false},"author":1,"featured_media":194726,"comment_status":"open","ping_status":"open","sticky":false,"template":"","format":"standard","meta":{"_acf_changed":false,"footnotes":""},"categories":[12],"tags":[],"class_list":["post-237113","post","type-post","status-publish","format-standard","has-post-thumbnail","category-nacional"],"acf":{"antetitulo":"Cochabamba"},"yoast_head":"<!-- This site is optimized with the Yoast SEO plugin v28.4 - https:\/\/yoast.com\/product\/yoast-seo-wordpress\/ -->\n<title>Fuego destruye 500 has de vegetaci\u00f3n y \u00e1rboles en el municipio de Pocona - El Diario - Bolivia<\/title>\n<meta name=\"robots\" content=\"index, follow, max-snippet:-1, max-image-preview:large, max-video-preview:-1\" \/>\n<link rel=\"canonical\" href=\"https:\/\/www.eldiario.net\/portal\/2024\/07\/29\/fuego-destruye-500-has-de-vegetacion-y-arboles-en-el-municipio-de-pocona\/\" \/>\n<meta property=\"og:locale\" content=\"es_ES\" \/>\n<meta property=\"og:type\" content=\"article\" \/>\n<meta property=\"og:title\" content=\"Fuego destruye 500 has de vegetaci\u00f3n y \u00e1rboles en el municipio de Pocona - El Diario - Bolivia\" \/>\n<meta property=\"og:description\" content=\"Al menos 500 hect\u00e1reas de vegetaci\u00f3n y \u00e1rboles quedaron destruidas por un incendio registrado en el municipio de Pocona del departamento de Cochabamba, seg\u00fan datos oficiales. El personal de la Unidad de Gesti\u00f3n de Riesgos y Atenci\u00f3n a Desastres de la Gobernaci\u00f3n de Cochabamba, del Servicio de B\u00fasqueda y Rescate de la Armada Boliviana y [&hellip;]\" \/>\n<meta property=\"og:url\" content=\"https:\/\/www.eldiario.net\/portal\/2024\/07\/29\/fuego-destruye-500-has-de-vegetacion-y-arboles-en-el-municipio-de-pocona\/\" \/>\n<meta property=\"og:site_name\" content=\"El Diario - Bolivia\" \/>\n<meta property=\"article:publisher\" content=\"https:\/\/www.facebook.com\/eldiario.bolivia\/\" \/>\n<meta property=\"article:published_time\" content=\"2024-07-29T09:56:09+00:00\" \/>\n<meta property=\"og:image\" content=\"https:\/\/www.eldiario.net\/portal\/wp-content\/uploads\/2023\/12\/Nacional.jpg\" \/>\n\t<meta property=\"og:image:width\" content=\"800\" \/>\n\t<meta property=\"og:image:height\" content=\"500\" \/>\n\t<meta property=\"og:image:type\" content=\"image\/jpeg\" \/>\n<meta name=\"author\" content=\"Jeanette\" \/>\n<meta name=\"twitter:card\" content=\"summary_large_image\" \/>\n<meta name=\"twitter:creator\" content=\"@eldiario_net\" \/>\n<meta name=\"twitter:site\" content=\"@eldiario_net\" \/>\n<meta name=\"twitter:label1\" content=\"Escrito por\" \/>\n\t<meta name=\"twitter:data1\" content=\"Jeanette\" \/>\n\t<meta name=\"twitter:label2\" content=\"Tiempo de lectura\" \/>\n\t<meta name=\"twitter:data2\" content=\"1 minuto\" \/>\n<script type=\"application\/ld+json\" class=\"yoast-schema-graph\">{\"@context\":\"https:\\\/\\\/schema.org\",\"@graph\":[{\"@type\":\"Article\",\"@id\":\"https:\\\/\\\/www.eldiario.net\\\/portal\\\/2024\\\/07\\\/29\\\/fuego-destruye-500-has-de-vegetacion-y-arboles-en-el-municipio-de-pocona\\\/#article\",\"isPartOf\":{\"@id\":\"https:\\\/\\\/www.eldiario.net\\\/portal\\\/2024\\\/07\\\/29\\\/fuego-destruye-500-has-de-vegetacion-y-arboles-en-el-municipio-de-pocona\\\/\"},\"author\":{\"name\":\"Jeanette\",\"@id\":\"https:\\\/\\\/www.eldiario.net\\\/portal\\\/#\\\/schema\\\/person\\\/f46445640444750d7d753ccd04ae01b7\"},\"headline\":\"Fuego destruye 500 has de vegetaci\u00f3n y \u00e1rboles en el municipio de Pocona\",\"datePublished\":\"2024-07-29T09:56:09+00:00\",\"mainEntityOfPage\":{\"@id\":\"https:\\\/\\\/www.eldiario.net\\\/portal\\\/2024\\\/07\\\/29\\\/fuego-destruye-500-has-de-vegetacion-y-arboles-en-el-municipio-de-pocona\\\/\"},\"wordCount\":204,\"commentCount\":0,\"publisher\":{\"@id\":\"https:\\\/\\\/www.eldiario.net\\\/portal\\\/#organization\"},\"image\":{\"@id\":\"https:\\\/\\\/www.eldiario.net\\\/portal\\\/2024\\\/07\\\/29\\\/fuego-destruye-500-has-de-vegetacion-y-arboles-en-el-municipio-de-pocona\\\/#primaryimage\"},\"thumbnailUrl\":\"https:\\\/\\\/www.eldiario.net\\\/portal\\\/wp-content\\\/uploads\\\/2023\\\/12\\\/Nacional.jpg\",\"articleSection\":[\"Nacional\"],\"inLanguage\":\"es\",\"potentialAction\":[{\"@type\":\"CommentAction\",\"name\":\"Comment\",\"target\":[\"https:\\\/\\\/www.eldiario.net\\\/portal\\\/2024\\\/07\\\/29\\\/fuego-destruye-500-has-de-vegetacion-y-arboles-en-el-municipio-de-pocona\\\/#respond\"]}]},{\"@type\":\"WebPage\",\"@id\":\"https:\\\/\\\/www.eldiario.net\\\/portal\\\/2024\\\/07\\\/29\\\/fuego-destruye-500-has-de-vegetacion-y-arboles-en-el-municipio-de-pocona\\\/\",\"url\":\"https:\\\/\\\/www.eldiario.net\\\/portal\\\/2024\\\/07\\\/29\\\/fuego-destruye-500-has-de-vegetacion-y-arboles-en-el-municipio-de-pocona\\\/\",\"name\":\"Fuego destruye 500 has de vegetaci\u00f3n y \u00e1rboles en el municipio de Pocona - El Diario - Bolivia\",\"isPartOf\":{\"@id\":\"https:\\\/\\\/www.eldiario.net\\\/portal\\\/#website\"},\"primaryImageOfPage\":{\"@id\":\"https:\\\/\\\/www.eldiario.net\\\/portal\\\/2024\\\/07\\\/29\\\/fuego-destruye-500-has-de-vegetacion-y-arboles-en-el-municipio-de-pocona\\\/#primaryimage\"},\"image\":{\"@id\":\"https:\\\/\\\/www.eldiario.net\\\/portal\\\/2024\\\/07\\\/29\\\/fuego-destruye-500-has-de-vegetacion-y-arboles-en-el-municipio-de-pocona\\\/#primaryimage\"},\"thumbnailUrl\":\"https:\\\/\\\/www.eldiario.net\\\/portal\\\/wp-content\\\/uploads\\\/2023\\\/12\\\/Nacional.jpg\",\"datePublished\":\"2024-07-29T09:56:09+00:00\",\"breadcrumb\":{\"@id\":\"https:\\\/\\\/www.eldiario.net\\\/portal\\\/2024\\\/07\\\/29\\\/fuego-destruye-500-has-de-vegetacion-y-arboles-en-el-municipio-de-pocona\\\/#breadcrumb\"},\"inLanguage\":\"es\",\"potentialAction\":[{\"@type\":\"ReadAction\",\"target\":[\"https:\\\/\\\/www.eldiario.net\\\/portal\\\/2024\\\/07\\\/29\\\/fuego-destruye-500-has-de-vegetacion-y-arboles-en-el-municipio-de-pocona\\\/\"]}]},{\"@type\":\"ImageObject\",\"inLanguage\":\"es\",\"@id\":\"https:\\\/\\\/www.eldiario.net\\\/portal\\\/2024\\\/07\\\/29\\\/fuego-destruye-500-has-de-vegetacion-y-arboles-en-el-municipio-de-pocona\\\/#primaryimage\",\"url\":\"https:\\\/\\\/www.eldiario.net\\\/portal\\\/wp-content\\\/uploads\\\/2023\\\/12\\\/Nacional.jpg\",\"contentUrl\":\"https:\\\/\\\/www.eldiario.net\\\/portal\\\/wp-content\\\/uploads\\\/2023\\\/12\\\/Nacional.jpg\",\"width\":800,\"height\":500},{\"@type\":\"BreadcrumbList\",\"@id\":\"https:\\\/\\\/www.eldiario.net\\\/portal\\\/2024\\\/07\\\/29\\\/fuego-destruye-500-has-de-vegetacion-y-arboles-en-el-municipio-de-pocona\\\/#breadcrumb\",\"itemListElement\":[{\"@type\":\"ListItem\",\"position\":1,\"name\":\"Portada\",\"item\":\"https:\\\/\\\/www.eldiario.net\\\/portal\\\/\"},{\"@type\":\"ListItem\",\"position\":2,\"name\":\"Fuego destruye 500 has de vegetaci\u00f3n y \u00e1rboles en el municipio de Pocona\"}]},{\"@type\":\"WebSite\",\"@id\":\"https:\\\/\\\/www.eldiario.net\\\/portal\\\/#website\",\"url\":\"https:\\\/\\\/www.eldiario.net\\\/portal\\\/\",\"name\":\"El Diario - Decano de la prensa nacional\",\"description\":\"El Diario - Decano de la prensa nacional\",\"publisher\":{\"@id\":\"https:\\\/\\\/www.eldiario.net\\\/portal\\\/#organization\"},\"potentialAction\":[{\"@type\":\"SearchAction\",\"target\":{\"@type\":\"EntryPoint\",\"urlTemplate\":\"https:\\\/\\\/www.eldiario.net\\\/portal\\\/?s={search_term_string}\"},\"query-input\":{\"@type\":\"PropertyValueSpecification\",\"valueRequired\":true,\"valueName\":\"search_term_string\"}}],\"inLanguage\":\"es\"},{\"@type\":\"Organization\",\"@id\":\"https:\\\/\\\/www.eldiario.net\\\/portal\\\/#organization\",\"name\":\"El Diario - Decano de la prensa nacional\",\"url\":\"https:\\\/\\\/www.eldiario.net\\\/portal\\\/\",\"logo\":{\"@type\":\"ImageObject\",\"inLanguage\":\"es\",\"@id\":\"https:\\\/\\\/www.eldiario.net\\\/portal\\\/#\\\/schema\\\/logo\\\/image\\\/\",\"url\":\"https:\\\/\\\/www.eldiario.net\\\/portal\\\/wp-content\\\/uploads\\\/2023\\\/07\\\/logo_ED.jpg\",\"contentUrl\":\"https:\\\/\\\/www.eldiario.net\\\/portal\\\/wp-content\\\/uploads\\\/2023\\\/07\\\/logo_ED.jpg\",\"width\":272,\"height\":52,\"caption\":\"El Diario - Decano de la prensa nacional\"},\"image\":{\"@id\":\"https:\\\/\\\/www.eldiario.net\\\/portal\\\/#\\\/schema\\\/logo\\\/image\\\/\"},\"sameAs\":[\"https:\\\/\\\/www.facebook.com\\\/eldiario.bolivia\\\/\",\"https:\\\/\\\/x.com\\\/eldiario_net\"]},{\"@type\":\"Person\",\"@id\":\"https:\\\/\\\/www.eldiario.net\\\/portal\\\/#\\\/schema\\\/person\\\/f46445640444750d7d753ccd04ae01b7\",\"name\":\"Jeanette\",\"image\":{\"@type\":\"ImageObject\",\"inLanguage\":\"es\",\"@id\":\"https:\\\/\\\/secure.gravatar.com\\\/avatar\\\/3ea2118a5f7dad2b7138b1187a6b7ee55f160b9968b66013c3a3ef39dd7e5798?s=96&d=mm&r=g\",\"url\":\"https:\\\/\\\/secure.gravatar.com\\\/avatar\\\/3ea2118a5f7dad2b7138b1187a6b7ee55f160b9968b66013c3a3ef39dd7e5798?s=96&d=mm&r=g\",\"contentUrl\":\"https:\\\/\\\/secure.gravatar.com\\\/avatar\\\/3ea2118a5f7dad2b7138b1187a6b7ee55f160b9968b66013c3a3ef39dd7e5798?s=96&d=mm&r=g\",\"caption\":\"Jeanette\"},\"sameAs\":[\"https:\\\/\\\/www.eldiario.net\\\/portal\"],\"url\":\"https:\\\/\\\/www.eldiario.net\\\/portal\\\/author\\\/jeanette\\\/\"}]}<\/script>\n<!-- \/ Yoast SEO plugin. -->","yoast_head_json":{"title":"Fuego destruye 500 has de vegetaci\u00f3n y \u00e1rboles en el municipio de Pocona - El Diario - Bolivia","robots":{"index":"index","follow":"follow","max-snippet":"max-snippet:-1","max-image-preview":"max-image-preview:large","max-video-preview":"max-video-preview:-1"},"canonical":"https:\/\/www.eldiario.net\/portal\/2024\/07\/29\/fuego-destruye-500-has-de-vegetacion-y-arboles-en-el-municipio-de-pocona\/","og_locale":"es_ES","og_type":"article","og_title":"Fuego destruye 500 has de vegetaci\u00f3n y \u00e1rboles en el municipio de Pocona - El Diario - Bolivia","og_description":"Al menos 500 hect\u00e1reas de vegetaci\u00f3n y \u00e1rboles quedaron destruidas por un incendio registrado en el municipio de Pocona del departamento de Cochabamba, seg\u00fan datos oficiales. El personal de la Unidad de Gesti\u00f3n de Riesgos y Atenci\u00f3n a Desastres de la Gobernaci\u00f3n de Cochabamba, del Servicio de B\u00fasqueda y Rescate de la Armada Boliviana y [&hellip;]","og_url":"https:\/\/www.eldiario.net\/portal\/2024\/07\/29\/fuego-destruye-500-has-de-vegetacion-y-arboles-en-el-municipio-de-pocona\/","og_site_name":"El Diario - Bolivia","article_publisher":"https:\/\/www.facebook.com\/eldiario.bolivia\/","article_published_time":"2024-07-29T09:56:09+00:00","og_image":[{"width":800,"height":500,"url":"https:\/\/www.eldiario.net\/portal\/wp-content\/uploads\/2023\/12\/Nacional.jpg","type":"image\/jpeg"}],"author":"Jeanette","twitter_card":"summary_large_image","twitter_creator":"@eldiario_net","twitter_site":"@eldiario_net","twitter_misc":{"Escrito por":"Jeanette","Tiempo de lectura":"1 minuto"},"schema":{"@context":"https:\/\/schema.org","@graph":[{"@type":"Article","@id":"https:\/\/www.eldiario.net\/portal\/2024\/07\/29\/fuego-destruye-500-has-de-vegetacion-y-arboles-en-el-municipio-de-pocona\/#article","isPartOf":{"@id":"https:\/\/www.eldiario.net\/portal\/2024\/07\/29\/fuego-destruye-500-has-de-vegetacion-y-arboles-en-el-municipio-de-pocona\/"},"author":{"name":"Jeanette","@id":"https:\/\/www.eldiario.net\/portal\/#\/schema\/person\/f46445640444750d7d753ccd04ae01b7"},"headline":"Fuego destruye 500 has de vegetaci\u00f3n y \u00e1rboles en el municipio de Pocona","datePublished":"2024-07-29T09:56:09+00:00","mainEntityOfPage":{"@id":"https:\/\/www.eldiario.net\/portal\/2024\/07\/29\/fuego-destruye-500-has-de-vegetacion-y-arboles-en-el-municipio-de-pocona\/"},"wordCount":204,"commentCount":0,"publisher":{"@id":"https:\/\/www.eldiario.net\/portal\/#organization"},"image":{"@id":"https:\/\/www.eldiario.net\/portal\/2024\/07\/29\/fuego-destruye-500-has-de-vegetacion-y-arboles-en-el-municipio-de-pocona\/#primaryimage"},"thumbnailUrl":"https:\/\/www.eldiario.net\/portal\/wp-content\/uploads\/2023\/12\/Nacional.jpg","articleSection":["Nacional"],"inLanguage":"es","potentialAction":[{"@type":"CommentAction","name":"Comment","target":["https:\/\/www.eldiario.net\/portal\/2024\/07\/29\/fuego-destruye-500-has-de-vegetacion-y-arboles-en-el-municipio-de-pocona\/#respond"]}]},{"@type":"WebPage","@id":"https:\/\/www.eldiario.net\/portal\/2024\/07\/29\/fuego-destruye-500-has-de-vegetacion-y-arboles-en-el-municipio-de-pocona\/","url":"https:\/\/www.eldiario.net\/portal\/2024\/07\/29\/fuego-destruye-500-has-de-vegetacion-y-arboles-en-el-municipio-de-pocona\/","name":"Fuego destruye 500 has de vegetaci\u00f3n y \u00e1rboles en el municipio de Pocona - El Diario - Bolivia","isPartOf":{"@id":"https:\/\/www.eldiario.net\/portal\/#website"},"primaryImageOfPage":{"@id":"https:\/\/www.eldiario.net\/portal\/2024\/07\/29\/fuego-destruye-500-has-de-vegetacion-y-arboles-en-el-municipio-de-pocona\/#primaryimage"},"image":{"@id":"https:\/\/www.eldiario.net\/portal\/2024\/07\/29\/fuego-destruye-500-has-de-vegetacion-y-arboles-en-el-municipio-de-pocona\/#primaryimage"},"thumbnailUrl":"https:\/\/www.eldiario.net\/portal\/wp-content\/uploads\/2023\/12\/Nacional.jpg","datePublished":"2024-07-29T09:56:09+00:00","breadcrumb":{"@id":"https:\/\/www.eldiario.net\/portal\/2024\/07\/29\/fuego-destruye-500-has-de-vegetacion-y-arboles-en-el-municipio-de-pocona\/#breadcrumb"},"inLanguage":"es","potentialAction":[{"@type":"ReadAction","target":["https:\/\/www.eldiario.net\/portal\/2024\/07\/29\/fuego-destruye-500-has-de-vegetacion-y-arboles-en-el-municipio-de-pocona\/"]}]},{"@type":"ImageObject","inLanguage":"es","@id":"https:\/\/www.eldiario.net\/portal\/2024\/07\/29\/fuego-destruye-500-has-de-vegetacion-y-arboles-en-el-municipio-de-pocona\/#primaryimage","url":"https:\/\/www.eldiario.net\/portal\/wp-content\/uploads\/2023\/12\/Nacional.jpg","contentUrl":"https:\/\/www.eldiario.net\/portal\/wp-content\/uploads\/2023\/12\/Nacional.jpg","width":800,"height":500},{"@type":"BreadcrumbList","@id":"https:\/\/www.eldiario.net\/portal\/2024\/07\/29\/fuego-destruye-500-has-de-vegetacion-y-arboles-en-el-municipio-de-pocona\/#breadcrumb","itemListElement":[{"@type":"ListItem","position":1,"name":"Portada","item":"https:\/\/www.eldiario.net\/portal\/"},{"@type":"ListItem","position":2,"name":"Fuego destruye 500 has de vegetaci\u00f3n y \u00e1rboles en el municipio de Pocona"}]},{"@type":"WebSite","@id":"https:\/\/www.eldiario.net\/portal\/#website","url":"https:\/\/www.eldiario.net\/portal\/","name":"El Diario - Decano de la prensa nacional","description":"El Diario - Decano de la prensa nacional","publisher":{"@id":"https:\/\/www.eldiario.net\/portal\/#organization"},"potentialAction":[{"@type":"SearchAction","target":{"@type":"EntryPoint","urlTemplate":"https:\/\/www.eldiario.net\/portal\/?s={search_term_string}"},"query-input":{"@type":"PropertyValueSpecification","valueRequired":true,"valueName":"search_term_string"}}],"inLanguage":"es"},{"@type":"Organization","@id":"https:\/\/www.eldiario.net\/portal\/#organization","name":"El Diario - Decano de la prensa nacional","url":"https:\/\/www.eldiario.net\/portal\/","logo":{"@type":"ImageObject","inLanguage":"es","@id":"https:\/\/www.eldiario.net\/portal\/#\/schema\/logo\/image\/","url":"https:\/\/www.eldiario.net\/portal\/wp-content\/uploads\/2023\/07\/logo_ED.jpg","contentUrl":"https:\/\/www.eldiario.net\/portal\/wp-content\/uploads\/2023\/07\/logo_ED.jpg","width":272,"height":52,"caption":"El Diario - Decano de la prensa nacional"},"image":{"@id":"https:\/\/www.eldiario.net\/portal\/#\/schema\/logo\/image\/"},"sameAs":["https:\/\/www.facebook.com\/eldiario.bolivia\/","https:\/\/x.com\/eldiario_net"]},{"@type":"Person","@id":"https:\/\/www.eldiario.net\/portal\/#\/schema\/person\/f46445640444750d7d753ccd04ae01b7","name":"Jeanette","image":{"@type":"ImageObject","inLanguage":"es","@id":"https:\/\/secure.gravatar.com\/avatar\/3ea2118a5f7dad2b7138b1187a6b7ee55f160b9968b66013c3a3ef39dd7e5798?s=96&d=mm&r=g","url":"https:\/\/secure.gravatar.com\/avatar\/3ea2118a5f7dad2b7138b1187a6b7ee55f160b9968b66013c3a3ef39dd7e5798?s=96&d=mm&r=g","contentUrl":"https:\/\/secure.gravatar.com\/avatar\/3ea2118a5f7dad2b7138b1187a6b7ee55f160b9968b66013c3a3ef39dd7e5798?s=96&d=mm&r=g","caption":"Jeanette"},"sameAs":["https:\/\/www.eldiario.net\/portal"],"url":"https:\/\/www.eldiario.net\/portal\/author\/jeanette\/"}]}},"_links":{"self":[{"href":"https:\/\/www.eldiario.net\/portal\/wp-json\/wp\/v2\/posts\/237113","targetHints":{"allow":["GET"]}}],"collection":[{"href":"https:\/\/www.eldiario.net\/portal\/wp-json\/wp\/v2\/posts"}],"about":[{"href":"https:\/\/www.eldiario.net\/portal\/wp-json\/wp\/v2\/types\/post"}],"author":[{"embeddable":true,"href":"https:\/\/www.eldiario.net\/portal\/wp-json\/wp\/v2\/users\/1"}],"replies":[{"embeddable":true,"href":"https:\/\/www.eldiario.net\/portal\/wp-json\/wp\/v2\/comments?post=237113"}],"version-history":[{"count":1,"href":"https:\/\/www.eldiario.net\/portal\/wp-json\/wp\/v2\/posts\/237113\/revisions"}],"predecessor-version":[{"id":237114,"href":"https:\/\/www.eldiario.net\/portal\/wp-json\/wp\/v2\/posts\/237113\/revisions\/237114"}],"wp:featuredmedia":[{"embeddable":true,"href":"https:\/\/www.eldiario.net\/portal\/wp-json\/wp\/v2\/media\/194726"}],"wp:attachment":[{"href":"https:\/\/www.eldiario.net\/portal\/wp-json\/wp\/v2\/media?parent=237113"}],"wp:term":[{"taxonomy":"category","embeddable":true,"href":"https:\/\/www.eldiario.net\/portal\/wp-json\/wp\/v2\/categories?post=237113"},{"taxonomy":"post_tag","embeddable":true,"href":"https:\/\/www.eldiario.net\/portal\/wp-json\/wp\/v2\/tags?post=237113"}],"curies":[{"name":"wp","href":"https:\/\/api.w.org\/{rel}","templated":true}]}}