{"id":237111,"date":"2024-07-29T05:55:23","date_gmt":"2024-07-29T09:55:23","guid":{"rendered":"https:\/\/www.eldiario.net\/portal\/?p=237111"},"modified":"2024-07-29T05:55:23","modified_gmt":"2024-07-29T09:55:23","slug":"escenario-diferente-mismos-actores","status":"publish","type":"post","link":"https:\/\/www.eldiario.net\/portal\/2024\/07\/29\/escenario-diferente-mismos-actores\/","title":{"rendered":"Escenario diferente, mismos actores"},"content":{"rendered":"<p>Hace cinco a\u00f1os, Bolivia viv\u00eda una intensa campa\u00f1a electoral entre el Movimiento al Socialismo y Comunidad Ciudadana (y otros partidos m\u00e1s de menor relevancia). Fue la campa\u00f1a electoral m\u00e1s larga de la historia de Bolivia, ya que el pa\u00eds se hab\u00eda electoralizado prematuramente en enero de 2019 (o tal vez incluso a fines de 2018) con motivo de las elecciones primarias. Las elecciones generales de octubre de 2019, como todos sabemos, resultaron fallidas por los sucesos que se registraron a partir del cese del conteo r\u00e1pido, as\u00ed que todo ello devino que, luego de las fiestas de fin de a\u00f1o, el ruedo proselitista entre los partidos se retomara inmediatamente, hasta las nuevas elecciones de octubre de 2020, en las que el MAS venci\u00f3 con el 56 por ciento de los votos. Fueron m\u00e1s de 20 meses, casi dos a\u00f1os, de una campa\u00f1a electoral re\u00f1ida, tensa y desgastante.<br \/>\nComo documenta la historiadora espa\u00f1ola Marta Irurozqui en su libro \u2018A bala, piedra y palo\u2019: La construcci\u00f3n de la ciudadan\u00eda pol\u00edtica en Bolivia, 1826-1952, la pr\u00e1ctica del fraude ha sido una constante en la historia electoral de Bolivia, algo as\u00ed como una cultura casi institucionalizada; pero no menos constante o habitual fue el impulso de desestabilizar gobiernos constitucionales o de dar golpes de Estado. El caso de 2019 es particular y, a mi modo de ver \u2014y como lo he dicho ya varias veces de manera p\u00fablica\u2014, extremadamente complicado de analizar. Objetivamente, hab\u00eda por un lado un gobierno autoritario y corrupto, cuya gesti\u00f3n desde 2014 pod\u00eda ser interpretada como inconstitucional, y por otro lado fuerzas liberal-conservadoras de cu\u00f1o republicano (entendido este \u00faltimo adjetivo como \u201cviejo r\u00e9gimen\u201d) que tampoco parec\u00edan ser muy propensas a entender o practicar una democracia moderna. El caso es que ambos grupos colisionaron, y unos trataron de dar a entender que se estaba dando un golpe de Estado y otros de convencer de que lo que estaba ocurriendo era una revoluci\u00f3n ciudadana, pero sin entender casi nadie que la l\u00ednea divisoria que hay entre lo que es un golpe y lo que es una revoluci\u00f3n, politol\u00f3gicamente hablando, es difusa o, mejor a\u00fan, que bien podr\u00edan haber ocurrido los dos fen\u00f3menos de manera simult\u00e1nea.<br \/>\nHoy el escenario es muy diferente: por un lado, los caudillos con mayores chances de ganar en aquel 2019 est\u00e1n ya m\u00e1s desgastados; por otro, el partido oficialista se ha fragmentado y, aunque en pol\u00edtica todo puede ocurrir, no parece tener esperanzas de reconciliaci\u00f3n. A todo ello, hay que a\u00f1adir la crisis econ\u00f3mica, que no estaba a la vista hace cinco a\u00f1os (al menos no para los legos en econom\u00eda), ya que la vaca de la bonanza malversada todav\u00eda daba de comer a todos. Lo que en la actualidad parece seguir intacto es el car\u00e1cter autoritario y conservador de la sociedad y los partidos. En este aspecto, no hubo ninguna transformaci\u00f3n, y esto se debe a que la educaci\u00f3n sigue siendo tradicional y provecta. El MAS, con decenas de casos de corrupci\u00f3n en sus espaldas, parece ya estar agotado, y los caudillos opositores (muchos de estos reciclados de viejos partidos del neoliberalismo de los a\u00f1os 90 y principios de los 2000) no parecen haber trabajado ni en partidos bien organizados ni en propuestas serias, integrales y de largo aliento en estos cinco a\u00f1os. En el \u00faltimo tiempo, se han articulado \u2014sobre todo en el oriente\u2014 grupos autodenominados liberales, que m\u00e1s parecen ser acad\u00e9micos que pol\u00edticos; por ende, no participar\u00e1n, al menos no por lo pronto, en pol\u00edtica.<br \/>\nAs\u00ed, se tiene un escenario muy diferente que el de 2019-2020, el cual sobre todo demanda una nueva pol\u00edtica econ\u00f3mica, una que permita crear empleos, reducir los impuestos y la llegada de la divisa estadounidense. Pero hasta el momento no existen nuevas personas que puedan entrar en acci\u00f3n (o los viejos caudillos no dejan que los nuevos los sustituyan) ni, lo que es peor, nuevas ideas o visiones de pa\u00eds. Este fen\u00f3meno es propio del caudillismo. Cuando se es caudillo, no se tiene inter\u00e9s en fomentar nuevos cuadros, nuevos liderazgos o nuevos horizontes ideol\u00f3gicos; lo que se quieres es ejercer el poder hasta que el f\u00edsico no d\u00e9 m\u00e1s. As\u00ed pas\u00f3 en el Siglo XIX configuras como Santa Cruz y en el XX con figuras como Saavedra, Paz Estenssoro o Banzer, entre muchas otras. Hace poco, Biden, m\u00e1s all\u00e1 de que guste o no como presidente o pol\u00edtico, dio un ejemplo de c\u00f3mo se puede quebrar la cultura del caudillismo, baj\u00e1ndose de la carrera electoral y proponiendo la figura de una nueva persona para que lo suceda. Pero se necesita madurez, inteligencia y desprendimiento para hacer eso, tres virtudes que escasean entre los pol\u00edticos bolivianos.<\/p>\n<p>Ignacio Vera de Rada es polit\u00f3logo y comunicador social.<\/p>\n","protected":false},"excerpt":{"rendered":"<p>Hace cinco a\u00f1os, Bolivia viv\u00eda una intensa campa\u00f1a electoral entre el Movimiento al Socialismo y Comunidad Ciudadana (y otros partidos m\u00e1s de menor relevancia). Fue la campa\u00f1a electoral m\u00e1s larga de la historia de Bolivia, ya que el pa\u00eds se hab\u00eda electoralizado prematuramente en enero de 2019 (o tal vez incluso a fines de 2018) [&hellip;]<\/p>\n","protected":false},"author":1,"featured_media":158964,"comment_status":"open","ping_status":"open","sticky":false,"template":"","format":"standard","meta":{"_acf_changed":false,"footnotes":""},"categories":[9],"tags":[],"class_list":["post-237111","post","type-post","status-publish","format-standard","has-post-thumbnail","category-opinion"],"acf":{"antetitulo":"La espada en la palabra"},"yoast_head":"<!-- This site is optimized with the Yoast SEO plugin v28.4 - https:\/\/yoast.com\/product\/yoast-seo-wordpress\/ -->\n<title>Escenario diferente, mismos actores - El Diario - Bolivia<\/title>\n<meta name=\"robots\" content=\"index, follow, max-snippet:-1, max-image-preview:large, max-video-preview:-1\" \/>\n<link rel=\"canonical\" href=\"https:\/\/www.eldiario.net\/portal\/2024\/07\/29\/escenario-diferente-mismos-actores\/\" \/>\n<meta property=\"og:locale\" content=\"es_ES\" \/>\n<meta property=\"og:type\" content=\"article\" \/>\n<meta property=\"og:title\" content=\"Escenario diferente, mismos actores - El Diario - Bolivia\" \/>\n<meta property=\"og:description\" content=\"Hace cinco a\u00f1os, Bolivia viv\u00eda una intensa campa\u00f1a electoral entre el Movimiento al Socialismo y Comunidad Ciudadana (y otros partidos m\u00e1s de menor relevancia). Fue la campa\u00f1a electoral m\u00e1s larga de la historia de Bolivia, ya que el pa\u00eds se hab\u00eda electoralizado prematuramente en enero de 2019 (o tal vez incluso a fines de 2018) [&hellip;]\" \/>\n<meta property=\"og:url\" content=\"https:\/\/www.eldiario.net\/portal\/2024\/07\/29\/escenario-diferente-mismos-actores\/\" \/>\n<meta property=\"og:site_name\" content=\"El Diario - Bolivia\" \/>\n<meta property=\"article:publisher\" content=\"https:\/\/www.facebook.com\/eldiario.bolivia\/\" \/>\n<meta property=\"article:published_time\" content=\"2024-07-29T09:55:23+00:00\" \/>\n<meta property=\"og:image\" content=\"https:\/\/www.eldiario.net\/portal\/wp-content\/uploads\/2023\/06\/Ignacio-Vera-de-Rada-1.jpg\" \/>\n\t<meta property=\"og:image:width\" content=\"1200\" \/>\n\t<meta property=\"og:image:height\" content=\"628\" \/>\n\t<meta property=\"og:image:type\" content=\"image\/jpeg\" \/>\n<meta name=\"author\" content=\"Jeanette\" \/>\n<meta name=\"twitter:card\" content=\"summary_large_image\" \/>\n<meta name=\"twitter:creator\" content=\"@eldiario_net\" \/>\n<meta name=\"twitter:site\" content=\"@eldiario_net\" \/>\n<meta name=\"twitter:label1\" content=\"Escrito por\" \/>\n\t<meta name=\"twitter:data1\" content=\"Jeanette\" \/>\n\t<meta name=\"twitter:label2\" content=\"Tiempo de lectura\" \/>\n\t<meta name=\"twitter:data2\" content=\"4 minutos\" \/>\n<script type=\"application\/ld+json\" class=\"yoast-schema-graph\">{\"@context\":\"https:\\\/\\\/schema.org\",\"@graph\":[{\"@type\":\"Article\",\"@id\":\"https:\\\/\\\/www.eldiario.net\\\/portal\\\/2024\\\/07\\\/29\\\/escenario-diferente-mismos-actores\\\/#article\",\"isPartOf\":{\"@id\":\"https:\\\/\\\/www.eldiario.net\\\/portal\\\/2024\\\/07\\\/29\\\/escenario-diferente-mismos-actores\\\/\"},\"author\":{\"name\":\"Jeanette\",\"@id\":\"https:\\\/\\\/www.eldiario.net\\\/portal\\\/#\\\/schema\\\/person\\\/f46445640444750d7d753ccd04ae01b7\"},\"headline\":\"Escenario diferente, mismos actores\",\"datePublished\":\"2024-07-29T09:55:23+00:00\",\"mainEntityOfPage\":{\"@id\":\"https:\\\/\\\/www.eldiario.net\\\/portal\\\/2024\\\/07\\\/29\\\/escenario-diferente-mismos-actores\\\/\"},\"wordCount\":846,\"commentCount\":0,\"publisher\":{\"@id\":\"https:\\\/\\\/www.eldiario.net\\\/portal\\\/#organization\"},\"image\":{\"@id\":\"https:\\\/\\\/www.eldiario.net\\\/portal\\\/2024\\\/07\\\/29\\\/escenario-diferente-mismos-actores\\\/#primaryimage\"},\"thumbnailUrl\":\"https:\\\/\\\/www.eldiario.net\\\/portal\\\/wp-content\\\/uploads\\\/2023\\\/06\\\/Ignacio-Vera-de-Rada-1.jpg\",\"articleSection\":[\"Opini\u00f3n\"],\"inLanguage\":\"es\",\"potentialAction\":[{\"@type\":\"CommentAction\",\"name\":\"Comment\",\"target\":[\"https:\\\/\\\/www.eldiario.net\\\/portal\\\/2024\\\/07\\\/29\\\/escenario-diferente-mismos-actores\\\/#respond\"]}]},{\"@type\":\"WebPage\",\"@id\":\"https:\\\/\\\/www.eldiario.net\\\/portal\\\/2024\\\/07\\\/29\\\/escenario-diferente-mismos-actores\\\/\",\"url\":\"https:\\\/\\\/www.eldiario.net\\\/portal\\\/2024\\\/07\\\/29\\\/escenario-diferente-mismos-actores\\\/\",\"name\":\"Escenario diferente, mismos actores - El Diario - Bolivia\",\"isPartOf\":{\"@id\":\"https:\\\/\\\/www.eldiario.net\\\/portal\\\/#website\"},\"primaryImageOfPage\":{\"@id\":\"https:\\\/\\\/www.eldiario.net\\\/portal\\\/2024\\\/07\\\/29\\\/escenario-diferente-mismos-actores\\\/#primaryimage\"},\"image\":{\"@id\":\"https:\\\/\\\/www.eldiario.net\\\/portal\\\/2024\\\/07\\\/29\\\/escenario-diferente-mismos-actores\\\/#primaryimage\"},\"thumbnailUrl\":\"https:\\\/\\\/www.eldiario.net\\\/portal\\\/wp-content\\\/uploads\\\/2023\\\/06\\\/Ignacio-Vera-de-Rada-1.jpg\",\"datePublished\":\"2024-07-29T09:55:23+00:00\",\"breadcrumb\":{\"@id\":\"https:\\\/\\\/www.eldiario.net\\\/portal\\\/2024\\\/07\\\/29\\\/escenario-diferente-mismos-actores\\\/#breadcrumb\"},\"inLanguage\":\"es\",\"potentialAction\":[{\"@type\":\"ReadAction\",\"target\":[\"https:\\\/\\\/www.eldiario.net\\\/portal\\\/2024\\\/07\\\/29\\\/escenario-diferente-mismos-actores\\\/\"]}]},{\"@type\":\"ImageObject\",\"inLanguage\":\"es\",\"@id\":\"https:\\\/\\\/www.eldiario.net\\\/portal\\\/2024\\\/07\\\/29\\\/escenario-diferente-mismos-actores\\\/#primaryimage\",\"url\":\"https:\\\/\\\/www.eldiario.net\\\/portal\\\/wp-content\\\/uploads\\\/2023\\\/06\\\/Ignacio-Vera-de-Rada-1.jpg\",\"contentUrl\":\"https:\\\/\\\/www.eldiario.net\\\/portal\\\/wp-content\\\/uploads\\\/2023\\\/06\\\/Ignacio-Vera-de-Rada-1.jpg\",\"width\":1200,\"height\":628,\"caption\":\"Ignacio Vera de Rada\"},{\"@type\":\"BreadcrumbList\",\"@id\":\"https:\\\/\\\/www.eldiario.net\\\/portal\\\/2024\\\/07\\\/29\\\/escenario-diferente-mismos-actores\\\/#breadcrumb\",\"itemListElement\":[{\"@type\":\"ListItem\",\"position\":1,\"name\":\"Portada\",\"item\":\"https:\\\/\\\/www.eldiario.net\\\/portal\\\/\"},{\"@type\":\"ListItem\",\"position\":2,\"name\":\"Escenario diferente, mismos actores\"}]},{\"@type\":\"WebSite\",\"@id\":\"https:\\\/\\\/www.eldiario.net\\\/portal\\\/#website\",\"url\":\"https:\\\/\\\/www.eldiario.net\\\/portal\\\/\",\"name\":\"El Diario - Decano de la prensa nacional\",\"description\":\"El Diario - Decano de la prensa nacional\",\"publisher\":{\"@id\":\"https:\\\/\\\/www.eldiario.net\\\/portal\\\/#organization\"},\"potentialAction\":[{\"@type\":\"SearchAction\",\"target\":{\"@type\":\"EntryPoint\",\"urlTemplate\":\"https:\\\/\\\/www.eldiario.net\\\/portal\\\/?s={search_term_string}\"},\"query-input\":{\"@type\":\"PropertyValueSpecification\",\"valueRequired\":true,\"valueName\":\"search_term_string\"}}],\"inLanguage\":\"es\"},{\"@type\":\"Organization\",\"@id\":\"https:\\\/\\\/www.eldiario.net\\\/portal\\\/#organization\",\"name\":\"El Diario - Decano de la prensa nacional\",\"url\":\"https:\\\/\\\/www.eldiario.net\\\/portal\\\/\",\"logo\":{\"@type\":\"ImageObject\",\"inLanguage\":\"es\",\"@id\":\"https:\\\/\\\/www.eldiario.net\\\/portal\\\/#\\\/schema\\\/logo\\\/image\\\/\",\"url\":\"https:\\\/\\\/www.eldiario.net\\\/portal\\\/wp-content\\\/uploads\\\/2023\\\/07\\\/logo_ED.jpg\",\"contentUrl\":\"https:\\\/\\\/www.eldiario.net\\\/portal\\\/wp-content\\\/uploads\\\/2023\\\/07\\\/logo_ED.jpg\",\"width\":272,\"height\":52,\"caption\":\"El Diario - Decano de la prensa nacional\"},\"image\":{\"@id\":\"https:\\\/\\\/www.eldiario.net\\\/portal\\\/#\\\/schema\\\/logo\\\/image\\\/\"},\"sameAs\":[\"https:\\\/\\\/www.facebook.com\\\/eldiario.bolivia\\\/\",\"https:\\\/\\\/x.com\\\/eldiario_net\"]},{\"@type\":\"Person\",\"@id\":\"https:\\\/\\\/www.eldiario.net\\\/portal\\\/#\\\/schema\\\/person\\\/f46445640444750d7d753ccd04ae01b7\",\"name\":\"Jeanette\",\"image\":{\"@type\":\"ImageObject\",\"inLanguage\":\"es\",\"@id\":\"https:\\\/\\\/secure.gravatar.com\\\/avatar\\\/3ea2118a5f7dad2b7138b1187a6b7ee55f160b9968b66013c3a3ef39dd7e5798?s=96&d=mm&r=g\",\"url\":\"https:\\\/\\\/secure.gravatar.com\\\/avatar\\\/3ea2118a5f7dad2b7138b1187a6b7ee55f160b9968b66013c3a3ef39dd7e5798?s=96&d=mm&r=g\",\"contentUrl\":\"https:\\\/\\\/secure.gravatar.com\\\/avatar\\\/3ea2118a5f7dad2b7138b1187a6b7ee55f160b9968b66013c3a3ef39dd7e5798?s=96&d=mm&r=g\",\"caption\":\"Jeanette\"},\"sameAs\":[\"https:\\\/\\\/www.eldiario.net\\\/portal\"],\"url\":\"https:\\\/\\\/www.eldiario.net\\\/portal\\\/author\\\/jeanette\\\/\"}]}<\/script>\n<!-- \/ Yoast SEO plugin. -->","yoast_head_json":{"title":"Escenario diferente, mismos actores - El Diario - Bolivia","robots":{"index":"index","follow":"follow","max-snippet":"max-snippet:-1","max-image-preview":"max-image-preview:large","max-video-preview":"max-video-preview:-1"},"canonical":"https:\/\/www.eldiario.net\/portal\/2024\/07\/29\/escenario-diferente-mismos-actores\/","og_locale":"es_ES","og_type":"article","og_title":"Escenario diferente, mismos actores - El Diario - Bolivia","og_description":"Hace cinco a\u00f1os, Bolivia viv\u00eda una intensa campa\u00f1a electoral entre el Movimiento al Socialismo y Comunidad Ciudadana (y otros partidos m\u00e1s de menor relevancia). Fue la campa\u00f1a electoral m\u00e1s larga de la historia de Bolivia, ya que el pa\u00eds se hab\u00eda electoralizado prematuramente en enero de 2019 (o tal vez incluso a fines de 2018) [&hellip;]","og_url":"https:\/\/www.eldiario.net\/portal\/2024\/07\/29\/escenario-diferente-mismos-actores\/","og_site_name":"El Diario - Bolivia","article_publisher":"https:\/\/www.facebook.com\/eldiario.bolivia\/","article_published_time":"2024-07-29T09:55:23+00:00","og_image":[{"width":1200,"height":628,"url":"https:\/\/www.eldiario.net\/portal\/wp-content\/uploads\/2023\/06\/Ignacio-Vera-de-Rada-1.jpg","type":"image\/jpeg"}],"author":"Jeanette","twitter_card":"summary_large_image","twitter_creator":"@eldiario_net","twitter_site":"@eldiario_net","twitter_misc":{"Escrito por":"Jeanette","Tiempo de lectura":"4 minutos"},"schema":{"@context":"https:\/\/schema.org","@graph":[{"@type":"Article","@id":"https:\/\/www.eldiario.net\/portal\/2024\/07\/29\/escenario-diferente-mismos-actores\/#article","isPartOf":{"@id":"https:\/\/www.eldiario.net\/portal\/2024\/07\/29\/escenario-diferente-mismos-actores\/"},"author":{"name":"Jeanette","@id":"https:\/\/www.eldiario.net\/portal\/#\/schema\/person\/f46445640444750d7d753ccd04ae01b7"},"headline":"Escenario diferente, mismos actores","datePublished":"2024-07-29T09:55:23+00:00","mainEntityOfPage":{"@id":"https:\/\/www.eldiario.net\/portal\/2024\/07\/29\/escenario-diferente-mismos-actores\/"},"wordCount":846,"commentCount":0,"publisher":{"@id":"https:\/\/www.eldiario.net\/portal\/#organization"},"image":{"@id":"https:\/\/www.eldiario.net\/portal\/2024\/07\/29\/escenario-diferente-mismos-actores\/#primaryimage"},"thumbnailUrl":"https:\/\/www.eldiario.net\/portal\/wp-content\/uploads\/2023\/06\/Ignacio-Vera-de-Rada-1.jpg","articleSection":["Opini\u00f3n"],"inLanguage":"es","potentialAction":[{"@type":"CommentAction","name":"Comment","target":["https:\/\/www.eldiario.net\/portal\/2024\/07\/29\/escenario-diferente-mismos-actores\/#respond"]}]},{"@type":"WebPage","@id":"https:\/\/www.eldiario.net\/portal\/2024\/07\/29\/escenario-diferente-mismos-actores\/","url":"https:\/\/www.eldiario.net\/portal\/2024\/07\/29\/escenario-diferente-mismos-actores\/","name":"Escenario diferente, mismos actores - El Diario - Bolivia","isPartOf":{"@id":"https:\/\/www.eldiario.net\/portal\/#website"},"primaryImageOfPage":{"@id":"https:\/\/www.eldiario.net\/portal\/2024\/07\/29\/escenario-diferente-mismos-actores\/#primaryimage"},"image":{"@id":"https:\/\/www.eldiario.net\/portal\/2024\/07\/29\/escenario-diferente-mismos-actores\/#primaryimage"},"thumbnailUrl":"https:\/\/www.eldiario.net\/portal\/wp-content\/uploads\/2023\/06\/Ignacio-Vera-de-Rada-1.jpg","datePublished":"2024-07-29T09:55:23+00:00","breadcrumb":{"@id":"https:\/\/www.eldiario.net\/portal\/2024\/07\/29\/escenario-diferente-mismos-actores\/#breadcrumb"},"inLanguage":"es","potentialAction":[{"@type":"ReadAction","target":["https:\/\/www.eldiario.net\/portal\/2024\/07\/29\/escenario-diferente-mismos-actores\/"]}]},{"@type":"ImageObject","inLanguage":"es","@id":"https:\/\/www.eldiario.net\/portal\/2024\/07\/29\/escenario-diferente-mismos-actores\/#primaryimage","url":"https:\/\/www.eldiario.net\/portal\/wp-content\/uploads\/2023\/06\/Ignacio-Vera-de-Rada-1.jpg","contentUrl":"https:\/\/www.eldiario.net\/portal\/wp-content\/uploads\/2023\/06\/Ignacio-Vera-de-Rada-1.jpg","width":1200,"height":628,"caption":"Ignacio Vera de Rada"},{"@type":"BreadcrumbList","@id":"https:\/\/www.eldiario.net\/portal\/2024\/07\/29\/escenario-diferente-mismos-actores\/#breadcrumb","itemListElement":[{"@type":"ListItem","position":1,"name":"Portada","item":"https:\/\/www.eldiario.net\/portal\/"},{"@type":"ListItem","position":2,"name":"Escenario diferente, mismos actores"}]},{"@type":"WebSite","@id":"https:\/\/www.eldiario.net\/portal\/#website","url":"https:\/\/www.eldiario.net\/portal\/","name":"El Diario - Decano de la prensa nacional","description":"El Diario - Decano de la prensa nacional","publisher":{"@id":"https:\/\/www.eldiario.net\/portal\/#organization"},"potentialAction":[{"@type":"SearchAction","target":{"@type":"EntryPoint","urlTemplate":"https:\/\/www.eldiario.net\/portal\/?s={search_term_string}"},"query-input":{"@type":"PropertyValueSpecification","valueRequired":true,"valueName":"search_term_string"}}],"inLanguage":"es"},{"@type":"Organization","@id":"https:\/\/www.eldiario.net\/portal\/#organization","name":"El Diario - Decano de la prensa nacional","url":"https:\/\/www.eldiario.net\/portal\/","logo":{"@type":"ImageObject","inLanguage":"es","@id":"https:\/\/www.eldiario.net\/portal\/#\/schema\/logo\/image\/","url":"https:\/\/www.eldiario.net\/portal\/wp-content\/uploads\/2023\/07\/logo_ED.jpg","contentUrl":"https:\/\/www.eldiario.net\/portal\/wp-content\/uploads\/2023\/07\/logo_ED.jpg","width":272,"height":52,"caption":"El Diario - Decano de la prensa nacional"},"image":{"@id":"https:\/\/www.eldiario.net\/portal\/#\/schema\/logo\/image\/"},"sameAs":["https:\/\/www.facebook.com\/eldiario.bolivia\/","https:\/\/x.com\/eldiario_net"]},{"@type":"Person","@id":"https:\/\/www.eldiario.net\/portal\/#\/schema\/person\/f46445640444750d7d753ccd04ae01b7","name":"Jeanette","image":{"@type":"ImageObject","inLanguage":"es","@id":"https:\/\/secure.gravatar.com\/avatar\/3ea2118a5f7dad2b7138b1187a6b7ee55f160b9968b66013c3a3ef39dd7e5798?s=96&d=mm&r=g","url":"https:\/\/secure.gravatar.com\/avatar\/3ea2118a5f7dad2b7138b1187a6b7ee55f160b9968b66013c3a3ef39dd7e5798?s=96&d=mm&r=g","contentUrl":"https:\/\/secure.gravatar.com\/avatar\/3ea2118a5f7dad2b7138b1187a6b7ee55f160b9968b66013c3a3ef39dd7e5798?s=96&d=mm&r=g","caption":"Jeanette"},"sameAs":["https:\/\/www.eldiario.net\/portal"],"url":"https:\/\/www.eldiario.net\/portal\/author\/jeanette\/"}]}},"_links":{"self":[{"href":"https:\/\/www.eldiario.net\/portal\/wp-json\/wp\/v2\/posts\/237111","targetHints":{"allow":["GET"]}}],"collection":[{"href":"https:\/\/www.eldiario.net\/portal\/wp-json\/wp\/v2\/posts"}],"about":[{"href":"https:\/\/www.eldiario.net\/portal\/wp-json\/wp\/v2\/types\/post"}],"author":[{"embeddable":true,"href":"https:\/\/www.eldiario.net\/portal\/wp-json\/wp\/v2\/users\/1"}],"replies":[{"embeddable":true,"href":"https:\/\/www.eldiario.net\/portal\/wp-json\/wp\/v2\/comments?post=237111"}],"version-history":[{"count":1,"href":"https:\/\/www.eldiario.net\/portal\/wp-json\/wp\/v2\/posts\/237111\/revisions"}],"predecessor-version":[{"id":237112,"href":"https:\/\/www.eldiario.net\/portal\/wp-json\/wp\/v2\/posts\/237111\/revisions\/237112"}],"wp:featuredmedia":[{"embeddable":true,"href":"https:\/\/www.eldiario.net\/portal\/wp-json\/wp\/v2\/media\/158964"}],"wp:attachment":[{"href":"https:\/\/www.eldiario.net\/portal\/wp-json\/wp\/v2\/media?parent=237111"}],"wp:term":[{"taxonomy":"category","embeddable":true,"href":"https:\/\/www.eldiario.net\/portal\/wp-json\/wp\/v2\/categories?post=237111"},{"taxonomy":"post_tag","embeddable":true,"href":"https:\/\/www.eldiario.net\/portal\/wp-json\/wp\/v2\/tags?post=237111"}],"curies":[{"name":"wp","href":"https:\/\/api.w.org\/{rel}","templated":true}]}}