{"id":237109,"date":"2024-07-29T05:54:50","date_gmt":"2024-07-29T09:54:50","guid":{"rendered":"https:\/\/www.eldiario.net\/portal\/?p=237109"},"modified":"2024-07-29T11:17:23","modified_gmt":"2024-07-29T15:17:23","slug":"mala-atencion-y-administracion-en-la-cns","status":"publish","type":"post","link":"https:\/\/www.eldiario.net\/portal\/2024\/07\/29\/mala-atencion-y-administracion-en-la-cns\/","title":{"rendered":"Mala atenci\u00f3n y administraci\u00f3n en la CNS"},"content":{"rendered":"<p>El servicio de atenci\u00f3n en la Caja Nacional de Salud (CNS) deja mucho que desear y el costo lo tienen que pagar los asegurados a este sistema. Desde la falta de medicamentos, por varios meses, pasado por la falta de un m\u00e9dico suplente para quien hace uso de sus vacaciones, y llegando a la necesidad de programar citas con m\u00e9dicos especialistas a tres o m\u00e1s meses de la fecha de transferencia.<br \/>\nCualquiera que vaya por alguno de los consultorios que tiene la CNS en la ciudad de La Paz, cualquier d\u00eda, podr\u00e1 escuchar los reclamos de los que necesitan de ir a los mismos por alg\u00fan problema.<br \/>\nHace por lo menos cuatro meses que en las farmacias de la CNS, como del consultorio 9 de Abril, no tienen Domperidona (comprimidos). La primera receta no despachada fue de principios de marzo, y la m\u00e1s reciente de principios de este mes. Un principio de coordinaci\u00f3n har\u00eda suponer que Farmacia podr\u00eda indicar a los m\u00e9dicos del consultorio que no receten este medicamento porque no lo tienen. Pero nadie informa a los m\u00e9dicos que no tienen en almacenes determinado medicamento.<br \/>\nLa insuficiencia de m\u00e9dicos especialistas es notoria. Los pacientes que reciben transferencias a alg\u00fan especialista deben esperar unos tres meses para ser atendidos. En un caso, el paciente hab\u00eda terminado sus ex\u00e1menes m\u00e9dicos por covid-19, cuando la neum\u00f3loga del 9 de Abril le dijo que pasados tres meses deb\u00eda pedir a la m\u00e9dica familiar, que le diera un traspaso al neum\u00f3logo para un examen final. Cuando hizo el pedido, la m\u00e9dica familiar dijo que no pod\u00eda atender el pedido, porque el 9 de Abril hace tiempo que no tiene neum\u00f3logo.<br \/>\nOtro problema es la necesaria suplencia para el m\u00e9dico que hace uso de su vacaci\u00f3n anual. En tal caso, recargan el trabajo a otros m\u00e9dicos, como los que atienen el servicio Prisa, o alg\u00fan consultorio pr\u00f3ximo. No contratan a un m\u00e9dico que pueda reemplazar al que est\u00e1 de vacaciones.<br \/>\nLos problemas de la CNS tienen larga data. A fines de mayo de 2019, la Defensor\u00eda del Pueblo recibi\u00f3 quejas de pacientes con c\u00e1ncer, sobre falencias en la atenci\u00f3n que reciben en el Centro Oncol\u00f3gico de la CNS, Regional de La Paz. La Defensora Nadia Cruz, inform\u00f3 que en abril, representantes de las personas enfermas con c\u00e1ncer presentaron queja sobre aspectos relacionados a la atenci\u00f3n del servicio de oncolog\u00eda, como la carencia de camas, retrasos en la compra de servicios de radioterapia y braquiterapia, falta de habilitaci\u00f3n de quir\u00f3fanos para cirug\u00edas, alimentaci\u00f3n que no responde a la dieta de los pacientes, falta de protocolos espec\u00edficos de atenci\u00f3n del c\u00e1ncer, dilaci\u00f3n en los reembolsos y denuncias de maltrato por parte del personal del centro m\u00e9dico.<br \/>\nA mediados de julio de 2022, en respuesta a la solicitud de la Defensor\u00eda del Pueblo de subsanar las deficiencias en los servicios de emergencias de siete hospitales obreros de la CNS, identificadas en una verificaci\u00f3n en abril pasado, la Autoridad de Supervisi\u00f3n de la Seguridad Social de Corto Plazo (Asuss) hizo una supervisi\u00f3n a estos centros de salud y confirm\u00f3 los hallazgos reportados por la entidad de derechos humanos.<br \/>\nEl Seguro de la Caja Nacional de Seguridad Social (CNSS) inici\u00f3 sus actividades en 1956 con la inauguraci\u00f3n de servicios m\u00e9dicos, tras la promulgaci\u00f3n del C\u00f3digo de Seguridad Social Boliviano, realizado el 14 de diciembre de ese mismo a\u00f1o.<br \/>\nA principios de 2001, autoridades de la CNS dijeron que comenzar\u00eda la construcci\u00f3n del \u201cHospital del Sur\u201d, con una inversi\u00f3n de algo m\u00e1s de 13 millones de d\u00f3lares, en predios ubicados entre las calles 15 y 16, de la Av. Costanera de Calacoto. Hasta ahora, nada pas\u00f3. Suponemos que no se lo construye por falta de recursos, pero el presupuesto de inversiones del 2022 de la CNS tuvo una ejecuci\u00f3n de solo un 32%. Esto muestra que no se trata de falta de recursos.<br \/>\nEn el documento de la Audiencia de Rendici\u00f3n de Cuentas Final, gesti\u00f3n 2022, la CNS inform\u00f3 que para ese a\u00f1o se aprob\u00f3 un presupuesto de inversi\u00f3n de 449.144.369,00 bolivianos y la ejecuci\u00f3n de ese presupuesto solo lleg\u00f3 a 144.712.975,20 bolivianos, el 32,22% de lo programado. Y el presupuesto total para ese a\u00f1o (tanto inversiones, como funcionamiento y Covid-19) llegaba a 6.102.681.98 9,00 bolivianos, la ejecuci\u00f3n presupuestaria a 4.167.854.417,25 de bolivianos, con un porcentaje de ejecuci\u00f3n del 68,30%.<br \/>\nAqu\u00ed nos preguntamos: \u00bfqu\u00e9 hace el Directorio de la CNS, presidido por el representante de la Federaci\u00f3n de Trabajadores Mineros de Bolivia? Su trabajo es fiscalizar.<\/p>\n<p>El autor es periodista.<\/p>\n","protected":false},"excerpt":{"rendered":"<p>El servicio de atenci\u00f3n en la Caja Nacional de Salud (CNS) deja mucho que desear y el costo lo tienen que pagar los asegurados a este sistema. Desde la falta de medicamentos, por varios meses, pasado por la falta de un m\u00e9dico suplente para quien hace uso de sus vacaciones, y llegando a la necesidad [&hellip;]<\/p>\n","protected":false},"author":1,"featured_media":194790,"comment_status":"open","ping_status":"open","sticky":false,"template":"","format":"standard","meta":{"_acf_changed":false,"footnotes":""},"categories":[9],"tags":[],"class_list":["post-237109","post","type-post","status-publish","format-standard","has-post-thumbnail","category-opinion"],"acf":{"antetitulo":""},"yoast_head":"<!-- This site is optimized with the Yoast SEO plugin v28.3 - https:\/\/yoast.com\/product\/yoast-seo-wordpress\/ -->\n<title>Mala atenci\u00f3n y administraci\u00f3n en la CNS - El Diario - Bolivia<\/title>\n<meta name=\"robots\" content=\"index, follow, max-snippet:-1, max-image-preview:large, max-video-preview:-1\" \/>\n<link rel=\"canonical\" href=\"https:\/\/www.eldiario.net\/portal\/2024\/07\/29\/mala-atencion-y-administracion-en-la-cns\/\" \/>\n<meta property=\"og:locale\" content=\"es_ES\" \/>\n<meta property=\"og:type\" content=\"article\" \/>\n<meta property=\"og:title\" content=\"Mala atenci\u00f3n y administraci\u00f3n en la CNS - El Diario - Bolivia\" \/>\n<meta property=\"og:description\" content=\"El servicio de atenci\u00f3n en la Caja Nacional de Salud (CNS) deja mucho que desear y el costo lo tienen que pagar los asegurados a este sistema. Desde la falta de medicamentos, por varios meses, pasado por la falta de un m\u00e9dico suplente para quien hace uso de sus vacaciones, y llegando a la necesidad [&hellip;]\" \/>\n<meta property=\"og:url\" content=\"https:\/\/www.eldiario.net\/portal\/2024\/07\/29\/mala-atencion-y-administracion-en-la-cns\/\" \/>\n<meta property=\"og:site_name\" content=\"El Diario - Bolivia\" \/>\n<meta property=\"article:publisher\" content=\"https:\/\/www.facebook.com\/eldiario.bolivia\/\" \/>\n<meta property=\"article:published_time\" content=\"2024-07-29T09:54:50+00:00\" \/>\n<meta property=\"article:modified_time\" content=\"2024-07-29T15:17:23+00:00\" \/>\n<meta property=\"og:image\" content=\"https:\/\/www.eldiario.net\/portal\/wp-content\/uploads\/2023\/12\/Opinion.jpg\" \/>\n\t<meta property=\"og:image:width\" content=\"800\" \/>\n\t<meta property=\"og:image:height\" content=\"500\" \/>\n\t<meta property=\"og:image:type\" content=\"image\/jpeg\" \/>\n<meta name=\"author\" content=\"Jeanette\" \/>\n<meta name=\"twitter:card\" content=\"summary_large_image\" \/>\n<meta name=\"twitter:creator\" content=\"@eldiario_net\" \/>\n<meta name=\"twitter:site\" content=\"@eldiario_net\" \/>\n<meta name=\"twitter:label1\" content=\"Escrito por\" \/>\n\t<meta name=\"twitter:data1\" content=\"Jeanette\" \/>\n\t<meta name=\"twitter:label2\" content=\"Tiempo de lectura\" \/>\n\t<meta name=\"twitter:data2\" content=\"4 minutos\" \/>\n<script type=\"application\/ld+json\" class=\"yoast-schema-graph\">{\"@context\":\"https:\\\/\\\/schema.org\",\"@graph\":[{\"@type\":\"Article\",\"@id\":\"https:\\\/\\\/www.eldiario.net\\\/portal\\\/2024\\\/07\\\/29\\\/mala-atencion-y-administracion-en-la-cns\\\/#article\",\"isPartOf\":{\"@id\":\"https:\\\/\\\/www.eldiario.net\\\/portal\\\/2024\\\/07\\\/29\\\/mala-atencion-y-administracion-en-la-cns\\\/\"},\"author\":{\"name\":\"Jeanette\",\"@id\":\"https:\\\/\\\/www.eldiario.net\\\/portal\\\/#\\\/schema\\\/person\\\/f46445640444750d7d753ccd04ae01b7\"},\"headline\":\"Mala atenci\u00f3n y administraci\u00f3n en la CNS\",\"datePublished\":\"2024-07-29T09:54:50+00:00\",\"dateModified\":\"2024-07-29T15:17:23+00:00\",\"mainEntityOfPage\":{\"@id\":\"https:\\\/\\\/www.eldiario.net\\\/portal\\\/2024\\\/07\\\/29\\\/mala-atencion-y-administracion-en-la-cns\\\/\"},\"wordCount\":807,\"commentCount\":0,\"publisher\":{\"@id\":\"https:\\\/\\\/www.eldiario.net\\\/portal\\\/#organization\"},\"image\":{\"@id\":\"https:\\\/\\\/www.eldiario.net\\\/portal\\\/2024\\\/07\\\/29\\\/mala-atencion-y-administracion-en-la-cns\\\/#primaryimage\"},\"thumbnailUrl\":\"https:\\\/\\\/www.eldiario.net\\\/portal\\\/wp-content\\\/uploads\\\/2023\\\/12\\\/Opinion.jpg\",\"articleSection\":[\"Opini\u00f3n\"],\"inLanguage\":\"es\",\"potentialAction\":[{\"@type\":\"CommentAction\",\"name\":\"Comment\",\"target\":[\"https:\\\/\\\/www.eldiario.net\\\/portal\\\/2024\\\/07\\\/29\\\/mala-atencion-y-administracion-en-la-cns\\\/#respond\"]}]},{\"@type\":\"WebPage\",\"@id\":\"https:\\\/\\\/www.eldiario.net\\\/portal\\\/2024\\\/07\\\/29\\\/mala-atencion-y-administracion-en-la-cns\\\/\",\"url\":\"https:\\\/\\\/www.eldiario.net\\\/portal\\\/2024\\\/07\\\/29\\\/mala-atencion-y-administracion-en-la-cns\\\/\",\"name\":\"Mala atenci\u00f3n y administraci\u00f3n en la CNS - El Diario - Bolivia\",\"isPartOf\":{\"@id\":\"https:\\\/\\\/www.eldiario.net\\\/portal\\\/#website\"},\"primaryImageOfPage\":{\"@id\":\"https:\\\/\\\/www.eldiario.net\\\/portal\\\/2024\\\/07\\\/29\\\/mala-atencion-y-administracion-en-la-cns\\\/#primaryimage\"},\"image\":{\"@id\":\"https:\\\/\\\/www.eldiario.net\\\/portal\\\/2024\\\/07\\\/29\\\/mala-atencion-y-administracion-en-la-cns\\\/#primaryimage\"},\"thumbnailUrl\":\"https:\\\/\\\/www.eldiario.net\\\/portal\\\/wp-content\\\/uploads\\\/2023\\\/12\\\/Opinion.jpg\",\"datePublished\":\"2024-07-29T09:54:50+00:00\",\"dateModified\":\"2024-07-29T15:17:23+00:00\",\"breadcrumb\":{\"@id\":\"https:\\\/\\\/www.eldiario.net\\\/portal\\\/2024\\\/07\\\/29\\\/mala-atencion-y-administracion-en-la-cns\\\/#breadcrumb\"},\"inLanguage\":\"es\",\"potentialAction\":[{\"@type\":\"ReadAction\",\"target\":[\"https:\\\/\\\/www.eldiario.net\\\/portal\\\/2024\\\/07\\\/29\\\/mala-atencion-y-administracion-en-la-cns\\\/\"]}]},{\"@type\":\"ImageObject\",\"inLanguage\":\"es\",\"@id\":\"https:\\\/\\\/www.eldiario.net\\\/portal\\\/2024\\\/07\\\/29\\\/mala-atencion-y-administracion-en-la-cns\\\/#primaryimage\",\"url\":\"https:\\\/\\\/www.eldiario.net\\\/portal\\\/wp-content\\\/uploads\\\/2023\\\/12\\\/Opinion.jpg\",\"contentUrl\":\"https:\\\/\\\/www.eldiario.net\\\/portal\\\/wp-content\\\/uploads\\\/2023\\\/12\\\/Opinion.jpg\",\"width\":800,\"height\":500},{\"@type\":\"BreadcrumbList\",\"@id\":\"https:\\\/\\\/www.eldiario.net\\\/portal\\\/2024\\\/07\\\/29\\\/mala-atencion-y-administracion-en-la-cns\\\/#breadcrumb\",\"itemListElement\":[{\"@type\":\"ListItem\",\"position\":1,\"name\":\"Portada\",\"item\":\"https:\\\/\\\/www.eldiario.net\\\/portal\\\/\"},{\"@type\":\"ListItem\",\"position\":2,\"name\":\"Mala atenci\u00f3n y administraci\u00f3n en la CNS\"}]},{\"@type\":\"WebSite\",\"@id\":\"https:\\\/\\\/www.eldiario.net\\\/portal\\\/#website\",\"url\":\"https:\\\/\\\/www.eldiario.net\\\/portal\\\/\",\"name\":\"El Diario - Decano de la prensa nacional\",\"description\":\"El Diario - Decano de la prensa nacional\",\"publisher\":{\"@id\":\"https:\\\/\\\/www.eldiario.net\\\/portal\\\/#organization\"},\"potentialAction\":[{\"@type\":\"SearchAction\",\"target\":{\"@type\":\"EntryPoint\",\"urlTemplate\":\"https:\\\/\\\/www.eldiario.net\\\/portal\\\/?s={search_term_string}\"},\"query-input\":{\"@type\":\"PropertyValueSpecification\",\"valueRequired\":true,\"valueName\":\"search_term_string\"}}],\"inLanguage\":\"es\"},{\"@type\":\"Organization\",\"@id\":\"https:\\\/\\\/www.eldiario.net\\\/portal\\\/#organization\",\"name\":\"El Diario - Decano de la prensa nacional\",\"url\":\"https:\\\/\\\/www.eldiario.net\\\/portal\\\/\",\"logo\":{\"@type\":\"ImageObject\",\"inLanguage\":\"es\",\"@id\":\"https:\\\/\\\/www.eldiario.net\\\/portal\\\/#\\\/schema\\\/logo\\\/image\\\/\",\"url\":\"https:\\\/\\\/www.eldiario.net\\\/portal\\\/wp-content\\\/uploads\\\/2023\\\/07\\\/logo_ED.jpg\",\"contentUrl\":\"https:\\\/\\\/www.eldiario.net\\\/portal\\\/wp-content\\\/uploads\\\/2023\\\/07\\\/logo_ED.jpg\",\"width\":272,\"height\":52,\"caption\":\"El Diario - Decano de la prensa nacional\"},\"image\":{\"@id\":\"https:\\\/\\\/www.eldiario.net\\\/portal\\\/#\\\/schema\\\/logo\\\/image\\\/\"},\"sameAs\":[\"https:\\\/\\\/www.facebook.com\\\/eldiario.bolivia\\\/\",\"https:\\\/\\\/x.com\\\/eldiario_net\"]},{\"@type\":\"Person\",\"@id\":\"https:\\\/\\\/www.eldiario.net\\\/portal\\\/#\\\/schema\\\/person\\\/f46445640444750d7d753ccd04ae01b7\",\"name\":\"Jeanette\",\"image\":{\"@type\":\"ImageObject\",\"inLanguage\":\"es\",\"@id\":\"https:\\\/\\\/secure.gravatar.com\\\/avatar\\\/3ea2118a5f7dad2b7138b1187a6b7ee55f160b9968b66013c3a3ef39dd7e5798?s=96&d=mm&r=g\",\"url\":\"https:\\\/\\\/secure.gravatar.com\\\/avatar\\\/3ea2118a5f7dad2b7138b1187a6b7ee55f160b9968b66013c3a3ef39dd7e5798?s=96&d=mm&r=g\",\"contentUrl\":\"https:\\\/\\\/secure.gravatar.com\\\/avatar\\\/3ea2118a5f7dad2b7138b1187a6b7ee55f160b9968b66013c3a3ef39dd7e5798?s=96&d=mm&r=g\",\"caption\":\"Jeanette\"},\"sameAs\":[\"https:\\\/\\\/www.eldiario.net\\\/portal\"],\"url\":\"https:\\\/\\\/www.eldiario.net\\\/portal\\\/author\\\/jeanette\\\/\"}]}<\/script>\n<!-- \/ Yoast SEO plugin. -->","yoast_head_json":{"title":"Mala atenci\u00f3n y administraci\u00f3n en la CNS - El Diario - Bolivia","robots":{"index":"index","follow":"follow","max-snippet":"max-snippet:-1","max-image-preview":"max-image-preview:large","max-video-preview":"max-video-preview:-1"},"canonical":"https:\/\/www.eldiario.net\/portal\/2024\/07\/29\/mala-atencion-y-administracion-en-la-cns\/","og_locale":"es_ES","og_type":"article","og_title":"Mala atenci\u00f3n y administraci\u00f3n en la CNS - El Diario - Bolivia","og_description":"El servicio de atenci\u00f3n en la Caja Nacional de Salud (CNS) deja mucho que desear y el costo lo tienen que pagar los asegurados a este sistema. Desde la falta de medicamentos, por varios meses, pasado por la falta de un m\u00e9dico suplente para quien hace uso de sus vacaciones, y llegando a la necesidad [&hellip;]","og_url":"https:\/\/www.eldiario.net\/portal\/2024\/07\/29\/mala-atencion-y-administracion-en-la-cns\/","og_site_name":"El Diario - Bolivia","article_publisher":"https:\/\/www.facebook.com\/eldiario.bolivia\/","article_published_time":"2024-07-29T09:54:50+00:00","article_modified_time":"2024-07-29T15:17:23+00:00","og_image":[{"width":800,"height":500,"url":"https:\/\/www.eldiario.net\/portal\/wp-content\/uploads\/2023\/12\/Opinion.jpg","type":"image\/jpeg"}],"author":"Jeanette","twitter_card":"summary_large_image","twitter_creator":"@eldiario_net","twitter_site":"@eldiario_net","twitter_misc":{"Escrito por":"Jeanette","Tiempo de lectura":"4 minutos"},"schema":{"@context":"https:\/\/schema.org","@graph":[{"@type":"Article","@id":"https:\/\/www.eldiario.net\/portal\/2024\/07\/29\/mala-atencion-y-administracion-en-la-cns\/#article","isPartOf":{"@id":"https:\/\/www.eldiario.net\/portal\/2024\/07\/29\/mala-atencion-y-administracion-en-la-cns\/"},"author":{"name":"Jeanette","@id":"https:\/\/www.eldiario.net\/portal\/#\/schema\/person\/f46445640444750d7d753ccd04ae01b7"},"headline":"Mala atenci\u00f3n y administraci\u00f3n en la CNS","datePublished":"2024-07-29T09:54:50+00:00","dateModified":"2024-07-29T15:17:23+00:00","mainEntityOfPage":{"@id":"https:\/\/www.eldiario.net\/portal\/2024\/07\/29\/mala-atencion-y-administracion-en-la-cns\/"},"wordCount":807,"commentCount":0,"publisher":{"@id":"https:\/\/www.eldiario.net\/portal\/#organization"},"image":{"@id":"https:\/\/www.eldiario.net\/portal\/2024\/07\/29\/mala-atencion-y-administracion-en-la-cns\/#primaryimage"},"thumbnailUrl":"https:\/\/www.eldiario.net\/portal\/wp-content\/uploads\/2023\/12\/Opinion.jpg","articleSection":["Opini\u00f3n"],"inLanguage":"es","potentialAction":[{"@type":"CommentAction","name":"Comment","target":["https:\/\/www.eldiario.net\/portal\/2024\/07\/29\/mala-atencion-y-administracion-en-la-cns\/#respond"]}]},{"@type":"WebPage","@id":"https:\/\/www.eldiario.net\/portal\/2024\/07\/29\/mala-atencion-y-administracion-en-la-cns\/","url":"https:\/\/www.eldiario.net\/portal\/2024\/07\/29\/mala-atencion-y-administracion-en-la-cns\/","name":"Mala atenci\u00f3n y administraci\u00f3n en la CNS - El Diario - Bolivia","isPartOf":{"@id":"https:\/\/www.eldiario.net\/portal\/#website"},"primaryImageOfPage":{"@id":"https:\/\/www.eldiario.net\/portal\/2024\/07\/29\/mala-atencion-y-administracion-en-la-cns\/#primaryimage"},"image":{"@id":"https:\/\/www.eldiario.net\/portal\/2024\/07\/29\/mala-atencion-y-administracion-en-la-cns\/#primaryimage"},"thumbnailUrl":"https:\/\/www.eldiario.net\/portal\/wp-content\/uploads\/2023\/12\/Opinion.jpg","datePublished":"2024-07-29T09:54:50+00:00","dateModified":"2024-07-29T15:17:23+00:00","breadcrumb":{"@id":"https:\/\/www.eldiario.net\/portal\/2024\/07\/29\/mala-atencion-y-administracion-en-la-cns\/#breadcrumb"},"inLanguage":"es","potentialAction":[{"@type":"ReadAction","target":["https:\/\/www.eldiario.net\/portal\/2024\/07\/29\/mala-atencion-y-administracion-en-la-cns\/"]}]},{"@type":"ImageObject","inLanguage":"es","@id":"https:\/\/www.eldiario.net\/portal\/2024\/07\/29\/mala-atencion-y-administracion-en-la-cns\/#primaryimage","url":"https:\/\/www.eldiario.net\/portal\/wp-content\/uploads\/2023\/12\/Opinion.jpg","contentUrl":"https:\/\/www.eldiario.net\/portal\/wp-content\/uploads\/2023\/12\/Opinion.jpg","width":800,"height":500},{"@type":"BreadcrumbList","@id":"https:\/\/www.eldiario.net\/portal\/2024\/07\/29\/mala-atencion-y-administracion-en-la-cns\/#breadcrumb","itemListElement":[{"@type":"ListItem","position":1,"name":"Portada","item":"https:\/\/www.eldiario.net\/portal\/"},{"@type":"ListItem","position":2,"name":"Mala atenci\u00f3n y administraci\u00f3n en la CNS"}]},{"@type":"WebSite","@id":"https:\/\/www.eldiario.net\/portal\/#website","url":"https:\/\/www.eldiario.net\/portal\/","name":"El Diario - Decano de la prensa nacional","description":"El Diario - Decano de la prensa nacional","publisher":{"@id":"https:\/\/www.eldiario.net\/portal\/#organization"},"potentialAction":[{"@type":"SearchAction","target":{"@type":"EntryPoint","urlTemplate":"https:\/\/www.eldiario.net\/portal\/?s={search_term_string}"},"query-input":{"@type":"PropertyValueSpecification","valueRequired":true,"valueName":"search_term_string"}}],"inLanguage":"es"},{"@type":"Organization","@id":"https:\/\/www.eldiario.net\/portal\/#organization","name":"El Diario - Decano de la prensa nacional","url":"https:\/\/www.eldiario.net\/portal\/","logo":{"@type":"ImageObject","inLanguage":"es","@id":"https:\/\/www.eldiario.net\/portal\/#\/schema\/logo\/image\/","url":"https:\/\/www.eldiario.net\/portal\/wp-content\/uploads\/2023\/07\/logo_ED.jpg","contentUrl":"https:\/\/www.eldiario.net\/portal\/wp-content\/uploads\/2023\/07\/logo_ED.jpg","width":272,"height":52,"caption":"El Diario - Decano de la prensa nacional"},"image":{"@id":"https:\/\/www.eldiario.net\/portal\/#\/schema\/logo\/image\/"},"sameAs":["https:\/\/www.facebook.com\/eldiario.bolivia\/","https:\/\/x.com\/eldiario_net"]},{"@type":"Person","@id":"https:\/\/www.eldiario.net\/portal\/#\/schema\/person\/f46445640444750d7d753ccd04ae01b7","name":"Jeanette","image":{"@type":"ImageObject","inLanguage":"es","@id":"https:\/\/secure.gravatar.com\/avatar\/3ea2118a5f7dad2b7138b1187a6b7ee55f160b9968b66013c3a3ef39dd7e5798?s=96&d=mm&r=g","url":"https:\/\/secure.gravatar.com\/avatar\/3ea2118a5f7dad2b7138b1187a6b7ee55f160b9968b66013c3a3ef39dd7e5798?s=96&d=mm&r=g","contentUrl":"https:\/\/secure.gravatar.com\/avatar\/3ea2118a5f7dad2b7138b1187a6b7ee55f160b9968b66013c3a3ef39dd7e5798?s=96&d=mm&r=g","caption":"Jeanette"},"sameAs":["https:\/\/www.eldiario.net\/portal"],"url":"https:\/\/www.eldiario.net\/portal\/author\/jeanette\/"}]}},"_links":{"self":[{"href":"https:\/\/www.eldiario.net\/portal\/wp-json\/wp\/v2\/posts\/237109","targetHints":{"allow":["GET"]}}],"collection":[{"href":"https:\/\/www.eldiario.net\/portal\/wp-json\/wp\/v2\/posts"}],"about":[{"href":"https:\/\/www.eldiario.net\/portal\/wp-json\/wp\/v2\/types\/post"}],"author":[{"embeddable":true,"href":"https:\/\/www.eldiario.net\/portal\/wp-json\/wp\/v2\/users\/1"}],"replies":[{"embeddable":true,"href":"https:\/\/www.eldiario.net\/portal\/wp-json\/wp\/v2\/comments?post=237109"}],"version-history":[{"count":1,"href":"https:\/\/www.eldiario.net\/portal\/wp-json\/wp\/v2\/posts\/237109\/revisions"}],"predecessor-version":[{"id":237110,"href":"https:\/\/www.eldiario.net\/portal\/wp-json\/wp\/v2\/posts\/237109\/revisions\/237110"}],"wp:featuredmedia":[{"embeddable":true,"href":"https:\/\/www.eldiario.net\/portal\/wp-json\/wp\/v2\/media\/194790"}],"wp:attachment":[{"href":"https:\/\/www.eldiario.net\/portal\/wp-json\/wp\/v2\/media?parent=237109"}],"wp:term":[{"taxonomy":"category","embeddable":true,"href":"https:\/\/www.eldiario.net\/portal\/wp-json\/wp\/v2\/categories?post=237109"},{"taxonomy":"post_tag","embeddable":true,"href":"https:\/\/www.eldiario.net\/portal\/wp-json\/wp\/v2\/tags?post=237109"}],"curies":[{"name":"wp","href":"https:\/\/api.w.org\/{rel}","templated":true}]}}