{"id":237107,"date":"2024-07-29T05:54:28","date_gmt":"2024-07-29T09:54:28","guid":{"rendered":"https:\/\/www.eldiario.net\/portal\/?p=237107"},"modified":"2024-07-29T05:54:28","modified_gmt":"2024-07-29T09:54:28","slug":"el-estilo-de-dios-expresion-a-imitar","status":"publish","type":"post","link":"https:\/\/www.eldiario.net\/portal\/2024\/07\/29\/el-estilo-de-dios-expresion-a-imitar\/","title":{"rendered":"El estilo de Dios; expresi\u00f3n a imitar"},"content":{"rendered":"<p>Su actitud es de sumar pulsos y pausas a golpe de coraz\u00f3n pr\u00f3ximo, de compasi\u00f3n con pasi\u00f3n m\u00edstica y de ternura a trav\u00e9s de la visi\u00f3n del alma. Por ello, hemos de hacer de la vida un don, jam\u00e1s una posesi\u00f3n, un desgaste y una entrega total, reproduciendo el amor que \u00c9l tiene por nosotros: de amarnos sin medida, con un resplandor que no se oculta y que ilumina las noches oscuras, con el rostro tan alegre, como sereno y sonriente.<\/p>\n<p>I.- LA GNOSIS DE LA VERDAD DE DIOS<br \/>\nEl hecho de que la fe, ejercita la aceptaci\u00f3n de lo que uno es, nos lleva a conjugar el esp\u00edritu; reencontr\u00e1ndonos para ampliar, una correlaci\u00f3n entre an\u00e1logos.<br \/>\nLa evidencia vive en nosotros, s\u00f3lo hay que amarse de verdad, entrar en raz\u00f3n y salir de aqu\u00ed, despojarse de mundo y elevarse, con la gran sinfon\u00eda del retorno.<br \/>\nRegresar al Padre es revivirse, volver a revolverse contra uno, observarse en la contemplativa, para poder eclipsar la mentira, y alumbrar nuestros interiores.<\/p>\n<p>II.- DIOS, \u00daNICA ESPERANZA DEL JUSTO<br \/>\nEl ritmo del mundo me agota, me incomodan sus ejecuciones, me molestan sus explotaciones; s\u00f3lo en Dios encuentro reposo, porque de \u00c9l viene la entereza. La marea de terrores me carga, el mar de violencias me hunde, y las olas corruptas me ahogan; con Jes\u00fas me repongo el alma, y con el sol de la mente, revivo.<br \/>\nAl renacer a los pies de la cruz, se extingue la llama del pecado; el Se\u00f1or es la fuente de gracia, el apego pleno para orientarse, la calma que nos colma de luz.<br \/>\nIII.- LA PRESENCIA DE DIOS<br \/>\nCOMO POETA<br \/>\nCristo nos cautiva y nos cultiva, nos prende al verso cada aurora, nos labora de amanecer a diario, nos injerta la inspiraci\u00f3n del ser, pues su ser es nuestro ser con \u00c9l.<br \/>\nNos reagrupa y agrupa cada d\u00eda, nos busca y rebusca por doquier, nos requiere y nos quiere n\u00edveos, que la pureza todo lo tranquiliza, conciliando y reconciliando ojos.<br \/>\nEn la mirada mansa est\u00e1 el aire, el h\u00e1lito divino que precisamos, la ternura de la pr\u00e1ctica cercan\u00eda, el ahogo del acoso de aqu\u00ed abajo, y el desahogo del soplo m\u00edstico.<\/p>\n<p>corcoba@telefonica.net<\/p>\n","protected":false},"excerpt":{"rendered":"<p>Su actitud es de sumar pulsos y pausas a golpe de coraz\u00f3n pr\u00f3ximo, de compasi\u00f3n con pasi\u00f3n m\u00edstica y de ternura a trav\u00e9s de la visi\u00f3n del alma. Por ello, hemos de hacer de la vida un don, jam\u00e1s una posesi\u00f3n, un desgaste y una entrega total, reproduciendo el amor que \u00c9l tiene por nosotros: [&hellip;]<\/p>\n","protected":false},"author":1,"featured_media":158260,"comment_status":"open","ping_status":"open","sticky":false,"template":"","format":"standard","meta":{"_acf_changed":false,"footnotes":""},"categories":[9],"tags":[],"class_list":["post-237107","post","type-post","status-publish","format-standard","has-post-thumbnail","category-opinion"],"acf":{"antetitulo":"Compartiendo di\u00e1logos conmigo mismo"},"yoast_head":"<!-- This site is optimized with the Yoast SEO plugin v28.3 - https:\/\/yoast.com\/product\/yoast-seo-wordpress\/ -->\n<title>El estilo de Dios; expresi\u00f3n a imitar - El Diario - Bolivia<\/title>\n<meta name=\"robots\" content=\"index, follow, max-snippet:-1, max-image-preview:large, max-video-preview:-1\" \/>\n<link rel=\"canonical\" href=\"https:\/\/www.eldiario.net\/portal\/2024\/07\/29\/el-estilo-de-dios-expresion-a-imitar\/\" \/>\n<meta property=\"og:locale\" content=\"es_ES\" \/>\n<meta property=\"og:type\" content=\"article\" \/>\n<meta property=\"og:title\" content=\"El estilo de Dios; expresi\u00f3n a imitar - El Diario - Bolivia\" \/>\n<meta property=\"og:description\" content=\"Su actitud es de sumar pulsos y pausas a golpe de coraz\u00f3n pr\u00f3ximo, de compasi\u00f3n con pasi\u00f3n m\u00edstica y de ternura a trav\u00e9s de la visi\u00f3n del alma. Por ello, hemos de hacer de la vida un don, jam\u00e1s una posesi\u00f3n, un desgaste y una entrega total, reproduciendo el amor que \u00c9l tiene por nosotros: [&hellip;]\" \/>\n<meta property=\"og:url\" content=\"https:\/\/www.eldiario.net\/portal\/2024\/07\/29\/el-estilo-de-dios-expresion-a-imitar\/\" \/>\n<meta property=\"og:site_name\" content=\"El Diario - Bolivia\" \/>\n<meta property=\"article:publisher\" content=\"https:\/\/www.facebook.com\/eldiario.bolivia\/\" \/>\n<meta property=\"article:published_time\" content=\"2024-07-29T09:54:28+00:00\" \/>\n<meta property=\"og:image\" content=\"https:\/\/www.eldiario.net\/portal\/wp-content\/uploads\/2023\/06\/Victor-Corcoba-Herrero-1.jpg\" \/>\n\t<meta property=\"og:image:width\" content=\"1200\" \/>\n\t<meta property=\"og:image:height\" content=\"628\" \/>\n\t<meta property=\"og:image:type\" content=\"image\/jpeg\" \/>\n<meta name=\"author\" content=\"Jeanette\" \/>\n<meta name=\"twitter:card\" content=\"summary_large_image\" \/>\n<meta name=\"twitter:creator\" content=\"@eldiario_net\" \/>\n<meta name=\"twitter:site\" content=\"@eldiario_net\" \/>\n<meta name=\"twitter:label1\" content=\"Escrito por\" \/>\n\t<meta name=\"twitter:data1\" content=\"Jeanette\" \/>\n\t<meta name=\"twitter:label2\" content=\"Tiempo de lectura\" \/>\n\t<meta name=\"twitter:data2\" content=\"2 minutos\" \/>\n<script type=\"application\/ld+json\" class=\"yoast-schema-graph\">{\"@context\":\"https:\\\/\\\/schema.org\",\"@graph\":[{\"@type\":\"Article\",\"@id\":\"https:\\\/\\\/www.eldiario.net\\\/portal\\\/2024\\\/07\\\/29\\\/el-estilo-de-dios-expresion-a-imitar\\\/#article\",\"isPartOf\":{\"@id\":\"https:\\\/\\\/www.eldiario.net\\\/portal\\\/2024\\\/07\\\/29\\\/el-estilo-de-dios-expresion-a-imitar\\\/\"},\"author\":{\"name\":\"Jeanette\",\"@id\":\"https:\\\/\\\/www.eldiario.net\\\/portal\\\/#\\\/schema\\\/person\\\/f46445640444750d7d753ccd04ae01b7\"},\"headline\":\"El estilo de Dios; expresi\u00f3n a imitar\",\"datePublished\":\"2024-07-29T09:54:28+00:00\",\"mainEntityOfPage\":{\"@id\":\"https:\\\/\\\/www.eldiario.net\\\/portal\\\/2024\\\/07\\\/29\\\/el-estilo-de-dios-expresion-a-imitar\\\/\"},\"wordCount\":403,\"commentCount\":0,\"publisher\":{\"@id\":\"https:\\\/\\\/www.eldiario.net\\\/portal\\\/#organization\"},\"image\":{\"@id\":\"https:\\\/\\\/www.eldiario.net\\\/portal\\\/2024\\\/07\\\/29\\\/el-estilo-de-dios-expresion-a-imitar\\\/#primaryimage\"},\"thumbnailUrl\":\"https:\\\/\\\/www.eldiario.net\\\/portal\\\/wp-content\\\/uploads\\\/2023\\\/06\\\/Victor-Corcoba-Herrero-1.jpg\",\"articleSection\":[\"Opini\u00f3n\"],\"inLanguage\":\"es\",\"potentialAction\":[{\"@type\":\"CommentAction\",\"name\":\"Comment\",\"target\":[\"https:\\\/\\\/www.eldiario.net\\\/portal\\\/2024\\\/07\\\/29\\\/el-estilo-de-dios-expresion-a-imitar\\\/#respond\"]}]},{\"@type\":\"WebPage\",\"@id\":\"https:\\\/\\\/www.eldiario.net\\\/portal\\\/2024\\\/07\\\/29\\\/el-estilo-de-dios-expresion-a-imitar\\\/\",\"url\":\"https:\\\/\\\/www.eldiario.net\\\/portal\\\/2024\\\/07\\\/29\\\/el-estilo-de-dios-expresion-a-imitar\\\/\",\"name\":\"El estilo de Dios; expresi\u00f3n a imitar - El Diario - Bolivia\",\"isPartOf\":{\"@id\":\"https:\\\/\\\/www.eldiario.net\\\/portal\\\/#website\"},\"primaryImageOfPage\":{\"@id\":\"https:\\\/\\\/www.eldiario.net\\\/portal\\\/2024\\\/07\\\/29\\\/el-estilo-de-dios-expresion-a-imitar\\\/#primaryimage\"},\"image\":{\"@id\":\"https:\\\/\\\/www.eldiario.net\\\/portal\\\/2024\\\/07\\\/29\\\/el-estilo-de-dios-expresion-a-imitar\\\/#primaryimage\"},\"thumbnailUrl\":\"https:\\\/\\\/www.eldiario.net\\\/portal\\\/wp-content\\\/uploads\\\/2023\\\/06\\\/Victor-Corcoba-Herrero-1.jpg\",\"datePublished\":\"2024-07-29T09:54:28+00:00\",\"breadcrumb\":{\"@id\":\"https:\\\/\\\/www.eldiario.net\\\/portal\\\/2024\\\/07\\\/29\\\/el-estilo-de-dios-expresion-a-imitar\\\/#breadcrumb\"},\"inLanguage\":\"es\",\"potentialAction\":[{\"@type\":\"ReadAction\",\"target\":[\"https:\\\/\\\/www.eldiario.net\\\/portal\\\/2024\\\/07\\\/29\\\/el-estilo-de-dios-expresion-a-imitar\\\/\"]}]},{\"@type\":\"ImageObject\",\"inLanguage\":\"es\",\"@id\":\"https:\\\/\\\/www.eldiario.net\\\/portal\\\/2024\\\/07\\\/29\\\/el-estilo-de-dios-expresion-a-imitar\\\/#primaryimage\",\"url\":\"https:\\\/\\\/www.eldiario.net\\\/portal\\\/wp-content\\\/uploads\\\/2023\\\/06\\\/Victor-Corcoba-Herrero-1.jpg\",\"contentUrl\":\"https:\\\/\\\/www.eldiario.net\\\/portal\\\/wp-content\\\/uploads\\\/2023\\\/06\\\/Victor-Corcoba-Herrero-1.jpg\",\"width\":1200,\"height\":628,\"caption\":\"V\u00edctor Corcoba Herrero\"},{\"@type\":\"BreadcrumbList\",\"@id\":\"https:\\\/\\\/www.eldiario.net\\\/portal\\\/2024\\\/07\\\/29\\\/el-estilo-de-dios-expresion-a-imitar\\\/#breadcrumb\",\"itemListElement\":[{\"@type\":\"ListItem\",\"position\":1,\"name\":\"Portada\",\"item\":\"https:\\\/\\\/www.eldiario.net\\\/portal\\\/\"},{\"@type\":\"ListItem\",\"position\":2,\"name\":\"El estilo de Dios; expresi\u00f3n a imitar\"}]},{\"@type\":\"WebSite\",\"@id\":\"https:\\\/\\\/www.eldiario.net\\\/portal\\\/#website\",\"url\":\"https:\\\/\\\/www.eldiario.net\\\/portal\\\/\",\"name\":\"El Diario - Decano de la prensa nacional\",\"description\":\"El Diario - Decano de la prensa nacional\",\"publisher\":{\"@id\":\"https:\\\/\\\/www.eldiario.net\\\/portal\\\/#organization\"},\"potentialAction\":[{\"@type\":\"SearchAction\",\"target\":{\"@type\":\"EntryPoint\",\"urlTemplate\":\"https:\\\/\\\/www.eldiario.net\\\/portal\\\/?s={search_term_string}\"},\"query-input\":{\"@type\":\"PropertyValueSpecification\",\"valueRequired\":true,\"valueName\":\"search_term_string\"}}],\"inLanguage\":\"es\"},{\"@type\":\"Organization\",\"@id\":\"https:\\\/\\\/www.eldiario.net\\\/portal\\\/#organization\",\"name\":\"El Diario - Decano de la prensa nacional\",\"url\":\"https:\\\/\\\/www.eldiario.net\\\/portal\\\/\",\"logo\":{\"@type\":\"ImageObject\",\"inLanguage\":\"es\",\"@id\":\"https:\\\/\\\/www.eldiario.net\\\/portal\\\/#\\\/schema\\\/logo\\\/image\\\/\",\"url\":\"https:\\\/\\\/www.eldiario.net\\\/portal\\\/wp-content\\\/uploads\\\/2023\\\/07\\\/logo_ED.jpg\",\"contentUrl\":\"https:\\\/\\\/www.eldiario.net\\\/portal\\\/wp-content\\\/uploads\\\/2023\\\/07\\\/logo_ED.jpg\",\"width\":272,\"height\":52,\"caption\":\"El Diario - Decano de la prensa nacional\"},\"image\":{\"@id\":\"https:\\\/\\\/www.eldiario.net\\\/portal\\\/#\\\/schema\\\/logo\\\/image\\\/\"},\"sameAs\":[\"https:\\\/\\\/www.facebook.com\\\/eldiario.bolivia\\\/\",\"https:\\\/\\\/x.com\\\/eldiario_net\"]},{\"@type\":\"Person\",\"@id\":\"https:\\\/\\\/www.eldiario.net\\\/portal\\\/#\\\/schema\\\/person\\\/f46445640444750d7d753ccd04ae01b7\",\"name\":\"Jeanette\",\"image\":{\"@type\":\"ImageObject\",\"inLanguage\":\"es\",\"@id\":\"https:\\\/\\\/secure.gravatar.com\\\/avatar\\\/3ea2118a5f7dad2b7138b1187a6b7ee55f160b9968b66013c3a3ef39dd7e5798?s=96&d=mm&r=g\",\"url\":\"https:\\\/\\\/secure.gravatar.com\\\/avatar\\\/3ea2118a5f7dad2b7138b1187a6b7ee55f160b9968b66013c3a3ef39dd7e5798?s=96&d=mm&r=g\",\"contentUrl\":\"https:\\\/\\\/secure.gravatar.com\\\/avatar\\\/3ea2118a5f7dad2b7138b1187a6b7ee55f160b9968b66013c3a3ef39dd7e5798?s=96&d=mm&r=g\",\"caption\":\"Jeanette\"},\"sameAs\":[\"https:\\\/\\\/www.eldiario.net\\\/portal\"],\"url\":\"https:\\\/\\\/www.eldiario.net\\\/portal\\\/author\\\/jeanette\\\/\"}]}<\/script>\n<!-- \/ Yoast SEO plugin. -->","yoast_head_json":{"title":"El estilo de Dios; expresi\u00f3n a imitar - El Diario - Bolivia","robots":{"index":"index","follow":"follow","max-snippet":"max-snippet:-1","max-image-preview":"max-image-preview:large","max-video-preview":"max-video-preview:-1"},"canonical":"https:\/\/www.eldiario.net\/portal\/2024\/07\/29\/el-estilo-de-dios-expresion-a-imitar\/","og_locale":"es_ES","og_type":"article","og_title":"El estilo de Dios; expresi\u00f3n a imitar - El Diario - Bolivia","og_description":"Su actitud es de sumar pulsos y pausas a golpe de coraz\u00f3n pr\u00f3ximo, de compasi\u00f3n con pasi\u00f3n m\u00edstica y de ternura a trav\u00e9s de la visi\u00f3n del alma. Por ello, hemos de hacer de la vida un don, jam\u00e1s una posesi\u00f3n, un desgaste y una entrega total, reproduciendo el amor que \u00c9l tiene por nosotros: [&hellip;]","og_url":"https:\/\/www.eldiario.net\/portal\/2024\/07\/29\/el-estilo-de-dios-expresion-a-imitar\/","og_site_name":"El Diario - Bolivia","article_publisher":"https:\/\/www.facebook.com\/eldiario.bolivia\/","article_published_time":"2024-07-29T09:54:28+00:00","og_image":[{"width":1200,"height":628,"url":"https:\/\/www.eldiario.net\/portal\/wp-content\/uploads\/2023\/06\/Victor-Corcoba-Herrero-1.jpg","type":"image\/jpeg"}],"author":"Jeanette","twitter_card":"summary_large_image","twitter_creator":"@eldiario_net","twitter_site":"@eldiario_net","twitter_misc":{"Escrito por":"Jeanette","Tiempo de lectura":"2 minutos"},"schema":{"@context":"https:\/\/schema.org","@graph":[{"@type":"Article","@id":"https:\/\/www.eldiario.net\/portal\/2024\/07\/29\/el-estilo-de-dios-expresion-a-imitar\/#article","isPartOf":{"@id":"https:\/\/www.eldiario.net\/portal\/2024\/07\/29\/el-estilo-de-dios-expresion-a-imitar\/"},"author":{"name":"Jeanette","@id":"https:\/\/www.eldiario.net\/portal\/#\/schema\/person\/f46445640444750d7d753ccd04ae01b7"},"headline":"El estilo de Dios; expresi\u00f3n a imitar","datePublished":"2024-07-29T09:54:28+00:00","mainEntityOfPage":{"@id":"https:\/\/www.eldiario.net\/portal\/2024\/07\/29\/el-estilo-de-dios-expresion-a-imitar\/"},"wordCount":403,"commentCount":0,"publisher":{"@id":"https:\/\/www.eldiario.net\/portal\/#organization"},"image":{"@id":"https:\/\/www.eldiario.net\/portal\/2024\/07\/29\/el-estilo-de-dios-expresion-a-imitar\/#primaryimage"},"thumbnailUrl":"https:\/\/www.eldiario.net\/portal\/wp-content\/uploads\/2023\/06\/Victor-Corcoba-Herrero-1.jpg","articleSection":["Opini\u00f3n"],"inLanguage":"es","potentialAction":[{"@type":"CommentAction","name":"Comment","target":["https:\/\/www.eldiario.net\/portal\/2024\/07\/29\/el-estilo-de-dios-expresion-a-imitar\/#respond"]}]},{"@type":"WebPage","@id":"https:\/\/www.eldiario.net\/portal\/2024\/07\/29\/el-estilo-de-dios-expresion-a-imitar\/","url":"https:\/\/www.eldiario.net\/portal\/2024\/07\/29\/el-estilo-de-dios-expresion-a-imitar\/","name":"El estilo de Dios; expresi\u00f3n a imitar - El Diario - Bolivia","isPartOf":{"@id":"https:\/\/www.eldiario.net\/portal\/#website"},"primaryImageOfPage":{"@id":"https:\/\/www.eldiario.net\/portal\/2024\/07\/29\/el-estilo-de-dios-expresion-a-imitar\/#primaryimage"},"image":{"@id":"https:\/\/www.eldiario.net\/portal\/2024\/07\/29\/el-estilo-de-dios-expresion-a-imitar\/#primaryimage"},"thumbnailUrl":"https:\/\/www.eldiario.net\/portal\/wp-content\/uploads\/2023\/06\/Victor-Corcoba-Herrero-1.jpg","datePublished":"2024-07-29T09:54:28+00:00","breadcrumb":{"@id":"https:\/\/www.eldiario.net\/portal\/2024\/07\/29\/el-estilo-de-dios-expresion-a-imitar\/#breadcrumb"},"inLanguage":"es","potentialAction":[{"@type":"ReadAction","target":["https:\/\/www.eldiario.net\/portal\/2024\/07\/29\/el-estilo-de-dios-expresion-a-imitar\/"]}]},{"@type":"ImageObject","inLanguage":"es","@id":"https:\/\/www.eldiario.net\/portal\/2024\/07\/29\/el-estilo-de-dios-expresion-a-imitar\/#primaryimage","url":"https:\/\/www.eldiario.net\/portal\/wp-content\/uploads\/2023\/06\/Victor-Corcoba-Herrero-1.jpg","contentUrl":"https:\/\/www.eldiario.net\/portal\/wp-content\/uploads\/2023\/06\/Victor-Corcoba-Herrero-1.jpg","width":1200,"height":628,"caption":"V\u00edctor Corcoba Herrero"},{"@type":"BreadcrumbList","@id":"https:\/\/www.eldiario.net\/portal\/2024\/07\/29\/el-estilo-de-dios-expresion-a-imitar\/#breadcrumb","itemListElement":[{"@type":"ListItem","position":1,"name":"Portada","item":"https:\/\/www.eldiario.net\/portal\/"},{"@type":"ListItem","position":2,"name":"El estilo de Dios; expresi\u00f3n a imitar"}]},{"@type":"WebSite","@id":"https:\/\/www.eldiario.net\/portal\/#website","url":"https:\/\/www.eldiario.net\/portal\/","name":"El Diario - Decano de la prensa nacional","description":"El Diario - Decano de la prensa nacional","publisher":{"@id":"https:\/\/www.eldiario.net\/portal\/#organization"},"potentialAction":[{"@type":"SearchAction","target":{"@type":"EntryPoint","urlTemplate":"https:\/\/www.eldiario.net\/portal\/?s={search_term_string}"},"query-input":{"@type":"PropertyValueSpecification","valueRequired":true,"valueName":"search_term_string"}}],"inLanguage":"es"},{"@type":"Organization","@id":"https:\/\/www.eldiario.net\/portal\/#organization","name":"El Diario - Decano de la prensa nacional","url":"https:\/\/www.eldiario.net\/portal\/","logo":{"@type":"ImageObject","inLanguage":"es","@id":"https:\/\/www.eldiario.net\/portal\/#\/schema\/logo\/image\/","url":"https:\/\/www.eldiario.net\/portal\/wp-content\/uploads\/2023\/07\/logo_ED.jpg","contentUrl":"https:\/\/www.eldiario.net\/portal\/wp-content\/uploads\/2023\/07\/logo_ED.jpg","width":272,"height":52,"caption":"El Diario - Decano de la prensa nacional"},"image":{"@id":"https:\/\/www.eldiario.net\/portal\/#\/schema\/logo\/image\/"},"sameAs":["https:\/\/www.facebook.com\/eldiario.bolivia\/","https:\/\/x.com\/eldiario_net"]},{"@type":"Person","@id":"https:\/\/www.eldiario.net\/portal\/#\/schema\/person\/f46445640444750d7d753ccd04ae01b7","name":"Jeanette","image":{"@type":"ImageObject","inLanguage":"es","@id":"https:\/\/secure.gravatar.com\/avatar\/3ea2118a5f7dad2b7138b1187a6b7ee55f160b9968b66013c3a3ef39dd7e5798?s=96&d=mm&r=g","url":"https:\/\/secure.gravatar.com\/avatar\/3ea2118a5f7dad2b7138b1187a6b7ee55f160b9968b66013c3a3ef39dd7e5798?s=96&d=mm&r=g","contentUrl":"https:\/\/secure.gravatar.com\/avatar\/3ea2118a5f7dad2b7138b1187a6b7ee55f160b9968b66013c3a3ef39dd7e5798?s=96&d=mm&r=g","caption":"Jeanette"},"sameAs":["https:\/\/www.eldiario.net\/portal"],"url":"https:\/\/www.eldiario.net\/portal\/author\/jeanette\/"}]}},"_links":{"self":[{"href":"https:\/\/www.eldiario.net\/portal\/wp-json\/wp\/v2\/posts\/237107","targetHints":{"allow":["GET"]}}],"collection":[{"href":"https:\/\/www.eldiario.net\/portal\/wp-json\/wp\/v2\/posts"}],"about":[{"href":"https:\/\/www.eldiario.net\/portal\/wp-json\/wp\/v2\/types\/post"}],"author":[{"embeddable":true,"href":"https:\/\/www.eldiario.net\/portal\/wp-json\/wp\/v2\/users\/1"}],"replies":[{"embeddable":true,"href":"https:\/\/www.eldiario.net\/portal\/wp-json\/wp\/v2\/comments?post=237107"}],"version-history":[{"count":1,"href":"https:\/\/www.eldiario.net\/portal\/wp-json\/wp\/v2\/posts\/237107\/revisions"}],"predecessor-version":[{"id":237108,"href":"https:\/\/www.eldiario.net\/portal\/wp-json\/wp\/v2\/posts\/237107\/revisions\/237108"}],"wp:featuredmedia":[{"embeddable":true,"href":"https:\/\/www.eldiario.net\/portal\/wp-json\/wp\/v2\/media\/158260"}],"wp:attachment":[{"href":"https:\/\/www.eldiario.net\/portal\/wp-json\/wp\/v2\/media?parent=237107"}],"wp:term":[{"taxonomy":"category","embeddable":true,"href":"https:\/\/www.eldiario.net\/portal\/wp-json\/wp\/v2\/categories?post=237107"},{"taxonomy":"post_tag","embeddable":true,"href":"https:\/\/www.eldiario.net\/portal\/wp-json\/wp\/v2\/tags?post=237107"}],"curies":[{"name":"wp","href":"https:\/\/api.w.org\/{rel}","templated":true}]}}