{"id":237100,"date":"2024-07-29T05:52:27","date_gmt":"2024-07-29T09:52:27","guid":{"rendered":"https:\/\/www.eldiario.net\/portal\/?p=237100"},"modified":"2024-07-29T05:52:27","modified_gmt":"2024-07-29T09:52:27","slug":"continua-escasez-de-combustible-en-estaciones-de-servicio-del-pais","status":"publish","type":"post","link":"https:\/\/www.eldiario.net\/portal\/2024\/07\/29\/continua-escasez-de-combustible-en-estaciones-de-servicio-del-pais\/","title":{"rendered":"Contin\u00faa escasez de combustible en estaciones de servicio del pa\u00eds"},"content":{"rendered":"<p>A pesar de que las autoridades indicaron que hay abastecimiento normal de gasolina, sin embargo, los ch\u00f3feres denunciaron que no hay el combustible en algunas estaciones de servicio y tienen que adquirir el hidrocarburo Premium. A la falta de di\u00e9sel, ahora se suma la gasolina.<br \/>\nEl transporte anunci\u00f3 un paro movilizado para el primero de agosto, con bloqueos de carreteras y cierre de fronteras, por la falta de di\u00e9sel y la escasez de d\u00f3lares.<br \/>\nArgumentan que las autoridades incumplieron los acuerdos alcanzados en una reuni\u00f3n de m\u00e1s de ocho horas; sin embargo, el presidente de Yacimientos Petrol\u00edferos Fiscales Bolivianos (YPFB), Armin Dorgathen, invit\u00f3 al sector a dialogar, pero no llegaron a la cita, y el ejecutivo de la estatal petrolera calific\u00f3 el hecho como pol\u00edtico, ante esa situaci\u00f3n dijo que con medidas de presi\u00f3n no aparecer\u00e1 el combustible.<br \/>\nLos transportistas de Oruro tambi\u00e9n anunciaron paros por el mismo motivo, y empezar\u00eda hoy, pero tambi\u00e9n informaci\u00f3n de medios se\u00f1alaba que la Agencia Nacional de Hidrocarburos (ANH) habr\u00eda alcanzado un acuerdo con el sector.<br \/>\nA ese sector se sumar\u00edan los gremialistas, pues la escasez de d\u00f3lares pone en riesgo sus actividades econ\u00f3micas, a pesar de las declaraciones de autoridades y parlamentarios oficialistas que indican que no necesitan para comprar productos nacionales y agr\u00edcolas.<br \/>\nTambi\u00e9n la falta de di\u00e9sel afecta a su actividad econ\u00f3mica, pues se encarece el precio de los pasajes.<\/p>\n<p>Gasolina<br \/>\nHace d\u00edas atr\u00e1s, el ejecutivo de YPFB asegur\u00f3 que la distribuci\u00f3n de gasolina es normal y las estaciones de servicio cuentan con el producto, pero con el di\u00e9sel enfrentan dificultades.<br \/>\nSin embargo, ayer algunas estaciones de servicio ten\u00edan el letrero de que no hay gasolina, y en otras s\u00f3lo vend\u00edan gasolina Premium, lo que provoc\u00f3 malestar en los propietarios de veh\u00edculos.<br \/>\nLa venta de combustibles es irregular, se\u00f1alaron los transportistas, pues no en todas las estaciones de servicio hay gasolina o di\u00e9sel, y esto es lo que provoca que otras gasolineras registren largas filas.<\/p>\n<p>Anuncios<br \/>\nEntretanto, anuncian que se espera el arribo de 150 cisternas con combustibles que ingresan al pa\u00eds luego de que trabajadores en salud resolvieron levantar el bloqueo en el municipio de Yacuiba.<br \/>\nYPFB importa hidrocarburos v\u00eda Paraguay, Argentina, Per\u00fa, Chile y la Hidrov\u00eda Paraguay \u2013 Paran\u00e1. Debido a las condiciones de viento y marejada adversas en el puerto de Arica, Chile, los buques que transportan combustible para Bolivia no pueden descargarlos.<br \/>\nEn tanto, en la hidrov\u00eda se redujo el caudal a causa de la sequ\u00eda, entonces las barcazas no pueden anclar y descargar el combustible ni otros productos.<br \/>\nAl no poder descargar los hidrocarburos en Arica y la hidrov\u00eda, se intensific\u00f3 el ingreso mediante cisternas desde Argentina y Paraguay.<\/p>\n<p>Di\u00e9sel<br \/>\nLa situaci\u00f3n del di\u00e9sel es preocupante, pues afecta a todo el aparato productivo del pa\u00eds, ya los agropecuarios solicitaron el carburante para cumplir las tareas de cosecha, pero tambi\u00e9n los buses internacionales, que se ven afectados, ya que no pueden salir con normalidad a las diferentes regiones del pa\u00eds.<br \/>\nLa situaci\u00f3n en Arica es responsabilidad de YPFB, por no haber modernizado su sistema de descarga con tecnolog\u00eda.<\/p>\n","protected":false},"excerpt":{"rendered":"<p>A pesar de que las autoridades indicaron que hay abastecimiento normal de gasolina, sin embargo, los ch\u00f3feres denunciaron que no hay el combustible en algunas estaciones de servicio y tienen que adquirir el hidrocarburo Premium. A la falta de di\u00e9sel, ahora se suma la gasolina. El transporte anunci\u00f3 un paro movilizado para el primero de [&hellip;]<\/p>\n","protected":false},"author":1,"featured_media":237101,"comment_status":"open","ping_status":"open","sticky":false,"template":"","format":"standard","meta":{"_acf_changed":false,"footnotes":""},"categories":[7],"tags":[],"class_list":["post-237100","post","type-post","status-publish","format-standard","has-post-thumbnail","category-economia"],"acf":{"antetitulo":"Se suma la gasolina "},"yoast_head":"<!-- This site is optimized with the Yoast SEO plugin v28.3 - https:\/\/yoast.com\/product\/yoast-seo-wordpress\/ -->\n<title>Contin\u00faa escasez de combustible en estaciones de servicio del pa\u00eds - El Diario - Bolivia<\/title>\n<meta name=\"robots\" content=\"index, follow, max-snippet:-1, max-image-preview:large, max-video-preview:-1\" \/>\n<link rel=\"canonical\" href=\"https:\/\/www.eldiario.net\/portal\/2024\/07\/29\/continua-escasez-de-combustible-en-estaciones-de-servicio-del-pais\/\" \/>\n<meta property=\"og:locale\" content=\"es_ES\" \/>\n<meta property=\"og:type\" content=\"article\" \/>\n<meta property=\"og:title\" content=\"Contin\u00faa escasez de combustible en estaciones de servicio del pa\u00eds - El Diario - Bolivia\" \/>\n<meta property=\"og:description\" content=\"A pesar de que las autoridades indicaron que hay abastecimiento normal de gasolina, sin embargo, los ch\u00f3feres denunciaron que no hay el combustible en algunas estaciones de servicio y tienen que adquirir el hidrocarburo Premium. A la falta de di\u00e9sel, ahora se suma la gasolina. El transporte anunci\u00f3 un paro movilizado para el primero de [&hellip;]\" \/>\n<meta property=\"og:url\" content=\"https:\/\/www.eldiario.net\/portal\/2024\/07\/29\/continua-escasez-de-combustible-en-estaciones-de-servicio-del-pais\/\" \/>\n<meta property=\"og:site_name\" content=\"El Diario - Bolivia\" \/>\n<meta property=\"article:publisher\" content=\"https:\/\/www.facebook.com\/eldiario.bolivia\/\" \/>\n<meta property=\"article:published_time\" content=\"2024-07-29T09:52:27+00:00\" \/>\n<meta property=\"og:image\" content=\"https:\/\/www.eldiario.net\/portal\/wp-content\/uploads\/2024\/07\/gasolina.jpg\" \/>\n\t<meta property=\"og:image:width\" content=\"799\" \/>\n\t<meta property=\"og:image:height\" content=\"533\" \/>\n\t<meta property=\"og:image:type\" content=\"image\/jpeg\" \/>\n<meta name=\"author\" content=\"Jeanette\" \/>\n<meta name=\"twitter:card\" content=\"summary_large_image\" \/>\n<meta name=\"twitter:creator\" content=\"@eldiario_net\" \/>\n<meta name=\"twitter:site\" content=\"@eldiario_net\" \/>\n<meta name=\"twitter:label1\" content=\"Escrito por\" \/>\n\t<meta name=\"twitter:data1\" content=\"Jeanette\" \/>\n\t<meta name=\"twitter:label2\" content=\"Tiempo de lectura\" \/>\n\t<meta name=\"twitter:data2\" content=\"3 minutos\" \/>\n<script type=\"application\/ld+json\" class=\"yoast-schema-graph\">{\"@context\":\"https:\\\/\\\/schema.org\",\"@graph\":[{\"@type\":\"Article\",\"@id\":\"https:\\\/\\\/www.eldiario.net\\\/portal\\\/2024\\\/07\\\/29\\\/continua-escasez-de-combustible-en-estaciones-de-servicio-del-pais\\\/#article\",\"isPartOf\":{\"@id\":\"https:\\\/\\\/www.eldiario.net\\\/portal\\\/2024\\\/07\\\/29\\\/continua-escasez-de-combustible-en-estaciones-de-servicio-del-pais\\\/\"},\"author\":{\"name\":\"Jeanette\",\"@id\":\"https:\\\/\\\/www.eldiario.net\\\/portal\\\/#\\\/schema\\\/person\\\/f46445640444750d7d753ccd04ae01b7\"},\"headline\":\"Contin\u00faa escasez de combustible en estaciones de servicio del pa\u00eds\",\"datePublished\":\"2024-07-29T09:52:27+00:00\",\"mainEntityOfPage\":{\"@id\":\"https:\\\/\\\/www.eldiario.net\\\/portal\\\/2024\\\/07\\\/29\\\/continua-escasez-de-combustible-en-estaciones-de-servicio-del-pais\\\/\"},\"wordCount\":568,\"commentCount\":0,\"publisher\":{\"@id\":\"https:\\\/\\\/www.eldiario.net\\\/portal\\\/#organization\"},\"image\":{\"@id\":\"https:\\\/\\\/www.eldiario.net\\\/portal\\\/2024\\\/07\\\/29\\\/continua-escasez-de-combustible-en-estaciones-de-servicio-del-pais\\\/#primaryimage\"},\"thumbnailUrl\":\"https:\\\/\\\/www.eldiario.net\\\/portal\\\/wp-content\\\/uploads\\\/2024\\\/07\\\/gasolina.jpg\",\"articleSection\":[\"Econom\u00eda\"],\"inLanguage\":\"es\",\"potentialAction\":[{\"@type\":\"CommentAction\",\"name\":\"Comment\",\"target\":[\"https:\\\/\\\/www.eldiario.net\\\/portal\\\/2024\\\/07\\\/29\\\/continua-escasez-de-combustible-en-estaciones-de-servicio-del-pais\\\/#respond\"]}]},{\"@type\":\"WebPage\",\"@id\":\"https:\\\/\\\/www.eldiario.net\\\/portal\\\/2024\\\/07\\\/29\\\/continua-escasez-de-combustible-en-estaciones-de-servicio-del-pais\\\/\",\"url\":\"https:\\\/\\\/www.eldiario.net\\\/portal\\\/2024\\\/07\\\/29\\\/continua-escasez-de-combustible-en-estaciones-de-servicio-del-pais\\\/\",\"name\":\"Contin\u00faa escasez de combustible en estaciones de servicio del pa\u00eds - El Diario - Bolivia\",\"isPartOf\":{\"@id\":\"https:\\\/\\\/www.eldiario.net\\\/portal\\\/#website\"},\"primaryImageOfPage\":{\"@id\":\"https:\\\/\\\/www.eldiario.net\\\/portal\\\/2024\\\/07\\\/29\\\/continua-escasez-de-combustible-en-estaciones-de-servicio-del-pais\\\/#primaryimage\"},\"image\":{\"@id\":\"https:\\\/\\\/www.eldiario.net\\\/portal\\\/2024\\\/07\\\/29\\\/continua-escasez-de-combustible-en-estaciones-de-servicio-del-pais\\\/#primaryimage\"},\"thumbnailUrl\":\"https:\\\/\\\/www.eldiario.net\\\/portal\\\/wp-content\\\/uploads\\\/2024\\\/07\\\/gasolina.jpg\",\"datePublished\":\"2024-07-29T09:52:27+00:00\",\"breadcrumb\":{\"@id\":\"https:\\\/\\\/www.eldiario.net\\\/portal\\\/2024\\\/07\\\/29\\\/continua-escasez-de-combustible-en-estaciones-de-servicio-del-pais\\\/#breadcrumb\"},\"inLanguage\":\"es\",\"potentialAction\":[{\"@type\":\"ReadAction\",\"target\":[\"https:\\\/\\\/www.eldiario.net\\\/portal\\\/2024\\\/07\\\/29\\\/continua-escasez-de-combustible-en-estaciones-de-servicio-del-pais\\\/\"]}]},{\"@type\":\"ImageObject\",\"inLanguage\":\"es\",\"@id\":\"https:\\\/\\\/www.eldiario.net\\\/portal\\\/2024\\\/07\\\/29\\\/continua-escasez-de-combustible-en-estaciones-de-servicio-del-pais\\\/#primaryimage\",\"url\":\"https:\\\/\\\/www.eldiario.net\\\/portal\\\/wp-content\\\/uploads\\\/2024\\\/07\\\/gasolina.jpg\",\"contentUrl\":\"https:\\\/\\\/www.eldiario.net\\\/portal\\\/wp-content\\\/uploads\\\/2024\\\/07\\\/gasolina.jpg\",\"width\":799,\"height\":533,\"caption\":\"Estaci\u00f3n de servicio que no tiene gasolina ni di\u00e9sel.\"},{\"@type\":\"BreadcrumbList\",\"@id\":\"https:\\\/\\\/www.eldiario.net\\\/portal\\\/2024\\\/07\\\/29\\\/continua-escasez-de-combustible-en-estaciones-de-servicio-del-pais\\\/#breadcrumb\",\"itemListElement\":[{\"@type\":\"ListItem\",\"position\":1,\"name\":\"Portada\",\"item\":\"https:\\\/\\\/www.eldiario.net\\\/portal\\\/\"},{\"@type\":\"ListItem\",\"position\":2,\"name\":\"Contin\u00faa escasez de combustible en estaciones de servicio del pa\u00eds\"}]},{\"@type\":\"WebSite\",\"@id\":\"https:\\\/\\\/www.eldiario.net\\\/portal\\\/#website\",\"url\":\"https:\\\/\\\/www.eldiario.net\\\/portal\\\/\",\"name\":\"El Diario - Decano de la prensa nacional\",\"description\":\"El Diario - Decano de la prensa nacional\",\"publisher\":{\"@id\":\"https:\\\/\\\/www.eldiario.net\\\/portal\\\/#organization\"},\"potentialAction\":[{\"@type\":\"SearchAction\",\"target\":{\"@type\":\"EntryPoint\",\"urlTemplate\":\"https:\\\/\\\/www.eldiario.net\\\/portal\\\/?s={search_term_string}\"},\"query-input\":{\"@type\":\"PropertyValueSpecification\",\"valueRequired\":true,\"valueName\":\"search_term_string\"}}],\"inLanguage\":\"es\"},{\"@type\":\"Organization\",\"@id\":\"https:\\\/\\\/www.eldiario.net\\\/portal\\\/#organization\",\"name\":\"El Diario - Decano de la prensa nacional\",\"url\":\"https:\\\/\\\/www.eldiario.net\\\/portal\\\/\",\"logo\":{\"@type\":\"ImageObject\",\"inLanguage\":\"es\",\"@id\":\"https:\\\/\\\/www.eldiario.net\\\/portal\\\/#\\\/schema\\\/logo\\\/image\\\/\",\"url\":\"https:\\\/\\\/www.eldiario.net\\\/portal\\\/wp-content\\\/uploads\\\/2023\\\/07\\\/logo_ED.jpg\",\"contentUrl\":\"https:\\\/\\\/www.eldiario.net\\\/portal\\\/wp-content\\\/uploads\\\/2023\\\/07\\\/logo_ED.jpg\",\"width\":272,\"height\":52,\"caption\":\"El Diario - Decano de la prensa nacional\"},\"image\":{\"@id\":\"https:\\\/\\\/www.eldiario.net\\\/portal\\\/#\\\/schema\\\/logo\\\/image\\\/\"},\"sameAs\":[\"https:\\\/\\\/www.facebook.com\\\/eldiario.bolivia\\\/\",\"https:\\\/\\\/x.com\\\/eldiario_net\"]},{\"@type\":\"Person\",\"@id\":\"https:\\\/\\\/www.eldiario.net\\\/portal\\\/#\\\/schema\\\/person\\\/f46445640444750d7d753ccd04ae01b7\",\"name\":\"Jeanette\",\"image\":{\"@type\":\"ImageObject\",\"inLanguage\":\"es\",\"@id\":\"https:\\\/\\\/secure.gravatar.com\\\/avatar\\\/3ea2118a5f7dad2b7138b1187a6b7ee55f160b9968b66013c3a3ef39dd7e5798?s=96&d=mm&r=g\",\"url\":\"https:\\\/\\\/secure.gravatar.com\\\/avatar\\\/3ea2118a5f7dad2b7138b1187a6b7ee55f160b9968b66013c3a3ef39dd7e5798?s=96&d=mm&r=g\",\"contentUrl\":\"https:\\\/\\\/secure.gravatar.com\\\/avatar\\\/3ea2118a5f7dad2b7138b1187a6b7ee55f160b9968b66013c3a3ef39dd7e5798?s=96&d=mm&r=g\",\"caption\":\"Jeanette\"},\"sameAs\":[\"https:\\\/\\\/www.eldiario.net\\\/portal\"],\"url\":\"https:\\\/\\\/www.eldiario.net\\\/portal\\\/author\\\/jeanette\\\/\"}]}<\/script>\n<!-- \/ Yoast SEO plugin. -->","yoast_head_json":{"title":"Contin\u00faa escasez de combustible en estaciones de servicio del pa\u00eds - El Diario - Bolivia","robots":{"index":"index","follow":"follow","max-snippet":"max-snippet:-1","max-image-preview":"max-image-preview:large","max-video-preview":"max-video-preview:-1"},"canonical":"https:\/\/www.eldiario.net\/portal\/2024\/07\/29\/continua-escasez-de-combustible-en-estaciones-de-servicio-del-pais\/","og_locale":"es_ES","og_type":"article","og_title":"Contin\u00faa escasez de combustible en estaciones de servicio del pa\u00eds - El Diario - Bolivia","og_description":"A pesar de que las autoridades indicaron que hay abastecimiento normal de gasolina, sin embargo, los ch\u00f3feres denunciaron que no hay el combustible en algunas estaciones de servicio y tienen que adquirir el hidrocarburo Premium. A la falta de di\u00e9sel, ahora se suma la gasolina. El transporte anunci\u00f3 un paro movilizado para el primero de [&hellip;]","og_url":"https:\/\/www.eldiario.net\/portal\/2024\/07\/29\/continua-escasez-de-combustible-en-estaciones-de-servicio-del-pais\/","og_site_name":"El Diario - Bolivia","article_publisher":"https:\/\/www.facebook.com\/eldiario.bolivia\/","article_published_time":"2024-07-29T09:52:27+00:00","og_image":[{"width":799,"height":533,"url":"https:\/\/www.eldiario.net\/portal\/wp-content\/uploads\/2024\/07\/gasolina.jpg","type":"image\/jpeg"}],"author":"Jeanette","twitter_card":"summary_large_image","twitter_creator":"@eldiario_net","twitter_site":"@eldiario_net","twitter_misc":{"Escrito por":"Jeanette","Tiempo de lectura":"3 minutos"},"schema":{"@context":"https:\/\/schema.org","@graph":[{"@type":"Article","@id":"https:\/\/www.eldiario.net\/portal\/2024\/07\/29\/continua-escasez-de-combustible-en-estaciones-de-servicio-del-pais\/#article","isPartOf":{"@id":"https:\/\/www.eldiario.net\/portal\/2024\/07\/29\/continua-escasez-de-combustible-en-estaciones-de-servicio-del-pais\/"},"author":{"name":"Jeanette","@id":"https:\/\/www.eldiario.net\/portal\/#\/schema\/person\/f46445640444750d7d753ccd04ae01b7"},"headline":"Contin\u00faa escasez de combustible en estaciones de servicio del pa\u00eds","datePublished":"2024-07-29T09:52:27+00:00","mainEntityOfPage":{"@id":"https:\/\/www.eldiario.net\/portal\/2024\/07\/29\/continua-escasez-de-combustible-en-estaciones-de-servicio-del-pais\/"},"wordCount":568,"commentCount":0,"publisher":{"@id":"https:\/\/www.eldiario.net\/portal\/#organization"},"image":{"@id":"https:\/\/www.eldiario.net\/portal\/2024\/07\/29\/continua-escasez-de-combustible-en-estaciones-de-servicio-del-pais\/#primaryimage"},"thumbnailUrl":"https:\/\/www.eldiario.net\/portal\/wp-content\/uploads\/2024\/07\/gasolina.jpg","articleSection":["Econom\u00eda"],"inLanguage":"es","potentialAction":[{"@type":"CommentAction","name":"Comment","target":["https:\/\/www.eldiario.net\/portal\/2024\/07\/29\/continua-escasez-de-combustible-en-estaciones-de-servicio-del-pais\/#respond"]}]},{"@type":"WebPage","@id":"https:\/\/www.eldiario.net\/portal\/2024\/07\/29\/continua-escasez-de-combustible-en-estaciones-de-servicio-del-pais\/","url":"https:\/\/www.eldiario.net\/portal\/2024\/07\/29\/continua-escasez-de-combustible-en-estaciones-de-servicio-del-pais\/","name":"Contin\u00faa escasez de combustible en estaciones de servicio del pa\u00eds - El Diario - Bolivia","isPartOf":{"@id":"https:\/\/www.eldiario.net\/portal\/#website"},"primaryImageOfPage":{"@id":"https:\/\/www.eldiario.net\/portal\/2024\/07\/29\/continua-escasez-de-combustible-en-estaciones-de-servicio-del-pais\/#primaryimage"},"image":{"@id":"https:\/\/www.eldiario.net\/portal\/2024\/07\/29\/continua-escasez-de-combustible-en-estaciones-de-servicio-del-pais\/#primaryimage"},"thumbnailUrl":"https:\/\/www.eldiario.net\/portal\/wp-content\/uploads\/2024\/07\/gasolina.jpg","datePublished":"2024-07-29T09:52:27+00:00","breadcrumb":{"@id":"https:\/\/www.eldiario.net\/portal\/2024\/07\/29\/continua-escasez-de-combustible-en-estaciones-de-servicio-del-pais\/#breadcrumb"},"inLanguage":"es","potentialAction":[{"@type":"ReadAction","target":["https:\/\/www.eldiario.net\/portal\/2024\/07\/29\/continua-escasez-de-combustible-en-estaciones-de-servicio-del-pais\/"]}]},{"@type":"ImageObject","inLanguage":"es","@id":"https:\/\/www.eldiario.net\/portal\/2024\/07\/29\/continua-escasez-de-combustible-en-estaciones-de-servicio-del-pais\/#primaryimage","url":"https:\/\/www.eldiario.net\/portal\/wp-content\/uploads\/2024\/07\/gasolina.jpg","contentUrl":"https:\/\/www.eldiario.net\/portal\/wp-content\/uploads\/2024\/07\/gasolina.jpg","width":799,"height":533,"caption":"Estaci\u00f3n de servicio que no tiene gasolina ni di\u00e9sel."},{"@type":"BreadcrumbList","@id":"https:\/\/www.eldiario.net\/portal\/2024\/07\/29\/continua-escasez-de-combustible-en-estaciones-de-servicio-del-pais\/#breadcrumb","itemListElement":[{"@type":"ListItem","position":1,"name":"Portada","item":"https:\/\/www.eldiario.net\/portal\/"},{"@type":"ListItem","position":2,"name":"Contin\u00faa escasez de combustible en estaciones de servicio del pa\u00eds"}]},{"@type":"WebSite","@id":"https:\/\/www.eldiario.net\/portal\/#website","url":"https:\/\/www.eldiario.net\/portal\/","name":"El Diario - Decano de la prensa nacional","description":"El Diario - Decano de la prensa nacional","publisher":{"@id":"https:\/\/www.eldiario.net\/portal\/#organization"},"potentialAction":[{"@type":"SearchAction","target":{"@type":"EntryPoint","urlTemplate":"https:\/\/www.eldiario.net\/portal\/?s={search_term_string}"},"query-input":{"@type":"PropertyValueSpecification","valueRequired":true,"valueName":"search_term_string"}}],"inLanguage":"es"},{"@type":"Organization","@id":"https:\/\/www.eldiario.net\/portal\/#organization","name":"El Diario - Decano de la prensa nacional","url":"https:\/\/www.eldiario.net\/portal\/","logo":{"@type":"ImageObject","inLanguage":"es","@id":"https:\/\/www.eldiario.net\/portal\/#\/schema\/logo\/image\/","url":"https:\/\/www.eldiario.net\/portal\/wp-content\/uploads\/2023\/07\/logo_ED.jpg","contentUrl":"https:\/\/www.eldiario.net\/portal\/wp-content\/uploads\/2023\/07\/logo_ED.jpg","width":272,"height":52,"caption":"El Diario - Decano de la prensa nacional"},"image":{"@id":"https:\/\/www.eldiario.net\/portal\/#\/schema\/logo\/image\/"},"sameAs":["https:\/\/www.facebook.com\/eldiario.bolivia\/","https:\/\/x.com\/eldiario_net"]},{"@type":"Person","@id":"https:\/\/www.eldiario.net\/portal\/#\/schema\/person\/f46445640444750d7d753ccd04ae01b7","name":"Jeanette","image":{"@type":"ImageObject","inLanguage":"es","@id":"https:\/\/secure.gravatar.com\/avatar\/3ea2118a5f7dad2b7138b1187a6b7ee55f160b9968b66013c3a3ef39dd7e5798?s=96&d=mm&r=g","url":"https:\/\/secure.gravatar.com\/avatar\/3ea2118a5f7dad2b7138b1187a6b7ee55f160b9968b66013c3a3ef39dd7e5798?s=96&d=mm&r=g","contentUrl":"https:\/\/secure.gravatar.com\/avatar\/3ea2118a5f7dad2b7138b1187a6b7ee55f160b9968b66013c3a3ef39dd7e5798?s=96&d=mm&r=g","caption":"Jeanette"},"sameAs":["https:\/\/www.eldiario.net\/portal"],"url":"https:\/\/www.eldiario.net\/portal\/author\/jeanette\/"}]}},"_links":{"self":[{"href":"https:\/\/www.eldiario.net\/portal\/wp-json\/wp\/v2\/posts\/237100","targetHints":{"allow":["GET"]}}],"collection":[{"href":"https:\/\/www.eldiario.net\/portal\/wp-json\/wp\/v2\/posts"}],"about":[{"href":"https:\/\/www.eldiario.net\/portal\/wp-json\/wp\/v2\/types\/post"}],"author":[{"embeddable":true,"href":"https:\/\/www.eldiario.net\/portal\/wp-json\/wp\/v2\/users\/1"}],"replies":[{"embeddable":true,"href":"https:\/\/www.eldiario.net\/portal\/wp-json\/wp\/v2\/comments?post=237100"}],"version-history":[{"count":1,"href":"https:\/\/www.eldiario.net\/portal\/wp-json\/wp\/v2\/posts\/237100\/revisions"}],"predecessor-version":[{"id":237102,"href":"https:\/\/www.eldiario.net\/portal\/wp-json\/wp\/v2\/posts\/237100\/revisions\/237102"}],"wp:featuredmedia":[{"embeddable":true,"href":"https:\/\/www.eldiario.net\/portal\/wp-json\/wp\/v2\/media\/237101"}],"wp:attachment":[{"href":"https:\/\/www.eldiario.net\/portal\/wp-json\/wp\/v2\/media?parent=237100"}],"wp:term":[{"taxonomy":"category","embeddable":true,"href":"https:\/\/www.eldiario.net\/portal\/wp-json\/wp\/v2\/categories?post=237100"},{"taxonomy":"post_tag","embeddable":true,"href":"https:\/\/www.eldiario.net\/portal\/wp-json\/wp\/v2\/tags?post=237100"}],"curies":[{"name":"wp","href":"https:\/\/api.w.org\/{rel}","templated":true}]}}