{"id":237097,"date":"2024-07-29T05:51:29","date_gmt":"2024-07-29T09:51:29","guid":{"rendered":"https:\/\/www.eldiario.net\/portal\/?p=237097"},"modified":"2024-07-29T05:51:29","modified_gmt":"2024-07-29T09:51:29","slug":"ajam-actividades-mineras-ilegales-fueron-desbaratadas","status":"publish","type":"post","link":"https:\/\/www.eldiario.net\/portal\/2024\/07\/29\/ajam-actividades-mineras-ilegales-fueron-desbaratadas\/","title":{"rendered":"AJAM: actividades mineras  ilegales fueron desbaratadas"},"content":{"rendered":"<p>La Autoridad Jurisdiccional Administrativa Minera (AJAM) inform\u00f3 que despu\u00e9s de una coordinaci\u00f3n con el Comando Departamental de la Polic\u00eda de La Paz, se llev\u00f3 adelante una intervenci\u00f3n en la comunidad Yani, ubicada en municipio de Sorata, provincia Larecaja, atendiendo denuncias de miner\u00eda ilegal presentadas. Esta acci\u00f3n tuvo el objetivo de verificar y desbaratar estas actividades ilegales.<br \/>\nParticiparon de la acci\u00f3n un importante contingente de polic\u00edas y un equipo t\u00e9cnico de la AJAM, llevando a cabo las acciones legales y policiales que correspond\u00edan en el marco de la normativa vigente, habi\u00e9ndose corroborado trabajos mineros en \u00e1rea libre, por lo tanto, evidentemente se estaba cometiendo el il\u00edcito.<br \/>\nLa Autoridad Minera resalta la importante participaci\u00f3n de efectivos policiales del Comando Departamental de La Paz, por lo cual hace llegar su reconocimiento y agradecimiento.<br \/>\nLa AJAM, en el marco de sus competencias y como parte de las acciones de prevenci\u00f3n y lucha contra la miner\u00eda ilegal, continuar\u00e1 realizando inspecciones en todo el territorio nacional y exhorta a las personas a no incurrir en este delito.<br \/>\nMientras tanto, la semana pasada el ministro de Miner\u00eda y Metalurgia, Alejandro Santos, invit\u00f3 a los mineros que operan de manera ilegal que formalicen sus operaciones con certificados de autorizaci\u00f3n a trav\u00e9s de la AJAM, de lo contrario se paralizar\u00e1n sus trabajos.<br \/>\nComo es de conocimiento p\u00fablico, el norte de La Paz est\u00e1 siendo acechado por cooperativistas que ingresan a \u00e1reas no autorizadas, debido a que son \u00e1reas protegidas. Los enfrentamientos son continuos con comunidades y pueblos ind\u00edgenas.<\/p>\n","protected":false},"excerpt":{"rendered":"<p>La Autoridad Jurisdiccional Administrativa Minera (AJAM) inform\u00f3 que despu\u00e9s de una coordinaci\u00f3n con el Comando Departamental de la Polic\u00eda de La Paz, se llev\u00f3 adelante una intervenci\u00f3n en la comunidad Yani, ubicada en municipio de Sorata, provincia Larecaja, atendiendo denuncias de miner\u00eda ilegal presentadas. Esta acci\u00f3n tuvo el objetivo de verificar y desbaratar estas actividades [&hellip;]<\/p>\n","protected":false},"author":1,"featured_media":237098,"comment_status":"open","ping_status":"open","sticky":false,"template":"","format":"standard","meta":{"_acf_changed":false,"footnotes":""},"categories":[7],"tags":[],"class_list":["post-237097","post","type-post","status-publish","format-standard","has-post-thumbnail","category-economia"],"acf":{"antetitulo":"Intervenci\u00f3n en Yani"},"yoast_head":"<!-- This site is optimized with the Yoast SEO plugin v28.3 - https:\/\/yoast.com\/product\/yoast-seo-wordpress\/ -->\n<title>AJAM: actividades mineras ilegales fueron desbaratadas - El Diario - Bolivia<\/title>\n<meta name=\"robots\" content=\"index, follow, max-snippet:-1, max-image-preview:large, max-video-preview:-1\" \/>\n<link rel=\"canonical\" href=\"https:\/\/www.eldiario.net\/portal\/2024\/07\/29\/ajam-actividades-mineras-ilegales-fueron-desbaratadas\/\" \/>\n<meta property=\"og:locale\" content=\"es_ES\" \/>\n<meta property=\"og:type\" content=\"article\" \/>\n<meta property=\"og:title\" content=\"AJAM: actividades mineras ilegales fueron desbaratadas - El Diario - Bolivia\" \/>\n<meta property=\"og:description\" content=\"La Autoridad Jurisdiccional Administrativa Minera (AJAM) inform\u00f3 que despu\u00e9s de una coordinaci\u00f3n con el Comando Departamental de la Polic\u00eda de La Paz, se llev\u00f3 adelante una intervenci\u00f3n en la comunidad Yani, ubicada en municipio de Sorata, provincia Larecaja, atendiendo denuncias de miner\u00eda ilegal presentadas. Esta acci\u00f3n tuvo el objetivo de verificar y desbaratar estas actividades [&hellip;]\" \/>\n<meta property=\"og:url\" content=\"https:\/\/www.eldiario.net\/portal\/2024\/07\/29\/ajam-actividades-mineras-ilegales-fueron-desbaratadas\/\" \/>\n<meta property=\"og:site_name\" content=\"El Diario - Bolivia\" \/>\n<meta property=\"article:publisher\" content=\"https:\/\/www.facebook.com\/eldiario.bolivia\/\" \/>\n<meta property=\"article:published_time\" content=\"2024-07-29T09:51:29+00:00\" \/>\n<meta property=\"og:image\" content=\"https:\/\/www.eldiario.net\/portal\/wp-content\/uploads\/2024\/07\/ilegal.jpg\" \/>\n\t<meta property=\"og:image:width\" content=\"1200\" \/>\n\t<meta property=\"og:image:height\" content=\"554\" \/>\n\t<meta property=\"og:image:type\" content=\"image\/jpeg\" \/>\n<meta name=\"author\" content=\"Jeanette\" \/>\n<meta name=\"twitter:card\" content=\"summary_large_image\" \/>\n<meta name=\"twitter:creator\" content=\"@eldiario_net\" \/>\n<meta name=\"twitter:site\" content=\"@eldiario_net\" \/>\n<meta name=\"twitter:label1\" content=\"Escrito por\" \/>\n\t<meta name=\"twitter:data1\" content=\"Jeanette\" \/>\n\t<meta name=\"twitter:label2\" content=\"Tiempo de lectura\" \/>\n\t<meta name=\"twitter:data2\" content=\"2 minutos\" \/>\n<script type=\"application\/ld+json\" class=\"yoast-schema-graph\">{\"@context\":\"https:\\\/\\\/schema.org\",\"@graph\":[{\"@type\":\"Article\",\"@id\":\"https:\\\/\\\/www.eldiario.net\\\/portal\\\/2024\\\/07\\\/29\\\/ajam-actividades-mineras-ilegales-fueron-desbaratadas\\\/#article\",\"isPartOf\":{\"@id\":\"https:\\\/\\\/www.eldiario.net\\\/portal\\\/2024\\\/07\\\/29\\\/ajam-actividades-mineras-ilegales-fueron-desbaratadas\\\/\"},\"author\":{\"name\":\"Jeanette\",\"@id\":\"https:\\\/\\\/www.eldiario.net\\\/portal\\\/#\\\/schema\\\/person\\\/f46445640444750d7d753ccd04ae01b7\"},\"headline\":\"AJAM: actividades mineras ilegales fueron desbaratadas\",\"datePublished\":\"2024-07-29T09:51:29+00:00\",\"mainEntityOfPage\":{\"@id\":\"https:\\\/\\\/www.eldiario.net\\\/portal\\\/2024\\\/07\\\/29\\\/ajam-actividades-mineras-ilegales-fueron-desbaratadas\\\/\"},\"wordCount\":276,\"commentCount\":0,\"publisher\":{\"@id\":\"https:\\\/\\\/www.eldiario.net\\\/portal\\\/#organization\"},\"image\":{\"@id\":\"https:\\\/\\\/www.eldiario.net\\\/portal\\\/2024\\\/07\\\/29\\\/ajam-actividades-mineras-ilegales-fueron-desbaratadas\\\/#primaryimage\"},\"thumbnailUrl\":\"https:\\\/\\\/www.eldiario.net\\\/portal\\\/wp-content\\\/uploads\\\/2024\\\/07\\\/ilegal.jpg\",\"articleSection\":[\"Econom\u00eda\"],\"inLanguage\":\"es\",\"potentialAction\":[{\"@type\":\"CommentAction\",\"name\":\"Comment\",\"target\":[\"https:\\\/\\\/www.eldiario.net\\\/portal\\\/2024\\\/07\\\/29\\\/ajam-actividades-mineras-ilegales-fueron-desbaratadas\\\/#respond\"]}]},{\"@type\":\"WebPage\",\"@id\":\"https:\\\/\\\/www.eldiario.net\\\/portal\\\/2024\\\/07\\\/29\\\/ajam-actividades-mineras-ilegales-fueron-desbaratadas\\\/\",\"url\":\"https:\\\/\\\/www.eldiario.net\\\/portal\\\/2024\\\/07\\\/29\\\/ajam-actividades-mineras-ilegales-fueron-desbaratadas\\\/\",\"name\":\"AJAM: actividades mineras ilegales fueron desbaratadas - El Diario - Bolivia\",\"isPartOf\":{\"@id\":\"https:\\\/\\\/www.eldiario.net\\\/portal\\\/#website\"},\"primaryImageOfPage\":{\"@id\":\"https:\\\/\\\/www.eldiario.net\\\/portal\\\/2024\\\/07\\\/29\\\/ajam-actividades-mineras-ilegales-fueron-desbaratadas\\\/#primaryimage\"},\"image\":{\"@id\":\"https:\\\/\\\/www.eldiario.net\\\/portal\\\/2024\\\/07\\\/29\\\/ajam-actividades-mineras-ilegales-fueron-desbaratadas\\\/#primaryimage\"},\"thumbnailUrl\":\"https:\\\/\\\/www.eldiario.net\\\/portal\\\/wp-content\\\/uploads\\\/2024\\\/07\\\/ilegal.jpg\",\"datePublished\":\"2024-07-29T09:51:29+00:00\",\"breadcrumb\":{\"@id\":\"https:\\\/\\\/www.eldiario.net\\\/portal\\\/2024\\\/07\\\/29\\\/ajam-actividades-mineras-ilegales-fueron-desbaratadas\\\/#breadcrumb\"},\"inLanguage\":\"es\",\"potentialAction\":[{\"@type\":\"ReadAction\",\"target\":[\"https:\\\/\\\/www.eldiario.net\\\/portal\\\/2024\\\/07\\\/29\\\/ajam-actividades-mineras-ilegales-fueron-desbaratadas\\\/\"]}]},{\"@type\":\"ImageObject\",\"inLanguage\":\"es\",\"@id\":\"https:\\\/\\\/www.eldiario.net\\\/portal\\\/2024\\\/07\\\/29\\\/ajam-actividades-mineras-ilegales-fueron-desbaratadas\\\/#primaryimage\",\"url\":\"https:\\\/\\\/www.eldiario.net\\\/portal\\\/wp-content\\\/uploads\\\/2024\\\/07\\\/ilegal.jpg\",\"contentUrl\":\"https:\\\/\\\/www.eldiario.net\\\/portal\\\/wp-content\\\/uploads\\\/2024\\\/07\\\/ilegal.jpg\",\"width\":1200,\"height\":554,\"caption\":\"Zona donde operaban ilegalmente.\"},{\"@type\":\"BreadcrumbList\",\"@id\":\"https:\\\/\\\/www.eldiario.net\\\/portal\\\/2024\\\/07\\\/29\\\/ajam-actividades-mineras-ilegales-fueron-desbaratadas\\\/#breadcrumb\",\"itemListElement\":[{\"@type\":\"ListItem\",\"position\":1,\"name\":\"Portada\",\"item\":\"https:\\\/\\\/www.eldiario.net\\\/portal\\\/\"},{\"@type\":\"ListItem\",\"position\":2,\"name\":\"AJAM: actividades mineras ilegales fueron desbaratadas\"}]},{\"@type\":\"WebSite\",\"@id\":\"https:\\\/\\\/www.eldiario.net\\\/portal\\\/#website\",\"url\":\"https:\\\/\\\/www.eldiario.net\\\/portal\\\/\",\"name\":\"El Diario - Decano de la prensa nacional\",\"description\":\"El Diario - Decano de la prensa nacional\",\"publisher\":{\"@id\":\"https:\\\/\\\/www.eldiario.net\\\/portal\\\/#organization\"},\"potentialAction\":[{\"@type\":\"SearchAction\",\"target\":{\"@type\":\"EntryPoint\",\"urlTemplate\":\"https:\\\/\\\/www.eldiario.net\\\/portal\\\/?s={search_term_string}\"},\"query-input\":{\"@type\":\"PropertyValueSpecification\",\"valueRequired\":true,\"valueName\":\"search_term_string\"}}],\"inLanguage\":\"es\"},{\"@type\":\"Organization\",\"@id\":\"https:\\\/\\\/www.eldiario.net\\\/portal\\\/#organization\",\"name\":\"El Diario - Decano de la prensa nacional\",\"url\":\"https:\\\/\\\/www.eldiario.net\\\/portal\\\/\",\"logo\":{\"@type\":\"ImageObject\",\"inLanguage\":\"es\",\"@id\":\"https:\\\/\\\/www.eldiario.net\\\/portal\\\/#\\\/schema\\\/logo\\\/image\\\/\",\"url\":\"https:\\\/\\\/www.eldiario.net\\\/portal\\\/wp-content\\\/uploads\\\/2023\\\/07\\\/logo_ED.jpg\",\"contentUrl\":\"https:\\\/\\\/www.eldiario.net\\\/portal\\\/wp-content\\\/uploads\\\/2023\\\/07\\\/logo_ED.jpg\",\"width\":272,\"height\":52,\"caption\":\"El Diario - Decano de la prensa nacional\"},\"image\":{\"@id\":\"https:\\\/\\\/www.eldiario.net\\\/portal\\\/#\\\/schema\\\/logo\\\/image\\\/\"},\"sameAs\":[\"https:\\\/\\\/www.facebook.com\\\/eldiario.bolivia\\\/\",\"https:\\\/\\\/x.com\\\/eldiario_net\"]},{\"@type\":\"Person\",\"@id\":\"https:\\\/\\\/www.eldiario.net\\\/portal\\\/#\\\/schema\\\/person\\\/f46445640444750d7d753ccd04ae01b7\",\"name\":\"Jeanette\",\"image\":{\"@type\":\"ImageObject\",\"inLanguage\":\"es\",\"@id\":\"https:\\\/\\\/secure.gravatar.com\\\/avatar\\\/3ea2118a5f7dad2b7138b1187a6b7ee55f160b9968b66013c3a3ef39dd7e5798?s=96&d=mm&r=g\",\"url\":\"https:\\\/\\\/secure.gravatar.com\\\/avatar\\\/3ea2118a5f7dad2b7138b1187a6b7ee55f160b9968b66013c3a3ef39dd7e5798?s=96&d=mm&r=g\",\"contentUrl\":\"https:\\\/\\\/secure.gravatar.com\\\/avatar\\\/3ea2118a5f7dad2b7138b1187a6b7ee55f160b9968b66013c3a3ef39dd7e5798?s=96&d=mm&r=g\",\"caption\":\"Jeanette\"},\"sameAs\":[\"https:\\\/\\\/www.eldiario.net\\\/portal\"],\"url\":\"https:\\\/\\\/www.eldiario.net\\\/portal\\\/author\\\/jeanette\\\/\"}]}<\/script>\n<!-- \/ Yoast SEO plugin. -->","yoast_head_json":{"title":"AJAM: actividades mineras ilegales fueron desbaratadas - El Diario - Bolivia","robots":{"index":"index","follow":"follow","max-snippet":"max-snippet:-1","max-image-preview":"max-image-preview:large","max-video-preview":"max-video-preview:-1"},"canonical":"https:\/\/www.eldiario.net\/portal\/2024\/07\/29\/ajam-actividades-mineras-ilegales-fueron-desbaratadas\/","og_locale":"es_ES","og_type":"article","og_title":"AJAM: actividades mineras ilegales fueron desbaratadas - El Diario - Bolivia","og_description":"La Autoridad Jurisdiccional Administrativa Minera (AJAM) inform\u00f3 que despu\u00e9s de una coordinaci\u00f3n con el Comando Departamental de la Polic\u00eda de La Paz, se llev\u00f3 adelante una intervenci\u00f3n en la comunidad Yani, ubicada en municipio de Sorata, provincia Larecaja, atendiendo denuncias de miner\u00eda ilegal presentadas. Esta acci\u00f3n tuvo el objetivo de verificar y desbaratar estas actividades [&hellip;]","og_url":"https:\/\/www.eldiario.net\/portal\/2024\/07\/29\/ajam-actividades-mineras-ilegales-fueron-desbaratadas\/","og_site_name":"El Diario - Bolivia","article_publisher":"https:\/\/www.facebook.com\/eldiario.bolivia\/","article_published_time":"2024-07-29T09:51:29+00:00","og_image":[{"width":1200,"height":554,"url":"https:\/\/www.eldiario.net\/portal\/wp-content\/uploads\/2024\/07\/ilegal.jpg","type":"image\/jpeg"}],"author":"Jeanette","twitter_card":"summary_large_image","twitter_creator":"@eldiario_net","twitter_site":"@eldiario_net","twitter_misc":{"Escrito por":"Jeanette","Tiempo de lectura":"2 minutos"},"schema":{"@context":"https:\/\/schema.org","@graph":[{"@type":"Article","@id":"https:\/\/www.eldiario.net\/portal\/2024\/07\/29\/ajam-actividades-mineras-ilegales-fueron-desbaratadas\/#article","isPartOf":{"@id":"https:\/\/www.eldiario.net\/portal\/2024\/07\/29\/ajam-actividades-mineras-ilegales-fueron-desbaratadas\/"},"author":{"name":"Jeanette","@id":"https:\/\/www.eldiario.net\/portal\/#\/schema\/person\/f46445640444750d7d753ccd04ae01b7"},"headline":"AJAM: actividades mineras ilegales fueron desbaratadas","datePublished":"2024-07-29T09:51:29+00:00","mainEntityOfPage":{"@id":"https:\/\/www.eldiario.net\/portal\/2024\/07\/29\/ajam-actividades-mineras-ilegales-fueron-desbaratadas\/"},"wordCount":276,"commentCount":0,"publisher":{"@id":"https:\/\/www.eldiario.net\/portal\/#organization"},"image":{"@id":"https:\/\/www.eldiario.net\/portal\/2024\/07\/29\/ajam-actividades-mineras-ilegales-fueron-desbaratadas\/#primaryimage"},"thumbnailUrl":"https:\/\/www.eldiario.net\/portal\/wp-content\/uploads\/2024\/07\/ilegal.jpg","articleSection":["Econom\u00eda"],"inLanguage":"es","potentialAction":[{"@type":"CommentAction","name":"Comment","target":["https:\/\/www.eldiario.net\/portal\/2024\/07\/29\/ajam-actividades-mineras-ilegales-fueron-desbaratadas\/#respond"]}]},{"@type":"WebPage","@id":"https:\/\/www.eldiario.net\/portal\/2024\/07\/29\/ajam-actividades-mineras-ilegales-fueron-desbaratadas\/","url":"https:\/\/www.eldiario.net\/portal\/2024\/07\/29\/ajam-actividades-mineras-ilegales-fueron-desbaratadas\/","name":"AJAM: actividades mineras ilegales fueron desbaratadas - El Diario - Bolivia","isPartOf":{"@id":"https:\/\/www.eldiario.net\/portal\/#website"},"primaryImageOfPage":{"@id":"https:\/\/www.eldiario.net\/portal\/2024\/07\/29\/ajam-actividades-mineras-ilegales-fueron-desbaratadas\/#primaryimage"},"image":{"@id":"https:\/\/www.eldiario.net\/portal\/2024\/07\/29\/ajam-actividades-mineras-ilegales-fueron-desbaratadas\/#primaryimage"},"thumbnailUrl":"https:\/\/www.eldiario.net\/portal\/wp-content\/uploads\/2024\/07\/ilegal.jpg","datePublished":"2024-07-29T09:51:29+00:00","breadcrumb":{"@id":"https:\/\/www.eldiario.net\/portal\/2024\/07\/29\/ajam-actividades-mineras-ilegales-fueron-desbaratadas\/#breadcrumb"},"inLanguage":"es","potentialAction":[{"@type":"ReadAction","target":["https:\/\/www.eldiario.net\/portal\/2024\/07\/29\/ajam-actividades-mineras-ilegales-fueron-desbaratadas\/"]}]},{"@type":"ImageObject","inLanguage":"es","@id":"https:\/\/www.eldiario.net\/portal\/2024\/07\/29\/ajam-actividades-mineras-ilegales-fueron-desbaratadas\/#primaryimage","url":"https:\/\/www.eldiario.net\/portal\/wp-content\/uploads\/2024\/07\/ilegal.jpg","contentUrl":"https:\/\/www.eldiario.net\/portal\/wp-content\/uploads\/2024\/07\/ilegal.jpg","width":1200,"height":554,"caption":"Zona donde operaban ilegalmente."},{"@type":"BreadcrumbList","@id":"https:\/\/www.eldiario.net\/portal\/2024\/07\/29\/ajam-actividades-mineras-ilegales-fueron-desbaratadas\/#breadcrumb","itemListElement":[{"@type":"ListItem","position":1,"name":"Portada","item":"https:\/\/www.eldiario.net\/portal\/"},{"@type":"ListItem","position":2,"name":"AJAM: actividades mineras ilegales fueron desbaratadas"}]},{"@type":"WebSite","@id":"https:\/\/www.eldiario.net\/portal\/#website","url":"https:\/\/www.eldiario.net\/portal\/","name":"El Diario - Decano de la prensa nacional","description":"El Diario - Decano de la prensa nacional","publisher":{"@id":"https:\/\/www.eldiario.net\/portal\/#organization"},"potentialAction":[{"@type":"SearchAction","target":{"@type":"EntryPoint","urlTemplate":"https:\/\/www.eldiario.net\/portal\/?s={search_term_string}"},"query-input":{"@type":"PropertyValueSpecification","valueRequired":true,"valueName":"search_term_string"}}],"inLanguage":"es"},{"@type":"Organization","@id":"https:\/\/www.eldiario.net\/portal\/#organization","name":"El Diario - Decano de la prensa nacional","url":"https:\/\/www.eldiario.net\/portal\/","logo":{"@type":"ImageObject","inLanguage":"es","@id":"https:\/\/www.eldiario.net\/portal\/#\/schema\/logo\/image\/","url":"https:\/\/www.eldiario.net\/portal\/wp-content\/uploads\/2023\/07\/logo_ED.jpg","contentUrl":"https:\/\/www.eldiario.net\/portal\/wp-content\/uploads\/2023\/07\/logo_ED.jpg","width":272,"height":52,"caption":"El Diario - Decano de la prensa nacional"},"image":{"@id":"https:\/\/www.eldiario.net\/portal\/#\/schema\/logo\/image\/"},"sameAs":["https:\/\/www.facebook.com\/eldiario.bolivia\/","https:\/\/x.com\/eldiario_net"]},{"@type":"Person","@id":"https:\/\/www.eldiario.net\/portal\/#\/schema\/person\/f46445640444750d7d753ccd04ae01b7","name":"Jeanette","image":{"@type":"ImageObject","inLanguage":"es","@id":"https:\/\/secure.gravatar.com\/avatar\/3ea2118a5f7dad2b7138b1187a6b7ee55f160b9968b66013c3a3ef39dd7e5798?s=96&d=mm&r=g","url":"https:\/\/secure.gravatar.com\/avatar\/3ea2118a5f7dad2b7138b1187a6b7ee55f160b9968b66013c3a3ef39dd7e5798?s=96&d=mm&r=g","contentUrl":"https:\/\/secure.gravatar.com\/avatar\/3ea2118a5f7dad2b7138b1187a6b7ee55f160b9968b66013c3a3ef39dd7e5798?s=96&d=mm&r=g","caption":"Jeanette"},"sameAs":["https:\/\/www.eldiario.net\/portal"],"url":"https:\/\/www.eldiario.net\/portal\/author\/jeanette\/"}]}},"_links":{"self":[{"href":"https:\/\/www.eldiario.net\/portal\/wp-json\/wp\/v2\/posts\/237097","targetHints":{"allow":["GET"]}}],"collection":[{"href":"https:\/\/www.eldiario.net\/portal\/wp-json\/wp\/v2\/posts"}],"about":[{"href":"https:\/\/www.eldiario.net\/portal\/wp-json\/wp\/v2\/types\/post"}],"author":[{"embeddable":true,"href":"https:\/\/www.eldiario.net\/portal\/wp-json\/wp\/v2\/users\/1"}],"replies":[{"embeddable":true,"href":"https:\/\/www.eldiario.net\/portal\/wp-json\/wp\/v2\/comments?post=237097"}],"version-history":[{"count":1,"href":"https:\/\/www.eldiario.net\/portal\/wp-json\/wp\/v2\/posts\/237097\/revisions"}],"predecessor-version":[{"id":237099,"href":"https:\/\/www.eldiario.net\/portal\/wp-json\/wp\/v2\/posts\/237097\/revisions\/237099"}],"wp:featuredmedia":[{"embeddable":true,"href":"https:\/\/www.eldiario.net\/portal\/wp-json\/wp\/v2\/media\/237098"}],"wp:attachment":[{"href":"https:\/\/www.eldiario.net\/portal\/wp-json\/wp\/v2\/media?parent=237097"}],"wp:term":[{"taxonomy":"category","embeddable":true,"href":"https:\/\/www.eldiario.net\/portal\/wp-json\/wp\/v2\/categories?post=237097"},{"taxonomy":"post_tag","embeddable":true,"href":"https:\/\/www.eldiario.net\/portal\/wp-json\/wp\/v2\/tags?post=237097"}],"curies":[{"name":"wp","href":"https:\/\/api.w.org\/{rel}","templated":true}]}}