{"id":237094,"date":"2024-07-29T05:50:45","date_gmt":"2024-07-29T09:50:45","guid":{"rendered":"https:\/\/www.eldiario.net\/portal\/?p=237094"},"modified":"2024-07-29T05:50:45","modified_gmt":"2024-07-29T09:50:45","slug":"automotrices-apuestan-por-consumidor-boliviano","status":"publish","type":"post","link":"https:\/\/www.eldiario.net\/portal\/2024\/07\/29\/automotrices-apuestan-por-consumidor-boliviano\/","title":{"rendered":"Automotrices apuestan por consumidor boliviano"},"content":{"rendered":"<p>En un entorno desalentador por la crisis econ\u00f3mica y la falta de d\u00f3lares en el mercado nacional, a\u00fan hay empresas que apuestan por la venta de veh\u00edculos para iniciar un emprendimiento, as\u00ed como para uso personal, cual fuera la motivaci\u00f3n para el mismo. Las importadoras han optado por mantener el tipo de cambio oficial del d\u00f3lar (6,96) con el fin de evitar que las personas tengan inconvenientes al momento de adquirirlo en bolivianos. Apertura de sucursales es una muestra de la propuesta.<br \/>\n\u201cHemos inaugurado un punto de venta en la Terminal Metropolitana de El Alto porque consideramos importante estar m\u00e1s cerca de la poblaci\u00f3n para que conozca nuestras ofertas en las marcas Mitsubishi, Jeep, Chery, Fiat y Ram, entre otros, y para que los asesores profesionales les gu\u00eden en su compra de forma personal y conozcan los cr\u00e9ditos existentes\u201d, sostuvo el gerente multimarca de AutoStar El Alto, Roberto de la Quintana.<br \/>\nA pesar de que algunas automotrices enfrentan dificultades por la escasez de d\u00f3lares, lo que provoc\u00f3 una ca\u00edda en las importaciones y los ajustes constantes por el alza del valor de la divisa en el mercado paralelo, a pesar de ello, otras buscan alternativas para lidiar con esta situaci\u00f3n y mantener el tipo de cambio oficial para dinamizar el mercado.<br \/>\nLa empresa automotriz considera que la Terminal de la urbe alte\u00f1a es un lugar estrat\u00e9gico porque congrega a cerca de 10 mil personas que transitan para viajar a diferentes destinos del pa\u00eds y es ideal para que se acerquen a ese punto de venta para ver las ofertas que se tiene por inauguraci\u00f3n.<br \/>\n\u201cEn los puntos de venta nosotros hacemos la oferta del veh\u00edculo en d\u00f3lares, respetando el tipo de cambio oficial (6,96) que consideramos un plus adicional para quien adquiera el auto, no estamos especulando con el mismo. Adem\u00e1s de contar con un producto con aranceles preferenciales que viene de la mano de Credinform, entre otros\u201d, explic\u00f3 el gerente.<br \/>\nTerminal<br \/>\nMetropolitana<br \/>\nConsiderada como una de las m\u00e1s modernas y amplias de La Paz, alberga a empresas estatales, privadas de transporte; institutos de ense\u00f1anza de idiomas, gimnasio moderno, patio de comidas y, pr\u00f3ximamente, inaugurar\u00e1 oficinas de otras entidades p\u00fablicas y privadas dedicadas a diferentes rubros.<br \/>\n\u201cSe inaugur\u00f3 el punto de venta de AutoStar, una empresa legamente establecida a nivel nacional, en nuestras instalaciones, que es considerada como una de las m\u00e1s grandes del pa\u00eds. En la actualidad funcionan las oficinas del Serec\u00ed y pr\u00f3ximamente se inaugurar\u00e1n las del Segip. Estamos trabajando para que se convierta en una de las m\u00e1s mejores de Bolivia\u201d, explic\u00f3 el director ejecutivo de la Terminal Metropolitana de El Alto, Henry Oporto.<br \/>\nLa Terminal Metropolitana no s\u00f3lo es un lugar de bastante tr\u00e1nsito terrestre, sino que cuenta con un helipuerto que es bastante solicitado para celebrar uniones matrimoniales y m\u00e1s a\u00fan este a\u00f1o que para muchos creyentes es ideal para dar el s\u00ed quiero a sus parejas.<br \/>\n\u201cTambi\u00e9n es un espacio destinado a mostrar la actividad cultural de El Alto con artistas de la Universidad P\u00fablica de El Alto (UPEA), que presentar\u00e1n en este mes sus obras m\u00e1s recientes y donde la poblaci\u00f3n podr\u00e1 disfrutar de esta muestra pict\u00f3rica\u201d, finaliz\u00f3 el ejecutivo de la Terminal Metropolitana.<\/p>\n<p>&nbsp;<\/p>\n","protected":false},"excerpt":{"rendered":"<p>En un entorno desalentador por la crisis econ\u00f3mica y la falta de d\u00f3lares en el mercado nacional, a\u00fan hay empresas que apuestan por la venta de veh\u00edculos para iniciar un emprendimiento, as\u00ed como para uso personal, cual fuera la motivaci\u00f3n para el mismo. Las importadoras han optado por mantener el tipo de cambio oficial del [&hellip;]<\/p>\n","protected":false},"author":1,"featured_media":237095,"comment_status":"open","ping_status":"open","sticky":false,"template":"","format":"standard","meta":{"_acf_changed":false,"footnotes":""},"categories":[7],"tags":[],"class_list":["post-237094","post","type-post","status-publish","format-standard","has-post-thumbnail","category-economia"],"acf":{"antetitulo":"En ambiente desalentador"},"yoast_head":"<!-- This site is optimized with the Yoast SEO plugin v28.4 - https:\/\/yoast.com\/product\/yoast-seo-wordpress\/ -->\n<title>Automotrices apuestan por consumidor boliviano - El Diario - Bolivia<\/title>\n<meta name=\"robots\" content=\"index, follow, max-snippet:-1, max-image-preview:large, max-video-preview:-1\" \/>\n<link rel=\"canonical\" href=\"https:\/\/www.eldiario.net\/portal\/2024\/07\/29\/automotrices-apuestan-por-consumidor-boliviano\/\" \/>\n<meta property=\"og:locale\" content=\"es_ES\" \/>\n<meta property=\"og:type\" content=\"article\" \/>\n<meta property=\"og:title\" content=\"Automotrices apuestan por consumidor boliviano - El Diario - Bolivia\" \/>\n<meta property=\"og:description\" content=\"En un entorno desalentador por la crisis econ\u00f3mica y la falta de d\u00f3lares en el mercado nacional, a\u00fan hay empresas que apuestan por la venta de veh\u00edculos para iniciar un emprendimiento, as\u00ed como para uso personal, cual fuera la motivaci\u00f3n para el mismo. Las importadoras han optado por mantener el tipo de cambio oficial del [&hellip;]\" \/>\n<meta property=\"og:url\" content=\"https:\/\/www.eldiario.net\/portal\/2024\/07\/29\/automotrices-apuestan-por-consumidor-boliviano\/\" \/>\n<meta property=\"og:site_name\" content=\"El Diario - Bolivia\" \/>\n<meta property=\"article:publisher\" content=\"https:\/\/www.facebook.com\/eldiario.bolivia\/\" \/>\n<meta property=\"article:published_time\" content=\"2024-07-29T09:50:45+00:00\" \/>\n<meta property=\"og:image\" content=\"https:\/\/www.eldiario.net\/portal\/wp-content\/uploads\/2024\/07\/autos.jpg\" \/>\n\t<meta property=\"og:image:width\" content=\"1200\" \/>\n\t<meta property=\"og:image:height\" content=\"900\" \/>\n\t<meta property=\"og:image:type\" content=\"image\/jpeg\" \/>\n<meta name=\"author\" content=\"Jeanette\" \/>\n<meta name=\"twitter:card\" content=\"summary_large_image\" \/>\n<meta name=\"twitter:creator\" content=\"@eldiario_net\" \/>\n<meta name=\"twitter:site\" content=\"@eldiario_net\" \/>\n<meta name=\"twitter:label1\" content=\"Escrito por\" \/>\n\t<meta name=\"twitter:data1\" content=\"Jeanette\" \/>\n\t<meta name=\"twitter:label2\" content=\"Tiempo de lectura\" \/>\n\t<meta name=\"twitter:data2\" content=\"3 minutos\" \/>\n<script type=\"application\/ld+json\" class=\"yoast-schema-graph\">{\"@context\":\"https:\\\/\\\/schema.org\",\"@graph\":[{\"@type\":\"Article\",\"@id\":\"https:\\\/\\\/www.eldiario.net\\\/portal\\\/2024\\\/07\\\/29\\\/automotrices-apuestan-por-consumidor-boliviano\\\/#article\",\"isPartOf\":{\"@id\":\"https:\\\/\\\/www.eldiario.net\\\/portal\\\/2024\\\/07\\\/29\\\/automotrices-apuestan-por-consumidor-boliviano\\\/\"},\"author\":{\"name\":\"Jeanette\",\"@id\":\"https:\\\/\\\/www.eldiario.net\\\/portal\\\/#\\\/schema\\\/person\\\/f46445640444750d7d753ccd04ae01b7\"},\"headline\":\"Automotrices apuestan por consumidor boliviano\",\"datePublished\":\"2024-07-29T09:50:45+00:00\",\"mainEntityOfPage\":{\"@id\":\"https:\\\/\\\/www.eldiario.net\\\/portal\\\/2024\\\/07\\\/29\\\/automotrices-apuestan-por-consumidor-boliviano\\\/\"},\"wordCount\":574,\"commentCount\":0,\"publisher\":{\"@id\":\"https:\\\/\\\/www.eldiario.net\\\/portal\\\/#organization\"},\"image\":{\"@id\":\"https:\\\/\\\/www.eldiario.net\\\/portal\\\/2024\\\/07\\\/29\\\/automotrices-apuestan-por-consumidor-boliviano\\\/#primaryimage\"},\"thumbnailUrl\":\"https:\\\/\\\/www.eldiario.net\\\/portal\\\/wp-content\\\/uploads\\\/2024\\\/07\\\/autos.jpg\",\"articleSection\":[\"Econom\u00eda\"],\"inLanguage\":\"es\",\"potentialAction\":[{\"@type\":\"CommentAction\",\"name\":\"Comment\",\"target\":[\"https:\\\/\\\/www.eldiario.net\\\/portal\\\/2024\\\/07\\\/29\\\/automotrices-apuestan-por-consumidor-boliviano\\\/#respond\"]}]},{\"@type\":\"WebPage\",\"@id\":\"https:\\\/\\\/www.eldiario.net\\\/portal\\\/2024\\\/07\\\/29\\\/automotrices-apuestan-por-consumidor-boliviano\\\/\",\"url\":\"https:\\\/\\\/www.eldiario.net\\\/portal\\\/2024\\\/07\\\/29\\\/automotrices-apuestan-por-consumidor-boliviano\\\/\",\"name\":\"Automotrices apuestan por consumidor boliviano - El Diario - Bolivia\",\"isPartOf\":{\"@id\":\"https:\\\/\\\/www.eldiario.net\\\/portal\\\/#website\"},\"primaryImageOfPage\":{\"@id\":\"https:\\\/\\\/www.eldiario.net\\\/portal\\\/2024\\\/07\\\/29\\\/automotrices-apuestan-por-consumidor-boliviano\\\/#primaryimage\"},\"image\":{\"@id\":\"https:\\\/\\\/www.eldiario.net\\\/portal\\\/2024\\\/07\\\/29\\\/automotrices-apuestan-por-consumidor-boliviano\\\/#primaryimage\"},\"thumbnailUrl\":\"https:\\\/\\\/www.eldiario.net\\\/portal\\\/wp-content\\\/uploads\\\/2024\\\/07\\\/autos.jpg\",\"datePublished\":\"2024-07-29T09:50:45+00:00\",\"breadcrumb\":{\"@id\":\"https:\\\/\\\/www.eldiario.net\\\/portal\\\/2024\\\/07\\\/29\\\/automotrices-apuestan-por-consumidor-boliviano\\\/#breadcrumb\"},\"inLanguage\":\"es\",\"potentialAction\":[{\"@type\":\"ReadAction\",\"target\":[\"https:\\\/\\\/www.eldiario.net\\\/portal\\\/2024\\\/07\\\/29\\\/automotrices-apuestan-por-consumidor-boliviano\\\/\"]}]},{\"@type\":\"ImageObject\",\"inLanguage\":\"es\",\"@id\":\"https:\\\/\\\/www.eldiario.net\\\/portal\\\/2024\\\/07\\\/29\\\/automotrices-apuestan-por-consumidor-boliviano\\\/#primaryimage\",\"url\":\"https:\\\/\\\/www.eldiario.net\\\/portal\\\/wp-content\\\/uploads\\\/2024\\\/07\\\/autos.jpg\",\"contentUrl\":\"https:\\\/\\\/www.eldiario.net\\\/portal\\\/wp-content\\\/uploads\\\/2024\\\/07\\\/autos.jpg\",\"width\":1200,\"height\":900,\"caption\":\"Ejecutivos de autoStar plantean alternativas a las personas para comprar movilidades.\"},{\"@type\":\"BreadcrumbList\",\"@id\":\"https:\\\/\\\/www.eldiario.net\\\/portal\\\/2024\\\/07\\\/29\\\/automotrices-apuestan-por-consumidor-boliviano\\\/#breadcrumb\",\"itemListElement\":[{\"@type\":\"ListItem\",\"position\":1,\"name\":\"Portada\",\"item\":\"https:\\\/\\\/www.eldiario.net\\\/portal\\\/\"},{\"@type\":\"ListItem\",\"position\":2,\"name\":\"Automotrices apuestan por consumidor boliviano\"}]},{\"@type\":\"WebSite\",\"@id\":\"https:\\\/\\\/www.eldiario.net\\\/portal\\\/#website\",\"url\":\"https:\\\/\\\/www.eldiario.net\\\/portal\\\/\",\"name\":\"El Diario - Decano de la prensa nacional\",\"description\":\"El Diario - Decano de la prensa nacional\",\"publisher\":{\"@id\":\"https:\\\/\\\/www.eldiario.net\\\/portal\\\/#organization\"},\"potentialAction\":[{\"@type\":\"SearchAction\",\"target\":{\"@type\":\"EntryPoint\",\"urlTemplate\":\"https:\\\/\\\/www.eldiario.net\\\/portal\\\/?s={search_term_string}\"},\"query-input\":{\"@type\":\"PropertyValueSpecification\",\"valueRequired\":true,\"valueName\":\"search_term_string\"}}],\"inLanguage\":\"es\"},{\"@type\":\"Organization\",\"@id\":\"https:\\\/\\\/www.eldiario.net\\\/portal\\\/#organization\",\"name\":\"El Diario - Decano de la prensa nacional\",\"url\":\"https:\\\/\\\/www.eldiario.net\\\/portal\\\/\",\"logo\":{\"@type\":\"ImageObject\",\"inLanguage\":\"es\",\"@id\":\"https:\\\/\\\/www.eldiario.net\\\/portal\\\/#\\\/schema\\\/logo\\\/image\\\/\",\"url\":\"https:\\\/\\\/www.eldiario.net\\\/portal\\\/wp-content\\\/uploads\\\/2023\\\/07\\\/logo_ED.jpg\",\"contentUrl\":\"https:\\\/\\\/www.eldiario.net\\\/portal\\\/wp-content\\\/uploads\\\/2023\\\/07\\\/logo_ED.jpg\",\"width\":272,\"height\":52,\"caption\":\"El Diario - Decano de la prensa nacional\"},\"image\":{\"@id\":\"https:\\\/\\\/www.eldiario.net\\\/portal\\\/#\\\/schema\\\/logo\\\/image\\\/\"},\"sameAs\":[\"https:\\\/\\\/www.facebook.com\\\/eldiario.bolivia\\\/\",\"https:\\\/\\\/x.com\\\/eldiario_net\"]},{\"@type\":\"Person\",\"@id\":\"https:\\\/\\\/www.eldiario.net\\\/portal\\\/#\\\/schema\\\/person\\\/f46445640444750d7d753ccd04ae01b7\",\"name\":\"Jeanette\",\"image\":{\"@type\":\"ImageObject\",\"inLanguage\":\"es\",\"@id\":\"https:\\\/\\\/secure.gravatar.com\\\/avatar\\\/3ea2118a5f7dad2b7138b1187a6b7ee55f160b9968b66013c3a3ef39dd7e5798?s=96&d=mm&r=g\",\"url\":\"https:\\\/\\\/secure.gravatar.com\\\/avatar\\\/3ea2118a5f7dad2b7138b1187a6b7ee55f160b9968b66013c3a3ef39dd7e5798?s=96&d=mm&r=g\",\"contentUrl\":\"https:\\\/\\\/secure.gravatar.com\\\/avatar\\\/3ea2118a5f7dad2b7138b1187a6b7ee55f160b9968b66013c3a3ef39dd7e5798?s=96&d=mm&r=g\",\"caption\":\"Jeanette\"},\"sameAs\":[\"https:\\\/\\\/www.eldiario.net\\\/portal\"],\"url\":\"https:\\\/\\\/www.eldiario.net\\\/portal\\\/author\\\/jeanette\\\/\"}]}<\/script>\n<!-- \/ Yoast SEO plugin. -->","yoast_head_json":{"title":"Automotrices apuestan por consumidor boliviano - El Diario - Bolivia","robots":{"index":"index","follow":"follow","max-snippet":"max-snippet:-1","max-image-preview":"max-image-preview:large","max-video-preview":"max-video-preview:-1"},"canonical":"https:\/\/www.eldiario.net\/portal\/2024\/07\/29\/automotrices-apuestan-por-consumidor-boliviano\/","og_locale":"es_ES","og_type":"article","og_title":"Automotrices apuestan por consumidor boliviano - El Diario - Bolivia","og_description":"En un entorno desalentador por la crisis econ\u00f3mica y la falta de d\u00f3lares en el mercado nacional, a\u00fan hay empresas que apuestan por la venta de veh\u00edculos para iniciar un emprendimiento, as\u00ed como para uso personal, cual fuera la motivaci\u00f3n para el mismo. Las importadoras han optado por mantener el tipo de cambio oficial del [&hellip;]","og_url":"https:\/\/www.eldiario.net\/portal\/2024\/07\/29\/automotrices-apuestan-por-consumidor-boliviano\/","og_site_name":"El Diario - Bolivia","article_publisher":"https:\/\/www.facebook.com\/eldiario.bolivia\/","article_published_time":"2024-07-29T09:50:45+00:00","og_image":[{"width":1200,"height":900,"url":"https:\/\/www.eldiario.net\/portal\/wp-content\/uploads\/2024\/07\/autos.jpg","type":"image\/jpeg"}],"author":"Jeanette","twitter_card":"summary_large_image","twitter_creator":"@eldiario_net","twitter_site":"@eldiario_net","twitter_misc":{"Escrito por":"Jeanette","Tiempo de lectura":"3 minutos"},"schema":{"@context":"https:\/\/schema.org","@graph":[{"@type":"Article","@id":"https:\/\/www.eldiario.net\/portal\/2024\/07\/29\/automotrices-apuestan-por-consumidor-boliviano\/#article","isPartOf":{"@id":"https:\/\/www.eldiario.net\/portal\/2024\/07\/29\/automotrices-apuestan-por-consumidor-boliviano\/"},"author":{"name":"Jeanette","@id":"https:\/\/www.eldiario.net\/portal\/#\/schema\/person\/f46445640444750d7d753ccd04ae01b7"},"headline":"Automotrices apuestan por consumidor boliviano","datePublished":"2024-07-29T09:50:45+00:00","mainEntityOfPage":{"@id":"https:\/\/www.eldiario.net\/portal\/2024\/07\/29\/automotrices-apuestan-por-consumidor-boliviano\/"},"wordCount":574,"commentCount":0,"publisher":{"@id":"https:\/\/www.eldiario.net\/portal\/#organization"},"image":{"@id":"https:\/\/www.eldiario.net\/portal\/2024\/07\/29\/automotrices-apuestan-por-consumidor-boliviano\/#primaryimage"},"thumbnailUrl":"https:\/\/www.eldiario.net\/portal\/wp-content\/uploads\/2024\/07\/autos.jpg","articleSection":["Econom\u00eda"],"inLanguage":"es","potentialAction":[{"@type":"CommentAction","name":"Comment","target":["https:\/\/www.eldiario.net\/portal\/2024\/07\/29\/automotrices-apuestan-por-consumidor-boliviano\/#respond"]}]},{"@type":"WebPage","@id":"https:\/\/www.eldiario.net\/portal\/2024\/07\/29\/automotrices-apuestan-por-consumidor-boliviano\/","url":"https:\/\/www.eldiario.net\/portal\/2024\/07\/29\/automotrices-apuestan-por-consumidor-boliviano\/","name":"Automotrices apuestan por consumidor boliviano - El Diario - Bolivia","isPartOf":{"@id":"https:\/\/www.eldiario.net\/portal\/#website"},"primaryImageOfPage":{"@id":"https:\/\/www.eldiario.net\/portal\/2024\/07\/29\/automotrices-apuestan-por-consumidor-boliviano\/#primaryimage"},"image":{"@id":"https:\/\/www.eldiario.net\/portal\/2024\/07\/29\/automotrices-apuestan-por-consumidor-boliviano\/#primaryimage"},"thumbnailUrl":"https:\/\/www.eldiario.net\/portal\/wp-content\/uploads\/2024\/07\/autos.jpg","datePublished":"2024-07-29T09:50:45+00:00","breadcrumb":{"@id":"https:\/\/www.eldiario.net\/portal\/2024\/07\/29\/automotrices-apuestan-por-consumidor-boliviano\/#breadcrumb"},"inLanguage":"es","potentialAction":[{"@type":"ReadAction","target":["https:\/\/www.eldiario.net\/portal\/2024\/07\/29\/automotrices-apuestan-por-consumidor-boliviano\/"]}]},{"@type":"ImageObject","inLanguage":"es","@id":"https:\/\/www.eldiario.net\/portal\/2024\/07\/29\/automotrices-apuestan-por-consumidor-boliviano\/#primaryimage","url":"https:\/\/www.eldiario.net\/portal\/wp-content\/uploads\/2024\/07\/autos.jpg","contentUrl":"https:\/\/www.eldiario.net\/portal\/wp-content\/uploads\/2024\/07\/autos.jpg","width":1200,"height":900,"caption":"Ejecutivos de autoStar plantean alternativas a las personas para comprar movilidades."},{"@type":"BreadcrumbList","@id":"https:\/\/www.eldiario.net\/portal\/2024\/07\/29\/automotrices-apuestan-por-consumidor-boliviano\/#breadcrumb","itemListElement":[{"@type":"ListItem","position":1,"name":"Portada","item":"https:\/\/www.eldiario.net\/portal\/"},{"@type":"ListItem","position":2,"name":"Automotrices apuestan por consumidor boliviano"}]},{"@type":"WebSite","@id":"https:\/\/www.eldiario.net\/portal\/#website","url":"https:\/\/www.eldiario.net\/portal\/","name":"El Diario - Decano de la prensa nacional","description":"El Diario - Decano de la prensa nacional","publisher":{"@id":"https:\/\/www.eldiario.net\/portal\/#organization"},"potentialAction":[{"@type":"SearchAction","target":{"@type":"EntryPoint","urlTemplate":"https:\/\/www.eldiario.net\/portal\/?s={search_term_string}"},"query-input":{"@type":"PropertyValueSpecification","valueRequired":true,"valueName":"search_term_string"}}],"inLanguage":"es"},{"@type":"Organization","@id":"https:\/\/www.eldiario.net\/portal\/#organization","name":"El Diario - Decano de la prensa nacional","url":"https:\/\/www.eldiario.net\/portal\/","logo":{"@type":"ImageObject","inLanguage":"es","@id":"https:\/\/www.eldiario.net\/portal\/#\/schema\/logo\/image\/","url":"https:\/\/www.eldiario.net\/portal\/wp-content\/uploads\/2023\/07\/logo_ED.jpg","contentUrl":"https:\/\/www.eldiario.net\/portal\/wp-content\/uploads\/2023\/07\/logo_ED.jpg","width":272,"height":52,"caption":"El Diario - Decano de la prensa nacional"},"image":{"@id":"https:\/\/www.eldiario.net\/portal\/#\/schema\/logo\/image\/"},"sameAs":["https:\/\/www.facebook.com\/eldiario.bolivia\/","https:\/\/x.com\/eldiario_net"]},{"@type":"Person","@id":"https:\/\/www.eldiario.net\/portal\/#\/schema\/person\/f46445640444750d7d753ccd04ae01b7","name":"Jeanette","image":{"@type":"ImageObject","inLanguage":"es","@id":"https:\/\/secure.gravatar.com\/avatar\/3ea2118a5f7dad2b7138b1187a6b7ee55f160b9968b66013c3a3ef39dd7e5798?s=96&d=mm&r=g","url":"https:\/\/secure.gravatar.com\/avatar\/3ea2118a5f7dad2b7138b1187a6b7ee55f160b9968b66013c3a3ef39dd7e5798?s=96&d=mm&r=g","contentUrl":"https:\/\/secure.gravatar.com\/avatar\/3ea2118a5f7dad2b7138b1187a6b7ee55f160b9968b66013c3a3ef39dd7e5798?s=96&d=mm&r=g","caption":"Jeanette"},"sameAs":["https:\/\/www.eldiario.net\/portal"],"url":"https:\/\/www.eldiario.net\/portal\/author\/jeanette\/"}]}},"_links":{"self":[{"href":"https:\/\/www.eldiario.net\/portal\/wp-json\/wp\/v2\/posts\/237094","targetHints":{"allow":["GET"]}}],"collection":[{"href":"https:\/\/www.eldiario.net\/portal\/wp-json\/wp\/v2\/posts"}],"about":[{"href":"https:\/\/www.eldiario.net\/portal\/wp-json\/wp\/v2\/types\/post"}],"author":[{"embeddable":true,"href":"https:\/\/www.eldiario.net\/portal\/wp-json\/wp\/v2\/users\/1"}],"replies":[{"embeddable":true,"href":"https:\/\/www.eldiario.net\/portal\/wp-json\/wp\/v2\/comments?post=237094"}],"version-history":[{"count":1,"href":"https:\/\/www.eldiario.net\/portal\/wp-json\/wp\/v2\/posts\/237094\/revisions"}],"predecessor-version":[{"id":237096,"href":"https:\/\/www.eldiario.net\/portal\/wp-json\/wp\/v2\/posts\/237094\/revisions\/237096"}],"wp:featuredmedia":[{"embeddable":true,"href":"https:\/\/www.eldiario.net\/portal\/wp-json\/wp\/v2\/media\/237095"}],"wp:attachment":[{"href":"https:\/\/www.eldiario.net\/portal\/wp-json\/wp\/v2\/media?parent=237094"}],"wp:term":[{"taxonomy":"category","embeddable":true,"href":"https:\/\/www.eldiario.net\/portal\/wp-json\/wp\/v2\/categories?post=237094"},{"taxonomy":"post_tag","embeddable":true,"href":"https:\/\/www.eldiario.net\/portal\/wp-json\/wp\/v2\/tags?post=237094"}],"curies":[{"name":"wp","href":"https:\/\/api.w.org\/{rel}","templated":true}]}}