{"id":236727,"date":"2024-07-27T07:00:07","date_gmt":"2024-07-27T11:00:07","guid":{"rendered":"https:\/\/www.eldiario.net\/portal\/?p=236727"},"modified":"2024-07-27T07:00:07","modified_gmt":"2024-07-27T11:00:07","slug":"bandas-criminales-acuerdan-paz-tras-dos-anos-de-violencia","status":"publish","type":"post","link":"https:\/\/www.eldiario.net\/portal\/2024\/07\/27\/bandas-criminales-acuerdan-paz-tras-dos-anos-de-violencia\/","title":{"rendered":"Bandas criminales acuerdan  paz tras dos a\u00f1os de violencia"},"content":{"rendered":"<p class=\"v1MsoNormal\">Despu\u00e9s de m\u00e1s de dos a\u00f1os de violencia, los residentes del barrio Nan Brooklyn pueden viajar a Nan Boston sin preocupaciones y viceversa. Los principales l\u00edderes de las bandas armadas de Hait\u00ed firmaron un acuerdo de paz en el barrio de Cit\u00e9 Soleil, uno de los m\u00e1s peligrosos de la capital Puerto Pr\u00edncipe.<\/p>\n<p class=\"v1MsoNormal\">Seg\u00fan fuentes locales, el pastor Enock Joseph, quien particip\u00f3 en la firma del pacto, comparti\u00f3 fotos y videos del evento en las redes sociales y calific\u00f3 el momento como \u00abhist\u00f3rico\u00bb, en el cual \u00abJimmy Ch\u00e9risier, conocido como \u00abBarbecue\u00bb, Mathias y Gabriel, dos antiguos rivales, se reunieron para sellar esta decisi\u00f3n\u00bb.<\/p>\n<p class=\"v1MsoNormal\">Joseph explic\u00f3 que \u00abdesde hace varios meses no ha habido m\u00e1s enfrentamientos entre bandas rivales. Sin embargo, era dif\u00edcil transitar por ciertas calles de la Avenue Soleil, conocidas como &#8216;Var&#8217;, donde los tiradores disparaban contra todo lo que se mov\u00eda. Hoy, los l\u00edderes de las bandas decidieron destruir estos refugios con excavadoras\u00bb.<\/p>\n<p class=\"v1MsoNormal\">\u00a0\u00abLos residentes salieron a las calles para celebrar esta paz. Hoy, despu\u00e9s de m\u00e1s de dos a\u00f1os, los residentes del barrio Nan Brooklyn pudieron viajar a Nan Boston sin preocupaciones y viceversa\u00bb, agreg\u00f3 el pastor, quien agreg\u00f3 que estos dos sectores fueron escenario de sangrientos enfrentamientos a lo largo del conflicto. (7d\u00edas)<\/p>\n","protected":false},"excerpt":{"rendered":"<p>Despu\u00e9s de m\u00e1s de dos a\u00f1os de violencia, los residentes del barrio Nan Brooklyn pueden viajar a Nan Boston sin preocupaciones y viceversa. Los principales l\u00edderes de las bandas armadas de Hait\u00ed firmaron un acuerdo de paz en el barrio de Cit\u00e9 Soleil, uno de los m\u00e1s peligrosos de la capital Puerto Pr\u00edncipe. Seg\u00fan fuentes [&hellip;]<\/p>\n","protected":false},"author":1,"featured_media":236728,"comment_status":"open","ping_status":"open","sticky":false,"template":"","format":"standard","meta":{"_acf_changed":false,"footnotes":""},"categories":[3],"tags":[],"class_list":["post-236727","post","type-post","status-publish","format-standard","has-post-thumbnail","category-internacional"],"acf":{"antetitulo":"En Haiti"},"yoast_head":"<!-- This site is optimized with the Yoast SEO plugin v28.3 - https:\/\/yoast.com\/product\/yoast-seo-wordpress\/ -->\n<title>Bandas criminales acuerdan paz tras dos a\u00f1os de violencia - El Diario - Bolivia<\/title>\n<meta name=\"robots\" content=\"index, follow, max-snippet:-1, max-image-preview:large, max-video-preview:-1\" \/>\n<link rel=\"canonical\" href=\"https:\/\/www.eldiario.net\/portal\/2024\/07\/27\/bandas-criminales-acuerdan-paz-tras-dos-anos-de-violencia\/\" \/>\n<meta property=\"og:locale\" content=\"es_ES\" \/>\n<meta property=\"og:type\" content=\"article\" \/>\n<meta property=\"og:title\" content=\"Bandas criminales acuerdan paz tras dos a\u00f1os de violencia - El Diario - Bolivia\" \/>\n<meta property=\"og:description\" content=\"Despu\u00e9s de m\u00e1s de dos a\u00f1os de violencia, los residentes del barrio Nan Brooklyn pueden viajar a Nan Boston sin preocupaciones y viceversa. Los principales l\u00edderes de las bandas armadas de Hait\u00ed firmaron un acuerdo de paz en el barrio de Cit\u00e9 Soleil, uno de los m\u00e1s peligrosos de la capital Puerto Pr\u00edncipe. Seg\u00fan fuentes [&hellip;]\" \/>\n<meta property=\"og:url\" content=\"https:\/\/www.eldiario.net\/portal\/2024\/07\/27\/bandas-criminales-acuerdan-paz-tras-dos-anos-de-violencia\/\" \/>\n<meta property=\"og:site_name\" content=\"El Diario - Bolivia\" \/>\n<meta property=\"article:publisher\" content=\"https:\/\/www.facebook.com\/eldiario.bolivia\/\" \/>\n<meta property=\"article:published_time\" content=\"2024-07-27T11:00:07+00:00\" \/>\n<meta property=\"og:image\" content=\"https:\/\/www.eldiario.net\/portal\/wp-content\/uploads\/2024\/07\/Haiti-Paz-Efe.jpg.webp\" \/>\n\t<meta property=\"og:image:width\" content=\"1024\" \/>\n\t<meta property=\"og:image:height\" content=\"576\" \/>\n\t<meta property=\"og:image:type\" content=\"image\/webp\" \/>\n<meta name=\"author\" content=\"Jeanette\" \/>\n<meta name=\"twitter:card\" content=\"summary_large_image\" \/>\n<meta name=\"twitter:creator\" content=\"@eldiario_net\" \/>\n<meta name=\"twitter:site\" content=\"@eldiario_net\" \/>\n<meta name=\"twitter:label1\" content=\"Escrito por\" \/>\n\t<meta name=\"twitter:data1\" content=\"Jeanette\" \/>\n\t<meta name=\"twitter:label2\" content=\"Tiempo de lectura\" \/>\n\t<meta name=\"twitter:data2\" content=\"2 minutos\" \/>\n<script type=\"application\/ld+json\" class=\"yoast-schema-graph\">{\"@context\":\"https:\\\/\\\/schema.org\",\"@graph\":[{\"@type\":\"Article\",\"@id\":\"https:\\\/\\\/www.eldiario.net\\\/portal\\\/2024\\\/07\\\/27\\\/bandas-criminales-acuerdan-paz-tras-dos-anos-de-violencia\\\/#article\",\"isPartOf\":{\"@id\":\"https:\\\/\\\/www.eldiario.net\\\/portal\\\/2024\\\/07\\\/27\\\/bandas-criminales-acuerdan-paz-tras-dos-anos-de-violencia\\\/\"},\"author\":{\"name\":\"Jeanette\",\"@id\":\"https:\\\/\\\/www.eldiario.net\\\/portal\\\/#\\\/schema\\\/person\\\/f46445640444750d7d753ccd04ae01b7\"},\"headline\":\"Bandas criminales acuerdan paz tras dos a\u00f1os de violencia\",\"datePublished\":\"2024-07-27T11:00:07+00:00\",\"mainEntityOfPage\":{\"@id\":\"https:\\\/\\\/www.eldiario.net\\\/portal\\\/2024\\\/07\\\/27\\\/bandas-criminales-acuerdan-paz-tras-dos-anos-de-violencia\\\/\"},\"wordCount\":235,\"commentCount\":0,\"publisher\":{\"@id\":\"https:\\\/\\\/www.eldiario.net\\\/portal\\\/#organization\"},\"image\":{\"@id\":\"https:\\\/\\\/www.eldiario.net\\\/portal\\\/2024\\\/07\\\/27\\\/bandas-criminales-acuerdan-paz-tras-dos-anos-de-violencia\\\/#primaryimage\"},\"thumbnailUrl\":\"https:\\\/\\\/www.eldiario.net\\\/portal\\\/wp-content\\\/uploads\\\/2024\\\/07\\\/Haiti-Paz-Efe.jpg.webp\",\"articleSection\":[\"Internacional\"],\"inLanguage\":\"es\",\"potentialAction\":[{\"@type\":\"CommentAction\",\"name\":\"Comment\",\"target\":[\"https:\\\/\\\/www.eldiario.net\\\/portal\\\/2024\\\/07\\\/27\\\/bandas-criminales-acuerdan-paz-tras-dos-anos-de-violencia\\\/#respond\"]}]},{\"@type\":\"WebPage\",\"@id\":\"https:\\\/\\\/www.eldiario.net\\\/portal\\\/2024\\\/07\\\/27\\\/bandas-criminales-acuerdan-paz-tras-dos-anos-de-violencia\\\/\",\"url\":\"https:\\\/\\\/www.eldiario.net\\\/portal\\\/2024\\\/07\\\/27\\\/bandas-criminales-acuerdan-paz-tras-dos-anos-de-violencia\\\/\",\"name\":\"Bandas criminales acuerdan paz tras dos a\u00f1os de violencia - El Diario - Bolivia\",\"isPartOf\":{\"@id\":\"https:\\\/\\\/www.eldiario.net\\\/portal\\\/#website\"},\"primaryImageOfPage\":{\"@id\":\"https:\\\/\\\/www.eldiario.net\\\/portal\\\/2024\\\/07\\\/27\\\/bandas-criminales-acuerdan-paz-tras-dos-anos-de-violencia\\\/#primaryimage\"},\"image\":{\"@id\":\"https:\\\/\\\/www.eldiario.net\\\/portal\\\/2024\\\/07\\\/27\\\/bandas-criminales-acuerdan-paz-tras-dos-anos-de-violencia\\\/#primaryimage\"},\"thumbnailUrl\":\"https:\\\/\\\/www.eldiario.net\\\/portal\\\/wp-content\\\/uploads\\\/2024\\\/07\\\/Haiti-Paz-Efe.jpg.webp\",\"datePublished\":\"2024-07-27T11:00:07+00:00\",\"breadcrumb\":{\"@id\":\"https:\\\/\\\/www.eldiario.net\\\/portal\\\/2024\\\/07\\\/27\\\/bandas-criminales-acuerdan-paz-tras-dos-anos-de-violencia\\\/#breadcrumb\"},\"inLanguage\":\"es\",\"potentialAction\":[{\"@type\":\"ReadAction\",\"target\":[\"https:\\\/\\\/www.eldiario.net\\\/portal\\\/2024\\\/07\\\/27\\\/bandas-criminales-acuerdan-paz-tras-dos-anos-de-violencia\\\/\"]}]},{\"@type\":\"ImageObject\",\"inLanguage\":\"es\",\"@id\":\"https:\\\/\\\/www.eldiario.net\\\/portal\\\/2024\\\/07\\\/27\\\/bandas-criminales-acuerdan-paz-tras-dos-anos-de-violencia\\\/#primaryimage\",\"url\":\"https:\\\/\\\/www.eldiario.net\\\/portal\\\/wp-content\\\/uploads\\\/2024\\\/07\\\/Haiti-Paz-Efe.jpg.webp\",\"contentUrl\":\"https:\\\/\\\/www.eldiario.net\\\/portal\\\/wp-content\\\/uploads\\\/2024\\\/07\\\/Haiti-Paz-Efe.jpg.webp\",\"width\":1024,\"height\":576,\"caption\":\"Vuelve la tranquilidad a la capital Puerto Pr\u00edncipe. CR\u00c9DITO: EFE\"},{\"@type\":\"BreadcrumbList\",\"@id\":\"https:\\\/\\\/www.eldiario.net\\\/portal\\\/2024\\\/07\\\/27\\\/bandas-criminales-acuerdan-paz-tras-dos-anos-de-violencia\\\/#breadcrumb\",\"itemListElement\":[{\"@type\":\"ListItem\",\"position\":1,\"name\":\"Portada\",\"item\":\"https:\\\/\\\/www.eldiario.net\\\/portal\\\/\"},{\"@type\":\"ListItem\",\"position\":2,\"name\":\"Bandas criminales acuerdan paz tras dos a\u00f1os de violencia\"}]},{\"@type\":\"WebSite\",\"@id\":\"https:\\\/\\\/www.eldiario.net\\\/portal\\\/#website\",\"url\":\"https:\\\/\\\/www.eldiario.net\\\/portal\\\/\",\"name\":\"El Diario - Decano de la prensa nacional\",\"description\":\"El Diario - Decano de la prensa nacional\",\"publisher\":{\"@id\":\"https:\\\/\\\/www.eldiario.net\\\/portal\\\/#organization\"},\"potentialAction\":[{\"@type\":\"SearchAction\",\"target\":{\"@type\":\"EntryPoint\",\"urlTemplate\":\"https:\\\/\\\/www.eldiario.net\\\/portal\\\/?s={search_term_string}\"},\"query-input\":{\"@type\":\"PropertyValueSpecification\",\"valueRequired\":true,\"valueName\":\"search_term_string\"}}],\"inLanguage\":\"es\"},{\"@type\":\"Organization\",\"@id\":\"https:\\\/\\\/www.eldiario.net\\\/portal\\\/#organization\",\"name\":\"El Diario - Decano de la prensa nacional\",\"url\":\"https:\\\/\\\/www.eldiario.net\\\/portal\\\/\",\"logo\":{\"@type\":\"ImageObject\",\"inLanguage\":\"es\",\"@id\":\"https:\\\/\\\/www.eldiario.net\\\/portal\\\/#\\\/schema\\\/logo\\\/image\\\/\",\"url\":\"https:\\\/\\\/www.eldiario.net\\\/portal\\\/wp-content\\\/uploads\\\/2023\\\/07\\\/logo_ED.jpg\",\"contentUrl\":\"https:\\\/\\\/www.eldiario.net\\\/portal\\\/wp-content\\\/uploads\\\/2023\\\/07\\\/logo_ED.jpg\",\"width\":272,\"height\":52,\"caption\":\"El Diario - Decano de la prensa nacional\"},\"image\":{\"@id\":\"https:\\\/\\\/www.eldiario.net\\\/portal\\\/#\\\/schema\\\/logo\\\/image\\\/\"},\"sameAs\":[\"https:\\\/\\\/www.facebook.com\\\/eldiario.bolivia\\\/\",\"https:\\\/\\\/x.com\\\/eldiario_net\"]},{\"@type\":\"Person\",\"@id\":\"https:\\\/\\\/www.eldiario.net\\\/portal\\\/#\\\/schema\\\/person\\\/f46445640444750d7d753ccd04ae01b7\",\"name\":\"Jeanette\",\"image\":{\"@type\":\"ImageObject\",\"inLanguage\":\"es\",\"@id\":\"https:\\\/\\\/secure.gravatar.com\\\/avatar\\\/3ea2118a5f7dad2b7138b1187a6b7ee55f160b9968b66013c3a3ef39dd7e5798?s=96&d=mm&r=g\",\"url\":\"https:\\\/\\\/secure.gravatar.com\\\/avatar\\\/3ea2118a5f7dad2b7138b1187a6b7ee55f160b9968b66013c3a3ef39dd7e5798?s=96&d=mm&r=g\",\"contentUrl\":\"https:\\\/\\\/secure.gravatar.com\\\/avatar\\\/3ea2118a5f7dad2b7138b1187a6b7ee55f160b9968b66013c3a3ef39dd7e5798?s=96&d=mm&r=g\",\"caption\":\"Jeanette\"},\"sameAs\":[\"https:\\\/\\\/www.eldiario.net\\\/portal\"],\"url\":\"https:\\\/\\\/www.eldiario.net\\\/portal\\\/author\\\/jeanette\\\/\"}]}<\/script>\n<!-- \/ Yoast SEO plugin. -->","yoast_head_json":{"title":"Bandas criminales acuerdan paz tras dos a\u00f1os de violencia - El Diario - Bolivia","robots":{"index":"index","follow":"follow","max-snippet":"max-snippet:-1","max-image-preview":"max-image-preview:large","max-video-preview":"max-video-preview:-1"},"canonical":"https:\/\/www.eldiario.net\/portal\/2024\/07\/27\/bandas-criminales-acuerdan-paz-tras-dos-anos-de-violencia\/","og_locale":"es_ES","og_type":"article","og_title":"Bandas criminales acuerdan paz tras dos a\u00f1os de violencia - El Diario - Bolivia","og_description":"Despu\u00e9s de m\u00e1s de dos a\u00f1os de violencia, los residentes del barrio Nan Brooklyn pueden viajar a Nan Boston sin preocupaciones y viceversa. Los principales l\u00edderes de las bandas armadas de Hait\u00ed firmaron un acuerdo de paz en el barrio de Cit\u00e9 Soleil, uno de los m\u00e1s peligrosos de la capital Puerto Pr\u00edncipe. Seg\u00fan fuentes [&hellip;]","og_url":"https:\/\/www.eldiario.net\/portal\/2024\/07\/27\/bandas-criminales-acuerdan-paz-tras-dos-anos-de-violencia\/","og_site_name":"El Diario - Bolivia","article_publisher":"https:\/\/www.facebook.com\/eldiario.bolivia\/","article_published_time":"2024-07-27T11:00:07+00:00","og_image":[{"width":1024,"height":576,"url":"https:\/\/www.eldiario.net\/portal\/wp-content\/uploads\/2024\/07\/Haiti-Paz-Efe.jpg.webp","type":"image\/webp"}],"author":"Jeanette","twitter_card":"summary_large_image","twitter_creator":"@eldiario_net","twitter_site":"@eldiario_net","twitter_misc":{"Escrito por":"Jeanette","Tiempo de lectura":"2 minutos"},"schema":{"@context":"https:\/\/schema.org","@graph":[{"@type":"Article","@id":"https:\/\/www.eldiario.net\/portal\/2024\/07\/27\/bandas-criminales-acuerdan-paz-tras-dos-anos-de-violencia\/#article","isPartOf":{"@id":"https:\/\/www.eldiario.net\/portal\/2024\/07\/27\/bandas-criminales-acuerdan-paz-tras-dos-anos-de-violencia\/"},"author":{"name":"Jeanette","@id":"https:\/\/www.eldiario.net\/portal\/#\/schema\/person\/f46445640444750d7d753ccd04ae01b7"},"headline":"Bandas criminales acuerdan paz tras dos a\u00f1os de violencia","datePublished":"2024-07-27T11:00:07+00:00","mainEntityOfPage":{"@id":"https:\/\/www.eldiario.net\/portal\/2024\/07\/27\/bandas-criminales-acuerdan-paz-tras-dos-anos-de-violencia\/"},"wordCount":235,"commentCount":0,"publisher":{"@id":"https:\/\/www.eldiario.net\/portal\/#organization"},"image":{"@id":"https:\/\/www.eldiario.net\/portal\/2024\/07\/27\/bandas-criminales-acuerdan-paz-tras-dos-anos-de-violencia\/#primaryimage"},"thumbnailUrl":"https:\/\/www.eldiario.net\/portal\/wp-content\/uploads\/2024\/07\/Haiti-Paz-Efe.jpg.webp","articleSection":["Internacional"],"inLanguage":"es","potentialAction":[{"@type":"CommentAction","name":"Comment","target":["https:\/\/www.eldiario.net\/portal\/2024\/07\/27\/bandas-criminales-acuerdan-paz-tras-dos-anos-de-violencia\/#respond"]}]},{"@type":"WebPage","@id":"https:\/\/www.eldiario.net\/portal\/2024\/07\/27\/bandas-criminales-acuerdan-paz-tras-dos-anos-de-violencia\/","url":"https:\/\/www.eldiario.net\/portal\/2024\/07\/27\/bandas-criminales-acuerdan-paz-tras-dos-anos-de-violencia\/","name":"Bandas criminales acuerdan paz tras dos a\u00f1os de violencia - El Diario - Bolivia","isPartOf":{"@id":"https:\/\/www.eldiario.net\/portal\/#website"},"primaryImageOfPage":{"@id":"https:\/\/www.eldiario.net\/portal\/2024\/07\/27\/bandas-criminales-acuerdan-paz-tras-dos-anos-de-violencia\/#primaryimage"},"image":{"@id":"https:\/\/www.eldiario.net\/portal\/2024\/07\/27\/bandas-criminales-acuerdan-paz-tras-dos-anos-de-violencia\/#primaryimage"},"thumbnailUrl":"https:\/\/www.eldiario.net\/portal\/wp-content\/uploads\/2024\/07\/Haiti-Paz-Efe.jpg.webp","datePublished":"2024-07-27T11:00:07+00:00","breadcrumb":{"@id":"https:\/\/www.eldiario.net\/portal\/2024\/07\/27\/bandas-criminales-acuerdan-paz-tras-dos-anos-de-violencia\/#breadcrumb"},"inLanguage":"es","potentialAction":[{"@type":"ReadAction","target":["https:\/\/www.eldiario.net\/portal\/2024\/07\/27\/bandas-criminales-acuerdan-paz-tras-dos-anos-de-violencia\/"]}]},{"@type":"ImageObject","inLanguage":"es","@id":"https:\/\/www.eldiario.net\/portal\/2024\/07\/27\/bandas-criminales-acuerdan-paz-tras-dos-anos-de-violencia\/#primaryimage","url":"https:\/\/www.eldiario.net\/portal\/wp-content\/uploads\/2024\/07\/Haiti-Paz-Efe.jpg.webp","contentUrl":"https:\/\/www.eldiario.net\/portal\/wp-content\/uploads\/2024\/07\/Haiti-Paz-Efe.jpg.webp","width":1024,"height":576,"caption":"Vuelve la tranquilidad a la capital Puerto Pr\u00edncipe. CR\u00c9DITO: EFE"},{"@type":"BreadcrumbList","@id":"https:\/\/www.eldiario.net\/portal\/2024\/07\/27\/bandas-criminales-acuerdan-paz-tras-dos-anos-de-violencia\/#breadcrumb","itemListElement":[{"@type":"ListItem","position":1,"name":"Portada","item":"https:\/\/www.eldiario.net\/portal\/"},{"@type":"ListItem","position":2,"name":"Bandas criminales acuerdan paz tras dos a\u00f1os de violencia"}]},{"@type":"WebSite","@id":"https:\/\/www.eldiario.net\/portal\/#website","url":"https:\/\/www.eldiario.net\/portal\/","name":"El Diario - Decano de la prensa nacional","description":"El Diario - Decano de la prensa nacional","publisher":{"@id":"https:\/\/www.eldiario.net\/portal\/#organization"},"potentialAction":[{"@type":"SearchAction","target":{"@type":"EntryPoint","urlTemplate":"https:\/\/www.eldiario.net\/portal\/?s={search_term_string}"},"query-input":{"@type":"PropertyValueSpecification","valueRequired":true,"valueName":"search_term_string"}}],"inLanguage":"es"},{"@type":"Organization","@id":"https:\/\/www.eldiario.net\/portal\/#organization","name":"El Diario - Decano de la prensa nacional","url":"https:\/\/www.eldiario.net\/portal\/","logo":{"@type":"ImageObject","inLanguage":"es","@id":"https:\/\/www.eldiario.net\/portal\/#\/schema\/logo\/image\/","url":"https:\/\/www.eldiario.net\/portal\/wp-content\/uploads\/2023\/07\/logo_ED.jpg","contentUrl":"https:\/\/www.eldiario.net\/portal\/wp-content\/uploads\/2023\/07\/logo_ED.jpg","width":272,"height":52,"caption":"El Diario - Decano de la prensa nacional"},"image":{"@id":"https:\/\/www.eldiario.net\/portal\/#\/schema\/logo\/image\/"},"sameAs":["https:\/\/www.facebook.com\/eldiario.bolivia\/","https:\/\/x.com\/eldiario_net"]},{"@type":"Person","@id":"https:\/\/www.eldiario.net\/portal\/#\/schema\/person\/f46445640444750d7d753ccd04ae01b7","name":"Jeanette","image":{"@type":"ImageObject","inLanguage":"es","@id":"https:\/\/secure.gravatar.com\/avatar\/3ea2118a5f7dad2b7138b1187a6b7ee55f160b9968b66013c3a3ef39dd7e5798?s=96&d=mm&r=g","url":"https:\/\/secure.gravatar.com\/avatar\/3ea2118a5f7dad2b7138b1187a6b7ee55f160b9968b66013c3a3ef39dd7e5798?s=96&d=mm&r=g","contentUrl":"https:\/\/secure.gravatar.com\/avatar\/3ea2118a5f7dad2b7138b1187a6b7ee55f160b9968b66013c3a3ef39dd7e5798?s=96&d=mm&r=g","caption":"Jeanette"},"sameAs":["https:\/\/www.eldiario.net\/portal"],"url":"https:\/\/www.eldiario.net\/portal\/author\/jeanette\/"}]}},"_links":{"self":[{"href":"https:\/\/www.eldiario.net\/portal\/wp-json\/wp\/v2\/posts\/236727","targetHints":{"allow":["GET"]}}],"collection":[{"href":"https:\/\/www.eldiario.net\/portal\/wp-json\/wp\/v2\/posts"}],"about":[{"href":"https:\/\/www.eldiario.net\/portal\/wp-json\/wp\/v2\/types\/post"}],"author":[{"embeddable":true,"href":"https:\/\/www.eldiario.net\/portal\/wp-json\/wp\/v2\/users\/1"}],"replies":[{"embeddable":true,"href":"https:\/\/www.eldiario.net\/portal\/wp-json\/wp\/v2\/comments?post=236727"}],"version-history":[{"count":1,"href":"https:\/\/www.eldiario.net\/portal\/wp-json\/wp\/v2\/posts\/236727\/revisions"}],"predecessor-version":[{"id":236729,"href":"https:\/\/www.eldiario.net\/portal\/wp-json\/wp\/v2\/posts\/236727\/revisions\/236729"}],"wp:featuredmedia":[{"embeddable":true,"href":"https:\/\/www.eldiario.net\/portal\/wp-json\/wp\/v2\/media\/236728"}],"wp:attachment":[{"href":"https:\/\/www.eldiario.net\/portal\/wp-json\/wp\/v2\/media?parent=236727"}],"wp:term":[{"taxonomy":"category","embeddable":true,"href":"https:\/\/www.eldiario.net\/portal\/wp-json\/wp\/v2\/categories?post=236727"},{"taxonomy":"post_tag","embeddable":true,"href":"https:\/\/www.eldiario.net\/portal\/wp-json\/wp\/v2\/tags?post=236727"}],"curies":[{"name":"wp","href":"https:\/\/api.w.org\/{rel}","templated":true}]}}