{"id":236713,"date":"2024-07-27T06:54:50","date_gmt":"2024-07-27T10:54:50","guid":{"rendered":"https:\/\/www.eldiario.net\/portal\/?p=236713"},"modified":"2024-07-27T06:54:50","modified_gmt":"2024-07-27T10:54:50","slug":"romantico-alegre-y-sincero-asi-fue-walker-duran-camacho","status":"publish","type":"post","link":"https:\/\/www.eldiario.net\/portal\/2024\/07\/27\/romantico-alegre-y-sincero-asi-fue-walker-duran-camacho\/","title":{"rendered":"Rom\u00e1ntico, alegre y sincero,  as\u00ed fue Walker Dur\u00e1n Camacho"},"content":{"rendered":"<p>Walker Dur\u00e1n fue la voz s\u00edmbolo y la carta de presentaci\u00f3n de M\u00e1mbole. Los mayores \u00e9xitos de la conocida orquesta boliviana fueron interpretados con su inconfundible timbre de voz. Hablamos de temas como \u201cHe venido, no he venido\u201d, \u201cVolver\u00e9\u201d, \u201cNadie quien te quiera como yo\u201d y \u201cTalento en televisi\u00f3n\u201d, sin duda, la canci\u00f3n m\u00e1s exitosa que Dur\u00e1n interpret\u00f3 a lo largo de su trayectoria art\u00edstica y con la que recorri\u00f3 varios pa\u00edses.<\/p>\n<p>El cantante pace\u00f1o falleci\u00f3 el domingo, tras sufrir un infarto cardiaco, y su partida caus\u00f3 profunda consternaci\u00f3n en el \u00e1mbito musical boliviano.<\/p>\n<p>Hoy le rendimos un homenaje p\u00f3stumo y lo recordamos extractando las entrevistas que Walker sostuvo con los suplementos Tu Gu\u00eda y La Gu\u00eda del peri\u00f3dico EL DIARIO.<\/p>\n<p>Walker Dur\u00e1n Camacho naci\u00f3 el 11 de septiembre en La Paz. Adem\u00e1s de m\u00fasico, fue profesor de nivel primaria y le encantaba jugar f\u00fatbol. Comenz\u00f3 su carrera haciendo folklore y despu\u00e9s ingres\u00f3 en el g\u00e9nero tropical, integrando el grupo Granada y posteriormente M\u00e1mbole, orquesta donde estuvo casi desde su creaci\u00f3n y que en septiembre cumplir\u00e1 40 a\u00f1os de carrera bajo la direcci\u00f3n de Armando Arano.<\/p>\n<p>Walker se defin\u00eda como una persona rom\u00e1ntica, alegre y sincera. El tema que m\u00e1s le gustaba cantar era la cumbia \u201cPenas\u201d, seg\u00fan cont\u00f3 a Tu Gu\u00eda.<\/p>\n<p>Para el cantante, M\u00e1mbole signific\u00f3 \u201cla mayor parte de su vida\u201d. \u201cMe siento muy feliz y realizado dentro de la familia M\u00e1mbole, compartiendo gratos momentos con los integrantes y tambi\u00e9n con el p\u00fablico que ha sabido valorar todo el trabajo de la orquesta. Quiero agradecer al Club de Fans, a todos los seguidores y mi familia por apoyarnos y comprender nuestra labor\u201d, dec\u00eda.<\/p>\n<p>Respecto al \u00e9xito que tuvo en su momento la canci\u00f3n \u201cTalento en televisi\u00f3n\u201d, y que muchos pensaban que era interpretada por una orquesta extranjera, Walker dijo que nunca se le hab\u00eda pasado por la cabeza que iba a gustar tanto. \u201cPero el p\u00fablico es el que manda, el que decide, el que pr\u00e1cticamente determina el \u00e9xito de un tema\u201d, afirmaba.<\/p>\n<p>El cantante dijo tambi\u00e9n que el momento que m\u00e1s le ha marcado en M\u00e1mbole fue, sin duda, su primera grabaci\u00f3n con la agrupaci\u00f3n orquestal.<\/p>\n<p>Pero tambi\u00e9n conocimos en otra faceta al fallecido vocalista. A continuaci\u00f3n, presentamos la entrevista que La Gu\u00eda le hizo para su sector <em>Los Sin Medios<\/em>, en el a\u00f1o 2018.<\/p>\n<p><strong>LG: \u00bfCADA CU\u00c1NTO VES TELEVISI\u00d3N Y QU\u00c9 PROGRAMA TE GUSTA M\u00c1S?<\/strong><\/p>\n<p>W: Veo todos los d\u00edas (sonr\u00ede), pero me gusta ver m\u00e1s los programas deportivos, como los de Fox Sport, todo lo referente al f\u00fatbol y un poco de noticias.<\/p>\n<p><strong>LG: \u00bfQU\u00c9 RESCATAS DE LA TELEVISI\u00d3N BOLIVIANA?<\/strong><\/p>\n<p>W: Mmm\u2026 es complicado\u2026 casi nada hay, por eso no miro casi televisi\u00f3n nacional, prefiero el cable.<\/p>\n<p><strong>LG: \u00bfY QU\u00c9 LE FALTA?<\/strong><\/p>\n<p>W: Nos falta mucha producci\u00f3n nacional, falta creatividad para lanzar programas novedosos porque muchas de las propuestas tienen casi el mismo formato.<\/p>\n<p><strong>LG: \u00bfA QU\u00c9 PERIODISTA DE LA TV BOLIVIANA ADMIRAS?<\/strong><\/p>\n<p>W: A muchos admiro, pero rescato a uno por su amistad y carisma, a John Arandia. Cuando estaba en la tele siempre segu\u00eda su programa.<\/p>\n<p><strong>LG: Y DE LA RADIO, \u00bfQU\u00c9 ESCUCHAS?, \u00bfALGUNA EMISORA O PROGRAMA EN ESPECIAL?<\/strong><\/p>\n<p>W: Escucho radios tropicales (sonr\u00ede), como Chacaltaya, Gigante y la de Coco Ortega.<\/p>\n<p><strong>LG: \u00bfUN BUEN CONDUCTOR DE RADIO?<\/strong><\/p>\n<p>W: Mi amigo Coco Ortega, tiene un gran carisma y buen timbre de voz, para m\u00ed es uno de los mejores locutores tropicaleros.<\/p>\n<p><strong>LG: \u00bfEL PROGRAMA DE TELEVISI\u00d3N O RADIO QUE TE MARC\u00d3 Y POR QU\u00c9?<\/strong><\/p>\n<p>W: El programa que me marc\u00f3 fue <em>Musical\u00edsimo<\/em>, que se difund\u00eda por Canal 7, en los a\u00f1os 70. Ah\u00ed conoc\u00ed a Luis Aguilera. No me perd\u00eda ese programa, llegaban artistas de renombre.<\/p>\n<p><strong>LG: IMAGINEMOS QUE EST\u00c1S EN LA TV O EN LA RADIO, \u00bfQU\u00c9 TIPO DE PROGRAMA HAR\u00cdAS?<\/strong><\/p>\n<p>W: Ya estoy inmerso en la m\u00fasica por 33 a\u00f1os y m\u00e1s, as\u00ed que har\u00eda un programa tropical, le pondr\u00eda entretenimiento, con un formato m\u00e1s ameno y mantener a la gente sin poder pesta\u00f1ear (sonr\u00ede).<\/p>\n<p><strong>LG: \u00bfCU\u00c1NDO FUE LA \u00daLTIMA VEZ QUE FUISTE AL TEATRO Y QU\u00c9 OBRA VISTE?<\/strong><\/p>\n<p>W: No tuve la suerte de ir al teatro por largo tiempo.<\/p>\n<p><strong>LG: DE LAS PEL\u00cdCULAS BOLIVIANAS QUE VISTE, \u00bfCU\u00c1L TE GUST\u00d3?<\/strong><\/p>\n<p>W: Sin lugar a dudas la pel\u00edcula nacional que me marc\u00f3 fue <em>Mi Socio<\/em>. Tiene una trama divertida y real, adem\u00e1s de que sus paisajes son hermosos.<\/p>\n<p><strong>LG: \u00bfUN ACTOR O ACTRIZ BOLIVIAN@ (CINE O TEATRO) QUE TE AGRADE?<\/strong><\/p>\n<p>W: Agar Del\u00f3s, una actriz muy profesional, una se\u00f1ora muy carism\u00e1tica y muy completa en el campo de la actuaci\u00f3n.<\/p>\n<p><strong>LG: \u00bfGRUPO NACIONAL PREFERIDO?<\/strong><\/p>\n<p>W: En folclore innegablemente <em>Los Kjarkas<\/em> porque han hecho historia y en lo tropical me gustaba la <em>Swingbaly<\/em>, una linda orquesta por sus arreglos.<\/p>\n<p><strong>LG: DE CANTANTES BOLIVIANOS, \u00bfQU\u00c9 VOZ TE AGRADA?<\/strong><\/p>\n<p>W: Me quedo con la voz de Carlos Palenque, he sido gran seguidor de <em>Los Caminantes<\/em> y cuando \u00e9l fue solista, ten\u00eda un timbre indiscutible, y tambi\u00e9n me gustar\u00eda mencionar a Percy Bellido, grandes valores de la m\u00fasica folcl\u00f3rica nacional.<\/p>\n<p><strong>LG: \u00bfQU\u00c9 OTRO TALENTO TE HUBIESE GUSTADO TENER, APARTE DEL QUE YA POSEES PARA LA M\u00daSICA?<\/strong><\/p>\n<p>W: Dios me dio un talento grande, jugu\u00e9 mucho al f\u00fatbol, jugaba en el medio campo y por motivos particulares ya no pude seguir, es una de mis frustraciones, pero, bueno\u2026<\/p>\n<p><strong>LG: \u00bfQU\u00c9 HAR\u00cdAS EN LOS MEDIOS DE COMUNICACI\u00d3N SI FUERAS INVISIBLE POR UN D\u00cdA?<\/strong><\/p>\n<p>W: Tratar\u00eda de entrar en las mentes de los productores y darles recomendaciones sobre c\u00f3mo optimizar la programaci\u00f3n porque, como dije, falta mucho para mejorar los programas, lo bueno ser\u00eda no agarrar el control para cambiar de canal (sonr\u00ede).<\/p>\n\r\n                <style type=\"text\/css\">\r\n                    \r\n                    #tdi_1  .td-doubleSlider-2 .td-item1 {\r\n                        background: url(https:\/\/www.eldiario.net\/portal\/wp-content\/uploads\/2024\/07\/Walker-1PRINCIPAL-80x60.jpg) 0 0 no-repeat;\r\n                    }\r\n                    #tdi_1  .td-doubleSlider-2 .td-item2 {\r\n                        background: url(https:\/\/www.eldiario.net\/portal\/wp-content\/uploads\/2024\/07\/Walker-2-80x60.jpg) 0 0 no-repeat;\r\n                    }\r\n                    #tdi_1  .td-doubleSlider-2 .td-item3 {\r\n                        background: url(https:\/\/www.eldiario.net\/portal\/wp-content\/uploads\/2024\/07\/walker-3-80x60.jpg) 0 0 no-repeat;\r\n                    }\r\n                <\/style>\r\n\r\n                <div id=\"tdi_1\" class=\"td-gallery td-slide-on-2-columns\">\r\n                    <div class=\"post_td_gallery\">\r\n                        <div class=\"td-gallery-slide-top\">\r\n                           <div class=\"td-gallery-title\"><\/div>\r\n\r\n                            <div class=\"td-gallery-controls-wrapper\">\r\n                                <div class=\"td-gallery-slide-count\"><span class=\"td-gallery-slide-item-focus\">1<\/span> de 3<\/div>\r\n                                <div class=\"td-gallery-slide-prev-next-but\">\r\n                                    <i class = \"td-icon-left doubleSliderPrevButton\"><\/i>\r\n                                    <i class = \"td-icon-right doubleSliderNextButton\"><\/i>\r\n                                <\/div>\r\n                            <\/div>\r\n                        <\/div>\r\n\r\n                        <div class = \"td-doubleSlider-1 \">\r\n                            <div class = \"td-slider\">\r\n                                \r\n                    <div class = \"td-slide-item td-item1\">\r\n                        <figure class=\"td-slide-galery-figure td-slide-popup-gallery\">\r\n                            <a class=\"slide-gallery-image-link\" href=\"https:\/\/www.eldiario.net\/portal\/wp-content\/uploads\/2024\/07\/Walker-1PRINCIPAL.jpg\" title=\"Walker-1PRINCIPAL\"  data-caption=\"\"  data-description=\"\">\r\n                                <img decoding=\"async\" src=\"https:\/\/www.eldiario.net\/portal\/wp-content\/uploads\/2024\/07\/Walker-1PRINCIPAL-762x420.jpg\" srcset=\"https:\/\/www.eldiario.net\/portal\/wp-content\/uploads\/2024\/07\/Walker-1PRINCIPAL-762x420.jpg 762w, https:\/\/www.eldiario.net\/portal\/wp-content\/uploads\/2024\/07\/Walker-1PRINCIPAL-300x165.jpg 300w, https:\/\/www.eldiario.net\/portal\/wp-content\/uploads\/2024\/07\/Walker-1PRINCIPAL-1024x564.jpg 1024w, https:\/\/www.eldiario.net\/portal\/wp-content\/uploads\/2024\/07\/Walker-1PRINCIPAL-768x423.jpg 768w, https:\/\/www.eldiario.net\/portal\/wp-content\/uploads\/2024\/07\/Walker-1PRINCIPAL-696x383.jpg 696w, https:\/\/www.eldiario.net\/portal\/wp-content\/uploads\/2024\/07\/Walker-1PRINCIPAL-1068x588.jpg 1068w, https:\/\/www.eldiario.net\/portal\/wp-content\/uploads\/2024\/07\/Walker-1PRINCIPAL.jpg 1200w\" sizes=\"(max-width: 762px) 100vw, 762px\" alt=\"\">\r\n                            <\/a>\r\n                            \r\n                        <\/figure>\r\n                    <\/div>\r\n                    <div class = \"td-slide-item td-item2\">\r\n                        <figure class=\"td-slide-galery-figure td-slide-popup-gallery\">\r\n                            <a class=\"slide-gallery-image-link\" href=\"https:\/\/www.eldiario.net\/portal\/wp-content\/uploads\/2024\/07\/Walker-2.jpg\" title=\"Walker-2\"  data-caption=\"\"  data-description=\"\">\r\n                                <img decoding=\"async\" src=\"https:\/\/www.eldiario.net\/portal\/wp-content\/uploads\/2024\/07\/Walker-2-420x420.jpg\" srcset=\"https:\/\/www.eldiario.net\/portal\/wp-content\/uploads\/2024\/07\/Walker-2-420x420.jpg 420w, https:\/\/www.eldiario.net\/portal\/wp-content\/uploads\/2024\/07\/Walker-2-300x300.jpg 300w, https:\/\/www.eldiario.net\/portal\/wp-content\/uploads\/2024\/07\/Walker-2-150x150.jpg 150w, https:\/\/www.eldiario.net\/portal\/wp-content\/uploads\/2024\/07\/Walker-2-768x768.jpg 768w, https:\/\/www.eldiario.net\/portal\/wp-content\/uploads\/2024\/07\/Walker-2-696x696.jpg 696w, https:\/\/www.eldiario.net\/portal\/wp-content\/uploads\/2024\/07\/Walker-2.jpg 787w\" sizes=\"(max-width: 420px) 100vw, 420px\" alt=\"\">\r\n                            <\/a>\r\n                            \r\n                        <\/figure>\r\n                    <\/div>\r\n                    <div class = \"td-slide-item td-item3\">\r\n                        <figure class=\"td-slide-galery-figure td-slide-popup-gallery\">\r\n                            <a class=\"slide-gallery-image-link\" href=\"https:\/\/www.eldiario.net\/portal\/wp-content\/uploads\/2024\/07\/walker-3.jpg\" title=\"walker-3\"  data-caption=\"\"  data-description=\"\">\r\n                                <img decoding=\"async\" src=\"https:\/\/www.eldiario.net\/portal\/wp-content\/uploads\/2024\/07\/walker-3-630x420.jpg\" srcset=\"https:\/\/www.eldiario.net\/portal\/wp-content\/uploads\/2024\/07\/walker-3-630x420.jpg 630w, https:\/\/www.eldiario.net\/portal\/wp-content\/uploads\/2024\/07\/walker-3-300x200.jpg 300w, https:\/\/www.eldiario.net\/portal\/wp-content\/uploads\/2024\/07\/walker-3-1024x683.jpg 1024w, https:\/\/www.eldiario.net\/portal\/wp-content\/uploads\/2024\/07\/walker-3-768x512.jpg 768w, https:\/\/www.eldiario.net\/portal\/wp-content\/uploads\/2024\/07\/walker-3-696x464.jpg 696w, https:\/\/www.eldiario.net\/portal\/wp-content\/uploads\/2024\/07\/walker-3-1068x712.jpg 1068w, https:\/\/www.eldiario.net\/portal\/wp-content\/uploads\/2024\/07\/walker-3.jpg 1200w\" sizes=\"(max-width: 630px) 100vw, 630px\" alt=\"\">\r\n                            <\/a>\r\n                            \r\n                        <\/figure>\r\n                    <\/div>\r\n                            <\/div>\r\n                        <\/div>\r\n\r\n                        <div class = \"td-doubleSlider-2\">\r\n                            <div class = \"td-slider\">\r\n                                \r\n                    <div class = \"td-button td-item1\">\r\n                        <div class = \"td-border\"><\/div>\r\n                    <\/div>\r\n                    <div class = \"td-button td-item2\">\r\n                        <div class = \"td-border\"><\/div>\r\n                    <\/div>\r\n                    <div class = \"td-button td-item3\">\r\n                        <div class = \"td-border\"><\/div>\r\n                    <\/div>\r\n                            <\/div>\r\n                        <\/div>\r\n\r\n                    <\/div>\r\n\r\n                <\/div>\r\n                \n","protected":false},"excerpt":{"rendered":"<p>Walker Dur\u00e1n fue la voz s\u00edmbolo y la carta de presentaci\u00f3n de M\u00e1mbole. Los mayores \u00e9xitos de la conocida orquesta boliviana fueron interpretados con su inconfundible timbre de voz. Hablamos de temas como \u201cHe venido, no he venido\u201d, \u201cVolver\u00e9\u201d, \u201cNadie quien te quiera como yo\u201d y \u201cTalento en televisi\u00f3n\u201d, sin duda, la canci\u00f3n m\u00e1s exitosa [&hellip;]<\/p>\n","protected":false},"author":1,"featured_media":236716,"comment_status":"open","ping_status":"open","sticky":false,"template":"","format":"standard","meta":{"_acf_changed":false,"footnotes":""},"categories":[41],"tags":[],"class_list":["post-236713","post","type-post","status-publish","format-standard","has-post-thumbnail","category-la-guia"],"acf":{"antetitulo":""},"yoast_head":"<!-- This site is optimized with the Yoast SEO plugin v28.3 - https:\/\/yoast.com\/product\/yoast-seo-wordpress\/ -->\n<title>Rom\u00e1ntico, alegre y sincero, as\u00ed fue Walker Dur\u00e1n Camacho - El Diario - Bolivia<\/title>\n<meta name=\"robots\" content=\"index, follow, max-snippet:-1, max-image-preview:large, max-video-preview:-1\" \/>\n<link rel=\"canonical\" href=\"https:\/\/www.eldiario.net\/portal\/2024\/07\/27\/romantico-alegre-y-sincero-asi-fue-walker-duran-camacho\/\" \/>\n<meta property=\"og:locale\" content=\"es_ES\" \/>\n<meta property=\"og:type\" content=\"article\" \/>\n<meta property=\"og:title\" content=\"Rom\u00e1ntico, alegre y sincero, as\u00ed fue Walker Dur\u00e1n Camacho - El Diario - Bolivia\" \/>\n<meta property=\"og:description\" content=\"Walker Dur\u00e1n fue la voz s\u00edmbolo y la carta de presentaci\u00f3n de M\u00e1mbole. Los mayores \u00e9xitos de la conocida orquesta boliviana fueron interpretados con su inconfundible timbre de voz. Hablamos de temas como \u201cHe venido, no he venido\u201d, \u201cVolver\u00e9\u201d, \u201cNadie quien te quiera como yo\u201d y \u201cTalento en televisi\u00f3n\u201d, sin duda, la canci\u00f3n m\u00e1s exitosa [&hellip;]\" \/>\n<meta property=\"og:url\" content=\"https:\/\/www.eldiario.net\/portal\/2024\/07\/27\/romantico-alegre-y-sincero-asi-fue-walker-duran-camacho\/\" \/>\n<meta property=\"og:site_name\" content=\"El Diario - Bolivia\" \/>\n<meta property=\"article:publisher\" content=\"https:\/\/www.facebook.com\/eldiario.bolivia\/\" \/>\n<meta property=\"article:published_time\" content=\"2024-07-27T10:54:50+00:00\" \/>\n<meta property=\"og:image\" content=\"https:\/\/www.eldiario.net\/portal\/wp-content\/uploads\/2024\/07\/walker-3.jpg\" \/>\n\t<meta property=\"og:image:width\" content=\"1200\" \/>\n\t<meta property=\"og:image:height\" content=\"800\" \/>\n\t<meta property=\"og:image:type\" content=\"image\/jpeg\" \/>\n<meta name=\"author\" content=\"Jeanette\" \/>\n<meta name=\"twitter:card\" content=\"summary_large_image\" \/>\n<meta name=\"twitter:creator\" content=\"@eldiario_net\" \/>\n<meta name=\"twitter:site\" content=\"@eldiario_net\" \/>\n<meta name=\"twitter:label1\" content=\"Escrito por\" \/>\n\t<meta name=\"twitter:data1\" content=\"Jeanette\" \/>\n\t<meta name=\"twitter:label2\" content=\"Tiempo de lectura\" \/>\n\t<meta name=\"twitter:data2\" content=\"5 minutos\" \/>\n<script type=\"application\/ld+json\" class=\"yoast-schema-graph\">{\"@context\":\"https:\\\/\\\/schema.org\",\"@graph\":[{\"@type\":\"Article\",\"@id\":\"https:\\\/\\\/www.eldiario.net\\\/portal\\\/2024\\\/07\\\/27\\\/romantico-alegre-y-sincero-asi-fue-walker-duran-camacho\\\/#article\",\"isPartOf\":{\"@id\":\"https:\\\/\\\/www.eldiario.net\\\/portal\\\/2024\\\/07\\\/27\\\/romantico-alegre-y-sincero-asi-fue-walker-duran-camacho\\\/\"},\"author\":{\"name\":\"Jeanette\",\"@id\":\"https:\\\/\\\/www.eldiario.net\\\/portal\\\/#\\\/schema\\\/person\\\/f46445640444750d7d753ccd04ae01b7\"},\"headline\":\"Rom\u00e1ntico, alegre y sincero, as\u00ed fue Walker Dur\u00e1n Camacho\",\"datePublished\":\"2024-07-27T10:54:50+00:00\",\"mainEntityOfPage\":{\"@id\":\"https:\\\/\\\/www.eldiario.net\\\/portal\\\/2024\\\/07\\\/27\\\/romantico-alegre-y-sincero-asi-fue-walker-duran-camacho\\\/\"},\"wordCount\":1050,\"commentCount\":0,\"publisher\":{\"@id\":\"https:\\\/\\\/www.eldiario.net\\\/portal\\\/#organization\"},\"image\":{\"@id\":\"https:\\\/\\\/www.eldiario.net\\\/portal\\\/2024\\\/07\\\/27\\\/romantico-alegre-y-sincero-asi-fue-walker-duran-camacho\\\/#primaryimage\"},\"thumbnailUrl\":\"https:\\\/\\\/www.eldiario.net\\\/portal\\\/wp-content\\\/uploads\\\/2024\\\/07\\\/walker-3.jpg\",\"articleSection\":[\"La Gu\u00eda\"],\"inLanguage\":\"es\",\"potentialAction\":[{\"@type\":\"CommentAction\",\"name\":\"Comment\",\"target\":[\"https:\\\/\\\/www.eldiario.net\\\/portal\\\/2024\\\/07\\\/27\\\/romantico-alegre-y-sincero-asi-fue-walker-duran-camacho\\\/#respond\"]}]},{\"@type\":\"WebPage\",\"@id\":\"https:\\\/\\\/www.eldiario.net\\\/portal\\\/2024\\\/07\\\/27\\\/romantico-alegre-y-sincero-asi-fue-walker-duran-camacho\\\/\",\"url\":\"https:\\\/\\\/www.eldiario.net\\\/portal\\\/2024\\\/07\\\/27\\\/romantico-alegre-y-sincero-asi-fue-walker-duran-camacho\\\/\",\"name\":\"Rom\u00e1ntico, alegre y sincero, as\u00ed fue Walker Dur\u00e1n Camacho - El Diario - Bolivia\",\"isPartOf\":{\"@id\":\"https:\\\/\\\/www.eldiario.net\\\/portal\\\/#website\"},\"primaryImageOfPage\":{\"@id\":\"https:\\\/\\\/www.eldiario.net\\\/portal\\\/2024\\\/07\\\/27\\\/romantico-alegre-y-sincero-asi-fue-walker-duran-camacho\\\/#primaryimage\"},\"image\":{\"@id\":\"https:\\\/\\\/www.eldiario.net\\\/portal\\\/2024\\\/07\\\/27\\\/romantico-alegre-y-sincero-asi-fue-walker-duran-camacho\\\/#primaryimage\"},\"thumbnailUrl\":\"https:\\\/\\\/www.eldiario.net\\\/portal\\\/wp-content\\\/uploads\\\/2024\\\/07\\\/walker-3.jpg\",\"datePublished\":\"2024-07-27T10:54:50+00:00\",\"breadcrumb\":{\"@id\":\"https:\\\/\\\/www.eldiario.net\\\/portal\\\/2024\\\/07\\\/27\\\/romantico-alegre-y-sincero-asi-fue-walker-duran-camacho\\\/#breadcrumb\"},\"inLanguage\":\"es\",\"potentialAction\":[{\"@type\":\"ReadAction\",\"target\":[\"https:\\\/\\\/www.eldiario.net\\\/portal\\\/2024\\\/07\\\/27\\\/romantico-alegre-y-sincero-asi-fue-walker-duran-camacho\\\/\"]}]},{\"@type\":\"ImageObject\",\"inLanguage\":\"es\",\"@id\":\"https:\\\/\\\/www.eldiario.net\\\/portal\\\/2024\\\/07\\\/27\\\/romantico-alegre-y-sincero-asi-fue-walker-duran-camacho\\\/#primaryimage\",\"url\":\"https:\\\/\\\/www.eldiario.net\\\/portal\\\/wp-content\\\/uploads\\\/2024\\\/07\\\/walker-3.jpg\",\"contentUrl\":\"https:\\\/\\\/www.eldiario.net\\\/portal\\\/wp-content\\\/uploads\\\/2024\\\/07\\\/walker-3.jpg\",\"width\":1200,\"height\":800},{\"@type\":\"BreadcrumbList\",\"@id\":\"https:\\\/\\\/www.eldiario.net\\\/portal\\\/2024\\\/07\\\/27\\\/romantico-alegre-y-sincero-asi-fue-walker-duran-camacho\\\/#breadcrumb\",\"itemListElement\":[{\"@type\":\"ListItem\",\"position\":1,\"name\":\"Portada\",\"item\":\"https:\\\/\\\/www.eldiario.net\\\/portal\\\/\"},{\"@type\":\"ListItem\",\"position\":2,\"name\":\"Rom\u00e1ntico, alegre y sincero, as\u00ed fue Walker Dur\u00e1n Camacho\"}]},{\"@type\":\"WebSite\",\"@id\":\"https:\\\/\\\/www.eldiario.net\\\/portal\\\/#website\",\"url\":\"https:\\\/\\\/www.eldiario.net\\\/portal\\\/\",\"name\":\"El Diario - Decano de la prensa nacional\",\"description\":\"El Diario - Decano de la prensa nacional\",\"publisher\":{\"@id\":\"https:\\\/\\\/www.eldiario.net\\\/portal\\\/#organization\"},\"potentialAction\":[{\"@type\":\"SearchAction\",\"target\":{\"@type\":\"EntryPoint\",\"urlTemplate\":\"https:\\\/\\\/www.eldiario.net\\\/portal\\\/?s={search_term_string}\"},\"query-input\":{\"@type\":\"PropertyValueSpecification\",\"valueRequired\":true,\"valueName\":\"search_term_string\"}}],\"inLanguage\":\"es\"},{\"@type\":\"Organization\",\"@id\":\"https:\\\/\\\/www.eldiario.net\\\/portal\\\/#organization\",\"name\":\"El Diario - Decano de la prensa nacional\",\"url\":\"https:\\\/\\\/www.eldiario.net\\\/portal\\\/\",\"logo\":{\"@type\":\"ImageObject\",\"inLanguage\":\"es\",\"@id\":\"https:\\\/\\\/www.eldiario.net\\\/portal\\\/#\\\/schema\\\/logo\\\/image\\\/\",\"url\":\"https:\\\/\\\/www.eldiario.net\\\/portal\\\/wp-content\\\/uploads\\\/2023\\\/07\\\/logo_ED.jpg\",\"contentUrl\":\"https:\\\/\\\/www.eldiario.net\\\/portal\\\/wp-content\\\/uploads\\\/2023\\\/07\\\/logo_ED.jpg\",\"width\":272,\"height\":52,\"caption\":\"El Diario - Decano de la prensa nacional\"},\"image\":{\"@id\":\"https:\\\/\\\/www.eldiario.net\\\/portal\\\/#\\\/schema\\\/logo\\\/image\\\/\"},\"sameAs\":[\"https:\\\/\\\/www.facebook.com\\\/eldiario.bolivia\\\/\",\"https:\\\/\\\/x.com\\\/eldiario_net\"]},{\"@type\":\"Person\",\"@id\":\"https:\\\/\\\/www.eldiario.net\\\/portal\\\/#\\\/schema\\\/person\\\/f46445640444750d7d753ccd04ae01b7\",\"name\":\"Jeanette\",\"image\":{\"@type\":\"ImageObject\",\"inLanguage\":\"es\",\"@id\":\"https:\\\/\\\/secure.gravatar.com\\\/avatar\\\/3ea2118a5f7dad2b7138b1187a6b7ee55f160b9968b66013c3a3ef39dd7e5798?s=96&d=mm&r=g\",\"url\":\"https:\\\/\\\/secure.gravatar.com\\\/avatar\\\/3ea2118a5f7dad2b7138b1187a6b7ee55f160b9968b66013c3a3ef39dd7e5798?s=96&d=mm&r=g\",\"contentUrl\":\"https:\\\/\\\/secure.gravatar.com\\\/avatar\\\/3ea2118a5f7dad2b7138b1187a6b7ee55f160b9968b66013c3a3ef39dd7e5798?s=96&d=mm&r=g\",\"caption\":\"Jeanette\"},\"sameAs\":[\"https:\\\/\\\/www.eldiario.net\\\/portal\"],\"url\":\"https:\\\/\\\/www.eldiario.net\\\/portal\\\/author\\\/jeanette\\\/\"}]}<\/script>\n<!-- \/ Yoast SEO plugin. -->","yoast_head_json":{"title":"Rom\u00e1ntico, alegre y sincero, as\u00ed fue Walker Dur\u00e1n Camacho - El Diario - Bolivia","robots":{"index":"index","follow":"follow","max-snippet":"max-snippet:-1","max-image-preview":"max-image-preview:large","max-video-preview":"max-video-preview:-1"},"canonical":"https:\/\/www.eldiario.net\/portal\/2024\/07\/27\/romantico-alegre-y-sincero-asi-fue-walker-duran-camacho\/","og_locale":"es_ES","og_type":"article","og_title":"Rom\u00e1ntico, alegre y sincero, as\u00ed fue Walker Dur\u00e1n Camacho - El Diario - Bolivia","og_description":"Walker Dur\u00e1n fue la voz s\u00edmbolo y la carta de presentaci\u00f3n de M\u00e1mbole. Los mayores \u00e9xitos de la conocida orquesta boliviana fueron interpretados con su inconfundible timbre de voz. Hablamos de temas como \u201cHe venido, no he venido\u201d, \u201cVolver\u00e9\u201d, \u201cNadie quien te quiera como yo\u201d y \u201cTalento en televisi\u00f3n\u201d, sin duda, la canci\u00f3n m\u00e1s exitosa [&hellip;]","og_url":"https:\/\/www.eldiario.net\/portal\/2024\/07\/27\/romantico-alegre-y-sincero-asi-fue-walker-duran-camacho\/","og_site_name":"El Diario - Bolivia","article_publisher":"https:\/\/www.facebook.com\/eldiario.bolivia\/","article_published_time":"2024-07-27T10:54:50+00:00","og_image":[{"width":1200,"height":800,"url":"https:\/\/www.eldiario.net\/portal\/wp-content\/uploads\/2024\/07\/walker-3.jpg","type":"image\/jpeg"}],"author":"Jeanette","twitter_card":"summary_large_image","twitter_creator":"@eldiario_net","twitter_site":"@eldiario_net","twitter_misc":{"Escrito por":"Jeanette","Tiempo de lectura":"5 minutos"},"schema":{"@context":"https:\/\/schema.org","@graph":[{"@type":"Article","@id":"https:\/\/www.eldiario.net\/portal\/2024\/07\/27\/romantico-alegre-y-sincero-asi-fue-walker-duran-camacho\/#article","isPartOf":{"@id":"https:\/\/www.eldiario.net\/portal\/2024\/07\/27\/romantico-alegre-y-sincero-asi-fue-walker-duran-camacho\/"},"author":{"name":"Jeanette","@id":"https:\/\/www.eldiario.net\/portal\/#\/schema\/person\/f46445640444750d7d753ccd04ae01b7"},"headline":"Rom\u00e1ntico, alegre y sincero, as\u00ed fue Walker Dur\u00e1n Camacho","datePublished":"2024-07-27T10:54:50+00:00","mainEntityOfPage":{"@id":"https:\/\/www.eldiario.net\/portal\/2024\/07\/27\/romantico-alegre-y-sincero-asi-fue-walker-duran-camacho\/"},"wordCount":1050,"commentCount":0,"publisher":{"@id":"https:\/\/www.eldiario.net\/portal\/#organization"},"image":{"@id":"https:\/\/www.eldiario.net\/portal\/2024\/07\/27\/romantico-alegre-y-sincero-asi-fue-walker-duran-camacho\/#primaryimage"},"thumbnailUrl":"https:\/\/www.eldiario.net\/portal\/wp-content\/uploads\/2024\/07\/walker-3.jpg","articleSection":["La Gu\u00eda"],"inLanguage":"es","potentialAction":[{"@type":"CommentAction","name":"Comment","target":["https:\/\/www.eldiario.net\/portal\/2024\/07\/27\/romantico-alegre-y-sincero-asi-fue-walker-duran-camacho\/#respond"]}]},{"@type":"WebPage","@id":"https:\/\/www.eldiario.net\/portal\/2024\/07\/27\/romantico-alegre-y-sincero-asi-fue-walker-duran-camacho\/","url":"https:\/\/www.eldiario.net\/portal\/2024\/07\/27\/romantico-alegre-y-sincero-asi-fue-walker-duran-camacho\/","name":"Rom\u00e1ntico, alegre y sincero, as\u00ed fue Walker Dur\u00e1n Camacho - El Diario - Bolivia","isPartOf":{"@id":"https:\/\/www.eldiario.net\/portal\/#website"},"primaryImageOfPage":{"@id":"https:\/\/www.eldiario.net\/portal\/2024\/07\/27\/romantico-alegre-y-sincero-asi-fue-walker-duran-camacho\/#primaryimage"},"image":{"@id":"https:\/\/www.eldiario.net\/portal\/2024\/07\/27\/romantico-alegre-y-sincero-asi-fue-walker-duran-camacho\/#primaryimage"},"thumbnailUrl":"https:\/\/www.eldiario.net\/portal\/wp-content\/uploads\/2024\/07\/walker-3.jpg","datePublished":"2024-07-27T10:54:50+00:00","breadcrumb":{"@id":"https:\/\/www.eldiario.net\/portal\/2024\/07\/27\/romantico-alegre-y-sincero-asi-fue-walker-duran-camacho\/#breadcrumb"},"inLanguage":"es","potentialAction":[{"@type":"ReadAction","target":["https:\/\/www.eldiario.net\/portal\/2024\/07\/27\/romantico-alegre-y-sincero-asi-fue-walker-duran-camacho\/"]}]},{"@type":"ImageObject","inLanguage":"es","@id":"https:\/\/www.eldiario.net\/portal\/2024\/07\/27\/romantico-alegre-y-sincero-asi-fue-walker-duran-camacho\/#primaryimage","url":"https:\/\/www.eldiario.net\/portal\/wp-content\/uploads\/2024\/07\/walker-3.jpg","contentUrl":"https:\/\/www.eldiario.net\/portal\/wp-content\/uploads\/2024\/07\/walker-3.jpg","width":1200,"height":800},{"@type":"BreadcrumbList","@id":"https:\/\/www.eldiario.net\/portal\/2024\/07\/27\/romantico-alegre-y-sincero-asi-fue-walker-duran-camacho\/#breadcrumb","itemListElement":[{"@type":"ListItem","position":1,"name":"Portada","item":"https:\/\/www.eldiario.net\/portal\/"},{"@type":"ListItem","position":2,"name":"Rom\u00e1ntico, alegre y sincero, as\u00ed fue Walker Dur\u00e1n Camacho"}]},{"@type":"WebSite","@id":"https:\/\/www.eldiario.net\/portal\/#website","url":"https:\/\/www.eldiario.net\/portal\/","name":"El Diario - Decano de la prensa nacional","description":"El Diario - Decano de la prensa nacional","publisher":{"@id":"https:\/\/www.eldiario.net\/portal\/#organization"},"potentialAction":[{"@type":"SearchAction","target":{"@type":"EntryPoint","urlTemplate":"https:\/\/www.eldiario.net\/portal\/?s={search_term_string}"},"query-input":{"@type":"PropertyValueSpecification","valueRequired":true,"valueName":"search_term_string"}}],"inLanguage":"es"},{"@type":"Organization","@id":"https:\/\/www.eldiario.net\/portal\/#organization","name":"El Diario - Decano de la prensa nacional","url":"https:\/\/www.eldiario.net\/portal\/","logo":{"@type":"ImageObject","inLanguage":"es","@id":"https:\/\/www.eldiario.net\/portal\/#\/schema\/logo\/image\/","url":"https:\/\/www.eldiario.net\/portal\/wp-content\/uploads\/2023\/07\/logo_ED.jpg","contentUrl":"https:\/\/www.eldiario.net\/portal\/wp-content\/uploads\/2023\/07\/logo_ED.jpg","width":272,"height":52,"caption":"El Diario - Decano de la prensa nacional"},"image":{"@id":"https:\/\/www.eldiario.net\/portal\/#\/schema\/logo\/image\/"},"sameAs":["https:\/\/www.facebook.com\/eldiario.bolivia\/","https:\/\/x.com\/eldiario_net"]},{"@type":"Person","@id":"https:\/\/www.eldiario.net\/portal\/#\/schema\/person\/f46445640444750d7d753ccd04ae01b7","name":"Jeanette","image":{"@type":"ImageObject","inLanguage":"es","@id":"https:\/\/secure.gravatar.com\/avatar\/3ea2118a5f7dad2b7138b1187a6b7ee55f160b9968b66013c3a3ef39dd7e5798?s=96&d=mm&r=g","url":"https:\/\/secure.gravatar.com\/avatar\/3ea2118a5f7dad2b7138b1187a6b7ee55f160b9968b66013c3a3ef39dd7e5798?s=96&d=mm&r=g","contentUrl":"https:\/\/secure.gravatar.com\/avatar\/3ea2118a5f7dad2b7138b1187a6b7ee55f160b9968b66013c3a3ef39dd7e5798?s=96&d=mm&r=g","caption":"Jeanette"},"sameAs":["https:\/\/www.eldiario.net\/portal"],"url":"https:\/\/www.eldiario.net\/portal\/author\/jeanette\/"}]}},"_links":{"self":[{"href":"https:\/\/www.eldiario.net\/portal\/wp-json\/wp\/v2\/posts\/236713","targetHints":{"allow":["GET"]}}],"collection":[{"href":"https:\/\/www.eldiario.net\/portal\/wp-json\/wp\/v2\/posts"}],"about":[{"href":"https:\/\/www.eldiario.net\/portal\/wp-json\/wp\/v2\/types\/post"}],"author":[{"embeddable":true,"href":"https:\/\/www.eldiario.net\/portal\/wp-json\/wp\/v2\/users\/1"}],"replies":[{"embeddable":true,"href":"https:\/\/www.eldiario.net\/portal\/wp-json\/wp\/v2\/comments?post=236713"}],"version-history":[{"count":1,"href":"https:\/\/www.eldiario.net\/portal\/wp-json\/wp\/v2\/posts\/236713\/revisions"}],"predecessor-version":[{"id":236717,"href":"https:\/\/www.eldiario.net\/portal\/wp-json\/wp\/v2\/posts\/236713\/revisions\/236717"}],"wp:featuredmedia":[{"embeddable":true,"href":"https:\/\/www.eldiario.net\/portal\/wp-json\/wp\/v2\/media\/236716"}],"wp:attachment":[{"href":"https:\/\/www.eldiario.net\/portal\/wp-json\/wp\/v2\/media?parent=236713"}],"wp:term":[{"taxonomy":"category","embeddable":true,"href":"https:\/\/www.eldiario.net\/portal\/wp-json\/wp\/v2\/categories?post=236713"},{"taxonomy":"post_tag","embeddable":true,"href":"https:\/\/www.eldiario.net\/portal\/wp-json\/wp\/v2\/tags?post=236713"}],"curies":[{"name":"wp","href":"https:\/\/api.w.org\/{rel}","templated":true}]}}