{"id":236703,"date":"2024-07-27T06:51:53","date_gmt":"2024-07-27T10:51:53","guid":{"rendered":"https:\/\/www.eldiario.net\/portal\/?p=236703"},"modified":"2024-07-27T06:51:53","modified_gmt":"2024-07-27T10:51:53","slug":"paris-dio-la-bienvenida","status":"publish","type":"post","link":"https:\/\/www.eldiario.net\/portal\/2024\/07\/27\/paris-dio-la-bienvenida\/","title":{"rendered":"PAR\u00cdS DIO LA BIENVENIDA"},"content":{"rendered":"<p>Los deportistas comenzaron su periplo en Par\u00eds 2024 el pasado mi\u00e9rcoles con el debut del f\u00fatbol y el rugby 7. Pero la ceremonia inaugural dio el aut\u00e9ntico pistoletazo de salida a los JJOO con un evento donde Francia puso su clip, su reel en el mapa, vendiendo su imagen de marca al mundo entero, para mantener su liderazgo tur\u00edstico mundial. La lluvia desluci\u00f3 la atm\u00f3sfera, el continente. Pero el decorado, el contenido, es tan fastuoso, que ver la pir\u00e1mide del Louvre o la torre Eiffel iluminada de noche con los aros ol\u00edmpicos, eclipsa cualquier turbulencia.<br \/>\nFrancia siempre utiliz\u00f3 el cine para promocionar sus productos. En las pel\u00edculas francesas los actores siempre conducen coches &#8216;fabriqu\u00e9 en France&#8217;. Y su industria, su imagen de pa\u00eds no pod\u00eda dejar pasar esta oportunidad para recordar al planeta a trav\u00e9s de la televisi\u00f3n que sus &#8216;bateau mouches&#8217; navegan por el Sena, e invitan al pr\u00f3ximo viajero a que den un paseo pr\u00f3ximamente si visitan Par\u00eds.<br \/>\nLa puesta en escena de Par\u00eds 2024 nos ense\u00f1\u00f3 todas sus fortalezas. Sus tradiciones, con orgullo, como el cabaret, de la mano de Lady Gaga. Planos cenitales nos pasearon por el Louvre; Zidane sigui\u00f3 siendo icono &#8216;blue&#8217; e interpret\u00f3 un v\u00eddeo mostrando su antorcha por las entra\u00f1as del renovado metro de la ciudad; y el mundo del dise\u00f1o y del lujo, lo interpret\u00f3 el ba\u00fal de Louis Vuitton, que en todos sus formatos abraza el mundo del deporte. La \u00faltima vez, guardando el tesoro de la \u00faltima Copa del mundo que levant\u00f3 Leo Messi en Qatar.<br \/>\nEl ba\u00fal se puso en boga para trasladar el equipaje de la espa\u00f1ola Eugenia de Montijo, a finales del siglo XIX e inicios del XX, siendo esposa de Napole\u00f3n III, entre otros destinos a Biarritz, en las vacaciones de verano. Ella dio un impulso a Vuitton, un chaval muy humilde que lleg\u00f3 del pueblo a Par\u00eds andando con 16 a\u00f1os para ser aprendiz de artesano. Puso la semilla del actual &#8216;imperio&#8217;. La inauguraci\u00f3n homenaje\u00f3 a las mujeres francesas. A hist\u00f3ricas referentes, inspiradoras para la sociedad como Alice Milliat, Paulette Nardal, Jeanne Barret, Christine de Pisan &#8230; con La Marsellesa de fondo. Y record\u00f3 el legado de Gustave Eiffel, el ingeniero civil, que emple\u00f3 el hierro como elemento para construir puentes para los ferrocarriles franceses. Eiffel dej\u00f3 legado en Espa\u00f1a. Desde su taller se crearon estructuras como la pasarela sobre el r\u00edo Onyar en Girona.<br \/>\nLa torre Eiffel fue el gran reclamo de la noche. 10.500 deportistas entran ya en juego. Las ceremonias agotan. Por eso, muchos se quedaron a cubierto y lo vieron por la tele. Son ya varias las ciudades, cuyos habitantes, incluso en refer\u00e9ndum, rechazan organizar los JJOO. Munich, Roma, Estocolmo, Cracovia, Hamburgo&#8230; no lo vieron claro.<\/p>\n<p><img loading=\"lazy\" decoding=\"async\" class=\"aligncenter size-full wp-image-236705\" src=\"https:\/\/www.eldiario.net\/portal\/wp-content\/uploads\/2024\/07\/paris-1.jpg\" alt=\"\" width=\"1200\" height=\"1800\" srcset=\"https:\/\/www.eldiario.net\/portal\/wp-content\/uploads\/2024\/07\/paris-1.jpg 1200w, https:\/\/www.eldiario.net\/portal\/wp-content\/uploads\/2024\/07\/paris-1-200x300.jpg 200w, https:\/\/www.eldiario.net\/portal\/wp-content\/uploads\/2024\/07\/paris-1-683x1024.jpg 683w, https:\/\/www.eldiario.net\/portal\/wp-content\/uploads\/2024\/07\/paris-1-768x1152.jpg 768w, https:\/\/www.eldiario.net\/portal\/wp-content\/uploads\/2024\/07\/paris-1-1024x1536.jpg 1024w, https:\/\/www.eldiario.net\/portal\/wp-content\/uploads\/2024\/07\/paris-1-280x420.jpg 280w, https:\/\/www.eldiario.net\/portal\/wp-content\/uploads\/2024\/07\/paris-1-696x1044.jpg 696w, https:\/\/www.eldiario.net\/portal\/wp-content\/uploads\/2024\/07\/paris-1-1068x1602.jpg 1068w\" sizes=\"auto, (max-width: 1200px) 100vw, 1200px\" \/><\/p>\n","protected":false},"excerpt":{"rendered":"<p>Los deportistas comenzaron su periplo en Par\u00eds 2024 el pasado mi\u00e9rcoles con el debut del f\u00fatbol y el rugby 7. Pero la ceremonia inaugural dio el aut\u00e9ntico pistoletazo de salida a los JJOO con un evento donde Francia puso su clip, su reel en el mapa, vendiendo su imagen de marca al mundo entero, para [&hellip;]<\/p>\n","protected":false},"author":1,"featured_media":236704,"comment_status":"open","ping_status":"open","sticky":false,"template":"","format":"standard","meta":{"_acf_changed":false,"footnotes":""},"categories":[6,54],"tags":[],"class_list":["post-236703","post","type-post","status-publish","format-standard","has-post-thumbnail","category-deportes","category-olimpiadas-paris-2024"],"acf":{"antetitulo":""},"yoast_head":"<!-- This site is optimized with the Yoast SEO plugin v28.3 - https:\/\/yoast.com\/product\/yoast-seo-wordpress\/ -->\n<title>PAR\u00cdS DIO LA BIENVENIDA - El Diario - Bolivia<\/title>\n<meta name=\"robots\" content=\"index, follow, max-snippet:-1, max-image-preview:large, max-video-preview:-1\" \/>\n<link rel=\"canonical\" href=\"https:\/\/www.eldiario.net\/portal\/2024\/07\/27\/paris-dio-la-bienvenida\/\" \/>\n<meta property=\"og:locale\" content=\"es_ES\" \/>\n<meta property=\"og:type\" content=\"article\" \/>\n<meta property=\"og:title\" content=\"PAR\u00cdS DIO LA BIENVENIDA - El Diario - Bolivia\" \/>\n<meta property=\"og:description\" content=\"Los deportistas comenzaron su periplo en Par\u00eds 2024 el pasado mi\u00e9rcoles con el debut del f\u00fatbol y el rugby 7. Pero la ceremonia inaugural dio el aut\u00e9ntico pistoletazo de salida a los JJOO con un evento donde Francia puso su clip, su reel en el mapa, vendiendo su imagen de marca al mundo entero, para [&hellip;]\" \/>\n<meta property=\"og:url\" content=\"https:\/\/www.eldiario.net\/portal\/2024\/07\/27\/paris-dio-la-bienvenida\/\" \/>\n<meta property=\"og:site_name\" content=\"El Diario - Bolivia\" \/>\n<meta property=\"article:publisher\" content=\"https:\/\/www.facebook.com\/eldiario.bolivia\/\" \/>\n<meta property=\"article:published_time\" content=\"2024-07-27T10:51:53+00:00\" \/>\n<meta property=\"og:image\" content=\"https:\/\/www.eldiario.net\/portal\/wp-content\/uploads\/2024\/07\/paris-2.jpg\" \/>\n\t<meta property=\"og:image:width\" content=\"1200\" \/>\n\t<meta property=\"og:image:height\" content=\"968\" \/>\n\t<meta property=\"og:image:type\" content=\"image\/jpeg\" \/>\n<meta name=\"author\" content=\"Jeanette\" \/>\n<meta name=\"twitter:card\" content=\"summary_large_image\" \/>\n<meta name=\"twitter:creator\" content=\"@eldiario_net\" \/>\n<meta name=\"twitter:site\" content=\"@eldiario_net\" \/>\n<meta name=\"twitter:label1\" content=\"Escrito por\" \/>\n\t<meta name=\"twitter:data1\" content=\"Jeanette\" \/>\n\t<meta name=\"twitter:label2\" content=\"Tiempo de lectura\" \/>\n\t<meta name=\"twitter:data2\" content=\"3 minutos\" \/>\n<script type=\"application\/ld+json\" class=\"yoast-schema-graph\">{\"@context\":\"https:\\\/\\\/schema.org\",\"@graph\":[{\"@type\":\"Article\",\"@id\":\"https:\\\/\\\/www.eldiario.net\\\/portal\\\/2024\\\/07\\\/27\\\/paris-dio-la-bienvenida\\\/#article\",\"isPartOf\":{\"@id\":\"https:\\\/\\\/www.eldiario.net\\\/portal\\\/2024\\\/07\\\/27\\\/paris-dio-la-bienvenida\\\/\"},\"author\":{\"name\":\"Jeanette\",\"@id\":\"https:\\\/\\\/www.eldiario.net\\\/portal\\\/#\\\/schema\\\/person\\\/f46445640444750d7d753ccd04ae01b7\"},\"headline\":\"PAR\u00cdS DIO LA BIENVENIDA\",\"datePublished\":\"2024-07-27T10:51:53+00:00\",\"mainEntityOfPage\":{\"@id\":\"https:\\\/\\\/www.eldiario.net\\\/portal\\\/2024\\\/07\\\/27\\\/paris-dio-la-bienvenida\\\/\"},\"wordCount\":485,\"commentCount\":0,\"publisher\":{\"@id\":\"https:\\\/\\\/www.eldiario.net\\\/portal\\\/#organization\"},\"image\":{\"@id\":\"https:\\\/\\\/www.eldiario.net\\\/portal\\\/2024\\\/07\\\/27\\\/paris-dio-la-bienvenida\\\/#primaryimage\"},\"thumbnailUrl\":\"https:\\\/\\\/www.eldiario.net\\\/portal\\\/wp-content\\\/uploads\\\/2024\\\/07\\\/paris-2.jpg\",\"articleSection\":[\"Deportes\",\"Olimpiadas Paris 2024\"],\"inLanguage\":\"es\",\"potentialAction\":[{\"@type\":\"CommentAction\",\"name\":\"Comment\",\"target\":[\"https:\\\/\\\/www.eldiario.net\\\/portal\\\/2024\\\/07\\\/27\\\/paris-dio-la-bienvenida\\\/#respond\"]}]},{\"@type\":\"WebPage\",\"@id\":\"https:\\\/\\\/www.eldiario.net\\\/portal\\\/2024\\\/07\\\/27\\\/paris-dio-la-bienvenida\\\/\",\"url\":\"https:\\\/\\\/www.eldiario.net\\\/portal\\\/2024\\\/07\\\/27\\\/paris-dio-la-bienvenida\\\/\",\"name\":\"PAR\u00cdS DIO LA BIENVENIDA - El Diario - Bolivia\",\"isPartOf\":{\"@id\":\"https:\\\/\\\/www.eldiario.net\\\/portal\\\/#website\"},\"primaryImageOfPage\":{\"@id\":\"https:\\\/\\\/www.eldiario.net\\\/portal\\\/2024\\\/07\\\/27\\\/paris-dio-la-bienvenida\\\/#primaryimage\"},\"image\":{\"@id\":\"https:\\\/\\\/www.eldiario.net\\\/portal\\\/2024\\\/07\\\/27\\\/paris-dio-la-bienvenida\\\/#primaryimage\"},\"thumbnailUrl\":\"https:\\\/\\\/www.eldiario.net\\\/portal\\\/wp-content\\\/uploads\\\/2024\\\/07\\\/paris-2.jpg\",\"datePublished\":\"2024-07-27T10:51:53+00:00\",\"breadcrumb\":{\"@id\":\"https:\\\/\\\/www.eldiario.net\\\/portal\\\/2024\\\/07\\\/27\\\/paris-dio-la-bienvenida\\\/#breadcrumb\"},\"inLanguage\":\"es\",\"potentialAction\":[{\"@type\":\"ReadAction\",\"target\":[\"https:\\\/\\\/www.eldiario.net\\\/portal\\\/2024\\\/07\\\/27\\\/paris-dio-la-bienvenida\\\/\"]}]},{\"@type\":\"ImageObject\",\"inLanguage\":\"es\",\"@id\":\"https:\\\/\\\/www.eldiario.net\\\/portal\\\/2024\\\/07\\\/27\\\/paris-dio-la-bienvenida\\\/#primaryimage\",\"url\":\"https:\\\/\\\/www.eldiario.net\\\/portal\\\/wp-content\\\/uploads\\\/2024\\\/07\\\/paris-2.jpg\",\"contentUrl\":\"https:\\\/\\\/www.eldiario.net\\\/portal\\\/wp-content\\\/uploads\\\/2024\\\/07\\\/paris-2.jpg\",\"width\":1200,\"height\":968},{\"@type\":\"BreadcrumbList\",\"@id\":\"https:\\\/\\\/www.eldiario.net\\\/portal\\\/2024\\\/07\\\/27\\\/paris-dio-la-bienvenida\\\/#breadcrumb\",\"itemListElement\":[{\"@type\":\"ListItem\",\"position\":1,\"name\":\"Portada\",\"item\":\"https:\\\/\\\/www.eldiario.net\\\/portal\\\/\"},{\"@type\":\"ListItem\",\"position\":2,\"name\":\"PAR\u00cdS DIO LA BIENVENIDA\"}]},{\"@type\":\"WebSite\",\"@id\":\"https:\\\/\\\/www.eldiario.net\\\/portal\\\/#website\",\"url\":\"https:\\\/\\\/www.eldiario.net\\\/portal\\\/\",\"name\":\"El Diario - Decano de la prensa nacional\",\"description\":\"El Diario - Decano de la prensa nacional\",\"publisher\":{\"@id\":\"https:\\\/\\\/www.eldiario.net\\\/portal\\\/#organization\"},\"potentialAction\":[{\"@type\":\"SearchAction\",\"target\":{\"@type\":\"EntryPoint\",\"urlTemplate\":\"https:\\\/\\\/www.eldiario.net\\\/portal\\\/?s={search_term_string}\"},\"query-input\":{\"@type\":\"PropertyValueSpecification\",\"valueRequired\":true,\"valueName\":\"search_term_string\"}}],\"inLanguage\":\"es\"},{\"@type\":\"Organization\",\"@id\":\"https:\\\/\\\/www.eldiario.net\\\/portal\\\/#organization\",\"name\":\"El Diario - Decano de la prensa nacional\",\"url\":\"https:\\\/\\\/www.eldiario.net\\\/portal\\\/\",\"logo\":{\"@type\":\"ImageObject\",\"inLanguage\":\"es\",\"@id\":\"https:\\\/\\\/www.eldiario.net\\\/portal\\\/#\\\/schema\\\/logo\\\/image\\\/\",\"url\":\"https:\\\/\\\/www.eldiario.net\\\/portal\\\/wp-content\\\/uploads\\\/2023\\\/07\\\/logo_ED.jpg\",\"contentUrl\":\"https:\\\/\\\/www.eldiario.net\\\/portal\\\/wp-content\\\/uploads\\\/2023\\\/07\\\/logo_ED.jpg\",\"width\":272,\"height\":52,\"caption\":\"El Diario - Decano de la prensa nacional\"},\"image\":{\"@id\":\"https:\\\/\\\/www.eldiario.net\\\/portal\\\/#\\\/schema\\\/logo\\\/image\\\/\"},\"sameAs\":[\"https:\\\/\\\/www.facebook.com\\\/eldiario.bolivia\\\/\",\"https:\\\/\\\/x.com\\\/eldiario_net\"]},{\"@type\":\"Person\",\"@id\":\"https:\\\/\\\/www.eldiario.net\\\/portal\\\/#\\\/schema\\\/person\\\/f46445640444750d7d753ccd04ae01b7\",\"name\":\"Jeanette\",\"image\":{\"@type\":\"ImageObject\",\"inLanguage\":\"es\",\"@id\":\"https:\\\/\\\/secure.gravatar.com\\\/avatar\\\/3ea2118a5f7dad2b7138b1187a6b7ee55f160b9968b66013c3a3ef39dd7e5798?s=96&d=mm&r=g\",\"url\":\"https:\\\/\\\/secure.gravatar.com\\\/avatar\\\/3ea2118a5f7dad2b7138b1187a6b7ee55f160b9968b66013c3a3ef39dd7e5798?s=96&d=mm&r=g\",\"contentUrl\":\"https:\\\/\\\/secure.gravatar.com\\\/avatar\\\/3ea2118a5f7dad2b7138b1187a6b7ee55f160b9968b66013c3a3ef39dd7e5798?s=96&d=mm&r=g\",\"caption\":\"Jeanette\"},\"sameAs\":[\"https:\\\/\\\/www.eldiario.net\\\/portal\"],\"url\":\"https:\\\/\\\/www.eldiario.net\\\/portal\\\/author\\\/jeanette\\\/\"}]}<\/script>\n<!-- \/ Yoast SEO plugin. -->","yoast_head_json":{"title":"PAR\u00cdS DIO LA BIENVENIDA - El Diario - Bolivia","robots":{"index":"index","follow":"follow","max-snippet":"max-snippet:-1","max-image-preview":"max-image-preview:large","max-video-preview":"max-video-preview:-1"},"canonical":"https:\/\/www.eldiario.net\/portal\/2024\/07\/27\/paris-dio-la-bienvenida\/","og_locale":"es_ES","og_type":"article","og_title":"PAR\u00cdS DIO LA BIENVENIDA - El Diario - Bolivia","og_description":"Los deportistas comenzaron su periplo en Par\u00eds 2024 el pasado mi\u00e9rcoles con el debut del f\u00fatbol y el rugby 7. Pero la ceremonia inaugural dio el aut\u00e9ntico pistoletazo de salida a los JJOO con un evento donde Francia puso su clip, su reel en el mapa, vendiendo su imagen de marca al mundo entero, para [&hellip;]","og_url":"https:\/\/www.eldiario.net\/portal\/2024\/07\/27\/paris-dio-la-bienvenida\/","og_site_name":"El Diario - Bolivia","article_publisher":"https:\/\/www.facebook.com\/eldiario.bolivia\/","article_published_time":"2024-07-27T10:51:53+00:00","og_image":[{"width":1200,"height":968,"url":"https:\/\/www.eldiario.net\/portal\/wp-content\/uploads\/2024\/07\/paris-2.jpg","type":"image\/jpeg"}],"author":"Jeanette","twitter_card":"summary_large_image","twitter_creator":"@eldiario_net","twitter_site":"@eldiario_net","twitter_misc":{"Escrito por":"Jeanette","Tiempo de lectura":"3 minutos"},"schema":{"@context":"https:\/\/schema.org","@graph":[{"@type":"Article","@id":"https:\/\/www.eldiario.net\/portal\/2024\/07\/27\/paris-dio-la-bienvenida\/#article","isPartOf":{"@id":"https:\/\/www.eldiario.net\/portal\/2024\/07\/27\/paris-dio-la-bienvenida\/"},"author":{"name":"Jeanette","@id":"https:\/\/www.eldiario.net\/portal\/#\/schema\/person\/f46445640444750d7d753ccd04ae01b7"},"headline":"PAR\u00cdS DIO LA BIENVENIDA","datePublished":"2024-07-27T10:51:53+00:00","mainEntityOfPage":{"@id":"https:\/\/www.eldiario.net\/portal\/2024\/07\/27\/paris-dio-la-bienvenida\/"},"wordCount":485,"commentCount":0,"publisher":{"@id":"https:\/\/www.eldiario.net\/portal\/#organization"},"image":{"@id":"https:\/\/www.eldiario.net\/portal\/2024\/07\/27\/paris-dio-la-bienvenida\/#primaryimage"},"thumbnailUrl":"https:\/\/www.eldiario.net\/portal\/wp-content\/uploads\/2024\/07\/paris-2.jpg","articleSection":["Deportes","Olimpiadas Paris 2024"],"inLanguage":"es","potentialAction":[{"@type":"CommentAction","name":"Comment","target":["https:\/\/www.eldiario.net\/portal\/2024\/07\/27\/paris-dio-la-bienvenida\/#respond"]}]},{"@type":"WebPage","@id":"https:\/\/www.eldiario.net\/portal\/2024\/07\/27\/paris-dio-la-bienvenida\/","url":"https:\/\/www.eldiario.net\/portal\/2024\/07\/27\/paris-dio-la-bienvenida\/","name":"PAR\u00cdS DIO LA BIENVENIDA - El Diario - Bolivia","isPartOf":{"@id":"https:\/\/www.eldiario.net\/portal\/#website"},"primaryImageOfPage":{"@id":"https:\/\/www.eldiario.net\/portal\/2024\/07\/27\/paris-dio-la-bienvenida\/#primaryimage"},"image":{"@id":"https:\/\/www.eldiario.net\/portal\/2024\/07\/27\/paris-dio-la-bienvenida\/#primaryimage"},"thumbnailUrl":"https:\/\/www.eldiario.net\/portal\/wp-content\/uploads\/2024\/07\/paris-2.jpg","datePublished":"2024-07-27T10:51:53+00:00","breadcrumb":{"@id":"https:\/\/www.eldiario.net\/portal\/2024\/07\/27\/paris-dio-la-bienvenida\/#breadcrumb"},"inLanguage":"es","potentialAction":[{"@type":"ReadAction","target":["https:\/\/www.eldiario.net\/portal\/2024\/07\/27\/paris-dio-la-bienvenida\/"]}]},{"@type":"ImageObject","inLanguage":"es","@id":"https:\/\/www.eldiario.net\/portal\/2024\/07\/27\/paris-dio-la-bienvenida\/#primaryimage","url":"https:\/\/www.eldiario.net\/portal\/wp-content\/uploads\/2024\/07\/paris-2.jpg","contentUrl":"https:\/\/www.eldiario.net\/portal\/wp-content\/uploads\/2024\/07\/paris-2.jpg","width":1200,"height":968},{"@type":"BreadcrumbList","@id":"https:\/\/www.eldiario.net\/portal\/2024\/07\/27\/paris-dio-la-bienvenida\/#breadcrumb","itemListElement":[{"@type":"ListItem","position":1,"name":"Portada","item":"https:\/\/www.eldiario.net\/portal\/"},{"@type":"ListItem","position":2,"name":"PAR\u00cdS DIO LA BIENVENIDA"}]},{"@type":"WebSite","@id":"https:\/\/www.eldiario.net\/portal\/#website","url":"https:\/\/www.eldiario.net\/portal\/","name":"El Diario - Decano de la prensa nacional","description":"El Diario - Decano de la prensa nacional","publisher":{"@id":"https:\/\/www.eldiario.net\/portal\/#organization"},"potentialAction":[{"@type":"SearchAction","target":{"@type":"EntryPoint","urlTemplate":"https:\/\/www.eldiario.net\/portal\/?s={search_term_string}"},"query-input":{"@type":"PropertyValueSpecification","valueRequired":true,"valueName":"search_term_string"}}],"inLanguage":"es"},{"@type":"Organization","@id":"https:\/\/www.eldiario.net\/portal\/#organization","name":"El Diario - Decano de la prensa nacional","url":"https:\/\/www.eldiario.net\/portal\/","logo":{"@type":"ImageObject","inLanguage":"es","@id":"https:\/\/www.eldiario.net\/portal\/#\/schema\/logo\/image\/","url":"https:\/\/www.eldiario.net\/portal\/wp-content\/uploads\/2023\/07\/logo_ED.jpg","contentUrl":"https:\/\/www.eldiario.net\/portal\/wp-content\/uploads\/2023\/07\/logo_ED.jpg","width":272,"height":52,"caption":"El Diario - Decano de la prensa nacional"},"image":{"@id":"https:\/\/www.eldiario.net\/portal\/#\/schema\/logo\/image\/"},"sameAs":["https:\/\/www.facebook.com\/eldiario.bolivia\/","https:\/\/x.com\/eldiario_net"]},{"@type":"Person","@id":"https:\/\/www.eldiario.net\/portal\/#\/schema\/person\/f46445640444750d7d753ccd04ae01b7","name":"Jeanette","image":{"@type":"ImageObject","inLanguage":"es","@id":"https:\/\/secure.gravatar.com\/avatar\/3ea2118a5f7dad2b7138b1187a6b7ee55f160b9968b66013c3a3ef39dd7e5798?s=96&d=mm&r=g","url":"https:\/\/secure.gravatar.com\/avatar\/3ea2118a5f7dad2b7138b1187a6b7ee55f160b9968b66013c3a3ef39dd7e5798?s=96&d=mm&r=g","contentUrl":"https:\/\/secure.gravatar.com\/avatar\/3ea2118a5f7dad2b7138b1187a6b7ee55f160b9968b66013c3a3ef39dd7e5798?s=96&d=mm&r=g","caption":"Jeanette"},"sameAs":["https:\/\/www.eldiario.net\/portal"],"url":"https:\/\/www.eldiario.net\/portal\/author\/jeanette\/"}]}},"_links":{"self":[{"href":"https:\/\/www.eldiario.net\/portal\/wp-json\/wp\/v2\/posts\/236703","targetHints":{"allow":["GET"]}}],"collection":[{"href":"https:\/\/www.eldiario.net\/portal\/wp-json\/wp\/v2\/posts"}],"about":[{"href":"https:\/\/www.eldiario.net\/portal\/wp-json\/wp\/v2\/types\/post"}],"author":[{"embeddable":true,"href":"https:\/\/www.eldiario.net\/portal\/wp-json\/wp\/v2\/users\/1"}],"replies":[{"embeddable":true,"href":"https:\/\/www.eldiario.net\/portal\/wp-json\/wp\/v2\/comments?post=236703"}],"version-history":[{"count":1,"href":"https:\/\/www.eldiario.net\/portal\/wp-json\/wp\/v2\/posts\/236703\/revisions"}],"predecessor-version":[{"id":236706,"href":"https:\/\/www.eldiario.net\/portal\/wp-json\/wp\/v2\/posts\/236703\/revisions\/236706"}],"wp:featuredmedia":[{"embeddable":true,"href":"https:\/\/www.eldiario.net\/portal\/wp-json\/wp\/v2\/media\/236704"}],"wp:attachment":[{"href":"https:\/\/www.eldiario.net\/portal\/wp-json\/wp\/v2\/media?parent=236703"}],"wp:term":[{"taxonomy":"category","embeddable":true,"href":"https:\/\/www.eldiario.net\/portal\/wp-json\/wp\/v2\/categories?post=236703"},{"taxonomy":"post_tag","embeddable":true,"href":"https:\/\/www.eldiario.net\/portal\/wp-json\/wp\/v2\/tags?post=236703"}],"curies":[{"name":"wp","href":"https:\/\/api.w.org\/{rel}","templated":true}]}}