{"id":236626,"date":"2024-07-27T06:29:41","date_gmt":"2024-07-27T10:29:41","guid":{"rendered":"https:\/\/www.eldiario.net\/portal\/?p=236626"},"modified":"2024-07-27T06:29:41","modified_gmt":"2024-07-27T10:29:41","slug":"pese-a-conflictos-universitarios-compartiran-alegria-y-colorido","status":"publish","type":"post","link":"https:\/\/www.eldiario.net\/portal\/2024\/07\/27\/pese-a-conflictos-universitarios-compartiran-alegria-y-colorido\/","title":{"rendered":"Pese a conflictos, universitarios compartir\u00e1n alegr\u00eda y colorido"},"content":{"rendered":"<p>Desde tempranas horas de hoy, cientos de estudiantes, docentes y administrativos de la Universidad Mayor de San Andr\u00e9s (UMSA) participar\u00e1n de la 35 Entrada Folkl\u00f3rica Universitaria, que por este a\u00f1o tiene una nueva ruta. Se prev\u00e9 que unas 80 fraternidades har\u00e1n su paso por el centro pace\u00f1o, pese a conflictos registrados la pasada jornada entre vendedores de asientos, por lo que efectivos de la Polic\u00eda tuvieron que intervenir.<br \/>\nEsta gesti\u00f3n, el nuevo recorrido obedece a los trabajos que se realizan en la b\u00f3veda del r\u00edo Choqueyapu, que se encuentra por inmediaciones de la San Francisco, por lo que ese sector qued\u00f3 restringido para la circulaci\u00f3n vehicular de alto tonelaje, adem\u00e1s de concentraciones de personas y veh\u00edculos.<br \/>\nPor ello, la ruta inicia en la plaza Bolivia, avenida Arce y recorrer\u00e1 El Prado pace\u00f1o, avenida Mariscal Santa Cruz hasta la Obelisco e ingresar\u00e1 por la avenida Camacho hasta llegar a la avenida Sim\u00f3n Bol\u00edvar donde culminar\u00e1.<br \/>\nDebido a ese cambio, la ma\u00f1ana y parte de la tarde de ayer, gremiales y vendedoras de grader\u00edas se enfrentaron por mejores espacios. Se registraron algunos lesionados, por lo que efectivos de la Polic\u00eda tuvieron que intervenir.<\/p>\n<p>CIERRE DE V\u00cdAS<br \/>\nY MEDIDAS<br \/>\nDesde las 8:00 hasta las 23:30 horas permanecer\u00e1n cerradas las v\u00edas del tramo que va de la plaza Bolivia, avenida Arce, plaza del Estudiante, avenida 16 de Julio, calle Ayacucho, avenida Camacho y Sim\u00f3n Bol\u00edvar. Por lo que se recomienda usar v\u00edas alternas.<br \/>\nAdem\u00e1s, la Defensor\u00eda de Ni\u00f1ez y Adolescencia instalar\u00e1 dos puntos fijos; uno en la plaza del Estudiante y otro en la plaza Camacho. Trabajar\u00e1n en tres turnos, de 8:00 a 13:00, de 13:00 a 18:30 y de 18:30 horas hasta concluir el evento.<br \/>\nPor otra parte, desde la Direcci\u00f3n Municipal de Seguridad Ciudadana, se inform\u00f3 la prohibici\u00f3n del consumo de bebidas alcoh\u00f3licas. Por ello, se prev\u00e9 el despliegue de un contingente de servidores municipales y efectivos policiales para realizar los controles antes, durante y despu\u00e9s de la actividad.<\/p>\n<p>Pie de foto:Cr\u00e9dito:<\/p>\n","protected":false},"excerpt":{"rendered":"<p>Desde tempranas horas de hoy, cientos de estudiantes, docentes y administrativos de la Universidad Mayor de San Andr\u00e9s (UMSA) participar\u00e1n de la 35 Entrada Folkl\u00f3rica Universitaria, que por este a\u00f1o tiene una nueva ruta. Se prev\u00e9 que unas 80 fraternidades har\u00e1n su paso por el centro pace\u00f1o, pese a conflictos registrados la pasada jornada entre [&hellip;]<\/p>\n","protected":false},"author":1,"featured_media":194726,"comment_status":"open","ping_status":"open","sticky":false,"template":"","format":"standard","meta":{"_acf_changed":false,"footnotes":""},"categories":[12],"tags":[],"class_list":["post-236626","post","type-post","status-publish","format-standard","has-post-thumbnail","category-nacional"],"acf":{"antetitulo":""},"yoast_head":"<!-- This site is optimized with the Yoast SEO plugin v28.3 - https:\/\/yoast.com\/product\/yoast-seo-wordpress\/ -->\n<title>Pese a conflictos, universitarios compartir\u00e1n alegr\u00eda y colorido - El Diario - Bolivia<\/title>\n<meta name=\"robots\" content=\"index, follow, max-snippet:-1, max-image-preview:large, max-video-preview:-1\" \/>\n<link rel=\"canonical\" href=\"https:\/\/www.eldiario.net\/portal\/2024\/07\/27\/pese-a-conflictos-universitarios-compartiran-alegria-y-colorido\/\" \/>\n<meta property=\"og:locale\" content=\"es_ES\" \/>\n<meta property=\"og:type\" content=\"article\" \/>\n<meta property=\"og:title\" content=\"Pese a conflictos, universitarios compartir\u00e1n alegr\u00eda y colorido - El Diario - Bolivia\" \/>\n<meta property=\"og:description\" content=\"Desde tempranas horas de hoy, cientos de estudiantes, docentes y administrativos de la Universidad Mayor de San Andr\u00e9s (UMSA) participar\u00e1n de la 35 Entrada Folkl\u00f3rica Universitaria, que por este a\u00f1o tiene una nueva ruta. Se prev\u00e9 que unas 80 fraternidades har\u00e1n su paso por el centro pace\u00f1o, pese a conflictos registrados la pasada jornada entre [&hellip;]\" \/>\n<meta property=\"og:url\" content=\"https:\/\/www.eldiario.net\/portal\/2024\/07\/27\/pese-a-conflictos-universitarios-compartiran-alegria-y-colorido\/\" \/>\n<meta property=\"og:site_name\" content=\"El Diario - Bolivia\" \/>\n<meta property=\"article:publisher\" content=\"https:\/\/www.facebook.com\/eldiario.bolivia\/\" \/>\n<meta property=\"article:published_time\" content=\"2024-07-27T10:29:41+00:00\" \/>\n<meta property=\"og:image\" content=\"https:\/\/www.eldiario.net\/portal\/wp-content\/uploads\/2023\/12\/Nacional.jpg\" \/>\n\t<meta property=\"og:image:width\" content=\"800\" \/>\n\t<meta property=\"og:image:height\" content=\"500\" \/>\n\t<meta property=\"og:image:type\" content=\"image\/jpeg\" \/>\n<meta name=\"author\" content=\"Jeanette\" \/>\n<meta name=\"twitter:card\" content=\"summary_large_image\" \/>\n<meta name=\"twitter:creator\" content=\"@eldiario_net\" \/>\n<meta name=\"twitter:site\" content=\"@eldiario_net\" \/>\n<meta name=\"twitter:label1\" content=\"Escrito por\" \/>\n\t<meta name=\"twitter:data1\" content=\"Jeanette\" \/>\n\t<meta name=\"twitter:label2\" content=\"Tiempo de lectura\" \/>\n\t<meta name=\"twitter:data2\" content=\"2 minutos\" \/>\n<script type=\"application\/ld+json\" class=\"yoast-schema-graph\">{\"@context\":\"https:\\\/\\\/schema.org\",\"@graph\":[{\"@type\":\"Article\",\"@id\":\"https:\\\/\\\/www.eldiario.net\\\/portal\\\/2024\\\/07\\\/27\\\/pese-a-conflictos-universitarios-compartiran-alegria-y-colorido\\\/#article\",\"isPartOf\":{\"@id\":\"https:\\\/\\\/www.eldiario.net\\\/portal\\\/2024\\\/07\\\/27\\\/pese-a-conflictos-universitarios-compartiran-alegria-y-colorido\\\/\"},\"author\":{\"name\":\"Jeanette\",\"@id\":\"https:\\\/\\\/www.eldiario.net\\\/portal\\\/#\\\/schema\\\/person\\\/f46445640444750d7d753ccd04ae01b7\"},\"headline\":\"Pese a conflictos, universitarios compartir\u00e1n alegr\u00eda y colorido\",\"datePublished\":\"2024-07-27T10:29:41+00:00\",\"mainEntityOfPage\":{\"@id\":\"https:\\\/\\\/www.eldiario.net\\\/portal\\\/2024\\\/07\\\/27\\\/pese-a-conflictos-universitarios-compartiran-alegria-y-colorido\\\/\"},\"wordCount\":365,\"commentCount\":0,\"publisher\":{\"@id\":\"https:\\\/\\\/www.eldiario.net\\\/portal\\\/#organization\"},\"image\":{\"@id\":\"https:\\\/\\\/www.eldiario.net\\\/portal\\\/2024\\\/07\\\/27\\\/pese-a-conflictos-universitarios-compartiran-alegria-y-colorido\\\/#primaryimage\"},\"thumbnailUrl\":\"https:\\\/\\\/www.eldiario.net\\\/portal\\\/wp-content\\\/uploads\\\/2023\\\/12\\\/Nacional.jpg\",\"articleSection\":[\"Nacional\"],\"inLanguage\":\"es\",\"potentialAction\":[{\"@type\":\"CommentAction\",\"name\":\"Comment\",\"target\":[\"https:\\\/\\\/www.eldiario.net\\\/portal\\\/2024\\\/07\\\/27\\\/pese-a-conflictos-universitarios-compartiran-alegria-y-colorido\\\/#respond\"]}]},{\"@type\":\"WebPage\",\"@id\":\"https:\\\/\\\/www.eldiario.net\\\/portal\\\/2024\\\/07\\\/27\\\/pese-a-conflictos-universitarios-compartiran-alegria-y-colorido\\\/\",\"url\":\"https:\\\/\\\/www.eldiario.net\\\/portal\\\/2024\\\/07\\\/27\\\/pese-a-conflictos-universitarios-compartiran-alegria-y-colorido\\\/\",\"name\":\"Pese a conflictos, universitarios compartir\u00e1n alegr\u00eda y colorido - El Diario - Bolivia\",\"isPartOf\":{\"@id\":\"https:\\\/\\\/www.eldiario.net\\\/portal\\\/#website\"},\"primaryImageOfPage\":{\"@id\":\"https:\\\/\\\/www.eldiario.net\\\/portal\\\/2024\\\/07\\\/27\\\/pese-a-conflictos-universitarios-compartiran-alegria-y-colorido\\\/#primaryimage\"},\"image\":{\"@id\":\"https:\\\/\\\/www.eldiario.net\\\/portal\\\/2024\\\/07\\\/27\\\/pese-a-conflictos-universitarios-compartiran-alegria-y-colorido\\\/#primaryimage\"},\"thumbnailUrl\":\"https:\\\/\\\/www.eldiario.net\\\/portal\\\/wp-content\\\/uploads\\\/2023\\\/12\\\/Nacional.jpg\",\"datePublished\":\"2024-07-27T10:29:41+00:00\",\"breadcrumb\":{\"@id\":\"https:\\\/\\\/www.eldiario.net\\\/portal\\\/2024\\\/07\\\/27\\\/pese-a-conflictos-universitarios-compartiran-alegria-y-colorido\\\/#breadcrumb\"},\"inLanguage\":\"es\",\"potentialAction\":[{\"@type\":\"ReadAction\",\"target\":[\"https:\\\/\\\/www.eldiario.net\\\/portal\\\/2024\\\/07\\\/27\\\/pese-a-conflictos-universitarios-compartiran-alegria-y-colorido\\\/\"]}]},{\"@type\":\"ImageObject\",\"inLanguage\":\"es\",\"@id\":\"https:\\\/\\\/www.eldiario.net\\\/portal\\\/2024\\\/07\\\/27\\\/pese-a-conflictos-universitarios-compartiran-alegria-y-colorido\\\/#primaryimage\",\"url\":\"https:\\\/\\\/www.eldiario.net\\\/portal\\\/wp-content\\\/uploads\\\/2023\\\/12\\\/Nacional.jpg\",\"contentUrl\":\"https:\\\/\\\/www.eldiario.net\\\/portal\\\/wp-content\\\/uploads\\\/2023\\\/12\\\/Nacional.jpg\",\"width\":800,\"height\":500},{\"@type\":\"BreadcrumbList\",\"@id\":\"https:\\\/\\\/www.eldiario.net\\\/portal\\\/2024\\\/07\\\/27\\\/pese-a-conflictos-universitarios-compartiran-alegria-y-colorido\\\/#breadcrumb\",\"itemListElement\":[{\"@type\":\"ListItem\",\"position\":1,\"name\":\"Portada\",\"item\":\"https:\\\/\\\/www.eldiario.net\\\/portal\\\/\"},{\"@type\":\"ListItem\",\"position\":2,\"name\":\"Pese a conflictos, universitarios compartir\u00e1n alegr\u00eda y colorido\"}]},{\"@type\":\"WebSite\",\"@id\":\"https:\\\/\\\/www.eldiario.net\\\/portal\\\/#website\",\"url\":\"https:\\\/\\\/www.eldiario.net\\\/portal\\\/\",\"name\":\"El Diario - Decano de la prensa nacional\",\"description\":\"El Diario - Decano de la prensa nacional\",\"publisher\":{\"@id\":\"https:\\\/\\\/www.eldiario.net\\\/portal\\\/#organization\"},\"potentialAction\":[{\"@type\":\"SearchAction\",\"target\":{\"@type\":\"EntryPoint\",\"urlTemplate\":\"https:\\\/\\\/www.eldiario.net\\\/portal\\\/?s={search_term_string}\"},\"query-input\":{\"@type\":\"PropertyValueSpecification\",\"valueRequired\":true,\"valueName\":\"search_term_string\"}}],\"inLanguage\":\"es\"},{\"@type\":\"Organization\",\"@id\":\"https:\\\/\\\/www.eldiario.net\\\/portal\\\/#organization\",\"name\":\"El Diario - Decano de la prensa nacional\",\"url\":\"https:\\\/\\\/www.eldiario.net\\\/portal\\\/\",\"logo\":{\"@type\":\"ImageObject\",\"inLanguage\":\"es\",\"@id\":\"https:\\\/\\\/www.eldiario.net\\\/portal\\\/#\\\/schema\\\/logo\\\/image\\\/\",\"url\":\"https:\\\/\\\/www.eldiario.net\\\/portal\\\/wp-content\\\/uploads\\\/2023\\\/07\\\/logo_ED.jpg\",\"contentUrl\":\"https:\\\/\\\/www.eldiario.net\\\/portal\\\/wp-content\\\/uploads\\\/2023\\\/07\\\/logo_ED.jpg\",\"width\":272,\"height\":52,\"caption\":\"El Diario - Decano de la prensa nacional\"},\"image\":{\"@id\":\"https:\\\/\\\/www.eldiario.net\\\/portal\\\/#\\\/schema\\\/logo\\\/image\\\/\"},\"sameAs\":[\"https:\\\/\\\/www.facebook.com\\\/eldiario.bolivia\\\/\",\"https:\\\/\\\/x.com\\\/eldiario_net\"]},{\"@type\":\"Person\",\"@id\":\"https:\\\/\\\/www.eldiario.net\\\/portal\\\/#\\\/schema\\\/person\\\/f46445640444750d7d753ccd04ae01b7\",\"name\":\"Jeanette\",\"image\":{\"@type\":\"ImageObject\",\"inLanguage\":\"es\",\"@id\":\"https:\\\/\\\/secure.gravatar.com\\\/avatar\\\/3ea2118a5f7dad2b7138b1187a6b7ee55f160b9968b66013c3a3ef39dd7e5798?s=96&d=mm&r=g\",\"url\":\"https:\\\/\\\/secure.gravatar.com\\\/avatar\\\/3ea2118a5f7dad2b7138b1187a6b7ee55f160b9968b66013c3a3ef39dd7e5798?s=96&d=mm&r=g\",\"contentUrl\":\"https:\\\/\\\/secure.gravatar.com\\\/avatar\\\/3ea2118a5f7dad2b7138b1187a6b7ee55f160b9968b66013c3a3ef39dd7e5798?s=96&d=mm&r=g\",\"caption\":\"Jeanette\"},\"sameAs\":[\"https:\\\/\\\/www.eldiario.net\\\/portal\"],\"url\":\"https:\\\/\\\/www.eldiario.net\\\/portal\\\/author\\\/jeanette\\\/\"}]}<\/script>\n<!-- \/ Yoast SEO plugin. -->","yoast_head_json":{"title":"Pese a conflictos, universitarios compartir\u00e1n alegr\u00eda y colorido - El Diario - Bolivia","robots":{"index":"index","follow":"follow","max-snippet":"max-snippet:-1","max-image-preview":"max-image-preview:large","max-video-preview":"max-video-preview:-1"},"canonical":"https:\/\/www.eldiario.net\/portal\/2024\/07\/27\/pese-a-conflictos-universitarios-compartiran-alegria-y-colorido\/","og_locale":"es_ES","og_type":"article","og_title":"Pese a conflictos, universitarios compartir\u00e1n alegr\u00eda y colorido - El Diario - Bolivia","og_description":"Desde tempranas horas de hoy, cientos de estudiantes, docentes y administrativos de la Universidad Mayor de San Andr\u00e9s (UMSA) participar\u00e1n de la 35 Entrada Folkl\u00f3rica Universitaria, que por este a\u00f1o tiene una nueva ruta. Se prev\u00e9 que unas 80 fraternidades har\u00e1n su paso por el centro pace\u00f1o, pese a conflictos registrados la pasada jornada entre [&hellip;]","og_url":"https:\/\/www.eldiario.net\/portal\/2024\/07\/27\/pese-a-conflictos-universitarios-compartiran-alegria-y-colorido\/","og_site_name":"El Diario - Bolivia","article_publisher":"https:\/\/www.facebook.com\/eldiario.bolivia\/","article_published_time":"2024-07-27T10:29:41+00:00","og_image":[{"width":800,"height":500,"url":"https:\/\/www.eldiario.net\/portal\/wp-content\/uploads\/2023\/12\/Nacional.jpg","type":"image\/jpeg"}],"author":"Jeanette","twitter_card":"summary_large_image","twitter_creator":"@eldiario_net","twitter_site":"@eldiario_net","twitter_misc":{"Escrito por":"Jeanette","Tiempo de lectura":"2 minutos"},"schema":{"@context":"https:\/\/schema.org","@graph":[{"@type":"Article","@id":"https:\/\/www.eldiario.net\/portal\/2024\/07\/27\/pese-a-conflictos-universitarios-compartiran-alegria-y-colorido\/#article","isPartOf":{"@id":"https:\/\/www.eldiario.net\/portal\/2024\/07\/27\/pese-a-conflictos-universitarios-compartiran-alegria-y-colorido\/"},"author":{"name":"Jeanette","@id":"https:\/\/www.eldiario.net\/portal\/#\/schema\/person\/f46445640444750d7d753ccd04ae01b7"},"headline":"Pese a conflictos, universitarios compartir\u00e1n alegr\u00eda y colorido","datePublished":"2024-07-27T10:29:41+00:00","mainEntityOfPage":{"@id":"https:\/\/www.eldiario.net\/portal\/2024\/07\/27\/pese-a-conflictos-universitarios-compartiran-alegria-y-colorido\/"},"wordCount":365,"commentCount":0,"publisher":{"@id":"https:\/\/www.eldiario.net\/portal\/#organization"},"image":{"@id":"https:\/\/www.eldiario.net\/portal\/2024\/07\/27\/pese-a-conflictos-universitarios-compartiran-alegria-y-colorido\/#primaryimage"},"thumbnailUrl":"https:\/\/www.eldiario.net\/portal\/wp-content\/uploads\/2023\/12\/Nacional.jpg","articleSection":["Nacional"],"inLanguage":"es","potentialAction":[{"@type":"CommentAction","name":"Comment","target":["https:\/\/www.eldiario.net\/portal\/2024\/07\/27\/pese-a-conflictos-universitarios-compartiran-alegria-y-colorido\/#respond"]}]},{"@type":"WebPage","@id":"https:\/\/www.eldiario.net\/portal\/2024\/07\/27\/pese-a-conflictos-universitarios-compartiran-alegria-y-colorido\/","url":"https:\/\/www.eldiario.net\/portal\/2024\/07\/27\/pese-a-conflictos-universitarios-compartiran-alegria-y-colorido\/","name":"Pese a conflictos, universitarios compartir\u00e1n alegr\u00eda y colorido - El Diario - Bolivia","isPartOf":{"@id":"https:\/\/www.eldiario.net\/portal\/#website"},"primaryImageOfPage":{"@id":"https:\/\/www.eldiario.net\/portal\/2024\/07\/27\/pese-a-conflictos-universitarios-compartiran-alegria-y-colorido\/#primaryimage"},"image":{"@id":"https:\/\/www.eldiario.net\/portal\/2024\/07\/27\/pese-a-conflictos-universitarios-compartiran-alegria-y-colorido\/#primaryimage"},"thumbnailUrl":"https:\/\/www.eldiario.net\/portal\/wp-content\/uploads\/2023\/12\/Nacional.jpg","datePublished":"2024-07-27T10:29:41+00:00","breadcrumb":{"@id":"https:\/\/www.eldiario.net\/portal\/2024\/07\/27\/pese-a-conflictos-universitarios-compartiran-alegria-y-colorido\/#breadcrumb"},"inLanguage":"es","potentialAction":[{"@type":"ReadAction","target":["https:\/\/www.eldiario.net\/portal\/2024\/07\/27\/pese-a-conflictos-universitarios-compartiran-alegria-y-colorido\/"]}]},{"@type":"ImageObject","inLanguage":"es","@id":"https:\/\/www.eldiario.net\/portal\/2024\/07\/27\/pese-a-conflictos-universitarios-compartiran-alegria-y-colorido\/#primaryimage","url":"https:\/\/www.eldiario.net\/portal\/wp-content\/uploads\/2023\/12\/Nacional.jpg","contentUrl":"https:\/\/www.eldiario.net\/portal\/wp-content\/uploads\/2023\/12\/Nacional.jpg","width":800,"height":500},{"@type":"BreadcrumbList","@id":"https:\/\/www.eldiario.net\/portal\/2024\/07\/27\/pese-a-conflictos-universitarios-compartiran-alegria-y-colorido\/#breadcrumb","itemListElement":[{"@type":"ListItem","position":1,"name":"Portada","item":"https:\/\/www.eldiario.net\/portal\/"},{"@type":"ListItem","position":2,"name":"Pese a conflictos, universitarios compartir\u00e1n alegr\u00eda y colorido"}]},{"@type":"WebSite","@id":"https:\/\/www.eldiario.net\/portal\/#website","url":"https:\/\/www.eldiario.net\/portal\/","name":"El Diario - Decano de la prensa nacional","description":"El Diario - Decano de la prensa nacional","publisher":{"@id":"https:\/\/www.eldiario.net\/portal\/#organization"},"potentialAction":[{"@type":"SearchAction","target":{"@type":"EntryPoint","urlTemplate":"https:\/\/www.eldiario.net\/portal\/?s={search_term_string}"},"query-input":{"@type":"PropertyValueSpecification","valueRequired":true,"valueName":"search_term_string"}}],"inLanguage":"es"},{"@type":"Organization","@id":"https:\/\/www.eldiario.net\/portal\/#organization","name":"El Diario - Decano de la prensa nacional","url":"https:\/\/www.eldiario.net\/portal\/","logo":{"@type":"ImageObject","inLanguage":"es","@id":"https:\/\/www.eldiario.net\/portal\/#\/schema\/logo\/image\/","url":"https:\/\/www.eldiario.net\/portal\/wp-content\/uploads\/2023\/07\/logo_ED.jpg","contentUrl":"https:\/\/www.eldiario.net\/portal\/wp-content\/uploads\/2023\/07\/logo_ED.jpg","width":272,"height":52,"caption":"El Diario - Decano de la prensa nacional"},"image":{"@id":"https:\/\/www.eldiario.net\/portal\/#\/schema\/logo\/image\/"},"sameAs":["https:\/\/www.facebook.com\/eldiario.bolivia\/","https:\/\/x.com\/eldiario_net"]},{"@type":"Person","@id":"https:\/\/www.eldiario.net\/portal\/#\/schema\/person\/f46445640444750d7d753ccd04ae01b7","name":"Jeanette","image":{"@type":"ImageObject","inLanguage":"es","@id":"https:\/\/secure.gravatar.com\/avatar\/3ea2118a5f7dad2b7138b1187a6b7ee55f160b9968b66013c3a3ef39dd7e5798?s=96&d=mm&r=g","url":"https:\/\/secure.gravatar.com\/avatar\/3ea2118a5f7dad2b7138b1187a6b7ee55f160b9968b66013c3a3ef39dd7e5798?s=96&d=mm&r=g","contentUrl":"https:\/\/secure.gravatar.com\/avatar\/3ea2118a5f7dad2b7138b1187a6b7ee55f160b9968b66013c3a3ef39dd7e5798?s=96&d=mm&r=g","caption":"Jeanette"},"sameAs":["https:\/\/www.eldiario.net\/portal"],"url":"https:\/\/www.eldiario.net\/portal\/author\/jeanette\/"}]}},"_links":{"self":[{"href":"https:\/\/www.eldiario.net\/portal\/wp-json\/wp\/v2\/posts\/236626","targetHints":{"allow":["GET"]}}],"collection":[{"href":"https:\/\/www.eldiario.net\/portal\/wp-json\/wp\/v2\/posts"}],"about":[{"href":"https:\/\/www.eldiario.net\/portal\/wp-json\/wp\/v2\/types\/post"}],"author":[{"embeddable":true,"href":"https:\/\/www.eldiario.net\/portal\/wp-json\/wp\/v2\/users\/1"}],"replies":[{"embeddable":true,"href":"https:\/\/www.eldiario.net\/portal\/wp-json\/wp\/v2\/comments?post=236626"}],"version-history":[{"count":1,"href":"https:\/\/www.eldiario.net\/portal\/wp-json\/wp\/v2\/posts\/236626\/revisions"}],"predecessor-version":[{"id":236627,"href":"https:\/\/www.eldiario.net\/portal\/wp-json\/wp\/v2\/posts\/236626\/revisions\/236627"}],"wp:featuredmedia":[{"embeddable":true,"href":"https:\/\/www.eldiario.net\/portal\/wp-json\/wp\/v2\/media\/194726"}],"wp:attachment":[{"href":"https:\/\/www.eldiario.net\/portal\/wp-json\/wp\/v2\/media?parent=236626"}],"wp:term":[{"taxonomy":"category","embeddable":true,"href":"https:\/\/www.eldiario.net\/portal\/wp-json\/wp\/v2\/categories?post=236626"},{"taxonomy":"post_tag","embeddable":true,"href":"https:\/\/www.eldiario.net\/portal\/wp-json\/wp\/v2\/tags?post=236626"}],"curies":[{"name":"wp","href":"https:\/\/api.w.org\/{rel}","templated":true}]}}