{"id":236250,"date":"2024-07-25T06:50:27","date_gmt":"2024-07-25T10:50:27","guid":{"rendered":"https:\/\/www.eldiario.net\/portal\/?p=236250"},"modified":"2024-07-25T06:50:27","modified_gmt":"2024-07-25T10:50:27","slug":"plan-de-selecciones-nacionales-2024-2034-contempla-concentraciones-de-100-dias","status":"publish","type":"post","link":"https:\/\/www.eldiario.net\/portal\/2024\/07\/25\/plan-de-selecciones-nacionales-2024-2034-contempla-concentraciones-de-100-dias\/","title":{"rendered":"Plan de Selecciones Nacionales 2024-2034 contempla concentraciones de 100 d\u00edas"},"content":{"rendered":"<p>El ambicioso Plan de Selecciones Nacionales 2024-2034 que entreg\u00f3 la Federaci\u00f3n Boliviana de F\u00fatbol (FBF) al director t\u00e9cnico, Oscar Villegas, tiene previsto llevar adelante cien d\u00edas de trabajo con concentraci\u00f3n cerrada para los jugadores de las divisiones juveniles, con partidos amistosos de car\u00e1cter internacional, con la finalidad de aumentar su nivel y ritmo de juego antes de llegar a la Selecci\u00f3n Absoluta.<\/p>\n<p>A una semana de la presentaci\u00f3n de este proyecto, Villegas adelant\u00f3 cu\u00e1les ser\u00e1n los pasos que seguir\u00e1 con las divisiones juveniles. Uno de los objetivos es concentrar a las selecciones, de las categor\u00edas Sub-15, Sub-17 y Sub-20, durante cien d\u00edas.<\/p>\n<p>\u201cEste proceso de concentraci\u00f3n y partidos internacionales apunta a que estos j\u00f3venes lleguen con un bagaje de experiencia internacional importante para que un d\u00eda sean parte de clubes profesionales y de la Selecci\u00f3n Mayor\u201d, indic\u00f3 Villegas.<\/p>\n<p>Llevar adelante este objetivo requiere de infraestructura deportiva para reunir a los futbolistas y desarrollar el plan en campos de juego en buenas condiciones. En esta parte, la dirigencia federativa tiene el compromiso de finalizar la construcci\u00f3n de la Casa de la Verde para iniciar con este plan de manera paulatina.<\/p>\n<p>Asimismo, en este lapso de preparaci\u00f3n de cien d\u00edas el cuerpo t\u00e9cnico se encargar\u00e1 de mejorar la parte f\u00edsica \u2013una de las debilidades del futbolista boliviano\u2013, entregar conceptos t\u00e1cticos y optimizar la t\u00e9cnica.<\/p>\n<p>Villegas es la cabeza visible de este plan; sin embargo, admiti\u00f3 que manejar todas las selecciones es dif\u00edcil, por lo que tiene previsto sumar profesionales al cuerpo t\u00e9cnico \u201cpara que puedan apoyar permanentemente, se est\u00e1 formando un grupo, estamos tratando de incorporar valores importantes, gente no tan visible, pero sabiendo que tiene un desarrollo acad\u00e9mico y pr\u00e1ctico\u201d, explic\u00f3 el entrenador cochabambino en entrevista con el canal Tigo Sport.<\/p>\n<p>&nbsp;<\/p>\n<p>SUB-16<\/p>\n<p>Por estos d\u00edas, la atenci\u00f3n de Villegas est\u00e1 en la preparaci\u00f3n del seleccionado Sub-16 (varones), que trabaja en Santa Cruz, pensando en hacer una digna participaci\u00f3n en el Campeonato Sudamericano, que se jugar\u00e1 del 29 de agosto al 14 de septiembre.<\/p>\n<p>&nbsp;<\/p>\n<p>(APG)<\/p>\n<p>&nbsp;<\/p>\n","protected":false},"excerpt":{"rendered":"<p>El ambicioso Plan de Selecciones Nacionales 2024-2034 que entreg\u00f3 la Federaci\u00f3n Boliviana de F\u00fatbol (FBF) al director t\u00e9cnico, Oscar Villegas, tiene previsto llevar adelante cien d\u00edas de trabajo con concentraci\u00f3n cerrada para los jugadores de las divisiones juveniles, con partidos amistosos de car\u00e1cter internacional, con la finalidad de aumentar su nivel y ritmo de juego [&hellip;]<\/p>\n","protected":false},"author":1,"featured_media":236251,"comment_status":"open","ping_status":"open","sticky":false,"template":"","format":"standard","meta":{"_acf_changed":false,"footnotes":""},"categories":[6],"tags":[],"class_list":["post-236250","post","type-post","status-publish","format-standard","has-post-thumbnail","category-deportes"],"acf":{"antetitulo":""},"yoast_head":"<!-- This site is optimized with the Yoast SEO plugin v28.3 - https:\/\/yoast.com\/product\/yoast-seo-wordpress\/ -->\n<title>Plan de Selecciones Nacionales 2024-2034 contempla concentraciones de 100 d\u00edas - El Diario - Bolivia<\/title>\n<meta name=\"robots\" content=\"index, follow, max-snippet:-1, max-image-preview:large, max-video-preview:-1\" \/>\n<link rel=\"canonical\" href=\"https:\/\/www.eldiario.net\/portal\/2024\/07\/25\/plan-de-selecciones-nacionales-2024-2034-contempla-concentraciones-de-100-dias\/\" \/>\n<meta property=\"og:locale\" content=\"es_ES\" \/>\n<meta property=\"og:type\" content=\"article\" \/>\n<meta property=\"og:title\" content=\"Plan de Selecciones Nacionales 2024-2034 contempla concentraciones de 100 d\u00edas - El Diario - Bolivia\" \/>\n<meta property=\"og:description\" content=\"El ambicioso Plan de Selecciones Nacionales 2024-2034 que entreg\u00f3 la Federaci\u00f3n Boliviana de F\u00fatbol (FBF) al director t\u00e9cnico, Oscar Villegas, tiene previsto llevar adelante cien d\u00edas de trabajo con concentraci\u00f3n cerrada para los jugadores de las divisiones juveniles, con partidos amistosos de car\u00e1cter internacional, con la finalidad de aumentar su nivel y ritmo de juego [&hellip;]\" \/>\n<meta property=\"og:url\" content=\"https:\/\/www.eldiario.net\/portal\/2024\/07\/25\/plan-de-selecciones-nacionales-2024-2034-contempla-concentraciones-de-100-dias\/\" \/>\n<meta property=\"og:site_name\" content=\"El Diario - Bolivia\" \/>\n<meta property=\"article:publisher\" content=\"https:\/\/www.facebook.com\/eldiario.bolivia\/\" \/>\n<meta property=\"article:published_time\" content=\"2024-07-25T10:50:27+00:00\" \/>\n<meta property=\"og:image\" content=\"https:\/\/www.eldiario.net\/portal\/wp-content\/uploads\/2024\/07\/Selecciones-24.jpg\" \/>\n\t<meta property=\"og:image:width\" content=\"705\" \/>\n\t<meta property=\"og:image:height\" content=\"770\" \/>\n\t<meta property=\"og:image:type\" content=\"image\/jpeg\" \/>\n<meta name=\"author\" content=\"Jeanette\" \/>\n<meta name=\"twitter:card\" content=\"summary_large_image\" \/>\n<meta name=\"twitter:creator\" content=\"@eldiario_net\" \/>\n<meta name=\"twitter:site\" content=\"@eldiario_net\" \/>\n<meta name=\"twitter:label1\" content=\"Escrito por\" \/>\n\t<meta name=\"twitter:data1\" content=\"Jeanette\" \/>\n\t<meta name=\"twitter:label2\" content=\"Tiempo de lectura\" \/>\n\t<meta name=\"twitter:data2\" content=\"2 minutos\" \/>\n<script type=\"application\/ld+json\" class=\"yoast-schema-graph\">{\"@context\":\"https:\\\/\\\/schema.org\",\"@graph\":[{\"@type\":\"Article\",\"@id\":\"https:\\\/\\\/www.eldiario.net\\\/portal\\\/2024\\\/07\\\/25\\\/plan-de-selecciones-nacionales-2024-2034-contempla-concentraciones-de-100-dias\\\/#article\",\"isPartOf\":{\"@id\":\"https:\\\/\\\/www.eldiario.net\\\/portal\\\/2024\\\/07\\\/25\\\/plan-de-selecciones-nacionales-2024-2034-contempla-concentraciones-de-100-dias\\\/\"},\"author\":{\"name\":\"Jeanette\",\"@id\":\"https:\\\/\\\/www.eldiario.net\\\/portal\\\/#\\\/schema\\\/person\\\/f46445640444750d7d753ccd04ae01b7\"},\"headline\":\"Plan de Selecciones Nacionales 2024-2034 contempla concentraciones de 100 d\u00edas\",\"datePublished\":\"2024-07-25T10:50:27+00:00\",\"mainEntityOfPage\":{\"@id\":\"https:\\\/\\\/www.eldiario.net\\\/portal\\\/2024\\\/07\\\/25\\\/plan-de-selecciones-nacionales-2024-2034-contempla-concentraciones-de-100-dias\\\/\"},\"wordCount\":375,\"commentCount\":0,\"publisher\":{\"@id\":\"https:\\\/\\\/www.eldiario.net\\\/portal\\\/#organization\"},\"image\":{\"@id\":\"https:\\\/\\\/www.eldiario.net\\\/portal\\\/2024\\\/07\\\/25\\\/plan-de-selecciones-nacionales-2024-2034-contempla-concentraciones-de-100-dias\\\/#primaryimage\"},\"thumbnailUrl\":\"https:\\\/\\\/www.eldiario.net\\\/portal\\\/wp-content\\\/uploads\\\/2024\\\/07\\\/Selecciones-24.jpg\",\"articleSection\":[\"Deportes\"],\"inLanguage\":\"es\",\"potentialAction\":[{\"@type\":\"CommentAction\",\"name\":\"Comment\",\"target\":[\"https:\\\/\\\/www.eldiario.net\\\/portal\\\/2024\\\/07\\\/25\\\/plan-de-selecciones-nacionales-2024-2034-contempla-concentraciones-de-100-dias\\\/#respond\"]}]},{\"@type\":\"WebPage\",\"@id\":\"https:\\\/\\\/www.eldiario.net\\\/portal\\\/2024\\\/07\\\/25\\\/plan-de-selecciones-nacionales-2024-2034-contempla-concentraciones-de-100-dias\\\/\",\"url\":\"https:\\\/\\\/www.eldiario.net\\\/portal\\\/2024\\\/07\\\/25\\\/plan-de-selecciones-nacionales-2024-2034-contempla-concentraciones-de-100-dias\\\/\",\"name\":\"Plan de Selecciones Nacionales 2024-2034 contempla concentraciones de 100 d\u00edas - El Diario - Bolivia\",\"isPartOf\":{\"@id\":\"https:\\\/\\\/www.eldiario.net\\\/portal\\\/#website\"},\"primaryImageOfPage\":{\"@id\":\"https:\\\/\\\/www.eldiario.net\\\/portal\\\/2024\\\/07\\\/25\\\/plan-de-selecciones-nacionales-2024-2034-contempla-concentraciones-de-100-dias\\\/#primaryimage\"},\"image\":{\"@id\":\"https:\\\/\\\/www.eldiario.net\\\/portal\\\/2024\\\/07\\\/25\\\/plan-de-selecciones-nacionales-2024-2034-contempla-concentraciones-de-100-dias\\\/#primaryimage\"},\"thumbnailUrl\":\"https:\\\/\\\/www.eldiario.net\\\/portal\\\/wp-content\\\/uploads\\\/2024\\\/07\\\/Selecciones-24.jpg\",\"datePublished\":\"2024-07-25T10:50:27+00:00\",\"breadcrumb\":{\"@id\":\"https:\\\/\\\/www.eldiario.net\\\/portal\\\/2024\\\/07\\\/25\\\/plan-de-selecciones-nacionales-2024-2034-contempla-concentraciones-de-100-dias\\\/#breadcrumb\"},\"inLanguage\":\"es\",\"potentialAction\":[{\"@type\":\"ReadAction\",\"target\":[\"https:\\\/\\\/www.eldiario.net\\\/portal\\\/2024\\\/07\\\/25\\\/plan-de-selecciones-nacionales-2024-2034-contempla-concentraciones-de-100-dias\\\/\"]}]},{\"@type\":\"ImageObject\",\"inLanguage\":\"es\",\"@id\":\"https:\\\/\\\/www.eldiario.net\\\/portal\\\/2024\\\/07\\\/25\\\/plan-de-selecciones-nacionales-2024-2034-contempla-concentraciones-de-100-dias\\\/#primaryimage\",\"url\":\"https:\\\/\\\/www.eldiario.net\\\/portal\\\/wp-content\\\/uploads\\\/2024\\\/07\\\/Selecciones-24.jpg\",\"contentUrl\":\"https:\\\/\\\/www.eldiario.net\\\/portal\\\/wp-content\\\/uploads\\\/2024\\\/07\\\/Selecciones-24.jpg\",\"width\":705,\"height\":770},{\"@type\":\"BreadcrumbList\",\"@id\":\"https:\\\/\\\/www.eldiario.net\\\/portal\\\/2024\\\/07\\\/25\\\/plan-de-selecciones-nacionales-2024-2034-contempla-concentraciones-de-100-dias\\\/#breadcrumb\",\"itemListElement\":[{\"@type\":\"ListItem\",\"position\":1,\"name\":\"Portada\",\"item\":\"https:\\\/\\\/www.eldiario.net\\\/portal\\\/\"},{\"@type\":\"ListItem\",\"position\":2,\"name\":\"Plan de Selecciones Nacionales 2024-2034 contempla concentraciones de 100 d\u00edas\"}]},{\"@type\":\"WebSite\",\"@id\":\"https:\\\/\\\/www.eldiario.net\\\/portal\\\/#website\",\"url\":\"https:\\\/\\\/www.eldiario.net\\\/portal\\\/\",\"name\":\"El Diario - Decano de la prensa nacional\",\"description\":\"El Diario - Decano de la prensa nacional\",\"publisher\":{\"@id\":\"https:\\\/\\\/www.eldiario.net\\\/portal\\\/#organization\"},\"potentialAction\":[{\"@type\":\"SearchAction\",\"target\":{\"@type\":\"EntryPoint\",\"urlTemplate\":\"https:\\\/\\\/www.eldiario.net\\\/portal\\\/?s={search_term_string}\"},\"query-input\":{\"@type\":\"PropertyValueSpecification\",\"valueRequired\":true,\"valueName\":\"search_term_string\"}}],\"inLanguage\":\"es\"},{\"@type\":\"Organization\",\"@id\":\"https:\\\/\\\/www.eldiario.net\\\/portal\\\/#organization\",\"name\":\"El Diario - Decano de la prensa nacional\",\"url\":\"https:\\\/\\\/www.eldiario.net\\\/portal\\\/\",\"logo\":{\"@type\":\"ImageObject\",\"inLanguage\":\"es\",\"@id\":\"https:\\\/\\\/www.eldiario.net\\\/portal\\\/#\\\/schema\\\/logo\\\/image\\\/\",\"url\":\"https:\\\/\\\/www.eldiario.net\\\/portal\\\/wp-content\\\/uploads\\\/2023\\\/07\\\/logo_ED.jpg\",\"contentUrl\":\"https:\\\/\\\/www.eldiario.net\\\/portal\\\/wp-content\\\/uploads\\\/2023\\\/07\\\/logo_ED.jpg\",\"width\":272,\"height\":52,\"caption\":\"El Diario - Decano de la prensa nacional\"},\"image\":{\"@id\":\"https:\\\/\\\/www.eldiario.net\\\/portal\\\/#\\\/schema\\\/logo\\\/image\\\/\"},\"sameAs\":[\"https:\\\/\\\/www.facebook.com\\\/eldiario.bolivia\\\/\",\"https:\\\/\\\/x.com\\\/eldiario_net\"]},{\"@type\":\"Person\",\"@id\":\"https:\\\/\\\/www.eldiario.net\\\/portal\\\/#\\\/schema\\\/person\\\/f46445640444750d7d753ccd04ae01b7\",\"name\":\"Jeanette\",\"image\":{\"@type\":\"ImageObject\",\"inLanguage\":\"es\",\"@id\":\"https:\\\/\\\/secure.gravatar.com\\\/avatar\\\/3ea2118a5f7dad2b7138b1187a6b7ee55f160b9968b66013c3a3ef39dd7e5798?s=96&d=mm&r=g\",\"url\":\"https:\\\/\\\/secure.gravatar.com\\\/avatar\\\/3ea2118a5f7dad2b7138b1187a6b7ee55f160b9968b66013c3a3ef39dd7e5798?s=96&d=mm&r=g\",\"contentUrl\":\"https:\\\/\\\/secure.gravatar.com\\\/avatar\\\/3ea2118a5f7dad2b7138b1187a6b7ee55f160b9968b66013c3a3ef39dd7e5798?s=96&d=mm&r=g\",\"caption\":\"Jeanette\"},\"sameAs\":[\"https:\\\/\\\/www.eldiario.net\\\/portal\"],\"url\":\"https:\\\/\\\/www.eldiario.net\\\/portal\\\/author\\\/jeanette\\\/\"}]}<\/script>\n<!-- \/ Yoast SEO plugin. -->","yoast_head_json":{"title":"Plan de Selecciones Nacionales 2024-2034 contempla concentraciones de 100 d\u00edas - El Diario - Bolivia","robots":{"index":"index","follow":"follow","max-snippet":"max-snippet:-1","max-image-preview":"max-image-preview:large","max-video-preview":"max-video-preview:-1"},"canonical":"https:\/\/www.eldiario.net\/portal\/2024\/07\/25\/plan-de-selecciones-nacionales-2024-2034-contempla-concentraciones-de-100-dias\/","og_locale":"es_ES","og_type":"article","og_title":"Plan de Selecciones Nacionales 2024-2034 contempla concentraciones de 100 d\u00edas - El Diario - Bolivia","og_description":"El ambicioso Plan de Selecciones Nacionales 2024-2034 que entreg\u00f3 la Federaci\u00f3n Boliviana de F\u00fatbol (FBF) al director t\u00e9cnico, Oscar Villegas, tiene previsto llevar adelante cien d\u00edas de trabajo con concentraci\u00f3n cerrada para los jugadores de las divisiones juveniles, con partidos amistosos de car\u00e1cter internacional, con la finalidad de aumentar su nivel y ritmo de juego [&hellip;]","og_url":"https:\/\/www.eldiario.net\/portal\/2024\/07\/25\/plan-de-selecciones-nacionales-2024-2034-contempla-concentraciones-de-100-dias\/","og_site_name":"El Diario - Bolivia","article_publisher":"https:\/\/www.facebook.com\/eldiario.bolivia\/","article_published_time":"2024-07-25T10:50:27+00:00","og_image":[{"width":705,"height":770,"url":"https:\/\/www.eldiario.net\/portal\/wp-content\/uploads\/2024\/07\/Selecciones-24.jpg","type":"image\/jpeg"}],"author":"Jeanette","twitter_card":"summary_large_image","twitter_creator":"@eldiario_net","twitter_site":"@eldiario_net","twitter_misc":{"Escrito por":"Jeanette","Tiempo de lectura":"2 minutos"},"schema":{"@context":"https:\/\/schema.org","@graph":[{"@type":"Article","@id":"https:\/\/www.eldiario.net\/portal\/2024\/07\/25\/plan-de-selecciones-nacionales-2024-2034-contempla-concentraciones-de-100-dias\/#article","isPartOf":{"@id":"https:\/\/www.eldiario.net\/portal\/2024\/07\/25\/plan-de-selecciones-nacionales-2024-2034-contempla-concentraciones-de-100-dias\/"},"author":{"name":"Jeanette","@id":"https:\/\/www.eldiario.net\/portal\/#\/schema\/person\/f46445640444750d7d753ccd04ae01b7"},"headline":"Plan de Selecciones Nacionales 2024-2034 contempla concentraciones de 100 d\u00edas","datePublished":"2024-07-25T10:50:27+00:00","mainEntityOfPage":{"@id":"https:\/\/www.eldiario.net\/portal\/2024\/07\/25\/plan-de-selecciones-nacionales-2024-2034-contempla-concentraciones-de-100-dias\/"},"wordCount":375,"commentCount":0,"publisher":{"@id":"https:\/\/www.eldiario.net\/portal\/#organization"},"image":{"@id":"https:\/\/www.eldiario.net\/portal\/2024\/07\/25\/plan-de-selecciones-nacionales-2024-2034-contempla-concentraciones-de-100-dias\/#primaryimage"},"thumbnailUrl":"https:\/\/www.eldiario.net\/portal\/wp-content\/uploads\/2024\/07\/Selecciones-24.jpg","articleSection":["Deportes"],"inLanguage":"es","potentialAction":[{"@type":"CommentAction","name":"Comment","target":["https:\/\/www.eldiario.net\/portal\/2024\/07\/25\/plan-de-selecciones-nacionales-2024-2034-contempla-concentraciones-de-100-dias\/#respond"]}]},{"@type":"WebPage","@id":"https:\/\/www.eldiario.net\/portal\/2024\/07\/25\/plan-de-selecciones-nacionales-2024-2034-contempla-concentraciones-de-100-dias\/","url":"https:\/\/www.eldiario.net\/portal\/2024\/07\/25\/plan-de-selecciones-nacionales-2024-2034-contempla-concentraciones-de-100-dias\/","name":"Plan de Selecciones Nacionales 2024-2034 contempla concentraciones de 100 d\u00edas - El Diario - Bolivia","isPartOf":{"@id":"https:\/\/www.eldiario.net\/portal\/#website"},"primaryImageOfPage":{"@id":"https:\/\/www.eldiario.net\/portal\/2024\/07\/25\/plan-de-selecciones-nacionales-2024-2034-contempla-concentraciones-de-100-dias\/#primaryimage"},"image":{"@id":"https:\/\/www.eldiario.net\/portal\/2024\/07\/25\/plan-de-selecciones-nacionales-2024-2034-contempla-concentraciones-de-100-dias\/#primaryimage"},"thumbnailUrl":"https:\/\/www.eldiario.net\/portal\/wp-content\/uploads\/2024\/07\/Selecciones-24.jpg","datePublished":"2024-07-25T10:50:27+00:00","breadcrumb":{"@id":"https:\/\/www.eldiario.net\/portal\/2024\/07\/25\/plan-de-selecciones-nacionales-2024-2034-contempla-concentraciones-de-100-dias\/#breadcrumb"},"inLanguage":"es","potentialAction":[{"@type":"ReadAction","target":["https:\/\/www.eldiario.net\/portal\/2024\/07\/25\/plan-de-selecciones-nacionales-2024-2034-contempla-concentraciones-de-100-dias\/"]}]},{"@type":"ImageObject","inLanguage":"es","@id":"https:\/\/www.eldiario.net\/portal\/2024\/07\/25\/plan-de-selecciones-nacionales-2024-2034-contempla-concentraciones-de-100-dias\/#primaryimage","url":"https:\/\/www.eldiario.net\/portal\/wp-content\/uploads\/2024\/07\/Selecciones-24.jpg","contentUrl":"https:\/\/www.eldiario.net\/portal\/wp-content\/uploads\/2024\/07\/Selecciones-24.jpg","width":705,"height":770},{"@type":"BreadcrumbList","@id":"https:\/\/www.eldiario.net\/portal\/2024\/07\/25\/plan-de-selecciones-nacionales-2024-2034-contempla-concentraciones-de-100-dias\/#breadcrumb","itemListElement":[{"@type":"ListItem","position":1,"name":"Portada","item":"https:\/\/www.eldiario.net\/portal\/"},{"@type":"ListItem","position":2,"name":"Plan de Selecciones Nacionales 2024-2034 contempla concentraciones de 100 d\u00edas"}]},{"@type":"WebSite","@id":"https:\/\/www.eldiario.net\/portal\/#website","url":"https:\/\/www.eldiario.net\/portal\/","name":"El Diario - Decano de la prensa nacional","description":"El Diario - Decano de la prensa nacional","publisher":{"@id":"https:\/\/www.eldiario.net\/portal\/#organization"},"potentialAction":[{"@type":"SearchAction","target":{"@type":"EntryPoint","urlTemplate":"https:\/\/www.eldiario.net\/portal\/?s={search_term_string}"},"query-input":{"@type":"PropertyValueSpecification","valueRequired":true,"valueName":"search_term_string"}}],"inLanguage":"es"},{"@type":"Organization","@id":"https:\/\/www.eldiario.net\/portal\/#organization","name":"El Diario - Decano de la prensa nacional","url":"https:\/\/www.eldiario.net\/portal\/","logo":{"@type":"ImageObject","inLanguage":"es","@id":"https:\/\/www.eldiario.net\/portal\/#\/schema\/logo\/image\/","url":"https:\/\/www.eldiario.net\/portal\/wp-content\/uploads\/2023\/07\/logo_ED.jpg","contentUrl":"https:\/\/www.eldiario.net\/portal\/wp-content\/uploads\/2023\/07\/logo_ED.jpg","width":272,"height":52,"caption":"El Diario - Decano de la prensa nacional"},"image":{"@id":"https:\/\/www.eldiario.net\/portal\/#\/schema\/logo\/image\/"},"sameAs":["https:\/\/www.facebook.com\/eldiario.bolivia\/","https:\/\/x.com\/eldiario_net"]},{"@type":"Person","@id":"https:\/\/www.eldiario.net\/portal\/#\/schema\/person\/f46445640444750d7d753ccd04ae01b7","name":"Jeanette","image":{"@type":"ImageObject","inLanguage":"es","@id":"https:\/\/secure.gravatar.com\/avatar\/3ea2118a5f7dad2b7138b1187a6b7ee55f160b9968b66013c3a3ef39dd7e5798?s=96&d=mm&r=g","url":"https:\/\/secure.gravatar.com\/avatar\/3ea2118a5f7dad2b7138b1187a6b7ee55f160b9968b66013c3a3ef39dd7e5798?s=96&d=mm&r=g","contentUrl":"https:\/\/secure.gravatar.com\/avatar\/3ea2118a5f7dad2b7138b1187a6b7ee55f160b9968b66013c3a3ef39dd7e5798?s=96&d=mm&r=g","caption":"Jeanette"},"sameAs":["https:\/\/www.eldiario.net\/portal"],"url":"https:\/\/www.eldiario.net\/portal\/author\/jeanette\/"}]}},"_links":{"self":[{"href":"https:\/\/www.eldiario.net\/portal\/wp-json\/wp\/v2\/posts\/236250","targetHints":{"allow":["GET"]}}],"collection":[{"href":"https:\/\/www.eldiario.net\/portal\/wp-json\/wp\/v2\/posts"}],"about":[{"href":"https:\/\/www.eldiario.net\/portal\/wp-json\/wp\/v2\/types\/post"}],"author":[{"embeddable":true,"href":"https:\/\/www.eldiario.net\/portal\/wp-json\/wp\/v2\/users\/1"}],"replies":[{"embeddable":true,"href":"https:\/\/www.eldiario.net\/portal\/wp-json\/wp\/v2\/comments?post=236250"}],"version-history":[{"count":1,"href":"https:\/\/www.eldiario.net\/portal\/wp-json\/wp\/v2\/posts\/236250\/revisions"}],"predecessor-version":[{"id":236252,"href":"https:\/\/www.eldiario.net\/portal\/wp-json\/wp\/v2\/posts\/236250\/revisions\/236252"}],"wp:featuredmedia":[{"embeddable":true,"href":"https:\/\/www.eldiario.net\/portal\/wp-json\/wp\/v2\/media\/236251"}],"wp:attachment":[{"href":"https:\/\/www.eldiario.net\/portal\/wp-json\/wp\/v2\/media?parent=236250"}],"wp:term":[{"taxonomy":"category","embeddable":true,"href":"https:\/\/www.eldiario.net\/portal\/wp-json\/wp\/v2\/categories?post=236250"},{"taxonomy":"post_tag","embeddable":true,"href":"https:\/\/www.eldiario.net\/portal\/wp-json\/wp\/v2\/tags?post=236250"}],"curies":[{"name":"wp","href":"https:\/\/api.w.org\/{rel}","templated":true}]}}