{"id":236051,"date":"2024-07-24T06:44:16","date_gmt":"2024-07-24T10:44:16","guid":{"rendered":"https:\/\/www.eldiario.net\/portal\/?p=236051"},"modified":"2024-07-24T06:44:16","modified_gmt":"2024-07-24T10:44:16","slug":"horoscopo-semanal-103","status":"publish","type":"post","link":"https:\/\/www.eldiario.net\/portal\/2024\/07\/24\/horoscopo-semanal-103\/","title":{"rendered":"Hor\u00f3scopo semanal"},"content":{"rendered":"<p><strong><em>A nuestros lectores:<\/em><\/strong><em>\u00a0Betty B. Mercado, sobrina y colaboradora del fallecido astr\u00f3logo Walter Mercado, contin\u00faa su legado escribiendo los hor\u00f3scopos.<\/em><\/p>\n<p><strong>Aries<\/strong><\/p>\n<p><strong>(20 de marzo &#8211;\u00a018 de abril)<\/strong><\/p>\n<p>Si\u00e9ntete libre de expresarte sin temor al qu\u00e9 dir\u00e1n. El Sol, en tu quinta casa, te llena de mucha energ\u00eda positiva. Nada ni nadie podr\u00e1 detenerte de hacer lo que t\u00fa quieres. Estar\u00e1s en las de divertirte, en las de sacarle el mejor provecho a la vida. No te olvides de tus obligaciones, ponte al d\u00eda en todo. Disfruta de ser t\u00fa mismo. N\u00fameros de suerte: 16, 28, 15.<\/p>\n<p><strong>Tauro<\/strong><\/p>\n<p><strong>(19 de abril &#8211; 19\u00a0de mayo)<\/strong><\/p>\n<p>Eventos pasados salen a la luz como recordatorio para que no cometas los mismos errores. Cuando el Sol entra en tu casa cuarta se enfatiza todo lo relacionado con tu vida \u00edntima y las personas que est\u00e1n cerca de ti como la familia. Una nueva casa podr\u00eda estar en agenda tomando en cuenta tambi\u00e9n los gustos y deseos de aquellos que amas. N\u00fameros de suerte: 33, 47, 5.<\/p>\n<p><strong>G\u00e9minis<\/strong><\/p>\n<p><strong>(20 de mayo &#8211; 19\u00a0de junio)<\/strong><\/p>\n<p>Tu mundo de las amistades se ilumina con la presencia del Sol en tu casa de la comunicaci\u00f3n. Es tiempo de escuchar, de prestar atenci\u00f3n a lo que los dem\u00e1s tienen que decirte. Te envolver\u00e1s en todo tipo de actividades y te llamar\u00e1 la atenci\u00f3n aquellas cosas completamente diferentes a lo que hasta ahora has realizado. N\u00fameros de suerte: 40, 32, 19.<\/p>\n<p><strong>C\u00e1ncer<\/strong><\/p>\n<p><strong>(20 de junio &#8211;\u00a021 de julio)<\/strong><\/p>\n<p>Gustar\u00e1s de envolverte en actividades sociales donde t\u00fa ser\u00e1s el anfitri\u00f3n ya que estar\u00e1s en las de causar una buena impresi\u00f3n en otros. Con el Sol en la casa del dinero y de los valores tanto materiales como espirituales, es tiempo de examinar de cerca si lo que est\u00e1s llevando a cabo en tu vida es realmente lo que te satisface, C\u00e1ncer. N\u00fameros de suerte: 50, 8, 11.<\/p>\n<p><strong>Leo<\/strong><\/p>\n<p><strong>(22 de julio &#8211;\u00a021 de agosto)<\/strong><\/p>\n<p>\u00a1Felicidades a todos los leoncitos y leoncitas! El Sol, tu regente, entra en tu signo para llenarte de nueva energ\u00eda y recargar tus bater\u00edas hasta fin de a\u00f1o. Lo personal cobra ahora mayor importancia. Te ocupas de ti en todos los aspectos. Te proyectar\u00e1s seguro de ti mismo y lograr\u00e1s causar una buena impresi\u00f3n en las dem\u00e1s personas. N\u00fameros de suerte: 7, 30, 21.<\/p>\n<p><strong>Virgo<\/strong><\/p>\n<p><strong>(22 de agosto &#8211;\u00a021 de sept.)<\/strong><\/p>\n<p>Aprovecha que el Sol se mueve hacia tu casa que rige la espiritualidad, y trabaja con tus defectos y virtudes para que puedas realizar cambios positivos en tu vida. Se impone que tomes tiempo para meditar sobre traumas en tu ni\u00f1ez que te puedan estar afectando. Aquello que te niegues a resolver seguir\u00e1 manifest\u00e1ndose hasta que lo resuelvas. N\u00fameros de suerte: 6, 4, 22.<\/p>\n<p><strong>Libra<\/strong><\/p>\n<p><strong>(22 de sept. &#8211;<\/strong><strong>\u00a022 de oct.)<\/strong><\/p>\n<p>Las amistades se iluminan con la presencia del Sol en tu casa once. Es tiempo de trabajar y cooperar con aquellos que laboran junto a ti. Gustar\u00e1s de envolverte en actividades o proyectos en grupo. Tu vida social se intensifica. Aprovecha para conocer a fondo a esas personas con las cuales te relaciones a diario. N\u00fameros de suerte: 48, 1, 13.<\/p>\n<p><strong>Escorpio<\/strong><\/p>\n<p><strong>(23 de oct. &#8211; 20 de nov.)<\/strong><\/p>\n<p>Tu carrera, tu lugar en la sociedad y tu reputaci\u00f3n son aspectos en tu vida que ocupar\u00e1n un primer lugar gracias a la energ\u00eda positiva del Sol. Te reorganizas para seguir adelante ya que la posici\u00f3n que alcances ser\u00e1 importante para ti. Adquirir\u00e1s nuevas responsabilidades, especialmente en tu \u00e1rea de trabajo. N\u00fameros de suerte: 18, 2, 25.<\/p>\n<p><strong>Sagitario<\/strong><\/p>\n<p><strong>(21 de nov. &#8211;<\/strong><strong>\u00a020 de dic.)<\/strong><\/p>\n<p>Se enfatiza para ti todo lo que sea viajes, nuevos estudios, conocer gente nueva y envolverte en actividades diferentes, \u00fanicas. Toda nueva experiencia ser\u00e1 una de enriquecimiento intelectual bajo la energ\u00eda solar. Se impone romper con la rutina y comenzar a experimentar en todo lo que hasta ahora no te has atrevido hacer. N\u00fameros de suerte: 34, 47, 29.<\/p>\n<p><strong>Capricornio<\/strong><\/p>\n<p><strong>(21 de dic. &#8211;<\/strong><strong>\u00a018 de ene.)<\/strong><\/p>\n<p>Es tiempo de mirar en tu interior, de buscar en lo m\u00e1s \u00edntimo de tu ser y descubrir aquello que realmente te hace sentir feliz y en paz contigo mismo. Tus sentidos se exaltan con la entrada del Sol en tu casa octava, lo que te llevar\u00e1 a una gran transformaci\u00f3n en el aspecto psicol\u00f3gico. Una parte de ti muere para dar paso a una nueva persona. N\u00fameros de suerte: 11, 3, 28<\/p>\n<p><strong>Acuario<\/strong><\/p>\n<p><strong>(19 de ene. &#8211;\u00a017 de feb.)<\/strong><\/p>\n<p>Si est\u00e1s casado o unido a alguien aprovecha que el Sol entra ahora en tu casa del matrimonio para examinar de cerca esa relaci\u00f3n y resolver conflictos que puedan estar afectando la misma. Las actividades en grupo est\u00e1n muy favorecidas. Te unes a personas que te ayudar\u00e1n tanto en tu trabajo como en el plano personal. N\u00fameros de suerte: 51, 20, 8.<\/p>\n<p><strong>Piscis<\/strong><\/p>\n<p><strong>(18 de feb. &#8211; 19\u00a0de marzo)<\/strong><\/p>\n<p>El Sol te impulsa ahora a terminar todo aquello que has dejado inconcluso. Conc\u00e9ntrate en producir m\u00e1s, especialmente en lo relacionado a tu trabajo. Tienes a tu lado gente que demandar\u00e1 m\u00e1s de ti, lo que crear\u00e1 algunos conflictos entre todos. Es momento de examinar de cerca los problemas que te han estado afectando. N\u00fameros de suerte: 31, 29, 10.<\/p>\n<p>&nbsp;<\/p>\n","protected":false},"excerpt":{"rendered":"<p>A nuestros lectores:\u00a0Betty B. Mercado, sobrina y colaboradora del fallecido astr\u00f3logo Walter Mercado, contin\u00faa su legado escribiendo los hor\u00f3scopos. Aries (20 de marzo &#8211;\u00a018 de abril) Si\u00e9ntete libre de expresarte sin temor al qu\u00e9 dir\u00e1n. El Sol, en tu quinta casa, te llena de mucha energ\u00eda positiva. Nada ni nadie podr\u00e1 detenerte de hacer lo [&hellip;]<\/p>\n","protected":false},"author":1,"featured_media":236052,"comment_status":"open","ping_status":"open","sticky":false,"template":"","format":"standard","meta":{"_acf_changed":false,"footnotes":""},"categories":[42],"tags":[],"class_list":["post-236051","post","type-post","status-publish","format-standard","has-post-thumbnail","category-femenina"],"acf":{"antetitulo":"Astrolog\u00eda"},"yoast_head":"<!-- This site is optimized with the Yoast SEO plugin v28.3 - https:\/\/yoast.com\/product\/yoast-seo-wordpress\/ -->\n<title>Hor\u00f3scopo semanal - El Diario - Bolivia<\/title>\n<meta name=\"robots\" content=\"index, follow, max-snippet:-1, max-image-preview:large, max-video-preview:-1\" \/>\n<link rel=\"canonical\" href=\"https:\/\/www.eldiario.net\/portal\/2024\/07\/24\/horoscopo-semanal-103\/\" \/>\n<meta property=\"og:locale\" content=\"es_ES\" \/>\n<meta property=\"og:type\" content=\"article\" \/>\n<meta property=\"og:title\" content=\"Hor\u00f3scopo semanal - El Diario - Bolivia\" \/>\n<meta property=\"og:description\" content=\"A nuestros lectores:\u00a0Betty B. Mercado, sobrina y colaboradora del fallecido astr\u00f3logo Walter Mercado, contin\u00faa su legado escribiendo los hor\u00f3scopos. Aries (20 de marzo &#8211;\u00a018 de abril) Si\u00e9ntete libre de expresarte sin temor al qu\u00e9 dir\u00e1n. El Sol, en tu quinta casa, te llena de mucha energ\u00eda positiva. Nada ni nadie podr\u00e1 detenerte de hacer lo [&hellip;]\" \/>\n<meta property=\"og:url\" content=\"https:\/\/www.eldiario.net\/portal\/2024\/07\/24\/horoscopo-semanal-103\/\" \/>\n<meta property=\"og:site_name\" content=\"El Diario - Bolivia\" \/>\n<meta property=\"article:publisher\" content=\"https:\/\/www.facebook.com\/eldiario.bolivia\/\" \/>\n<meta property=\"article:published_time\" content=\"2024-07-24T10:44:16+00:00\" \/>\n<meta property=\"og:image\" content=\"https:\/\/www.eldiario.net\/portal\/wp-content\/uploads\/2024\/07\/LEO.jpg\" \/>\n\t<meta property=\"og:image:width\" content=\"1200\" \/>\n\t<meta property=\"og:image:height\" content=\"675\" \/>\n\t<meta property=\"og:image:type\" content=\"image\/jpeg\" \/>\n<meta name=\"author\" content=\"Jeanette\" \/>\n<meta name=\"twitter:card\" content=\"summary_large_image\" \/>\n<meta name=\"twitter:creator\" content=\"@eldiario_net\" \/>\n<meta name=\"twitter:site\" content=\"@eldiario_net\" \/>\n<meta name=\"twitter:label1\" content=\"Escrito por\" \/>\n\t<meta name=\"twitter:data1\" content=\"Jeanette\" \/>\n\t<meta name=\"twitter:label2\" content=\"Tiempo de lectura\" \/>\n\t<meta name=\"twitter:data2\" content=\"5 minutos\" \/>\n<script type=\"application\/ld+json\" class=\"yoast-schema-graph\">{\"@context\":\"https:\\\/\\\/schema.org\",\"@graph\":[{\"@type\":\"Article\",\"@id\":\"https:\\\/\\\/www.eldiario.net\\\/portal\\\/2024\\\/07\\\/24\\\/horoscopo-semanal-103\\\/#article\",\"isPartOf\":{\"@id\":\"https:\\\/\\\/www.eldiario.net\\\/portal\\\/2024\\\/07\\\/24\\\/horoscopo-semanal-103\\\/\"},\"author\":{\"name\":\"Jeanette\",\"@id\":\"https:\\\/\\\/www.eldiario.net\\\/portal\\\/#\\\/schema\\\/person\\\/f46445640444750d7d753ccd04ae01b7\"},\"headline\":\"Hor\u00f3scopo semanal\",\"datePublished\":\"2024-07-24T10:44:16+00:00\",\"mainEntityOfPage\":{\"@id\":\"https:\\\/\\\/www.eldiario.net\\\/portal\\\/2024\\\/07\\\/24\\\/horoscopo-semanal-103\\\/\"},\"wordCount\":890,\"commentCount\":0,\"publisher\":{\"@id\":\"https:\\\/\\\/www.eldiario.net\\\/portal\\\/#organization\"},\"image\":{\"@id\":\"https:\\\/\\\/www.eldiario.net\\\/portal\\\/2024\\\/07\\\/24\\\/horoscopo-semanal-103\\\/#primaryimage\"},\"thumbnailUrl\":\"https:\\\/\\\/www.eldiario.net\\\/portal\\\/wp-content\\\/uploads\\\/2024\\\/07\\\/LEO.jpg\",\"articleSection\":[\"Femenina\"],\"inLanguage\":\"es\",\"potentialAction\":[{\"@type\":\"CommentAction\",\"name\":\"Comment\",\"target\":[\"https:\\\/\\\/www.eldiario.net\\\/portal\\\/2024\\\/07\\\/24\\\/horoscopo-semanal-103\\\/#respond\"]}]},{\"@type\":\"WebPage\",\"@id\":\"https:\\\/\\\/www.eldiario.net\\\/portal\\\/2024\\\/07\\\/24\\\/horoscopo-semanal-103\\\/\",\"url\":\"https:\\\/\\\/www.eldiario.net\\\/portal\\\/2024\\\/07\\\/24\\\/horoscopo-semanal-103\\\/\",\"name\":\"Hor\u00f3scopo semanal - El Diario - Bolivia\",\"isPartOf\":{\"@id\":\"https:\\\/\\\/www.eldiario.net\\\/portal\\\/#website\"},\"primaryImageOfPage\":{\"@id\":\"https:\\\/\\\/www.eldiario.net\\\/portal\\\/2024\\\/07\\\/24\\\/horoscopo-semanal-103\\\/#primaryimage\"},\"image\":{\"@id\":\"https:\\\/\\\/www.eldiario.net\\\/portal\\\/2024\\\/07\\\/24\\\/horoscopo-semanal-103\\\/#primaryimage\"},\"thumbnailUrl\":\"https:\\\/\\\/www.eldiario.net\\\/portal\\\/wp-content\\\/uploads\\\/2024\\\/07\\\/LEO.jpg\",\"datePublished\":\"2024-07-24T10:44:16+00:00\",\"breadcrumb\":{\"@id\":\"https:\\\/\\\/www.eldiario.net\\\/portal\\\/2024\\\/07\\\/24\\\/horoscopo-semanal-103\\\/#breadcrumb\"},\"inLanguage\":\"es\",\"potentialAction\":[{\"@type\":\"ReadAction\",\"target\":[\"https:\\\/\\\/www.eldiario.net\\\/portal\\\/2024\\\/07\\\/24\\\/horoscopo-semanal-103\\\/\"]}]},{\"@type\":\"ImageObject\",\"inLanguage\":\"es\",\"@id\":\"https:\\\/\\\/www.eldiario.net\\\/portal\\\/2024\\\/07\\\/24\\\/horoscopo-semanal-103\\\/#primaryimage\",\"url\":\"https:\\\/\\\/www.eldiario.net\\\/portal\\\/wp-content\\\/uploads\\\/2024\\\/07\\\/LEO.jpg\",\"contentUrl\":\"https:\\\/\\\/www.eldiario.net\\\/portal\\\/wp-content\\\/uploads\\\/2024\\\/07\\\/LEO.jpg\",\"width\":1200,\"height\":675},{\"@type\":\"BreadcrumbList\",\"@id\":\"https:\\\/\\\/www.eldiario.net\\\/portal\\\/2024\\\/07\\\/24\\\/horoscopo-semanal-103\\\/#breadcrumb\",\"itemListElement\":[{\"@type\":\"ListItem\",\"position\":1,\"name\":\"Portada\",\"item\":\"https:\\\/\\\/www.eldiario.net\\\/portal\\\/\"},{\"@type\":\"ListItem\",\"position\":2,\"name\":\"Hor\u00f3scopo semanal\"}]},{\"@type\":\"WebSite\",\"@id\":\"https:\\\/\\\/www.eldiario.net\\\/portal\\\/#website\",\"url\":\"https:\\\/\\\/www.eldiario.net\\\/portal\\\/\",\"name\":\"El Diario - Decano de la prensa nacional\",\"description\":\"El Diario - Decano de la prensa nacional\",\"publisher\":{\"@id\":\"https:\\\/\\\/www.eldiario.net\\\/portal\\\/#organization\"},\"potentialAction\":[{\"@type\":\"SearchAction\",\"target\":{\"@type\":\"EntryPoint\",\"urlTemplate\":\"https:\\\/\\\/www.eldiario.net\\\/portal\\\/?s={search_term_string}\"},\"query-input\":{\"@type\":\"PropertyValueSpecification\",\"valueRequired\":true,\"valueName\":\"search_term_string\"}}],\"inLanguage\":\"es\"},{\"@type\":\"Organization\",\"@id\":\"https:\\\/\\\/www.eldiario.net\\\/portal\\\/#organization\",\"name\":\"El Diario - Decano de la prensa nacional\",\"url\":\"https:\\\/\\\/www.eldiario.net\\\/portal\\\/\",\"logo\":{\"@type\":\"ImageObject\",\"inLanguage\":\"es\",\"@id\":\"https:\\\/\\\/www.eldiario.net\\\/portal\\\/#\\\/schema\\\/logo\\\/image\\\/\",\"url\":\"https:\\\/\\\/www.eldiario.net\\\/portal\\\/wp-content\\\/uploads\\\/2023\\\/07\\\/logo_ED.jpg\",\"contentUrl\":\"https:\\\/\\\/www.eldiario.net\\\/portal\\\/wp-content\\\/uploads\\\/2023\\\/07\\\/logo_ED.jpg\",\"width\":272,\"height\":52,\"caption\":\"El Diario - Decano de la prensa nacional\"},\"image\":{\"@id\":\"https:\\\/\\\/www.eldiario.net\\\/portal\\\/#\\\/schema\\\/logo\\\/image\\\/\"},\"sameAs\":[\"https:\\\/\\\/www.facebook.com\\\/eldiario.bolivia\\\/\",\"https:\\\/\\\/x.com\\\/eldiario_net\"]},{\"@type\":\"Person\",\"@id\":\"https:\\\/\\\/www.eldiario.net\\\/portal\\\/#\\\/schema\\\/person\\\/f46445640444750d7d753ccd04ae01b7\",\"name\":\"Jeanette\",\"image\":{\"@type\":\"ImageObject\",\"inLanguage\":\"es\",\"@id\":\"https:\\\/\\\/secure.gravatar.com\\\/avatar\\\/3ea2118a5f7dad2b7138b1187a6b7ee55f160b9968b66013c3a3ef39dd7e5798?s=96&d=mm&r=g\",\"url\":\"https:\\\/\\\/secure.gravatar.com\\\/avatar\\\/3ea2118a5f7dad2b7138b1187a6b7ee55f160b9968b66013c3a3ef39dd7e5798?s=96&d=mm&r=g\",\"contentUrl\":\"https:\\\/\\\/secure.gravatar.com\\\/avatar\\\/3ea2118a5f7dad2b7138b1187a6b7ee55f160b9968b66013c3a3ef39dd7e5798?s=96&d=mm&r=g\",\"caption\":\"Jeanette\"},\"sameAs\":[\"https:\\\/\\\/www.eldiario.net\\\/portal\"],\"url\":\"https:\\\/\\\/www.eldiario.net\\\/portal\\\/author\\\/jeanette\\\/\"}]}<\/script>\n<!-- \/ Yoast SEO plugin. -->","yoast_head_json":{"title":"Hor\u00f3scopo semanal - El Diario - Bolivia","robots":{"index":"index","follow":"follow","max-snippet":"max-snippet:-1","max-image-preview":"max-image-preview:large","max-video-preview":"max-video-preview:-1"},"canonical":"https:\/\/www.eldiario.net\/portal\/2024\/07\/24\/horoscopo-semanal-103\/","og_locale":"es_ES","og_type":"article","og_title":"Hor\u00f3scopo semanal - El Diario - Bolivia","og_description":"A nuestros lectores:\u00a0Betty B. Mercado, sobrina y colaboradora del fallecido astr\u00f3logo Walter Mercado, contin\u00faa su legado escribiendo los hor\u00f3scopos. Aries (20 de marzo &#8211;\u00a018 de abril) Si\u00e9ntete libre de expresarte sin temor al qu\u00e9 dir\u00e1n. El Sol, en tu quinta casa, te llena de mucha energ\u00eda positiva. Nada ni nadie podr\u00e1 detenerte de hacer lo [&hellip;]","og_url":"https:\/\/www.eldiario.net\/portal\/2024\/07\/24\/horoscopo-semanal-103\/","og_site_name":"El Diario - Bolivia","article_publisher":"https:\/\/www.facebook.com\/eldiario.bolivia\/","article_published_time":"2024-07-24T10:44:16+00:00","og_image":[{"width":1200,"height":675,"url":"https:\/\/www.eldiario.net\/portal\/wp-content\/uploads\/2024\/07\/LEO.jpg","type":"image\/jpeg"}],"author":"Jeanette","twitter_card":"summary_large_image","twitter_creator":"@eldiario_net","twitter_site":"@eldiario_net","twitter_misc":{"Escrito por":"Jeanette","Tiempo de lectura":"5 minutos"},"schema":{"@context":"https:\/\/schema.org","@graph":[{"@type":"Article","@id":"https:\/\/www.eldiario.net\/portal\/2024\/07\/24\/horoscopo-semanal-103\/#article","isPartOf":{"@id":"https:\/\/www.eldiario.net\/portal\/2024\/07\/24\/horoscopo-semanal-103\/"},"author":{"name":"Jeanette","@id":"https:\/\/www.eldiario.net\/portal\/#\/schema\/person\/f46445640444750d7d753ccd04ae01b7"},"headline":"Hor\u00f3scopo semanal","datePublished":"2024-07-24T10:44:16+00:00","mainEntityOfPage":{"@id":"https:\/\/www.eldiario.net\/portal\/2024\/07\/24\/horoscopo-semanal-103\/"},"wordCount":890,"commentCount":0,"publisher":{"@id":"https:\/\/www.eldiario.net\/portal\/#organization"},"image":{"@id":"https:\/\/www.eldiario.net\/portal\/2024\/07\/24\/horoscopo-semanal-103\/#primaryimage"},"thumbnailUrl":"https:\/\/www.eldiario.net\/portal\/wp-content\/uploads\/2024\/07\/LEO.jpg","articleSection":["Femenina"],"inLanguage":"es","potentialAction":[{"@type":"CommentAction","name":"Comment","target":["https:\/\/www.eldiario.net\/portal\/2024\/07\/24\/horoscopo-semanal-103\/#respond"]}]},{"@type":"WebPage","@id":"https:\/\/www.eldiario.net\/portal\/2024\/07\/24\/horoscopo-semanal-103\/","url":"https:\/\/www.eldiario.net\/portal\/2024\/07\/24\/horoscopo-semanal-103\/","name":"Hor\u00f3scopo semanal - El Diario - Bolivia","isPartOf":{"@id":"https:\/\/www.eldiario.net\/portal\/#website"},"primaryImageOfPage":{"@id":"https:\/\/www.eldiario.net\/portal\/2024\/07\/24\/horoscopo-semanal-103\/#primaryimage"},"image":{"@id":"https:\/\/www.eldiario.net\/portal\/2024\/07\/24\/horoscopo-semanal-103\/#primaryimage"},"thumbnailUrl":"https:\/\/www.eldiario.net\/portal\/wp-content\/uploads\/2024\/07\/LEO.jpg","datePublished":"2024-07-24T10:44:16+00:00","breadcrumb":{"@id":"https:\/\/www.eldiario.net\/portal\/2024\/07\/24\/horoscopo-semanal-103\/#breadcrumb"},"inLanguage":"es","potentialAction":[{"@type":"ReadAction","target":["https:\/\/www.eldiario.net\/portal\/2024\/07\/24\/horoscopo-semanal-103\/"]}]},{"@type":"ImageObject","inLanguage":"es","@id":"https:\/\/www.eldiario.net\/portal\/2024\/07\/24\/horoscopo-semanal-103\/#primaryimage","url":"https:\/\/www.eldiario.net\/portal\/wp-content\/uploads\/2024\/07\/LEO.jpg","contentUrl":"https:\/\/www.eldiario.net\/portal\/wp-content\/uploads\/2024\/07\/LEO.jpg","width":1200,"height":675},{"@type":"BreadcrumbList","@id":"https:\/\/www.eldiario.net\/portal\/2024\/07\/24\/horoscopo-semanal-103\/#breadcrumb","itemListElement":[{"@type":"ListItem","position":1,"name":"Portada","item":"https:\/\/www.eldiario.net\/portal\/"},{"@type":"ListItem","position":2,"name":"Hor\u00f3scopo semanal"}]},{"@type":"WebSite","@id":"https:\/\/www.eldiario.net\/portal\/#website","url":"https:\/\/www.eldiario.net\/portal\/","name":"El Diario - Decano de la prensa nacional","description":"El Diario - Decano de la prensa nacional","publisher":{"@id":"https:\/\/www.eldiario.net\/portal\/#organization"},"potentialAction":[{"@type":"SearchAction","target":{"@type":"EntryPoint","urlTemplate":"https:\/\/www.eldiario.net\/portal\/?s={search_term_string}"},"query-input":{"@type":"PropertyValueSpecification","valueRequired":true,"valueName":"search_term_string"}}],"inLanguage":"es"},{"@type":"Organization","@id":"https:\/\/www.eldiario.net\/portal\/#organization","name":"El Diario - Decano de la prensa nacional","url":"https:\/\/www.eldiario.net\/portal\/","logo":{"@type":"ImageObject","inLanguage":"es","@id":"https:\/\/www.eldiario.net\/portal\/#\/schema\/logo\/image\/","url":"https:\/\/www.eldiario.net\/portal\/wp-content\/uploads\/2023\/07\/logo_ED.jpg","contentUrl":"https:\/\/www.eldiario.net\/portal\/wp-content\/uploads\/2023\/07\/logo_ED.jpg","width":272,"height":52,"caption":"El Diario - Decano de la prensa nacional"},"image":{"@id":"https:\/\/www.eldiario.net\/portal\/#\/schema\/logo\/image\/"},"sameAs":["https:\/\/www.facebook.com\/eldiario.bolivia\/","https:\/\/x.com\/eldiario_net"]},{"@type":"Person","@id":"https:\/\/www.eldiario.net\/portal\/#\/schema\/person\/f46445640444750d7d753ccd04ae01b7","name":"Jeanette","image":{"@type":"ImageObject","inLanguage":"es","@id":"https:\/\/secure.gravatar.com\/avatar\/3ea2118a5f7dad2b7138b1187a6b7ee55f160b9968b66013c3a3ef39dd7e5798?s=96&d=mm&r=g","url":"https:\/\/secure.gravatar.com\/avatar\/3ea2118a5f7dad2b7138b1187a6b7ee55f160b9968b66013c3a3ef39dd7e5798?s=96&d=mm&r=g","contentUrl":"https:\/\/secure.gravatar.com\/avatar\/3ea2118a5f7dad2b7138b1187a6b7ee55f160b9968b66013c3a3ef39dd7e5798?s=96&d=mm&r=g","caption":"Jeanette"},"sameAs":["https:\/\/www.eldiario.net\/portal"],"url":"https:\/\/www.eldiario.net\/portal\/author\/jeanette\/"}]}},"_links":{"self":[{"href":"https:\/\/www.eldiario.net\/portal\/wp-json\/wp\/v2\/posts\/236051","targetHints":{"allow":["GET"]}}],"collection":[{"href":"https:\/\/www.eldiario.net\/portal\/wp-json\/wp\/v2\/posts"}],"about":[{"href":"https:\/\/www.eldiario.net\/portal\/wp-json\/wp\/v2\/types\/post"}],"author":[{"embeddable":true,"href":"https:\/\/www.eldiario.net\/portal\/wp-json\/wp\/v2\/users\/1"}],"replies":[{"embeddable":true,"href":"https:\/\/www.eldiario.net\/portal\/wp-json\/wp\/v2\/comments?post=236051"}],"version-history":[{"count":1,"href":"https:\/\/www.eldiario.net\/portal\/wp-json\/wp\/v2\/posts\/236051\/revisions"}],"predecessor-version":[{"id":236053,"href":"https:\/\/www.eldiario.net\/portal\/wp-json\/wp\/v2\/posts\/236051\/revisions\/236053"}],"wp:featuredmedia":[{"embeddable":true,"href":"https:\/\/www.eldiario.net\/portal\/wp-json\/wp\/v2\/media\/236052"}],"wp:attachment":[{"href":"https:\/\/www.eldiario.net\/portal\/wp-json\/wp\/v2\/media?parent=236051"}],"wp:term":[{"taxonomy":"category","embeddable":true,"href":"https:\/\/www.eldiario.net\/portal\/wp-json\/wp\/v2\/categories?post=236051"},{"taxonomy":"post_tag","embeddable":true,"href":"https:\/\/www.eldiario.net\/portal\/wp-json\/wp\/v2\/tags?post=236051"}],"curies":[{"name":"wp","href":"https:\/\/api.w.org\/{rel}","templated":true}]}}