{"id":236027,"date":"2024-07-24T06:36:57","date_gmt":"2024-07-24T10:36:57","guid":{"rendered":"https:\/\/www.eldiario.net\/portal\/?p=236027"},"modified":"2024-07-24T06:36:57","modified_gmt":"2024-07-24T10:36:57","slug":"seul-baila-con-fiesta-latina-dancing-with-your-soul","status":"publish","type":"post","link":"https:\/\/www.eldiario.net\/portal\/2024\/07\/24\/seul-baila-con-fiesta-latina-dancing-with-your-soul\/","title":{"rendered":"Se\u00fal baila con fiesta latina \u201cDancing with your Soul\u201d"},"content":{"rendered":"<p><em>* Kelly G. Mundarain<\/em><\/p>\n<p>&nbsp;<\/p>\n<p>En las redes sociales se distinguen por su baile profesional y es que Jhonatan y Jane crean coreograf\u00edas que nos permiten apreciar la sensualidad de la salsa y la bachata. Por supuesto que nos surgieron muchas dudas acerca de c\u00f3mo fue posible alcanzar el \u00e9xito en Corea del Sur, un pa\u00eds que tiene un fuerte apego por el kpop. Recuerdo haber recorrido el \u201cOlympic Main Stadium\u201d, un estadio que puede albergar a alrededor de 70.000 personas, y al que llega un p\u00fablico masivo que asiste a los conciertos de sus \u201cidols\u00bb, pero esto es contenido para otra edici\u00f3n.<\/p>\n<p>La JDC Academy de Jhonatan Jim\u00e9nez est\u00e1 ubicada en 636-18 Yeoksam-dong Gangnam-gu Seoul y ofrece clases a todo p\u00fablico, pero quienes m\u00e1s lo visitan son los j\u00f3venes entre los 20 y 35 a\u00f1os aproximadamente, que llegan con gran predisposici\u00f3n para superar el estr\u00e9s diario e incluso la depresi\u00f3n. Jhonatan indica que poder contagiar la alegr\u00eda latina es una terapia muy importante.<\/p>\n<p>Es bailar\u00edn profesional, oriundo de Bucaramanga, Colombia y aunque su viaje inici\u00f3 cuando fue a Estados Unidos, nos cuenta: \u201cYo llegu\u00e9 a Corea en 2017 y en 2018 hice una producci\u00f3n llamada <em>Dancing with your Soul<\/em>, que ya hab\u00eda presentado en Los \u00c1ngeles, Miami, New York, Portland, San Diego, San Francisco, Oreg\u00f3n, Washington, Seattle, Par\u00eds, Barcelona, Madrid, Vietnam y Filipinas, en la que trato que personas normales cumplan con su sue\u00f1o de bailar como si fuesen profesionales. Para eso invit\u00e9 a cantantes, artistas del kpop y bailarines. Al principio fue muy dif\u00edcil. La cultura del kpop en Corea es muy grande y la cultura latina en esa \u00e9poca no era muy bien recibida, porque nadie sab\u00eda qu\u00e9 era la salsa o la bachata y todo el mundo se preguntaba: \u00bfDe qu\u00e9 trata esto? Pero gracias a Dios nos fue bien, tuvimos el apoyo de varios artistas en Corea y pudimos hacer el evento, que fue bastante exitoso, en un teatro de la ciudad de Gyeonggi y Donghae. Este gran sue\u00f1o de traer la cultura latina a Corea del Sur la he podido realizar gracias a Dios\u201d.<\/p>\n<p>JDC Academy est\u00e1 especializada en ritmos latinos que incluyen Salsa, Bachata, Merengue, Cumbia, Reguet\u00f3n, Mapal\u00e9, Puya y Jarabe Tapat\u00edo, entre otros, que han tenido que aprender para poder representar la cultura latina en su m\u00e1xima expresi\u00f3n. \u201cEs una experiencia muy bonita, porque cuando empec\u00e9 ac\u00e1 estaba en un s\u00f3tano, donde ten\u00edan instrumentos y vestuarios. El lugar estaba abandonado, habl\u00e9 con el due\u00f1o para tomar el arriendo porque era muy econ\u00f3mico y empec\u00e9 ah\u00ed con tres estudiantes. Llevaba meses ense\u00f1ando sin pareja de baile, pero a los 4 meses conoc\u00ed a Jane Sung (coreana), ella empez\u00f3 de cero como mi estudiante, y ya llevamos bailando juntos 6 a\u00f1os. Jane lleg\u00f3 a mi academia interesada en aprender la cultura latina, ya que un amigo latino que hab\u00eda escuchado de las clases la invit\u00f3, y gracias a Dios lleg\u00f3 como un \u00e1ngel para m\u00ed, por la barrera del idioma, porque mi coreano no es muy bueno, es un nivel normal y en ese sentido el apoyo de Jane ha sido muy grande. Ella crey\u00f3, se enamor\u00f3 y aprendi\u00f3 del proyecto y, gracias a Dios, hemos crecido juntos bailando y haciendo muchas cosas\u201d.<\/p>\n<p>En cuanto a sus participaciones art\u00edsticas, han asistido a decenas de festivales, para lo que han tenido que adaptar de acuerdo a las solicitudes de los patrocinios, ya que los organizadores son embajadas y entidades de gobierno local que han establecido una pauta para que puedan involucrarse y mostrar a la poblaci\u00f3n, tanto local como visitante, los candentes ritmos latinoamericanos. Entre los pa\u00edses que han podido representar est\u00e1n Colombia, M\u00e9xico, Rep\u00fablica Dominicana y Per\u00fa. \u201cCorea tiene algo muy lindo, y es que ellos apoyan mucho la parte cultural, el deporte, y los gobiernos de cada lugar como que siempre est\u00e1n en pro de apoyar y realizan muchas actividades. Por esa raz\u00f3n hemos estado en muchos festivales, en ciudades como Busan, Se\u00fal, Daegu, Hongdae, Songdo, Ulsan, Chuncheon, Goyan, Jeju Island y Wonju. Tenemos el apoyo de muchas embajadas, como las de Colombia, M\u00e9xico, Rep\u00fablica Dominicana y por medio de ellas hemos llevado la cultura del baile. Se\u00fal es la capital de los negocios en Asia, por esa raz\u00f3n tiene muchos eventos de flores y caf\u00e9. Gracias a ese movimiento y que la gente siempre quiere mostrar la cultura latina, hemos tenido invitaciones y ha sido muy bonita la experiencia\u201d, destac\u00f3.<\/p>\n<p>La salsa y la bachata eran las novedades que intrigaban a quienes buscaban algo diferente para poder desarrollar en su cotidianidad. Por esta raz\u00f3n, hace 6 a\u00f1os Jhonatan a\u00fan no se imaginaba si su reciente emprendimiento tendr\u00eda alguna probabilidad de \u00e9xito. La JDC Academy ense\u00f1a actualmente los martes, jueves y s\u00e1bados salsa, bachata y otros ritmos, como el merengue, con pasos y movimientos coreogr\u00e1ficos que hacen que los coreanos se sumerjan en el mundo latino. Por eso manifiesta: \u201cMe gustar\u00eda animar a la cultura latina, a los artistas, actores, cantantes y personas del rubro de la gastronom\u00eda, porque hay una gran oportunidad para nosotros los latinos para emprender aqu\u00ed y el Gobierno est\u00e1 apoyando a las personas que desean venir a hacer cosas positivas a Corea\u201d.<\/p>\n<p>&nbsp;<\/p>\n<p><em>* Kelly G. Mundarain es periodista, corresponsal en Corea del Sur.<\/em><\/p>\n\r\n                <style type=\"text\/css\">\r\n                    \r\n                    #tdi_1  .td-doubleSlider-2 .td-item1 {\r\n                        background: url(https:\/\/www.eldiario.net\/portal\/wp-content\/uploads\/2024\/07\/1PRINCIPAL-1-80x60.jpg) 0 0 no-repeat;\r\n                    }\r\n                    #tdi_1  .td-doubleSlider-2 .td-item2 {\r\n                        background: url(https:\/\/www.eldiario.net\/portal\/wp-content\/uploads\/2024\/07\/2-10-80x60.jpg) 0 0 no-repeat;\r\n                    }\r\n                    #tdi_1  .td-doubleSlider-2 .td-item3 {\r\n                        background: url(https:\/\/www.eldiario.net\/portal\/wp-content\/uploads\/2024\/07\/3-9-80x60.jpg) 0 0 no-repeat;\r\n                    }\r\n                    #tdi_1  .td-doubleSlider-2 .td-item4 {\r\n                        background: url(https:\/\/www.eldiario.net\/portal\/wp-content\/uploads\/2024\/07\/4-10-80x60.jpg) 0 0 no-repeat;\r\n                    }\r\n                    #tdi_1  .td-doubleSlider-2 .td-item5 {\r\n                        background: url(https:\/\/www.eldiario.net\/portal\/wp-content\/uploads\/2024\/07\/5-9-80x60.jpg) 0 0 no-repeat;\r\n                    }\r\n                <\/style>\r\n\r\n                <div id=\"tdi_1\" class=\"td-gallery td-slide-on-2-columns\">\r\n                    <div class=\"post_td_gallery\">\r\n                        <div class=\"td-gallery-slide-top\">\r\n                           <div class=\"td-gallery-title\"><\/div>\r\n\r\n                            <div class=\"td-gallery-controls-wrapper\">\r\n                                <div class=\"td-gallery-slide-count\"><span class=\"td-gallery-slide-item-focus\">1<\/span> de 5<\/div>\r\n                                <div class=\"td-gallery-slide-prev-next-but\">\r\n                                    <i class = \"td-icon-left doubleSliderPrevButton\"><\/i>\r\n                                    <i class = \"td-icon-right doubleSliderNextButton\"><\/i>\r\n                                <\/div>\r\n                            <\/div>\r\n                        <\/div>\r\n\r\n                        <div class = \"td-doubleSlider-1 \">\r\n                            <div class = \"td-slider\">\r\n                                \r\n                    <div class = \"td-slide-item td-item1\">\r\n                        <figure class=\"td-slide-galery-figure td-slide-popup-gallery\">\r\n                            <a class=\"slide-gallery-image-link\" href=\"https:\/\/www.eldiario.net\/portal\/wp-content\/uploads\/2024\/07\/1PRINCIPAL-1.jpg\" title=\"1PRINCIPAL\"  data-caption=\"\"  data-description=\"\">\r\n                                <img decoding=\"async\" src=\"https:\/\/www.eldiario.net\/portal\/wp-content\/uploads\/2024\/07\/1PRINCIPAL-1-840x420.jpg\" srcset=\"https:\/\/www.eldiario.net\/portal\/wp-content\/uploads\/2024\/07\/1PRINCIPAL-1-840x420.jpg 840w, https:\/\/www.eldiario.net\/portal\/wp-content\/uploads\/2024\/07\/1PRINCIPAL-1-300x150.jpg 300w, https:\/\/www.eldiario.net\/portal\/wp-content\/uploads\/2024\/07\/1PRINCIPAL-1-1024x512.jpg 1024w, https:\/\/www.eldiario.net\/portal\/wp-content\/uploads\/2024\/07\/1PRINCIPAL-1-768x384.jpg 768w, https:\/\/www.eldiario.net\/portal\/wp-content\/uploads\/2024\/07\/1PRINCIPAL-1-696x348.jpg 696w, https:\/\/www.eldiario.net\/portal\/wp-content\/uploads\/2024\/07\/1PRINCIPAL-1-1068x534.jpg 1068w, https:\/\/www.eldiario.net\/portal\/wp-content\/uploads\/2024\/07\/1PRINCIPAL-1.jpg 1200w\" sizes=\"(max-width: 840px) 100vw, 840px\" alt=\"\">\r\n                            <\/a>\r\n                            \r\n                        <\/figure>\r\n                    <\/div>\r\n                    <div class = \"td-slide-item td-item2\">\r\n                        <figure class=\"td-slide-galery-figure td-slide-popup-gallery\">\r\n                            <a class=\"slide-gallery-image-link\" href=\"https:\/\/www.eldiario.net\/portal\/wp-content\/uploads\/2024\/07\/2-10.jpg\" title=\"2\"  data-caption=\"\"  data-description=\"\">\r\n                                <img decoding=\"async\" src=\"https:\/\/www.eldiario.net\/portal\/wp-content\/uploads\/2024\/07\/2-10-933x420.jpg\" srcset=\"https:\/\/www.eldiario.net\/portal\/wp-content\/uploads\/2024\/07\/2-10-933x420.jpg 933w, https:\/\/www.eldiario.net\/portal\/wp-content\/uploads\/2024\/07\/2-10-300x135.jpg 300w, https:\/\/www.eldiario.net\/portal\/wp-content\/uploads\/2024\/07\/2-10-1024x461.jpg 1024w, https:\/\/www.eldiario.net\/portal\/wp-content\/uploads\/2024\/07\/2-10-768x346.jpg 768w, https:\/\/www.eldiario.net\/portal\/wp-content\/uploads\/2024\/07\/2-10-696x313.jpg 696w, https:\/\/www.eldiario.net\/portal\/wp-content\/uploads\/2024\/07\/2-10-1068x481.jpg 1068w, https:\/\/www.eldiario.net\/portal\/wp-content\/uploads\/2024\/07\/2-10.jpg 1200w\" sizes=\"(max-width: 933px) 100vw, 933px\" alt=\"\">\r\n                            <\/a>\r\n                            \r\n                        <\/figure>\r\n                    <\/div>\r\n                    <div class = \"td-slide-item td-item3\">\r\n                        <figure class=\"td-slide-galery-figure td-slide-popup-gallery\">\r\n                            <a class=\"slide-gallery-image-link\" href=\"https:\/\/www.eldiario.net\/portal\/wp-content\/uploads\/2024\/07\/3-9.jpg\" title=\"3\"  data-caption=\"\"  data-description=\"\">\r\n                                <img decoding=\"async\" src=\"https:\/\/www.eldiario.net\/portal\/wp-content\/uploads\/2024\/07\/3-9-933x420.jpg\" srcset=\"https:\/\/www.eldiario.net\/portal\/wp-content\/uploads\/2024\/07\/3-9-933x420.jpg 933w, https:\/\/www.eldiario.net\/portal\/wp-content\/uploads\/2024\/07\/3-9-300x135.jpg 300w, https:\/\/www.eldiario.net\/portal\/wp-content\/uploads\/2024\/07\/3-9-1024x461.jpg 1024w, https:\/\/www.eldiario.net\/portal\/wp-content\/uploads\/2024\/07\/3-9-768x346.jpg 768w, https:\/\/www.eldiario.net\/portal\/wp-content\/uploads\/2024\/07\/3-9-696x313.jpg 696w, https:\/\/www.eldiario.net\/portal\/wp-content\/uploads\/2024\/07\/3-9-1068x481.jpg 1068w, https:\/\/www.eldiario.net\/portal\/wp-content\/uploads\/2024\/07\/3-9.jpg 1200w\" sizes=\"(max-width: 933px) 100vw, 933px\" alt=\"\">\r\n                            <\/a>\r\n                            \r\n                        <\/figure>\r\n                    <\/div>\r\n                    <div class = \"td-slide-item td-item4\">\r\n                        <figure class=\"td-slide-galery-figure td-slide-popup-gallery\">\r\n                            <a class=\"slide-gallery-image-link\" href=\"https:\/\/www.eldiario.net\/portal\/wp-content\/uploads\/2024\/07\/4-10.jpg\" title=\"4\"  data-caption=\"\"  data-description=\"\">\r\n                                <img decoding=\"async\" src=\"https:\/\/www.eldiario.net\/portal\/wp-content\/uploads\/2024\/07\/4-10-933x420.jpg\" srcset=\"https:\/\/www.eldiario.net\/portal\/wp-content\/uploads\/2024\/07\/4-10-933x420.jpg 933w, https:\/\/www.eldiario.net\/portal\/wp-content\/uploads\/2024\/07\/4-10-300x135.jpg 300w, https:\/\/www.eldiario.net\/portal\/wp-content\/uploads\/2024\/07\/4-10-1024x461.jpg 1024w, https:\/\/www.eldiario.net\/portal\/wp-content\/uploads\/2024\/07\/4-10-768x346.jpg 768w, https:\/\/www.eldiario.net\/portal\/wp-content\/uploads\/2024\/07\/4-10-696x313.jpg 696w, https:\/\/www.eldiario.net\/portal\/wp-content\/uploads\/2024\/07\/4-10-1068x481.jpg 1068w, https:\/\/www.eldiario.net\/portal\/wp-content\/uploads\/2024\/07\/4-10.jpg 1200w\" sizes=\"(max-width: 933px) 100vw, 933px\" alt=\"\">\r\n                            <\/a>\r\n                            \r\n                        <\/figure>\r\n                    <\/div>\r\n                    <div class = \"td-slide-item td-item5\">\r\n                        <figure class=\"td-slide-galery-figure td-slide-popup-gallery\">\r\n                            <a class=\"slide-gallery-image-link\" href=\"https:\/\/www.eldiario.net\/portal\/wp-content\/uploads\/2024\/07\/5-9.jpg\" title=\"5\"  data-caption=\"\"  data-description=\"\">\r\n                                <img decoding=\"async\" src=\"https:\/\/www.eldiario.net\/portal\/wp-content\/uploads\/2024\/07\/5-9-933x420.jpg\" srcset=\"https:\/\/www.eldiario.net\/portal\/wp-content\/uploads\/2024\/07\/5-9-933x420.jpg 933w, https:\/\/www.eldiario.net\/portal\/wp-content\/uploads\/2024\/07\/5-9-300x135.jpg 300w, https:\/\/www.eldiario.net\/portal\/wp-content\/uploads\/2024\/07\/5-9-1024x461.jpg 1024w, https:\/\/www.eldiario.net\/portal\/wp-content\/uploads\/2024\/07\/5-9-768x346.jpg 768w, https:\/\/www.eldiario.net\/portal\/wp-content\/uploads\/2024\/07\/5-9-696x313.jpg 696w, https:\/\/www.eldiario.net\/portal\/wp-content\/uploads\/2024\/07\/5-9-1068x481.jpg 1068w, https:\/\/www.eldiario.net\/portal\/wp-content\/uploads\/2024\/07\/5-9.jpg 1200w\" sizes=\"(max-width: 933px) 100vw, 933px\" alt=\"\">\r\n                            <\/a>\r\n                            \r\n                        <\/figure>\r\n                    <\/div>\r\n                            <\/div>\r\n                        <\/div>\r\n\r\n                        <div class = \"td-doubleSlider-2\">\r\n                            <div class = \"td-slider\">\r\n                                \r\n                    <div class = \"td-button td-item1\">\r\n                        <div class = \"td-border\"><\/div>\r\n                    <\/div>\r\n                    <div class = \"td-button td-item2\">\r\n                        <div class = \"td-border\"><\/div>\r\n                    <\/div>\r\n                    <div class = \"td-button td-item3\">\r\n                        <div class = \"td-border\"><\/div>\r\n                    <\/div>\r\n                    <div class = \"td-button td-item4\">\r\n                        <div class = \"td-border\"><\/div>\r\n                    <\/div>\r\n                    <div class = \"td-button td-item5\">\r\n                        <div class = \"td-border\"><\/div>\r\n                    <\/div>\r\n                            <\/div>\r\n                        <\/div>\r\n\r\n                    <\/div>\r\n\r\n                <\/div>\r\n                \n","protected":false},"excerpt":{"rendered":"<p>* Kelly G. Mundarain &nbsp; En las redes sociales se distinguen por su baile profesional y es que Jhonatan y Jane crean coreograf\u00edas que nos permiten apreciar la sensualidad de la salsa y la bachata. Por supuesto que nos surgieron muchas dudas acerca de c\u00f3mo fue posible alcanzar el \u00e9xito en Corea del Sur, un [&hellip;]<\/p>\n","protected":false},"author":1,"featured_media":236028,"comment_status":"open","ping_status":"open","sticky":false,"template":"","format":"standard","meta":{"_acf_changed":false,"footnotes":""},"categories":[41],"tags":[],"class_list":["post-236027","post","type-post","status-publish","format-standard","has-post-thumbnail","category-la-guia"],"acf":{"antetitulo":""},"yoast_head":"<!-- This site is optimized with the Yoast SEO plugin v28.3 - https:\/\/yoast.com\/product\/yoast-seo-wordpress\/ -->\n<title>Se\u00fal baila con fiesta latina \u201cDancing with your Soul\u201d - El Diario - Bolivia<\/title>\n<meta name=\"robots\" content=\"index, follow, max-snippet:-1, max-image-preview:large, max-video-preview:-1\" \/>\n<link rel=\"canonical\" href=\"https:\/\/www.eldiario.net\/portal\/2024\/07\/24\/seul-baila-con-fiesta-latina-dancing-with-your-soul\/\" \/>\n<meta property=\"og:locale\" content=\"es_ES\" \/>\n<meta property=\"og:type\" content=\"article\" \/>\n<meta property=\"og:title\" content=\"Se\u00fal baila con fiesta latina \u201cDancing with your Soul\u201d - El Diario - Bolivia\" \/>\n<meta property=\"og:description\" content=\"* Kelly G. Mundarain &nbsp; En las redes sociales se distinguen por su baile profesional y es que Jhonatan y Jane crean coreograf\u00edas que nos permiten apreciar la sensualidad de la salsa y la bachata. Por supuesto que nos surgieron muchas dudas acerca de c\u00f3mo fue posible alcanzar el \u00e9xito en Corea del Sur, un [&hellip;]\" \/>\n<meta property=\"og:url\" content=\"https:\/\/www.eldiario.net\/portal\/2024\/07\/24\/seul-baila-con-fiesta-latina-dancing-with-your-soul\/\" \/>\n<meta property=\"og:site_name\" content=\"El Diario - Bolivia\" \/>\n<meta property=\"article:publisher\" content=\"https:\/\/www.facebook.com\/eldiario.bolivia\/\" \/>\n<meta property=\"article:published_time\" content=\"2024-07-24T10:36:57+00:00\" \/>\n<meta property=\"og:image\" content=\"https:\/\/www.eldiario.net\/portal\/wp-content\/uploads\/2024\/07\/1PRINCIPAL-1.jpg\" \/>\n\t<meta property=\"og:image:width\" content=\"1200\" \/>\n\t<meta property=\"og:image:height\" content=\"600\" \/>\n\t<meta property=\"og:image:type\" content=\"image\/jpeg\" \/>\n<meta name=\"author\" content=\"Jeanette\" \/>\n<meta name=\"twitter:card\" content=\"summary_large_image\" \/>\n<meta name=\"twitter:creator\" content=\"@eldiario_net\" \/>\n<meta name=\"twitter:site\" content=\"@eldiario_net\" \/>\n<meta name=\"twitter:label1\" content=\"Escrito por\" \/>\n\t<meta name=\"twitter:data1\" content=\"Jeanette\" \/>\n\t<meta name=\"twitter:label2\" content=\"Tiempo de lectura\" \/>\n\t<meta name=\"twitter:data2\" content=\"5 minutos\" \/>\n<script type=\"application\/ld+json\" class=\"yoast-schema-graph\">{\"@context\":\"https:\\\/\\\/schema.org\",\"@graph\":[{\"@type\":\"Article\",\"@id\":\"https:\\\/\\\/www.eldiario.net\\\/portal\\\/2024\\\/07\\\/24\\\/seul-baila-con-fiesta-latina-dancing-with-your-soul\\\/#article\",\"isPartOf\":{\"@id\":\"https:\\\/\\\/www.eldiario.net\\\/portal\\\/2024\\\/07\\\/24\\\/seul-baila-con-fiesta-latina-dancing-with-your-soul\\\/\"},\"author\":{\"name\":\"Jeanette\",\"@id\":\"https:\\\/\\\/www.eldiario.net\\\/portal\\\/#\\\/schema\\\/person\\\/f46445640444750d7d753ccd04ae01b7\"},\"headline\":\"Se\u00fal baila con fiesta latina \u201cDancing with your Soul\u201d\",\"datePublished\":\"2024-07-24T10:36:57+00:00\",\"mainEntityOfPage\":{\"@id\":\"https:\\\/\\\/www.eldiario.net\\\/portal\\\/2024\\\/07\\\/24\\\/seul-baila-con-fiesta-latina-dancing-with-your-soul\\\/\"},\"wordCount\":941,\"commentCount\":0,\"publisher\":{\"@id\":\"https:\\\/\\\/www.eldiario.net\\\/portal\\\/#organization\"},\"image\":{\"@id\":\"https:\\\/\\\/www.eldiario.net\\\/portal\\\/2024\\\/07\\\/24\\\/seul-baila-con-fiesta-latina-dancing-with-your-soul\\\/#primaryimage\"},\"thumbnailUrl\":\"https:\\\/\\\/www.eldiario.net\\\/portal\\\/wp-content\\\/uploads\\\/2024\\\/07\\\/1PRINCIPAL-1.jpg\",\"articleSection\":[\"La Gu\u00eda\"],\"inLanguage\":\"es\",\"potentialAction\":[{\"@type\":\"CommentAction\",\"name\":\"Comment\",\"target\":[\"https:\\\/\\\/www.eldiario.net\\\/portal\\\/2024\\\/07\\\/24\\\/seul-baila-con-fiesta-latina-dancing-with-your-soul\\\/#respond\"]}]},{\"@type\":\"WebPage\",\"@id\":\"https:\\\/\\\/www.eldiario.net\\\/portal\\\/2024\\\/07\\\/24\\\/seul-baila-con-fiesta-latina-dancing-with-your-soul\\\/\",\"url\":\"https:\\\/\\\/www.eldiario.net\\\/portal\\\/2024\\\/07\\\/24\\\/seul-baila-con-fiesta-latina-dancing-with-your-soul\\\/\",\"name\":\"Se\u00fal baila con fiesta latina \u201cDancing with your Soul\u201d - El Diario - Bolivia\",\"isPartOf\":{\"@id\":\"https:\\\/\\\/www.eldiario.net\\\/portal\\\/#website\"},\"primaryImageOfPage\":{\"@id\":\"https:\\\/\\\/www.eldiario.net\\\/portal\\\/2024\\\/07\\\/24\\\/seul-baila-con-fiesta-latina-dancing-with-your-soul\\\/#primaryimage\"},\"image\":{\"@id\":\"https:\\\/\\\/www.eldiario.net\\\/portal\\\/2024\\\/07\\\/24\\\/seul-baila-con-fiesta-latina-dancing-with-your-soul\\\/#primaryimage\"},\"thumbnailUrl\":\"https:\\\/\\\/www.eldiario.net\\\/portal\\\/wp-content\\\/uploads\\\/2024\\\/07\\\/1PRINCIPAL-1.jpg\",\"datePublished\":\"2024-07-24T10:36:57+00:00\",\"breadcrumb\":{\"@id\":\"https:\\\/\\\/www.eldiario.net\\\/portal\\\/2024\\\/07\\\/24\\\/seul-baila-con-fiesta-latina-dancing-with-your-soul\\\/#breadcrumb\"},\"inLanguage\":\"es\",\"potentialAction\":[{\"@type\":\"ReadAction\",\"target\":[\"https:\\\/\\\/www.eldiario.net\\\/portal\\\/2024\\\/07\\\/24\\\/seul-baila-con-fiesta-latina-dancing-with-your-soul\\\/\"]}]},{\"@type\":\"ImageObject\",\"inLanguage\":\"es\",\"@id\":\"https:\\\/\\\/www.eldiario.net\\\/portal\\\/2024\\\/07\\\/24\\\/seul-baila-con-fiesta-latina-dancing-with-your-soul\\\/#primaryimage\",\"url\":\"https:\\\/\\\/www.eldiario.net\\\/portal\\\/wp-content\\\/uploads\\\/2024\\\/07\\\/1PRINCIPAL-1.jpg\",\"contentUrl\":\"https:\\\/\\\/www.eldiario.net\\\/portal\\\/wp-content\\\/uploads\\\/2024\\\/07\\\/1PRINCIPAL-1.jpg\",\"width\":1200,\"height\":600},{\"@type\":\"BreadcrumbList\",\"@id\":\"https:\\\/\\\/www.eldiario.net\\\/portal\\\/2024\\\/07\\\/24\\\/seul-baila-con-fiesta-latina-dancing-with-your-soul\\\/#breadcrumb\",\"itemListElement\":[{\"@type\":\"ListItem\",\"position\":1,\"name\":\"Portada\",\"item\":\"https:\\\/\\\/www.eldiario.net\\\/portal\\\/\"},{\"@type\":\"ListItem\",\"position\":2,\"name\":\"Se\u00fal baila con fiesta latina \u201cDancing with your Soul\u201d\"}]},{\"@type\":\"WebSite\",\"@id\":\"https:\\\/\\\/www.eldiario.net\\\/portal\\\/#website\",\"url\":\"https:\\\/\\\/www.eldiario.net\\\/portal\\\/\",\"name\":\"El Diario - Decano de la prensa nacional\",\"description\":\"El Diario - Decano de la prensa nacional\",\"publisher\":{\"@id\":\"https:\\\/\\\/www.eldiario.net\\\/portal\\\/#organization\"},\"potentialAction\":[{\"@type\":\"SearchAction\",\"target\":{\"@type\":\"EntryPoint\",\"urlTemplate\":\"https:\\\/\\\/www.eldiario.net\\\/portal\\\/?s={search_term_string}\"},\"query-input\":{\"@type\":\"PropertyValueSpecification\",\"valueRequired\":true,\"valueName\":\"search_term_string\"}}],\"inLanguage\":\"es\"},{\"@type\":\"Organization\",\"@id\":\"https:\\\/\\\/www.eldiario.net\\\/portal\\\/#organization\",\"name\":\"El Diario - Decano de la prensa nacional\",\"url\":\"https:\\\/\\\/www.eldiario.net\\\/portal\\\/\",\"logo\":{\"@type\":\"ImageObject\",\"inLanguage\":\"es\",\"@id\":\"https:\\\/\\\/www.eldiario.net\\\/portal\\\/#\\\/schema\\\/logo\\\/image\\\/\",\"url\":\"https:\\\/\\\/www.eldiario.net\\\/portal\\\/wp-content\\\/uploads\\\/2023\\\/07\\\/logo_ED.jpg\",\"contentUrl\":\"https:\\\/\\\/www.eldiario.net\\\/portal\\\/wp-content\\\/uploads\\\/2023\\\/07\\\/logo_ED.jpg\",\"width\":272,\"height\":52,\"caption\":\"El Diario - Decano de la prensa nacional\"},\"image\":{\"@id\":\"https:\\\/\\\/www.eldiario.net\\\/portal\\\/#\\\/schema\\\/logo\\\/image\\\/\"},\"sameAs\":[\"https:\\\/\\\/www.facebook.com\\\/eldiario.bolivia\\\/\",\"https:\\\/\\\/x.com\\\/eldiario_net\"]},{\"@type\":\"Person\",\"@id\":\"https:\\\/\\\/www.eldiario.net\\\/portal\\\/#\\\/schema\\\/person\\\/f46445640444750d7d753ccd04ae01b7\",\"name\":\"Jeanette\",\"image\":{\"@type\":\"ImageObject\",\"inLanguage\":\"es\",\"@id\":\"https:\\\/\\\/secure.gravatar.com\\\/avatar\\\/3ea2118a5f7dad2b7138b1187a6b7ee55f160b9968b66013c3a3ef39dd7e5798?s=96&d=mm&r=g\",\"url\":\"https:\\\/\\\/secure.gravatar.com\\\/avatar\\\/3ea2118a5f7dad2b7138b1187a6b7ee55f160b9968b66013c3a3ef39dd7e5798?s=96&d=mm&r=g\",\"contentUrl\":\"https:\\\/\\\/secure.gravatar.com\\\/avatar\\\/3ea2118a5f7dad2b7138b1187a6b7ee55f160b9968b66013c3a3ef39dd7e5798?s=96&d=mm&r=g\",\"caption\":\"Jeanette\"},\"sameAs\":[\"https:\\\/\\\/www.eldiario.net\\\/portal\"],\"url\":\"https:\\\/\\\/www.eldiario.net\\\/portal\\\/author\\\/jeanette\\\/\"}]}<\/script>\n<!-- \/ Yoast SEO plugin. -->","yoast_head_json":{"title":"Se\u00fal baila con fiesta latina \u201cDancing with your Soul\u201d - El Diario - Bolivia","robots":{"index":"index","follow":"follow","max-snippet":"max-snippet:-1","max-image-preview":"max-image-preview:large","max-video-preview":"max-video-preview:-1"},"canonical":"https:\/\/www.eldiario.net\/portal\/2024\/07\/24\/seul-baila-con-fiesta-latina-dancing-with-your-soul\/","og_locale":"es_ES","og_type":"article","og_title":"Se\u00fal baila con fiesta latina \u201cDancing with your Soul\u201d - El Diario - Bolivia","og_description":"* Kelly G. Mundarain &nbsp; En las redes sociales se distinguen por su baile profesional y es que Jhonatan y Jane crean coreograf\u00edas que nos permiten apreciar la sensualidad de la salsa y la bachata. Por supuesto que nos surgieron muchas dudas acerca de c\u00f3mo fue posible alcanzar el \u00e9xito en Corea del Sur, un [&hellip;]","og_url":"https:\/\/www.eldiario.net\/portal\/2024\/07\/24\/seul-baila-con-fiesta-latina-dancing-with-your-soul\/","og_site_name":"El Diario - Bolivia","article_publisher":"https:\/\/www.facebook.com\/eldiario.bolivia\/","article_published_time":"2024-07-24T10:36:57+00:00","og_image":[{"width":1200,"height":600,"url":"https:\/\/www.eldiario.net\/portal\/wp-content\/uploads\/2024\/07\/1PRINCIPAL-1.jpg","type":"image\/jpeg"}],"author":"Jeanette","twitter_card":"summary_large_image","twitter_creator":"@eldiario_net","twitter_site":"@eldiario_net","twitter_misc":{"Escrito por":"Jeanette","Tiempo de lectura":"5 minutos"},"schema":{"@context":"https:\/\/schema.org","@graph":[{"@type":"Article","@id":"https:\/\/www.eldiario.net\/portal\/2024\/07\/24\/seul-baila-con-fiesta-latina-dancing-with-your-soul\/#article","isPartOf":{"@id":"https:\/\/www.eldiario.net\/portal\/2024\/07\/24\/seul-baila-con-fiesta-latina-dancing-with-your-soul\/"},"author":{"name":"Jeanette","@id":"https:\/\/www.eldiario.net\/portal\/#\/schema\/person\/f46445640444750d7d753ccd04ae01b7"},"headline":"Se\u00fal baila con fiesta latina \u201cDancing with your Soul\u201d","datePublished":"2024-07-24T10:36:57+00:00","mainEntityOfPage":{"@id":"https:\/\/www.eldiario.net\/portal\/2024\/07\/24\/seul-baila-con-fiesta-latina-dancing-with-your-soul\/"},"wordCount":941,"commentCount":0,"publisher":{"@id":"https:\/\/www.eldiario.net\/portal\/#organization"},"image":{"@id":"https:\/\/www.eldiario.net\/portal\/2024\/07\/24\/seul-baila-con-fiesta-latina-dancing-with-your-soul\/#primaryimage"},"thumbnailUrl":"https:\/\/www.eldiario.net\/portal\/wp-content\/uploads\/2024\/07\/1PRINCIPAL-1.jpg","articleSection":["La Gu\u00eda"],"inLanguage":"es","potentialAction":[{"@type":"CommentAction","name":"Comment","target":["https:\/\/www.eldiario.net\/portal\/2024\/07\/24\/seul-baila-con-fiesta-latina-dancing-with-your-soul\/#respond"]}]},{"@type":"WebPage","@id":"https:\/\/www.eldiario.net\/portal\/2024\/07\/24\/seul-baila-con-fiesta-latina-dancing-with-your-soul\/","url":"https:\/\/www.eldiario.net\/portal\/2024\/07\/24\/seul-baila-con-fiesta-latina-dancing-with-your-soul\/","name":"Se\u00fal baila con fiesta latina \u201cDancing with your Soul\u201d - El Diario - Bolivia","isPartOf":{"@id":"https:\/\/www.eldiario.net\/portal\/#website"},"primaryImageOfPage":{"@id":"https:\/\/www.eldiario.net\/portal\/2024\/07\/24\/seul-baila-con-fiesta-latina-dancing-with-your-soul\/#primaryimage"},"image":{"@id":"https:\/\/www.eldiario.net\/portal\/2024\/07\/24\/seul-baila-con-fiesta-latina-dancing-with-your-soul\/#primaryimage"},"thumbnailUrl":"https:\/\/www.eldiario.net\/portal\/wp-content\/uploads\/2024\/07\/1PRINCIPAL-1.jpg","datePublished":"2024-07-24T10:36:57+00:00","breadcrumb":{"@id":"https:\/\/www.eldiario.net\/portal\/2024\/07\/24\/seul-baila-con-fiesta-latina-dancing-with-your-soul\/#breadcrumb"},"inLanguage":"es","potentialAction":[{"@type":"ReadAction","target":["https:\/\/www.eldiario.net\/portal\/2024\/07\/24\/seul-baila-con-fiesta-latina-dancing-with-your-soul\/"]}]},{"@type":"ImageObject","inLanguage":"es","@id":"https:\/\/www.eldiario.net\/portal\/2024\/07\/24\/seul-baila-con-fiesta-latina-dancing-with-your-soul\/#primaryimage","url":"https:\/\/www.eldiario.net\/portal\/wp-content\/uploads\/2024\/07\/1PRINCIPAL-1.jpg","contentUrl":"https:\/\/www.eldiario.net\/portal\/wp-content\/uploads\/2024\/07\/1PRINCIPAL-1.jpg","width":1200,"height":600},{"@type":"BreadcrumbList","@id":"https:\/\/www.eldiario.net\/portal\/2024\/07\/24\/seul-baila-con-fiesta-latina-dancing-with-your-soul\/#breadcrumb","itemListElement":[{"@type":"ListItem","position":1,"name":"Portada","item":"https:\/\/www.eldiario.net\/portal\/"},{"@type":"ListItem","position":2,"name":"Se\u00fal baila con fiesta latina \u201cDancing with your Soul\u201d"}]},{"@type":"WebSite","@id":"https:\/\/www.eldiario.net\/portal\/#website","url":"https:\/\/www.eldiario.net\/portal\/","name":"El Diario - Decano de la prensa nacional","description":"El Diario - Decano de la prensa nacional","publisher":{"@id":"https:\/\/www.eldiario.net\/portal\/#organization"},"potentialAction":[{"@type":"SearchAction","target":{"@type":"EntryPoint","urlTemplate":"https:\/\/www.eldiario.net\/portal\/?s={search_term_string}"},"query-input":{"@type":"PropertyValueSpecification","valueRequired":true,"valueName":"search_term_string"}}],"inLanguage":"es"},{"@type":"Organization","@id":"https:\/\/www.eldiario.net\/portal\/#organization","name":"El Diario - Decano de la prensa nacional","url":"https:\/\/www.eldiario.net\/portal\/","logo":{"@type":"ImageObject","inLanguage":"es","@id":"https:\/\/www.eldiario.net\/portal\/#\/schema\/logo\/image\/","url":"https:\/\/www.eldiario.net\/portal\/wp-content\/uploads\/2023\/07\/logo_ED.jpg","contentUrl":"https:\/\/www.eldiario.net\/portal\/wp-content\/uploads\/2023\/07\/logo_ED.jpg","width":272,"height":52,"caption":"El Diario - Decano de la prensa nacional"},"image":{"@id":"https:\/\/www.eldiario.net\/portal\/#\/schema\/logo\/image\/"},"sameAs":["https:\/\/www.facebook.com\/eldiario.bolivia\/","https:\/\/x.com\/eldiario_net"]},{"@type":"Person","@id":"https:\/\/www.eldiario.net\/portal\/#\/schema\/person\/f46445640444750d7d753ccd04ae01b7","name":"Jeanette","image":{"@type":"ImageObject","inLanguage":"es","@id":"https:\/\/secure.gravatar.com\/avatar\/3ea2118a5f7dad2b7138b1187a6b7ee55f160b9968b66013c3a3ef39dd7e5798?s=96&d=mm&r=g","url":"https:\/\/secure.gravatar.com\/avatar\/3ea2118a5f7dad2b7138b1187a6b7ee55f160b9968b66013c3a3ef39dd7e5798?s=96&d=mm&r=g","contentUrl":"https:\/\/secure.gravatar.com\/avatar\/3ea2118a5f7dad2b7138b1187a6b7ee55f160b9968b66013c3a3ef39dd7e5798?s=96&d=mm&r=g","caption":"Jeanette"},"sameAs":["https:\/\/www.eldiario.net\/portal"],"url":"https:\/\/www.eldiario.net\/portal\/author\/jeanette\/"}]}},"_links":{"self":[{"href":"https:\/\/www.eldiario.net\/portal\/wp-json\/wp\/v2\/posts\/236027","targetHints":{"allow":["GET"]}}],"collection":[{"href":"https:\/\/www.eldiario.net\/portal\/wp-json\/wp\/v2\/posts"}],"about":[{"href":"https:\/\/www.eldiario.net\/portal\/wp-json\/wp\/v2\/types\/post"}],"author":[{"embeddable":true,"href":"https:\/\/www.eldiario.net\/portal\/wp-json\/wp\/v2\/users\/1"}],"replies":[{"embeddable":true,"href":"https:\/\/www.eldiario.net\/portal\/wp-json\/wp\/v2\/comments?post=236027"}],"version-history":[{"count":1,"href":"https:\/\/www.eldiario.net\/portal\/wp-json\/wp\/v2\/posts\/236027\/revisions"}],"predecessor-version":[{"id":236033,"href":"https:\/\/www.eldiario.net\/portal\/wp-json\/wp\/v2\/posts\/236027\/revisions\/236033"}],"wp:featuredmedia":[{"embeddable":true,"href":"https:\/\/www.eldiario.net\/portal\/wp-json\/wp\/v2\/media\/236028"}],"wp:attachment":[{"href":"https:\/\/www.eldiario.net\/portal\/wp-json\/wp\/v2\/media?parent=236027"}],"wp:term":[{"taxonomy":"category","embeddable":true,"href":"https:\/\/www.eldiario.net\/portal\/wp-json\/wp\/v2\/categories?post=236027"},{"taxonomy":"post_tag","embeddable":true,"href":"https:\/\/www.eldiario.net\/portal\/wp-json\/wp\/v2\/tags?post=236027"}],"curies":[{"name":"wp","href":"https:\/\/api.w.org\/{rel}","templated":true}]}}