{"id":235998,"date":"2024-07-24T06:27:29","date_gmt":"2024-07-24T10:27:29","guid":{"rendered":"https:\/\/www.eldiario.net\/portal\/?p=235998"},"modified":"2024-07-24T06:27:29","modified_gmt":"2024-07-24T10:27:29","slug":"bolivia-brasil-nueva-era-de-esperanzas-e-incertidumbres","status":"publish","type":"post","link":"https:\/\/www.eldiario.net\/portal\/2024\/07\/24\/bolivia-brasil-nueva-era-de-esperanzas-e-incertidumbres\/","title":{"rendered":"Bolivia \u2013 Brasil, nueva era de esperanzas e incertidumbres"},"content":{"rendered":"<p>El pasado 9 de julio se realiz\u00f3 el encuentro bilateral boliviano brasile\u00f1o m\u00e1s grande de las \u00faltimas d\u00e9cadas, y posiblemente el m\u00e1s significativo, por su alcance e importancia. Ese d\u00eda, el presidente Luiz In\u00e1cio Lula Da Silva, acompa\u00f1ado de cinco ministros, los m\u00e1ximos ejecutivos de Petrobras y de la Agencia de Promoci\u00f3n de Exportaciones, parlamentarios, autoridades estaduales, asesores y algo m\u00e1s de 100 empresarios de diversos rubros, se encontr\u00f3 con el presidente boliviano Luis Arce Catacora, siete ministros, 20 otras autoridades nacionales y 300 empresarios de nuestro pa\u00eds, en la hospitalaria Santa Cruz de la Sierra.<br \/>\nEn el encuentro se suscribieron 10 acuerdos de Estado, principalmente en energ\u00eda, fertilizantes y miner\u00eda, y una Declaraci\u00f3n Conjunta que incluye 73 temas diferentes, como la explotaci\u00f3n del litio, el corredor ferroviario bioce\u00e1nico, medio ambiente, hidrov\u00edas, poblaciones fronterizas, exploraci\u00f3n y comercializaci\u00f3n del gas, biocombustibles, biotecnolog\u00eda, cadenas productivas agropecuarias, agroindustria, energ\u00edas renovables, interconexi\u00f3n a\u00e9rea, migraci\u00f3n, telecomunicaciones, pueblos ind\u00edgenas, suministro y transporte de carburantes, comercio bilateral, uso com\u00fan de monedas nacionales, armonizaci\u00f3n normativa de Bolivia en el Mercosur, ingreso de nuestro pa\u00eds a los BRICS, entre muchas otras.<br \/>\nAunque en este encuentro ambos mandatarios proclamaron el inicio de una nueva era en la relaci\u00f3n Brasil-Bolivia y la \u201cdesgasificaci\u00f3n\u201d de los asuntos bilaterales, la in\u00e9dita cantidad y diversidad de los acuerdos parece mostrar m\u00e1s una alianza econ\u00f3mica y geopol\u00edtica, que una articulaci\u00f3n de agendas comunes para el corto y mediano plazo. \u201cMi visita simboliza algo m\u00e1s que la reanudaci\u00f3n de una relaci\u00f3n de amistad\u201d, ha declarado el mandatario brasile\u00f1o en su discurso final.<br \/>\nResult\u00f3 evidente que, en esta nueva etapa, se pretende que el sector privado de ambos pa\u00edses sea un actor principal. \u201cNuestras pol\u00edticas desde el gobierno y el empresariado privado tienen que apuntar a coadyuvar en esta tarea de la redistribuci\u00f3n del ingreso en la sociedad\u201d (\u2026) \u201csabemos cu\u00e1l es el camino para salir de todos los problemas que estamos enfrentando (\u2026), y lo hemos estado haciendo en varias reuniones con nuestro empresariado privado\u201d, se\u00f1al\u00f3 el presidente Arce.<br \/>\nDa Silva ha sido m\u00e1s pragm\u00e1tico y, m\u00e1s all\u00e1 del discurso integracionista, le ha pedido a su hom\u00f3logo boliviano, garant\u00edas y previsibilidad para sus empresas, \u201chablamos sobre la importancia de garantizar la seguridad jur\u00eddica a los brasile\u00f1os en Bolivia, para que sigan colaborando con el desarrollo econ\u00f3mico de este pa\u00eds\u201d, y a\u00f1adi\u00f3 que \u201clo que debemos es asegurar primero la estabilidad pol\u00edtica, luego estabilidad fiscal, econ\u00f3mica, jur\u00eddica y social\u2026\u201d.<br \/>\nAnte el optimismo paternalista de Lula, el presidente Arce se ha mostrado cauteloso y ha tratado de mantener la imagen discursiva de dos pa\u00edses complementarios y no tan desiguales. \u201cBolivia tiene un enorme potencial productivo; el empresariado productivo de nuestro pa\u00eds sabe que tiene un gran aliado en nuestro gobierno, pero con la mano que nos brinda el Mercosur, Brasil y la que nos puede brindar el BRICS, esta tarea puede ser mucho m\u00e1s r\u00e1pida, m\u00e1s f\u00e1cil y m\u00e1s ventajosa para nuestros pa\u00edses\u201d, afirm\u00f3.<br \/>\nSin duda que, el encuentro de Julio, ha sido el resultado m\u00e1s relevante de la gesti\u00f3n internacional del gobierno actual, y tiene para nuestro pa\u00eds la mayor importancia, sobre todo por la cantidad de temas que nos vinculan a la d\u00e9cima econom\u00eda del planeta y la necesidad de abordarlos adecuadamente para avanzar en la b\u00fasqueda de soluciones para los grandes problemas que nos aquejan.<br \/>\nEl desaf\u00edo es enorme y complejo. Bolivia atraviesa por una etapa de tensiones pol\u00edticas y crisis econ\u00f3mica e institucional que no pueden asegurar el cumplimiento de varios temas convenidos, en los tiempos y las condiciones que podr\u00eda esperar su gigantesco vecino. Pero tambi\u00e9n Brasil tiene problemas de crecimiento, d\u00e9ficit fiscal, deuda externa y desempleo, sumados a una polarizaci\u00f3n pol\u00edtica constante, que pueden dejar en el camino muchos de los planes acordados.<br \/>\nNos queda esperar que este acercamiento, siembre ra\u00edces profundas de una aut\u00e9ntica era de integraci\u00f3n, prosperidad y beneficios mutuos, que trasciendan las ideolog\u00edas, y que los acuerdos se materialicen y fortalezcan m\u00e1s all\u00e1 de las coyunturas y los gobiernos.<\/p>\n<p>El autor es Industrial y ex Presidente de la Confederaci\u00f3n de Empresarios Privados de Bolivia.<\/p>\n","protected":false},"excerpt":{"rendered":"<p>El pasado 9 de julio se realiz\u00f3 el encuentro bilateral boliviano brasile\u00f1o m\u00e1s grande de las \u00faltimas d\u00e9cadas, y posiblemente el m\u00e1s significativo, por su alcance e importancia. Ese d\u00eda, el presidente Luiz In\u00e1cio Lula Da Silva, acompa\u00f1ado de cinco ministros, los m\u00e1ximos ejecutivos de Petrobras y de la Agencia de Promoci\u00f3n de Exportaciones, parlamentarios, [&hellip;]<\/p>\n","protected":false},"author":1,"featured_media":188324,"comment_status":"open","ping_status":"open","sticky":false,"template":"","format":"standard","meta":{"_acf_changed":false,"footnotes":""},"categories":[9],"tags":[],"class_list":["post-235998","post","type-post","status-publish","format-standard","has-post-thumbnail","category-opinion"],"acf":{"antetitulo":""},"yoast_head":"<!-- This site is optimized with the Yoast SEO plugin v28.3 - https:\/\/yoast.com\/product\/yoast-seo-wordpress\/ -->\n<title>Bolivia \u2013 Brasil, nueva era de esperanzas e incertidumbres - El Diario - Bolivia<\/title>\n<meta name=\"robots\" content=\"index, follow, max-snippet:-1, max-image-preview:large, max-video-preview:-1\" \/>\n<link rel=\"canonical\" href=\"https:\/\/www.eldiario.net\/portal\/2024\/07\/24\/bolivia-brasil-nueva-era-de-esperanzas-e-incertidumbres\/\" \/>\n<meta property=\"og:locale\" content=\"es_ES\" \/>\n<meta property=\"og:type\" content=\"article\" \/>\n<meta property=\"og:title\" content=\"Bolivia \u2013 Brasil, nueva era de esperanzas e incertidumbres - El Diario - Bolivia\" \/>\n<meta property=\"og:description\" content=\"El pasado 9 de julio se realiz\u00f3 el encuentro bilateral boliviano brasile\u00f1o m\u00e1s grande de las \u00faltimas d\u00e9cadas, y posiblemente el m\u00e1s significativo, por su alcance e importancia. Ese d\u00eda, el presidente Luiz In\u00e1cio Lula Da Silva, acompa\u00f1ado de cinco ministros, los m\u00e1ximos ejecutivos de Petrobras y de la Agencia de Promoci\u00f3n de Exportaciones, parlamentarios, [&hellip;]\" \/>\n<meta property=\"og:url\" content=\"https:\/\/www.eldiario.net\/portal\/2024\/07\/24\/bolivia-brasil-nueva-era-de-esperanzas-e-incertidumbres\/\" \/>\n<meta property=\"og:site_name\" content=\"El Diario - Bolivia\" \/>\n<meta property=\"article:publisher\" content=\"https:\/\/www.facebook.com\/eldiario.bolivia\/\" \/>\n<meta property=\"article:published_time\" content=\"2024-07-24T10:27:29+00:00\" \/>\n<meta property=\"og:image\" content=\"https:\/\/www.eldiario.net\/portal\/wp-content\/uploads\/2023\/11\/Ronald-Nostas-Ardaya.jpg\" \/>\n\t<meta property=\"og:image:width\" content=\"1200\" \/>\n\t<meta property=\"og:image:height\" content=\"628\" \/>\n\t<meta property=\"og:image:type\" content=\"image\/jpeg\" \/>\n<meta name=\"author\" content=\"Jeanette\" \/>\n<meta name=\"twitter:card\" content=\"summary_large_image\" \/>\n<meta name=\"twitter:creator\" content=\"@eldiario_net\" \/>\n<meta name=\"twitter:site\" content=\"@eldiario_net\" \/>\n<meta name=\"twitter:label1\" content=\"Escrito por\" \/>\n\t<meta name=\"twitter:data1\" content=\"Jeanette\" \/>\n\t<meta name=\"twitter:label2\" content=\"Tiempo de lectura\" \/>\n\t<meta name=\"twitter:data2\" content=\"4 minutos\" \/>\n<script type=\"application\/ld+json\" class=\"yoast-schema-graph\">{\"@context\":\"https:\\\/\\\/schema.org\",\"@graph\":[{\"@type\":\"Article\",\"@id\":\"https:\\\/\\\/www.eldiario.net\\\/portal\\\/2024\\\/07\\\/24\\\/bolivia-brasil-nueva-era-de-esperanzas-e-incertidumbres\\\/#article\",\"isPartOf\":{\"@id\":\"https:\\\/\\\/www.eldiario.net\\\/portal\\\/2024\\\/07\\\/24\\\/bolivia-brasil-nueva-era-de-esperanzas-e-incertidumbres\\\/\"},\"author\":{\"name\":\"Jeanette\",\"@id\":\"https:\\\/\\\/www.eldiario.net\\\/portal\\\/#\\\/schema\\\/person\\\/f46445640444750d7d753ccd04ae01b7\"},\"headline\":\"Bolivia \u2013 Brasil, nueva era de esperanzas e incertidumbres\",\"datePublished\":\"2024-07-24T10:27:29+00:00\",\"mainEntityOfPage\":{\"@id\":\"https:\\\/\\\/www.eldiario.net\\\/portal\\\/2024\\\/07\\\/24\\\/bolivia-brasil-nueva-era-de-esperanzas-e-incertidumbres\\\/\"},\"wordCount\":760,\"commentCount\":0,\"publisher\":{\"@id\":\"https:\\\/\\\/www.eldiario.net\\\/portal\\\/#organization\"},\"image\":{\"@id\":\"https:\\\/\\\/www.eldiario.net\\\/portal\\\/2024\\\/07\\\/24\\\/bolivia-brasil-nueva-era-de-esperanzas-e-incertidumbres\\\/#primaryimage\"},\"thumbnailUrl\":\"https:\\\/\\\/www.eldiario.net\\\/portal\\\/wp-content\\\/uploads\\\/2023\\\/11\\\/Ronald-Nostas-Ardaya.jpg\",\"articleSection\":[\"Opini\u00f3n\"],\"inLanguage\":\"es\",\"potentialAction\":[{\"@type\":\"CommentAction\",\"name\":\"Comment\",\"target\":[\"https:\\\/\\\/www.eldiario.net\\\/portal\\\/2024\\\/07\\\/24\\\/bolivia-brasil-nueva-era-de-esperanzas-e-incertidumbres\\\/#respond\"]}]},{\"@type\":\"WebPage\",\"@id\":\"https:\\\/\\\/www.eldiario.net\\\/portal\\\/2024\\\/07\\\/24\\\/bolivia-brasil-nueva-era-de-esperanzas-e-incertidumbres\\\/\",\"url\":\"https:\\\/\\\/www.eldiario.net\\\/portal\\\/2024\\\/07\\\/24\\\/bolivia-brasil-nueva-era-de-esperanzas-e-incertidumbres\\\/\",\"name\":\"Bolivia \u2013 Brasil, nueva era de esperanzas e incertidumbres - El Diario - Bolivia\",\"isPartOf\":{\"@id\":\"https:\\\/\\\/www.eldiario.net\\\/portal\\\/#website\"},\"primaryImageOfPage\":{\"@id\":\"https:\\\/\\\/www.eldiario.net\\\/portal\\\/2024\\\/07\\\/24\\\/bolivia-brasil-nueva-era-de-esperanzas-e-incertidumbres\\\/#primaryimage\"},\"image\":{\"@id\":\"https:\\\/\\\/www.eldiario.net\\\/portal\\\/2024\\\/07\\\/24\\\/bolivia-brasil-nueva-era-de-esperanzas-e-incertidumbres\\\/#primaryimage\"},\"thumbnailUrl\":\"https:\\\/\\\/www.eldiario.net\\\/portal\\\/wp-content\\\/uploads\\\/2023\\\/11\\\/Ronald-Nostas-Ardaya.jpg\",\"datePublished\":\"2024-07-24T10:27:29+00:00\",\"breadcrumb\":{\"@id\":\"https:\\\/\\\/www.eldiario.net\\\/portal\\\/2024\\\/07\\\/24\\\/bolivia-brasil-nueva-era-de-esperanzas-e-incertidumbres\\\/#breadcrumb\"},\"inLanguage\":\"es\",\"potentialAction\":[{\"@type\":\"ReadAction\",\"target\":[\"https:\\\/\\\/www.eldiario.net\\\/portal\\\/2024\\\/07\\\/24\\\/bolivia-brasil-nueva-era-de-esperanzas-e-incertidumbres\\\/\"]}]},{\"@type\":\"ImageObject\",\"inLanguage\":\"es\",\"@id\":\"https:\\\/\\\/www.eldiario.net\\\/portal\\\/2024\\\/07\\\/24\\\/bolivia-brasil-nueva-era-de-esperanzas-e-incertidumbres\\\/#primaryimage\",\"url\":\"https:\\\/\\\/www.eldiario.net\\\/portal\\\/wp-content\\\/uploads\\\/2023\\\/11\\\/Ronald-Nostas-Ardaya.jpg\",\"contentUrl\":\"https:\\\/\\\/www.eldiario.net\\\/portal\\\/wp-content\\\/uploads\\\/2023\\\/11\\\/Ronald-Nostas-Ardaya.jpg\",\"width\":1200,\"height\":628,\"caption\":\"Ronald Nostas Ardaya\"},{\"@type\":\"BreadcrumbList\",\"@id\":\"https:\\\/\\\/www.eldiario.net\\\/portal\\\/2024\\\/07\\\/24\\\/bolivia-brasil-nueva-era-de-esperanzas-e-incertidumbres\\\/#breadcrumb\",\"itemListElement\":[{\"@type\":\"ListItem\",\"position\":1,\"name\":\"Portada\",\"item\":\"https:\\\/\\\/www.eldiario.net\\\/portal\\\/\"},{\"@type\":\"ListItem\",\"position\":2,\"name\":\"Bolivia \u2013 Brasil, nueva era de esperanzas e incertidumbres\"}]},{\"@type\":\"WebSite\",\"@id\":\"https:\\\/\\\/www.eldiario.net\\\/portal\\\/#website\",\"url\":\"https:\\\/\\\/www.eldiario.net\\\/portal\\\/\",\"name\":\"El Diario - Decano de la prensa nacional\",\"description\":\"El Diario - Decano de la prensa nacional\",\"publisher\":{\"@id\":\"https:\\\/\\\/www.eldiario.net\\\/portal\\\/#organization\"},\"potentialAction\":[{\"@type\":\"SearchAction\",\"target\":{\"@type\":\"EntryPoint\",\"urlTemplate\":\"https:\\\/\\\/www.eldiario.net\\\/portal\\\/?s={search_term_string}\"},\"query-input\":{\"@type\":\"PropertyValueSpecification\",\"valueRequired\":true,\"valueName\":\"search_term_string\"}}],\"inLanguage\":\"es\"},{\"@type\":\"Organization\",\"@id\":\"https:\\\/\\\/www.eldiario.net\\\/portal\\\/#organization\",\"name\":\"El Diario - Decano de la prensa nacional\",\"url\":\"https:\\\/\\\/www.eldiario.net\\\/portal\\\/\",\"logo\":{\"@type\":\"ImageObject\",\"inLanguage\":\"es\",\"@id\":\"https:\\\/\\\/www.eldiario.net\\\/portal\\\/#\\\/schema\\\/logo\\\/image\\\/\",\"url\":\"https:\\\/\\\/www.eldiario.net\\\/portal\\\/wp-content\\\/uploads\\\/2023\\\/07\\\/logo_ED.jpg\",\"contentUrl\":\"https:\\\/\\\/www.eldiario.net\\\/portal\\\/wp-content\\\/uploads\\\/2023\\\/07\\\/logo_ED.jpg\",\"width\":272,\"height\":52,\"caption\":\"El Diario - Decano de la prensa nacional\"},\"image\":{\"@id\":\"https:\\\/\\\/www.eldiario.net\\\/portal\\\/#\\\/schema\\\/logo\\\/image\\\/\"},\"sameAs\":[\"https:\\\/\\\/www.facebook.com\\\/eldiario.bolivia\\\/\",\"https:\\\/\\\/x.com\\\/eldiario_net\"]},{\"@type\":\"Person\",\"@id\":\"https:\\\/\\\/www.eldiario.net\\\/portal\\\/#\\\/schema\\\/person\\\/f46445640444750d7d753ccd04ae01b7\",\"name\":\"Jeanette\",\"image\":{\"@type\":\"ImageObject\",\"inLanguage\":\"es\",\"@id\":\"https:\\\/\\\/secure.gravatar.com\\\/avatar\\\/3ea2118a5f7dad2b7138b1187a6b7ee55f160b9968b66013c3a3ef39dd7e5798?s=96&d=mm&r=g\",\"url\":\"https:\\\/\\\/secure.gravatar.com\\\/avatar\\\/3ea2118a5f7dad2b7138b1187a6b7ee55f160b9968b66013c3a3ef39dd7e5798?s=96&d=mm&r=g\",\"contentUrl\":\"https:\\\/\\\/secure.gravatar.com\\\/avatar\\\/3ea2118a5f7dad2b7138b1187a6b7ee55f160b9968b66013c3a3ef39dd7e5798?s=96&d=mm&r=g\",\"caption\":\"Jeanette\"},\"sameAs\":[\"https:\\\/\\\/www.eldiario.net\\\/portal\"],\"url\":\"https:\\\/\\\/www.eldiario.net\\\/portal\\\/author\\\/jeanette\\\/\"}]}<\/script>\n<!-- \/ Yoast SEO plugin. -->","yoast_head_json":{"title":"Bolivia \u2013 Brasil, nueva era de esperanzas e incertidumbres - El Diario - Bolivia","robots":{"index":"index","follow":"follow","max-snippet":"max-snippet:-1","max-image-preview":"max-image-preview:large","max-video-preview":"max-video-preview:-1"},"canonical":"https:\/\/www.eldiario.net\/portal\/2024\/07\/24\/bolivia-brasil-nueva-era-de-esperanzas-e-incertidumbres\/","og_locale":"es_ES","og_type":"article","og_title":"Bolivia \u2013 Brasil, nueva era de esperanzas e incertidumbres - El Diario - Bolivia","og_description":"El pasado 9 de julio se realiz\u00f3 el encuentro bilateral boliviano brasile\u00f1o m\u00e1s grande de las \u00faltimas d\u00e9cadas, y posiblemente el m\u00e1s significativo, por su alcance e importancia. Ese d\u00eda, el presidente Luiz In\u00e1cio Lula Da Silva, acompa\u00f1ado de cinco ministros, los m\u00e1ximos ejecutivos de Petrobras y de la Agencia de Promoci\u00f3n de Exportaciones, parlamentarios, [&hellip;]","og_url":"https:\/\/www.eldiario.net\/portal\/2024\/07\/24\/bolivia-brasil-nueva-era-de-esperanzas-e-incertidumbres\/","og_site_name":"El Diario - Bolivia","article_publisher":"https:\/\/www.facebook.com\/eldiario.bolivia\/","article_published_time":"2024-07-24T10:27:29+00:00","og_image":[{"width":1200,"height":628,"url":"https:\/\/www.eldiario.net\/portal\/wp-content\/uploads\/2023\/11\/Ronald-Nostas-Ardaya.jpg","type":"image\/jpeg"}],"author":"Jeanette","twitter_card":"summary_large_image","twitter_creator":"@eldiario_net","twitter_site":"@eldiario_net","twitter_misc":{"Escrito por":"Jeanette","Tiempo de lectura":"4 minutos"},"schema":{"@context":"https:\/\/schema.org","@graph":[{"@type":"Article","@id":"https:\/\/www.eldiario.net\/portal\/2024\/07\/24\/bolivia-brasil-nueva-era-de-esperanzas-e-incertidumbres\/#article","isPartOf":{"@id":"https:\/\/www.eldiario.net\/portal\/2024\/07\/24\/bolivia-brasil-nueva-era-de-esperanzas-e-incertidumbres\/"},"author":{"name":"Jeanette","@id":"https:\/\/www.eldiario.net\/portal\/#\/schema\/person\/f46445640444750d7d753ccd04ae01b7"},"headline":"Bolivia \u2013 Brasil, nueva era de esperanzas e incertidumbres","datePublished":"2024-07-24T10:27:29+00:00","mainEntityOfPage":{"@id":"https:\/\/www.eldiario.net\/portal\/2024\/07\/24\/bolivia-brasil-nueva-era-de-esperanzas-e-incertidumbres\/"},"wordCount":760,"commentCount":0,"publisher":{"@id":"https:\/\/www.eldiario.net\/portal\/#organization"},"image":{"@id":"https:\/\/www.eldiario.net\/portal\/2024\/07\/24\/bolivia-brasil-nueva-era-de-esperanzas-e-incertidumbres\/#primaryimage"},"thumbnailUrl":"https:\/\/www.eldiario.net\/portal\/wp-content\/uploads\/2023\/11\/Ronald-Nostas-Ardaya.jpg","articleSection":["Opini\u00f3n"],"inLanguage":"es","potentialAction":[{"@type":"CommentAction","name":"Comment","target":["https:\/\/www.eldiario.net\/portal\/2024\/07\/24\/bolivia-brasil-nueva-era-de-esperanzas-e-incertidumbres\/#respond"]}]},{"@type":"WebPage","@id":"https:\/\/www.eldiario.net\/portal\/2024\/07\/24\/bolivia-brasil-nueva-era-de-esperanzas-e-incertidumbres\/","url":"https:\/\/www.eldiario.net\/portal\/2024\/07\/24\/bolivia-brasil-nueva-era-de-esperanzas-e-incertidumbres\/","name":"Bolivia \u2013 Brasil, nueva era de esperanzas e incertidumbres - El Diario - Bolivia","isPartOf":{"@id":"https:\/\/www.eldiario.net\/portal\/#website"},"primaryImageOfPage":{"@id":"https:\/\/www.eldiario.net\/portal\/2024\/07\/24\/bolivia-brasil-nueva-era-de-esperanzas-e-incertidumbres\/#primaryimage"},"image":{"@id":"https:\/\/www.eldiario.net\/portal\/2024\/07\/24\/bolivia-brasil-nueva-era-de-esperanzas-e-incertidumbres\/#primaryimage"},"thumbnailUrl":"https:\/\/www.eldiario.net\/portal\/wp-content\/uploads\/2023\/11\/Ronald-Nostas-Ardaya.jpg","datePublished":"2024-07-24T10:27:29+00:00","breadcrumb":{"@id":"https:\/\/www.eldiario.net\/portal\/2024\/07\/24\/bolivia-brasil-nueva-era-de-esperanzas-e-incertidumbres\/#breadcrumb"},"inLanguage":"es","potentialAction":[{"@type":"ReadAction","target":["https:\/\/www.eldiario.net\/portal\/2024\/07\/24\/bolivia-brasil-nueva-era-de-esperanzas-e-incertidumbres\/"]}]},{"@type":"ImageObject","inLanguage":"es","@id":"https:\/\/www.eldiario.net\/portal\/2024\/07\/24\/bolivia-brasil-nueva-era-de-esperanzas-e-incertidumbres\/#primaryimage","url":"https:\/\/www.eldiario.net\/portal\/wp-content\/uploads\/2023\/11\/Ronald-Nostas-Ardaya.jpg","contentUrl":"https:\/\/www.eldiario.net\/portal\/wp-content\/uploads\/2023\/11\/Ronald-Nostas-Ardaya.jpg","width":1200,"height":628,"caption":"Ronald Nostas Ardaya"},{"@type":"BreadcrumbList","@id":"https:\/\/www.eldiario.net\/portal\/2024\/07\/24\/bolivia-brasil-nueva-era-de-esperanzas-e-incertidumbres\/#breadcrumb","itemListElement":[{"@type":"ListItem","position":1,"name":"Portada","item":"https:\/\/www.eldiario.net\/portal\/"},{"@type":"ListItem","position":2,"name":"Bolivia \u2013 Brasil, nueva era de esperanzas e incertidumbres"}]},{"@type":"WebSite","@id":"https:\/\/www.eldiario.net\/portal\/#website","url":"https:\/\/www.eldiario.net\/portal\/","name":"El Diario - Decano de la prensa nacional","description":"El Diario - Decano de la prensa nacional","publisher":{"@id":"https:\/\/www.eldiario.net\/portal\/#organization"},"potentialAction":[{"@type":"SearchAction","target":{"@type":"EntryPoint","urlTemplate":"https:\/\/www.eldiario.net\/portal\/?s={search_term_string}"},"query-input":{"@type":"PropertyValueSpecification","valueRequired":true,"valueName":"search_term_string"}}],"inLanguage":"es"},{"@type":"Organization","@id":"https:\/\/www.eldiario.net\/portal\/#organization","name":"El Diario - Decano de la prensa nacional","url":"https:\/\/www.eldiario.net\/portal\/","logo":{"@type":"ImageObject","inLanguage":"es","@id":"https:\/\/www.eldiario.net\/portal\/#\/schema\/logo\/image\/","url":"https:\/\/www.eldiario.net\/portal\/wp-content\/uploads\/2023\/07\/logo_ED.jpg","contentUrl":"https:\/\/www.eldiario.net\/portal\/wp-content\/uploads\/2023\/07\/logo_ED.jpg","width":272,"height":52,"caption":"El Diario - Decano de la prensa nacional"},"image":{"@id":"https:\/\/www.eldiario.net\/portal\/#\/schema\/logo\/image\/"},"sameAs":["https:\/\/www.facebook.com\/eldiario.bolivia\/","https:\/\/x.com\/eldiario_net"]},{"@type":"Person","@id":"https:\/\/www.eldiario.net\/portal\/#\/schema\/person\/f46445640444750d7d753ccd04ae01b7","name":"Jeanette","image":{"@type":"ImageObject","inLanguage":"es","@id":"https:\/\/secure.gravatar.com\/avatar\/3ea2118a5f7dad2b7138b1187a6b7ee55f160b9968b66013c3a3ef39dd7e5798?s=96&d=mm&r=g","url":"https:\/\/secure.gravatar.com\/avatar\/3ea2118a5f7dad2b7138b1187a6b7ee55f160b9968b66013c3a3ef39dd7e5798?s=96&d=mm&r=g","contentUrl":"https:\/\/secure.gravatar.com\/avatar\/3ea2118a5f7dad2b7138b1187a6b7ee55f160b9968b66013c3a3ef39dd7e5798?s=96&d=mm&r=g","caption":"Jeanette"},"sameAs":["https:\/\/www.eldiario.net\/portal"],"url":"https:\/\/www.eldiario.net\/portal\/author\/jeanette\/"}]}},"_links":{"self":[{"href":"https:\/\/www.eldiario.net\/portal\/wp-json\/wp\/v2\/posts\/235998","targetHints":{"allow":["GET"]}}],"collection":[{"href":"https:\/\/www.eldiario.net\/portal\/wp-json\/wp\/v2\/posts"}],"about":[{"href":"https:\/\/www.eldiario.net\/portal\/wp-json\/wp\/v2\/types\/post"}],"author":[{"embeddable":true,"href":"https:\/\/www.eldiario.net\/portal\/wp-json\/wp\/v2\/users\/1"}],"replies":[{"embeddable":true,"href":"https:\/\/www.eldiario.net\/portal\/wp-json\/wp\/v2\/comments?post=235998"}],"version-history":[{"count":1,"href":"https:\/\/www.eldiario.net\/portal\/wp-json\/wp\/v2\/posts\/235998\/revisions"}],"predecessor-version":[{"id":235999,"href":"https:\/\/www.eldiario.net\/portal\/wp-json\/wp\/v2\/posts\/235998\/revisions\/235999"}],"wp:featuredmedia":[{"embeddable":true,"href":"https:\/\/www.eldiario.net\/portal\/wp-json\/wp\/v2\/media\/188324"}],"wp:attachment":[{"href":"https:\/\/www.eldiario.net\/portal\/wp-json\/wp\/v2\/media?parent=235998"}],"wp:term":[{"taxonomy":"category","embeddable":true,"href":"https:\/\/www.eldiario.net\/portal\/wp-json\/wp\/v2\/categories?post=235998"},{"taxonomy":"post_tag","embeddable":true,"href":"https:\/\/www.eldiario.net\/portal\/wp-json\/wp\/v2\/tags?post=235998"}],"curies":[{"name":"wp","href":"https:\/\/api.w.org\/{rel}","templated":true}]}}