{"id":235996,"date":"2024-07-24T06:27:08","date_gmt":"2024-07-24T10:27:08","guid":{"rendered":"https:\/\/www.eldiario.net\/portal\/?p=235996"},"modified":"2024-07-24T06:27:08","modified_gmt":"2024-07-24T10:27:08","slug":"estrago-municipal","status":"publish","type":"post","link":"https:\/\/www.eldiario.net\/portal\/2024\/07\/24\/estrago-municipal\/","title":{"rendered":"(Es)trago municipal"},"content":{"rendered":"<p>La Sede de Gobierno, a principios de 2024, mostr\u00f3 la incapacidad de las autoridades en gesti\u00f3n de riesgos. Prueba de ello es que la gesti\u00f3n de Iv\u00e1n Arias apenas gast\u00f3 el 4,6% (261,0 millones de Bs) del presupuesto entre los a\u00f1os 2021 y 2023; las gestiones de Luis Revilla, en cambio, gastaron el 7,9% (635,6 millones de Bs) y el 5,1% (612,7 millones de Bs), mostrando de manera clara que es fundamental el gasto en gesti\u00f3n de riesgos. Debemos recalcar que los datos anteriormente expuestos los dio a conocer en sus redes Julio Linares, que ocup\u00f3 la Secretar\u00eda Ejecutiva Municipal a principios de la gesti\u00f3n de Arias y que tambi\u00e9n fue coordinador de su Alianza Por El Bien Com\u00fan Somos Pueblo.<br \/>\nLas lluvias golpearon amplias zonas de la ciudad, siendo las m\u00e1s afectadas Irpavi, Achumani, Amor de Dios y Aranjuez, donde hasta hoy se ven muy pocos avances en la reposici\u00f3n de las \u00e1reas verdes que fueron destruidas por la fuerza de las aguas. Desastre que sirvi\u00f3 tanto para el municipio como para el Gobierno central, de base para propaganda del momento y el nulo trabajo de las obras correspondientes. Algo similar pasa con el peligro del embovedado de San Francisco, que se conoc\u00eda desde el inicio de la gesti\u00f3n y que reci\u00e9n fue prioridad para la administraci\u00f3n de Arias en 2024.<br \/>\nAparte de la p\u00e9sima gesti\u00f3n de riesgos, la improvisaci\u00f3n evidente y el espect\u00e1culo realizado desde el municipio, la administraci\u00f3n de Arias se caracteriza por la corrupci\u00f3n en todos los niveles. Las Loritas demostr\u00f3 la incapacidad de fiscalizaci\u00f3n territorial de las subalcald\u00edas. No podemos olvidar que, por \u00f3rdenes del mism\u00edsimo alcalde, se dio de baja el comunicado que alertaba sobre Las Loritas, tarea que corri\u00f3 a cargo del actual Subalcalde Centro, Rodney Miranda (exsecretario de Culturas), quien tambi\u00e9n es responsable de la destrucci\u00f3n del patrimonio arquitect\u00f3nico y urban\u00edstico de Sopocachi mediante una resoluci\u00f3n basada en un informe elaborado por un arquitecto que no se encuentra colegiado y que no pod\u00eda ejercer en el \u00e1mbito p\u00fablico o privado. Lo mismo puede decirse de la famosa remodelaci\u00f3n de la Plaza Abaroa, que es patrimonial y en la que se cometieron similares vicios para presentarla como una s\u00faper obra de la gesti\u00f3n.<br \/>\nArias es responsable por omisi\u00f3n de la mayor estafa inmobiliaria que se vivi\u00f3 en La Paz, afectando a m\u00e1s de 600 familias. Su gesti\u00f3n tambi\u00e9n foment\u00f3 las edificaciones fuera de norma mediante la ley municipal 467, la nefasta ordenanza municipal 046 (cuya proyectista, la concejal Luc\u00eda Mamani, mencionar\u00eda a la prensa que fue el alcalde quien le entreg\u00f3 dicha ordenanza), el proyecto de ley de viabilidad legislativa al derecho a la edificabilidad que sigue durmiendo en comisi\u00f3n y que sigue siendo un peligro para la ciudad, y el vulgar decreto 034, que daba v\u00eda libre a la construcci\u00f3n sin l\u00edmites y que fue abrogado hace unos d\u00edas.<br \/>\nUn escenario similar de corrupci\u00f3n es el que vemos en la Direcci\u00f3n de Publicidad Urbana, con vallas publicitarias fuera de norma que comenzaron a pulular desde 2021 y que no tributan al municipio por las licencias y patentes, causando un da\u00f1o econ\u00f3mico de m\u00e1s de 7 millones de Bs. Se benefici\u00f3 a unos cuantos y se manipul\u00f3 el sistema G\u00e9nesis II y los conteos correspondientes por cada uno de los puntos de las m\u00e1s de 50 vallas fuera de norma. Son tambi\u00e9n la muestra de que la corrupci\u00f3n rota en el municipio, que los responsables dejan los puestos donde se cometi\u00f3 la tropel\u00eda para ocupar otro puesto rentable. En este caso en particular, dejaron la Direcci\u00f3n de Publicidad Urbana para tomar la Direcci\u00f3n de Mercados, una direcci\u00f3n en la Subalcald\u00eda Sur y, actualmente, ser director de Recursos Humanos. Todo esto con el visto bueno del alcalde Arias. Los hechos de corrupci\u00f3n de las construcciones y vallas publicitarias fuera de norma son conocidos por la poblaci\u00f3n gracias al trabajo fiscalizador desde el Parlamento, llevado a cabo por el diputado Alejandro Reyes, cuyo trabajo nos muestra el m\u00e9todo de mil colores para desfalcar a la ciudad.<br \/>\nAnte el panorama oscuro y sombr\u00edo de la gesti\u00f3n de Iv\u00e1n Arias en la alcald\u00eda, a los ciudadanos nos queda la vigilancia de sus acciones y la denuncia sobre omisiones de sus deberes y obligaciones, para detener el estrago edil.<\/p>\n<p>El autor es polit\u00f3logo.<\/p>\n","protected":false},"excerpt":{"rendered":"<p>La Sede de Gobierno, a principios de 2024, mostr\u00f3 la incapacidad de las autoridades en gesti\u00f3n de riesgos. Prueba de ello es que la gesti\u00f3n de Iv\u00e1n Arias apenas gast\u00f3 el 4,6% (261,0 millones de Bs) del presupuesto entre los a\u00f1os 2021 y 2023; las gestiones de Luis Revilla, en cambio, gastaron el 7,9% (635,6 [&hellip;]<\/p>\n","protected":false},"author":1,"featured_media":160620,"comment_status":"open","ping_status":"open","sticky":false,"template":"","format":"standard","meta":{"_acf_changed":false,"footnotes":""},"categories":[9],"tags":[],"class_list":["post-235996","post","type-post","status-publish","format-standard","has-post-thumbnail","category-opinion"],"acf":{"antetitulo":""},"yoast_head":"<!-- This site is optimized with the Yoast SEO plugin v28.3 - https:\/\/yoast.com\/product\/yoast-seo-wordpress\/ -->\n<title>(Es)trago municipal - El Diario - Bolivia<\/title>\n<meta name=\"robots\" content=\"index, follow, max-snippet:-1, max-image-preview:large, max-video-preview:-1\" \/>\n<link rel=\"canonical\" href=\"https:\/\/www.eldiario.net\/portal\/2024\/07\/24\/estrago-municipal\/\" \/>\n<meta property=\"og:locale\" content=\"es_ES\" \/>\n<meta property=\"og:type\" content=\"article\" \/>\n<meta property=\"og:title\" content=\"(Es)trago municipal - El Diario - Bolivia\" \/>\n<meta property=\"og:description\" content=\"La Sede de Gobierno, a principios de 2024, mostr\u00f3 la incapacidad de las autoridades en gesti\u00f3n de riesgos. Prueba de ello es que la gesti\u00f3n de Iv\u00e1n Arias apenas gast\u00f3 el 4,6% (261,0 millones de Bs) del presupuesto entre los a\u00f1os 2021 y 2023; las gestiones de Luis Revilla, en cambio, gastaron el 7,9% (635,6 [&hellip;]\" \/>\n<meta property=\"og:url\" content=\"https:\/\/www.eldiario.net\/portal\/2024\/07\/24\/estrago-municipal\/\" \/>\n<meta property=\"og:site_name\" content=\"El Diario - Bolivia\" \/>\n<meta property=\"article:publisher\" content=\"https:\/\/www.facebook.com\/eldiario.bolivia\/\" \/>\n<meta property=\"article:published_time\" content=\"2024-07-24T10:27:08+00:00\" \/>\n<meta property=\"og:image\" content=\"https:\/\/www.eldiario.net\/portal\/wp-content\/uploads\/2023\/06\/Jorge-Roberto-Marquez-Meruvia.jpg\" \/>\n\t<meta property=\"og:image:width\" content=\"1200\" \/>\n\t<meta property=\"og:image:height\" content=\"628\" \/>\n\t<meta property=\"og:image:type\" content=\"image\/jpeg\" \/>\n<meta name=\"author\" content=\"Jeanette\" \/>\n<meta name=\"twitter:card\" content=\"summary_large_image\" \/>\n<meta name=\"twitter:creator\" content=\"@eldiario_net\" \/>\n<meta name=\"twitter:site\" content=\"@eldiario_net\" \/>\n<meta name=\"twitter:label1\" content=\"Escrito por\" \/>\n\t<meta name=\"twitter:data1\" content=\"Jeanette\" \/>\n\t<meta name=\"twitter:label2\" content=\"Tiempo de lectura\" \/>\n\t<meta name=\"twitter:data2\" content=\"4 minutos\" \/>\n<script type=\"application\/ld+json\" class=\"yoast-schema-graph\">{\"@context\":\"https:\\\/\\\/schema.org\",\"@graph\":[{\"@type\":\"Article\",\"@id\":\"https:\\\/\\\/www.eldiario.net\\\/portal\\\/2024\\\/07\\\/24\\\/estrago-municipal\\\/#article\",\"isPartOf\":{\"@id\":\"https:\\\/\\\/www.eldiario.net\\\/portal\\\/2024\\\/07\\\/24\\\/estrago-municipal\\\/\"},\"author\":{\"name\":\"Jeanette\",\"@id\":\"https:\\\/\\\/www.eldiario.net\\\/portal\\\/#\\\/schema\\\/person\\\/f46445640444750d7d753ccd04ae01b7\"},\"headline\":\"(Es)trago municipal\",\"datePublished\":\"2024-07-24T10:27:08+00:00\",\"mainEntityOfPage\":{\"@id\":\"https:\\\/\\\/www.eldiario.net\\\/portal\\\/2024\\\/07\\\/24\\\/estrago-municipal\\\/\"},\"wordCount\":768,\"commentCount\":0,\"publisher\":{\"@id\":\"https:\\\/\\\/www.eldiario.net\\\/portal\\\/#organization\"},\"image\":{\"@id\":\"https:\\\/\\\/www.eldiario.net\\\/portal\\\/2024\\\/07\\\/24\\\/estrago-municipal\\\/#primaryimage\"},\"thumbnailUrl\":\"https:\\\/\\\/www.eldiario.net\\\/portal\\\/wp-content\\\/uploads\\\/2023\\\/06\\\/Jorge-Roberto-Marquez-Meruvia.jpg\",\"articleSection\":[\"Opini\u00f3n\"],\"inLanguage\":\"es\",\"potentialAction\":[{\"@type\":\"CommentAction\",\"name\":\"Comment\",\"target\":[\"https:\\\/\\\/www.eldiario.net\\\/portal\\\/2024\\\/07\\\/24\\\/estrago-municipal\\\/#respond\"]}]},{\"@type\":\"WebPage\",\"@id\":\"https:\\\/\\\/www.eldiario.net\\\/portal\\\/2024\\\/07\\\/24\\\/estrago-municipal\\\/\",\"url\":\"https:\\\/\\\/www.eldiario.net\\\/portal\\\/2024\\\/07\\\/24\\\/estrago-municipal\\\/\",\"name\":\"(Es)trago municipal - El Diario - Bolivia\",\"isPartOf\":{\"@id\":\"https:\\\/\\\/www.eldiario.net\\\/portal\\\/#website\"},\"primaryImageOfPage\":{\"@id\":\"https:\\\/\\\/www.eldiario.net\\\/portal\\\/2024\\\/07\\\/24\\\/estrago-municipal\\\/#primaryimage\"},\"image\":{\"@id\":\"https:\\\/\\\/www.eldiario.net\\\/portal\\\/2024\\\/07\\\/24\\\/estrago-municipal\\\/#primaryimage\"},\"thumbnailUrl\":\"https:\\\/\\\/www.eldiario.net\\\/portal\\\/wp-content\\\/uploads\\\/2023\\\/06\\\/Jorge-Roberto-Marquez-Meruvia.jpg\",\"datePublished\":\"2024-07-24T10:27:08+00:00\",\"breadcrumb\":{\"@id\":\"https:\\\/\\\/www.eldiario.net\\\/portal\\\/2024\\\/07\\\/24\\\/estrago-municipal\\\/#breadcrumb\"},\"inLanguage\":\"es\",\"potentialAction\":[{\"@type\":\"ReadAction\",\"target\":[\"https:\\\/\\\/www.eldiario.net\\\/portal\\\/2024\\\/07\\\/24\\\/estrago-municipal\\\/\"]}]},{\"@type\":\"ImageObject\",\"inLanguage\":\"es\",\"@id\":\"https:\\\/\\\/www.eldiario.net\\\/portal\\\/2024\\\/07\\\/24\\\/estrago-municipal\\\/#primaryimage\",\"url\":\"https:\\\/\\\/www.eldiario.net\\\/portal\\\/wp-content\\\/uploads\\\/2023\\\/06\\\/Jorge-Roberto-Marquez-Meruvia.jpg\",\"contentUrl\":\"https:\\\/\\\/www.eldiario.net\\\/portal\\\/wp-content\\\/uploads\\\/2023\\\/06\\\/Jorge-Roberto-Marquez-Meruvia.jpg\",\"width\":1200,\"height\":628,\"caption\":\"Jorge Roberto Marquez Meruvia\"},{\"@type\":\"BreadcrumbList\",\"@id\":\"https:\\\/\\\/www.eldiario.net\\\/portal\\\/2024\\\/07\\\/24\\\/estrago-municipal\\\/#breadcrumb\",\"itemListElement\":[{\"@type\":\"ListItem\",\"position\":1,\"name\":\"Portada\",\"item\":\"https:\\\/\\\/www.eldiario.net\\\/portal\\\/\"},{\"@type\":\"ListItem\",\"position\":2,\"name\":\"(Es)trago municipal\"}]},{\"@type\":\"WebSite\",\"@id\":\"https:\\\/\\\/www.eldiario.net\\\/portal\\\/#website\",\"url\":\"https:\\\/\\\/www.eldiario.net\\\/portal\\\/\",\"name\":\"El Diario - Decano de la prensa nacional\",\"description\":\"El Diario - Decano de la prensa nacional\",\"publisher\":{\"@id\":\"https:\\\/\\\/www.eldiario.net\\\/portal\\\/#organization\"},\"potentialAction\":[{\"@type\":\"SearchAction\",\"target\":{\"@type\":\"EntryPoint\",\"urlTemplate\":\"https:\\\/\\\/www.eldiario.net\\\/portal\\\/?s={search_term_string}\"},\"query-input\":{\"@type\":\"PropertyValueSpecification\",\"valueRequired\":true,\"valueName\":\"search_term_string\"}}],\"inLanguage\":\"es\"},{\"@type\":\"Organization\",\"@id\":\"https:\\\/\\\/www.eldiario.net\\\/portal\\\/#organization\",\"name\":\"El Diario - Decano de la prensa nacional\",\"url\":\"https:\\\/\\\/www.eldiario.net\\\/portal\\\/\",\"logo\":{\"@type\":\"ImageObject\",\"inLanguage\":\"es\",\"@id\":\"https:\\\/\\\/www.eldiario.net\\\/portal\\\/#\\\/schema\\\/logo\\\/image\\\/\",\"url\":\"https:\\\/\\\/www.eldiario.net\\\/portal\\\/wp-content\\\/uploads\\\/2023\\\/07\\\/logo_ED.jpg\",\"contentUrl\":\"https:\\\/\\\/www.eldiario.net\\\/portal\\\/wp-content\\\/uploads\\\/2023\\\/07\\\/logo_ED.jpg\",\"width\":272,\"height\":52,\"caption\":\"El Diario - Decano de la prensa nacional\"},\"image\":{\"@id\":\"https:\\\/\\\/www.eldiario.net\\\/portal\\\/#\\\/schema\\\/logo\\\/image\\\/\"},\"sameAs\":[\"https:\\\/\\\/www.facebook.com\\\/eldiario.bolivia\\\/\",\"https:\\\/\\\/x.com\\\/eldiario_net\"]},{\"@type\":\"Person\",\"@id\":\"https:\\\/\\\/www.eldiario.net\\\/portal\\\/#\\\/schema\\\/person\\\/f46445640444750d7d753ccd04ae01b7\",\"name\":\"Jeanette\",\"image\":{\"@type\":\"ImageObject\",\"inLanguage\":\"es\",\"@id\":\"https:\\\/\\\/secure.gravatar.com\\\/avatar\\\/3ea2118a5f7dad2b7138b1187a6b7ee55f160b9968b66013c3a3ef39dd7e5798?s=96&d=mm&r=g\",\"url\":\"https:\\\/\\\/secure.gravatar.com\\\/avatar\\\/3ea2118a5f7dad2b7138b1187a6b7ee55f160b9968b66013c3a3ef39dd7e5798?s=96&d=mm&r=g\",\"contentUrl\":\"https:\\\/\\\/secure.gravatar.com\\\/avatar\\\/3ea2118a5f7dad2b7138b1187a6b7ee55f160b9968b66013c3a3ef39dd7e5798?s=96&d=mm&r=g\",\"caption\":\"Jeanette\"},\"sameAs\":[\"https:\\\/\\\/www.eldiario.net\\\/portal\"],\"url\":\"https:\\\/\\\/www.eldiario.net\\\/portal\\\/author\\\/jeanette\\\/\"}]}<\/script>\n<!-- \/ Yoast SEO plugin. -->","yoast_head_json":{"title":"(Es)trago municipal - El Diario - Bolivia","robots":{"index":"index","follow":"follow","max-snippet":"max-snippet:-1","max-image-preview":"max-image-preview:large","max-video-preview":"max-video-preview:-1"},"canonical":"https:\/\/www.eldiario.net\/portal\/2024\/07\/24\/estrago-municipal\/","og_locale":"es_ES","og_type":"article","og_title":"(Es)trago municipal - El Diario - Bolivia","og_description":"La Sede de Gobierno, a principios de 2024, mostr\u00f3 la incapacidad de las autoridades en gesti\u00f3n de riesgos. Prueba de ello es que la gesti\u00f3n de Iv\u00e1n Arias apenas gast\u00f3 el 4,6% (261,0 millones de Bs) del presupuesto entre los a\u00f1os 2021 y 2023; las gestiones de Luis Revilla, en cambio, gastaron el 7,9% (635,6 [&hellip;]","og_url":"https:\/\/www.eldiario.net\/portal\/2024\/07\/24\/estrago-municipal\/","og_site_name":"El Diario - Bolivia","article_publisher":"https:\/\/www.facebook.com\/eldiario.bolivia\/","article_published_time":"2024-07-24T10:27:08+00:00","og_image":[{"width":1200,"height":628,"url":"https:\/\/www.eldiario.net\/portal\/wp-content\/uploads\/2023\/06\/Jorge-Roberto-Marquez-Meruvia.jpg","type":"image\/jpeg"}],"author":"Jeanette","twitter_card":"summary_large_image","twitter_creator":"@eldiario_net","twitter_site":"@eldiario_net","twitter_misc":{"Escrito por":"Jeanette","Tiempo de lectura":"4 minutos"},"schema":{"@context":"https:\/\/schema.org","@graph":[{"@type":"Article","@id":"https:\/\/www.eldiario.net\/portal\/2024\/07\/24\/estrago-municipal\/#article","isPartOf":{"@id":"https:\/\/www.eldiario.net\/portal\/2024\/07\/24\/estrago-municipal\/"},"author":{"name":"Jeanette","@id":"https:\/\/www.eldiario.net\/portal\/#\/schema\/person\/f46445640444750d7d753ccd04ae01b7"},"headline":"(Es)trago municipal","datePublished":"2024-07-24T10:27:08+00:00","mainEntityOfPage":{"@id":"https:\/\/www.eldiario.net\/portal\/2024\/07\/24\/estrago-municipal\/"},"wordCount":768,"commentCount":0,"publisher":{"@id":"https:\/\/www.eldiario.net\/portal\/#organization"},"image":{"@id":"https:\/\/www.eldiario.net\/portal\/2024\/07\/24\/estrago-municipal\/#primaryimage"},"thumbnailUrl":"https:\/\/www.eldiario.net\/portal\/wp-content\/uploads\/2023\/06\/Jorge-Roberto-Marquez-Meruvia.jpg","articleSection":["Opini\u00f3n"],"inLanguage":"es","potentialAction":[{"@type":"CommentAction","name":"Comment","target":["https:\/\/www.eldiario.net\/portal\/2024\/07\/24\/estrago-municipal\/#respond"]}]},{"@type":"WebPage","@id":"https:\/\/www.eldiario.net\/portal\/2024\/07\/24\/estrago-municipal\/","url":"https:\/\/www.eldiario.net\/portal\/2024\/07\/24\/estrago-municipal\/","name":"(Es)trago municipal - El Diario - Bolivia","isPartOf":{"@id":"https:\/\/www.eldiario.net\/portal\/#website"},"primaryImageOfPage":{"@id":"https:\/\/www.eldiario.net\/portal\/2024\/07\/24\/estrago-municipal\/#primaryimage"},"image":{"@id":"https:\/\/www.eldiario.net\/portal\/2024\/07\/24\/estrago-municipal\/#primaryimage"},"thumbnailUrl":"https:\/\/www.eldiario.net\/portal\/wp-content\/uploads\/2023\/06\/Jorge-Roberto-Marquez-Meruvia.jpg","datePublished":"2024-07-24T10:27:08+00:00","breadcrumb":{"@id":"https:\/\/www.eldiario.net\/portal\/2024\/07\/24\/estrago-municipal\/#breadcrumb"},"inLanguage":"es","potentialAction":[{"@type":"ReadAction","target":["https:\/\/www.eldiario.net\/portal\/2024\/07\/24\/estrago-municipal\/"]}]},{"@type":"ImageObject","inLanguage":"es","@id":"https:\/\/www.eldiario.net\/portal\/2024\/07\/24\/estrago-municipal\/#primaryimage","url":"https:\/\/www.eldiario.net\/portal\/wp-content\/uploads\/2023\/06\/Jorge-Roberto-Marquez-Meruvia.jpg","contentUrl":"https:\/\/www.eldiario.net\/portal\/wp-content\/uploads\/2023\/06\/Jorge-Roberto-Marquez-Meruvia.jpg","width":1200,"height":628,"caption":"Jorge Roberto Marquez Meruvia"},{"@type":"BreadcrumbList","@id":"https:\/\/www.eldiario.net\/portal\/2024\/07\/24\/estrago-municipal\/#breadcrumb","itemListElement":[{"@type":"ListItem","position":1,"name":"Portada","item":"https:\/\/www.eldiario.net\/portal\/"},{"@type":"ListItem","position":2,"name":"(Es)trago municipal"}]},{"@type":"WebSite","@id":"https:\/\/www.eldiario.net\/portal\/#website","url":"https:\/\/www.eldiario.net\/portal\/","name":"El Diario - Decano de la prensa nacional","description":"El Diario - Decano de la prensa nacional","publisher":{"@id":"https:\/\/www.eldiario.net\/portal\/#organization"},"potentialAction":[{"@type":"SearchAction","target":{"@type":"EntryPoint","urlTemplate":"https:\/\/www.eldiario.net\/portal\/?s={search_term_string}"},"query-input":{"@type":"PropertyValueSpecification","valueRequired":true,"valueName":"search_term_string"}}],"inLanguage":"es"},{"@type":"Organization","@id":"https:\/\/www.eldiario.net\/portal\/#organization","name":"El Diario - Decano de la prensa nacional","url":"https:\/\/www.eldiario.net\/portal\/","logo":{"@type":"ImageObject","inLanguage":"es","@id":"https:\/\/www.eldiario.net\/portal\/#\/schema\/logo\/image\/","url":"https:\/\/www.eldiario.net\/portal\/wp-content\/uploads\/2023\/07\/logo_ED.jpg","contentUrl":"https:\/\/www.eldiario.net\/portal\/wp-content\/uploads\/2023\/07\/logo_ED.jpg","width":272,"height":52,"caption":"El Diario - Decano de la prensa nacional"},"image":{"@id":"https:\/\/www.eldiario.net\/portal\/#\/schema\/logo\/image\/"},"sameAs":["https:\/\/www.facebook.com\/eldiario.bolivia\/","https:\/\/x.com\/eldiario_net"]},{"@type":"Person","@id":"https:\/\/www.eldiario.net\/portal\/#\/schema\/person\/f46445640444750d7d753ccd04ae01b7","name":"Jeanette","image":{"@type":"ImageObject","inLanguage":"es","@id":"https:\/\/secure.gravatar.com\/avatar\/3ea2118a5f7dad2b7138b1187a6b7ee55f160b9968b66013c3a3ef39dd7e5798?s=96&d=mm&r=g","url":"https:\/\/secure.gravatar.com\/avatar\/3ea2118a5f7dad2b7138b1187a6b7ee55f160b9968b66013c3a3ef39dd7e5798?s=96&d=mm&r=g","contentUrl":"https:\/\/secure.gravatar.com\/avatar\/3ea2118a5f7dad2b7138b1187a6b7ee55f160b9968b66013c3a3ef39dd7e5798?s=96&d=mm&r=g","caption":"Jeanette"},"sameAs":["https:\/\/www.eldiario.net\/portal"],"url":"https:\/\/www.eldiario.net\/portal\/author\/jeanette\/"}]}},"_links":{"self":[{"href":"https:\/\/www.eldiario.net\/portal\/wp-json\/wp\/v2\/posts\/235996","targetHints":{"allow":["GET"]}}],"collection":[{"href":"https:\/\/www.eldiario.net\/portal\/wp-json\/wp\/v2\/posts"}],"about":[{"href":"https:\/\/www.eldiario.net\/portal\/wp-json\/wp\/v2\/types\/post"}],"author":[{"embeddable":true,"href":"https:\/\/www.eldiario.net\/portal\/wp-json\/wp\/v2\/users\/1"}],"replies":[{"embeddable":true,"href":"https:\/\/www.eldiario.net\/portal\/wp-json\/wp\/v2\/comments?post=235996"}],"version-history":[{"count":1,"href":"https:\/\/www.eldiario.net\/portal\/wp-json\/wp\/v2\/posts\/235996\/revisions"}],"predecessor-version":[{"id":235997,"href":"https:\/\/www.eldiario.net\/portal\/wp-json\/wp\/v2\/posts\/235996\/revisions\/235997"}],"wp:featuredmedia":[{"embeddable":true,"href":"https:\/\/www.eldiario.net\/portal\/wp-json\/wp\/v2\/media\/160620"}],"wp:attachment":[{"href":"https:\/\/www.eldiario.net\/portal\/wp-json\/wp\/v2\/media?parent=235996"}],"wp:term":[{"taxonomy":"category","embeddable":true,"href":"https:\/\/www.eldiario.net\/portal\/wp-json\/wp\/v2\/categories?post=235996"},{"taxonomy":"post_tag","embeddable":true,"href":"https:\/\/www.eldiario.net\/portal\/wp-json\/wp\/v2\/tags?post=235996"}],"curies":[{"name":"wp","href":"https:\/\/api.w.org\/{rel}","templated":true}]}}