{"id":235988,"date":"2024-07-24T06:25:32","date_gmt":"2024-07-24T10:25:32","guid":{"rendered":"https:\/\/www.eldiario.net\/portal\/?p=235988"},"modified":"2024-07-24T06:25:32","modified_gmt":"2024-07-24T10:25:32","slug":"anuncian-distribucion-controlada-de-diesel-y-buscan-imponer-modelo-venezolano","status":"publish","type":"post","link":"https:\/\/www.eldiario.net\/portal\/2024\/07\/24\/anuncian-distribucion-controlada-de-diesel-y-buscan-imponer-modelo-venezolano\/","title":{"rendered":"Anuncian distribuci\u00f3n controlada de di\u00e9sel y buscan imponer modelo venezolano"},"content":{"rendered":"<p>Ante la falta de di\u00e9sel en el mercado interno, autoridades del sector energ\u00e9tico anunciaron una distribuci\u00f3n controlada para mejorar la eficiencia y evitar filas; sin embargo, la medida ya fue criticada y se\u00f1alan que la receta no es m\u00e1s un modelo venezolano, con resultados p\u00e9simos.<br \/>\nAnte el d\u00e9ficit de di\u00e9sel en el mercado interno de 22%, debido a problemas log\u00edsticos y fen\u00f3menos clim\u00e1ticos, debido a la mala gesti\u00f3n de la estatal petrolera por no tomar previsiones y realizar las inversiones correspondientes para asegurar la descarga de combustible en el puerto chileno de Arica, ahora la Agencia Nacional de Hidrocarburos (ANH) anunci\u00f3 ayer la ejecuci\u00f3n de una \u201credistribuci\u00f3n\u201d del carburante de manera \u201ceficiente\u201d a nivel nacional.<br \/>\nEl director ejecutivo de la Agencia, Germ\u00e1n Jim\u00e9nez, explic\u00f3 que el plan contempla \u201cuna distribuci\u00f3n controlada\u201d del carburante para reducir la afluencia de veh\u00edculos en surtidores como Volc\u00e1n, en La Paz, donde se concentran los buses de transporte interdepartamental, de acuerdo a un reporte de Unitel.<br \/>\nAnte ese anunci\u00f3 por parte de las autoridades del sector regulador, el exministro de Hidrocarburos, \u00c1lvaro R\u00edos, escribi\u00f3 en su cuenta @alvaroriosroca, que \u201clos bolivianos no queremos plan de abastecimiento de energ\u00eda controlado como en Cuba y Venezuela\u201d.<br \/>\nEn Venezuela se aplica desde junio de 2020 un plan para el suministro de combustible. Seg\u00fan El Diario, los due\u00f1os de veh\u00edculos tienen un cupo de 120 litros de combustible todos los meses, mientras que para las motos se permite surtir 60 litros, seg\u00fan reporta Unitel.<\/p>\n<p>Plan<br \/>\nAyer, autoridades de la Agencia Nacional de Hidrocarburos (ANH), la Autoridad de Regulaci\u00f3n y Fiscalizaci\u00f3n de Telecomunicaciones y Transportes (ATT) y de la Terminal de Buses de La Paz iniciaron las mesas de trabajo, bajo el \u201cplan de abastecimiento controlado\u201d, que busca evitar las filas de buses en el surtidor \u201cVolc\u00e1n\u201d, por ejemplo, ubicado en la avenida Montes de la ciudad de La Paz, report\u00f3 ABI.<br \/>\nJim\u00e9nez dijo que el \u201cplan de abastecimiento controlado\u201d es para dar prioridad al servicio p\u00fablico, emergencias, transporte urbano, interdepartamental y productivo.<br \/>\n\u201cNecesitamos tener el abastecimiento controlado para todos los sectores. Necesitamos tener una distribuci\u00f3n equitativa y garantizar el abastecimiento al mercado interno\u201d, sostuvo e indic\u00f3 que para ello se instruy\u00f3 a los directores departamentales a que se re\u00fanan con los sectores afectados.<br \/>\nEl director de la ATT, N\u00e9stor R\u00edos, se\u00f1ala que el transporte departamental \u201cva a recibir informaci\u00f3n en las terminales, en coordinaci\u00f3n con la ANH, respecto al cargu\u00edo de combustible de manera eficiente y al momento, al instante\u201d.<\/p>\n<p>Puerto<br \/>\nEn el puerto chileno de Arica no se reciben los barcos con combustibles, debido a que YPFB tiene un puerto para la descarga, pero como no se hicieron las inversiones correspondientes en tecnolog\u00eda, la empresa estatal no puede recibir el combustible.<br \/>\nEs verdad que en la \u00e9poca de invierno se registran marejadas en los puertos, pero la empresa que administr\u00f3 la terminal realiz\u00f3 inversiones en tecnolog\u00eda para prevenir y mitigar las marejadas.<br \/>\nLamentablemente esa gesti\u00f3n no hizo YPFB, no acudi\u00f3 a la tecnolog\u00eda para prevenir los efectos de las condiciones clim\u00e1ticas.<\/p>\n","protected":false},"excerpt":{"rendered":"<p>Ante la falta de di\u00e9sel en el mercado interno, autoridades del sector energ\u00e9tico anunciaron una distribuci\u00f3n controlada para mejorar la eficiencia y evitar filas; sin embargo, la medida ya fue criticada y se\u00f1alan que la receta no es m\u00e1s un modelo venezolano, con resultados p\u00e9simos. Ante el d\u00e9ficit de di\u00e9sel en el mercado interno de [&hellip;]<\/p>\n","protected":false},"author":1,"featured_media":235989,"comment_status":"open","ping_status":"open","sticky":false,"template":"","format":"standard","meta":{"_acf_changed":false,"footnotes":""},"categories":[7],"tags":[],"class_list":["post-235988","post","type-post","status-publish","format-standard","has-post-thumbnail","category-economia"],"acf":{"antetitulo":""},"yoast_head":"<!-- This site is optimized with the Yoast SEO plugin v28.3 - https:\/\/yoast.com\/product\/yoast-seo-wordpress\/ -->\n<title>Anuncian distribuci\u00f3n controlada de di\u00e9sel y buscan imponer modelo venezolano - El Diario - Bolivia<\/title>\n<meta name=\"robots\" content=\"index, follow, max-snippet:-1, max-image-preview:large, max-video-preview:-1\" \/>\n<link rel=\"canonical\" href=\"https:\/\/www.eldiario.net\/portal\/2024\/07\/24\/anuncian-distribucion-controlada-de-diesel-y-buscan-imponer-modelo-venezolano\/\" \/>\n<meta property=\"og:locale\" content=\"es_ES\" \/>\n<meta property=\"og:type\" content=\"article\" \/>\n<meta property=\"og:title\" content=\"Anuncian distribuci\u00f3n controlada de di\u00e9sel y buscan imponer modelo venezolano - El Diario - Bolivia\" \/>\n<meta property=\"og:description\" content=\"Ante la falta de di\u00e9sel en el mercado interno, autoridades del sector energ\u00e9tico anunciaron una distribuci\u00f3n controlada para mejorar la eficiencia y evitar filas; sin embargo, la medida ya fue criticada y se\u00f1alan que la receta no es m\u00e1s un modelo venezolano, con resultados p\u00e9simos. Ante el d\u00e9ficit de di\u00e9sel en el mercado interno de [&hellip;]\" \/>\n<meta property=\"og:url\" content=\"https:\/\/www.eldiario.net\/portal\/2024\/07\/24\/anuncian-distribucion-controlada-de-diesel-y-buscan-imponer-modelo-venezolano\/\" \/>\n<meta property=\"og:site_name\" content=\"El Diario - Bolivia\" \/>\n<meta property=\"article:publisher\" content=\"https:\/\/www.facebook.com\/eldiario.bolivia\/\" \/>\n<meta property=\"article:published_time\" content=\"2024-07-24T10:25:32+00:00\" \/>\n<meta property=\"og:image\" content=\"https:\/\/www.eldiario.net\/portal\/wp-content\/uploads\/2024\/07\/CONTOL.jpg\" \/>\n\t<meta property=\"og:image:width\" content=\"720\" \/>\n\t<meta property=\"og:image:height\" content=\"400\" \/>\n\t<meta property=\"og:image:type\" content=\"image\/jpeg\" \/>\n<meta name=\"author\" content=\"Jeanette\" \/>\n<meta name=\"twitter:card\" content=\"summary_large_image\" \/>\n<meta name=\"twitter:creator\" content=\"@eldiario_net\" \/>\n<meta name=\"twitter:site\" content=\"@eldiario_net\" \/>\n<meta name=\"twitter:label1\" content=\"Escrito por\" \/>\n\t<meta name=\"twitter:data1\" content=\"Jeanette\" \/>\n\t<meta name=\"twitter:label2\" content=\"Tiempo de lectura\" \/>\n\t<meta name=\"twitter:data2\" content=\"3 minutos\" \/>\n<script type=\"application\/ld+json\" class=\"yoast-schema-graph\">{\"@context\":\"https:\\\/\\\/schema.org\",\"@graph\":[{\"@type\":\"Article\",\"@id\":\"https:\\\/\\\/www.eldiario.net\\\/portal\\\/2024\\\/07\\\/24\\\/anuncian-distribucion-controlada-de-diesel-y-buscan-imponer-modelo-venezolano\\\/#article\",\"isPartOf\":{\"@id\":\"https:\\\/\\\/www.eldiario.net\\\/portal\\\/2024\\\/07\\\/24\\\/anuncian-distribucion-controlada-de-diesel-y-buscan-imponer-modelo-venezolano\\\/\"},\"author\":{\"name\":\"Jeanette\",\"@id\":\"https:\\\/\\\/www.eldiario.net\\\/portal\\\/#\\\/schema\\\/person\\\/f46445640444750d7d753ccd04ae01b7\"},\"headline\":\"Anuncian distribuci\u00f3n controlada de di\u00e9sel y buscan imponer modelo venezolano\",\"datePublished\":\"2024-07-24T10:25:32+00:00\",\"mainEntityOfPage\":{\"@id\":\"https:\\\/\\\/www.eldiario.net\\\/portal\\\/2024\\\/07\\\/24\\\/anuncian-distribucion-controlada-de-diesel-y-buscan-imponer-modelo-venezolano\\\/\"},\"wordCount\":554,\"commentCount\":0,\"publisher\":{\"@id\":\"https:\\\/\\\/www.eldiario.net\\\/portal\\\/#organization\"},\"image\":{\"@id\":\"https:\\\/\\\/www.eldiario.net\\\/portal\\\/2024\\\/07\\\/24\\\/anuncian-distribucion-controlada-de-diesel-y-buscan-imponer-modelo-venezolano\\\/#primaryimage\"},\"thumbnailUrl\":\"https:\\\/\\\/www.eldiario.net\\\/portal\\\/wp-content\\\/uploads\\\/2024\\\/07\\\/CONTOL.jpg\",\"articleSection\":[\"Econom\u00eda\"],\"inLanguage\":\"es\",\"potentialAction\":[{\"@type\":\"CommentAction\",\"name\":\"Comment\",\"target\":[\"https:\\\/\\\/www.eldiario.net\\\/portal\\\/2024\\\/07\\\/24\\\/anuncian-distribucion-controlada-de-diesel-y-buscan-imponer-modelo-venezolano\\\/#respond\"]}]},{\"@type\":\"WebPage\",\"@id\":\"https:\\\/\\\/www.eldiario.net\\\/portal\\\/2024\\\/07\\\/24\\\/anuncian-distribucion-controlada-de-diesel-y-buscan-imponer-modelo-venezolano\\\/\",\"url\":\"https:\\\/\\\/www.eldiario.net\\\/portal\\\/2024\\\/07\\\/24\\\/anuncian-distribucion-controlada-de-diesel-y-buscan-imponer-modelo-venezolano\\\/\",\"name\":\"Anuncian distribuci\u00f3n controlada de di\u00e9sel y buscan imponer modelo venezolano - El Diario - Bolivia\",\"isPartOf\":{\"@id\":\"https:\\\/\\\/www.eldiario.net\\\/portal\\\/#website\"},\"primaryImageOfPage\":{\"@id\":\"https:\\\/\\\/www.eldiario.net\\\/portal\\\/2024\\\/07\\\/24\\\/anuncian-distribucion-controlada-de-diesel-y-buscan-imponer-modelo-venezolano\\\/#primaryimage\"},\"image\":{\"@id\":\"https:\\\/\\\/www.eldiario.net\\\/portal\\\/2024\\\/07\\\/24\\\/anuncian-distribucion-controlada-de-diesel-y-buscan-imponer-modelo-venezolano\\\/#primaryimage\"},\"thumbnailUrl\":\"https:\\\/\\\/www.eldiario.net\\\/portal\\\/wp-content\\\/uploads\\\/2024\\\/07\\\/CONTOL.jpg\",\"datePublished\":\"2024-07-24T10:25:32+00:00\",\"breadcrumb\":{\"@id\":\"https:\\\/\\\/www.eldiario.net\\\/portal\\\/2024\\\/07\\\/24\\\/anuncian-distribucion-controlada-de-diesel-y-buscan-imponer-modelo-venezolano\\\/#breadcrumb\"},\"inLanguage\":\"es\",\"potentialAction\":[{\"@type\":\"ReadAction\",\"target\":[\"https:\\\/\\\/www.eldiario.net\\\/portal\\\/2024\\\/07\\\/24\\\/anuncian-distribucion-controlada-de-diesel-y-buscan-imponer-modelo-venezolano\\\/\"]}]},{\"@type\":\"ImageObject\",\"inLanguage\":\"es\",\"@id\":\"https:\\\/\\\/www.eldiario.net\\\/portal\\\/2024\\\/07\\\/24\\\/anuncian-distribucion-controlada-de-diesel-y-buscan-imponer-modelo-venezolano\\\/#primaryimage\",\"url\":\"https:\\\/\\\/www.eldiario.net\\\/portal\\\/wp-content\\\/uploads\\\/2024\\\/07\\\/CONTOL.jpg\",\"contentUrl\":\"https:\\\/\\\/www.eldiario.net\\\/portal\\\/wp-content\\\/uploads\\\/2024\\\/07\\\/CONTOL.jpg\",\"width\":720,\"height\":400,\"caption\":\"autoridades en conferencia de prensA.\"},{\"@type\":\"BreadcrumbList\",\"@id\":\"https:\\\/\\\/www.eldiario.net\\\/portal\\\/2024\\\/07\\\/24\\\/anuncian-distribucion-controlada-de-diesel-y-buscan-imponer-modelo-venezolano\\\/#breadcrumb\",\"itemListElement\":[{\"@type\":\"ListItem\",\"position\":1,\"name\":\"Portada\",\"item\":\"https:\\\/\\\/www.eldiario.net\\\/portal\\\/\"},{\"@type\":\"ListItem\",\"position\":2,\"name\":\"Anuncian distribuci\u00f3n controlada de di\u00e9sel y buscan imponer modelo venezolano\"}]},{\"@type\":\"WebSite\",\"@id\":\"https:\\\/\\\/www.eldiario.net\\\/portal\\\/#website\",\"url\":\"https:\\\/\\\/www.eldiario.net\\\/portal\\\/\",\"name\":\"El Diario - Decano de la prensa nacional\",\"description\":\"El Diario - Decano de la prensa nacional\",\"publisher\":{\"@id\":\"https:\\\/\\\/www.eldiario.net\\\/portal\\\/#organization\"},\"potentialAction\":[{\"@type\":\"SearchAction\",\"target\":{\"@type\":\"EntryPoint\",\"urlTemplate\":\"https:\\\/\\\/www.eldiario.net\\\/portal\\\/?s={search_term_string}\"},\"query-input\":{\"@type\":\"PropertyValueSpecification\",\"valueRequired\":true,\"valueName\":\"search_term_string\"}}],\"inLanguage\":\"es\"},{\"@type\":\"Organization\",\"@id\":\"https:\\\/\\\/www.eldiario.net\\\/portal\\\/#organization\",\"name\":\"El Diario - Decano de la prensa nacional\",\"url\":\"https:\\\/\\\/www.eldiario.net\\\/portal\\\/\",\"logo\":{\"@type\":\"ImageObject\",\"inLanguage\":\"es\",\"@id\":\"https:\\\/\\\/www.eldiario.net\\\/portal\\\/#\\\/schema\\\/logo\\\/image\\\/\",\"url\":\"https:\\\/\\\/www.eldiario.net\\\/portal\\\/wp-content\\\/uploads\\\/2023\\\/07\\\/logo_ED.jpg\",\"contentUrl\":\"https:\\\/\\\/www.eldiario.net\\\/portal\\\/wp-content\\\/uploads\\\/2023\\\/07\\\/logo_ED.jpg\",\"width\":272,\"height\":52,\"caption\":\"El Diario - Decano de la prensa nacional\"},\"image\":{\"@id\":\"https:\\\/\\\/www.eldiario.net\\\/portal\\\/#\\\/schema\\\/logo\\\/image\\\/\"},\"sameAs\":[\"https:\\\/\\\/www.facebook.com\\\/eldiario.bolivia\\\/\",\"https:\\\/\\\/x.com\\\/eldiario_net\"]},{\"@type\":\"Person\",\"@id\":\"https:\\\/\\\/www.eldiario.net\\\/portal\\\/#\\\/schema\\\/person\\\/f46445640444750d7d753ccd04ae01b7\",\"name\":\"Jeanette\",\"image\":{\"@type\":\"ImageObject\",\"inLanguage\":\"es\",\"@id\":\"https:\\\/\\\/secure.gravatar.com\\\/avatar\\\/3ea2118a5f7dad2b7138b1187a6b7ee55f160b9968b66013c3a3ef39dd7e5798?s=96&d=mm&r=g\",\"url\":\"https:\\\/\\\/secure.gravatar.com\\\/avatar\\\/3ea2118a5f7dad2b7138b1187a6b7ee55f160b9968b66013c3a3ef39dd7e5798?s=96&d=mm&r=g\",\"contentUrl\":\"https:\\\/\\\/secure.gravatar.com\\\/avatar\\\/3ea2118a5f7dad2b7138b1187a6b7ee55f160b9968b66013c3a3ef39dd7e5798?s=96&d=mm&r=g\",\"caption\":\"Jeanette\"},\"sameAs\":[\"https:\\\/\\\/www.eldiario.net\\\/portal\"],\"url\":\"https:\\\/\\\/www.eldiario.net\\\/portal\\\/author\\\/jeanette\\\/\"}]}<\/script>\n<!-- \/ Yoast SEO plugin. -->","yoast_head_json":{"title":"Anuncian distribuci\u00f3n controlada de di\u00e9sel y buscan imponer modelo venezolano - El Diario - Bolivia","robots":{"index":"index","follow":"follow","max-snippet":"max-snippet:-1","max-image-preview":"max-image-preview:large","max-video-preview":"max-video-preview:-1"},"canonical":"https:\/\/www.eldiario.net\/portal\/2024\/07\/24\/anuncian-distribucion-controlada-de-diesel-y-buscan-imponer-modelo-venezolano\/","og_locale":"es_ES","og_type":"article","og_title":"Anuncian distribuci\u00f3n controlada de di\u00e9sel y buscan imponer modelo venezolano - El Diario - Bolivia","og_description":"Ante la falta de di\u00e9sel en el mercado interno, autoridades del sector energ\u00e9tico anunciaron una distribuci\u00f3n controlada para mejorar la eficiencia y evitar filas; sin embargo, la medida ya fue criticada y se\u00f1alan que la receta no es m\u00e1s un modelo venezolano, con resultados p\u00e9simos. Ante el d\u00e9ficit de di\u00e9sel en el mercado interno de [&hellip;]","og_url":"https:\/\/www.eldiario.net\/portal\/2024\/07\/24\/anuncian-distribucion-controlada-de-diesel-y-buscan-imponer-modelo-venezolano\/","og_site_name":"El Diario - Bolivia","article_publisher":"https:\/\/www.facebook.com\/eldiario.bolivia\/","article_published_time":"2024-07-24T10:25:32+00:00","og_image":[{"width":720,"height":400,"url":"https:\/\/www.eldiario.net\/portal\/wp-content\/uploads\/2024\/07\/CONTOL.jpg","type":"image\/jpeg"}],"author":"Jeanette","twitter_card":"summary_large_image","twitter_creator":"@eldiario_net","twitter_site":"@eldiario_net","twitter_misc":{"Escrito por":"Jeanette","Tiempo de lectura":"3 minutos"},"schema":{"@context":"https:\/\/schema.org","@graph":[{"@type":"Article","@id":"https:\/\/www.eldiario.net\/portal\/2024\/07\/24\/anuncian-distribucion-controlada-de-diesel-y-buscan-imponer-modelo-venezolano\/#article","isPartOf":{"@id":"https:\/\/www.eldiario.net\/portal\/2024\/07\/24\/anuncian-distribucion-controlada-de-diesel-y-buscan-imponer-modelo-venezolano\/"},"author":{"name":"Jeanette","@id":"https:\/\/www.eldiario.net\/portal\/#\/schema\/person\/f46445640444750d7d753ccd04ae01b7"},"headline":"Anuncian distribuci\u00f3n controlada de di\u00e9sel y buscan imponer modelo venezolano","datePublished":"2024-07-24T10:25:32+00:00","mainEntityOfPage":{"@id":"https:\/\/www.eldiario.net\/portal\/2024\/07\/24\/anuncian-distribucion-controlada-de-diesel-y-buscan-imponer-modelo-venezolano\/"},"wordCount":554,"commentCount":0,"publisher":{"@id":"https:\/\/www.eldiario.net\/portal\/#organization"},"image":{"@id":"https:\/\/www.eldiario.net\/portal\/2024\/07\/24\/anuncian-distribucion-controlada-de-diesel-y-buscan-imponer-modelo-venezolano\/#primaryimage"},"thumbnailUrl":"https:\/\/www.eldiario.net\/portal\/wp-content\/uploads\/2024\/07\/CONTOL.jpg","articleSection":["Econom\u00eda"],"inLanguage":"es","potentialAction":[{"@type":"CommentAction","name":"Comment","target":["https:\/\/www.eldiario.net\/portal\/2024\/07\/24\/anuncian-distribucion-controlada-de-diesel-y-buscan-imponer-modelo-venezolano\/#respond"]}]},{"@type":"WebPage","@id":"https:\/\/www.eldiario.net\/portal\/2024\/07\/24\/anuncian-distribucion-controlada-de-diesel-y-buscan-imponer-modelo-venezolano\/","url":"https:\/\/www.eldiario.net\/portal\/2024\/07\/24\/anuncian-distribucion-controlada-de-diesel-y-buscan-imponer-modelo-venezolano\/","name":"Anuncian distribuci\u00f3n controlada de di\u00e9sel y buscan imponer modelo venezolano - El Diario - Bolivia","isPartOf":{"@id":"https:\/\/www.eldiario.net\/portal\/#website"},"primaryImageOfPage":{"@id":"https:\/\/www.eldiario.net\/portal\/2024\/07\/24\/anuncian-distribucion-controlada-de-diesel-y-buscan-imponer-modelo-venezolano\/#primaryimage"},"image":{"@id":"https:\/\/www.eldiario.net\/portal\/2024\/07\/24\/anuncian-distribucion-controlada-de-diesel-y-buscan-imponer-modelo-venezolano\/#primaryimage"},"thumbnailUrl":"https:\/\/www.eldiario.net\/portal\/wp-content\/uploads\/2024\/07\/CONTOL.jpg","datePublished":"2024-07-24T10:25:32+00:00","breadcrumb":{"@id":"https:\/\/www.eldiario.net\/portal\/2024\/07\/24\/anuncian-distribucion-controlada-de-diesel-y-buscan-imponer-modelo-venezolano\/#breadcrumb"},"inLanguage":"es","potentialAction":[{"@type":"ReadAction","target":["https:\/\/www.eldiario.net\/portal\/2024\/07\/24\/anuncian-distribucion-controlada-de-diesel-y-buscan-imponer-modelo-venezolano\/"]}]},{"@type":"ImageObject","inLanguage":"es","@id":"https:\/\/www.eldiario.net\/portal\/2024\/07\/24\/anuncian-distribucion-controlada-de-diesel-y-buscan-imponer-modelo-venezolano\/#primaryimage","url":"https:\/\/www.eldiario.net\/portal\/wp-content\/uploads\/2024\/07\/CONTOL.jpg","contentUrl":"https:\/\/www.eldiario.net\/portal\/wp-content\/uploads\/2024\/07\/CONTOL.jpg","width":720,"height":400,"caption":"autoridades en conferencia de prensA."},{"@type":"BreadcrumbList","@id":"https:\/\/www.eldiario.net\/portal\/2024\/07\/24\/anuncian-distribucion-controlada-de-diesel-y-buscan-imponer-modelo-venezolano\/#breadcrumb","itemListElement":[{"@type":"ListItem","position":1,"name":"Portada","item":"https:\/\/www.eldiario.net\/portal\/"},{"@type":"ListItem","position":2,"name":"Anuncian distribuci\u00f3n controlada de di\u00e9sel y buscan imponer modelo venezolano"}]},{"@type":"WebSite","@id":"https:\/\/www.eldiario.net\/portal\/#website","url":"https:\/\/www.eldiario.net\/portal\/","name":"El Diario - Decano de la prensa nacional","description":"El Diario - Decano de la prensa nacional","publisher":{"@id":"https:\/\/www.eldiario.net\/portal\/#organization"},"potentialAction":[{"@type":"SearchAction","target":{"@type":"EntryPoint","urlTemplate":"https:\/\/www.eldiario.net\/portal\/?s={search_term_string}"},"query-input":{"@type":"PropertyValueSpecification","valueRequired":true,"valueName":"search_term_string"}}],"inLanguage":"es"},{"@type":"Organization","@id":"https:\/\/www.eldiario.net\/portal\/#organization","name":"El Diario - Decano de la prensa nacional","url":"https:\/\/www.eldiario.net\/portal\/","logo":{"@type":"ImageObject","inLanguage":"es","@id":"https:\/\/www.eldiario.net\/portal\/#\/schema\/logo\/image\/","url":"https:\/\/www.eldiario.net\/portal\/wp-content\/uploads\/2023\/07\/logo_ED.jpg","contentUrl":"https:\/\/www.eldiario.net\/portal\/wp-content\/uploads\/2023\/07\/logo_ED.jpg","width":272,"height":52,"caption":"El Diario - Decano de la prensa nacional"},"image":{"@id":"https:\/\/www.eldiario.net\/portal\/#\/schema\/logo\/image\/"},"sameAs":["https:\/\/www.facebook.com\/eldiario.bolivia\/","https:\/\/x.com\/eldiario_net"]},{"@type":"Person","@id":"https:\/\/www.eldiario.net\/portal\/#\/schema\/person\/f46445640444750d7d753ccd04ae01b7","name":"Jeanette","image":{"@type":"ImageObject","inLanguage":"es","@id":"https:\/\/secure.gravatar.com\/avatar\/3ea2118a5f7dad2b7138b1187a6b7ee55f160b9968b66013c3a3ef39dd7e5798?s=96&d=mm&r=g","url":"https:\/\/secure.gravatar.com\/avatar\/3ea2118a5f7dad2b7138b1187a6b7ee55f160b9968b66013c3a3ef39dd7e5798?s=96&d=mm&r=g","contentUrl":"https:\/\/secure.gravatar.com\/avatar\/3ea2118a5f7dad2b7138b1187a6b7ee55f160b9968b66013c3a3ef39dd7e5798?s=96&d=mm&r=g","caption":"Jeanette"},"sameAs":["https:\/\/www.eldiario.net\/portal"],"url":"https:\/\/www.eldiario.net\/portal\/author\/jeanette\/"}]}},"_links":{"self":[{"href":"https:\/\/www.eldiario.net\/portal\/wp-json\/wp\/v2\/posts\/235988","targetHints":{"allow":["GET"]}}],"collection":[{"href":"https:\/\/www.eldiario.net\/portal\/wp-json\/wp\/v2\/posts"}],"about":[{"href":"https:\/\/www.eldiario.net\/portal\/wp-json\/wp\/v2\/types\/post"}],"author":[{"embeddable":true,"href":"https:\/\/www.eldiario.net\/portal\/wp-json\/wp\/v2\/users\/1"}],"replies":[{"embeddable":true,"href":"https:\/\/www.eldiario.net\/portal\/wp-json\/wp\/v2\/comments?post=235988"}],"version-history":[{"count":1,"href":"https:\/\/www.eldiario.net\/portal\/wp-json\/wp\/v2\/posts\/235988\/revisions"}],"predecessor-version":[{"id":235990,"href":"https:\/\/www.eldiario.net\/portal\/wp-json\/wp\/v2\/posts\/235988\/revisions\/235990"}],"wp:featuredmedia":[{"embeddable":true,"href":"https:\/\/www.eldiario.net\/portal\/wp-json\/wp\/v2\/media\/235989"}],"wp:attachment":[{"href":"https:\/\/www.eldiario.net\/portal\/wp-json\/wp\/v2\/media?parent=235988"}],"wp:term":[{"taxonomy":"category","embeddable":true,"href":"https:\/\/www.eldiario.net\/portal\/wp-json\/wp\/v2\/categories?post=235988"},{"taxonomy":"post_tag","embeddable":true,"href":"https:\/\/www.eldiario.net\/portal\/wp-json\/wp\/v2\/tags?post=235988"}],"curies":[{"name":"wp","href":"https:\/\/api.w.org\/{rel}","templated":true}]}}