{"id":235985,"date":"2024-07-24T06:24:45","date_gmt":"2024-07-24T10:24:45","guid":{"rendered":"https:\/\/www.eldiario.net\/portal\/?p=235985"},"modified":"2024-07-24T06:24:45","modified_gmt":"2024-07-24T10:24:45","slug":"llega-dia-nacional-de-trigo-con-caida-del-60-de-su-produccion","status":"publish","type":"post","link":"https:\/\/www.eldiario.net\/portal\/2024\/07\/24\/llega-dia-nacional-de-trigo-con-caida-del-60-de-su-produccion\/","title":{"rendered":"Llega D\u00eda Nacional de Trigo con ca\u00edda del 60% de su producci\u00f3n"},"content":{"rendered":"<p>La dura sequ\u00eda afect\u00f3 al agro este a\u00f1o y caus\u00f3 una reducci\u00f3n de la producci\u00f3n de trigo de al menos 60%, seg\u00fan datos de la Asociaci\u00f3n de Productores de Oleaginosas y Trigo (Anapo). A pesar de ello, para seguir incentivando la siembra de este producto clave para la alimentaci\u00f3n de la poblaci\u00f3n y las pr\u00e1cticas agr\u00edcolas para su cultivo bajo un enfoque de manejo sostenible, el viernes 26 de julio, los agricultores de Santa Cruz conmemorar\u00e1n la versi\u00f3n 31 del D\u00eda Nacional del Trigo con un evento tecnol\u00f3gico en la localidad de Okinawa 1, considerada la capital triguera de Bolivia.<br \/>\nLa actividad es organizada para generar un escenario de difusi\u00f3n, donde los productores trigueros observen los avances tecnol\u00f3gicos que pueden mejorar su productividad y aumentar su producci\u00f3n.<br \/>\n\u201cPodr\u00e1n ver, en parcelas demostrativas en campo, las nuevas variedades de trigo que ser\u00e1n liberadas al mercado, nuevos h\u00edbridos de sorgo como cultivo de rotaci\u00f3n, manejo de suelos, fertilizaci\u00f3n de base con urea, recomendaciones de nutrici\u00f3n de cultivos y paquetes tecnol\u00f3gicos de casas comerciales\u201d, inform\u00f3 el presidente de Anapo, Fernando Romero.<br \/>\nEn una conferencia de prensa que ofreci\u00f3 Anapo ayer, su presidente indic\u00f3 que se espera contar con la asistencia de al menos 2.000 agricultores de las distintas zonas de producci\u00f3n de Santa Cruz. Tambi\u00e9n asistir\u00e1n autoridades nacionales, departamentales y municipales, adem\u00e1s de representantes de los actores de la cadena productiva de alimentos, como la industria molinera, panificadores, transporte, y proveedores de insumos y maquinarias, entre otros.<br \/>\nEsfuerzos por una mayor producci\u00f3n<br \/>\nEn cuanto al avance de la producci\u00f3n de trigo en el pa\u00eds, Romero destac\u00f3 que \u201cdesde los 90, los productores soyeros adoptan tecnolog\u00edas conservacionistas como el sistema de siembra directa\u201d.<br \/>\nEse m\u00e9todo se basa en la labranza sin remoci\u00f3n del suelo y la pr\u00e1ctica de rotaci\u00f3n de cultivos, donde el trigo es uno de los principales productos despu\u00e9s del sorgo y el girasol. \u201cEsto demuestra un compromiso firme con la sostenibilidad agr\u00edcola\u201d, asever\u00f3 el l\u00edder de Anapo.<br \/>\nEn la campa\u00f1a de invierno de 2023, los agricultores de Santa Cruz sembraron 856 mil hect\u00e1reas con cultivos de rotaci\u00f3n como trigo, sorgo, girasol, ma\u00edz y ch\u00eda, que representan el 70% de la superficie sembrada en esa campa\u00f1a.<br \/>\nRomero se\u00f1al\u00f3 que, \u201cel a\u00f1o pasado, los productores tuvieron una importante producci\u00f3n en la campa\u00f1a de invierno, con m\u00e1s de 2 millones de toneladas de granos producidos, incluyendo sorgo, girasol, trigo, ma\u00edz y ch\u00eda\u201d.<br \/>\nDurante la campa\u00f1a agr\u00edcola de invierno 2024, la producci\u00f3n de trigo tuvo de nuevo una fuerte ca\u00edda. Fueron sembradas solo 77.000 hect\u00e1reas de las cuales se prev\u00e9 una producci\u00f3n menor a 57.000 toneladas, la m\u00e1s baja de los \u00faltimos 20 a\u00f1os de producci\u00f3n triguera en Santa Cruz.<br \/>\n\u201cSi no se toma decisiones ahora, que promuevan el uso de biotecnolog\u00eda en beneficio de la producci\u00f3n y de la seguridad alimentaria del pa\u00eds, lo m\u00e1s probable es que la producci\u00f3n de trigo siga en descenso durante los siguientes a\u00f1os. Y esto ahondar\u00e1 nuestra dependencia de la importaci\u00f3n o del contrabando, principalmente de la Argentina, que es el principal proveedor de harina y trigo para abastecer la demanda del mercado interno\u201d. As\u00ed lo remarc\u00f3 Romero, al ser consultado por la proyecci\u00f3n para los siguientes a\u00f1os, tomando en cuenta los pron\u00f3sticos meteorol\u00f3gicos para la regi\u00f3n.<br \/>\nAnapo present\u00f3 hace dos a\u00f1os, ante el Comit\u00e9 Nacional de Bioseguridad del Estado Plurinacional de Bolivia, dependiente del Ministerio de Medio Ambiente y Agua, toda la documentaci\u00f3n t\u00e9cnica para la evaluaci\u00f3n y aprobaci\u00f3n del evento HB4 en trigo, tolerante a sequ\u00eda. Sin embargo -dijo Romero- hasta la fecha no tenemos ning\u00fan avance en su an\u00e1lisis desde el Gobierno. Por ello, \u201ccon el objetivo de recuperar el tiempo ya perdido, recurrimos ahora con la solicitud de que la aprobaci\u00f3n sea realizada homologando los estudios de aprobaci\u00f3n que ya hicieron pa\u00edses del Mercosur, como Brasil, Paraguay y Argentina, donde esta tecnolog\u00eda ya est\u00e1 aprobada para su producci\u00f3n y respectivo consumo\u201d.<\/p>\n","protected":false},"excerpt":{"rendered":"<p>La dura sequ\u00eda afect\u00f3 al agro este a\u00f1o y caus\u00f3 una reducci\u00f3n de la producci\u00f3n de trigo de al menos 60%, seg\u00fan datos de la Asociaci\u00f3n de Productores de Oleaginosas y Trigo (Anapo). A pesar de ello, para seguir incentivando la siembra de este producto clave para la alimentaci\u00f3n de la poblaci\u00f3n y las pr\u00e1cticas [&hellip;]<\/p>\n","protected":false},"author":1,"featured_media":235986,"comment_status":"open","ping_status":"open","sticky":false,"template":"","format":"standard","meta":{"_acf_changed":false,"footnotes":""},"categories":[7],"tags":[],"class_list":["post-235985","post","type-post","status-publish","format-standard","has-post-thumbnail","category-economia"],"acf":{"antetitulo":""},"yoast_head":"<!-- This site is optimized with the Yoast SEO plugin v28.4 - https:\/\/yoast.com\/product\/yoast-seo-wordpress\/ -->\n<title>Llega D\u00eda Nacional de Trigo con ca\u00edda del 60% de su producci\u00f3n - El Diario - Bolivia<\/title>\n<meta name=\"robots\" content=\"index, follow, max-snippet:-1, max-image-preview:large, max-video-preview:-1\" \/>\n<link rel=\"canonical\" href=\"https:\/\/www.eldiario.net\/portal\/2024\/07\/24\/llega-dia-nacional-de-trigo-con-caida-del-60-de-su-produccion\/\" \/>\n<meta property=\"og:locale\" content=\"es_ES\" \/>\n<meta property=\"og:type\" content=\"article\" \/>\n<meta property=\"og:title\" content=\"Llega D\u00eda Nacional de Trigo con ca\u00edda del 60% de su producci\u00f3n - El Diario - Bolivia\" \/>\n<meta property=\"og:description\" content=\"La dura sequ\u00eda afect\u00f3 al agro este a\u00f1o y caus\u00f3 una reducci\u00f3n de la producci\u00f3n de trigo de al menos 60%, seg\u00fan datos de la Asociaci\u00f3n de Productores de Oleaginosas y Trigo (Anapo). A pesar de ello, para seguir incentivando la siembra de este producto clave para la alimentaci\u00f3n de la poblaci\u00f3n y las pr\u00e1cticas [&hellip;]\" \/>\n<meta property=\"og:url\" content=\"https:\/\/www.eldiario.net\/portal\/2024\/07\/24\/llega-dia-nacional-de-trigo-con-caida-del-60-de-su-produccion\/\" \/>\n<meta property=\"og:site_name\" content=\"El Diario - Bolivia\" \/>\n<meta property=\"article:publisher\" content=\"https:\/\/www.facebook.com\/eldiario.bolivia\/\" \/>\n<meta property=\"article:published_time\" content=\"2024-07-24T10:24:45+00:00\" \/>\n<meta property=\"og:image\" content=\"https:\/\/www.eldiario.net\/portal\/wp-content\/uploads\/2024\/07\/trigo.jpg\" \/>\n\t<meta property=\"og:image:width\" content=\"1600\" \/>\n\t<meta property=\"og:image:height\" content=\"1200\" \/>\n\t<meta property=\"og:image:type\" content=\"image\/jpeg\" \/>\n<meta name=\"author\" content=\"Jeanette\" \/>\n<meta name=\"twitter:card\" content=\"summary_large_image\" \/>\n<meta name=\"twitter:creator\" content=\"@eldiario_net\" \/>\n<meta name=\"twitter:site\" content=\"@eldiario_net\" \/>\n<meta name=\"twitter:label1\" content=\"Escrito por\" \/>\n\t<meta name=\"twitter:data1\" content=\"Jeanette\" \/>\n\t<meta name=\"twitter:label2\" content=\"Tiempo de lectura\" \/>\n\t<meta name=\"twitter:data2\" content=\"4 minutos\" \/>\n<script type=\"application\/ld+json\" class=\"yoast-schema-graph\">{\"@context\":\"https:\\\/\\\/schema.org\",\"@graph\":[{\"@type\":\"Article\",\"@id\":\"https:\\\/\\\/www.eldiario.net\\\/portal\\\/2024\\\/07\\\/24\\\/llega-dia-nacional-de-trigo-con-caida-del-60-de-su-produccion\\\/#article\",\"isPartOf\":{\"@id\":\"https:\\\/\\\/www.eldiario.net\\\/portal\\\/2024\\\/07\\\/24\\\/llega-dia-nacional-de-trigo-con-caida-del-60-de-su-produccion\\\/\"},\"author\":{\"name\":\"Jeanette\",\"@id\":\"https:\\\/\\\/www.eldiario.net\\\/portal\\\/#\\\/schema\\\/person\\\/f46445640444750d7d753ccd04ae01b7\"},\"headline\":\"Llega D\u00eda Nacional de Trigo con ca\u00edda del 60% de su producci\u00f3n\",\"datePublished\":\"2024-07-24T10:24:45+00:00\",\"mainEntityOfPage\":{\"@id\":\"https:\\\/\\\/www.eldiario.net\\\/portal\\\/2024\\\/07\\\/24\\\/llega-dia-nacional-de-trigo-con-caida-del-60-de-su-produccion\\\/\"},\"wordCount\":733,\"commentCount\":0,\"publisher\":{\"@id\":\"https:\\\/\\\/www.eldiario.net\\\/portal\\\/#organization\"},\"image\":{\"@id\":\"https:\\\/\\\/www.eldiario.net\\\/portal\\\/2024\\\/07\\\/24\\\/llega-dia-nacional-de-trigo-con-caida-del-60-de-su-produccion\\\/#primaryimage\"},\"thumbnailUrl\":\"https:\\\/\\\/www.eldiario.net\\\/portal\\\/wp-content\\\/uploads\\\/2024\\\/07\\\/trigo.jpg\",\"articleSection\":[\"Econom\u00eda\"],\"inLanguage\":\"es\",\"potentialAction\":[{\"@type\":\"CommentAction\",\"name\":\"Comment\",\"target\":[\"https:\\\/\\\/www.eldiario.net\\\/portal\\\/2024\\\/07\\\/24\\\/llega-dia-nacional-de-trigo-con-caida-del-60-de-su-produccion\\\/#respond\"]}]},{\"@type\":\"WebPage\",\"@id\":\"https:\\\/\\\/www.eldiario.net\\\/portal\\\/2024\\\/07\\\/24\\\/llega-dia-nacional-de-trigo-con-caida-del-60-de-su-produccion\\\/\",\"url\":\"https:\\\/\\\/www.eldiario.net\\\/portal\\\/2024\\\/07\\\/24\\\/llega-dia-nacional-de-trigo-con-caida-del-60-de-su-produccion\\\/\",\"name\":\"Llega D\u00eda Nacional de Trigo con ca\u00edda del 60% de su producci\u00f3n - El Diario - Bolivia\",\"isPartOf\":{\"@id\":\"https:\\\/\\\/www.eldiario.net\\\/portal\\\/#website\"},\"primaryImageOfPage\":{\"@id\":\"https:\\\/\\\/www.eldiario.net\\\/portal\\\/2024\\\/07\\\/24\\\/llega-dia-nacional-de-trigo-con-caida-del-60-de-su-produccion\\\/#primaryimage\"},\"image\":{\"@id\":\"https:\\\/\\\/www.eldiario.net\\\/portal\\\/2024\\\/07\\\/24\\\/llega-dia-nacional-de-trigo-con-caida-del-60-de-su-produccion\\\/#primaryimage\"},\"thumbnailUrl\":\"https:\\\/\\\/www.eldiario.net\\\/portal\\\/wp-content\\\/uploads\\\/2024\\\/07\\\/trigo.jpg\",\"datePublished\":\"2024-07-24T10:24:45+00:00\",\"breadcrumb\":{\"@id\":\"https:\\\/\\\/www.eldiario.net\\\/portal\\\/2024\\\/07\\\/24\\\/llega-dia-nacional-de-trigo-con-caida-del-60-de-su-produccion\\\/#breadcrumb\"},\"inLanguage\":\"es\",\"potentialAction\":[{\"@type\":\"ReadAction\",\"target\":[\"https:\\\/\\\/www.eldiario.net\\\/portal\\\/2024\\\/07\\\/24\\\/llega-dia-nacional-de-trigo-con-caida-del-60-de-su-produccion\\\/\"]}]},{\"@type\":\"ImageObject\",\"inLanguage\":\"es\",\"@id\":\"https:\\\/\\\/www.eldiario.net\\\/portal\\\/2024\\\/07\\\/24\\\/llega-dia-nacional-de-trigo-con-caida-del-60-de-su-produccion\\\/#primaryimage\",\"url\":\"https:\\\/\\\/www.eldiario.net\\\/portal\\\/wp-content\\\/uploads\\\/2024\\\/07\\\/trigo.jpg\",\"contentUrl\":\"https:\\\/\\\/www.eldiario.net\\\/portal\\\/wp-content\\\/uploads\\\/2024\\\/07\\\/trigo.jpg\",\"width\":1600,\"height\":1200},{\"@type\":\"BreadcrumbList\",\"@id\":\"https:\\\/\\\/www.eldiario.net\\\/portal\\\/2024\\\/07\\\/24\\\/llega-dia-nacional-de-trigo-con-caida-del-60-de-su-produccion\\\/#breadcrumb\",\"itemListElement\":[{\"@type\":\"ListItem\",\"position\":1,\"name\":\"Portada\",\"item\":\"https:\\\/\\\/www.eldiario.net\\\/portal\\\/\"},{\"@type\":\"ListItem\",\"position\":2,\"name\":\"Llega D\u00eda Nacional de Trigo con ca\u00edda del 60% de su producci\u00f3n\"}]},{\"@type\":\"WebSite\",\"@id\":\"https:\\\/\\\/www.eldiario.net\\\/portal\\\/#website\",\"url\":\"https:\\\/\\\/www.eldiario.net\\\/portal\\\/\",\"name\":\"El Diario - Decano de la prensa nacional\",\"description\":\"El Diario - Decano de la prensa nacional\",\"publisher\":{\"@id\":\"https:\\\/\\\/www.eldiario.net\\\/portal\\\/#organization\"},\"potentialAction\":[{\"@type\":\"SearchAction\",\"target\":{\"@type\":\"EntryPoint\",\"urlTemplate\":\"https:\\\/\\\/www.eldiario.net\\\/portal\\\/?s={search_term_string}\"},\"query-input\":{\"@type\":\"PropertyValueSpecification\",\"valueRequired\":true,\"valueName\":\"search_term_string\"}}],\"inLanguage\":\"es\"},{\"@type\":\"Organization\",\"@id\":\"https:\\\/\\\/www.eldiario.net\\\/portal\\\/#organization\",\"name\":\"El Diario - Decano de la prensa nacional\",\"url\":\"https:\\\/\\\/www.eldiario.net\\\/portal\\\/\",\"logo\":{\"@type\":\"ImageObject\",\"inLanguage\":\"es\",\"@id\":\"https:\\\/\\\/www.eldiario.net\\\/portal\\\/#\\\/schema\\\/logo\\\/image\\\/\",\"url\":\"https:\\\/\\\/www.eldiario.net\\\/portal\\\/wp-content\\\/uploads\\\/2023\\\/07\\\/logo_ED.jpg\",\"contentUrl\":\"https:\\\/\\\/www.eldiario.net\\\/portal\\\/wp-content\\\/uploads\\\/2023\\\/07\\\/logo_ED.jpg\",\"width\":272,\"height\":52,\"caption\":\"El Diario - Decano de la prensa nacional\"},\"image\":{\"@id\":\"https:\\\/\\\/www.eldiario.net\\\/portal\\\/#\\\/schema\\\/logo\\\/image\\\/\"},\"sameAs\":[\"https:\\\/\\\/www.facebook.com\\\/eldiario.bolivia\\\/\",\"https:\\\/\\\/x.com\\\/eldiario_net\"]},{\"@type\":\"Person\",\"@id\":\"https:\\\/\\\/www.eldiario.net\\\/portal\\\/#\\\/schema\\\/person\\\/f46445640444750d7d753ccd04ae01b7\",\"name\":\"Jeanette\",\"image\":{\"@type\":\"ImageObject\",\"inLanguage\":\"es\",\"@id\":\"https:\\\/\\\/secure.gravatar.com\\\/avatar\\\/3ea2118a5f7dad2b7138b1187a6b7ee55f160b9968b66013c3a3ef39dd7e5798?s=96&d=mm&r=g\",\"url\":\"https:\\\/\\\/secure.gravatar.com\\\/avatar\\\/3ea2118a5f7dad2b7138b1187a6b7ee55f160b9968b66013c3a3ef39dd7e5798?s=96&d=mm&r=g\",\"contentUrl\":\"https:\\\/\\\/secure.gravatar.com\\\/avatar\\\/3ea2118a5f7dad2b7138b1187a6b7ee55f160b9968b66013c3a3ef39dd7e5798?s=96&d=mm&r=g\",\"caption\":\"Jeanette\"},\"sameAs\":[\"https:\\\/\\\/www.eldiario.net\\\/portal\"],\"url\":\"https:\\\/\\\/www.eldiario.net\\\/portal\\\/author\\\/jeanette\\\/\"}]}<\/script>\n<!-- \/ Yoast SEO plugin. -->","yoast_head_json":{"title":"Llega D\u00eda Nacional de Trigo con ca\u00edda del 60% de su producci\u00f3n - El Diario - Bolivia","robots":{"index":"index","follow":"follow","max-snippet":"max-snippet:-1","max-image-preview":"max-image-preview:large","max-video-preview":"max-video-preview:-1"},"canonical":"https:\/\/www.eldiario.net\/portal\/2024\/07\/24\/llega-dia-nacional-de-trigo-con-caida-del-60-de-su-produccion\/","og_locale":"es_ES","og_type":"article","og_title":"Llega D\u00eda Nacional de Trigo con ca\u00edda del 60% de su producci\u00f3n - El Diario - Bolivia","og_description":"La dura sequ\u00eda afect\u00f3 al agro este a\u00f1o y caus\u00f3 una reducci\u00f3n de la producci\u00f3n de trigo de al menos 60%, seg\u00fan datos de la Asociaci\u00f3n de Productores de Oleaginosas y Trigo (Anapo). A pesar de ello, para seguir incentivando la siembra de este producto clave para la alimentaci\u00f3n de la poblaci\u00f3n y las pr\u00e1cticas [&hellip;]","og_url":"https:\/\/www.eldiario.net\/portal\/2024\/07\/24\/llega-dia-nacional-de-trigo-con-caida-del-60-de-su-produccion\/","og_site_name":"El Diario - Bolivia","article_publisher":"https:\/\/www.facebook.com\/eldiario.bolivia\/","article_published_time":"2024-07-24T10:24:45+00:00","og_image":[{"width":1600,"height":1200,"url":"https:\/\/www.eldiario.net\/portal\/wp-content\/uploads\/2024\/07\/trigo.jpg","type":"image\/jpeg"}],"author":"Jeanette","twitter_card":"summary_large_image","twitter_creator":"@eldiario_net","twitter_site":"@eldiario_net","twitter_misc":{"Escrito por":"Jeanette","Tiempo de lectura":"4 minutos"},"schema":{"@context":"https:\/\/schema.org","@graph":[{"@type":"Article","@id":"https:\/\/www.eldiario.net\/portal\/2024\/07\/24\/llega-dia-nacional-de-trigo-con-caida-del-60-de-su-produccion\/#article","isPartOf":{"@id":"https:\/\/www.eldiario.net\/portal\/2024\/07\/24\/llega-dia-nacional-de-trigo-con-caida-del-60-de-su-produccion\/"},"author":{"name":"Jeanette","@id":"https:\/\/www.eldiario.net\/portal\/#\/schema\/person\/f46445640444750d7d753ccd04ae01b7"},"headline":"Llega D\u00eda Nacional de Trigo con ca\u00edda del 60% de su producci\u00f3n","datePublished":"2024-07-24T10:24:45+00:00","mainEntityOfPage":{"@id":"https:\/\/www.eldiario.net\/portal\/2024\/07\/24\/llega-dia-nacional-de-trigo-con-caida-del-60-de-su-produccion\/"},"wordCount":733,"commentCount":0,"publisher":{"@id":"https:\/\/www.eldiario.net\/portal\/#organization"},"image":{"@id":"https:\/\/www.eldiario.net\/portal\/2024\/07\/24\/llega-dia-nacional-de-trigo-con-caida-del-60-de-su-produccion\/#primaryimage"},"thumbnailUrl":"https:\/\/www.eldiario.net\/portal\/wp-content\/uploads\/2024\/07\/trigo.jpg","articleSection":["Econom\u00eda"],"inLanguage":"es","potentialAction":[{"@type":"CommentAction","name":"Comment","target":["https:\/\/www.eldiario.net\/portal\/2024\/07\/24\/llega-dia-nacional-de-trigo-con-caida-del-60-de-su-produccion\/#respond"]}]},{"@type":"WebPage","@id":"https:\/\/www.eldiario.net\/portal\/2024\/07\/24\/llega-dia-nacional-de-trigo-con-caida-del-60-de-su-produccion\/","url":"https:\/\/www.eldiario.net\/portal\/2024\/07\/24\/llega-dia-nacional-de-trigo-con-caida-del-60-de-su-produccion\/","name":"Llega D\u00eda Nacional de Trigo con ca\u00edda del 60% de su producci\u00f3n - El Diario - Bolivia","isPartOf":{"@id":"https:\/\/www.eldiario.net\/portal\/#website"},"primaryImageOfPage":{"@id":"https:\/\/www.eldiario.net\/portal\/2024\/07\/24\/llega-dia-nacional-de-trigo-con-caida-del-60-de-su-produccion\/#primaryimage"},"image":{"@id":"https:\/\/www.eldiario.net\/portal\/2024\/07\/24\/llega-dia-nacional-de-trigo-con-caida-del-60-de-su-produccion\/#primaryimage"},"thumbnailUrl":"https:\/\/www.eldiario.net\/portal\/wp-content\/uploads\/2024\/07\/trigo.jpg","datePublished":"2024-07-24T10:24:45+00:00","breadcrumb":{"@id":"https:\/\/www.eldiario.net\/portal\/2024\/07\/24\/llega-dia-nacional-de-trigo-con-caida-del-60-de-su-produccion\/#breadcrumb"},"inLanguage":"es","potentialAction":[{"@type":"ReadAction","target":["https:\/\/www.eldiario.net\/portal\/2024\/07\/24\/llega-dia-nacional-de-trigo-con-caida-del-60-de-su-produccion\/"]}]},{"@type":"ImageObject","inLanguage":"es","@id":"https:\/\/www.eldiario.net\/portal\/2024\/07\/24\/llega-dia-nacional-de-trigo-con-caida-del-60-de-su-produccion\/#primaryimage","url":"https:\/\/www.eldiario.net\/portal\/wp-content\/uploads\/2024\/07\/trigo.jpg","contentUrl":"https:\/\/www.eldiario.net\/portal\/wp-content\/uploads\/2024\/07\/trigo.jpg","width":1600,"height":1200},{"@type":"BreadcrumbList","@id":"https:\/\/www.eldiario.net\/portal\/2024\/07\/24\/llega-dia-nacional-de-trigo-con-caida-del-60-de-su-produccion\/#breadcrumb","itemListElement":[{"@type":"ListItem","position":1,"name":"Portada","item":"https:\/\/www.eldiario.net\/portal\/"},{"@type":"ListItem","position":2,"name":"Llega D\u00eda Nacional de Trigo con ca\u00edda del 60% de su producci\u00f3n"}]},{"@type":"WebSite","@id":"https:\/\/www.eldiario.net\/portal\/#website","url":"https:\/\/www.eldiario.net\/portal\/","name":"El Diario - Decano de la prensa nacional","description":"El Diario - Decano de la prensa nacional","publisher":{"@id":"https:\/\/www.eldiario.net\/portal\/#organization"},"potentialAction":[{"@type":"SearchAction","target":{"@type":"EntryPoint","urlTemplate":"https:\/\/www.eldiario.net\/portal\/?s={search_term_string}"},"query-input":{"@type":"PropertyValueSpecification","valueRequired":true,"valueName":"search_term_string"}}],"inLanguage":"es"},{"@type":"Organization","@id":"https:\/\/www.eldiario.net\/portal\/#organization","name":"El Diario - Decano de la prensa nacional","url":"https:\/\/www.eldiario.net\/portal\/","logo":{"@type":"ImageObject","inLanguage":"es","@id":"https:\/\/www.eldiario.net\/portal\/#\/schema\/logo\/image\/","url":"https:\/\/www.eldiario.net\/portal\/wp-content\/uploads\/2023\/07\/logo_ED.jpg","contentUrl":"https:\/\/www.eldiario.net\/portal\/wp-content\/uploads\/2023\/07\/logo_ED.jpg","width":272,"height":52,"caption":"El Diario - Decano de la prensa nacional"},"image":{"@id":"https:\/\/www.eldiario.net\/portal\/#\/schema\/logo\/image\/"},"sameAs":["https:\/\/www.facebook.com\/eldiario.bolivia\/","https:\/\/x.com\/eldiario_net"]},{"@type":"Person","@id":"https:\/\/www.eldiario.net\/portal\/#\/schema\/person\/f46445640444750d7d753ccd04ae01b7","name":"Jeanette","image":{"@type":"ImageObject","inLanguage":"es","@id":"https:\/\/secure.gravatar.com\/avatar\/3ea2118a5f7dad2b7138b1187a6b7ee55f160b9968b66013c3a3ef39dd7e5798?s=96&d=mm&r=g","url":"https:\/\/secure.gravatar.com\/avatar\/3ea2118a5f7dad2b7138b1187a6b7ee55f160b9968b66013c3a3ef39dd7e5798?s=96&d=mm&r=g","contentUrl":"https:\/\/secure.gravatar.com\/avatar\/3ea2118a5f7dad2b7138b1187a6b7ee55f160b9968b66013c3a3ef39dd7e5798?s=96&d=mm&r=g","caption":"Jeanette"},"sameAs":["https:\/\/www.eldiario.net\/portal"],"url":"https:\/\/www.eldiario.net\/portal\/author\/jeanette\/"}]}},"_links":{"self":[{"href":"https:\/\/www.eldiario.net\/portal\/wp-json\/wp\/v2\/posts\/235985","targetHints":{"allow":["GET"]}}],"collection":[{"href":"https:\/\/www.eldiario.net\/portal\/wp-json\/wp\/v2\/posts"}],"about":[{"href":"https:\/\/www.eldiario.net\/portal\/wp-json\/wp\/v2\/types\/post"}],"author":[{"embeddable":true,"href":"https:\/\/www.eldiario.net\/portal\/wp-json\/wp\/v2\/users\/1"}],"replies":[{"embeddable":true,"href":"https:\/\/www.eldiario.net\/portal\/wp-json\/wp\/v2\/comments?post=235985"}],"version-history":[{"count":1,"href":"https:\/\/www.eldiario.net\/portal\/wp-json\/wp\/v2\/posts\/235985\/revisions"}],"predecessor-version":[{"id":235987,"href":"https:\/\/www.eldiario.net\/portal\/wp-json\/wp\/v2\/posts\/235985\/revisions\/235987"}],"wp:featuredmedia":[{"embeddable":true,"href":"https:\/\/www.eldiario.net\/portal\/wp-json\/wp\/v2\/media\/235986"}],"wp:attachment":[{"href":"https:\/\/www.eldiario.net\/portal\/wp-json\/wp\/v2\/media?parent=235985"}],"wp:term":[{"taxonomy":"category","embeddable":true,"href":"https:\/\/www.eldiario.net\/portal\/wp-json\/wp\/v2\/categories?post=235985"},{"taxonomy":"post_tag","embeddable":true,"href":"https:\/\/www.eldiario.net\/portal\/wp-json\/wp\/v2\/tags?post=235985"}],"curies":[{"name":"wp","href":"https:\/\/api.w.org\/{rel}","templated":true}]}}