{"id":235981,"date":"2024-07-24T06:23:32","date_gmt":"2024-07-24T10:23:32","guid":{"rendered":"https:\/\/www.eldiario.net\/portal\/?p=235981"},"modified":"2024-07-24T06:23:32","modified_gmt":"2024-07-24T10:23:32","slug":"empresas-inversores-y-emprendedores-huyen","status":"publish","type":"post","link":"https:\/\/www.eldiario.net\/portal\/2024\/07\/24\/empresas-inversores-y-emprendedores-huyen\/","title":{"rendered":"Empresas, inversores y  emprendedores huyen"},"content":{"rendered":"<p>Es cierto, empresas, inversores y emprendedores huyen de los gobiernos del MAS.<br \/>\nVenimos advirtiendo desde hace mucho tiempo sobre la gravedad de la crisis econ\u00f3mica que enfrenta Bolivia y la peligrosidad de continuar con un r\u00e9gimen econ\u00f3mico seudo socialista decadente, del que empresarios, inversionistas y emprendedores huyen, con rumbo a pa\u00edses que preservan su seguridad jur\u00eddica y garantizan el respeto a la propiedad privada, como el vecino Paraguay.<br \/>\nLa escasez de d\u00f3lares y el engrosamiento del mercado negro de divisas, problemas de los que el gobierno no quiere hacerse cargo, sumado el sistem\u00e1tico saqueo tributario a la empresa formal y la recurrente disimulada extorsi\u00f3n al entusiasta emprendedor, son los ingredientes para que toda iniciativa de progreso renuncie a Bolivia como pa\u00eds, como sociedad y como opci\u00f3n de residencia.<br \/>\nLa indiferencia del gobierno ante la fuga de, al menos, el 20% de las unidades productivas a pa\u00edses vecinos, que suman 40.000 generadoras de empleos, ha creado un cementerio de maquinaria industrial a\u00fan con vida \u00fatil. Esta otra p\u00e9rdida de capital tampoco conmueve al sistema socio-comunitario del MAS.<br \/>\nEstas cifras, se\u00f1aladas por el secretario general de la Federaci\u00f3n de Empresarios de la Mediana y Peque\u00f1a Empresa (Fedemype), F\u00e9lix Huaycho, no son las \u00fanicas sobre p\u00e9rdidas que prefiere ignorar el actual gobierno del MAS. Ahora con Luis Arce Catacora, tambi\u00e9n se prefiere dejar sin opciones a la poblaci\u00f3n joven que busca oportunidades laborales.<br \/>\nLo m\u00e1s lamentable es la huida obligada de emprendedores, que no resignan sus sue\u00f1os de hacer empresa y aportar al desarrollo de la sociedad. Estos empresarios emprendedores, que contaban con empresas con planillas de 20 y m\u00e1s trabajadores, hoy convertidas en micro unidades productivas familiares, hallaron espacios en Per\u00fa y Paraguay, principalmente.<br \/>\nAdem\u00e1s de estas truculentas cifras que muestran c\u00f3mo se destruye un pa\u00eds, Huaycho revela con profundo dolor que est\u00e1 a la espera de la determinaci\u00f3n judicial y administrativa del Banco de Desarrollo Productivo (BDP), sobre si rematar\u00e1n su bien inmueble, su vivienda, donde adem\u00e1s operaba su emprendimiento, porque no se logr\u00f3 reunir el monto de pago del cr\u00e9dito. La \u201cSustituci\u00f3n de importaciones\u201d es otra mentira de Arce Catacora, porque nuestra balanza comercial es amargamente asim\u00e9trica.<br \/>\nNo es novedosa, pero s\u00ed indignante, la actitud del Gobierno del MAS que recurre a la ma\u00f1a de generar \u201cparalelismos\u201d, con el preclaro objetivo de desentenderse del drama que han creado y no saben c\u00f3mo remediarlo. \u201cSolo nos queda ver otros horizontes\u201d, manifiesta el representante de cientos de emprendedores que huyen del pa\u00eds, para contribuir al desarrollo de pa\u00edses hermanos.<br \/>\nEl drama de la crisis econ\u00f3mica de Bolivia y la l\u00f3gica corrupta del gobierno masista de Arce Catacora se refleja en la salida de una de las interesantes opciones para contar, dentro del pa\u00eds, con di\u00e9sel de alta calidad y con bajo costo, especialmente en esta coyuntura, en la que Bolivia es importadora de este combustible.<br \/>\nJavier Iturralde es el emprendedor creativo que en Paraguay pone en marcha su f\u00e1brica de di\u00e9sel, con materiales reciclados, pl\u00e1sticos, aceite usado de motores, neum\u00e1ticos y materiales similares poco amigables con el medio ambiente.<br \/>\nEsta f\u00e1brica, inventada en El Alto, inicia sus operaciones a fines de julio de este 2024 en Paraguay. El vecino pa\u00eds le asegur\u00f3 ventajas tributarias, seguridad jur\u00eddica, respeto a la propiedad privada y el apoyo necesario para esta prometedora productora de di\u00e9sel.<br \/>\nLa eficiencia y rentabilidad de esta iniciativa ha sido m\u00e1s que probada en la ciudad de El Alto. Los niveles t\u00e9cnicos le otorgan 57 cetanos de calidad, frente a los 40-45 cetanos que utiliza el parque automotor y la industria nacional que opera con di\u00e9sel.<br \/>\nEl vecino pa\u00eds de Paraguay tendr\u00e1 5.000 litros de di\u00e9sel de alta calidad por d\u00eda al servicio de su industria y transporte pesado.<br \/>\nIturralde, lamenta tener que abandonar el pa\u00eds para hacer realidad su proyecto de gran empresa en hidrocarburos, decisi\u00f3n que fue tomada luego de \u201cperegrinar por m\u00e1s de tres a\u00f1os\u201d ante las autoridades nacionales que se esmeraron en ponerle trabas para no emitir los certificados ambientales perfectamente viables. Sin embargo, licencias ambientales son otorgadas a cooperativistas mineros que se adjudican \u00e1reas protegidas.<br \/>\nEsta f\u00e1brica de di\u00e9sel con base en materiales reciclados pudo ser parte de las respuestas efectivas que el sector productivo nacional espera frente a la crisis de hidrocarburos que Bolivia sufre como pa\u00eds importador y sin el dinero necesario para cubrir su demanda interna.<br \/>\nBolivia se ha convertido en un pa\u00eds corrupto que ahuyenta a las inversiones, a los empresarios y a quienes aportan efectivamente al desarrollo de la sociedad con la esperanza de tener un mejor futuro.<\/p>\n<p>El autor es Diputado Nacional.<\/p>\n","protected":false},"excerpt":{"rendered":"<p>Es cierto, empresas, inversores y emprendedores huyen de los gobiernos del MAS. Venimos advirtiendo desde hace mucho tiempo sobre la gravedad de la crisis econ\u00f3mica que enfrenta Bolivia y la peligrosidad de continuar con un r\u00e9gimen econ\u00f3mico seudo socialista decadente, del que empresarios, inversionistas y emprendedores huyen, con rumbo a pa\u00edses que preservan su seguridad [&hellip;]<\/p>\n","protected":false},"author":1,"featured_media":161259,"comment_status":"open","ping_status":"open","sticky":false,"template":"","format":"standard","meta":{"_acf_changed":false,"footnotes":""},"categories":[9],"tags":[],"class_list":["post-235981","post","type-post","status-publish","format-standard","has-post-thumbnail","category-opinion"],"acf":{"antetitulo":""},"yoast_head":"<!-- This site is optimized with the Yoast SEO plugin v28.4 - https:\/\/yoast.com\/product\/yoast-seo-wordpress\/ -->\n<title>Empresas, inversores y emprendedores huyen - El Diario - Bolivia<\/title>\n<meta name=\"robots\" content=\"index, follow, max-snippet:-1, max-image-preview:large, max-video-preview:-1\" \/>\n<link rel=\"canonical\" href=\"https:\/\/www.eldiario.net\/portal\/2024\/07\/24\/empresas-inversores-y-emprendedores-huyen\/\" \/>\n<meta property=\"og:locale\" content=\"es_ES\" \/>\n<meta property=\"og:type\" content=\"article\" \/>\n<meta property=\"og:title\" content=\"Empresas, inversores y emprendedores huyen - El Diario - Bolivia\" \/>\n<meta property=\"og:description\" content=\"Es cierto, empresas, inversores y emprendedores huyen de los gobiernos del MAS. Venimos advirtiendo desde hace mucho tiempo sobre la gravedad de la crisis econ\u00f3mica que enfrenta Bolivia y la peligrosidad de continuar con un r\u00e9gimen econ\u00f3mico seudo socialista decadente, del que empresarios, inversionistas y emprendedores huyen, con rumbo a pa\u00edses que preservan su seguridad [&hellip;]\" \/>\n<meta property=\"og:url\" content=\"https:\/\/www.eldiario.net\/portal\/2024\/07\/24\/empresas-inversores-y-emprendedores-huyen\/\" \/>\n<meta property=\"og:site_name\" content=\"El Diario - Bolivia\" \/>\n<meta property=\"article:publisher\" content=\"https:\/\/www.facebook.com\/eldiario.bolivia\/\" \/>\n<meta property=\"article:published_time\" content=\"2024-07-24T10:23:32+00:00\" \/>\n<meta property=\"og:image\" content=\"https:\/\/www.eldiario.net\/portal\/wp-content\/uploads\/2023\/06\/Walthy-Mauricio-Eguez-Paz.jpg\" \/>\n\t<meta property=\"og:image:width\" content=\"1200\" \/>\n\t<meta property=\"og:image:height\" content=\"628\" \/>\n\t<meta property=\"og:image:type\" content=\"image\/jpeg\" \/>\n<meta name=\"author\" content=\"Jeanette\" \/>\n<meta name=\"twitter:card\" content=\"summary_large_image\" \/>\n<meta name=\"twitter:creator\" content=\"@eldiario_net\" \/>\n<meta name=\"twitter:site\" content=\"@eldiario_net\" \/>\n<meta name=\"twitter:label1\" content=\"Escrito por\" \/>\n\t<meta name=\"twitter:data1\" content=\"Jeanette\" \/>\n\t<meta name=\"twitter:label2\" content=\"Tiempo de lectura\" \/>\n\t<meta name=\"twitter:data2\" content=\"4 minutos\" \/>\n<script type=\"application\/ld+json\" class=\"yoast-schema-graph\">{\"@context\":\"https:\\\/\\\/schema.org\",\"@graph\":[{\"@type\":\"Article\",\"@id\":\"https:\\\/\\\/www.eldiario.net\\\/portal\\\/2024\\\/07\\\/24\\\/empresas-inversores-y-emprendedores-huyen\\\/#article\",\"isPartOf\":{\"@id\":\"https:\\\/\\\/www.eldiario.net\\\/portal\\\/2024\\\/07\\\/24\\\/empresas-inversores-y-emprendedores-huyen\\\/\"},\"author\":{\"name\":\"Jeanette\",\"@id\":\"https:\\\/\\\/www.eldiario.net\\\/portal\\\/#\\\/schema\\\/person\\\/f46445640444750d7d753ccd04ae01b7\"},\"headline\":\"Empresas, inversores y emprendedores huyen\",\"datePublished\":\"2024-07-24T10:23:32+00:00\",\"mainEntityOfPage\":{\"@id\":\"https:\\\/\\\/www.eldiario.net\\\/portal\\\/2024\\\/07\\\/24\\\/empresas-inversores-y-emprendedores-huyen\\\/\"},\"wordCount\":822,\"commentCount\":0,\"publisher\":{\"@id\":\"https:\\\/\\\/www.eldiario.net\\\/portal\\\/#organization\"},\"image\":{\"@id\":\"https:\\\/\\\/www.eldiario.net\\\/portal\\\/2024\\\/07\\\/24\\\/empresas-inversores-y-emprendedores-huyen\\\/#primaryimage\"},\"thumbnailUrl\":\"https:\\\/\\\/www.eldiario.net\\\/portal\\\/wp-content\\\/uploads\\\/2023\\\/06\\\/Walthy-Mauricio-Eguez-Paz.jpg\",\"articleSection\":[\"Opini\u00f3n\"],\"inLanguage\":\"es\",\"potentialAction\":[{\"@type\":\"CommentAction\",\"name\":\"Comment\",\"target\":[\"https:\\\/\\\/www.eldiario.net\\\/portal\\\/2024\\\/07\\\/24\\\/empresas-inversores-y-emprendedores-huyen\\\/#respond\"]}]},{\"@type\":\"WebPage\",\"@id\":\"https:\\\/\\\/www.eldiario.net\\\/portal\\\/2024\\\/07\\\/24\\\/empresas-inversores-y-emprendedores-huyen\\\/\",\"url\":\"https:\\\/\\\/www.eldiario.net\\\/portal\\\/2024\\\/07\\\/24\\\/empresas-inversores-y-emprendedores-huyen\\\/\",\"name\":\"Empresas, inversores y emprendedores huyen - El Diario - Bolivia\",\"isPartOf\":{\"@id\":\"https:\\\/\\\/www.eldiario.net\\\/portal\\\/#website\"},\"primaryImageOfPage\":{\"@id\":\"https:\\\/\\\/www.eldiario.net\\\/portal\\\/2024\\\/07\\\/24\\\/empresas-inversores-y-emprendedores-huyen\\\/#primaryimage\"},\"image\":{\"@id\":\"https:\\\/\\\/www.eldiario.net\\\/portal\\\/2024\\\/07\\\/24\\\/empresas-inversores-y-emprendedores-huyen\\\/#primaryimage\"},\"thumbnailUrl\":\"https:\\\/\\\/www.eldiario.net\\\/portal\\\/wp-content\\\/uploads\\\/2023\\\/06\\\/Walthy-Mauricio-Eguez-Paz.jpg\",\"datePublished\":\"2024-07-24T10:23:32+00:00\",\"breadcrumb\":{\"@id\":\"https:\\\/\\\/www.eldiario.net\\\/portal\\\/2024\\\/07\\\/24\\\/empresas-inversores-y-emprendedores-huyen\\\/#breadcrumb\"},\"inLanguage\":\"es\",\"potentialAction\":[{\"@type\":\"ReadAction\",\"target\":[\"https:\\\/\\\/www.eldiario.net\\\/portal\\\/2024\\\/07\\\/24\\\/empresas-inversores-y-emprendedores-huyen\\\/\"]}]},{\"@type\":\"ImageObject\",\"inLanguage\":\"es\",\"@id\":\"https:\\\/\\\/www.eldiario.net\\\/portal\\\/2024\\\/07\\\/24\\\/empresas-inversores-y-emprendedores-huyen\\\/#primaryimage\",\"url\":\"https:\\\/\\\/www.eldiario.net\\\/portal\\\/wp-content\\\/uploads\\\/2023\\\/06\\\/Walthy-Mauricio-Eguez-Paz.jpg\",\"contentUrl\":\"https:\\\/\\\/www.eldiario.net\\\/portal\\\/wp-content\\\/uploads\\\/2023\\\/06\\\/Walthy-Mauricio-Eguez-Paz.jpg\",\"width\":1200,\"height\":628,\"caption\":\"Walthy Mauricio Eg\u00fcez Paz\"},{\"@type\":\"BreadcrumbList\",\"@id\":\"https:\\\/\\\/www.eldiario.net\\\/portal\\\/2024\\\/07\\\/24\\\/empresas-inversores-y-emprendedores-huyen\\\/#breadcrumb\",\"itemListElement\":[{\"@type\":\"ListItem\",\"position\":1,\"name\":\"Portada\",\"item\":\"https:\\\/\\\/www.eldiario.net\\\/portal\\\/\"},{\"@type\":\"ListItem\",\"position\":2,\"name\":\"Empresas, inversores y emprendedores huyen\"}]},{\"@type\":\"WebSite\",\"@id\":\"https:\\\/\\\/www.eldiario.net\\\/portal\\\/#website\",\"url\":\"https:\\\/\\\/www.eldiario.net\\\/portal\\\/\",\"name\":\"El Diario - Decano de la prensa nacional\",\"description\":\"El Diario - Decano de la prensa nacional\",\"publisher\":{\"@id\":\"https:\\\/\\\/www.eldiario.net\\\/portal\\\/#organization\"},\"potentialAction\":[{\"@type\":\"SearchAction\",\"target\":{\"@type\":\"EntryPoint\",\"urlTemplate\":\"https:\\\/\\\/www.eldiario.net\\\/portal\\\/?s={search_term_string}\"},\"query-input\":{\"@type\":\"PropertyValueSpecification\",\"valueRequired\":true,\"valueName\":\"search_term_string\"}}],\"inLanguage\":\"es\"},{\"@type\":\"Organization\",\"@id\":\"https:\\\/\\\/www.eldiario.net\\\/portal\\\/#organization\",\"name\":\"El Diario - Decano de la prensa nacional\",\"url\":\"https:\\\/\\\/www.eldiario.net\\\/portal\\\/\",\"logo\":{\"@type\":\"ImageObject\",\"inLanguage\":\"es\",\"@id\":\"https:\\\/\\\/www.eldiario.net\\\/portal\\\/#\\\/schema\\\/logo\\\/image\\\/\",\"url\":\"https:\\\/\\\/www.eldiario.net\\\/portal\\\/wp-content\\\/uploads\\\/2023\\\/07\\\/logo_ED.jpg\",\"contentUrl\":\"https:\\\/\\\/www.eldiario.net\\\/portal\\\/wp-content\\\/uploads\\\/2023\\\/07\\\/logo_ED.jpg\",\"width\":272,\"height\":52,\"caption\":\"El Diario - Decano de la prensa nacional\"},\"image\":{\"@id\":\"https:\\\/\\\/www.eldiario.net\\\/portal\\\/#\\\/schema\\\/logo\\\/image\\\/\"},\"sameAs\":[\"https:\\\/\\\/www.facebook.com\\\/eldiario.bolivia\\\/\",\"https:\\\/\\\/x.com\\\/eldiario_net\"]},{\"@type\":\"Person\",\"@id\":\"https:\\\/\\\/www.eldiario.net\\\/portal\\\/#\\\/schema\\\/person\\\/f46445640444750d7d753ccd04ae01b7\",\"name\":\"Jeanette\",\"image\":{\"@type\":\"ImageObject\",\"inLanguage\":\"es\",\"@id\":\"https:\\\/\\\/secure.gravatar.com\\\/avatar\\\/3ea2118a5f7dad2b7138b1187a6b7ee55f160b9968b66013c3a3ef39dd7e5798?s=96&d=mm&r=g\",\"url\":\"https:\\\/\\\/secure.gravatar.com\\\/avatar\\\/3ea2118a5f7dad2b7138b1187a6b7ee55f160b9968b66013c3a3ef39dd7e5798?s=96&d=mm&r=g\",\"contentUrl\":\"https:\\\/\\\/secure.gravatar.com\\\/avatar\\\/3ea2118a5f7dad2b7138b1187a6b7ee55f160b9968b66013c3a3ef39dd7e5798?s=96&d=mm&r=g\",\"caption\":\"Jeanette\"},\"sameAs\":[\"https:\\\/\\\/www.eldiario.net\\\/portal\"],\"url\":\"https:\\\/\\\/www.eldiario.net\\\/portal\\\/author\\\/jeanette\\\/\"}]}<\/script>\n<!-- \/ Yoast SEO plugin. -->","yoast_head_json":{"title":"Empresas, inversores y emprendedores huyen - El Diario - Bolivia","robots":{"index":"index","follow":"follow","max-snippet":"max-snippet:-1","max-image-preview":"max-image-preview:large","max-video-preview":"max-video-preview:-1"},"canonical":"https:\/\/www.eldiario.net\/portal\/2024\/07\/24\/empresas-inversores-y-emprendedores-huyen\/","og_locale":"es_ES","og_type":"article","og_title":"Empresas, inversores y emprendedores huyen - El Diario - Bolivia","og_description":"Es cierto, empresas, inversores y emprendedores huyen de los gobiernos del MAS. Venimos advirtiendo desde hace mucho tiempo sobre la gravedad de la crisis econ\u00f3mica que enfrenta Bolivia y la peligrosidad de continuar con un r\u00e9gimen econ\u00f3mico seudo socialista decadente, del que empresarios, inversionistas y emprendedores huyen, con rumbo a pa\u00edses que preservan su seguridad [&hellip;]","og_url":"https:\/\/www.eldiario.net\/portal\/2024\/07\/24\/empresas-inversores-y-emprendedores-huyen\/","og_site_name":"El Diario - Bolivia","article_publisher":"https:\/\/www.facebook.com\/eldiario.bolivia\/","article_published_time":"2024-07-24T10:23:32+00:00","og_image":[{"width":1200,"height":628,"url":"https:\/\/www.eldiario.net\/portal\/wp-content\/uploads\/2023\/06\/Walthy-Mauricio-Eguez-Paz.jpg","type":"image\/jpeg"}],"author":"Jeanette","twitter_card":"summary_large_image","twitter_creator":"@eldiario_net","twitter_site":"@eldiario_net","twitter_misc":{"Escrito por":"Jeanette","Tiempo de lectura":"4 minutos"},"schema":{"@context":"https:\/\/schema.org","@graph":[{"@type":"Article","@id":"https:\/\/www.eldiario.net\/portal\/2024\/07\/24\/empresas-inversores-y-emprendedores-huyen\/#article","isPartOf":{"@id":"https:\/\/www.eldiario.net\/portal\/2024\/07\/24\/empresas-inversores-y-emprendedores-huyen\/"},"author":{"name":"Jeanette","@id":"https:\/\/www.eldiario.net\/portal\/#\/schema\/person\/f46445640444750d7d753ccd04ae01b7"},"headline":"Empresas, inversores y emprendedores huyen","datePublished":"2024-07-24T10:23:32+00:00","mainEntityOfPage":{"@id":"https:\/\/www.eldiario.net\/portal\/2024\/07\/24\/empresas-inversores-y-emprendedores-huyen\/"},"wordCount":822,"commentCount":0,"publisher":{"@id":"https:\/\/www.eldiario.net\/portal\/#organization"},"image":{"@id":"https:\/\/www.eldiario.net\/portal\/2024\/07\/24\/empresas-inversores-y-emprendedores-huyen\/#primaryimage"},"thumbnailUrl":"https:\/\/www.eldiario.net\/portal\/wp-content\/uploads\/2023\/06\/Walthy-Mauricio-Eguez-Paz.jpg","articleSection":["Opini\u00f3n"],"inLanguage":"es","potentialAction":[{"@type":"CommentAction","name":"Comment","target":["https:\/\/www.eldiario.net\/portal\/2024\/07\/24\/empresas-inversores-y-emprendedores-huyen\/#respond"]}]},{"@type":"WebPage","@id":"https:\/\/www.eldiario.net\/portal\/2024\/07\/24\/empresas-inversores-y-emprendedores-huyen\/","url":"https:\/\/www.eldiario.net\/portal\/2024\/07\/24\/empresas-inversores-y-emprendedores-huyen\/","name":"Empresas, inversores y emprendedores huyen - El Diario - Bolivia","isPartOf":{"@id":"https:\/\/www.eldiario.net\/portal\/#website"},"primaryImageOfPage":{"@id":"https:\/\/www.eldiario.net\/portal\/2024\/07\/24\/empresas-inversores-y-emprendedores-huyen\/#primaryimage"},"image":{"@id":"https:\/\/www.eldiario.net\/portal\/2024\/07\/24\/empresas-inversores-y-emprendedores-huyen\/#primaryimage"},"thumbnailUrl":"https:\/\/www.eldiario.net\/portal\/wp-content\/uploads\/2023\/06\/Walthy-Mauricio-Eguez-Paz.jpg","datePublished":"2024-07-24T10:23:32+00:00","breadcrumb":{"@id":"https:\/\/www.eldiario.net\/portal\/2024\/07\/24\/empresas-inversores-y-emprendedores-huyen\/#breadcrumb"},"inLanguage":"es","potentialAction":[{"@type":"ReadAction","target":["https:\/\/www.eldiario.net\/portal\/2024\/07\/24\/empresas-inversores-y-emprendedores-huyen\/"]}]},{"@type":"ImageObject","inLanguage":"es","@id":"https:\/\/www.eldiario.net\/portal\/2024\/07\/24\/empresas-inversores-y-emprendedores-huyen\/#primaryimage","url":"https:\/\/www.eldiario.net\/portal\/wp-content\/uploads\/2023\/06\/Walthy-Mauricio-Eguez-Paz.jpg","contentUrl":"https:\/\/www.eldiario.net\/portal\/wp-content\/uploads\/2023\/06\/Walthy-Mauricio-Eguez-Paz.jpg","width":1200,"height":628,"caption":"Walthy Mauricio Eg\u00fcez Paz"},{"@type":"BreadcrumbList","@id":"https:\/\/www.eldiario.net\/portal\/2024\/07\/24\/empresas-inversores-y-emprendedores-huyen\/#breadcrumb","itemListElement":[{"@type":"ListItem","position":1,"name":"Portada","item":"https:\/\/www.eldiario.net\/portal\/"},{"@type":"ListItem","position":2,"name":"Empresas, inversores y emprendedores huyen"}]},{"@type":"WebSite","@id":"https:\/\/www.eldiario.net\/portal\/#website","url":"https:\/\/www.eldiario.net\/portal\/","name":"El Diario - Decano de la prensa nacional","description":"El Diario - Decano de la prensa nacional","publisher":{"@id":"https:\/\/www.eldiario.net\/portal\/#organization"},"potentialAction":[{"@type":"SearchAction","target":{"@type":"EntryPoint","urlTemplate":"https:\/\/www.eldiario.net\/portal\/?s={search_term_string}"},"query-input":{"@type":"PropertyValueSpecification","valueRequired":true,"valueName":"search_term_string"}}],"inLanguage":"es"},{"@type":"Organization","@id":"https:\/\/www.eldiario.net\/portal\/#organization","name":"El Diario - Decano de la prensa nacional","url":"https:\/\/www.eldiario.net\/portal\/","logo":{"@type":"ImageObject","inLanguage":"es","@id":"https:\/\/www.eldiario.net\/portal\/#\/schema\/logo\/image\/","url":"https:\/\/www.eldiario.net\/portal\/wp-content\/uploads\/2023\/07\/logo_ED.jpg","contentUrl":"https:\/\/www.eldiario.net\/portal\/wp-content\/uploads\/2023\/07\/logo_ED.jpg","width":272,"height":52,"caption":"El Diario - Decano de la prensa nacional"},"image":{"@id":"https:\/\/www.eldiario.net\/portal\/#\/schema\/logo\/image\/"},"sameAs":["https:\/\/www.facebook.com\/eldiario.bolivia\/","https:\/\/x.com\/eldiario_net"]},{"@type":"Person","@id":"https:\/\/www.eldiario.net\/portal\/#\/schema\/person\/f46445640444750d7d753ccd04ae01b7","name":"Jeanette","image":{"@type":"ImageObject","inLanguage":"es","@id":"https:\/\/secure.gravatar.com\/avatar\/3ea2118a5f7dad2b7138b1187a6b7ee55f160b9968b66013c3a3ef39dd7e5798?s=96&d=mm&r=g","url":"https:\/\/secure.gravatar.com\/avatar\/3ea2118a5f7dad2b7138b1187a6b7ee55f160b9968b66013c3a3ef39dd7e5798?s=96&d=mm&r=g","contentUrl":"https:\/\/secure.gravatar.com\/avatar\/3ea2118a5f7dad2b7138b1187a6b7ee55f160b9968b66013c3a3ef39dd7e5798?s=96&d=mm&r=g","caption":"Jeanette"},"sameAs":["https:\/\/www.eldiario.net\/portal"],"url":"https:\/\/www.eldiario.net\/portal\/author\/jeanette\/"}]}},"_links":{"self":[{"href":"https:\/\/www.eldiario.net\/portal\/wp-json\/wp\/v2\/posts\/235981","targetHints":{"allow":["GET"]}}],"collection":[{"href":"https:\/\/www.eldiario.net\/portal\/wp-json\/wp\/v2\/posts"}],"about":[{"href":"https:\/\/www.eldiario.net\/portal\/wp-json\/wp\/v2\/types\/post"}],"author":[{"embeddable":true,"href":"https:\/\/www.eldiario.net\/portal\/wp-json\/wp\/v2\/users\/1"}],"replies":[{"embeddable":true,"href":"https:\/\/www.eldiario.net\/portal\/wp-json\/wp\/v2\/comments?post=235981"}],"version-history":[{"count":1,"href":"https:\/\/www.eldiario.net\/portal\/wp-json\/wp\/v2\/posts\/235981\/revisions"}],"predecessor-version":[{"id":235982,"href":"https:\/\/www.eldiario.net\/portal\/wp-json\/wp\/v2\/posts\/235981\/revisions\/235982"}],"wp:featuredmedia":[{"embeddable":true,"href":"https:\/\/www.eldiario.net\/portal\/wp-json\/wp\/v2\/media\/161259"}],"wp:attachment":[{"href":"https:\/\/www.eldiario.net\/portal\/wp-json\/wp\/v2\/media?parent=235981"}],"wp:term":[{"taxonomy":"category","embeddable":true,"href":"https:\/\/www.eldiario.net\/portal\/wp-json\/wp\/v2\/categories?post=235981"},{"taxonomy":"post_tag","embeddable":true,"href":"https:\/\/www.eldiario.net\/portal\/wp-json\/wp\/v2\/tags?post=235981"}],"curies":[{"name":"wp","href":"https:\/\/api.w.org\/{rel}","templated":true}]}}