{"id":235977,"date":"2024-07-24T06:22:32","date_gmt":"2024-07-24T10:22:32","guid":{"rendered":"https:\/\/www.eldiario.net\/portal\/?p=235977"},"modified":"2024-07-24T06:22:32","modified_gmt":"2024-07-24T10:22:32","slug":"ineficacia-e-imprevision","status":"publish","type":"post","link":"https:\/\/www.eldiario.net\/portal\/2024\/07\/24\/ineficacia-e-imprevision\/","title":{"rendered":"Ineficacia e imprevisi\u00f3n"},"content":{"rendered":"<p>Bolivia atraviesa una situaci\u00f3n econ\u00f3mica muy complicada, que es resultado de la ineficacia e imprevisi\u00f3n de los gobiernos de turno que, en su momento, manejaron alegremente los destinos del pa\u00eds. Despilfarraron, desde el 2006, cerca de 49.700 millones de d\u00f3lares, provenientes de la comercializaron del gas (*). Echaron a la borda, pr\u00e1cticamente, ese importante monto econ\u00f3mico, que hubiera sido utilizado para la reconstrucci\u00f3n nacional. Hicieron de las suyas, en la \u00e9poca del auge gas\u00edfero. Ni el campo gas\u00edfero Mayaya podr\u00e1 hacer volver la bonanza de aquellos tiempos.<br \/>\nPero los responsables no podr\u00e1n eludir el juicio de la historia, que recaer\u00e1 con fuerza sobre ellos. Al presente no hay ni una leve se\u00f1al de soluci\u00f3n ante la adversidad econ\u00f3mica. La incertidumbre se advierte entre ricos y pobres. La mayor\u00eda de la poblaci\u00f3n anhela que se recupere la estabilidad en este rubro. Si no se lo logra, tocaremos fondo, viviremos como en pa\u00edses donde se impone el autoritarismo.<br \/>\nDiferentes sectores esperan una pronta soluci\u00f3n al respecto. En caso contrario, amenazan con asumir medidas de hecho que, segun nuestro modo de ver, empeorar\u00edan la situaci\u00f3n, pues el pa\u00eds requiere, trabajo, para solucionar los problemas coyunturales. Productividad, para atraer divisas. Di\u00e1logo y entendimiento, para tener una Bolivia diferente. Esfuerzo com\u00fan para mejorar las condiciones de vida. En ese sentido, los gobernantes deber\u00edan buscar puntos de coincidencia, escuchando planteamientos y exigencias de unos y otros. De tal manera de acabar con la incertidumbre que pretende paralizar la actividad nacional. Que la tozudez y la ceguera no causen el desastre m\u00e1s adelante. Gobernantes y gobernados, deber\u00edan conducirse con la cabeza fr\u00eda, en este momento crucial, para lograr un futuro mejor.<br \/>\nEn este contexto, surgieron los \u201csalvadores\u201d de siempre, que hicieron escarnio de los intereses nacionales. Que hicieron un jolgorio, del poder pol\u00edtico. Que dieron un fest\u00edn a sus correligionarios. Que derrocharon el dinero fiscal, en \u00e9pocas de las vacas gordas por la venta de gas. Que dejaron una pesada carga econ\u00f3mica, que ahora estamos llevando a cuestas. Con un boliviano que, d\u00eda que pasa, pierde su poder adquisitivo.<br \/>\n\u00bfAquellos tendr\u00edan capacidad para recuperar la estabilidad econ\u00f3mica? \u00bfPodr\u00edan devolver la certidumbre a empresarios, trabajadores e informales, para que reinicien sus actividades sin sobresaltos? \u00bfSer\u00eda de inmediato o tendr\u00edan que esperar a\u00f1os? \u00bfC\u00f3mo y de d\u00f3nde obtendr\u00edan d\u00f3lares, para reinyectar al ente emisor? \u00bfQu\u00e9 medidas asumir\u00edan para evitar el gasto p\u00fablico? \u00bfQu\u00e9 tratamiento dar\u00edan a la subvenci\u00f3n a los hidrocarburos? \u00bfQuiz\u00e1 manejan la demagogia, como una estrategia para tomar el Poder y perpetuarse en \u00e9l? \u00bfSon meros charlatanes o angurrientos por el Poder? Esas preguntas circulan en las actuales circunstancias.<br \/>\nEn suma: es imperioso que los pol\u00edticos desechen sus intereses particulares, por el bien com\u00fan.<\/p>\n<p>(*) \u201c24 empresas\u201d. EL DIARIO, La Paz \u2013 Bolivia, 19 de julio de 2024.<\/p>\n","protected":false},"excerpt":{"rendered":"<p>Bolivia atraviesa una situaci\u00f3n econ\u00f3mica muy complicada, que es resultado de la ineficacia e imprevisi\u00f3n de los gobiernos de turno que, en su momento, manejaron alegremente los destinos del pa\u00eds. Despilfarraron, desde el 2006, cerca de 49.700 millones de d\u00f3lares, provenientes de la comercializaron del gas (*). Echaron a la borda, pr\u00e1cticamente, ese importante monto [&hellip;]<\/p>\n","protected":false},"author":1,"featured_media":158618,"comment_status":"open","ping_status":"open","sticky":false,"template":"","format":"standard","meta":{"_acf_changed":false,"footnotes":""},"categories":[9],"tags":[],"class_list":["post-235977","post","type-post","status-publish","format-standard","has-post-thumbnail","category-opinion"],"acf":{"antetitulo":""},"yoast_head":"<!-- This site is optimized with the Yoast SEO plugin v28.4 - https:\/\/yoast.com\/product\/yoast-seo-wordpress\/ -->\n<title>Ineficacia e imprevisi\u00f3n - El Diario - Bolivia<\/title>\n<meta name=\"robots\" content=\"index, follow, max-snippet:-1, max-image-preview:large, max-video-preview:-1\" \/>\n<link rel=\"canonical\" href=\"https:\/\/www.eldiario.net\/portal\/2024\/07\/24\/ineficacia-e-imprevision\/\" \/>\n<meta property=\"og:locale\" content=\"es_ES\" \/>\n<meta property=\"og:type\" content=\"article\" \/>\n<meta property=\"og:title\" content=\"Ineficacia e imprevisi\u00f3n - El Diario - Bolivia\" \/>\n<meta property=\"og:description\" content=\"Bolivia atraviesa una situaci\u00f3n econ\u00f3mica muy complicada, que es resultado de la ineficacia e imprevisi\u00f3n de los gobiernos de turno que, en su momento, manejaron alegremente los destinos del pa\u00eds. Despilfarraron, desde el 2006, cerca de 49.700 millones de d\u00f3lares, provenientes de la comercializaron del gas (*). Echaron a la borda, pr\u00e1cticamente, ese importante monto [&hellip;]\" \/>\n<meta property=\"og:url\" content=\"https:\/\/www.eldiario.net\/portal\/2024\/07\/24\/ineficacia-e-imprevision\/\" \/>\n<meta property=\"og:site_name\" content=\"El Diario - Bolivia\" \/>\n<meta property=\"article:publisher\" content=\"https:\/\/www.facebook.com\/eldiario.bolivia\/\" \/>\n<meta property=\"article:published_time\" content=\"2024-07-24T10:22:32+00:00\" \/>\n<meta property=\"og:image\" content=\"https:\/\/www.eldiario.net\/portal\/wp-content\/uploads\/2023\/06\/Severo-Cruz-1.jpg\" \/>\n\t<meta property=\"og:image:width\" content=\"1200\" \/>\n\t<meta property=\"og:image:height\" content=\"628\" \/>\n\t<meta property=\"og:image:type\" content=\"image\/jpeg\" \/>\n<meta name=\"author\" content=\"Jeanette\" \/>\n<meta name=\"twitter:card\" content=\"summary_large_image\" \/>\n<meta name=\"twitter:creator\" content=\"@eldiario_net\" \/>\n<meta name=\"twitter:site\" content=\"@eldiario_net\" \/>\n<meta name=\"twitter:label1\" content=\"Escrito por\" \/>\n\t<meta name=\"twitter:data1\" content=\"Jeanette\" \/>\n\t<meta name=\"twitter:label2\" content=\"Tiempo de lectura\" \/>\n\t<meta name=\"twitter:data2\" content=\"3 minutos\" \/>\n<script type=\"application\/ld+json\" class=\"yoast-schema-graph\">{\"@context\":\"https:\\\/\\\/schema.org\",\"@graph\":[{\"@type\":\"Article\",\"@id\":\"https:\\\/\\\/www.eldiario.net\\\/portal\\\/2024\\\/07\\\/24\\\/ineficacia-e-imprevision\\\/#article\",\"isPartOf\":{\"@id\":\"https:\\\/\\\/www.eldiario.net\\\/portal\\\/2024\\\/07\\\/24\\\/ineficacia-e-imprevision\\\/\"},\"author\":{\"name\":\"Jeanette\",\"@id\":\"https:\\\/\\\/www.eldiario.net\\\/portal\\\/#\\\/schema\\\/person\\\/f46445640444750d7d753ccd04ae01b7\"},\"headline\":\"Ineficacia e imprevisi\u00f3n\",\"datePublished\":\"2024-07-24T10:22:32+00:00\",\"mainEntityOfPage\":{\"@id\":\"https:\\\/\\\/www.eldiario.net\\\/portal\\\/2024\\\/07\\\/24\\\/ineficacia-e-imprevision\\\/\"},\"wordCount\":504,\"commentCount\":0,\"publisher\":{\"@id\":\"https:\\\/\\\/www.eldiario.net\\\/portal\\\/#organization\"},\"image\":{\"@id\":\"https:\\\/\\\/www.eldiario.net\\\/portal\\\/2024\\\/07\\\/24\\\/ineficacia-e-imprevision\\\/#primaryimage\"},\"thumbnailUrl\":\"https:\\\/\\\/www.eldiario.net\\\/portal\\\/wp-content\\\/uploads\\\/2023\\\/06\\\/Severo-Cruz-1.jpg\",\"articleSection\":[\"Opini\u00f3n\"],\"inLanguage\":\"es\",\"potentialAction\":[{\"@type\":\"CommentAction\",\"name\":\"Comment\",\"target\":[\"https:\\\/\\\/www.eldiario.net\\\/portal\\\/2024\\\/07\\\/24\\\/ineficacia-e-imprevision\\\/#respond\"]}]},{\"@type\":\"WebPage\",\"@id\":\"https:\\\/\\\/www.eldiario.net\\\/portal\\\/2024\\\/07\\\/24\\\/ineficacia-e-imprevision\\\/\",\"url\":\"https:\\\/\\\/www.eldiario.net\\\/portal\\\/2024\\\/07\\\/24\\\/ineficacia-e-imprevision\\\/\",\"name\":\"Ineficacia e imprevisi\u00f3n - El Diario - Bolivia\",\"isPartOf\":{\"@id\":\"https:\\\/\\\/www.eldiario.net\\\/portal\\\/#website\"},\"primaryImageOfPage\":{\"@id\":\"https:\\\/\\\/www.eldiario.net\\\/portal\\\/2024\\\/07\\\/24\\\/ineficacia-e-imprevision\\\/#primaryimage\"},\"image\":{\"@id\":\"https:\\\/\\\/www.eldiario.net\\\/portal\\\/2024\\\/07\\\/24\\\/ineficacia-e-imprevision\\\/#primaryimage\"},\"thumbnailUrl\":\"https:\\\/\\\/www.eldiario.net\\\/portal\\\/wp-content\\\/uploads\\\/2023\\\/06\\\/Severo-Cruz-1.jpg\",\"datePublished\":\"2024-07-24T10:22:32+00:00\",\"breadcrumb\":{\"@id\":\"https:\\\/\\\/www.eldiario.net\\\/portal\\\/2024\\\/07\\\/24\\\/ineficacia-e-imprevision\\\/#breadcrumb\"},\"inLanguage\":\"es\",\"potentialAction\":[{\"@type\":\"ReadAction\",\"target\":[\"https:\\\/\\\/www.eldiario.net\\\/portal\\\/2024\\\/07\\\/24\\\/ineficacia-e-imprevision\\\/\"]}]},{\"@type\":\"ImageObject\",\"inLanguage\":\"es\",\"@id\":\"https:\\\/\\\/www.eldiario.net\\\/portal\\\/2024\\\/07\\\/24\\\/ineficacia-e-imprevision\\\/#primaryimage\",\"url\":\"https:\\\/\\\/www.eldiario.net\\\/portal\\\/wp-content\\\/uploads\\\/2023\\\/06\\\/Severo-Cruz-1.jpg\",\"contentUrl\":\"https:\\\/\\\/www.eldiario.net\\\/portal\\\/wp-content\\\/uploads\\\/2023\\\/06\\\/Severo-Cruz-1.jpg\",\"width\":1200,\"height\":628,\"caption\":\"Severo Cruz Selaez\"},{\"@type\":\"BreadcrumbList\",\"@id\":\"https:\\\/\\\/www.eldiario.net\\\/portal\\\/2024\\\/07\\\/24\\\/ineficacia-e-imprevision\\\/#breadcrumb\",\"itemListElement\":[{\"@type\":\"ListItem\",\"position\":1,\"name\":\"Portada\",\"item\":\"https:\\\/\\\/www.eldiario.net\\\/portal\\\/\"},{\"@type\":\"ListItem\",\"position\":2,\"name\":\"Ineficacia e imprevisi\u00f3n\"}]},{\"@type\":\"WebSite\",\"@id\":\"https:\\\/\\\/www.eldiario.net\\\/portal\\\/#website\",\"url\":\"https:\\\/\\\/www.eldiario.net\\\/portal\\\/\",\"name\":\"El Diario - Decano de la prensa nacional\",\"description\":\"El Diario - Decano de la prensa nacional\",\"publisher\":{\"@id\":\"https:\\\/\\\/www.eldiario.net\\\/portal\\\/#organization\"},\"potentialAction\":[{\"@type\":\"SearchAction\",\"target\":{\"@type\":\"EntryPoint\",\"urlTemplate\":\"https:\\\/\\\/www.eldiario.net\\\/portal\\\/?s={search_term_string}\"},\"query-input\":{\"@type\":\"PropertyValueSpecification\",\"valueRequired\":true,\"valueName\":\"search_term_string\"}}],\"inLanguage\":\"es\"},{\"@type\":\"Organization\",\"@id\":\"https:\\\/\\\/www.eldiario.net\\\/portal\\\/#organization\",\"name\":\"El Diario - Decano de la prensa nacional\",\"url\":\"https:\\\/\\\/www.eldiario.net\\\/portal\\\/\",\"logo\":{\"@type\":\"ImageObject\",\"inLanguage\":\"es\",\"@id\":\"https:\\\/\\\/www.eldiario.net\\\/portal\\\/#\\\/schema\\\/logo\\\/image\\\/\",\"url\":\"https:\\\/\\\/www.eldiario.net\\\/portal\\\/wp-content\\\/uploads\\\/2023\\\/07\\\/logo_ED.jpg\",\"contentUrl\":\"https:\\\/\\\/www.eldiario.net\\\/portal\\\/wp-content\\\/uploads\\\/2023\\\/07\\\/logo_ED.jpg\",\"width\":272,\"height\":52,\"caption\":\"El Diario - Decano de la prensa nacional\"},\"image\":{\"@id\":\"https:\\\/\\\/www.eldiario.net\\\/portal\\\/#\\\/schema\\\/logo\\\/image\\\/\"},\"sameAs\":[\"https:\\\/\\\/www.facebook.com\\\/eldiario.bolivia\\\/\",\"https:\\\/\\\/x.com\\\/eldiario_net\"]},{\"@type\":\"Person\",\"@id\":\"https:\\\/\\\/www.eldiario.net\\\/portal\\\/#\\\/schema\\\/person\\\/f46445640444750d7d753ccd04ae01b7\",\"name\":\"Jeanette\",\"image\":{\"@type\":\"ImageObject\",\"inLanguage\":\"es\",\"@id\":\"https:\\\/\\\/secure.gravatar.com\\\/avatar\\\/3ea2118a5f7dad2b7138b1187a6b7ee55f160b9968b66013c3a3ef39dd7e5798?s=96&d=mm&r=g\",\"url\":\"https:\\\/\\\/secure.gravatar.com\\\/avatar\\\/3ea2118a5f7dad2b7138b1187a6b7ee55f160b9968b66013c3a3ef39dd7e5798?s=96&d=mm&r=g\",\"contentUrl\":\"https:\\\/\\\/secure.gravatar.com\\\/avatar\\\/3ea2118a5f7dad2b7138b1187a6b7ee55f160b9968b66013c3a3ef39dd7e5798?s=96&d=mm&r=g\",\"caption\":\"Jeanette\"},\"sameAs\":[\"https:\\\/\\\/www.eldiario.net\\\/portal\"],\"url\":\"https:\\\/\\\/www.eldiario.net\\\/portal\\\/author\\\/jeanette\\\/\"}]}<\/script>\n<!-- \/ Yoast SEO plugin. -->","yoast_head_json":{"title":"Ineficacia e imprevisi\u00f3n - El Diario - Bolivia","robots":{"index":"index","follow":"follow","max-snippet":"max-snippet:-1","max-image-preview":"max-image-preview:large","max-video-preview":"max-video-preview:-1"},"canonical":"https:\/\/www.eldiario.net\/portal\/2024\/07\/24\/ineficacia-e-imprevision\/","og_locale":"es_ES","og_type":"article","og_title":"Ineficacia e imprevisi\u00f3n - El Diario - Bolivia","og_description":"Bolivia atraviesa una situaci\u00f3n econ\u00f3mica muy complicada, que es resultado de la ineficacia e imprevisi\u00f3n de los gobiernos de turno que, en su momento, manejaron alegremente los destinos del pa\u00eds. Despilfarraron, desde el 2006, cerca de 49.700 millones de d\u00f3lares, provenientes de la comercializaron del gas (*). Echaron a la borda, pr\u00e1cticamente, ese importante monto [&hellip;]","og_url":"https:\/\/www.eldiario.net\/portal\/2024\/07\/24\/ineficacia-e-imprevision\/","og_site_name":"El Diario - Bolivia","article_publisher":"https:\/\/www.facebook.com\/eldiario.bolivia\/","article_published_time":"2024-07-24T10:22:32+00:00","og_image":[{"width":1200,"height":628,"url":"https:\/\/www.eldiario.net\/portal\/wp-content\/uploads\/2023\/06\/Severo-Cruz-1.jpg","type":"image\/jpeg"}],"author":"Jeanette","twitter_card":"summary_large_image","twitter_creator":"@eldiario_net","twitter_site":"@eldiario_net","twitter_misc":{"Escrito por":"Jeanette","Tiempo de lectura":"3 minutos"},"schema":{"@context":"https:\/\/schema.org","@graph":[{"@type":"Article","@id":"https:\/\/www.eldiario.net\/portal\/2024\/07\/24\/ineficacia-e-imprevision\/#article","isPartOf":{"@id":"https:\/\/www.eldiario.net\/portal\/2024\/07\/24\/ineficacia-e-imprevision\/"},"author":{"name":"Jeanette","@id":"https:\/\/www.eldiario.net\/portal\/#\/schema\/person\/f46445640444750d7d753ccd04ae01b7"},"headline":"Ineficacia e imprevisi\u00f3n","datePublished":"2024-07-24T10:22:32+00:00","mainEntityOfPage":{"@id":"https:\/\/www.eldiario.net\/portal\/2024\/07\/24\/ineficacia-e-imprevision\/"},"wordCount":504,"commentCount":0,"publisher":{"@id":"https:\/\/www.eldiario.net\/portal\/#organization"},"image":{"@id":"https:\/\/www.eldiario.net\/portal\/2024\/07\/24\/ineficacia-e-imprevision\/#primaryimage"},"thumbnailUrl":"https:\/\/www.eldiario.net\/portal\/wp-content\/uploads\/2023\/06\/Severo-Cruz-1.jpg","articleSection":["Opini\u00f3n"],"inLanguage":"es","potentialAction":[{"@type":"CommentAction","name":"Comment","target":["https:\/\/www.eldiario.net\/portal\/2024\/07\/24\/ineficacia-e-imprevision\/#respond"]}]},{"@type":"WebPage","@id":"https:\/\/www.eldiario.net\/portal\/2024\/07\/24\/ineficacia-e-imprevision\/","url":"https:\/\/www.eldiario.net\/portal\/2024\/07\/24\/ineficacia-e-imprevision\/","name":"Ineficacia e imprevisi\u00f3n - El Diario - Bolivia","isPartOf":{"@id":"https:\/\/www.eldiario.net\/portal\/#website"},"primaryImageOfPage":{"@id":"https:\/\/www.eldiario.net\/portal\/2024\/07\/24\/ineficacia-e-imprevision\/#primaryimage"},"image":{"@id":"https:\/\/www.eldiario.net\/portal\/2024\/07\/24\/ineficacia-e-imprevision\/#primaryimage"},"thumbnailUrl":"https:\/\/www.eldiario.net\/portal\/wp-content\/uploads\/2023\/06\/Severo-Cruz-1.jpg","datePublished":"2024-07-24T10:22:32+00:00","breadcrumb":{"@id":"https:\/\/www.eldiario.net\/portal\/2024\/07\/24\/ineficacia-e-imprevision\/#breadcrumb"},"inLanguage":"es","potentialAction":[{"@type":"ReadAction","target":["https:\/\/www.eldiario.net\/portal\/2024\/07\/24\/ineficacia-e-imprevision\/"]}]},{"@type":"ImageObject","inLanguage":"es","@id":"https:\/\/www.eldiario.net\/portal\/2024\/07\/24\/ineficacia-e-imprevision\/#primaryimage","url":"https:\/\/www.eldiario.net\/portal\/wp-content\/uploads\/2023\/06\/Severo-Cruz-1.jpg","contentUrl":"https:\/\/www.eldiario.net\/portal\/wp-content\/uploads\/2023\/06\/Severo-Cruz-1.jpg","width":1200,"height":628,"caption":"Severo Cruz Selaez"},{"@type":"BreadcrumbList","@id":"https:\/\/www.eldiario.net\/portal\/2024\/07\/24\/ineficacia-e-imprevision\/#breadcrumb","itemListElement":[{"@type":"ListItem","position":1,"name":"Portada","item":"https:\/\/www.eldiario.net\/portal\/"},{"@type":"ListItem","position":2,"name":"Ineficacia e imprevisi\u00f3n"}]},{"@type":"WebSite","@id":"https:\/\/www.eldiario.net\/portal\/#website","url":"https:\/\/www.eldiario.net\/portal\/","name":"El Diario - Decano de la prensa nacional","description":"El Diario - Decano de la prensa nacional","publisher":{"@id":"https:\/\/www.eldiario.net\/portal\/#organization"},"potentialAction":[{"@type":"SearchAction","target":{"@type":"EntryPoint","urlTemplate":"https:\/\/www.eldiario.net\/portal\/?s={search_term_string}"},"query-input":{"@type":"PropertyValueSpecification","valueRequired":true,"valueName":"search_term_string"}}],"inLanguage":"es"},{"@type":"Organization","@id":"https:\/\/www.eldiario.net\/portal\/#organization","name":"El Diario - Decano de la prensa nacional","url":"https:\/\/www.eldiario.net\/portal\/","logo":{"@type":"ImageObject","inLanguage":"es","@id":"https:\/\/www.eldiario.net\/portal\/#\/schema\/logo\/image\/","url":"https:\/\/www.eldiario.net\/portal\/wp-content\/uploads\/2023\/07\/logo_ED.jpg","contentUrl":"https:\/\/www.eldiario.net\/portal\/wp-content\/uploads\/2023\/07\/logo_ED.jpg","width":272,"height":52,"caption":"El Diario - Decano de la prensa nacional"},"image":{"@id":"https:\/\/www.eldiario.net\/portal\/#\/schema\/logo\/image\/"},"sameAs":["https:\/\/www.facebook.com\/eldiario.bolivia\/","https:\/\/x.com\/eldiario_net"]},{"@type":"Person","@id":"https:\/\/www.eldiario.net\/portal\/#\/schema\/person\/f46445640444750d7d753ccd04ae01b7","name":"Jeanette","image":{"@type":"ImageObject","inLanguage":"es","@id":"https:\/\/secure.gravatar.com\/avatar\/3ea2118a5f7dad2b7138b1187a6b7ee55f160b9968b66013c3a3ef39dd7e5798?s=96&d=mm&r=g","url":"https:\/\/secure.gravatar.com\/avatar\/3ea2118a5f7dad2b7138b1187a6b7ee55f160b9968b66013c3a3ef39dd7e5798?s=96&d=mm&r=g","contentUrl":"https:\/\/secure.gravatar.com\/avatar\/3ea2118a5f7dad2b7138b1187a6b7ee55f160b9968b66013c3a3ef39dd7e5798?s=96&d=mm&r=g","caption":"Jeanette"},"sameAs":["https:\/\/www.eldiario.net\/portal"],"url":"https:\/\/www.eldiario.net\/portal\/author\/jeanette\/"}]}},"_links":{"self":[{"href":"https:\/\/www.eldiario.net\/portal\/wp-json\/wp\/v2\/posts\/235977","targetHints":{"allow":["GET"]}}],"collection":[{"href":"https:\/\/www.eldiario.net\/portal\/wp-json\/wp\/v2\/posts"}],"about":[{"href":"https:\/\/www.eldiario.net\/portal\/wp-json\/wp\/v2\/types\/post"}],"author":[{"embeddable":true,"href":"https:\/\/www.eldiario.net\/portal\/wp-json\/wp\/v2\/users\/1"}],"replies":[{"embeddable":true,"href":"https:\/\/www.eldiario.net\/portal\/wp-json\/wp\/v2\/comments?post=235977"}],"version-history":[{"count":1,"href":"https:\/\/www.eldiario.net\/portal\/wp-json\/wp\/v2\/posts\/235977\/revisions"}],"predecessor-version":[{"id":235978,"href":"https:\/\/www.eldiario.net\/portal\/wp-json\/wp\/v2\/posts\/235977\/revisions\/235978"}],"wp:featuredmedia":[{"embeddable":true,"href":"https:\/\/www.eldiario.net\/portal\/wp-json\/wp\/v2\/media\/158618"}],"wp:attachment":[{"href":"https:\/\/www.eldiario.net\/portal\/wp-json\/wp\/v2\/media?parent=235977"}],"wp:term":[{"taxonomy":"category","embeddable":true,"href":"https:\/\/www.eldiario.net\/portal\/wp-json\/wp\/v2\/categories?post=235977"},{"taxonomy":"post_tag","embeddable":true,"href":"https:\/\/www.eldiario.net\/portal\/wp-json\/wp\/v2\/tags?post=235977"}],"curies":[{"name":"wp","href":"https:\/\/api.w.org\/{rel}","templated":true}]}}