{"id":235969,"date":"2024-07-24T06:20:27","date_gmt":"2024-07-24T10:20:27","guid":{"rendered":"https:\/\/www.eldiario.net\/portal\/?p=235969"},"modified":"2024-07-24T06:20:27","modified_gmt":"2024-07-24T10:20:27","slug":"obras-de-la-placa-zilvetti-y-lara-en-subasta","status":"publish","type":"post","link":"https:\/\/www.eldiario.net\/portal\/2024\/07\/24\/obras-de-la-placa-zilvetti-y-lara-en-subasta\/","title":{"rendered":"Obras de La Placa, Zilvetti y Lara en subasta"},"content":{"rendered":"<p>Con obras de Alfredo La Placa, Luis Zilvetti y Ra\u00fal Lara, adem\u00e1s del trabajo m\u00e1s representativo de una treintena de artistas bolivianos, el BCP y Galer\u00eda Altamira convocan para hoy mi\u00e9rcoles 24 de julio, a la s\u00e9ptima edici\u00f3n de la subasta de arte en beneficio de la campa\u00f1a \u201cOperaci\u00f3n Sonrisa\u201d.<br \/>\nEl evento, que se ha convertido en una parada obligatoria en el itinerario de las actividades culturales anuales, se realizar\u00e1 en el sal\u00f3n principal del hotel Casa Grande de la ciudad de La Paz, a las 19:00 horas, pero tambi\u00e9n se podr\u00e1 seguir desde otros puntos del pa\u00eds y el extranjero, a trav\u00e9s de la plataforma zoom.<br \/>\n\u201cEstamos muy satisfechos como siempre de sumar el talento de nuestros artistas, la capacidad organizativa de Galer\u00eda Altamira, el compromiso del BCP y la solidaridad de nuestros invitados para aportar una vez m\u00e1s a una causa de tanta importancia y sensibilidad como es Operaci\u00f3n Sonrisa\u201d, se\u00f1ala el gerente de Divisi\u00f3n Finanzas y Mercado de Capitales del BCP, Christian Hausherr.<br \/>\nDurante m\u00e1s de una d\u00e9cada, Operaci\u00f3n Sonrisa ha beneficiado con cirug\u00edas gratuitas de paladar hendido y labio fisurado a m\u00e1s de 4 mil ni\u00f1as y ni\u00f1os de diferentes regiones del pa\u00eds, en lo que constituye una de las campa\u00f1as m\u00e1s exitosas que se hayan emprendido en el campo de la salud.<br \/>\n\u201cLa continuidad de este esfuerzo confirma la vocaci\u00f3n del BCP por aportar a causas que tienen impacto en la vida de la gente, en este caso la de ni\u00f1as y ni\u00f1os que, gracias a las intervenciones quir\u00fargicas gratuitas, pueden superar un padecimiento y recuperar una sonrisa plena\u201d, refiere el ejecutivo.<br \/>\nEn la s\u00e9ptima versi\u00f3n de la subasta, aparte de la obra de pintores de referencia en el arte boliviano, como Alfredo La Placa y Ra\u00fal Lara, tambi\u00e9n podr\u00e1n adquirirse trabajos de Mario Conde, Rosemary Mamani, \u00c1ngeles Fabri y Patricia Mariaca, entre otros.<\/p>\n","protected":false},"excerpt":{"rendered":"<p>Con obras de Alfredo La Placa, Luis Zilvetti y Ra\u00fal Lara, adem\u00e1s del trabajo m\u00e1s representativo de una treintena de artistas bolivianos, el BCP y Galer\u00eda Altamira convocan para hoy mi\u00e9rcoles 24 de julio, a la s\u00e9ptima edici\u00f3n de la subasta de arte en beneficio de la campa\u00f1a \u201cOperaci\u00f3n Sonrisa\u201d. El evento, que se ha [&hellip;]<\/p>\n","protected":false},"author":1,"featured_media":235970,"comment_status":"open","ping_status":"open","sticky":false,"template":"","format":"standard","meta":{"_acf_changed":false,"footnotes":""},"categories":[8],"tags":[],"class_list":["post-235969","post","type-post","status-publish","format-standard","has-post-thumbnail","category-cultural"],"acf":{"antetitulo":"Operaci\u00f3n Sonrisa"},"yoast_head":"<!-- This site is optimized with the Yoast SEO plugin v28.4 - https:\/\/yoast.com\/product\/yoast-seo-wordpress\/ -->\n<title>Obras de La Placa, Zilvetti y Lara en subasta - El Diario - Bolivia<\/title>\n<meta name=\"robots\" content=\"index, follow, max-snippet:-1, max-image-preview:large, max-video-preview:-1\" \/>\n<link rel=\"canonical\" href=\"https:\/\/www.eldiario.net\/portal\/2024\/07\/24\/obras-de-la-placa-zilvetti-y-lara-en-subasta\/\" \/>\n<meta property=\"og:locale\" content=\"es_ES\" \/>\n<meta property=\"og:type\" content=\"article\" \/>\n<meta property=\"og:title\" content=\"Obras de La Placa, Zilvetti y Lara en subasta - El Diario - Bolivia\" \/>\n<meta property=\"og:description\" content=\"Con obras de Alfredo La Placa, Luis Zilvetti y Ra\u00fal Lara, adem\u00e1s del trabajo m\u00e1s representativo de una treintena de artistas bolivianos, el BCP y Galer\u00eda Altamira convocan para hoy mi\u00e9rcoles 24 de julio, a la s\u00e9ptima edici\u00f3n de la subasta de arte en beneficio de la campa\u00f1a \u201cOperaci\u00f3n Sonrisa\u201d. El evento, que se ha [&hellip;]\" \/>\n<meta property=\"og:url\" content=\"https:\/\/www.eldiario.net\/portal\/2024\/07\/24\/obras-de-la-placa-zilvetti-y-lara-en-subasta\/\" \/>\n<meta property=\"og:site_name\" content=\"El Diario - Bolivia\" \/>\n<meta property=\"article:publisher\" content=\"https:\/\/www.facebook.com\/eldiario.bolivia\/\" \/>\n<meta property=\"article:published_time\" content=\"2024-07-24T10:20:27+00:00\" \/>\n<meta property=\"og:image\" content=\"https:\/\/www.eldiario.net\/portal\/wp-content\/uploads\/2024\/07\/SUBASTA.jpeg\" \/>\n\t<meta property=\"og:image:width\" content=\"1388\" \/>\n\t<meta property=\"og:image:height\" content=\"932\" \/>\n\t<meta property=\"og:image:type\" content=\"image\/jpeg\" \/>\n<meta name=\"author\" content=\"Jeanette\" \/>\n<meta name=\"twitter:card\" content=\"summary_large_image\" \/>\n<meta name=\"twitter:creator\" content=\"@eldiario_net\" \/>\n<meta name=\"twitter:site\" content=\"@eldiario_net\" \/>\n<meta name=\"twitter:label1\" content=\"Escrito por\" \/>\n\t<meta name=\"twitter:data1\" content=\"Jeanette\" \/>\n\t<meta name=\"twitter:label2\" content=\"Tiempo de lectura\" \/>\n\t<meta name=\"twitter:data2\" content=\"2 minutos\" \/>\n<script type=\"application\/ld+json\" class=\"yoast-schema-graph\">{\"@context\":\"https:\\\/\\\/schema.org\",\"@graph\":[{\"@type\":\"Article\",\"@id\":\"https:\\\/\\\/www.eldiario.net\\\/portal\\\/2024\\\/07\\\/24\\\/obras-de-la-placa-zilvetti-y-lara-en-subasta\\\/#article\",\"isPartOf\":{\"@id\":\"https:\\\/\\\/www.eldiario.net\\\/portal\\\/2024\\\/07\\\/24\\\/obras-de-la-placa-zilvetti-y-lara-en-subasta\\\/\"},\"author\":{\"name\":\"Jeanette\",\"@id\":\"https:\\\/\\\/www.eldiario.net\\\/portal\\\/#\\\/schema\\\/person\\\/f46445640444750d7d753ccd04ae01b7\"},\"headline\":\"Obras de La Placa, Zilvetti y Lara en subasta\",\"datePublished\":\"2024-07-24T10:20:27+00:00\",\"mainEntityOfPage\":{\"@id\":\"https:\\\/\\\/www.eldiario.net\\\/portal\\\/2024\\\/07\\\/24\\\/obras-de-la-placa-zilvetti-y-lara-en-subasta\\\/\"},\"wordCount\":352,\"commentCount\":0,\"publisher\":{\"@id\":\"https:\\\/\\\/www.eldiario.net\\\/portal\\\/#organization\"},\"image\":{\"@id\":\"https:\\\/\\\/www.eldiario.net\\\/portal\\\/2024\\\/07\\\/24\\\/obras-de-la-placa-zilvetti-y-lara-en-subasta\\\/#primaryimage\"},\"thumbnailUrl\":\"https:\\\/\\\/www.eldiario.net\\\/portal\\\/wp-content\\\/uploads\\\/2024\\\/07\\\/SUBASTA.jpeg\",\"articleSection\":[\"Cultural\"],\"inLanguage\":\"es\",\"potentialAction\":[{\"@type\":\"CommentAction\",\"name\":\"Comment\",\"target\":[\"https:\\\/\\\/www.eldiario.net\\\/portal\\\/2024\\\/07\\\/24\\\/obras-de-la-placa-zilvetti-y-lara-en-subasta\\\/#respond\"]}]},{\"@type\":\"WebPage\",\"@id\":\"https:\\\/\\\/www.eldiario.net\\\/portal\\\/2024\\\/07\\\/24\\\/obras-de-la-placa-zilvetti-y-lara-en-subasta\\\/\",\"url\":\"https:\\\/\\\/www.eldiario.net\\\/portal\\\/2024\\\/07\\\/24\\\/obras-de-la-placa-zilvetti-y-lara-en-subasta\\\/\",\"name\":\"Obras de La Placa, Zilvetti y Lara en subasta - El Diario - Bolivia\",\"isPartOf\":{\"@id\":\"https:\\\/\\\/www.eldiario.net\\\/portal\\\/#website\"},\"primaryImageOfPage\":{\"@id\":\"https:\\\/\\\/www.eldiario.net\\\/portal\\\/2024\\\/07\\\/24\\\/obras-de-la-placa-zilvetti-y-lara-en-subasta\\\/#primaryimage\"},\"image\":{\"@id\":\"https:\\\/\\\/www.eldiario.net\\\/portal\\\/2024\\\/07\\\/24\\\/obras-de-la-placa-zilvetti-y-lara-en-subasta\\\/#primaryimage\"},\"thumbnailUrl\":\"https:\\\/\\\/www.eldiario.net\\\/portal\\\/wp-content\\\/uploads\\\/2024\\\/07\\\/SUBASTA.jpeg\",\"datePublished\":\"2024-07-24T10:20:27+00:00\",\"breadcrumb\":{\"@id\":\"https:\\\/\\\/www.eldiario.net\\\/portal\\\/2024\\\/07\\\/24\\\/obras-de-la-placa-zilvetti-y-lara-en-subasta\\\/#breadcrumb\"},\"inLanguage\":\"es\",\"potentialAction\":[{\"@type\":\"ReadAction\",\"target\":[\"https:\\\/\\\/www.eldiario.net\\\/portal\\\/2024\\\/07\\\/24\\\/obras-de-la-placa-zilvetti-y-lara-en-subasta\\\/\"]}]},{\"@type\":\"ImageObject\",\"inLanguage\":\"es\",\"@id\":\"https:\\\/\\\/www.eldiario.net\\\/portal\\\/2024\\\/07\\\/24\\\/obras-de-la-placa-zilvetti-y-lara-en-subasta\\\/#primaryimage\",\"url\":\"https:\\\/\\\/www.eldiario.net\\\/portal\\\/wp-content\\\/uploads\\\/2024\\\/07\\\/SUBASTA.jpeg\",\"contentUrl\":\"https:\\\/\\\/www.eldiario.net\\\/portal\\\/wp-content\\\/uploads\\\/2024\\\/07\\\/SUBASTA.jpeg\",\"width\":1388,\"height\":932,\"caption\":\"UNA DE LAS OBRAS DE ARTE QUE SER\u00c1 SUBASTADA EN FAVOR DE \u201cOPERACI\u00d3N SONRISA\u201d.\"},{\"@type\":\"BreadcrumbList\",\"@id\":\"https:\\\/\\\/www.eldiario.net\\\/portal\\\/2024\\\/07\\\/24\\\/obras-de-la-placa-zilvetti-y-lara-en-subasta\\\/#breadcrumb\",\"itemListElement\":[{\"@type\":\"ListItem\",\"position\":1,\"name\":\"Portada\",\"item\":\"https:\\\/\\\/www.eldiario.net\\\/portal\\\/\"},{\"@type\":\"ListItem\",\"position\":2,\"name\":\"Obras de La Placa, Zilvetti y Lara en subasta\"}]},{\"@type\":\"WebSite\",\"@id\":\"https:\\\/\\\/www.eldiario.net\\\/portal\\\/#website\",\"url\":\"https:\\\/\\\/www.eldiario.net\\\/portal\\\/\",\"name\":\"El Diario - Decano de la prensa nacional\",\"description\":\"El Diario - Decano de la prensa nacional\",\"publisher\":{\"@id\":\"https:\\\/\\\/www.eldiario.net\\\/portal\\\/#organization\"},\"potentialAction\":[{\"@type\":\"SearchAction\",\"target\":{\"@type\":\"EntryPoint\",\"urlTemplate\":\"https:\\\/\\\/www.eldiario.net\\\/portal\\\/?s={search_term_string}\"},\"query-input\":{\"@type\":\"PropertyValueSpecification\",\"valueRequired\":true,\"valueName\":\"search_term_string\"}}],\"inLanguage\":\"es\"},{\"@type\":\"Organization\",\"@id\":\"https:\\\/\\\/www.eldiario.net\\\/portal\\\/#organization\",\"name\":\"El Diario - Decano de la prensa nacional\",\"url\":\"https:\\\/\\\/www.eldiario.net\\\/portal\\\/\",\"logo\":{\"@type\":\"ImageObject\",\"inLanguage\":\"es\",\"@id\":\"https:\\\/\\\/www.eldiario.net\\\/portal\\\/#\\\/schema\\\/logo\\\/image\\\/\",\"url\":\"https:\\\/\\\/www.eldiario.net\\\/portal\\\/wp-content\\\/uploads\\\/2023\\\/07\\\/logo_ED.jpg\",\"contentUrl\":\"https:\\\/\\\/www.eldiario.net\\\/portal\\\/wp-content\\\/uploads\\\/2023\\\/07\\\/logo_ED.jpg\",\"width\":272,\"height\":52,\"caption\":\"El Diario - Decano de la prensa nacional\"},\"image\":{\"@id\":\"https:\\\/\\\/www.eldiario.net\\\/portal\\\/#\\\/schema\\\/logo\\\/image\\\/\"},\"sameAs\":[\"https:\\\/\\\/www.facebook.com\\\/eldiario.bolivia\\\/\",\"https:\\\/\\\/x.com\\\/eldiario_net\"]},{\"@type\":\"Person\",\"@id\":\"https:\\\/\\\/www.eldiario.net\\\/portal\\\/#\\\/schema\\\/person\\\/f46445640444750d7d753ccd04ae01b7\",\"name\":\"Jeanette\",\"image\":{\"@type\":\"ImageObject\",\"inLanguage\":\"es\",\"@id\":\"https:\\\/\\\/secure.gravatar.com\\\/avatar\\\/3ea2118a5f7dad2b7138b1187a6b7ee55f160b9968b66013c3a3ef39dd7e5798?s=96&d=mm&r=g\",\"url\":\"https:\\\/\\\/secure.gravatar.com\\\/avatar\\\/3ea2118a5f7dad2b7138b1187a6b7ee55f160b9968b66013c3a3ef39dd7e5798?s=96&d=mm&r=g\",\"contentUrl\":\"https:\\\/\\\/secure.gravatar.com\\\/avatar\\\/3ea2118a5f7dad2b7138b1187a6b7ee55f160b9968b66013c3a3ef39dd7e5798?s=96&d=mm&r=g\",\"caption\":\"Jeanette\"},\"sameAs\":[\"https:\\\/\\\/www.eldiario.net\\\/portal\"],\"url\":\"https:\\\/\\\/www.eldiario.net\\\/portal\\\/author\\\/jeanette\\\/\"}]}<\/script>\n<!-- \/ Yoast SEO plugin. -->","yoast_head_json":{"title":"Obras de La Placa, Zilvetti y Lara en subasta - El Diario - Bolivia","robots":{"index":"index","follow":"follow","max-snippet":"max-snippet:-1","max-image-preview":"max-image-preview:large","max-video-preview":"max-video-preview:-1"},"canonical":"https:\/\/www.eldiario.net\/portal\/2024\/07\/24\/obras-de-la-placa-zilvetti-y-lara-en-subasta\/","og_locale":"es_ES","og_type":"article","og_title":"Obras de La Placa, Zilvetti y Lara en subasta - El Diario - Bolivia","og_description":"Con obras de Alfredo La Placa, Luis Zilvetti y Ra\u00fal Lara, adem\u00e1s del trabajo m\u00e1s representativo de una treintena de artistas bolivianos, el BCP y Galer\u00eda Altamira convocan para hoy mi\u00e9rcoles 24 de julio, a la s\u00e9ptima edici\u00f3n de la subasta de arte en beneficio de la campa\u00f1a \u201cOperaci\u00f3n Sonrisa\u201d. El evento, que se ha [&hellip;]","og_url":"https:\/\/www.eldiario.net\/portal\/2024\/07\/24\/obras-de-la-placa-zilvetti-y-lara-en-subasta\/","og_site_name":"El Diario - Bolivia","article_publisher":"https:\/\/www.facebook.com\/eldiario.bolivia\/","article_published_time":"2024-07-24T10:20:27+00:00","og_image":[{"width":1388,"height":932,"url":"https:\/\/www.eldiario.net\/portal\/wp-content\/uploads\/2024\/07\/SUBASTA.jpeg","type":"image\/jpeg"}],"author":"Jeanette","twitter_card":"summary_large_image","twitter_creator":"@eldiario_net","twitter_site":"@eldiario_net","twitter_misc":{"Escrito por":"Jeanette","Tiempo de lectura":"2 minutos"},"schema":{"@context":"https:\/\/schema.org","@graph":[{"@type":"Article","@id":"https:\/\/www.eldiario.net\/portal\/2024\/07\/24\/obras-de-la-placa-zilvetti-y-lara-en-subasta\/#article","isPartOf":{"@id":"https:\/\/www.eldiario.net\/portal\/2024\/07\/24\/obras-de-la-placa-zilvetti-y-lara-en-subasta\/"},"author":{"name":"Jeanette","@id":"https:\/\/www.eldiario.net\/portal\/#\/schema\/person\/f46445640444750d7d753ccd04ae01b7"},"headline":"Obras de La Placa, Zilvetti y Lara en subasta","datePublished":"2024-07-24T10:20:27+00:00","mainEntityOfPage":{"@id":"https:\/\/www.eldiario.net\/portal\/2024\/07\/24\/obras-de-la-placa-zilvetti-y-lara-en-subasta\/"},"wordCount":352,"commentCount":0,"publisher":{"@id":"https:\/\/www.eldiario.net\/portal\/#organization"},"image":{"@id":"https:\/\/www.eldiario.net\/portal\/2024\/07\/24\/obras-de-la-placa-zilvetti-y-lara-en-subasta\/#primaryimage"},"thumbnailUrl":"https:\/\/www.eldiario.net\/portal\/wp-content\/uploads\/2024\/07\/SUBASTA.jpeg","articleSection":["Cultural"],"inLanguage":"es","potentialAction":[{"@type":"CommentAction","name":"Comment","target":["https:\/\/www.eldiario.net\/portal\/2024\/07\/24\/obras-de-la-placa-zilvetti-y-lara-en-subasta\/#respond"]}]},{"@type":"WebPage","@id":"https:\/\/www.eldiario.net\/portal\/2024\/07\/24\/obras-de-la-placa-zilvetti-y-lara-en-subasta\/","url":"https:\/\/www.eldiario.net\/portal\/2024\/07\/24\/obras-de-la-placa-zilvetti-y-lara-en-subasta\/","name":"Obras de La Placa, Zilvetti y Lara en subasta - El Diario - Bolivia","isPartOf":{"@id":"https:\/\/www.eldiario.net\/portal\/#website"},"primaryImageOfPage":{"@id":"https:\/\/www.eldiario.net\/portal\/2024\/07\/24\/obras-de-la-placa-zilvetti-y-lara-en-subasta\/#primaryimage"},"image":{"@id":"https:\/\/www.eldiario.net\/portal\/2024\/07\/24\/obras-de-la-placa-zilvetti-y-lara-en-subasta\/#primaryimage"},"thumbnailUrl":"https:\/\/www.eldiario.net\/portal\/wp-content\/uploads\/2024\/07\/SUBASTA.jpeg","datePublished":"2024-07-24T10:20:27+00:00","breadcrumb":{"@id":"https:\/\/www.eldiario.net\/portal\/2024\/07\/24\/obras-de-la-placa-zilvetti-y-lara-en-subasta\/#breadcrumb"},"inLanguage":"es","potentialAction":[{"@type":"ReadAction","target":["https:\/\/www.eldiario.net\/portal\/2024\/07\/24\/obras-de-la-placa-zilvetti-y-lara-en-subasta\/"]}]},{"@type":"ImageObject","inLanguage":"es","@id":"https:\/\/www.eldiario.net\/portal\/2024\/07\/24\/obras-de-la-placa-zilvetti-y-lara-en-subasta\/#primaryimage","url":"https:\/\/www.eldiario.net\/portal\/wp-content\/uploads\/2024\/07\/SUBASTA.jpeg","contentUrl":"https:\/\/www.eldiario.net\/portal\/wp-content\/uploads\/2024\/07\/SUBASTA.jpeg","width":1388,"height":932,"caption":"UNA DE LAS OBRAS DE ARTE QUE SER\u00c1 SUBASTADA EN FAVOR DE \u201cOPERACI\u00d3N SONRISA\u201d."},{"@type":"BreadcrumbList","@id":"https:\/\/www.eldiario.net\/portal\/2024\/07\/24\/obras-de-la-placa-zilvetti-y-lara-en-subasta\/#breadcrumb","itemListElement":[{"@type":"ListItem","position":1,"name":"Portada","item":"https:\/\/www.eldiario.net\/portal\/"},{"@type":"ListItem","position":2,"name":"Obras de La Placa, Zilvetti y Lara en subasta"}]},{"@type":"WebSite","@id":"https:\/\/www.eldiario.net\/portal\/#website","url":"https:\/\/www.eldiario.net\/portal\/","name":"El Diario - Decano de la prensa nacional","description":"El Diario - Decano de la prensa nacional","publisher":{"@id":"https:\/\/www.eldiario.net\/portal\/#organization"},"potentialAction":[{"@type":"SearchAction","target":{"@type":"EntryPoint","urlTemplate":"https:\/\/www.eldiario.net\/portal\/?s={search_term_string}"},"query-input":{"@type":"PropertyValueSpecification","valueRequired":true,"valueName":"search_term_string"}}],"inLanguage":"es"},{"@type":"Organization","@id":"https:\/\/www.eldiario.net\/portal\/#organization","name":"El Diario - Decano de la prensa nacional","url":"https:\/\/www.eldiario.net\/portal\/","logo":{"@type":"ImageObject","inLanguage":"es","@id":"https:\/\/www.eldiario.net\/portal\/#\/schema\/logo\/image\/","url":"https:\/\/www.eldiario.net\/portal\/wp-content\/uploads\/2023\/07\/logo_ED.jpg","contentUrl":"https:\/\/www.eldiario.net\/portal\/wp-content\/uploads\/2023\/07\/logo_ED.jpg","width":272,"height":52,"caption":"El Diario - Decano de la prensa nacional"},"image":{"@id":"https:\/\/www.eldiario.net\/portal\/#\/schema\/logo\/image\/"},"sameAs":["https:\/\/www.facebook.com\/eldiario.bolivia\/","https:\/\/x.com\/eldiario_net"]},{"@type":"Person","@id":"https:\/\/www.eldiario.net\/portal\/#\/schema\/person\/f46445640444750d7d753ccd04ae01b7","name":"Jeanette","image":{"@type":"ImageObject","inLanguage":"es","@id":"https:\/\/secure.gravatar.com\/avatar\/3ea2118a5f7dad2b7138b1187a6b7ee55f160b9968b66013c3a3ef39dd7e5798?s=96&d=mm&r=g","url":"https:\/\/secure.gravatar.com\/avatar\/3ea2118a5f7dad2b7138b1187a6b7ee55f160b9968b66013c3a3ef39dd7e5798?s=96&d=mm&r=g","contentUrl":"https:\/\/secure.gravatar.com\/avatar\/3ea2118a5f7dad2b7138b1187a6b7ee55f160b9968b66013c3a3ef39dd7e5798?s=96&d=mm&r=g","caption":"Jeanette"},"sameAs":["https:\/\/www.eldiario.net\/portal"],"url":"https:\/\/www.eldiario.net\/portal\/author\/jeanette\/"}]}},"_links":{"self":[{"href":"https:\/\/www.eldiario.net\/portal\/wp-json\/wp\/v2\/posts\/235969","targetHints":{"allow":["GET"]}}],"collection":[{"href":"https:\/\/www.eldiario.net\/portal\/wp-json\/wp\/v2\/posts"}],"about":[{"href":"https:\/\/www.eldiario.net\/portal\/wp-json\/wp\/v2\/types\/post"}],"author":[{"embeddable":true,"href":"https:\/\/www.eldiario.net\/portal\/wp-json\/wp\/v2\/users\/1"}],"replies":[{"embeddable":true,"href":"https:\/\/www.eldiario.net\/portal\/wp-json\/wp\/v2\/comments?post=235969"}],"version-history":[{"count":1,"href":"https:\/\/www.eldiario.net\/portal\/wp-json\/wp\/v2\/posts\/235969\/revisions"}],"predecessor-version":[{"id":235971,"href":"https:\/\/www.eldiario.net\/portal\/wp-json\/wp\/v2\/posts\/235969\/revisions\/235971"}],"wp:featuredmedia":[{"embeddable":true,"href":"https:\/\/www.eldiario.net\/portal\/wp-json\/wp\/v2\/media\/235970"}],"wp:attachment":[{"href":"https:\/\/www.eldiario.net\/portal\/wp-json\/wp\/v2\/media?parent=235969"}],"wp:term":[{"taxonomy":"category","embeddable":true,"href":"https:\/\/www.eldiario.net\/portal\/wp-json\/wp\/v2\/categories?post=235969"},{"taxonomy":"post_tag","embeddable":true,"href":"https:\/\/www.eldiario.net\/portal\/wp-json\/wp\/v2\/tags?post=235969"}],"curies":[{"name":"wp","href":"https:\/\/api.w.org\/{rel}","templated":true}]}}