{"id":235967,"date":"2024-07-24T06:19:48","date_gmt":"2024-07-24T10:19:48","guid":{"rendered":"https:\/\/www.eldiario.net\/portal\/?p=235967"},"modified":"2024-07-24T06:19:48","modified_gmt":"2024-07-24T10:19:48","slug":"horoscopo-wm-313","status":"publish","type":"post","link":"https:\/\/www.eldiario.net\/portal\/2024\/07\/24\/horoscopo-wm-313\/","title":{"rendered":"Hor\u00f3scopo WM"},"content":{"rendered":"<p>A nuestros lectores:\u00a0Betty B. Mercado, sobrina y colaboradora del fallecido astr\u00f3logo Walter Mercado, contin\u00faa su legado escribiendo los hor\u00f3scopos.<br \/>\nAries<br \/>\n(20 de marzo &#8211;\u00a018 de abril)<br \/>\nComienza para ti un periodo de expansi\u00f3n en lo profesional, en tus relaciones personales y en tus responsabilidades. Despu\u00e9s de todos los ajustes que tuviste que hacer ya tienes una idea clara en donde est\u00e1s parado y cuales pasos debes tomar para sentirte feliz y satisfecho. Pon atenci\u00f3n a tu ser interior, aprende a conocerte. N\u00fameros de suerte: 25, 14, 7.<br \/>\nTauro<br \/>\n(19 de abril &#8211; 19\u00a0de mayo)<br \/>\nTu vida se sacude para tu bien. No temas Tauro, ya que se cierran cap\u00edtulos, pero comienzan otros nuevos, diferentes, excitantes y maravillosos. Se te presentar\u00e1 la oportunidad de expandirte en tu profesi\u00f3n. El amor te ronda muy cerca y tu carisma junto a tus palabras dulces, conquistar\u00e1n a muchos. N\u00fameros de suerte: 27, 9, 18.<br \/>\nG\u00e9minis<br \/>\n(20 de mayo &#8211; 19\u00a0de junio)<br \/>\nLas lecciones aprendidas en el pasado te han fortalecido y te han brindado las herramientas necesarias para vencer ante toda adversidad o problema que se pueda presentar en un futuro inmediato. En el campo del amor, no rechaces ninguna invitaci\u00f3n que te hagan, puede ser de mucha suerte para ti. N\u00fameros de suerte: 8, 44, 17.<br \/>\nC\u00e1ncer<br \/>\n(20 de junio &#8211;\u00a021 de julio)<br \/>\nTu creatividad estar\u00e1 ahora por todo lo alto, C\u00e1ncer. Tu manera de ver y enfrentar la vida ser\u00e1 diferente. Te inventar\u00e1s nuevas y novedosas maneras de aumentar tus ingresos. Tus sue\u00f1os de viajar se har\u00e1n realidad. Ten tus maletas muy cerca y preparadas para dar muchos viajes, ya sean cortos o al extranjero. N\u00fameros de suerte: 32, 41, 5.<br \/>\nLeo<br \/>\n(22 de julio &#8211;\u00a021 de agosto)<br \/>\nEs posible que en estos d\u00edas tengas que lidiar con malentendidos y poca comunicaci\u00f3n con tu pareja. Presta mucha atenci\u00f3n a tus asuntos de dinero y finanzas. Revisa tus cuentas en el banco y tus tarjetas de cr\u00e9dito. No respondas a llamadas o textos que parezcan sospechosos o dudosos. N\u00fameros de suerte: 9, 45, 18.<br \/>\nVirgo<br \/>\n(22 de agosto &#8211;\u00a021 de sept.)<br \/>\nLa energ\u00eda planetaria se encuentra revolcando tu mundo sentimental. No te dejes envolver en la fantas\u00eda, no te ciegues a promesas absurdas. Tienes el poder de la decisi\u00f3n para terminar con lo que no te sirve y comenzar de nuevo con algo diferente, genuino y perdurable. Bendiciones por familia y amigos no te faltar\u00e1n. N\u00fameros de suerte: 10, 1, 55.<br \/>\nLibra<br \/>\n(22 de sept. &#8211;\u00a022 de oct.)<br \/>\nTu carrera, tu trabajo, tu mundo profesional han sufrido cambios y as\u00ed continuar\u00e1 por alg\u00fan tiempo. Los astros te impulsan a buscar lo que de verdad te gusta hacer y donde te sientas productivo. Algunos de este signo se sorprender\u00e1n de lo que son capaces de lograr. Lo que te conviene y disfrutas llegar\u00e1 antes de lo esperado. N\u00fameros de suerte: 3, 21, 33.<br \/>\nEscorpi\u00f3n<br \/>\n(23 de oct. &#8211; 20 de nov.)<br \/>\nDespu\u00e9s de un periodo de altas y bajas, tu vida vuelve a la normalidad, pero esta vez con mucho trabajo. La energ\u00eda planetaria enfatiza todo lo que tenga que ver con educaci\u00f3n superior, publicidad y negocios. Tu mente y tu palabra se combinan para envolverte en negocios de ventas que te dejar\u00e1n muchos beneficios. N\u00fameros de suerte: 1, 10, 5.<br \/>\nSagitario<br \/>\n(21 de nov. &#8211;\u00a020 de dic.)<br \/>\nComienza el d\u00eda con una actitud positiva. Cuida de tu persona f\u00edsica, tu salud y tu balance emocional. Ded\u00edcate tiempo diariamente, aunque sea algunos minutos. Desarrolla y conf\u00eda m\u00e1s en tu intuici\u00f3n. Pon atenci\u00f3n a tu relaci\u00f3n familiar, es muy importante que reine entre ustedes el amor y la paz. N\u00fameros de suerte: 44, 3, 12.<br \/>\nCapricornio<br \/>\n(21 de dic. &#8211;\u00a018 de ene.)<br \/>\nSi tus relaciones personales se enfriaron, ahora se restaura esa comunicaci\u00f3n para aclarar y suavizar el ambiente. En lo profesional tus esfuerzos ser\u00e1n recompensados. T\u00fa eres muy organizado y responsable y estas cualidades te est\u00e1n dejando buenos beneficios tanto en el \u00e1rea laboral como en lo personal. N\u00fameros de suerte: 2, 11, 4.<br \/>\nAcuario<br \/>\n(19 de ene. &#8211;\u00a017 de feb.)<br \/>\nTodo lo que tenga que ver con las comunicaciones se exalta para ti, incluyendo oportunidades para viajar. Te sentir\u00e1s en control y con el poder de hacer o de llegar a tus metas con la seguridad de que vas a ser exitoso(a). Si buscas empleo o trabajo, el momento es favorable para conseguir lo que quieres y te conviene. N\u00fameros de suerte: 15, 6, 24.<br \/>\nPiscis<br \/>\n(18 de feb. &#8211; 19\u00a0de marzo)<br \/>\nLa energ\u00eda planetaria te pone sobre aviso de que todav\u00eda existen sinsabores o dificultades en tu sector de relaciones personales, pero esto cambiar\u00e1 muy pronto ya que seres sabios llegar\u00e1n a tu vida y cambiar\u00e1n el rumbo de \u00e9sta brind\u00e1ndote la ayuda que necesitas para salir adelante. Muchos comenzar\u00e1n a pensar en independizarse. N\u00fameros de suerte: 17, 8, 44.<\/p>\n","protected":false},"excerpt":{"rendered":"<p>A nuestros lectores:\u00a0Betty B. Mercado, sobrina y colaboradora del fallecido astr\u00f3logo Walter Mercado, contin\u00faa su legado escribiendo los hor\u00f3scopos. Aries (20 de marzo &#8211;\u00a018 de abril) Comienza para ti un periodo de expansi\u00f3n en lo profesional, en tus relaciones personales y en tus responsabilidades. Despu\u00e9s de todos los ajustes que tuviste que hacer ya tienes [&hellip;]<\/p>\n","protected":false},"author":1,"featured_media":166818,"comment_status":"open","ping_status":"open","sticky":false,"template":"","format":"standard","meta":{"_acf_changed":false,"footnotes":""},"categories":[8],"tags":[],"class_list":["post-235967","post","type-post","status-publish","format-standard","has-post-thumbnail","category-cultural"],"acf":{"antetitulo":""},"yoast_head":"<!-- This site is optimized with the Yoast SEO plugin v28.4 - https:\/\/yoast.com\/product\/yoast-seo-wordpress\/ -->\n<title>Hor\u00f3scopo WM - El Diario - Bolivia<\/title>\n<meta name=\"robots\" content=\"index, follow, max-snippet:-1, max-image-preview:large, max-video-preview:-1\" \/>\n<link rel=\"canonical\" href=\"https:\/\/www.eldiario.net\/portal\/2024\/07\/24\/horoscopo-wm-313\/\" \/>\n<meta property=\"og:locale\" content=\"es_ES\" \/>\n<meta property=\"og:type\" content=\"article\" \/>\n<meta property=\"og:title\" content=\"Hor\u00f3scopo WM - El Diario - Bolivia\" \/>\n<meta property=\"og:description\" content=\"A nuestros lectores:\u00a0Betty B. Mercado, sobrina y colaboradora del fallecido astr\u00f3logo Walter Mercado, contin\u00faa su legado escribiendo los hor\u00f3scopos. Aries (20 de marzo &#8211;\u00a018 de abril) Comienza para ti un periodo de expansi\u00f3n en lo profesional, en tus relaciones personales y en tus responsabilidades. Despu\u00e9s de todos los ajustes que tuviste que hacer ya tienes [&hellip;]\" \/>\n<meta property=\"og:url\" content=\"https:\/\/www.eldiario.net\/portal\/2024\/07\/24\/horoscopo-wm-313\/\" \/>\n<meta property=\"og:site_name\" content=\"El Diario - Bolivia\" \/>\n<meta property=\"article:publisher\" content=\"https:\/\/www.facebook.com\/eldiario.bolivia\/\" \/>\n<meta property=\"article:published_time\" content=\"2024-07-24T10:19:48+00:00\" \/>\n<meta property=\"og:image\" content=\"https:\/\/www.eldiario.net\/portal\/wp-content\/uploads\/2023\/07\/LEO.jpg\" \/>\n\t<meta property=\"og:image:width\" content=\"1200\" \/>\n\t<meta property=\"og:image:height\" content=\"675\" \/>\n\t<meta property=\"og:image:type\" content=\"image\/jpeg\" \/>\n<meta name=\"author\" content=\"Jeanette\" \/>\n<meta name=\"twitter:card\" content=\"summary_large_image\" \/>\n<meta name=\"twitter:creator\" content=\"@eldiario_net\" \/>\n<meta name=\"twitter:site\" content=\"@eldiario_net\" \/>\n<meta name=\"twitter:label1\" content=\"Escrito por\" \/>\n\t<meta name=\"twitter:data1\" content=\"Jeanette\" \/>\n\t<meta name=\"twitter:label2\" content=\"Tiempo de lectura\" \/>\n\t<meta name=\"twitter:data2\" content=\"4 minutos\" \/>\n<script type=\"application\/ld+json\" class=\"yoast-schema-graph\">{\"@context\":\"https:\\\/\\\/schema.org\",\"@graph\":[{\"@type\":\"Article\",\"@id\":\"https:\\\/\\\/www.eldiario.net\\\/portal\\\/2024\\\/07\\\/24\\\/horoscopo-wm-313\\\/#article\",\"isPartOf\":{\"@id\":\"https:\\\/\\\/www.eldiario.net\\\/portal\\\/2024\\\/07\\\/24\\\/horoscopo-wm-313\\\/\"},\"author\":{\"name\":\"Jeanette\",\"@id\":\"https:\\\/\\\/www.eldiario.net\\\/portal\\\/#\\\/schema\\\/person\\\/f46445640444750d7d753ccd04ae01b7\"},\"headline\":\"Hor\u00f3scopo WM\",\"datePublished\":\"2024-07-24T10:19:48+00:00\",\"mainEntityOfPage\":{\"@id\":\"https:\\\/\\\/www.eldiario.net\\\/portal\\\/2024\\\/07\\\/24\\\/horoscopo-wm-313\\\/\"},\"wordCount\":826,\"commentCount\":0,\"publisher\":{\"@id\":\"https:\\\/\\\/www.eldiario.net\\\/portal\\\/#organization\"},\"image\":{\"@id\":\"https:\\\/\\\/www.eldiario.net\\\/portal\\\/2024\\\/07\\\/24\\\/horoscopo-wm-313\\\/#primaryimage\"},\"thumbnailUrl\":\"https:\\\/\\\/www.eldiario.net\\\/portal\\\/wp-content\\\/uploads\\\/2023\\\/07\\\/LEO.jpg\",\"articleSection\":[\"Cultural\"],\"inLanguage\":\"es\",\"potentialAction\":[{\"@type\":\"CommentAction\",\"name\":\"Comment\",\"target\":[\"https:\\\/\\\/www.eldiario.net\\\/portal\\\/2024\\\/07\\\/24\\\/horoscopo-wm-313\\\/#respond\"]}]},{\"@type\":\"WebPage\",\"@id\":\"https:\\\/\\\/www.eldiario.net\\\/portal\\\/2024\\\/07\\\/24\\\/horoscopo-wm-313\\\/\",\"url\":\"https:\\\/\\\/www.eldiario.net\\\/portal\\\/2024\\\/07\\\/24\\\/horoscopo-wm-313\\\/\",\"name\":\"Hor\u00f3scopo WM - El Diario - Bolivia\",\"isPartOf\":{\"@id\":\"https:\\\/\\\/www.eldiario.net\\\/portal\\\/#website\"},\"primaryImageOfPage\":{\"@id\":\"https:\\\/\\\/www.eldiario.net\\\/portal\\\/2024\\\/07\\\/24\\\/horoscopo-wm-313\\\/#primaryimage\"},\"image\":{\"@id\":\"https:\\\/\\\/www.eldiario.net\\\/portal\\\/2024\\\/07\\\/24\\\/horoscopo-wm-313\\\/#primaryimage\"},\"thumbnailUrl\":\"https:\\\/\\\/www.eldiario.net\\\/portal\\\/wp-content\\\/uploads\\\/2023\\\/07\\\/LEO.jpg\",\"datePublished\":\"2024-07-24T10:19:48+00:00\",\"breadcrumb\":{\"@id\":\"https:\\\/\\\/www.eldiario.net\\\/portal\\\/2024\\\/07\\\/24\\\/horoscopo-wm-313\\\/#breadcrumb\"},\"inLanguage\":\"es\",\"potentialAction\":[{\"@type\":\"ReadAction\",\"target\":[\"https:\\\/\\\/www.eldiario.net\\\/portal\\\/2024\\\/07\\\/24\\\/horoscopo-wm-313\\\/\"]}]},{\"@type\":\"ImageObject\",\"inLanguage\":\"es\",\"@id\":\"https:\\\/\\\/www.eldiario.net\\\/portal\\\/2024\\\/07\\\/24\\\/horoscopo-wm-313\\\/#primaryimage\",\"url\":\"https:\\\/\\\/www.eldiario.net\\\/portal\\\/wp-content\\\/uploads\\\/2023\\\/07\\\/LEO.jpg\",\"contentUrl\":\"https:\\\/\\\/www.eldiario.net\\\/portal\\\/wp-content\\\/uploads\\\/2023\\\/07\\\/LEO.jpg\",\"width\":1200,\"height\":675},{\"@type\":\"BreadcrumbList\",\"@id\":\"https:\\\/\\\/www.eldiario.net\\\/portal\\\/2024\\\/07\\\/24\\\/horoscopo-wm-313\\\/#breadcrumb\",\"itemListElement\":[{\"@type\":\"ListItem\",\"position\":1,\"name\":\"Portada\",\"item\":\"https:\\\/\\\/www.eldiario.net\\\/portal\\\/\"},{\"@type\":\"ListItem\",\"position\":2,\"name\":\"Hor\u00f3scopo WM\"}]},{\"@type\":\"WebSite\",\"@id\":\"https:\\\/\\\/www.eldiario.net\\\/portal\\\/#website\",\"url\":\"https:\\\/\\\/www.eldiario.net\\\/portal\\\/\",\"name\":\"El Diario - Decano de la prensa nacional\",\"description\":\"El Diario - Decano de la prensa nacional\",\"publisher\":{\"@id\":\"https:\\\/\\\/www.eldiario.net\\\/portal\\\/#organization\"},\"potentialAction\":[{\"@type\":\"SearchAction\",\"target\":{\"@type\":\"EntryPoint\",\"urlTemplate\":\"https:\\\/\\\/www.eldiario.net\\\/portal\\\/?s={search_term_string}\"},\"query-input\":{\"@type\":\"PropertyValueSpecification\",\"valueRequired\":true,\"valueName\":\"search_term_string\"}}],\"inLanguage\":\"es\"},{\"@type\":\"Organization\",\"@id\":\"https:\\\/\\\/www.eldiario.net\\\/portal\\\/#organization\",\"name\":\"El Diario - Decano de la prensa nacional\",\"url\":\"https:\\\/\\\/www.eldiario.net\\\/portal\\\/\",\"logo\":{\"@type\":\"ImageObject\",\"inLanguage\":\"es\",\"@id\":\"https:\\\/\\\/www.eldiario.net\\\/portal\\\/#\\\/schema\\\/logo\\\/image\\\/\",\"url\":\"https:\\\/\\\/www.eldiario.net\\\/portal\\\/wp-content\\\/uploads\\\/2023\\\/07\\\/logo_ED.jpg\",\"contentUrl\":\"https:\\\/\\\/www.eldiario.net\\\/portal\\\/wp-content\\\/uploads\\\/2023\\\/07\\\/logo_ED.jpg\",\"width\":272,\"height\":52,\"caption\":\"El Diario - Decano de la prensa nacional\"},\"image\":{\"@id\":\"https:\\\/\\\/www.eldiario.net\\\/portal\\\/#\\\/schema\\\/logo\\\/image\\\/\"},\"sameAs\":[\"https:\\\/\\\/www.facebook.com\\\/eldiario.bolivia\\\/\",\"https:\\\/\\\/x.com\\\/eldiario_net\"]},{\"@type\":\"Person\",\"@id\":\"https:\\\/\\\/www.eldiario.net\\\/portal\\\/#\\\/schema\\\/person\\\/f46445640444750d7d753ccd04ae01b7\",\"name\":\"Jeanette\",\"image\":{\"@type\":\"ImageObject\",\"inLanguage\":\"es\",\"@id\":\"https:\\\/\\\/secure.gravatar.com\\\/avatar\\\/3ea2118a5f7dad2b7138b1187a6b7ee55f160b9968b66013c3a3ef39dd7e5798?s=96&d=mm&r=g\",\"url\":\"https:\\\/\\\/secure.gravatar.com\\\/avatar\\\/3ea2118a5f7dad2b7138b1187a6b7ee55f160b9968b66013c3a3ef39dd7e5798?s=96&d=mm&r=g\",\"contentUrl\":\"https:\\\/\\\/secure.gravatar.com\\\/avatar\\\/3ea2118a5f7dad2b7138b1187a6b7ee55f160b9968b66013c3a3ef39dd7e5798?s=96&d=mm&r=g\",\"caption\":\"Jeanette\"},\"sameAs\":[\"https:\\\/\\\/www.eldiario.net\\\/portal\"],\"url\":\"https:\\\/\\\/www.eldiario.net\\\/portal\\\/author\\\/jeanette\\\/\"}]}<\/script>\n<!-- \/ Yoast SEO plugin. -->","yoast_head_json":{"title":"Hor\u00f3scopo WM - El Diario - Bolivia","robots":{"index":"index","follow":"follow","max-snippet":"max-snippet:-1","max-image-preview":"max-image-preview:large","max-video-preview":"max-video-preview:-1"},"canonical":"https:\/\/www.eldiario.net\/portal\/2024\/07\/24\/horoscopo-wm-313\/","og_locale":"es_ES","og_type":"article","og_title":"Hor\u00f3scopo WM - El Diario - Bolivia","og_description":"A nuestros lectores:\u00a0Betty B. Mercado, sobrina y colaboradora del fallecido astr\u00f3logo Walter Mercado, contin\u00faa su legado escribiendo los hor\u00f3scopos. Aries (20 de marzo &#8211;\u00a018 de abril) Comienza para ti un periodo de expansi\u00f3n en lo profesional, en tus relaciones personales y en tus responsabilidades. Despu\u00e9s de todos los ajustes que tuviste que hacer ya tienes [&hellip;]","og_url":"https:\/\/www.eldiario.net\/portal\/2024\/07\/24\/horoscopo-wm-313\/","og_site_name":"El Diario - Bolivia","article_publisher":"https:\/\/www.facebook.com\/eldiario.bolivia\/","article_published_time":"2024-07-24T10:19:48+00:00","og_image":[{"width":1200,"height":675,"url":"https:\/\/www.eldiario.net\/portal\/wp-content\/uploads\/2023\/07\/LEO.jpg","type":"image\/jpeg"}],"author":"Jeanette","twitter_card":"summary_large_image","twitter_creator":"@eldiario_net","twitter_site":"@eldiario_net","twitter_misc":{"Escrito por":"Jeanette","Tiempo de lectura":"4 minutos"},"schema":{"@context":"https:\/\/schema.org","@graph":[{"@type":"Article","@id":"https:\/\/www.eldiario.net\/portal\/2024\/07\/24\/horoscopo-wm-313\/#article","isPartOf":{"@id":"https:\/\/www.eldiario.net\/portal\/2024\/07\/24\/horoscopo-wm-313\/"},"author":{"name":"Jeanette","@id":"https:\/\/www.eldiario.net\/portal\/#\/schema\/person\/f46445640444750d7d753ccd04ae01b7"},"headline":"Hor\u00f3scopo WM","datePublished":"2024-07-24T10:19:48+00:00","mainEntityOfPage":{"@id":"https:\/\/www.eldiario.net\/portal\/2024\/07\/24\/horoscopo-wm-313\/"},"wordCount":826,"commentCount":0,"publisher":{"@id":"https:\/\/www.eldiario.net\/portal\/#organization"},"image":{"@id":"https:\/\/www.eldiario.net\/portal\/2024\/07\/24\/horoscopo-wm-313\/#primaryimage"},"thumbnailUrl":"https:\/\/www.eldiario.net\/portal\/wp-content\/uploads\/2023\/07\/LEO.jpg","articleSection":["Cultural"],"inLanguage":"es","potentialAction":[{"@type":"CommentAction","name":"Comment","target":["https:\/\/www.eldiario.net\/portal\/2024\/07\/24\/horoscopo-wm-313\/#respond"]}]},{"@type":"WebPage","@id":"https:\/\/www.eldiario.net\/portal\/2024\/07\/24\/horoscopo-wm-313\/","url":"https:\/\/www.eldiario.net\/portal\/2024\/07\/24\/horoscopo-wm-313\/","name":"Hor\u00f3scopo WM - El Diario - Bolivia","isPartOf":{"@id":"https:\/\/www.eldiario.net\/portal\/#website"},"primaryImageOfPage":{"@id":"https:\/\/www.eldiario.net\/portal\/2024\/07\/24\/horoscopo-wm-313\/#primaryimage"},"image":{"@id":"https:\/\/www.eldiario.net\/portal\/2024\/07\/24\/horoscopo-wm-313\/#primaryimage"},"thumbnailUrl":"https:\/\/www.eldiario.net\/portal\/wp-content\/uploads\/2023\/07\/LEO.jpg","datePublished":"2024-07-24T10:19:48+00:00","breadcrumb":{"@id":"https:\/\/www.eldiario.net\/portal\/2024\/07\/24\/horoscopo-wm-313\/#breadcrumb"},"inLanguage":"es","potentialAction":[{"@type":"ReadAction","target":["https:\/\/www.eldiario.net\/portal\/2024\/07\/24\/horoscopo-wm-313\/"]}]},{"@type":"ImageObject","inLanguage":"es","@id":"https:\/\/www.eldiario.net\/portal\/2024\/07\/24\/horoscopo-wm-313\/#primaryimage","url":"https:\/\/www.eldiario.net\/portal\/wp-content\/uploads\/2023\/07\/LEO.jpg","contentUrl":"https:\/\/www.eldiario.net\/portal\/wp-content\/uploads\/2023\/07\/LEO.jpg","width":1200,"height":675},{"@type":"BreadcrumbList","@id":"https:\/\/www.eldiario.net\/portal\/2024\/07\/24\/horoscopo-wm-313\/#breadcrumb","itemListElement":[{"@type":"ListItem","position":1,"name":"Portada","item":"https:\/\/www.eldiario.net\/portal\/"},{"@type":"ListItem","position":2,"name":"Hor\u00f3scopo WM"}]},{"@type":"WebSite","@id":"https:\/\/www.eldiario.net\/portal\/#website","url":"https:\/\/www.eldiario.net\/portal\/","name":"El Diario - Decano de la prensa nacional","description":"El Diario - Decano de la prensa nacional","publisher":{"@id":"https:\/\/www.eldiario.net\/portal\/#organization"},"potentialAction":[{"@type":"SearchAction","target":{"@type":"EntryPoint","urlTemplate":"https:\/\/www.eldiario.net\/portal\/?s={search_term_string}"},"query-input":{"@type":"PropertyValueSpecification","valueRequired":true,"valueName":"search_term_string"}}],"inLanguage":"es"},{"@type":"Organization","@id":"https:\/\/www.eldiario.net\/portal\/#organization","name":"El Diario - Decano de la prensa nacional","url":"https:\/\/www.eldiario.net\/portal\/","logo":{"@type":"ImageObject","inLanguage":"es","@id":"https:\/\/www.eldiario.net\/portal\/#\/schema\/logo\/image\/","url":"https:\/\/www.eldiario.net\/portal\/wp-content\/uploads\/2023\/07\/logo_ED.jpg","contentUrl":"https:\/\/www.eldiario.net\/portal\/wp-content\/uploads\/2023\/07\/logo_ED.jpg","width":272,"height":52,"caption":"El Diario - Decano de la prensa nacional"},"image":{"@id":"https:\/\/www.eldiario.net\/portal\/#\/schema\/logo\/image\/"},"sameAs":["https:\/\/www.facebook.com\/eldiario.bolivia\/","https:\/\/x.com\/eldiario_net"]},{"@type":"Person","@id":"https:\/\/www.eldiario.net\/portal\/#\/schema\/person\/f46445640444750d7d753ccd04ae01b7","name":"Jeanette","image":{"@type":"ImageObject","inLanguage":"es","@id":"https:\/\/secure.gravatar.com\/avatar\/3ea2118a5f7dad2b7138b1187a6b7ee55f160b9968b66013c3a3ef39dd7e5798?s=96&d=mm&r=g","url":"https:\/\/secure.gravatar.com\/avatar\/3ea2118a5f7dad2b7138b1187a6b7ee55f160b9968b66013c3a3ef39dd7e5798?s=96&d=mm&r=g","contentUrl":"https:\/\/secure.gravatar.com\/avatar\/3ea2118a5f7dad2b7138b1187a6b7ee55f160b9968b66013c3a3ef39dd7e5798?s=96&d=mm&r=g","caption":"Jeanette"},"sameAs":["https:\/\/www.eldiario.net\/portal"],"url":"https:\/\/www.eldiario.net\/portal\/author\/jeanette\/"}]}},"_links":{"self":[{"href":"https:\/\/www.eldiario.net\/portal\/wp-json\/wp\/v2\/posts\/235967","targetHints":{"allow":["GET"]}}],"collection":[{"href":"https:\/\/www.eldiario.net\/portal\/wp-json\/wp\/v2\/posts"}],"about":[{"href":"https:\/\/www.eldiario.net\/portal\/wp-json\/wp\/v2\/types\/post"}],"author":[{"embeddable":true,"href":"https:\/\/www.eldiario.net\/portal\/wp-json\/wp\/v2\/users\/1"}],"replies":[{"embeddable":true,"href":"https:\/\/www.eldiario.net\/portal\/wp-json\/wp\/v2\/comments?post=235967"}],"version-history":[{"count":1,"href":"https:\/\/www.eldiario.net\/portal\/wp-json\/wp\/v2\/posts\/235967\/revisions"}],"predecessor-version":[{"id":235968,"href":"https:\/\/www.eldiario.net\/portal\/wp-json\/wp\/v2\/posts\/235967\/revisions\/235968"}],"wp:featuredmedia":[{"embeddable":true,"href":"https:\/\/www.eldiario.net\/portal\/wp-json\/wp\/v2\/media\/166818"}],"wp:attachment":[{"href":"https:\/\/www.eldiario.net\/portal\/wp-json\/wp\/v2\/media?parent=235967"}],"wp:term":[{"taxonomy":"category","embeddable":true,"href":"https:\/\/www.eldiario.net\/portal\/wp-json\/wp\/v2\/categories?post=235967"},{"taxonomy":"post_tag","embeddable":true,"href":"https:\/\/www.eldiario.net\/portal\/wp-json\/wp\/v2\/tags?post=235967"}],"curies":[{"name":"wp","href":"https:\/\/api.w.org\/{rel}","templated":true}]}}