{"id":235964,"date":"2024-07-24T06:19:07","date_gmt":"2024-07-24T10:19:07","guid":{"rendered":"https:\/\/www.eldiario.net\/portal\/?p=235964"},"modified":"2024-07-24T06:19:07","modified_gmt":"2024-07-24T10:19:07","slug":"cuestionan-capacidad-de-jueces-repostulantes-al-organo-judicial","status":"publish","type":"post","link":"https:\/\/www.eldiario.net\/portal\/2024\/07\/24\/cuestionan-capacidad-de-jueces-repostulantes-al-organo-judicial\/","title":{"rendered":"Cuestionan capacidad de jueces  repostulantes al \u00d3rgano Judicial"},"content":{"rendered":"<p>Ante los bajos puntajes obtenidos por jueces que permanecen ilegalmente en cargos del \u00d3rgano Judicial, en su intento por repostular a otros tribunales de justicia, asamble\u00edstas de oficialismo y oposici\u00f3n cuestionaron la capacidad de las autoridades cuestionadas y plantearon investigar los mecanismos de evaluaci\u00f3n con los que accedieron estas funciones.<br \/>\nLuego de conocerse que varios participantes en la preselecci\u00f3n de candidatos a las elecciones judiciales, obtuvieron porcentajes muy bajos de calificaci\u00f3n en su evaluaci\u00f3n oral, pese que en la actualidad ocupan cargos de autoridades en el \u00d3rgano Judicial, lo cuestionamientos apuntan a sus capacidades y la forma en que fueron evaluados al momento de postular en un pasado proceso de elecciones judiciales para conformar altas cortes.<br \/>\nPara la diputada por Comunidad Ciudadana, Luisa Nayar, es necesario recordar que dichas autoridades tampoco alcanzaron los \u201cporcentajes m\u00ednimos\u201d de votaci\u00f3n al momento de acceder al cargo, lo que desde el principio puso en duda su legitimidad y legalidad para desempe\u00f1ar funciones en un \u00d3rgano del Estado.<br \/>\n\u201cFue bajo esa \u00f3ptica que estos personajes nefastos para la justicia de los bolivianos han asumido esos cargos\u201d, record\u00f3 la diputada.<br \/>\nEn ese sentido, responsabiliz\u00f3 a la mayor\u00eda parlamentaria con la que contaba el Movimiento al Socialismo, durante el gobierno de Evo Morales, por haber llevado adelante una preselecci\u00f3n deficiente en la que las actuales autoridades de justicia fueron beneficiadas para acceder a altos cargos.<br \/>\n\u201cQuienes han sido parte de esa Asamblea Legislativa fueron dos tercios del Movimiento al Socialismo que en su momento tendr\u00e1n que responder ante la poblaci\u00f3n, los propios personeros del Tribunal Electoral tendr\u00e1n que dar cuenta de sus actos cuando la normativa es clara al momento de establecer que las votaciones deben contar con mayor\u00eda absoluta\u201d, precis\u00f3 Nayar.<br \/>\nPuntualiz\u00f3 adem\u00e1s que las responsabilidades en el caso de la ALP tienen que ver con haber priorizado tintes pol\u00edtico-partidarios en el acto de la preselecci\u00f3n como tal, en tanto que, exmiembros del TSE son responsables por no hacer prevalecer el rechazo ciudadano demostrado con la anulaci\u00f3n de sus votos al momento de acudir a las urnas.<br \/>\nDesde el ala \u201cevista\u201d en el oficialismo, el diputado Freddy Mamani se refiri\u00f3 a los bajos puntajes obtenidos por actuales autoridades de justicia, se\u00f1alando que se trata de una preocupante muestra de la capacidad con la que cuentan actuales miembros de altas cortes.<br \/>\n\u201cC\u00f3mo es posible que autoridades en ejercicio tengan puntuaciones tan bajas, que tipo de autoridades estuvimos teniendo. Son varios problemas que hay que aclarar\u201d, cuestion\u00f3 Mamani.<br \/>\nEn esa l\u00ednea, el expresidente de Diputados, exigi\u00f3 que se investiguen los mecanismos de evaluaci\u00f3n con los que actuales miembros del \u00d3rgano Judicial fueron calificados y conocer si existi\u00f3 alg\u00fan tipo de favoritismo en su preselecci\u00f3n.<br \/>\nAyer, el diputado Pablo Ar\u00edzaga, de CC, revel\u00f3 que la totalidad de los magistrados \u201cautoprorrogados\u201d que se presentaron a la preselecci\u00f3n, reprobaron en la fase de evaluaci\u00f3n oral, lo que demuestra el estado de la actual administraci\u00f3n de justicia.<br \/>\n\u201cEsto es un reflejo fiel de la mala administraci\u00f3n de justicia que tenemos, si tienes malos profesionales dentro de lo que significa la impartici\u00f3n de justicia, el resultado va ser que la judicatura en su conjunto no funcione, realmente es una muestra clara para darnos cuenta de que el \u00d3rgano Judicial necesita una restructuraci\u00f3n no solo de las cabezas, los rangos medios, sino hasta el nivel m\u00e1s inferior tenga esta instancia\u201d, dijo.<br \/>\nTambi\u00e9n se conoci\u00f3 que el magistrado del TSJ, Olvis Eg\u00fcez, respondi\u00f3 solo dos preguntas y obtuvo 40 puntos en su examen oral; el exmagistrado del TCP, Zen\u00f3n Bacarreza, solo obtuvo 40 puntos; el actual vocal del TSE, Tahuichi Tahuichi Quispe, obtuvo 40 puntos; la vocal de la Sala Penal Cuarta de La Paz, Claudia Castro, solo respondi\u00f3 una pregunta de las cinco asignadas; en el caso del juez Marco Antonio Amaru, solo sac\u00f3 40 puntos.<br \/>\nLeonardo Ayala, diputado por Creemos, lament\u00f3 que, tanto autoridades en ejercicio como exmagistrados hayan rendido pruebas con resultados tan malos, dejando en evidencia el estado de la justicia boliviana en la actualidad. \u201cSorprende porque personas que ocupan cargos en el \u00d3rgano Judicial han dado muy malos ex\u00e1menes, eso tendremos que resolverlo en el pleno de la Asamblea\u201d, afirm\u00f3.<\/p>\n","protected":false},"excerpt":{"rendered":"<p>Ante los bajos puntajes obtenidos por jueces que permanecen ilegalmente en cargos del \u00d3rgano Judicial, en su intento por repostular a otros tribunales de justicia, asamble\u00edstas de oficialismo y oposici\u00f3n cuestionaron la capacidad de las autoridades cuestionadas y plantearon investigar los mecanismos de evaluaci\u00f3n con los que accedieron estas funciones. Luego de conocerse que varios [&hellip;]<\/p>\n","protected":false},"author":1,"featured_media":235965,"comment_status":"open","ping_status":"open","sticky":false,"template":"","format":"standard","meta":{"_acf_changed":false,"footnotes":""},"categories":[14],"tags":[],"class_list":["post-235964","post","type-post","status-publish","format-standard","has-post-thumbnail","category-politica"],"acf":{"antetitulo":"Bajos puntajes en evaluaci\u00f3n"},"yoast_head":"<!-- This site is optimized with the Yoast SEO plugin v28.4 - https:\/\/yoast.com\/product\/yoast-seo-wordpress\/ -->\n<title>Cuestionan capacidad de jueces repostulantes al \u00d3rgano Judicial - El Diario - Bolivia<\/title>\n<meta name=\"robots\" content=\"index, follow, max-snippet:-1, max-image-preview:large, max-video-preview:-1\" \/>\n<link rel=\"canonical\" href=\"https:\/\/www.eldiario.net\/portal\/2024\/07\/24\/cuestionan-capacidad-de-jueces-repostulantes-al-organo-judicial\/\" \/>\n<meta property=\"og:locale\" content=\"es_ES\" \/>\n<meta property=\"og:type\" content=\"article\" \/>\n<meta property=\"og:title\" content=\"Cuestionan capacidad de jueces repostulantes al \u00d3rgano Judicial - El Diario - Bolivia\" \/>\n<meta property=\"og:description\" content=\"Ante los bajos puntajes obtenidos por jueces que permanecen ilegalmente en cargos del \u00d3rgano Judicial, en su intento por repostular a otros tribunales de justicia, asamble\u00edstas de oficialismo y oposici\u00f3n cuestionaron la capacidad de las autoridades cuestionadas y plantearon investigar los mecanismos de evaluaci\u00f3n con los que accedieron estas funciones. Luego de conocerse que varios [&hellip;]\" \/>\n<meta property=\"og:url\" content=\"https:\/\/www.eldiario.net\/portal\/2024\/07\/24\/cuestionan-capacidad-de-jueces-repostulantes-al-organo-judicial\/\" \/>\n<meta property=\"og:site_name\" content=\"El Diario - Bolivia\" \/>\n<meta property=\"article:publisher\" content=\"https:\/\/www.facebook.com\/eldiario.bolivia\/\" \/>\n<meta property=\"article:published_time\" content=\"2024-07-24T10:19:07+00:00\" \/>\n<meta property=\"og:image\" content=\"https:\/\/www.eldiario.net\/portal\/wp-content\/uploads\/2024\/07\/40-POL-10.jpg\" \/>\n\t<meta property=\"og:image:width\" content=\"2048\" \/>\n\t<meta property=\"og:image:height\" content=\"1536\" \/>\n\t<meta property=\"og:image:type\" content=\"image\/jpeg\" \/>\n<meta name=\"author\" content=\"Jeanette\" \/>\n<meta name=\"twitter:card\" content=\"summary_large_image\" \/>\n<meta name=\"twitter:creator\" content=\"@eldiario_net\" \/>\n<meta name=\"twitter:site\" content=\"@eldiario_net\" \/>\n<meta name=\"twitter:label1\" content=\"Escrito por\" \/>\n\t<meta name=\"twitter:data1\" content=\"Jeanette\" \/>\n\t<meta name=\"twitter:label2\" content=\"Tiempo de lectura\" \/>\n\t<meta name=\"twitter:data2\" content=\"4 minutos\" \/>\n<script type=\"application\/ld+json\" class=\"yoast-schema-graph\">{\"@context\":\"https:\\\/\\\/schema.org\",\"@graph\":[{\"@type\":\"Article\",\"@id\":\"https:\\\/\\\/www.eldiario.net\\\/portal\\\/2024\\\/07\\\/24\\\/cuestionan-capacidad-de-jueces-repostulantes-al-organo-judicial\\\/#article\",\"isPartOf\":{\"@id\":\"https:\\\/\\\/www.eldiario.net\\\/portal\\\/2024\\\/07\\\/24\\\/cuestionan-capacidad-de-jueces-repostulantes-al-organo-judicial\\\/\"},\"author\":{\"name\":\"Jeanette\",\"@id\":\"https:\\\/\\\/www.eldiario.net\\\/portal\\\/#\\\/schema\\\/person\\\/f46445640444750d7d753ccd04ae01b7\"},\"headline\":\"Cuestionan capacidad de jueces repostulantes al \u00d3rgano Judicial\",\"datePublished\":\"2024-07-24T10:19:07+00:00\",\"mainEntityOfPage\":{\"@id\":\"https:\\\/\\\/www.eldiario.net\\\/portal\\\/2024\\\/07\\\/24\\\/cuestionan-capacidad-de-jueces-repostulantes-al-organo-judicial\\\/\"},\"wordCount\":731,\"commentCount\":0,\"publisher\":{\"@id\":\"https:\\\/\\\/www.eldiario.net\\\/portal\\\/#organization\"},\"image\":{\"@id\":\"https:\\\/\\\/www.eldiario.net\\\/portal\\\/2024\\\/07\\\/24\\\/cuestionan-capacidad-de-jueces-repostulantes-al-organo-judicial\\\/#primaryimage\"},\"thumbnailUrl\":\"https:\\\/\\\/www.eldiario.net\\\/portal\\\/wp-content\\\/uploads\\\/2024\\\/07\\\/40-POL-10.jpg\",\"articleSection\":[\"Pol\u00edtica\"],\"inLanguage\":\"es\",\"potentialAction\":[{\"@type\":\"CommentAction\",\"name\":\"Comment\",\"target\":[\"https:\\\/\\\/www.eldiario.net\\\/portal\\\/2024\\\/07\\\/24\\\/cuestionan-capacidad-de-jueces-repostulantes-al-organo-judicial\\\/#respond\"]}]},{\"@type\":\"WebPage\",\"@id\":\"https:\\\/\\\/www.eldiario.net\\\/portal\\\/2024\\\/07\\\/24\\\/cuestionan-capacidad-de-jueces-repostulantes-al-organo-judicial\\\/\",\"url\":\"https:\\\/\\\/www.eldiario.net\\\/portal\\\/2024\\\/07\\\/24\\\/cuestionan-capacidad-de-jueces-repostulantes-al-organo-judicial\\\/\",\"name\":\"Cuestionan capacidad de jueces repostulantes al \u00d3rgano Judicial - El Diario - Bolivia\",\"isPartOf\":{\"@id\":\"https:\\\/\\\/www.eldiario.net\\\/portal\\\/#website\"},\"primaryImageOfPage\":{\"@id\":\"https:\\\/\\\/www.eldiario.net\\\/portal\\\/2024\\\/07\\\/24\\\/cuestionan-capacidad-de-jueces-repostulantes-al-organo-judicial\\\/#primaryimage\"},\"image\":{\"@id\":\"https:\\\/\\\/www.eldiario.net\\\/portal\\\/2024\\\/07\\\/24\\\/cuestionan-capacidad-de-jueces-repostulantes-al-organo-judicial\\\/#primaryimage\"},\"thumbnailUrl\":\"https:\\\/\\\/www.eldiario.net\\\/portal\\\/wp-content\\\/uploads\\\/2024\\\/07\\\/40-POL-10.jpg\",\"datePublished\":\"2024-07-24T10:19:07+00:00\",\"breadcrumb\":{\"@id\":\"https:\\\/\\\/www.eldiario.net\\\/portal\\\/2024\\\/07\\\/24\\\/cuestionan-capacidad-de-jueces-repostulantes-al-organo-judicial\\\/#breadcrumb\"},\"inLanguage\":\"es\",\"potentialAction\":[{\"@type\":\"ReadAction\",\"target\":[\"https:\\\/\\\/www.eldiario.net\\\/portal\\\/2024\\\/07\\\/24\\\/cuestionan-capacidad-de-jueces-repostulantes-al-organo-judicial\\\/\"]}]},{\"@type\":\"ImageObject\",\"inLanguage\":\"es\",\"@id\":\"https:\\\/\\\/www.eldiario.net\\\/portal\\\/2024\\\/07\\\/24\\\/cuestionan-capacidad-de-jueces-repostulantes-al-organo-judicial\\\/#primaryimage\",\"url\":\"https:\\\/\\\/www.eldiario.net\\\/portal\\\/wp-content\\\/uploads\\\/2024\\\/07\\\/40-POL-10.jpg\",\"contentUrl\":\"https:\\\/\\\/www.eldiario.net\\\/portal\\\/wp-content\\\/uploads\\\/2024\\\/07\\\/40-POL-10.jpg\",\"width\":2048,\"height\":1536,\"caption\":\"Evaluaci\u00f3n a postulantes\"},{\"@type\":\"BreadcrumbList\",\"@id\":\"https:\\\/\\\/www.eldiario.net\\\/portal\\\/2024\\\/07\\\/24\\\/cuestionan-capacidad-de-jueces-repostulantes-al-organo-judicial\\\/#breadcrumb\",\"itemListElement\":[{\"@type\":\"ListItem\",\"position\":1,\"name\":\"Portada\",\"item\":\"https:\\\/\\\/www.eldiario.net\\\/portal\\\/\"},{\"@type\":\"ListItem\",\"position\":2,\"name\":\"Cuestionan capacidad de jueces repostulantes al \u00d3rgano Judicial\"}]},{\"@type\":\"WebSite\",\"@id\":\"https:\\\/\\\/www.eldiario.net\\\/portal\\\/#website\",\"url\":\"https:\\\/\\\/www.eldiario.net\\\/portal\\\/\",\"name\":\"El Diario - Decano de la prensa nacional\",\"description\":\"El Diario - Decano de la prensa nacional\",\"publisher\":{\"@id\":\"https:\\\/\\\/www.eldiario.net\\\/portal\\\/#organization\"},\"potentialAction\":[{\"@type\":\"SearchAction\",\"target\":{\"@type\":\"EntryPoint\",\"urlTemplate\":\"https:\\\/\\\/www.eldiario.net\\\/portal\\\/?s={search_term_string}\"},\"query-input\":{\"@type\":\"PropertyValueSpecification\",\"valueRequired\":true,\"valueName\":\"search_term_string\"}}],\"inLanguage\":\"es\"},{\"@type\":\"Organization\",\"@id\":\"https:\\\/\\\/www.eldiario.net\\\/portal\\\/#organization\",\"name\":\"El Diario - Decano de la prensa nacional\",\"url\":\"https:\\\/\\\/www.eldiario.net\\\/portal\\\/\",\"logo\":{\"@type\":\"ImageObject\",\"inLanguage\":\"es\",\"@id\":\"https:\\\/\\\/www.eldiario.net\\\/portal\\\/#\\\/schema\\\/logo\\\/image\\\/\",\"url\":\"https:\\\/\\\/www.eldiario.net\\\/portal\\\/wp-content\\\/uploads\\\/2023\\\/07\\\/logo_ED.jpg\",\"contentUrl\":\"https:\\\/\\\/www.eldiario.net\\\/portal\\\/wp-content\\\/uploads\\\/2023\\\/07\\\/logo_ED.jpg\",\"width\":272,\"height\":52,\"caption\":\"El Diario - Decano de la prensa nacional\"},\"image\":{\"@id\":\"https:\\\/\\\/www.eldiario.net\\\/portal\\\/#\\\/schema\\\/logo\\\/image\\\/\"},\"sameAs\":[\"https:\\\/\\\/www.facebook.com\\\/eldiario.bolivia\\\/\",\"https:\\\/\\\/x.com\\\/eldiario_net\"]},{\"@type\":\"Person\",\"@id\":\"https:\\\/\\\/www.eldiario.net\\\/portal\\\/#\\\/schema\\\/person\\\/f46445640444750d7d753ccd04ae01b7\",\"name\":\"Jeanette\",\"image\":{\"@type\":\"ImageObject\",\"inLanguage\":\"es\",\"@id\":\"https:\\\/\\\/secure.gravatar.com\\\/avatar\\\/3ea2118a5f7dad2b7138b1187a6b7ee55f160b9968b66013c3a3ef39dd7e5798?s=96&d=mm&r=g\",\"url\":\"https:\\\/\\\/secure.gravatar.com\\\/avatar\\\/3ea2118a5f7dad2b7138b1187a6b7ee55f160b9968b66013c3a3ef39dd7e5798?s=96&d=mm&r=g\",\"contentUrl\":\"https:\\\/\\\/secure.gravatar.com\\\/avatar\\\/3ea2118a5f7dad2b7138b1187a6b7ee55f160b9968b66013c3a3ef39dd7e5798?s=96&d=mm&r=g\",\"caption\":\"Jeanette\"},\"sameAs\":[\"https:\\\/\\\/www.eldiario.net\\\/portal\"],\"url\":\"https:\\\/\\\/www.eldiario.net\\\/portal\\\/author\\\/jeanette\\\/\"}]}<\/script>\n<!-- \/ Yoast SEO plugin. -->","yoast_head_json":{"title":"Cuestionan capacidad de jueces repostulantes al \u00d3rgano Judicial - El Diario - Bolivia","robots":{"index":"index","follow":"follow","max-snippet":"max-snippet:-1","max-image-preview":"max-image-preview:large","max-video-preview":"max-video-preview:-1"},"canonical":"https:\/\/www.eldiario.net\/portal\/2024\/07\/24\/cuestionan-capacidad-de-jueces-repostulantes-al-organo-judicial\/","og_locale":"es_ES","og_type":"article","og_title":"Cuestionan capacidad de jueces repostulantes al \u00d3rgano Judicial - El Diario - Bolivia","og_description":"Ante los bajos puntajes obtenidos por jueces que permanecen ilegalmente en cargos del \u00d3rgano Judicial, en su intento por repostular a otros tribunales de justicia, asamble\u00edstas de oficialismo y oposici\u00f3n cuestionaron la capacidad de las autoridades cuestionadas y plantearon investigar los mecanismos de evaluaci\u00f3n con los que accedieron estas funciones. Luego de conocerse que varios [&hellip;]","og_url":"https:\/\/www.eldiario.net\/portal\/2024\/07\/24\/cuestionan-capacidad-de-jueces-repostulantes-al-organo-judicial\/","og_site_name":"El Diario - Bolivia","article_publisher":"https:\/\/www.facebook.com\/eldiario.bolivia\/","article_published_time":"2024-07-24T10:19:07+00:00","og_image":[{"width":2048,"height":1536,"url":"https:\/\/www.eldiario.net\/portal\/wp-content\/uploads\/2024\/07\/40-POL-10.jpg","type":"image\/jpeg"}],"author":"Jeanette","twitter_card":"summary_large_image","twitter_creator":"@eldiario_net","twitter_site":"@eldiario_net","twitter_misc":{"Escrito por":"Jeanette","Tiempo de lectura":"4 minutos"},"schema":{"@context":"https:\/\/schema.org","@graph":[{"@type":"Article","@id":"https:\/\/www.eldiario.net\/portal\/2024\/07\/24\/cuestionan-capacidad-de-jueces-repostulantes-al-organo-judicial\/#article","isPartOf":{"@id":"https:\/\/www.eldiario.net\/portal\/2024\/07\/24\/cuestionan-capacidad-de-jueces-repostulantes-al-organo-judicial\/"},"author":{"name":"Jeanette","@id":"https:\/\/www.eldiario.net\/portal\/#\/schema\/person\/f46445640444750d7d753ccd04ae01b7"},"headline":"Cuestionan capacidad de jueces repostulantes al \u00d3rgano Judicial","datePublished":"2024-07-24T10:19:07+00:00","mainEntityOfPage":{"@id":"https:\/\/www.eldiario.net\/portal\/2024\/07\/24\/cuestionan-capacidad-de-jueces-repostulantes-al-organo-judicial\/"},"wordCount":731,"commentCount":0,"publisher":{"@id":"https:\/\/www.eldiario.net\/portal\/#organization"},"image":{"@id":"https:\/\/www.eldiario.net\/portal\/2024\/07\/24\/cuestionan-capacidad-de-jueces-repostulantes-al-organo-judicial\/#primaryimage"},"thumbnailUrl":"https:\/\/www.eldiario.net\/portal\/wp-content\/uploads\/2024\/07\/40-POL-10.jpg","articleSection":["Pol\u00edtica"],"inLanguage":"es","potentialAction":[{"@type":"CommentAction","name":"Comment","target":["https:\/\/www.eldiario.net\/portal\/2024\/07\/24\/cuestionan-capacidad-de-jueces-repostulantes-al-organo-judicial\/#respond"]}]},{"@type":"WebPage","@id":"https:\/\/www.eldiario.net\/portal\/2024\/07\/24\/cuestionan-capacidad-de-jueces-repostulantes-al-organo-judicial\/","url":"https:\/\/www.eldiario.net\/portal\/2024\/07\/24\/cuestionan-capacidad-de-jueces-repostulantes-al-organo-judicial\/","name":"Cuestionan capacidad de jueces repostulantes al \u00d3rgano Judicial - El Diario - Bolivia","isPartOf":{"@id":"https:\/\/www.eldiario.net\/portal\/#website"},"primaryImageOfPage":{"@id":"https:\/\/www.eldiario.net\/portal\/2024\/07\/24\/cuestionan-capacidad-de-jueces-repostulantes-al-organo-judicial\/#primaryimage"},"image":{"@id":"https:\/\/www.eldiario.net\/portal\/2024\/07\/24\/cuestionan-capacidad-de-jueces-repostulantes-al-organo-judicial\/#primaryimage"},"thumbnailUrl":"https:\/\/www.eldiario.net\/portal\/wp-content\/uploads\/2024\/07\/40-POL-10.jpg","datePublished":"2024-07-24T10:19:07+00:00","breadcrumb":{"@id":"https:\/\/www.eldiario.net\/portal\/2024\/07\/24\/cuestionan-capacidad-de-jueces-repostulantes-al-organo-judicial\/#breadcrumb"},"inLanguage":"es","potentialAction":[{"@type":"ReadAction","target":["https:\/\/www.eldiario.net\/portal\/2024\/07\/24\/cuestionan-capacidad-de-jueces-repostulantes-al-organo-judicial\/"]}]},{"@type":"ImageObject","inLanguage":"es","@id":"https:\/\/www.eldiario.net\/portal\/2024\/07\/24\/cuestionan-capacidad-de-jueces-repostulantes-al-organo-judicial\/#primaryimage","url":"https:\/\/www.eldiario.net\/portal\/wp-content\/uploads\/2024\/07\/40-POL-10.jpg","contentUrl":"https:\/\/www.eldiario.net\/portal\/wp-content\/uploads\/2024\/07\/40-POL-10.jpg","width":2048,"height":1536,"caption":"Evaluaci\u00f3n a postulantes"},{"@type":"BreadcrumbList","@id":"https:\/\/www.eldiario.net\/portal\/2024\/07\/24\/cuestionan-capacidad-de-jueces-repostulantes-al-organo-judicial\/#breadcrumb","itemListElement":[{"@type":"ListItem","position":1,"name":"Portada","item":"https:\/\/www.eldiario.net\/portal\/"},{"@type":"ListItem","position":2,"name":"Cuestionan capacidad de jueces repostulantes al \u00d3rgano Judicial"}]},{"@type":"WebSite","@id":"https:\/\/www.eldiario.net\/portal\/#website","url":"https:\/\/www.eldiario.net\/portal\/","name":"El Diario - Decano de la prensa nacional","description":"El Diario - Decano de la prensa nacional","publisher":{"@id":"https:\/\/www.eldiario.net\/portal\/#organization"},"potentialAction":[{"@type":"SearchAction","target":{"@type":"EntryPoint","urlTemplate":"https:\/\/www.eldiario.net\/portal\/?s={search_term_string}"},"query-input":{"@type":"PropertyValueSpecification","valueRequired":true,"valueName":"search_term_string"}}],"inLanguage":"es"},{"@type":"Organization","@id":"https:\/\/www.eldiario.net\/portal\/#organization","name":"El Diario - Decano de la prensa nacional","url":"https:\/\/www.eldiario.net\/portal\/","logo":{"@type":"ImageObject","inLanguage":"es","@id":"https:\/\/www.eldiario.net\/portal\/#\/schema\/logo\/image\/","url":"https:\/\/www.eldiario.net\/portal\/wp-content\/uploads\/2023\/07\/logo_ED.jpg","contentUrl":"https:\/\/www.eldiario.net\/portal\/wp-content\/uploads\/2023\/07\/logo_ED.jpg","width":272,"height":52,"caption":"El Diario - Decano de la prensa nacional"},"image":{"@id":"https:\/\/www.eldiario.net\/portal\/#\/schema\/logo\/image\/"},"sameAs":["https:\/\/www.facebook.com\/eldiario.bolivia\/","https:\/\/x.com\/eldiario_net"]},{"@type":"Person","@id":"https:\/\/www.eldiario.net\/portal\/#\/schema\/person\/f46445640444750d7d753ccd04ae01b7","name":"Jeanette","image":{"@type":"ImageObject","inLanguage":"es","@id":"https:\/\/secure.gravatar.com\/avatar\/3ea2118a5f7dad2b7138b1187a6b7ee55f160b9968b66013c3a3ef39dd7e5798?s=96&d=mm&r=g","url":"https:\/\/secure.gravatar.com\/avatar\/3ea2118a5f7dad2b7138b1187a6b7ee55f160b9968b66013c3a3ef39dd7e5798?s=96&d=mm&r=g","contentUrl":"https:\/\/secure.gravatar.com\/avatar\/3ea2118a5f7dad2b7138b1187a6b7ee55f160b9968b66013c3a3ef39dd7e5798?s=96&d=mm&r=g","caption":"Jeanette"},"sameAs":["https:\/\/www.eldiario.net\/portal"],"url":"https:\/\/www.eldiario.net\/portal\/author\/jeanette\/"}]}},"_links":{"self":[{"href":"https:\/\/www.eldiario.net\/portal\/wp-json\/wp\/v2\/posts\/235964","targetHints":{"allow":["GET"]}}],"collection":[{"href":"https:\/\/www.eldiario.net\/portal\/wp-json\/wp\/v2\/posts"}],"about":[{"href":"https:\/\/www.eldiario.net\/portal\/wp-json\/wp\/v2\/types\/post"}],"author":[{"embeddable":true,"href":"https:\/\/www.eldiario.net\/portal\/wp-json\/wp\/v2\/users\/1"}],"replies":[{"embeddable":true,"href":"https:\/\/www.eldiario.net\/portal\/wp-json\/wp\/v2\/comments?post=235964"}],"version-history":[{"count":1,"href":"https:\/\/www.eldiario.net\/portal\/wp-json\/wp\/v2\/posts\/235964\/revisions"}],"predecessor-version":[{"id":235966,"href":"https:\/\/www.eldiario.net\/portal\/wp-json\/wp\/v2\/posts\/235964\/revisions\/235966"}],"wp:featuredmedia":[{"embeddable":true,"href":"https:\/\/www.eldiario.net\/portal\/wp-json\/wp\/v2\/media\/235965"}],"wp:attachment":[{"href":"https:\/\/www.eldiario.net\/portal\/wp-json\/wp\/v2\/media?parent=235964"}],"wp:term":[{"taxonomy":"category","embeddable":true,"href":"https:\/\/www.eldiario.net\/portal\/wp-json\/wp\/v2\/categories?post=235964"},{"taxonomy":"post_tag","embeddable":true,"href":"https:\/\/www.eldiario.net\/portal\/wp-json\/wp\/v2\/tags?post=235964"}],"curies":[{"name":"wp","href":"https:\/\/api.w.org\/{rel}","templated":true}]}}