{"id":235961,"date":"2024-07-24T06:18:27","date_gmt":"2024-07-24T10:18:27","guid":{"rendered":"https:\/\/www.eldiario.net\/portal\/?p=235961"},"modified":"2024-07-24T06:18:27","modified_gmt":"2024-07-24T10:18:27","slug":"cc-exige-renuncia-del-titular-de-diputados","status":"publish","type":"post","link":"https:\/\/www.eldiario.net\/portal\/2024\/07\/24\/cc-exige-renuncia-del-titular-de-diputados\/","title":{"rendered":"CC exige renuncia del  titular de Diputados"},"content":{"rendered":"<p>Reprochando la cantidad de denuncias por supuestos actos de corrupci\u00f3n cometidos por funcionarios cercanos al presidente de la C\u00e1mara de Diputados, Israel Huaytari, y con la finalidad de preservar la salud institucional de la Asamblea Legislativa Plurinacional (ALP), miembros de la bancada de Comunidad Ciudadana (CC), exigieron la renuncia de la cuestionada autoridad legislativa, asegurando que ha perdido total credibilidad para ejercer el cargo.<br \/>\nEn conferencia de prensa, Enrique Urquidi, jefe de bancada de CC en Diputados, inform\u00f3 que la posici\u00f3n de esta organizaci\u00f3n pol\u00edtica es exigir la renuncia del titular en Diputados, al haber perdido toda legitimidad para desempe\u00f1ar el m\u00e1ximo cargo en esta instancia legislativa.<br \/>\n\u201cDespu\u00e9s de hacer un an\u00e1lisis interno, la decisi\u00f3n pol\u00edtica de la bancada de Comunidad Ciudadana es exigir la renuncia inmediata del se\u00f1or Huaytari, puesto que ha perdido total credibilidad y legitimidad, y est\u00e1 claro que no tiene la solvencia \u00e9tica y moral para ejercer la responsabilidad que requiere la presidencia de la C\u00e1mara Baja\u201d, se\u00f1al\u00f3 Urquidi.<br \/>\nAsimismo, mediante una carta, se demand\u00f3 que la autoridad legislativa, y su entorno, sean objeto de una investigaci\u00f3n por parte de autoridades competentes, hasta establecer todas responsabilidades por los delicados hechos de corrupci\u00f3n denunciados en las \u00faltimas semanas y meses.<br \/>\n\u201cEstamos exigiendo que renuncie a su cargo y que se acoja a una investigaci\u00f3n en la justicia ordinaria a trav\u00e9s del Ministerio P\u00fablico y las instancias que correspondan, donde tambi\u00e9n como bancada se ha organizado una comisi\u00f3n especial para que se fiscalice todo este proceso\u201d, indic\u00f3.<br \/>\nEl fin de semana, diputados como el pace\u00f1o Alejandro Reyes exigieron la destituci\u00f3n de todo el personal involucrado en actos de corrupci\u00f3n al interior de la C\u00e1mara de Diputados, demandando adem\u00e1s que Huaytari responda por todo el personal contratado con su aval.<br \/>\n\u201cTiene que dar la cara y destituir a toda su plana mayor, no solamente por corrupci\u00f3n sino por todos los hechos bochornosos a los que nos ha llevado como Asamblea Legislativa\u201d, expres\u00f3 el parlamentario pace\u00f1o.<br \/>\nEn ese contexto, cuestion\u00f3 que desde la presidencia de Diputados se trate de eludir toda responsabilidad en la contrataci\u00f3n de funcionarios, bajo el argumento de que los delitos cometidos tienen un car\u00e1cter personal.<br \/>\n\u201cClaramente tambi\u00e9n tendr\u00e1 que enfrentar procesos porque todo viene con responsabilidad administrativa, no se puede contratar a gente que cuenta con m\u00e1s prontuario que curr\u00edculum. Huaytari tiene que responder por la gente que ha contratado\u201d, agreg\u00f3 Reyes.<br \/>\nLa semana pasada, se denunci\u00f3 un presunto caso de violaci\u00f3n en el que se involucra a un funcionario de la Direcci\u00f3n de Recursos Humanos de la C\u00e1mara de Diputados, d\u00edas atr\u00e1s, el jefe de contrataciones de esta instancia fue aprehendido en flagrancia, mientras extorsionaba a un empresario bajo la amenaza de dar de baja un contrato de servicios. Asimismo, el mes de mayo se revel\u00f3 que el Ministerio P\u00fablico abri\u00f3 una investigaci\u00f3n contra Huaytari, por posible legitimaci\u00f3n de ganancias il\u00edcitas.<\/p>\n","protected":false},"excerpt":{"rendered":"<p>Reprochando la cantidad de denuncias por supuestos actos de corrupci\u00f3n cometidos por funcionarios cercanos al presidente de la C\u00e1mara de Diputados, Israel Huaytari, y con la finalidad de preservar la salud institucional de la Asamblea Legislativa Plurinacional (ALP), miembros de la bancada de Comunidad Ciudadana (CC), exigieron la renuncia de la cuestionada autoridad legislativa, asegurando [&hellip;]<\/p>\n","protected":false},"author":1,"featured_media":235962,"comment_status":"open","ping_status":"open","sticky":false,"template":"","format":"standard","meta":{"_acf_changed":false,"footnotes":""},"categories":[14],"tags":[],"class_list":["post-235961","post","type-post","status-publish","format-standard","has-post-thumbnail","category-politica"],"acf":{"antetitulo":"Posici\u00f3n de bancada"},"yoast_head":"<!-- This site is optimized with the Yoast SEO plugin v28.4 - https:\/\/yoast.com\/product\/yoast-seo-wordpress\/ -->\n<title>CC exige renuncia del titular de Diputados - El Diario - Bolivia<\/title>\n<meta name=\"robots\" content=\"index, follow, max-snippet:-1, max-image-preview:large, max-video-preview:-1\" \/>\n<link rel=\"canonical\" href=\"https:\/\/www.eldiario.net\/portal\/2024\/07\/24\/cc-exige-renuncia-del-titular-de-diputados\/\" \/>\n<meta property=\"og:locale\" content=\"es_ES\" \/>\n<meta property=\"og:type\" content=\"article\" \/>\n<meta property=\"og:title\" content=\"CC exige renuncia del titular de Diputados - El Diario - Bolivia\" \/>\n<meta property=\"og:description\" content=\"Reprochando la cantidad de denuncias por supuestos actos de corrupci\u00f3n cometidos por funcionarios cercanos al presidente de la C\u00e1mara de Diputados, Israel Huaytari, y con la finalidad de preservar la salud institucional de la Asamblea Legislativa Plurinacional (ALP), miembros de la bancada de Comunidad Ciudadana (CC), exigieron la renuncia de la cuestionada autoridad legislativa, asegurando [&hellip;]\" \/>\n<meta property=\"og:url\" content=\"https:\/\/www.eldiario.net\/portal\/2024\/07\/24\/cc-exige-renuncia-del-titular-de-diputados\/\" \/>\n<meta property=\"og:site_name\" content=\"El Diario - Bolivia\" \/>\n<meta property=\"article:publisher\" content=\"https:\/\/www.facebook.com\/eldiario.bolivia\/\" \/>\n<meta property=\"article:published_time\" content=\"2024-07-24T10:18:27+00:00\" \/>\n<meta property=\"og:image\" content=\"https:\/\/www.eldiario.net\/portal\/wp-content\/uploads\/2024\/07\/41-POL-9.jpg\" \/>\n\t<meta property=\"og:image:width\" content=\"1600\" \/>\n\t<meta property=\"og:image:height\" content=\"900\" \/>\n\t<meta property=\"og:image:type\" content=\"image\/jpeg\" \/>\n<meta name=\"author\" content=\"Jeanette\" \/>\n<meta name=\"twitter:card\" content=\"summary_large_image\" \/>\n<meta name=\"twitter:creator\" content=\"@eldiario_net\" \/>\n<meta name=\"twitter:site\" content=\"@eldiario_net\" \/>\n<meta name=\"twitter:label1\" content=\"Escrito por\" \/>\n\t<meta name=\"twitter:data1\" content=\"Jeanette\" \/>\n\t<meta name=\"twitter:label2\" content=\"Tiempo de lectura\" \/>\n\t<meta name=\"twitter:data2\" content=\"3 minutos\" \/>\n<script type=\"application\/ld+json\" class=\"yoast-schema-graph\">{\"@context\":\"https:\\\/\\\/schema.org\",\"@graph\":[{\"@type\":\"Article\",\"@id\":\"https:\\\/\\\/www.eldiario.net\\\/portal\\\/2024\\\/07\\\/24\\\/cc-exige-renuncia-del-titular-de-diputados\\\/#article\",\"isPartOf\":{\"@id\":\"https:\\\/\\\/www.eldiario.net\\\/portal\\\/2024\\\/07\\\/24\\\/cc-exige-renuncia-del-titular-de-diputados\\\/\"},\"author\":{\"name\":\"Jeanette\",\"@id\":\"https:\\\/\\\/www.eldiario.net\\\/portal\\\/#\\\/schema\\\/person\\\/f46445640444750d7d753ccd04ae01b7\"},\"headline\":\"CC exige renuncia del titular de Diputados\",\"datePublished\":\"2024-07-24T10:18:27+00:00\",\"mainEntityOfPage\":{\"@id\":\"https:\\\/\\\/www.eldiario.net\\\/portal\\\/2024\\\/07\\\/24\\\/cc-exige-renuncia-del-titular-de-diputados\\\/\"},\"wordCount\":525,\"commentCount\":0,\"publisher\":{\"@id\":\"https:\\\/\\\/www.eldiario.net\\\/portal\\\/#organization\"},\"image\":{\"@id\":\"https:\\\/\\\/www.eldiario.net\\\/portal\\\/2024\\\/07\\\/24\\\/cc-exige-renuncia-del-titular-de-diputados\\\/#primaryimage\"},\"thumbnailUrl\":\"https:\\\/\\\/www.eldiario.net\\\/portal\\\/wp-content\\\/uploads\\\/2024\\\/07\\\/41-POL-9.jpg\",\"articleSection\":[\"Pol\u00edtica\"],\"inLanguage\":\"es\",\"potentialAction\":[{\"@type\":\"CommentAction\",\"name\":\"Comment\",\"target\":[\"https:\\\/\\\/www.eldiario.net\\\/portal\\\/2024\\\/07\\\/24\\\/cc-exige-renuncia-del-titular-de-diputados\\\/#respond\"]}]},{\"@type\":\"WebPage\",\"@id\":\"https:\\\/\\\/www.eldiario.net\\\/portal\\\/2024\\\/07\\\/24\\\/cc-exige-renuncia-del-titular-de-diputados\\\/\",\"url\":\"https:\\\/\\\/www.eldiario.net\\\/portal\\\/2024\\\/07\\\/24\\\/cc-exige-renuncia-del-titular-de-diputados\\\/\",\"name\":\"CC exige renuncia del titular de Diputados - El Diario - Bolivia\",\"isPartOf\":{\"@id\":\"https:\\\/\\\/www.eldiario.net\\\/portal\\\/#website\"},\"primaryImageOfPage\":{\"@id\":\"https:\\\/\\\/www.eldiario.net\\\/portal\\\/2024\\\/07\\\/24\\\/cc-exige-renuncia-del-titular-de-diputados\\\/#primaryimage\"},\"image\":{\"@id\":\"https:\\\/\\\/www.eldiario.net\\\/portal\\\/2024\\\/07\\\/24\\\/cc-exige-renuncia-del-titular-de-diputados\\\/#primaryimage\"},\"thumbnailUrl\":\"https:\\\/\\\/www.eldiario.net\\\/portal\\\/wp-content\\\/uploads\\\/2024\\\/07\\\/41-POL-9.jpg\",\"datePublished\":\"2024-07-24T10:18:27+00:00\",\"breadcrumb\":{\"@id\":\"https:\\\/\\\/www.eldiario.net\\\/portal\\\/2024\\\/07\\\/24\\\/cc-exige-renuncia-del-titular-de-diputados\\\/#breadcrumb\"},\"inLanguage\":\"es\",\"potentialAction\":[{\"@type\":\"ReadAction\",\"target\":[\"https:\\\/\\\/www.eldiario.net\\\/portal\\\/2024\\\/07\\\/24\\\/cc-exige-renuncia-del-titular-de-diputados\\\/\"]}]},{\"@type\":\"ImageObject\",\"inLanguage\":\"es\",\"@id\":\"https:\\\/\\\/www.eldiario.net\\\/portal\\\/2024\\\/07\\\/24\\\/cc-exige-renuncia-del-titular-de-diputados\\\/#primaryimage\",\"url\":\"https:\\\/\\\/www.eldiario.net\\\/portal\\\/wp-content\\\/uploads\\\/2024\\\/07\\\/41-POL-9.jpg\",\"contentUrl\":\"https:\\\/\\\/www.eldiario.net\\\/portal\\\/wp-content\\\/uploads\\\/2024\\\/07\\\/41-POL-9.jpg\",\"width\":1600,\"height\":900,\"caption\":\"el Diputado, Enrique Urquidi (CC).\"},{\"@type\":\"BreadcrumbList\",\"@id\":\"https:\\\/\\\/www.eldiario.net\\\/portal\\\/2024\\\/07\\\/24\\\/cc-exige-renuncia-del-titular-de-diputados\\\/#breadcrumb\",\"itemListElement\":[{\"@type\":\"ListItem\",\"position\":1,\"name\":\"Portada\",\"item\":\"https:\\\/\\\/www.eldiario.net\\\/portal\\\/\"},{\"@type\":\"ListItem\",\"position\":2,\"name\":\"CC exige renuncia del titular de Diputados\"}]},{\"@type\":\"WebSite\",\"@id\":\"https:\\\/\\\/www.eldiario.net\\\/portal\\\/#website\",\"url\":\"https:\\\/\\\/www.eldiario.net\\\/portal\\\/\",\"name\":\"El Diario - Decano de la prensa nacional\",\"description\":\"El Diario - Decano de la prensa nacional\",\"publisher\":{\"@id\":\"https:\\\/\\\/www.eldiario.net\\\/portal\\\/#organization\"},\"potentialAction\":[{\"@type\":\"SearchAction\",\"target\":{\"@type\":\"EntryPoint\",\"urlTemplate\":\"https:\\\/\\\/www.eldiario.net\\\/portal\\\/?s={search_term_string}\"},\"query-input\":{\"@type\":\"PropertyValueSpecification\",\"valueRequired\":true,\"valueName\":\"search_term_string\"}}],\"inLanguage\":\"es\"},{\"@type\":\"Organization\",\"@id\":\"https:\\\/\\\/www.eldiario.net\\\/portal\\\/#organization\",\"name\":\"El Diario - Decano de la prensa nacional\",\"url\":\"https:\\\/\\\/www.eldiario.net\\\/portal\\\/\",\"logo\":{\"@type\":\"ImageObject\",\"inLanguage\":\"es\",\"@id\":\"https:\\\/\\\/www.eldiario.net\\\/portal\\\/#\\\/schema\\\/logo\\\/image\\\/\",\"url\":\"https:\\\/\\\/www.eldiario.net\\\/portal\\\/wp-content\\\/uploads\\\/2023\\\/07\\\/logo_ED.jpg\",\"contentUrl\":\"https:\\\/\\\/www.eldiario.net\\\/portal\\\/wp-content\\\/uploads\\\/2023\\\/07\\\/logo_ED.jpg\",\"width\":272,\"height\":52,\"caption\":\"El Diario - Decano de la prensa nacional\"},\"image\":{\"@id\":\"https:\\\/\\\/www.eldiario.net\\\/portal\\\/#\\\/schema\\\/logo\\\/image\\\/\"},\"sameAs\":[\"https:\\\/\\\/www.facebook.com\\\/eldiario.bolivia\\\/\",\"https:\\\/\\\/x.com\\\/eldiario_net\"]},{\"@type\":\"Person\",\"@id\":\"https:\\\/\\\/www.eldiario.net\\\/portal\\\/#\\\/schema\\\/person\\\/f46445640444750d7d753ccd04ae01b7\",\"name\":\"Jeanette\",\"image\":{\"@type\":\"ImageObject\",\"inLanguage\":\"es\",\"@id\":\"https:\\\/\\\/secure.gravatar.com\\\/avatar\\\/3ea2118a5f7dad2b7138b1187a6b7ee55f160b9968b66013c3a3ef39dd7e5798?s=96&d=mm&r=g\",\"url\":\"https:\\\/\\\/secure.gravatar.com\\\/avatar\\\/3ea2118a5f7dad2b7138b1187a6b7ee55f160b9968b66013c3a3ef39dd7e5798?s=96&d=mm&r=g\",\"contentUrl\":\"https:\\\/\\\/secure.gravatar.com\\\/avatar\\\/3ea2118a5f7dad2b7138b1187a6b7ee55f160b9968b66013c3a3ef39dd7e5798?s=96&d=mm&r=g\",\"caption\":\"Jeanette\"},\"sameAs\":[\"https:\\\/\\\/www.eldiario.net\\\/portal\"],\"url\":\"https:\\\/\\\/www.eldiario.net\\\/portal\\\/author\\\/jeanette\\\/\"}]}<\/script>\n<!-- \/ Yoast SEO plugin. -->","yoast_head_json":{"title":"CC exige renuncia del titular de Diputados - El Diario - Bolivia","robots":{"index":"index","follow":"follow","max-snippet":"max-snippet:-1","max-image-preview":"max-image-preview:large","max-video-preview":"max-video-preview:-1"},"canonical":"https:\/\/www.eldiario.net\/portal\/2024\/07\/24\/cc-exige-renuncia-del-titular-de-diputados\/","og_locale":"es_ES","og_type":"article","og_title":"CC exige renuncia del titular de Diputados - El Diario - Bolivia","og_description":"Reprochando la cantidad de denuncias por supuestos actos de corrupci\u00f3n cometidos por funcionarios cercanos al presidente de la C\u00e1mara de Diputados, Israel Huaytari, y con la finalidad de preservar la salud institucional de la Asamblea Legislativa Plurinacional (ALP), miembros de la bancada de Comunidad Ciudadana (CC), exigieron la renuncia de la cuestionada autoridad legislativa, asegurando [&hellip;]","og_url":"https:\/\/www.eldiario.net\/portal\/2024\/07\/24\/cc-exige-renuncia-del-titular-de-diputados\/","og_site_name":"El Diario - Bolivia","article_publisher":"https:\/\/www.facebook.com\/eldiario.bolivia\/","article_published_time":"2024-07-24T10:18:27+00:00","og_image":[{"width":1600,"height":900,"url":"https:\/\/www.eldiario.net\/portal\/wp-content\/uploads\/2024\/07\/41-POL-9.jpg","type":"image\/jpeg"}],"author":"Jeanette","twitter_card":"summary_large_image","twitter_creator":"@eldiario_net","twitter_site":"@eldiario_net","twitter_misc":{"Escrito por":"Jeanette","Tiempo de lectura":"3 minutos"},"schema":{"@context":"https:\/\/schema.org","@graph":[{"@type":"Article","@id":"https:\/\/www.eldiario.net\/portal\/2024\/07\/24\/cc-exige-renuncia-del-titular-de-diputados\/#article","isPartOf":{"@id":"https:\/\/www.eldiario.net\/portal\/2024\/07\/24\/cc-exige-renuncia-del-titular-de-diputados\/"},"author":{"name":"Jeanette","@id":"https:\/\/www.eldiario.net\/portal\/#\/schema\/person\/f46445640444750d7d753ccd04ae01b7"},"headline":"CC exige renuncia del titular de Diputados","datePublished":"2024-07-24T10:18:27+00:00","mainEntityOfPage":{"@id":"https:\/\/www.eldiario.net\/portal\/2024\/07\/24\/cc-exige-renuncia-del-titular-de-diputados\/"},"wordCount":525,"commentCount":0,"publisher":{"@id":"https:\/\/www.eldiario.net\/portal\/#organization"},"image":{"@id":"https:\/\/www.eldiario.net\/portal\/2024\/07\/24\/cc-exige-renuncia-del-titular-de-diputados\/#primaryimage"},"thumbnailUrl":"https:\/\/www.eldiario.net\/portal\/wp-content\/uploads\/2024\/07\/41-POL-9.jpg","articleSection":["Pol\u00edtica"],"inLanguage":"es","potentialAction":[{"@type":"CommentAction","name":"Comment","target":["https:\/\/www.eldiario.net\/portal\/2024\/07\/24\/cc-exige-renuncia-del-titular-de-diputados\/#respond"]}]},{"@type":"WebPage","@id":"https:\/\/www.eldiario.net\/portal\/2024\/07\/24\/cc-exige-renuncia-del-titular-de-diputados\/","url":"https:\/\/www.eldiario.net\/portal\/2024\/07\/24\/cc-exige-renuncia-del-titular-de-diputados\/","name":"CC exige renuncia del titular de Diputados - El Diario - Bolivia","isPartOf":{"@id":"https:\/\/www.eldiario.net\/portal\/#website"},"primaryImageOfPage":{"@id":"https:\/\/www.eldiario.net\/portal\/2024\/07\/24\/cc-exige-renuncia-del-titular-de-diputados\/#primaryimage"},"image":{"@id":"https:\/\/www.eldiario.net\/portal\/2024\/07\/24\/cc-exige-renuncia-del-titular-de-diputados\/#primaryimage"},"thumbnailUrl":"https:\/\/www.eldiario.net\/portal\/wp-content\/uploads\/2024\/07\/41-POL-9.jpg","datePublished":"2024-07-24T10:18:27+00:00","breadcrumb":{"@id":"https:\/\/www.eldiario.net\/portal\/2024\/07\/24\/cc-exige-renuncia-del-titular-de-diputados\/#breadcrumb"},"inLanguage":"es","potentialAction":[{"@type":"ReadAction","target":["https:\/\/www.eldiario.net\/portal\/2024\/07\/24\/cc-exige-renuncia-del-titular-de-diputados\/"]}]},{"@type":"ImageObject","inLanguage":"es","@id":"https:\/\/www.eldiario.net\/portal\/2024\/07\/24\/cc-exige-renuncia-del-titular-de-diputados\/#primaryimage","url":"https:\/\/www.eldiario.net\/portal\/wp-content\/uploads\/2024\/07\/41-POL-9.jpg","contentUrl":"https:\/\/www.eldiario.net\/portal\/wp-content\/uploads\/2024\/07\/41-POL-9.jpg","width":1600,"height":900,"caption":"el Diputado, Enrique Urquidi (CC)."},{"@type":"BreadcrumbList","@id":"https:\/\/www.eldiario.net\/portal\/2024\/07\/24\/cc-exige-renuncia-del-titular-de-diputados\/#breadcrumb","itemListElement":[{"@type":"ListItem","position":1,"name":"Portada","item":"https:\/\/www.eldiario.net\/portal\/"},{"@type":"ListItem","position":2,"name":"CC exige renuncia del titular de Diputados"}]},{"@type":"WebSite","@id":"https:\/\/www.eldiario.net\/portal\/#website","url":"https:\/\/www.eldiario.net\/portal\/","name":"El Diario - Decano de la prensa nacional","description":"El Diario - Decano de la prensa nacional","publisher":{"@id":"https:\/\/www.eldiario.net\/portal\/#organization"},"potentialAction":[{"@type":"SearchAction","target":{"@type":"EntryPoint","urlTemplate":"https:\/\/www.eldiario.net\/portal\/?s={search_term_string}"},"query-input":{"@type":"PropertyValueSpecification","valueRequired":true,"valueName":"search_term_string"}}],"inLanguage":"es"},{"@type":"Organization","@id":"https:\/\/www.eldiario.net\/portal\/#organization","name":"El Diario - Decano de la prensa nacional","url":"https:\/\/www.eldiario.net\/portal\/","logo":{"@type":"ImageObject","inLanguage":"es","@id":"https:\/\/www.eldiario.net\/portal\/#\/schema\/logo\/image\/","url":"https:\/\/www.eldiario.net\/portal\/wp-content\/uploads\/2023\/07\/logo_ED.jpg","contentUrl":"https:\/\/www.eldiario.net\/portal\/wp-content\/uploads\/2023\/07\/logo_ED.jpg","width":272,"height":52,"caption":"El Diario - Decano de la prensa nacional"},"image":{"@id":"https:\/\/www.eldiario.net\/portal\/#\/schema\/logo\/image\/"},"sameAs":["https:\/\/www.facebook.com\/eldiario.bolivia\/","https:\/\/x.com\/eldiario_net"]},{"@type":"Person","@id":"https:\/\/www.eldiario.net\/portal\/#\/schema\/person\/f46445640444750d7d753ccd04ae01b7","name":"Jeanette","image":{"@type":"ImageObject","inLanguage":"es","@id":"https:\/\/secure.gravatar.com\/avatar\/3ea2118a5f7dad2b7138b1187a6b7ee55f160b9968b66013c3a3ef39dd7e5798?s=96&d=mm&r=g","url":"https:\/\/secure.gravatar.com\/avatar\/3ea2118a5f7dad2b7138b1187a6b7ee55f160b9968b66013c3a3ef39dd7e5798?s=96&d=mm&r=g","contentUrl":"https:\/\/secure.gravatar.com\/avatar\/3ea2118a5f7dad2b7138b1187a6b7ee55f160b9968b66013c3a3ef39dd7e5798?s=96&d=mm&r=g","caption":"Jeanette"},"sameAs":["https:\/\/www.eldiario.net\/portal"],"url":"https:\/\/www.eldiario.net\/portal\/author\/jeanette\/"}]}},"_links":{"self":[{"href":"https:\/\/www.eldiario.net\/portal\/wp-json\/wp\/v2\/posts\/235961","targetHints":{"allow":["GET"]}}],"collection":[{"href":"https:\/\/www.eldiario.net\/portal\/wp-json\/wp\/v2\/posts"}],"about":[{"href":"https:\/\/www.eldiario.net\/portal\/wp-json\/wp\/v2\/types\/post"}],"author":[{"embeddable":true,"href":"https:\/\/www.eldiario.net\/portal\/wp-json\/wp\/v2\/users\/1"}],"replies":[{"embeddable":true,"href":"https:\/\/www.eldiario.net\/portal\/wp-json\/wp\/v2\/comments?post=235961"}],"version-history":[{"count":1,"href":"https:\/\/www.eldiario.net\/portal\/wp-json\/wp\/v2\/posts\/235961\/revisions"}],"predecessor-version":[{"id":235963,"href":"https:\/\/www.eldiario.net\/portal\/wp-json\/wp\/v2\/posts\/235961\/revisions\/235963"}],"wp:featuredmedia":[{"embeddable":true,"href":"https:\/\/www.eldiario.net\/portal\/wp-json\/wp\/v2\/media\/235962"}],"wp:attachment":[{"href":"https:\/\/www.eldiario.net\/portal\/wp-json\/wp\/v2\/media?parent=235961"}],"wp:term":[{"taxonomy":"category","embeddable":true,"href":"https:\/\/www.eldiario.net\/portal\/wp-json\/wp\/v2\/categories?post=235961"},{"taxonomy":"post_tag","embeddable":true,"href":"https:\/\/www.eldiario.net\/portal\/wp-json\/wp\/v2\/tags?post=235961"}],"curies":[{"name":"wp","href":"https:\/\/api.w.org\/{rel}","templated":true}]}}