{"id":235955,"date":"2024-07-24T06:17:35","date_gmt":"2024-07-24T10:17:35","guid":{"rendered":"https:\/\/www.eldiario.net\/portal\/?p=235955"},"modified":"2024-07-24T06:17:35","modified_gmt":"2024-07-24T10:17:35","slug":"embajadora-en-rusia-asegura-que-buscan-alejarla-del-cargo","status":"publish","type":"post","link":"https:\/\/www.eldiario.net\/portal\/2024\/07\/24\/embajadora-en-rusia-asegura-que-buscan-alejarla-del-cargo\/","title":{"rendered":"Embajadora en Rusia asegura  que buscan alejarla del cargo"},"content":{"rendered":"<p>La embajadora de Bolivia en Rusia, Mar\u00eda Luisa Ramos, inform\u00f3 que el exministro de Gobierno, Hugo Moldiz, busca alejarla del cargo y por eso presion\u00f3 al viceministro de Relaciones Exteriores, Esteban Catarina, para que le env\u00ede un memor\u00e1ndum de llamada de atenci\u00f3n.<br \/>\n\u201cToda esta situaci\u00f3n me obliga a revelar aqu\u00ed lo que su persona me ha dicho por tel\u00e9fono, que este memor\u00e1ndum lo hizo usted por presiones del se\u00f1or Hugo Moldiz. Disc\u00falpeme, pero no puedo callar este detalle, que es no menor. Si eso no es as\u00ed, acl\u00e1reme esta situaci\u00f3n\u201d, se lee en una carta que envi\u00f3 Ramos a Catarina fechada el 8 de julio y clasificada como \u201cMuy urgente\u201d, que circula por redes sociales.<br \/>\nConsultado por Br\u00fajula Digital, Moldiz prefiri\u00f3 no declarar sobre la nota de una embajadora que considera fuera de contexto y alejada de la verdad.<br \/>\nEn la misiva, Ramos responde al memor\u00e1ndum VRE-Me-32\/2024 con hoja de ruta 33652.24 \u201cLlamada de atenci\u00f3n\u201d que le envi\u00f3 el Viceministerio por algunos hechos ocurridos durante la visita del presidente, Luis Arce, a Rusia en el marco del Foro Econ\u00f3mico Internacional de San Petersburgo realizado entre el 5 y 8 de junio.<br \/>\nLa embajadora indica en su carta que le parece extra\u00f1o que \u201cs\u00f3lo 17 d\u00edas despu\u00e9s de su retorno a Bolivia\u201d, tras participar en el foro, Catarina le haya enviado un memor\u00e1ndum, pese a que cuando estuvo con ella en San Petersburgo elogi\u00f3 \u201cen m\u00e1s de una ocasi\u00f3n\u201d su trabajo. (Br\u00fajula Digital)<\/p>\n","protected":false},"excerpt":{"rendered":"<p>La embajadora de Bolivia en Rusia, Mar\u00eda Luisa Ramos, inform\u00f3 que el exministro de Gobierno, Hugo Moldiz, busca alejarla del cargo y por eso presion\u00f3 al viceministro de Relaciones Exteriores, Esteban Catarina, para que le env\u00ede un memor\u00e1ndum de llamada de atenci\u00f3n. \u201cToda esta situaci\u00f3n me obliga a revelar aqu\u00ed lo que su persona me [&hellip;]<\/p>\n","protected":false},"author":1,"featured_media":235956,"comment_status":"open","ping_status":"open","sticky":false,"template":"","format":"standard","meta":{"_acf_changed":false,"footnotes":""},"categories":[14],"tags":[],"class_list":["post-235955","post","type-post","status-publish","format-standard","has-post-thumbnail","category-politica"],"acf":{"antetitulo":""},"yoast_head":"<!-- This site is optimized with the Yoast SEO plugin v28.4 - https:\/\/yoast.com\/product\/yoast-seo-wordpress\/ -->\n<title>Embajadora en Rusia asegura que buscan alejarla del cargo - El Diario - Bolivia<\/title>\n<meta name=\"robots\" content=\"index, follow, max-snippet:-1, max-image-preview:large, max-video-preview:-1\" \/>\n<link rel=\"canonical\" href=\"https:\/\/www.eldiario.net\/portal\/2024\/07\/24\/embajadora-en-rusia-asegura-que-buscan-alejarla-del-cargo\/\" \/>\n<meta property=\"og:locale\" content=\"es_ES\" \/>\n<meta property=\"og:type\" content=\"article\" \/>\n<meta property=\"og:title\" content=\"Embajadora en Rusia asegura que buscan alejarla del cargo - El Diario - Bolivia\" \/>\n<meta property=\"og:description\" content=\"La embajadora de Bolivia en Rusia, Mar\u00eda Luisa Ramos, inform\u00f3 que el exministro de Gobierno, Hugo Moldiz, busca alejarla del cargo y por eso presion\u00f3 al viceministro de Relaciones Exteriores, Esteban Catarina, para que le env\u00ede un memor\u00e1ndum de llamada de atenci\u00f3n. \u201cToda esta situaci\u00f3n me obliga a revelar aqu\u00ed lo que su persona me [&hellip;]\" \/>\n<meta property=\"og:url\" content=\"https:\/\/www.eldiario.net\/portal\/2024\/07\/24\/embajadora-en-rusia-asegura-que-buscan-alejarla-del-cargo\/\" \/>\n<meta property=\"og:site_name\" content=\"El Diario - Bolivia\" \/>\n<meta property=\"article:publisher\" content=\"https:\/\/www.facebook.com\/eldiario.bolivia\/\" \/>\n<meta property=\"article:published_time\" content=\"2024-07-24T10:17:35+00:00\" \/>\n<meta property=\"og:image\" content=\"https:\/\/www.eldiario.net\/portal\/wp-content\/uploads\/2024\/07\/43-POL-4.jpg\" \/>\n\t<meta property=\"og:image:width\" content=\"720\" \/>\n\t<meta property=\"og:image:height\" content=\"399\" \/>\n\t<meta property=\"og:image:type\" content=\"image\/jpeg\" \/>\n<meta name=\"author\" content=\"Jeanette\" \/>\n<meta name=\"twitter:card\" content=\"summary_large_image\" \/>\n<meta name=\"twitter:creator\" content=\"@eldiario_net\" \/>\n<meta name=\"twitter:site\" content=\"@eldiario_net\" \/>\n<meta name=\"twitter:label1\" content=\"Escrito por\" \/>\n\t<meta name=\"twitter:data1\" content=\"Jeanette\" \/>\n\t<meta name=\"twitter:label2\" content=\"Tiempo de lectura\" \/>\n\t<meta name=\"twitter:data2\" content=\"2 minutos\" \/>\n<script type=\"application\/ld+json\" class=\"yoast-schema-graph\">{\"@context\":\"https:\\\/\\\/schema.org\",\"@graph\":[{\"@type\":\"Article\",\"@id\":\"https:\\\/\\\/www.eldiario.net\\\/portal\\\/2024\\\/07\\\/24\\\/embajadora-en-rusia-asegura-que-buscan-alejarla-del-cargo\\\/#article\",\"isPartOf\":{\"@id\":\"https:\\\/\\\/www.eldiario.net\\\/portal\\\/2024\\\/07\\\/24\\\/embajadora-en-rusia-asegura-que-buscan-alejarla-del-cargo\\\/\"},\"author\":{\"name\":\"Jeanette\",\"@id\":\"https:\\\/\\\/www.eldiario.net\\\/portal\\\/#\\\/schema\\\/person\\\/f46445640444750d7d753ccd04ae01b7\"},\"headline\":\"Embajadora en Rusia asegura que buscan alejarla del cargo\",\"datePublished\":\"2024-07-24T10:17:35+00:00\",\"mainEntityOfPage\":{\"@id\":\"https:\\\/\\\/www.eldiario.net\\\/portal\\\/2024\\\/07\\\/24\\\/embajadora-en-rusia-asegura-que-buscan-alejarla-del-cargo\\\/\"},\"wordCount\":269,\"commentCount\":0,\"publisher\":{\"@id\":\"https:\\\/\\\/www.eldiario.net\\\/portal\\\/#organization\"},\"image\":{\"@id\":\"https:\\\/\\\/www.eldiario.net\\\/portal\\\/2024\\\/07\\\/24\\\/embajadora-en-rusia-asegura-que-buscan-alejarla-del-cargo\\\/#primaryimage\"},\"thumbnailUrl\":\"https:\\\/\\\/www.eldiario.net\\\/portal\\\/wp-content\\\/uploads\\\/2024\\\/07\\\/43-POL-4.jpg\",\"articleSection\":[\"Pol\u00edtica\"],\"inLanguage\":\"es\",\"potentialAction\":[{\"@type\":\"CommentAction\",\"name\":\"Comment\",\"target\":[\"https:\\\/\\\/www.eldiario.net\\\/portal\\\/2024\\\/07\\\/24\\\/embajadora-en-rusia-asegura-que-buscan-alejarla-del-cargo\\\/#respond\"]}]},{\"@type\":\"WebPage\",\"@id\":\"https:\\\/\\\/www.eldiario.net\\\/portal\\\/2024\\\/07\\\/24\\\/embajadora-en-rusia-asegura-que-buscan-alejarla-del-cargo\\\/\",\"url\":\"https:\\\/\\\/www.eldiario.net\\\/portal\\\/2024\\\/07\\\/24\\\/embajadora-en-rusia-asegura-que-buscan-alejarla-del-cargo\\\/\",\"name\":\"Embajadora en Rusia asegura que buscan alejarla del cargo - El Diario - Bolivia\",\"isPartOf\":{\"@id\":\"https:\\\/\\\/www.eldiario.net\\\/portal\\\/#website\"},\"primaryImageOfPage\":{\"@id\":\"https:\\\/\\\/www.eldiario.net\\\/portal\\\/2024\\\/07\\\/24\\\/embajadora-en-rusia-asegura-que-buscan-alejarla-del-cargo\\\/#primaryimage\"},\"image\":{\"@id\":\"https:\\\/\\\/www.eldiario.net\\\/portal\\\/2024\\\/07\\\/24\\\/embajadora-en-rusia-asegura-que-buscan-alejarla-del-cargo\\\/#primaryimage\"},\"thumbnailUrl\":\"https:\\\/\\\/www.eldiario.net\\\/portal\\\/wp-content\\\/uploads\\\/2024\\\/07\\\/43-POL-4.jpg\",\"datePublished\":\"2024-07-24T10:17:35+00:00\",\"breadcrumb\":{\"@id\":\"https:\\\/\\\/www.eldiario.net\\\/portal\\\/2024\\\/07\\\/24\\\/embajadora-en-rusia-asegura-que-buscan-alejarla-del-cargo\\\/#breadcrumb\"},\"inLanguage\":\"es\",\"potentialAction\":[{\"@type\":\"ReadAction\",\"target\":[\"https:\\\/\\\/www.eldiario.net\\\/portal\\\/2024\\\/07\\\/24\\\/embajadora-en-rusia-asegura-que-buscan-alejarla-del-cargo\\\/\"]}]},{\"@type\":\"ImageObject\",\"inLanguage\":\"es\",\"@id\":\"https:\\\/\\\/www.eldiario.net\\\/portal\\\/2024\\\/07\\\/24\\\/embajadora-en-rusia-asegura-que-buscan-alejarla-del-cargo\\\/#primaryimage\",\"url\":\"https:\\\/\\\/www.eldiario.net\\\/portal\\\/wp-content\\\/uploads\\\/2024\\\/07\\\/43-POL-4.jpg\",\"contentUrl\":\"https:\\\/\\\/www.eldiario.net\\\/portal\\\/wp-content\\\/uploads\\\/2024\\\/07\\\/43-POL-4.jpg\",\"width\":720,\"height\":399,\"caption\":\"la Embajadora de Bolivia en Rusia, mar\u00eda luisa ramos.\"},{\"@type\":\"BreadcrumbList\",\"@id\":\"https:\\\/\\\/www.eldiario.net\\\/portal\\\/2024\\\/07\\\/24\\\/embajadora-en-rusia-asegura-que-buscan-alejarla-del-cargo\\\/#breadcrumb\",\"itemListElement\":[{\"@type\":\"ListItem\",\"position\":1,\"name\":\"Portada\",\"item\":\"https:\\\/\\\/www.eldiario.net\\\/portal\\\/\"},{\"@type\":\"ListItem\",\"position\":2,\"name\":\"Embajadora en Rusia asegura que buscan alejarla del cargo\"}]},{\"@type\":\"WebSite\",\"@id\":\"https:\\\/\\\/www.eldiario.net\\\/portal\\\/#website\",\"url\":\"https:\\\/\\\/www.eldiario.net\\\/portal\\\/\",\"name\":\"El Diario - Decano de la prensa nacional\",\"description\":\"El Diario - Decano de la prensa nacional\",\"publisher\":{\"@id\":\"https:\\\/\\\/www.eldiario.net\\\/portal\\\/#organization\"},\"potentialAction\":[{\"@type\":\"SearchAction\",\"target\":{\"@type\":\"EntryPoint\",\"urlTemplate\":\"https:\\\/\\\/www.eldiario.net\\\/portal\\\/?s={search_term_string}\"},\"query-input\":{\"@type\":\"PropertyValueSpecification\",\"valueRequired\":true,\"valueName\":\"search_term_string\"}}],\"inLanguage\":\"es\"},{\"@type\":\"Organization\",\"@id\":\"https:\\\/\\\/www.eldiario.net\\\/portal\\\/#organization\",\"name\":\"El Diario - Decano de la prensa nacional\",\"url\":\"https:\\\/\\\/www.eldiario.net\\\/portal\\\/\",\"logo\":{\"@type\":\"ImageObject\",\"inLanguage\":\"es\",\"@id\":\"https:\\\/\\\/www.eldiario.net\\\/portal\\\/#\\\/schema\\\/logo\\\/image\\\/\",\"url\":\"https:\\\/\\\/www.eldiario.net\\\/portal\\\/wp-content\\\/uploads\\\/2023\\\/07\\\/logo_ED.jpg\",\"contentUrl\":\"https:\\\/\\\/www.eldiario.net\\\/portal\\\/wp-content\\\/uploads\\\/2023\\\/07\\\/logo_ED.jpg\",\"width\":272,\"height\":52,\"caption\":\"El Diario - Decano de la prensa nacional\"},\"image\":{\"@id\":\"https:\\\/\\\/www.eldiario.net\\\/portal\\\/#\\\/schema\\\/logo\\\/image\\\/\"},\"sameAs\":[\"https:\\\/\\\/www.facebook.com\\\/eldiario.bolivia\\\/\",\"https:\\\/\\\/x.com\\\/eldiario_net\"]},{\"@type\":\"Person\",\"@id\":\"https:\\\/\\\/www.eldiario.net\\\/portal\\\/#\\\/schema\\\/person\\\/f46445640444750d7d753ccd04ae01b7\",\"name\":\"Jeanette\",\"image\":{\"@type\":\"ImageObject\",\"inLanguage\":\"es\",\"@id\":\"https:\\\/\\\/secure.gravatar.com\\\/avatar\\\/3ea2118a5f7dad2b7138b1187a6b7ee55f160b9968b66013c3a3ef39dd7e5798?s=96&d=mm&r=g\",\"url\":\"https:\\\/\\\/secure.gravatar.com\\\/avatar\\\/3ea2118a5f7dad2b7138b1187a6b7ee55f160b9968b66013c3a3ef39dd7e5798?s=96&d=mm&r=g\",\"contentUrl\":\"https:\\\/\\\/secure.gravatar.com\\\/avatar\\\/3ea2118a5f7dad2b7138b1187a6b7ee55f160b9968b66013c3a3ef39dd7e5798?s=96&d=mm&r=g\",\"caption\":\"Jeanette\"},\"sameAs\":[\"https:\\\/\\\/www.eldiario.net\\\/portal\"],\"url\":\"https:\\\/\\\/www.eldiario.net\\\/portal\\\/author\\\/jeanette\\\/\"}]}<\/script>\n<!-- \/ Yoast SEO plugin. -->","yoast_head_json":{"title":"Embajadora en Rusia asegura que buscan alejarla del cargo - El Diario - Bolivia","robots":{"index":"index","follow":"follow","max-snippet":"max-snippet:-1","max-image-preview":"max-image-preview:large","max-video-preview":"max-video-preview:-1"},"canonical":"https:\/\/www.eldiario.net\/portal\/2024\/07\/24\/embajadora-en-rusia-asegura-que-buscan-alejarla-del-cargo\/","og_locale":"es_ES","og_type":"article","og_title":"Embajadora en Rusia asegura que buscan alejarla del cargo - El Diario - Bolivia","og_description":"La embajadora de Bolivia en Rusia, Mar\u00eda Luisa Ramos, inform\u00f3 que el exministro de Gobierno, Hugo Moldiz, busca alejarla del cargo y por eso presion\u00f3 al viceministro de Relaciones Exteriores, Esteban Catarina, para que le env\u00ede un memor\u00e1ndum de llamada de atenci\u00f3n. \u201cToda esta situaci\u00f3n me obliga a revelar aqu\u00ed lo que su persona me [&hellip;]","og_url":"https:\/\/www.eldiario.net\/portal\/2024\/07\/24\/embajadora-en-rusia-asegura-que-buscan-alejarla-del-cargo\/","og_site_name":"El Diario - Bolivia","article_publisher":"https:\/\/www.facebook.com\/eldiario.bolivia\/","article_published_time":"2024-07-24T10:17:35+00:00","og_image":[{"width":720,"height":399,"url":"https:\/\/www.eldiario.net\/portal\/wp-content\/uploads\/2024\/07\/43-POL-4.jpg","type":"image\/jpeg"}],"author":"Jeanette","twitter_card":"summary_large_image","twitter_creator":"@eldiario_net","twitter_site":"@eldiario_net","twitter_misc":{"Escrito por":"Jeanette","Tiempo de lectura":"2 minutos"},"schema":{"@context":"https:\/\/schema.org","@graph":[{"@type":"Article","@id":"https:\/\/www.eldiario.net\/portal\/2024\/07\/24\/embajadora-en-rusia-asegura-que-buscan-alejarla-del-cargo\/#article","isPartOf":{"@id":"https:\/\/www.eldiario.net\/portal\/2024\/07\/24\/embajadora-en-rusia-asegura-que-buscan-alejarla-del-cargo\/"},"author":{"name":"Jeanette","@id":"https:\/\/www.eldiario.net\/portal\/#\/schema\/person\/f46445640444750d7d753ccd04ae01b7"},"headline":"Embajadora en Rusia asegura que buscan alejarla del cargo","datePublished":"2024-07-24T10:17:35+00:00","mainEntityOfPage":{"@id":"https:\/\/www.eldiario.net\/portal\/2024\/07\/24\/embajadora-en-rusia-asegura-que-buscan-alejarla-del-cargo\/"},"wordCount":269,"commentCount":0,"publisher":{"@id":"https:\/\/www.eldiario.net\/portal\/#organization"},"image":{"@id":"https:\/\/www.eldiario.net\/portal\/2024\/07\/24\/embajadora-en-rusia-asegura-que-buscan-alejarla-del-cargo\/#primaryimage"},"thumbnailUrl":"https:\/\/www.eldiario.net\/portal\/wp-content\/uploads\/2024\/07\/43-POL-4.jpg","articleSection":["Pol\u00edtica"],"inLanguage":"es","potentialAction":[{"@type":"CommentAction","name":"Comment","target":["https:\/\/www.eldiario.net\/portal\/2024\/07\/24\/embajadora-en-rusia-asegura-que-buscan-alejarla-del-cargo\/#respond"]}]},{"@type":"WebPage","@id":"https:\/\/www.eldiario.net\/portal\/2024\/07\/24\/embajadora-en-rusia-asegura-que-buscan-alejarla-del-cargo\/","url":"https:\/\/www.eldiario.net\/portal\/2024\/07\/24\/embajadora-en-rusia-asegura-que-buscan-alejarla-del-cargo\/","name":"Embajadora en Rusia asegura que buscan alejarla del cargo - El Diario - Bolivia","isPartOf":{"@id":"https:\/\/www.eldiario.net\/portal\/#website"},"primaryImageOfPage":{"@id":"https:\/\/www.eldiario.net\/portal\/2024\/07\/24\/embajadora-en-rusia-asegura-que-buscan-alejarla-del-cargo\/#primaryimage"},"image":{"@id":"https:\/\/www.eldiario.net\/portal\/2024\/07\/24\/embajadora-en-rusia-asegura-que-buscan-alejarla-del-cargo\/#primaryimage"},"thumbnailUrl":"https:\/\/www.eldiario.net\/portal\/wp-content\/uploads\/2024\/07\/43-POL-4.jpg","datePublished":"2024-07-24T10:17:35+00:00","breadcrumb":{"@id":"https:\/\/www.eldiario.net\/portal\/2024\/07\/24\/embajadora-en-rusia-asegura-que-buscan-alejarla-del-cargo\/#breadcrumb"},"inLanguage":"es","potentialAction":[{"@type":"ReadAction","target":["https:\/\/www.eldiario.net\/portal\/2024\/07\/24\/embajadora-en-rusia-asegura-que-buscan-alejarla-del-cargo\/"]}]},{"@type":"ImageObject","inLanguage":"es","@id":"https:\/\/www.eldiario.net\/portal\/2024\/07\/24\/embajadora-en-rusia-asegura-que-buscan-alejarla-del-cargo\/#primaryimage","url":"https:\/\/www.eldiario.net\/portal\/wp-content\/uploads\/2024\/07\/43-POL-4.jpg","contentUrl":"https:\/\/www.eldiario.net\/portal\/wp-content\/uploads\/2024\/07\/43-POL-4.jpg","width":720,"height":399,"caption":"la Embajadora de Bolivia en Rusia, mar\u00eda luisa ramos."},{"@type":"BreadcrumbList","@id":"https:\/\/www.eldiario.net\/portal\/2024\/07\/24\/embajadora-en-rusia-asegura-que-buscan-alejarla-del-cargo\/#breadcrumb","itemListElement":[{"@type":"ListItem","position":1,"name":"Portada","item":"https:\/\/www.eldiario.net\/portal\/"},{"@type":"ListItem","position":2,"name":"Embajadora en Rusia asegura que buscan alejarla del cargo"}]},{"@type":"WebSite","@id":"https:\/\/www.eldiario.net\/portal\/#website","url":"https:\/\/www.eldiario.net\/portal\/","name":"El Diario - Decano de la prensa nacional","description":"El Diario - Decano de la prensa nacional","publisher":{"@id":"https:\/\/www.eldiario.net\/portal\/#organization"},"potentialAction":[{"@type":"SearchAction","target":{"@type":"EntryPoint","urlTemplate":"https:\/\/www.eldiario.net\/portal\/?s={search_term_string}"},"query-input":{"@type":"PropertyValueSpecification","valueRequired":true,"valueName":"search_term_string"}}],"inLanguage":"es"},{"@type":"Organization","@id":"https:\/\/www.eldiario.net\/portal\/#organization","name":"El Diario - Decano de la prensa nacional","url":"https:\/\/www.eldiario.net\/portal\/","logo":{"@type":"ImageObject","inLanguage":"es","@id":"https:\/\/www.eldiario.net\/portal\/#\/schema\/logo\/image\/","url":"https:\/\/www.eldiario.net\/portal\/wp-content\/uploads\/2023\/07\/logo_ED.jpg","contentUrl":"https:\/\/www.eldiario.net\/portal\/wp-content\/uploads\/2023\/07\/logo_ED.jpg","width":272,"height":52,"caption":"El Diario - Decano de la prensa nacional"},"image":{"@id":"https:\/\/www.eldiario.net\/portal\/#\/schema\/logo\/image\/"},"sameAs":["https:\/\/www.facebook.com\/eldiario.bolivia\/","https:\/\/x.com\/eldiario_net"]},{"@type":"Person","@id":"https:\/\/www.eldiario.net\/portal\/#\/schema\/person\/f46445640444750d7d753ccd04ae01b7","name":"Jeanette","image":{"@type":"ImageObject","inLanguage":"es","@id":"https:\/\/secure.gravatar.com\/avatar\/3ea2118a5f7dad2b7138b1187a6b7ee55f160b9968b66013c3a3ef39dd7e5798?s=96&d=mm&r=g","url":"https:\/\/secure.gravatar.com\/avatar\/3ea2118a5f7dad2b7138b1187a6b7ee55f160b9968b66013c3a3ef39dd7e5798?s=96&d=mm&r=g","contentUrl":"https:\/\/secure.gravatar.com\/avatar\/3ea2118a5f7dad2b7138b1187a6b7ee55f160b9968b66013c3a3ef39dd7e5798?s=96&d=mm&r=g","caption":"Jeanette"},"sameAs":["https:\/\/www.eldiario.net\/portal"],"url":"https:\/\/www.eldiario.net\/portal\/author\/jeanette\/"}]}},"_links":{"self":[{"href":"https:\/\/www.eldiario.net\/portal\/wp-json\/wp\/v2\/posts\/235955","targetHints":{"allow":["GET"]}}],"collection":[{"href":"https:\/\/www.eldiario.net\/portal\/wp-json\/wp\/v2\/posts"}],"about":[{"href":"https:\/\/www.eldiario.net\/portal\/wp-json\/wp\/v2\/types\/post"}],"author":[{"embeddable":true,"href":"https:\/\/www.eldiario.net\/portal\/wp-json\/wp\/v2\/users\/1"}],"replies":[{"embeddable":true,"href":"https:\/\/www.eldiario.net\/portal\/wp-json\/wp\/v2\/comments?post=235955"}],"version-history":[{"count":1,"href":"https:\/\/www.eldiario.net\/portal\/wp-json\/wp\/v2\/posts\/235955\/revisions"}],"predecessor-version":[{"id":235957,"href":"https:\/\/www.eldiario.net\/portal\/wp-json\/wp\/v2\/posts\/235955\/revisions\/235957"}],"wp:featuredmedia":[{"embeddable":true,"href":"https:\/\/www.eldiario.net\/portal\/wp-json\/wp\/v2\/media\/235956"}],"wp:attachment":[{"href":"https:\/\/www.eldiario.net\/portal\/wp-json\/wp\/v2\/media?parent=235955"}],"wp:term":[{"taxonomy":"category","embeddable":true,"href":"https:\/\/www.eldiario.net\/portal\/wp-json\/wp\/v2\/categories?post=235955"},{"taxonomy":"post_tag","embeddable":true,"href":"https:\/\/www.eldiario.net\/portal\/wp-json\/wp\/v2\/tags?post=235955"}],"curies":[{"name":"wp","href":"https:\/\/api.w.org\/{rel}","templated":true}]}}