{"id":235950,"date":"2024-07-24T06:16:35","date_gmt":"2024-07-24T10:16:35","guid":{"rendered":"https:\/\/www.eldiario.net\/portal\/?p=235950"},"modified":"2024-07-24T06:16:35","modified_gmt":"2024-07-24T10:16:35","slug":"joe-biden-supera-covid-19-y-regresa-a-washington-dc","status":"publish","type":"post","link":"https:\/\/www.eldiario.net\/portal\/2024\/07\/24\/joe-biden-supera-covid-19-y-regresa-a-washington-dc\/","title":{"rendered":"Joe Biden supera covid-19 y regresa a Washington DC"},"content":{"rendered":"<p>El presidente de Estados Unidos, Joe Biden, ha dado negativo en covid-19 y ya no presenta s\u00edntomas, seg\u00fan ha informado su m\u00e9dico, Kevin O\u2019Connor, por lo que se espera que retome su agenda despu\u00e9s de haberse trasladado a descansar a su residencia en Delaware. Asimismo, el mandatario anunci\u00f3 que ofrecer\u00e1 un discurso esta noche para detallar c\u00f3mo ser\u00e1n sus \u00faltimos meses de mandato tras abandonar la campa\u00f1a por la reelecci\u00f3n.<br \/>\n\u201cDurante el curso de su infecci\u00f3n, nunca se le present\u00f3 fiebre y sus signos vitales permanecieron normales, incluyendo el ox\u00edmetro de pulso\u201d, indic\u00f3 en una misiva remitida por la Casa Blanca, agregando que \u201cseguir\u00e1 en seguimiento\u201d por si reaparece el virus.<br \/>\nBiden tiene previsto pronunciar un discurso este mi\u00e9rcoles desde el Despacho Oval sobre su decisi\u00f3n de abandonar la carrera presidencial y respaldar a su \u201cn\u00famero dos\u201d, la vicepresidenta Kamala Harris, seg\u00fan inform\u00f3 la cadena estadounidense CNN.<br \/>\n\u201cMe dirigir\u00e9 a la naci\u00f3n desde la Oficina Oval sobre lo que nos espera y c\u00f3mo terminar\u00e9 el trabajo para el pueblo estadounidense\u201d, escribi\u00f3.<br \/>\nEst\u00e1 previsto que el presidente regrese a la Casa Blanca este martes despu\u00e9s de aislarse en su casa de Rehoboth Beach, Delaware, tras ser diagnosticado la semana pasada con covid-19.<br \/>\nBiden anunci\u00f3 su decisi\u00f3n de retirarse de la contienda en la tarde del domingo y ofreci\u00f3 su respaldo a la vicepresidenta Kamala Harris para que esta se convierta en la candidata oficial del Partido Dem\u00f3crata.<br \/>\nHarris, ha obtenido extraoficialmente suficiente apoyo para ser la candidata del partido y en las primeras horas tras la salida de Biden, recaud\u00f3 m\u00e1s de 80 millones de d\u00f3lares para su campa\u00f1a.<br \/>\nHarris ya hab\u00eda obtenido el respaldo de m\u00faltiples dem\u00f3cratas de alto perfil el domingo y casi todos los funcionarios dem\u00f3cratas considerados rivales potenciales para la nominaci\u00f3n han respaldado p\u00fablicamente su candidatura.<br \/>\nEl mandatario dio positivo por el virus, el pasado mi\u00e9rcoles, y tuvo que cancelar un acto de campa\u00f1a en Las Vegas en medio de los llamamientos para que no optara a la reelecci\u00f3n tras su mal debate frente a \u00e9l que iba a ser su futuro rival, el expresidente Donald Trump. (Europa Press\/VoA)<\/p>\n","protected":false},"excerpt":{"rendered":"<p>El presidente de Estados Unidos, Joe Biden, ha dado negativo en covid-19 y ya no presenta s\u00edntomas, seg\u00fan ha informado su m\u00e9dico, Kevin O\u2019Connor, por lo que se espera que retome su agenda despu\u00e9s de haberse trasladado a descansar a su residencia en Delaware. Asimismo, el mandatario anunci\u00f3 que ofrecer\u00e1 un discurso esta noche para [&hellip;]<\/p>\n","protected":false},"author":1,"featured_media":235951,"comment_status":"open","ping_status":"open","sticky":false,"template":"","format":"standard","meta":{"_acf_changed":false,"footnotes":""},"categories":[3],"tags":[],"class_list":["post-235950","post","type-post","status-publish","format-standard","has-post-thumbnail","category-internacional"],"acf":{"antetitulo":"Retornar\u00e1 a la Casa Blanca"},"yoast_head":"<!-- This site is optimized with the Yoast SEO plugin v28.4 - https:\/\/yoast.com\/product\/yoast-seo-wordpress\/ -->\n<title>Joe Biden supera covid-19 y regresa a Washington DC - El Diario - Bolivia<\/title>\n<meta name=\"robots\" content=\"index, follow, max-snippet:-1, max-image-preview:large, max-video-preview:-1\" \/>\n<link rel=\"canonical\" href=\"https:\/\/www.eldiario.net\/portal\/2024\/07\/24\/joe-biden-supera-covid-19-y-regresa-a-washington-dc\/\" \/>\n<meta property=\"og:locale\" content=\"es_ES\" \/>\n<meta property=\"og:type\" content=\"article\" \/>\n<meta property=\"og:title\" content=\"Joe Biden supera covid-19 y regresa a Washington DC - El Diario - Bolivia\" \/>\n<meta property=\"og:description\" content=\"El presidente de Estados Unidos, Joe Biden, ha dado negativo en covid-19 y ya no presenta s\u00edntomas, seg\u00fan ha informado su m\u00e9dico, Kevin O\u2019Connor, por lo que se espera que retome su agenda despu\u00e9s de haberse trasladado a descansar a su residencia en Delaware. Asimismo, el mandatario anunci\u00f3 que ofrecer\u00e1 un discurso esta noche para [&hellip;]\" \/>\n<meta property=\"og:url\" content=\"https:\/\/www.eldiario.net\/portal\/2024\/07\/24\/joe-biden-supera-covid-19-y-regresa-a-washington-dc\/\" \/>\n<meta property=\"og:site_name\" content=\"El Diario - Bolivia\" \/>\n<meta property=\"article:publisher\" content=\"https:\/\/www.facebook.com\/eldiario.bolivia\/\" \/>\n<meta property=\"article:published_time\" content=\"2024-07-24T10:16:35+00:00\" \/>\n<meta property=\"og:image\" content=\"https:\/\/www.eldiario.net\/portal\/wp-content\/uploads\/2024\/07\/BIDEN-AFP.jpg\" \/>\n\t<meta property=\"og:image:width\" content=\"1023\" \/>\n\t<meta property=\"og:image:height\" content=\"575\" \/>\n\t<meta property=\"og:image:type\" content=\"image\/jpeg\" \/>\n<meta name=\"author\" content=\"Jeanette\" \/>\n<meta name=\"twitter:card\" content=\"summary_large_image\" \/>\n<meta name=\"twitter:creator\" content=\"@eldiario_net\" \/>\n<meta name=\"twitter:site\" content=\"@eldiario_net\" \/>\n<meta name=\"twitter:label1\" content=\"Escrito por\" \/>\n\t<meta name=\"twitter:data1\" content=\"Jeanette\" \/>\n\t<meta name=\"twitter:label2\" content=\"Tiempo de lectura\" \/>\n\t<meta name=\"twitter:data2\" content=\"2 minutos\" \/>\n<script type=\"application\/ld+json\" class=\"yoast-schema-graph\">{\"@context\":\"https:\\\/\\\/schema.org\",\"@graph\":[{\"@type\":\"Article\",\"@id\":\"https:\\\/\\\/www.eldiario.net\\\/portal\\\/2024\\\/07\\\/24\\\/joe-biden-supera-covid-19-y-regresa-a-washington-dc\\\/#article\",\"isPartOf\":{\"@id\":\"https:\\\/\\\/www.eldiario.net\\\/portal\\\/2024\\\/07\\\/24\\\/joe-biden-supera-covid-19-y-regresa-a-washington-dc\\\/\"},\"author\":{\"name\":\"Jeanette\",\"@id\":\"https:\\\/\\\/www.eldiario.net\\\/portal\\\/#\\\/schema\\\/person\\\/f46445640444750d7d753ccd04ae01b7\"},\"headline\":\"Joe Biden supera covid-19 y regresa a Washington DC\",\"datePublished\":\"2024-07-24T10:16:35+00:00\",\"mainEntityOfPage\":{\"@id\":\"https:\\\/\\\/www.eldiario.net\\\/portal\\\/2024\\\/07\\\/24\\\/joe-biden-supera-covid-19-y-regresa-a-washington-dc\\\/\"},\"wordCount\":393,\"commentCount\":0,\"publisher\":{\"@id\":\"https:\\\/\\\/www.eldiario.net\\\/portal\\\/#organization\"},\"image\":{\"@id\":\"https:\\\/\\\/www.eldiario.net\\\/portal\\\/2024\\\/07\\\/24\\\/joe-biden-supera-covid-19-y-regresa-a-washington-dc\\\/#primaryimage\"},\"thumbnailUrl\":\"https:\\\/\\\/www.eldiario.net\\\/portal\\\/wp-content\\\/uploads\\\/2024\\\/07\\\/BIDEN-AFP.jpg\",\"articleSection\":[\"Internacional\"],\"inLanguage\":\"es\",\"potentialAction\":[{\"@type\":\"CommentAction\",\"name\":\"Comment\",\"target\":[\"https:\\\/\\\/www.eldiario.net\\\/portal\\\/2024\\\/07\\\/24\\\/joe-biden-supera-covid-19-y-regresa-a-washington-dc\\\/#respond\"]}]},{\"@type\":\"WebPage\",\"@id\":\"https:\\\/\\\/www.eldiario.net\\\/portal\\\/2024\\\/07\\\/24\\\/joe-biden-supera-covid-19-y-regresa-a-washington-dc\\\/\",\"url\":\"https:\\\/\\\/www.eldiario.net\\\/portal\\\/2024\\\/07\\\/24\\\/joe-biden-supera-covid-19-y-regresa-a-washington-dc\\\/\",\"name\":\"Joe Biden supera covid-19 y regresa a Washington DC - El Diario - Bolivia\",\"isPartOf\":{\"@id\":\"https:\\\/\\\/www.eldiario.net\\\/portal\\\/#website\"},\"primaryImageOfPage\":{\"@id\":\"https:\\\/\\\/www.eldiario.net\\\/portal\\\/2024\\\/07\\\/24\\\/joe-biden-supera-covid-19-y-regresa-a-washington-dc\\\/#primaryimage\"},\"image\":{\"@id\":\"https:\\\/\\\/www.eldiario.net\\\/portal\\\/2024\\\/07\\\/24\\\/joe-biden-supera-covid-19-y-regresa-a-washington-dc\\\/#primaryimage\"},\"thumbnailUrl\":\"https:\\\/\\\/www.eldiario.net\\\/portal\\\/wp-content\\\/uploads\\\/2024\\\/07\\\/BIDEN-AFP.jpg\",\"datePublished\":\"2024-07-24T10:16:35+00:00\",\"breadcrumb\":{\"@id\":\"https:\\\/\\\/www.eldiario.net\\\/portal\\\/2024\\\/07\\\/24\\\/joe-biden-supera-covid-19-y-regresa-a-washington-dc\\\/#breadcrumb\"},\"inLanguage\":\"es\",\"potentialAction\":[{\"@type\":\"ReadAction\",\"target\":[\"https:\\\/\\\/www.eldiario.net\\\/portal\\\/2024\\\/07\\\/24\\\/joe-biden-supera-covid-19-y-regresa-a-washington-dc\\\/\"]}]},{\"@type\":\"ImageObject\",\"inLanguage\":\"es\",\"@id\":\"https:\\\/\\\/www.eldiario.net\\\/portal\\\/2024\\\/07\\\/24\\\/joe-biden-supera-covid-19-y-regresa-a-washington-dc\\\/#primaryimage\",\"url\":\"https:\\\/\\\/www.eldiario.net\\\/portal\\\/wp-content\\\/uploads\\\/2024\\\/07\\\/BIDEN-AFP.jpg\",\"contentUrl\":\"https:\\\/\\\/www.eldiario.net\\\/portal\\\/wp-content\\\/uploads\\\/2024\\\/07\\\/BIDEN-AFP.jpg\",\"width\":1023,\"height\":575,\"caption\":\"el Presidente de Estados Unidos, Joe Biden.\"},{\"@type\":\"BreadcrumbList\",\"@id\":\"https:\\\/\\\/www.eldiario.net\\\/portal\\\/2024\\\/07\\\/24\\\/joe-biden-supera-covid-19-y-regresa-a-washington-dc\\\/#breadcrumb\",\"itemListElement\":[{\"@type\":\"ListItem\",\"position\":1,\"name\":\"Portada\",\"item\":\"https:\\\/\\\/www.eldiario.net\\\/portal\\\/\"},{\"@type\":\"ListItem\",\"position\":2,\"name\":\"Joe Biden supera covid-19 y regresa a Washington DC\"}]},{\"@type\":\"WebSite\",\"@id\":\"https:\\\/\\\/www.eldiario.net\\\/portal\\\/#website\",\"url\":\"https:\\\/\\\/www.eldiario.net\\\/portal\\\/\",\"name\":\"El Diario - Decano de la prensa nacional\",\"description\":\"El Diario - Decano de la prensa nacional\",\"publisher\":{\"@id\":\"https:\\\/\\\/www.eldiario.net\\\/portal\\\/#organization\"},\"potentialAction\":[{\"@type\":\"SearchAction\",\"target\":{\"@type\":\"EntryPoint\",\"urlTemplate\":\"https:\\\/\\\/www.eldiario.net\\\/portal\\\/?s={search_term_string}\"},\"query-input\":{\"@type\":\"PropertyValueSpecification\",\"valueRequired\":true,\"valueName\":\"search_term_string\"}}],\"inLanguage\":\"es\"},{\"@type\":\"Organization\",\"@id\":\"https:\\\/\\\/www.eldiario.net\\\/portal\\\/#organization\",\"name\":\"El Diario - Decano de la prensa nacional\",\"url\":\"https:\\\/\\\/www.eldiario.net\\\/portal\\\/\",\"logo\":{\"@type\":\"ImageObject\",\"inLanguage\":\"es\",\"@id\":\"https:\\\/\\\/www.eldiario.net\\\/portal\\\/#\\\/schema\\\/logo\\\/image\\\/\",\"url\":\"https:\\\/\\\/www.eldiario.net\\\/portal\\\/wp-content\\\/uploads\\\/2023\\\/07\\\/logo_ED.jpg\",\"contentUrl\":\"https:\\\/\\\/www.eldiario.net\\\/portal\\\/wp-content\\\/uploads\\\/2023\\\/07\\\/logo_ED.jpg\",\"width\":272,\"height\":52,\"caption\":\"El Diario - Decano de la prensa nacional\"},\"image\":{\"@id\":\"https:\\\/\\\/www.eldiario.net\\\/portal\\\/#\\\/schema\\\/logo\\\/image\\\/\"},\"sameAs\":[\"https:\\\/\\\/www.facebook.com\\\/eldiario.bolivia\\\/\",\"https:\\\/\\\/x.com\\\/eldiario_net\"]},{\"@type\":\"Person\",\"@id\":\"https:\\\/\\\/www.eldiario.net\\\/portal\\\/#\\\/schema\\\/person\\\/f46445640444750d7d753ccd04ae01b7\",\"name\":\"Jeanette\",\"image\":{\"@type\":\"ImageObject\",\"inLanguage\":\"es\",\"@id\":\"https:\\\/\\\/secure.gravatar.com\\\/avatar\\\/3ea2118a5f7dad2b7138b1187a6b7ee55f160b9968b66013c3a3ef39dd7e5798?s=96&d=mm&r=g\",\"url\":\"https:\\\/\\\/secure.gravatar.com\\\/avatar\\\/3ea2118a5f7dad2b7138b1187a6b7ee55f160b9968b66013c3a3ef39dd7e5798?s=96&d=mm&r=g\",\"contentUrl\":\"https:\\\/\\\/secure.gravatar.com\\\/avatar\\\/3ea2118a5f7dad2b7138b1187a6b7ee55f160b9968b66013c3a3ef39dd7e5798?s=96&d=mm&r=g\",\"caption\":\"Jeanette\"},\"sameAs\":[\"https:\\\/\\\/www.eldiario.net\\\/portal\"],\"url\":\"https:\\\/\\\/www.eldiario.net\\\/portal\\\/author\\\/jeanette\\\/\"}]}<\/script>\n<!-- \/ Yoast SEO plugin. -->","yoast_head_json":{"title":"Joe Biden supera covid-19 y regresa a Washington DC - El Diario - Bolivia","robots":{"index":"index","follow":"follow","max-snippet":"max-snippet:-1","max-image-preview":"max-image-preview:large","max-video-preview":"max-video-preview:-1"},"canonical":"https:\/\/www.eldiario.net\/portal\/2024\/07\/24\/joe-biden-supera-covid-19-y-regresa-a-washington-dc\/","og_locale":"es_ES","og_type":"article","og_title":"Joe Biden supera covid-19 y regresa a Washington DC - El Diario - Bolivia","og_description":"El presidente de Estados Unidos, Joe Biden, ha dado negativo en covid-19 y ya no presenta s\u00edntomas, seg\u00fan ha informado su m\u00e9dico, Kevin O\u2019Connor, por lo que se espera que retome su agenda despu\u00e9s de haberse trasladado a descansar a su residencia en Delaware. Asimismo, el mandatario anunci\u00f3 que ofrecer\u00e1 un discurso esta noche para [&hellip;]","og_url":"https:\/\/www.eldiario.net\/portal\/2024\/07\/24\/joe-biden-supera-covid-19-y-regresa-a-washington-dc\/","og_site_name":"El Diario - Bolivia","article_publisher":"https:\/\/www.facebook.com\/eldiario.bolivia\/","article_published_time":"2024-07-24T10:16:35+00:00","og_image":[{"width":1023,"height":575,"url":"https:\/\/www.eldiario.net\/portal\/wp-content\/uploads\/2024\/07\/BIDEN-AFP.jpg","type":"image\/jpeg"}],"author":"Jeanette","twitter_card":"summary_large_image","twitter_creator":"@eldiario_net","twitter_site":"@eldiario_net","twitter_misc":{"Escrito por":"Jeanette","Tiempo de lectura":"2 minutos"},"schema":{"@context":"https:\/\/schema.org","@graph":[{"@type":"Article","@id":"https:\/\/www.eldiario.net\/portal\/2024\/07\/24\/joe-biden-supera-covid-19-y-regresa-a-washington-dc\/#article","isPartOf":{"@id":"https:\/\/www.eldiario.net\/portal\/2024\/07\/24\/joe-biden-supera-covid-19-y-regresa-a-washington-dc\/"},"author":{"name":"Jeanette","@id":"https:\/\/www.eldiario.net\/portal\/#\/schema\/person\/f46445640444750d7d753ccd04ae01b7"},"headline":"Joe Biden supera covid-19 y regresa a Washington DC","datePublished":"2024-07-24T10:16:35+00:00","mainEntityOfPage":{"@id":"https:\/\/www.eldiario.net\/portal\/2024\/07\/24\/joe-biden-supera-covid-19-y-regresa-a-washington-dc\/"},"wordCount":393,"commentCount":0,"publisher":{"@id":"https:\/\/www.eldiario.net\/portal\/#organization"},"image":{"@id":"https:\/\/www.eldiario.net\/portal\/2024\/07\/24\/joe-biden-supera-covid-19-y-regresa-a-washington-dc\/#primaryimage"},"thumbnailUrl":"https:\/\/www.eldiario.net\/portal\/wp-content\/uploads\/2024\/07\/BIDEN-AFP.jpg","articleSection":["Internacional"],"inLanguage":"es","potentialAction":[{"@type":"CommentAction","name":"Comment","target":["https:\/\/www.eldiario.net\/portal\/2024\/07\/24\/joe-biden-supera-covid-19-y-regresa-a-washington-dc\/#respond"]}]},{"@type":"WebPage","@id":"https:\/\/www.eldiario.net\/portal\/2024\/07\/24\/joe-biden-supera-covid-19-y-regresa-a-washington-dc\/","url":"https:\/\/www.eldiario.net\/portal\/2024\/07\/24\/joe-biden-supera-covid-19-y-regresa-a-washington-dc\/","name":"Joe Biden supera covid-19 y regresa a Washington DC - El Diario - Bolivia","isPartOf":{"@id":"https:\/\/www.eldiario.net\/portal\/#website"},"primaryImageOfPage":{"@id":"https:\/\/www.eldiario.net\/portal\/2024\/07\/24\/joe-biden-supera-covid-19-y-regresa-a-washington-dc\/#primaryimage"},"image":{"@id":"https:\/\/www.eldiario.net\/portal\/2024\/07\/24\/joe-biden-supera-covid-19-y-regresa-a-washington-dc\/#primaryimage"},"thumbnailUrl":"https:\/\/www.eldiario.net\/portal\/wp-content\/uploads\/2024\/07\/BIDEN-AFP.jpg","datePublished":"2024-07-24T10:16:35+00:00","breadcrumb":{"@id":"https:\/\/www.eldiario.net\/portal\/2024\/07\/24\/joe-biden-supera-covid-19-y-regresa-a-washington-dc\/#breadcrumb"},"inLanguage":"es","potentialAction":[{"@type":"ReadAction","target":["https:\/\/www.eldiario.net\/portal\/2024\/07\/24\/joe-biden-supera-covid-19-y-regresa-a-washington-dc\/"]}]},{"@type":"ImageObject","inLanguage":"es","@id":"https:\/\/www.eldiario.net\/portal\/2024\/07\/24\/joe-biden-supera-covid-19-y-regresa-a-washington-dc\/#primaryimage","url":"https:\/\/www.eldiario.net\/portal\/wp-content\/uploads\/2024\/07\/BIDEN-AFP.jpg","contentUrl":"https:\/\/www.eldiario.net\/portal\/wp-content\/uploads\/2024\/07\/BIDEN-AFP.jpg","width":1023,"height":575,"caption":"el Presidente de Estados Unidos, Joe Biden."},{"@type":"BreadcrumbList","@id":"https:\/\/www.eldiario.net\/portal\/2024\/07\/24\/joe-biden-supera-covid-19-y-regresa-a-washington-dc\/#breadcrumb","itemListElement":[{"@type":"ListItem","position":1,"name":"Portada","item":"https:\/\/www.eldiario.net\/portal\/"},{"@type":"ListItem","position":2,"name":"Joe Biden supera covid-19 y regresa a Washington DC"}]},{"@type":"WebSite","@id":"https:\/\/www.eldiario.net\/portal\/#website","url":"https:\/\/www.eldiario.net\/portal\/","name":"El Diario - Decano de la prensa nacional","description":"El Diario - Decano de la prensa nacional","publisher":{"@id":"https:\/\/www.eldiario.net\/portal\/#organization"},"potentialAction":[{"@type":"SearchAction","target":{"@type":"EntryPoint","urlTemplate":"https:\/\/www.eldiario.net\/portal\/?s={search_term_string}"},"query-input":{"@type":"PropertyValueSpecification","valueRequired":true,"valueName":"search_term_string"}}],"inLanguage":"es"},{"@type":"Organization","@id":"https:\/\/www.eldiario.net\/portal\/#organization","name":"El Diario - Decano de la prensa nacional","url":"https:\/\/www.eldiario.net\/portal\/","logo":{"@type":"ImageObject","inLanguage":"es","@id":"https:\/\/www.eldiario.net\/portal\/#\/schema\/logo\/image\/","url":"https:\/\/www.eldiario.net\/portal\/wp-content\/uploads\/2023\/07\/logo_ED.jpg","contentUrl":"https:\/\/www.eldiario.net\/portal\/wp-content\/uploads\/2023\/07\/logo_ED.jpg","width":272,"height":52,"caption":"El Diario - Decano de la prensa nacional"},"image":{"@id":"https:\/\/www.eldiario.net\/portal\/#\/schema\/logo\/image\/"},"sameAs":["https:\/\/www.facebook.com\/eldiario.bolivia\/","https:\/\/x.com\/eldiario_net"]},{"@type":"Person","@id":"https:\/\/www.eldiario.net\/portal\/#\/schema\/person\/f46445640444750d7d753ccd04ae01b7","name":"Jeanette","image":{"@type":"ImageObject","inLanguage":"es","@id":"https:\/\/secure.gravatar.com\/avatar\/3ea2118a5f7dad2b7138b1187a6b7ee55f160b9968b66013c3a3ef39dd7e5798?s=96&d=mm&r=g","url":"https:\/\/secure.gravatar.com\/avatar\/3ea2118a5f7dad2b7138b1187a6b7ee55f160b9968b66013c3a3ef39dd7e5798?s=96&d=mm&r=g","contentUrl":"https:\/\/secure.gravatar.com\/avatar\/3ea2118a5f7dad2b7138b1187a6b7ee55f160b9968b66013c3a3ef39dd7e5798?s=96&d=mm&r=g","caption":"Jeanette"},"sameAs":["https:\/\/www.eldiario.net\/portal"],"url":"https:\/\/www.eldiario.net\/portal\/author\/jeanette\/"}]}},"_links":{"self":[{"href":"https:\/\/www.eldiario.net\/portal\/wp-json\/wp\/v2\/posts\/235950","targetHints":{"allow":["GET"]}}],"collection":[{"href":"https:\/\/www.eldiario.net\/portal\/wp-json\/wp\/v2\/posts"}],"about":[{"href":"https:\/\/www.eldiario.net\/portal\/wp-json\/wp\/v2\/types\/post"}],"author":[{"embeddable":true,"href":"https:\/\/www.eldiario.net\/portal\/wp-json\/wp\/v2\/users\/1"}],"replies":[{"embeddable":true,"href":"https:\/\/www.eldiario.net\/portal\/wp-json\/wp\/v2\/comments?post=235950"}],"version-history":[{"count":1,"href":"https:\/\/www.eldiario.net\/portal\/wp-json\/wp\/v2\/posts\/235950\/revisions"}],"predecessor-version":[{"id":235952,"href":"https:\/\/www.eldiario.net\/portal\/wp-json\/wp\/v2\/posts\/235950\/revisions\/235952"}],"wp:featuredmedia":[{"embeddable":true,"href":"https:\/\/www.eldiario.net\/portal\/wp-json\/wp\/v2\/media\/235951"}],"wp:attachment":[{"href":"https:\/\/www.eldiario.net\/portal\/wp-json\/wp\/v2\/media?parent=235950"}],"wp:term":[{"taxonomy":"category","embeddable":true,"href":"https:\/\/www.eldiario.net\/portal\/wp-json\/wp\/v2\/categories?post=235950"},{"taxonomy":"post_tag","embeddable":true,"href":"https:\/\/www.eldiario.net\/portal\/wp-json\/wp\/v2\/tags?post=235950"}],"curies":[{"name":"wp","href":"https:\/\/api.w.org\/{rel}","templated":true}]}}