{"id":235939,"date":"2024-07-24T06:13:57","date_gmt":"2024-07-24T10:13:57","guid":{"rendered":"https:\/\/www.eldiario.net\/portal\/?p=235939"},"modified":"2024-07-24T06:13:57","modified_gmt":"2024-07-24T10:13:57","slug":"bajan-males-respiratorios-y-sedes-sugiere-aplicar-horario-invernal","status":"publish","type":"post","link":"https:\/\/www.eldiario.net\/portal\/2024\/07\/24\/bajan-males-respiratorios-y-sedes-sugiere-aplicar-horario-invernal\/","title":{"rendered":"Bajan males respiratorios y Sedes sugiere aplicar horario invernal"},"content":{"rendered":"<p>A d\u00edas del retorno a las aulas de los estudiantes en el pa\u00eds, el jefe de la Unidad de Epidemiolog\u00eda e Investigaci\u00f3n del Servicio Departamental de Salud (Sedes) de La Paz, inform\u00f3 que hubo una disminuci\u00f3n de casos de infecciones respiratorias en relaci\u00f3n a la semana pasada, por lo que sugiere el retorno a clases, pero con horario de invierno.<br \/>\n\u201cTenemos una disminuci\u00f3n de un 14.5 por ciento en relaci\u00f3n a la semana anterior; esta semana, en relaci\u00f3n a las infecciones respiratorias agudas (IRAs) se presentaron 13.943 casos, por otro lado, en relaci\u00f3n a las neumon\u00edas, tenemos una disminuci\u00f3n a 257 casos en relaci\u00f3n a la semana anterior,\u201d detall\u00f3 el servidor p\u00fablico.<br \/>\nDe acuerdo con el jefe del Sedes, la raz\u00f3n de esta disminuci\u00f3n de casos se debe, principalmente, a que los estudiantes a\u00fan est\u00e1n en vacaciones y, por eso, \u201cse encuentran protegidos en sus domicilios\u201d.<br \/>\nEstos datos podr\u00edan influir en la decisi\u00f3n sobre el regreso a las aulas. Sin embargo, Mamani sugiri\u00f3 que ser\u00eda prudente considerar la extensi\u00f3n del horario de invierno para los estudiantes. \u201cAunque los estudiantes podr\u00edan regresar a las aulas, ser\u00eda recomendable extender el horario de invierno\u201d, recomend\u00f3 el jefe de Sedes.<br \/>\n\u201cSi bien tenemos esta cuarta semana que estamos en vacaci\u00f3n, una quinta semana, bajo estos datos estad\u00edsticos, lo m\u00e1s recomendable ser\u00eda incrementar el horario invernal (\u2026) bajo esos datos estad\u00edsticos, tendr\u00edan que retornar\u201d, sostuvo Mamani.<br \/>\nAunque, advirti\u00f3 que una vez que los escolares retornen a clases hay una alta probabilidad de que incrementen los casos de IRAs por lo que aconsej\u00f3, a los padres de familia, enviarlos abrigados al colegio, adem\u00e1s que haya tolerancia en los horarios de ingreso y salida, y que se respete la baja m\u00e9dica \u201cporque un ni\u00f1o contagiado o ni\u00f1o enfermo se constituye en un foco de infecci\u00f3n y como tal va a contagiar al resto\u201d.<br \/>\nREUNI\u00d3N<br \/>\nPara evaluar el retorno a las aulas, hoy se llevar\u00e1 a cabo una reuni\u00f3n entre el Ministerio de Educaci\u00f3n, Ministerio de Salud, Sedes y el Servicio Nacional de Meteorolog\u00eda e Hidrolog\u00eda (Senamhi).<br \/>\nDATOS<br \/>\nCon relaci\u00f3n a la neumon\u00eda, Mamani indic\u00f3 que tambi\u00e9n los casos han disminuido en 257 casos, en comparaci\u00f3n a la semana pasada. Al igual que casos de la covid-19 que solo se reportaron nueve.<br \/>\nEn influenza, se registraron cinco casos; y en virus respiratorio sincitial, cuatro pacientes; tambi\u00e9n se presentaron cinco casos con H1N1, todos confirmados por la parte laboratorial. Asimismo, no se registraron casos de Oropouche y Dengue, pero se prev\u00e9 que con el aumento de temperaturas acrecentar\u00e1n los casos.<br \/>\nVACUNA<br \/>\nLa autoridad del Sedes La Paz acot\u00f3 que hasta el 31 de julio estar\u00e1n disponibles las vacunas contra la influenza para toda la poblaci\u00f3n y en todos los establecimientos de Salud, puntos asistenciales como la Terminal Central, Asistencia P\u00fablica y el Centro de Referencia Ambulatorio (CRA) de El Alto.<br \/>\nAsimismo, record\u00f3 que la vacuna contra el Virus del Papiloma Humano (VPH) contin\u00faa disponible en los centros de salud y puntos de vacunaci\u00f3n, para ni\u00f1as de 10 a 13 a\u00f1os y para ni\u00f1os de 10 a\u00f1os en una sola dosis.<br \/>\nPOSICI\u00d3N<br \/>\nRespecto a una posible ampliaci\u00f3n del descanso pedag\u00f3gico, los maestros urbanos expresaron su desacuerdo pues aseguran que no podr\u00e1n cumplir con los temas propuestos a inicio de gesti\u00f3n, por lo que proponen dosificar temas.<br \/>\n\u201cNosotros como magisterio hemos visto por conveniente dosificar temas, lamentablemente desde el Ministerio de Educaci\u00f3n no hace una planificaci\u00f3n seria en educaci\u00f3n. Por costumbre, ellos cada primera semana de julio decretan las vacaciones sin tomar en cuenta lo que dice Senamhi\u201d, indic\u00f3 el representante del Magisterio Urbano, Felipe Loza.<br \/>\nOtra forma de nivelar el avance y cumplir con el calendario escolar, seg\u00fan Loza, consistir\u00eda en la eliminaci\u00f3n de actividades extras como ferias.<br \/>\n\u201cCada maestro tiene que dosificar temas, haciendo a un lado lo que la (Ley) 070 nos ha arrastrado, es decir , omitir todo lo que son ferias, ferias a la inversa, ferias de los famosos PSP, etc., que no es nada productivo para la ense\u00f1anza y aprendizaje para los estudiantes, m\u00e1s al contrario, es p\u00e9rdida de tiempo\u201d, manifest\u00f3 el delegado.<\/p>\n","protected":false},"excerpt":{"rendered":"<p>A d\u00edas del retorno a las aulas de los estudiantes en el pa\u00eds, el jefe de la Unidad de Epidemiolog\u00eda e Investigaci\u00f3n del Servicio Departamental de Salud (Sedes) de La Paz, inform\u00f3 que hubo una disminuci\u00f3n de casos de infecciones respiratorias en relaci\u00f3n a la semana pasada, por lo que sugiere el retorno a clases, [&hellip;]<\/p>\n","protected":false},"author":1,"featured_media":235940,"comment_status":"open","ping_status":"open","sticky":false,"template":"","format":"standard","meta":{"_acf_changed":false,"footnotes":""},"categories":[12],"tags":[],"class_list":["post-235939","post","type-post","status-publish","format-standard","has-post-thumbnail","category-nacional"],"acf":{"antetitulo":"Sectores piden retorno a clases"},"yoast_head":"<!-- This site is optimized with the Yoast SEO plugin v28.4 - https:\/\/yoast.com\/product\/yoast-seo-wordpress\/ -->\n<title>Bajan males respiratorios y Sedes sugiere aplicar horario invernal - El Diario - Bolivia<\/title>\n<meta name=\"robots\" content=\"index, follow, max-snippet:-1, max-image-preview:large, max-video-preview:-1\" \/>\n<link rel=\"canonical\" href=\"https:\/\/www.eldiario.net\/portal\/2024\/07\/24\/bajan-males-respiratorios-y-sedes-sugiere-aplicar-horario-invernal\/\" \/>\n<meta property=\"og:locale\" content=\"es_ES\" \/>\n<meta property=\"og:type\" content=\"article\" \/>\n<meta property=\"og:title\" content=\"Bajan males respiratorios y Sedes sugiere aplicar horario invernal - El Diario - Bolivia\" \/>\n<meta property=\"og:description\" content=\"A d\u00edas del retorno a las aulas de los estudiantes en el pa\u00eds, el jefe de la Unidad de Epidemiolog\u00eda e Investigaci\u00f3n del Servicio Departamental de Salud (Sedes) de La Paz, inform\u00f3 que hubo una disminuci\u00f3n de casos de infecciones respiratorias en relaci\u00f3n a la semana pasada, por lo que sugiere el retorno a clases, [&hellip;]\" \/>\n<meta property=\"og:url\" content=\"https:\/\/www.eldiario.net\/portal\/2024\/07\/24\/bajan-males-respiratorios-y-sedes-sugiere-aplicar-horario-invernal\/\" \/>\n<meta property=\"og:site_name\" content=\"El Diario - Bolivia\" \/>\n<meta property=\"article:publisher\" content=\"https:\/\/www.facebook.com\/eldiario.bolivia\/\" \/>\n<meta property=\"article:published_time\" content=\"2024-07-24T10:13:57+00:00\" \/>\n<meta property=\"og:image\" content=\"https:\/\/www.eldiario.net\/portal\/wp-content\/uploads\/2024\/07\/F-1-retorno.jpg\" \/>\n\t<meta property=\"og:image:width\" content=\"1200\" \/>\n\t<meta property=\"og:image:height\" content=\"801\" \/>\n\t<meta property=\"og:image:type\" content=\"image\/jpeg\" \/>\n<meta name=\"author\" content=\"Jeanette\" \/>\n<meta name=\"twitter:card\" content=\"summary_large_image\" \/>\n<meta name=\"twitter:creator\" content=\"@eldiario_net\" \/>\n<meta name=\"twitter:site\" content=\"@eldiario_net\" \/>\n<meta name=\"twitter:label1\" content=\"Escrito por\" \/>\n\t<meta name=\"twitter:data1\" content=\"Jeanette\" \/>\n\t<meta name=\"twitter:label2\" content=\"Tiempo de lectura\" \/>\n\t<meta name=\"twitter:data2\" content=\"4 minutos\" \/>\n<script type=\"application\/ld+json\" class=\"yoast-schema-graph\">{\"@context\":\"https:\\\/\\\/schema.org\",\"@graph\":[{\"@type\":\"Article\",\"@id\":\"https:\\\/\\\/www.eldiario.net\\\/portal\\\/2024\\\/07\\\/24\\\/bajan-males-respiratorios-y-sedes-sugiere-aplicar-horario-invernal\\\/#article\",\"isPartOf\":{\"@id\":\"https:\\\/\\\/www.eldiario.net\\\/portal\\\/2024\\\/07\\\/24\\\/bajan-males-respiratorios-y-sedes-sugiere-aplicar-horario-invernal\\\/\"},\"author\":{\"name\":\"Jeanette\",\"@id\":\"https:\\\/\\\/www.eldiario.net\\\/portal\\\/#\\\/schema\\\/person\\\/f46445640444750d7d753ccd04ae01b7\"},\"headline\":\"Bajan males respiratorios y Sedes sugiere aplicar horario invernal\",\"datePublished\":\"2024-07-24T10:13:57+00:00\",\"mainEntityOfPage\":{\"@id\":\"https:\\\/\\\/www.eldiario.net\\\/portal\\\/2024\\\/07\\\/24\\\/bajan-males-respiratorios-y-sedes-sugiere-aplicar-horario-invernal\\\/\"},\"wordCount\":746,\"commentCount\":0,\"publisher\":{\"@id\":\"https:\\\/\\\/www.eldiario.net\\\/portal\\\/#organization\"},\"image\":{\"@id\":\"https:\\\/\\\/www.eldiario.net\\\/portal\\\/2024\\\/07\\\/24\\\/bajan-males-respiratorios-y-sedes-sugiere-aplicar-horario-invernal\\\/#primaryimage\"},\"thumbnailUrl\":\"https:\\\/\\\/www.eldiario.net\\\/portal\\\/wp-content\\\/uploads\\\/2024\\\/07\\\/F-1-retorno.jpg\",\"articleSection\":[\"Nacional\"],\"inLanguage\":\"es\",\"potentialAction\":[{\"@type\":\"CommentAction\",\"name\":\"Comment\",\"target\":[\"https:\\\/\\\/www.eldiario.net\\\/portal\\\/2024\\\/07\\\/24\\\/bajan-males-respiratorios-y-sedes-sugiere-aplicar-horario-invernal\\\/#respond\"]}]},{\"@type\":\"WebPage\",\"@id\":\"https:\\\/\\\/www.eldiario.net\\\/portal\\\/2024\\\/07\\\/24\\\/bajan-males-respiratorios-y-sedes-sugiere-aplicar-horario-invernal\\\/\",\"url\":\"https:\\\/\\\/www.eldiario.net\\\/portal\\\/2024\\\/07\\\/24\\\/bajan-males-respiratorios-y-sedes-sugiere-aplicar-horario-invernal\\\/\",\"name\":\"Bajan males respiratorios y Sedes sugiere aplicar horario invernal - El Diario - Bolivia\",\"isPartOf\":{\"@id\":\"https:\\\/\\\/www.eldiario.net\\\/portal\\\/#website\"},\"primaryImageOfPage\":{\"@id\":\"https:\\\/\\\/www.eldiario.net\\\/portal\\\/2024\\\/07\\\/24\\\/bajan-males-respiratorios-y-sedes-sugiere-aplicar-horario-invernal\\\/#primaryimage\"},\"image\":{\"@id\":\"https:\\\/\\\/www.eldiario.net\\\/portal\\\/2024\\\/07\\\/24\\\/bajan-males-respiratorios-y-sedes-sugiere-aplicar-horario-invernal\\\/#primaryimage\"},\"thumbnailUrl\":\"https:\\\/\\\/www.eldiario.net\\\/portal\\\/wp-content\\\/uploads\\\/2024\\\/07\\\/F-1-retorno.jpg\",\"datePublished\":\"2024-07-24T10:13:57+00:00\",\"breadcrumb\":{\"@id\":\"https:\\\/\\\/www.eldiario.net\\\/portal\\\/2024\\\/07\\\/24\\\/bajan-males-respiratorios-y-sedes-sugiere-aplicar-horario-invernal\\\/#breadcrumb\"},\"inLanguage\":\"es\",\"potentialAction\":[{\"@type\":\"ReadAction\",\"target\":[\"https:\\\/\\\/www.eldiario.net\\\/portal\\\/2024\\\/07\\\/24\\\/bajan-males-respiratorios-y-sedes-sugiere-aplicar-horario-invernal\\\/\"]}]},{\"@type\":\"ImageObject\",\"inLanguage\":\"es\",\"@id\":\"https:\\\/\\\/www.eldiario.net\\\/portal\\\/2024\\\/07\\\/24\\\/bajan-males-respiratorios-y-sedes-sugiere-aplicar-horario-invernal\\\/#primaryimage\",\"url\":\"https:\\\/\\\/www.eldiario.net\\\/portal\\\/wp-content\\\/uploads\\\/2024\\\/07\\\/F-1-retorno.jpg\",\"contentUrl\":\"https:\\\/\\\/www.eldiario.net\\\/portal\\\/wp-content\\\/uploads\\\/2024\\\/07\\\/F-1-retorno.jpg\",\"width\":1200,\"height\":801,\"caption\":\"Hoy se define si el retorno ser\u00e1 el 29 de julio y c\u00f3mo ser\u00eda este.\"},{\"@type\":\"BreadcrumbList\",\"@id\":\"https:\\\/\\\/www.eldiario.net\\\/portal\\\/2024\\\/07\\\/24\\\/bajan-males-respiratorios-y-sedes-sugiere-aplicar-horario-invernal\\\/#breadcrumb\",\"itemListElement\":[{\"@type\":\"ListItem\",\"position\":1,\"name\":\"Portada\",\"item\":\"https:\\\/\\\/www.eldiario.net\\\/portal\\\/\"},{\"@type\":\"ListItem\",\"position\":2,\"name\":\"Bajan males respiratorios y Sedes sugiere aplicar horario invernal\"}]},{\"@type\":\"WebSite\",\"@id\":\"https:\\\/\\\/www.eldiario.net\\\/portal\\\/#website\",\"url\":\"https:\\\/\\\/www.eldiario.net\\\/portal\\\/\",\"name\":\"El Diario - Decano de la prensa nacional\",\"description\":\"El Diario - Decano de la prensa nacional\",\"publisher\":{\"@id\":\"https:\\\/\\\/www.eldiario.net\\\/portal\\\/#organization\"},\"potentialAction\":[{\"@type\":\"SearchAction\",\"target\":{\"@type\":\"EntryPoint\",\"urlTemplate\":\"https:\\\/\\\/www.eldiario.net\\\/portal\\\/?s={search_term_string}\"},\"query-input\":{\"@type\":\"PropertyValueSpecification\",\"valueRequired\":true,\"valueName\":\"search_term_string\"}}],\"inLanguage\":\"es\"},{\"@type\":\"Organization\",\"@id\":\"https:\\\/\\\/www.eldiario.net\\\/portal\\\/#organization\",\"name\":\"El Diario - Decano de la prensa nacional\",\"url\":\"https:\\\/\\\/www.eldiario.net\\\/portal\\\/\",\"logo\":{\"@type\":\"ImageObject\",\"inLanguage\":\"es\",\"@id\":\"https:\\\/\\\/www.eldiario.net\\\/portal\\\/#\\\/schema\\\/logo\\\/image\\\/\",\"url\":\"https:\\\/\\\/www.eldiario.net\\\/portal\\\/wp-content\\\/uploads\\\/2023\\\/07\\\/logo_ED.jpg\",\"contentUrl\":\"https:\\\/\\\/www.eldiario.net\\\/portal\\\/wp-content\\\/uploads\\\/2023\\\/07\\\/logo_ED.jpg\",\"width\":272,\"height\":52,\"caption\":\"El Diario - Decano de la prensa nacional\"},\"image\":{\"@id\":\"https:\\\/\\\/www.eldiario.net\\\/portal\\\/#\\\/schema\\\/logo\\\/image\\\/\"},\"sameAs\":[\"https:\\\/\\\/www.facebook.com\\\/eldiario.bolivia\\\/\",\"https:\\\/\\\/x.com\\\/eldiario_net\"]},{\"@type\":\"Person\",\"@id\":\"https:\\\/\\\/www.eldiario.net\\\/portal\\\/#\\\/schema\\\/person\\\/f46445640444750d7d753ccd04ae01b7\",\"name\":\"Jeanette\",\"image\":{\"@type\":\"ImageObject\",\"inLanguage\":\"es\",\"@id\":\"https:\\\/\\\/secure.gravatar.com\\\/avatar\\\/3ea2118a5f7dad2b7138b1187a6b7ee55f160b9968b66013c3a3ef39dd7e5798?s=96&d=mm&r=g\",\"url\":\"https:\\\/\\\/secure.gravatar.com\\\/avatar\\\/3ea2118a5f7dad2b7138b1187a6b7ee55f160b9968b66013c3a3ef39dd7e5798?s=96&d=mm&r=g\",\"contentUrl\":\"https:\\\/\\\/secure.gravatar.com\\\/avatar\\\/3ea2118a5f7dad2b7138b1187a6b7ee55f160b9968b66013c3a3ef39dd7e5798?s=96&d=mm&r=g\",\"caption\":\"Jeanette\"},\"sameAs\":[\"https:\\\/\\\/www.eldiario.net\\\/portal\"],\"url\":\"https:\\\/\\\/www.eldiario.net\\\/portal\\\/author\\\/jeanette\\\/\"}]}<\/script>\n<!-- \/ Yoast SEO plugin. -->","yoast_head_json":{"title":"Bajan males respiratorios y Sedes sugiere aplicar horario invernal - El Diario - Bolivia","robots":{"index":"index","follow":"follow","max-snippet":"max-snippet:-1","max-image-preview":"max-image-preview:large","max-video-preview":"max-video-preview:-1"},"canonical":"https:\/\/www.eldiario.net\/portal\/2024\/07\/24\/bajan-males-respiratorios-y-sedes-sugiere-aplicar-horario-invernal\/","og_locale":"es_ES","og_type":"article","og_title":"Bajan males respiratorios y Sedes sugiere aplicar horario invernal - El Diario - Bolivia","og_description":"A d\u00edas del retorno a las aulas de los estudiantes en el pa\u00eds, el jefe de la Unidad de Epidemiolog\u00eda e Investigaci\u00f3n del Servicio Departamental de Salud (Sedes) de La Paz, inform\u00f3 que hubo una disminuci\u00f3n de casos de infecciones respiratorias en relaci\u00f3n a la semana pasada, por lo que sugiere el retorno a clases, [&hellip;]","og_url":"https:\/\/www.eldiario.net\/portal\/2024\/07\/24\/bajan-males-respiratorios-y-sedes-sugiere-aplicar-horario-invernal\/","og_site_name":"El Diario - Bolivia","article_publisher":"https:\/\/www.facebook.com\/eldiario.bolivia\/","article_published_time":"2024-07-24T10:13:57+00:00","og_image":[{"width":1200,"height":801,"url":"https:\/\/www.eldiario.net\/portal\/wp-content\/uploads\/2024\/07\/F-1-retorno.jpg","type":"image\/jpeg"}],"author":"Jeanette","twitter_card":"summary_large_image","twitter_creator":"@eldiario_net","twitter_site":"@eldiario_net","twitter_misc":{"Escrito por":"Jeanette","Tiempo de lectura":"4 minutos"},"schema":{"@context":"https:\/\/schema.org","@graph":[{"@type":"Article","@id":"https:\/\/www.eldiario.net\/portal\/2024\/07\/24\/bajan-males-respiratorios-y-sedes-sugiere-aplicar-horario-invernal\/#article","isPartOf":{"@id":"https:\/\/www.eldiario.net\/portal\/2024\/07\/24\/bajan-males-respiratorios-y-sedes-sugiere-aplicar-horario-invernal\/"},"author":{"name":"Jeanette","@id":"https:\/\/www.eldiario.net\/portal\/#\/schema\/person\/f46445640444750d7d753ccd04ae01b7"},"headline":"Bajan males respiratorios y Sedes sugiere aplicar horario invernal","datePublished":"2024-07-24T10:13:57+00:00","mainEntityOfPage":{"@id":"https:\/\/www.eldiario.net\/portal\/2024\/07\/24\/bajan-males-respiratorios-y-sedes-sugiere-aplicar-horario-invernal\/"},"wordCount":746,"commentCount":0,"publisher":{"@id":"https:\/\/www.eldiario.net\/portal\/#organization"},"image":{"@id":"https:\/\/www.eldiario.net\/portal\/2024\/07\/24\/bajan-males-respiratorios-y-sedes-sugiere-aplicar-horario-invernal\/#primaryimage"},"thumbnailUrl":"https:\/\/www.eldiario.net\/portal\/wp-content\/uploads\/2024\/07\/F-1-retorno.jpg","articleSection":["Nacional"],"inLanguage":"es","potentialAction":[{"@type":"CommentAction","name":"Comment","target":["https:\/\/www.eldiario.net\/portal\/2024\/07\/24\/bajan-males-respiratorios-y-sedes-sugiere-aplicar-horario-invernal\/#respond"]}]},{"@type":"WebPage","@id":"https:\/\/www.eldiario.net\/portal\/2024\/07\/24\/bajan-males-respiratorios-y-sedes-sugiere-aplicar-horario-invernal\/","url":"https:\/\/www.eldiario.net\/portal\/2024\/07\/24\/bajan-males-respiratorios-y-sedes-sugiere-aplicar-horario-invernal\/","name":"Bajan males respiratorios y Sedes sugiere aplicar horario invernal - El Diario - Bolivia","isPartOf":{"@id":"https:\/\/www.eldiario.net\/portal\/#website"},"primaryImageOfPage":{"@id":"https:\/\/www.eldiario.net\/portal\/2024\/07\/24\/bajan-males-respiratorios-y-sedes-sugiere-aplicar-horario-invernal\/#primaryimage"},"image":{"@id":"https:\/\/www.eldiario.net\/portal\/2024\/07\/24\/bajan-males-respiratorios-y-sedes-sugiere-aplicar-horario-invernal\/#primaryimage"},"thumbnailUrl":"https:\/\/www.eldiario.net\/portal\/wp-content\/uploads\/2024\/07\/F-1-retorno.jpg","datePublished":"2024-07-24T10:13:57+00:00","breadcrumb":{"@id":"https:\/\/www.eldiario.net\/portal\/2024\/07\/24\/bajan-males-respiratorios-y-sedes-sugiere-aplicar-horario-invernal\/#breadcrumb"},"inLanguage":"es","potentialAction":[{"@type":"ReadAction","target":["https:\/\/www.eldiario.net\/portal\/2024\/07\/24\/bajan-males-respiratorios-y-sedes-sugiere-aplicar-horario-invernal\/"]}]},{"@type":"ImageObject","inLanguage":"es","@id":"https:\/\/www.eldiario.net\/portal\/2024\/07\/24\/bajan-males-respiratorios-y-sedes-sugiere-aplicar-horario-invernal\/#primaryimage","url":"https:\/\/www.eldiario.net\/portal\/wp-content\/uploads\/2024\/07\/F-1-retorno.jpg","contentUrl":"https:\/\/www.eldiario.net\/portal\/wp-content\/uploads\/2024\/07\/F-1-retorno.jpg","width":1200,"height":801,"caption":"Hoy se define si el retorno ser\u00e1 el 29 de julio y c\u00f3mo ser\u00eda este."},{"@type":"BreadcrumbList","@id":"https:\/\/www.eldiario.net\/portal\/2024\/07\/24\/bajan-males-respiratorios-y-sedes-sugiere-aplicar-horario-invernal\/#breadcrumb","itemListElement":[{"@type":"ListItem","position":1,"name":"Portada","item":"https:\/\/www.eldiario.net\/portal\/"},{"@type":"ListItem","position":2,"name":"Bajan males respiratorios y Sedes sugiere aplicar horario invernal"}]},{"@type":"WebSite","@id":"https:\/\/www.eldiario.net\/portal\/#website","url":"https:\/\/www.eldiario.net\/portal\/","name":"El Diario - Decano de la prensa nacional","description":"El Diario - Decano de la prensa nacional","publisher":{"@id":"https:\/\/www.eldiario.net\/portal\/#organization"},"potentialAction":[{"@type":"SearchAction","target":{"@type":"EntryPoint","urlTemplate":"https:\/\/www.eldiario.net\/portal\/?s={search_term_string}"},"query-input":{"@type":"PropertyValueSpecification","valueRequired":true,"valueName":"search_term_string"}}],"inLanguage":"es"},{"@type":"Organization","@id":"https:\/\/www.eldiario.net\/portal\/#organization","name":"El Diario - Decano de la prensa nacional","url":"https:\/\/www.eldiario.net\/portal\/","logo":{"@type":"ImageObject","inLanguage":"es","@id":"https:\/\/www.eldiario.net\/portal\/#\/schema\/logo\/image\/","url":"https:\/\/www.eldiario.net\/portal\/wp-content\/uploads\/2023\/07\/logo_ED.jpg","contentUrl":"https:\/\/www.eldiario.net\/portal\/wp-content\/uploads\/2023\/07\/logo_ED.jpg","width":272,"height":52,"caption":"El Diario - Decano de la prensa nacional"},"image":{"@id":"https:\/\/www.eldiario.net\/portal\/#\/schema\/logo\/image\/"},"sameAs":["https:\/\/www.facebook.com\/eldiario.bolivia\/","https:\/\/x.com\/eldiario_net"]},{"@type":"Person","@id":"https:\/\/www.eldiario.net\/portal\/#\/schema\/person\/f46445640444750d7d753ccd04ae01b7","name":"Jeanette","image":{"@type":"ImageObject","inLanguage":"es","@id":"https:\/\/secure.gravatar.com\/avatar\/3ea2118a5f7dad2b7138b1187a6b7ee55f160b9968b66013c3a3ef39dd7e5798?s=96&d=mm&r=g","url":"https:\/\/secure.gravatar.com\/avatar\/3ea2118a5f7dad2b7138b1187a6b7ee55f160b9968b66013c3a3ef39dd7e5798?s=96&d=mm&r=g","contentUrl":"https:\/\/secure.gravatar.com\/avatar\/3ea2118a5f7dad2b7138b1187a6b7ee55f160b9968b66013c3a3ef39dd7e5798?s=96&d=mm&r=g","caption":"Jeanette"},"sameAs":["https:\/\/www.eldiario.net\/portal"],"url":"https:\/\/www.eldiario.net\/portal\/author\/jeanette\/"}]}},"_links":{"self":[{"href":"https:\/\/www.eldiario.net\/portal\/wp-json\/wp\/v2\/posts\/235939","targetHints":{"allow":["GET"]}}],"collection":[{"href":"https:\/\/www.eldiario.net\/portal\/wp-json\/wp\/v2\/posts"}],"about":[{"href":"https:\/\/www.eldiario.net\/portal\/wp-json\/wp\/v2\/types\/post"}],"author":[{"embeddable":true,"href":"https:\/\/www.eldiario.net\/portal\/wp-json\/wp\/v2\/users\/1"}],"replies":[{"embeddable":true,"href":"https:\/\/www.eldiario.net\/portal\/wp-json\/wp\/v2\/comments?post=235939"}],"version-history":[{"count":1,"href":"https:\/\/www.eldiario.net\/portal\/wp-json\/wp\/v2\/posts\/235939\/revisions"}],"predecessor-version":[{"id":235941,"href":"https:\/\/www.eldiario.net\/portal\/wp-json\/wp\/v2\/posts\/235939\/revisions\/235941"}],"wp:featuredmedia":[{"embeddable":true,"href":"https:\/\/www.eldiario.net\/portal\/wp-json\/wp\/v2\/media\/235940"}],"wp:attachment":[{"href":"https:\/\/www.eldiario.net\/portal\/wp-json\/wp\/v2\/media?parent=235939"}],"wp:term":[{"taxonomy":"category","embeddable":true,"href":"https:\/\/www.eldiario.net\/portal\/wp-json\/wp\/v2\/categories?post=235939"},{"taxonomy":"post_tag","embeddable":true,"href":"https:\/\/www.eldiario.net\/portal\/wp-json\/wp\/v2\/tags?post=235939"}],"curies":[{"name":"wp","href":"https:\/\/api.w.org\/{rel}","templated":true}]}}