{"id":235937,"date":"2024-07-24T06:13:00","date_gmt":"2024-07-24T10:13:00","guid":{"rendered":"https:\/\/www.eldiario.net\/portal\/?p=235937"},"modified":"2024-07-24T10:05:17","modified_gmt":"2024-07-24T14:05:17","slug":"medicos-advierten-con-paro-de-120-horas-desde-el-lunes","status":"publish","type":"post","link":"https:\/\/www.eldiario.net\/portal\/2024\/07\/24\/medicos-advierten-con-paro-de-120-horas-desde-el-lunes\/","title":{"rendered":"M\u00e9dicos advierten con paro  de 120 horas desde el lunes"},"content":{"rendered":"<p>El sector de profesionales en salud anunci\u00f3 que si hasta este fin de semana no se retira la disposici\u00f3n del Proyecto de Ley 035, que establece una revisi\u00f3n m\u00e9dica a los 65 a\u00f1os, acatar\u00e1 paro de 120 horas a partir del lunes 29 de julio.<br \/>\n\u201cTenemos la esperanza que, entre hoy, ma\u00f1ana, el fin de semana, el Gobierno entienda, haga una lectura del mal enorme que le est\u00e1 causando al trabajador, pero si no ocurre nos tendr\u00edamos que movilizar\u201d, se\u00f1al\u00f3 el secretario Ejecutivo del Sindicato de Ramas M\u00e9dicas de Salud P\u00fablica (Sirmes), Fernando Romero.<br \/>\nAsimismo, hoy representantes de los m\u00e9dicos de los nueve departamentos se reunir\u00e1n en La Paz para determinar otras medidas de presi\u00f3n, entre ellas el paro de cinco d\u00edas y una marcha hacia la urbe pace\u00f1a.<br \/>\nLa disposici\u00f3n adicional \u00fanica del proyecto de Ley 035\/23-24 establece que galenos y docentes de 65 a\u00f1os que quieran seguir trabajando deben someterse a un examen m\u00e9dico que evaluar\u00e1 si est\u00e1n aptos para continuar ejerciendo, situaci\u00f3n que los movilizados consideran como una jubilaci\u00f3n forzosa.<br \/>\nEl representante de La Paz en la Coordinadora por una Jubilaci\u00f3n Digna de Bolivia, Fernando Uzeda, indic\u00f3 que ese sector apoya las medidas de presi\u00f3n y adem\u00e1s rechazan la Ley 065, de Pensiones.<br \/>\n\u201cEsta Ley 065 nos ha expropiado nuestros recursos sin ning\u00fan permiso. Nosotros queremos el 100 por ciento del promedio salarial (de renta)\u201d, puntualiz\u00f3.<br \/>\nLa jornada de ayer, m\u00e9dicos y jubilados marcharon por el centro pace\u00f1o, algunos llegaron a puertas del edificio de la Asamblea Legislativa Plurinacional y protagonizaron amagues de enfrentamiento con la Polic\u00eda.<\/p>\n<p>&nbsp;<\/p>\n","protected":false},"excerpt":{"rendered":"<p>El sector de profesionales en salud anunci\u00f3 que si hasta este fin de semana no se retira la disposici\u00f3n del Proyecto de Ley 035, que establece una revisi\u00f3n m\u00e9dica a los 65 a\u00f1os, acatar\u00e1 paro de 120 horas a partir del lunes 29 de julio. \u201cTenemos la esperanza que, entre hoy, ma\u00f1ana, el fin de [&hellip;]<\/p>\n","protected":false},"author":1,"featured_media":236093,"comment_status":"open","ping_status":"open","sticky":false,"template":"","format":"standard","meta":{"_acf_changed":false,"footnotes":""},"categories":[12],"tags":[],"class_list":["post-235937","post","type-post","status-publish","format-standard","has-post-thumbnail","category-nacional"],"acf":{"antetitulo":"Exigen retirar proyecto de Ley 035"},"yoast_head":"<!-- This site is optimized with the Yoast SEO plugin v28.4 - https:\/\/yoast.com\/product\/yoast-seo-wordpress\/ -->\n<title>M\u00e9dicos advierten con paro de 120 horas desde el lunes - El Diario - Bolivia<\/title>\n<meta name=\"robots\" content=\"index, follow, max-snippet:-1, max-image-preview:large, max-video-preview:-1\" \/>\n<link rel=\"canonical\" href=\"https:\/\/www.eldiario.net\/portal\/2024\/07\/24\/medicos-advierten-con-paro-de-120-horas-desde-el-lunes\/\" \/>\n<meta property=\"og:locale\" content=\"es_ES\" \/>\n<meta property=\"og:type\" content=\"article\" \/>\n<meta property=\"og:title\" content=\"M\u00e9dicos advierten con paro de 120 horas desde el lunes - El Diario - Bolivia\" \/>\n<meta property=\"og:description\" content=\"El sector de profesionales en salud anunci\u00f3 que si hasta este fin de semana no se retira la disposici\u00f3n del Proyecto de Ley 035, que establece una revisi\u00f3n m\u00e9dica a los 65 a\u00f1os, acatar\u00e1 paro de 120 horas a partir del lunes 29 de julio. \u201cTenemos la esperanza que, entre hoy, ma\u00f1ana, el fin de [&hellip;]\" \/>\n<meta property=\"og:url\" content=\"https:\/\/www.eldiario.net\/portal\/2024\/07\/24\/medicos-advierten-con-paro-de-120-horas-desde-el-lunes\/\" \/>\n<meta property=\"og:site_name\" content=\"El Diario - Bolivia\" \/>\n<meta property=\"article:publisher\" content=\"https:\/\/www.facebook.com\/eldiario.bolivia\/\" \/>\n<meta property=\"article:published_time\" content=\"2024-07-24T10:13:00+00:00\" \/>\n<meta property=\"article:modified_time\" content=\"2024-07-24T14:05:17+00:00\" \/>\n<meta property=\"og:image\" content=\"https:\/\/www.eldiario.net\/portal\/wp-content\/uploads\/2024\/07\/TAPITA-16-1.jpg\" \/>\n\t<meta property=\"og:image:width\" content=\"1044\" \/>\n\t<meta property=\"og:image:height\" content=\"696\" \/>\n\t<meta property=\"og:image:type\" content=\"image\/jpeg\" \/>\n<meta name=\"author\" content=\"Jeanette\" \/>\n<meta name=\"twitter:card\" content=\"summary_large_image\" \/>\n<meta name=\"twitter:creator\" content=\"@eldiario_net\" \/>\n<meta name=\"twitter:site\" content=\"@eldiario_net\" \/>\n<meta name=\"twitter:label1\" content=\"Escrito por\" \/>\n\t<meta name=\"twitter:data1\" content=\"Jeanette\" \/>\n\t<meta name=\"twitter:label2\" content=\"Tiempo de lectura\" \/>\n\t<meta name=\"twitter:data2\" content=\"2 minutos\" \/>\n<script type=\"application\/ld+json\" class=\"yoast-schema-graph\">{\"@context\":\"https:\\\/\\\/schema.org\",\"@graph\":[{\"@type\":\"Article\",\"@id\":\"https:\\\/\\\/www.eldiario.net\\\/portal\\\/2024\\\/07\\\/24\\\/medicos-advierten-con-paro-de-120-horas-desde-el-lunes\\\/#article\",\"isPartOf\":{\"@id\":\"https:\\\/\\\/www.eldiario.net\\\/portal\\\/2024\\\/07\\\/24\\\/medicos-advierten-con-paro-de-120-horas-desde-el-lunes\\\/\"},\"author\":{\"name\":\"Jeanette\",\"@id\":\"https:\\\/\\\/www.eldiario.net\\\/portal\\\/#\\\/schema\\\/person\\\/f46445640444750d7d753ccd04ae01b7\"},\"headline\":\"M\u00e9dicos advierten con paro de 120 horas desde el lunes\",\"datePublished\":\"2024-07-24T10:13:00+00:00\",\"dateModified\":\"2024-07-24T14:05:17+00:00\",\"mainEntityOfPage\":{\"@id\":\"https:\\\/\\\/www.eldiario.net\\\/portal\\\/2024\\\/07\\\/24\\\/medicos-advierten-con-paro-de-120-horas-desde-el-lunes\\\/\"},\"wordCount\":290,\"commentCount\":0,\"publisher\":{\"@id\":\"https:\\\/\\\/www.eldiario.net\\\/portal\\\/#organization\"},\"image\":{\"@id\":\"https:\\\/\\\/www.eldiario.net\\\/portal\\\/2024\\\/07\\\/24\\\/medicos-advierten-con-paro-de-120-horas-desde-el-lunes\\\/#primaryimage\"},\"thumbnailUrl\":\"https:\\\/\\\/www.eldiario.net\\\/portal\\\/wp-content\\\/uploads\\\/2024\\\/07\\\/TAPITA-16-1.jpg\",\"articleSection\":[\"Nacional\"],\"inLanguage\":\"es\",\"potentialAction\":[{\"@type\":\"CommentAction\",\"name\":\"Comment\",\"target\":[\"https:\\\/\\\/www.eldiario.net\\\/portal\\\/2024\\\/07\\\/24\\\/medicos-advierten-con-paro-de-120-horas-desde-el-lunes\\\/#respond\"]}]},{\"@type\":\"WebPage\",\"@id\":\"https:\\\/\\\/www.eldiario.net\\\/portal\\\/2024\\\/07\\\/24\\\/medicos-advierten-con-paro-de-120-horas-desde-el-lunes\\\/\",\"url\":\"https:\\\/\\\/www.eldiario.net\\\/portal\\\/2024\\\/07\\\/24\\\/medicos-advierten-con-paro-de-120-horas-desde-el-lunes\\\/\",\"name\":\"M\u00e9dicos advierten con paro de 120 horas desde el lunes - El Diario - Bolivia\",\"isPartOf\":{\"@id\":\"https:\\\/\\\/www.eldiario.net\\\/portal\\\/#website\"},\"primaryImageOfPage\":{\"@id\":\"https:\\\/\\\/www.eldiario.net\\\/portal\\\/2024\\\/07\\\/24\\\/medicos-advierten-con-paro-de-120-horas-desde-el-lunes\\\/#primaryimage\"},\"image\":{\"@id\":\"https:\\\/\\\/www.eldiario.net\\\/portal\\\/2024\\\/07\\\/24\\\/medicos-advierten-con-paro-de-120-horas-desde-el-lunes\\\/#primaryimage\"},\"thumbnailUrl\":\"https:\\\/\\\/www.eldiario.net\\\/portal\\\/wp-content\\\/uploads\\\/2024\\\/07\\\/TAPITA-16-1.jpg\",\"datePublished\":\"2024-07-24T10:13:00+00:00\",\"dateModified\":\"2024-07-24T14:05:17+00:00\",\"breadcrumb\":{\"@id\":\"https:\\\/\\\/www.eldiario.net\\\/portal\\\/2024\\\/07\\\/24\\\/medicos-advierten-con-paro-de-120-horas-desde-el-lunes\\\/#breadcrumb\"},\"inLanguage\":\"es\",\"potentialAction\":[{\"@type\":\"ReadAction\",\"target\":[\"https:\\\/\\\/www.eldiario.net\\\/portal\\\/2024\\\/07\\\/24\\\/medicos-advierten-con-paro-de-120-horas-desde-el-lunes\\\/\"]}]},{\"@type\":\"ImageObject\",\"inLanguage\":\"es\",\"@id\":\"https:\\\/\\\/www.eldiario.net\\\/portal\\\/2024\\\/07\\\/24\\\/medicos-advierten-con-paro-de-120-horas-desde-el-lunes\\\/#primaryimage\",\"url\":\"https:\\\/\\\/www.eldiario.net\\\/portal\\\/wp-content\\\/uploads\\\/2024\\\/07\\\/TAPITA-16-1.jpg\",\"contentUrl\":\"https:\\\/\\\/www.eldiario.net\\\/portal\\\/wp-content\\\/uploads\\\/2024\\\/07\\\/TAPITA-16-1.jpg\",\"width\":1044,\"height\":696},{\"@type\":\"BreadcrumbList\",\"@id\":\"https:\\\/\\\/www.eldiario.net\\\/portal\\\/2024\\\/07\\\/24\\\/medicos-advierten-con-paro-de-120-horas-desde-el-lunes\\\/#breadcrumb\",\"itemListElement\":[{\"@type\":\"ListItem\",\"position\":1,\"name\":\"Portada\",\"item\":\"https:\\\/\\\/www.eldiario.net\\\/portal\\\/\"},{\"@type\":\"ListItem\",\"position\":2,\"name\":\"M\u00e9dicos advierten con paro de 120 horas desde el lunes\"}]},{\"@type\":\"WebSite\",\"@id\":\"https:\\\/\\\/www.eldiario.net\\\/portal\\\/#website\",\"url\":\"https:\\\/\\\/www.eldiario.net\\\/portal\\\/\",\"name\":\"El Diario - Decano de la prensa nacional\",\"description\":\"El Diario - Decano de la prensa nacional\",\"publisher\":{\"@id\":\"https:\\\/\\\/www.eldiario.net\\\/portal\\\/#organization\"},\"potentialAction\":[{\"@type\":\"SearchAction\",\"target\":{\"@type\":\"EntryPoint\",\"urlTemplate\":\"https:\\\/\\\/www.eldiario.net\\\/portal\\\/?s={search_term_string}\"},\"query-input\":{\"@type\":\"PropertyValueSpecification\",\"valueRequired\":true,\"valueName\":\"search_term_string\"}}],\"inLanguage\":\"es\"},{\"@type\":\"Organization\",\"@id\":\"https:\\\/\\\/www.eldiario.net\\\/portal\\\/#organization\",\"name\":\"El Diario - Decano de la prensa nacional\",\"url\":\"https:\\\/\\\/www.eldiario.net\\\/portal\\\/\",\"logo\":{\"@type\":\"ImageObject\",\"inLanguage\":\"es\",\"@id\":\"https:\\\/\\\/www.eldiario.net\\\/portal\\\/#\\\/schema\\\/logo\\\/image\\\/\",\"url\":\"https:\\\/\\\/www.eldiario.net\\\/portal\\\/wp-content\\\/uploads\\\/2023\\\/07\\\/logo_ED.jpg\",\"contentUrl\":\"https:\\\/\\\/www.eldiario.net\\\/portal\\\/wp-content\\\/uploads\\\/2023\\\/07\\\/logo_ED.jpg\",\"width\":272,\"height\":52,\"caption\":\"El Diario - Decano de la prensa nacional\"},\"image\":{\"@id\":\"https:\\\/\\\/www.eldiario.net\\\/portal\\\/#\\\/schema\\\/logo\\\/image\\\/\"},\"sameAs\":[\"https:\\\/\\\/www.facebook.com\\\/eldiario.bolivia\\\/\",\"https:\\\/\\\/x.com\\\/eldiario_net\"]},{\"@type\":\"Person\",\"@id\":\"https:\\\/\\\/www.eldiario.net\\\/portal\\\/#\\\/schema\\\/person\\\/f46445640444750d7d753ccd04ae01b7\",\"name\":\"Jeanette\",\"image\":{\"@type\":\"ImageObject\",\"inLanguage\":\"es\",\"@id\":\"https:\\\/\\\/secure.gravatar.com\\\/avatar\\\/3ea2118a5f7dad2b7138b1187a6b7ee55f160b9968b66013c3a3ef39dd7e5798?s=96&d=mm&r=g\",\"url\":\"https:\\\/\\\/secure.gravatar.com\\\/avatar\\\/3ea2118a5f7dad2b7138b1187a6b7ee55f160b9968b66013c3a3ef39dd7e5798?s=96&d=mm&r=g\",\"contentUrl\":\"https:\\\/\\\/secure.gravatar.com\\\/avatar\\\/3ea2118a5f7dad2b7138b1187a6b7ee55f160b9968b66013c3a3ef39dd7e5798?s=96&d=mm&r=g\",\"caption\":\"Jeanette\"},\"sameAs\":[\"https:\\\/\\\/www.eldiario.net\\\/portal\"],\"url\":\"https:\\\/\\\/www.eldiario.net\\\/portal\\\/author\\\/jeanette\\\/\"}]}<\/script>\n<!-- \/ Yoast SEO plugin. -->","yoast_head_json":{"title":"M\u00e9dicos advierten con paro de 120 horas desde el lunes - El Diario - Bolivia","robots":{"index":"index","follow":"follow","max-snippet":"max-snippet:-1","max-image-preview":"max-image-preview:large","max-video-preview":"max-video-preview:-1"},"canonical":"https:\/\/www.eldiario.net\/portal\/2024\/07\/24\/medicos-advierten-con-paro-de-120-horas-desde-el-lunes\/","og_locale":"es_ES","og_type":"article","og_title":"M\u00e9dicos advierten con paro de 120 horas desde el lunes - El Diario - Bolivia","og_description":"El sector de profesionales en salud anunci\u00f3 que si hasta este fin de semana no se retira la disposici\u00f3n del Proyecto de Ley 035, que establece una revisi\u00f3n m\u00e9dica a los 65 a\u00f1os, acatar\u00e1 paro de 120 horas a partir del lunes 29 de julio. \u201cTenemos la esperanza que, entre hoy, ma\u00f1ana, el fin de [&hellip;]","og_url":"https:\/\/www.eldiario.net\/portal\/2024\/07\/24\/medicos-advierten-con-paro-de-120-horas-desde-el-lunes\/","og_site_name":"El Diario - Bolivia","article_publisher":"https:\/\/www.facebook.com\/eldiario.bolivia\/","article_published_time":"2024-07-24T10:13:00+00:00","article_modified_time":"2024-07-24T14:05:17+00:00","og_image":[{"width":1044,"height":696,"url":"https:\/\/www.eldiario.net\/portal\/wp-content\/uploads\/2024\/07\/TAPITA-16-1.jpg","type":"image\/jpeg"}],"author":"Jeanette","twitter_card":"summary_large_image","twitter_creator":"@eldiario_net","twitter_site":"@eldiario_net","twitter_misc":{"Escrito por":"Jeanette","Tiempo de lectura":"2 minutos"},"schema":{"@context":"https:\/\/schema.org","@graph":[{"@type":"Article","@id":"https:\/\/www.eldiario.net\/portal\/2024\/07\/24\/medicos-advierten-con-paro-de-120-horas-desde-el-lunes\/#article","isPartOf":{"@id":"https:\/\/www.eldiario.net\/portal\/2024\/07\/24\/medicos-advierten-con-paro-de-120-horas-desde-el-lunes\/"},"author":{"name":"Jeanette","@id":"https:\/\/www.eldiario.net\/portal\/#\/schema\/person\/f46445640444750d7d753ccd04ae01b7"},"headline":"M\u00e9dicos advierten con paro de 120 horas desde el lunes","datePublished":"2024-07-24T10:13:00+00:00","dateModified":"2024-07-24T14:05:17+00:00","mainEntityOfPage":{"@id":"https:\/\/www.eldiario.net\/portal\/2024\/07\/24\/medicos-advierten-con-paro-de-120-horas-desde-el-lunes\/"},"wordCount":290,"commentCount":0,"publisher":{"@id":"https:\/\/www.eldiario.net\/portal\/#organization"},"image":{"@id":"https:\/\/www.eldiario.net\/portal\/2024\/07\/24\/medicos-advierten-con-paro-de-120-horas-desde-el-lunes\/#primaryimage"},"thumbnailUrl":"https:\/\/www.eldiario.net\/portal\/wp-content\/uploads\/2024\/07\/TAPITA-16-1.jpg","articleSection":["Nacional"],"inLanguage":"es","potentialAction":[{"@type":"CommentAction","name":"Comment","target":["https:\/\/www.eldiario.net\/portal\/2024\/07\/24\/medicos-advierten-con-paro-de-120-horas-desde-el-lunes\/#respond"]}]},{"@type":"WebPage","@id":"https:\/\/www.eldiario.net\/portal\/2024\/07\/24\/medicos-advierten-con-paro-de-120-horas-desde-el-lunes\/","url":"https:\/\/www.eldiario.net\/portal\/2024\/07\/24\/medicos-advierten-con-paro-de-120-horas-desde-el-lunes\/","name":"M\u00e9dicos advierten con paro de 120 horas desde el lunes - El Diario - Bolivia","isPartOf":{"@id":"https:\/\/www.eldiario.net\/portal\/#website"},"primaryImageOfPage":{"@id":"https:\/\/www.eldiario.net\/portal\/2024\/07\/24\/medicos-advierten-con-paro-de-120-horas-desde-el-lunes\/#primaryimage"},"image":{"@id":"https:\/\/www.eldiario.net\/portal\/2024\/07\/24\/medicos-advierten-con-paro-de-120-horas-desde-el-lunes\/#primaryimage"},"thumbnailUrl":"https:\/\/www.eldiario.net\/portal\/wp-content\/uploads\/2024\/07\/TAPITA-16-1.jpg","datePublished":"2024-07-24T10:13:00+00:00","dateModified":"2024-07-24T14:05:17+00:00","breadcrumb":{"@id":"https:\/\/www.eldiario.net\/portal\/2024\/07\/24\/medicos-advierten-con-paro-de-120-horas-desde-el-lunes\/#breadcrumb"},"inLanguage":"es","potentialAction":[{"@type":"ReadAction","target":["https:\/\/www.eldiario.net\/portal\/2024\/07\/24\/medicos-advierten-con-paro-de-120-horas-desde-el-lunes\/"]}]},{"@type":"ImageObject","inLanguage":"es","@id":"https:\/\/www.eldiario.net\/portal\/2024\/07\/24\/medicos-advierten-con-paro-de-120-horas-desde-el-lunes\/#primaryimage","url":"https:\/\/www.eldiario.net\/portal\/wp-content\/uploads\/2024\/07\/TAPITA-16-1.jpg","contentUrl":"https:\/\/www.eldiario.net\/portal\/wp-content\/uploads\/2024\/07\/TAPITA-16-1.jpg","width":1044,"height":696},{"@type":"BreadcrumbList","@id":"https:\/\/www.eldiario.net\/portal\/2024\/07\/24\/medicos-advierten-con-paro-de-120-horas-desde-el-lunes\/#breadcrumb","itemListElement":[{"@type":"ListItem","position":1,"name":"Portada","item":"https:\/\/www.eldiario.net\/portal\/"},{"@type":"ListItem","position":2,"name":"M\u00e9dicos advierten con paro de 120 horas desde el lunes"}]},{"@type":"WebSite","@id":"https:\/\/www.eldiario.net\/portal\/#website","url":"https:\/\/www.eldiario.net\/portal\/","name":"El Diario - Decano de la prensa nacional","description":"El Diario - Decano de la prensa nacional","publisher":{"@id":"https:\/\/www.eldiario.net\/portal\/#organization"},"potentialAction":[{"@type":"SearchAction","target":{"@type":"EntryPoint","urlTemplate":"https:\/\/www.eldiario.net\/portal\/?s={search_term_string}"},"query-input":{"@type":"PropertyValueSpecification","valueRequired":true,"valueName":"search_term_string"}}],"inLanguage":"es"},{"@type":"Organization","@id":"https:\/\/www.eldiario.net\/portal\/#organization","name":"El Diario - Decano de la prensa nacional","url":"https:\/\/www.eldiario.net\/portal\/","logo":{"@type":"ImageObject","inLanguage":"es","@id":"https:\/\/www.eldiario.net\/portal\/#\/schema\/logo\/image\/","url":"https:\/\/www.eldiario.net\/portal\/wp-content\/uploads\/2023\/07\/logo_ED.jpg","contentUrl":"https:\/\/www.eldiario.net\/portal\/wp-content\/uploads\/2023\/07\/logo_ED.jpg","width":272,"height":52,"caption":"El Diario - Decano de la prensa nacional"},"image":{"@id":"https:\/\/www.eldiario.net\/portal\/#\/schema\/logo\/image\/"},"sameAs":["https:\/\/www.facebook.com\/eldiario.bolivia\/","https:\/\/x.com\/eldiario_net"]},{"@type":"Person","@id":"https:\/\/www.eldiario.net\/portal\/#\/schema\/person\/f46445640444750d7d753ccd04ae01b7","name":"Jeanette","image":{"@type":"ImageObject","inLanguage":"es","@id":"https:\/\/secure.gravatar.com\/avatar\/3ea2118a5f7dad2b7138b1187a6b7ee55f160b9968b66013c3a3ef39dd7e5798?s=96&d=mm&r=g","url":"https:\/\/secure.gravatar.com\/avatar\/3ea2118a5f7dad2b7138b1187a6b7ee55f160b9968b66013c3a3ef39dd7e5798?s=96&d=mm&r=g","contentUrl":"https:\/\/secure.gravatar.com\/avatar\/3ea2118a5f7dad2b7138b1187a6b7ee55f160b9968b66013c3a3ef39dd7e5798?s=96&d=mm&r=g","caption":"Jeanette"},"sameAs":["https:\/\/www.eldiario.net\/portal"],"url":"https:\/\/www.eldiario.net\/portal\/author\/jeanette\/"}]}},"_links":{"self":[{"href":"https:\/\/www.eldiario.net\/portal\/wp-json\/wp\/v2\/posts\/235937","targetHints":{"allow":["GET"]}}],"collection":[{"href":"https:\/\/www.eldiario.net\/portal\/wp-json\/wp\/v2\/posts"}],"about":[{"href":"https:\/\/www.eldiario.net\/portal\/wp-json\/wp\/v2\/types\/post"}],"author":[{"embeddable":true,"href":"https:\/\/www.eldiario.net\/portal\/wp-json\/wp\/v2\/users\/1"}],"replies":[{"embeddable":true,"href":"https:\/\/www.eldiario.net\/portal\/wp-json\/wp\/v2\/comments?post=235937"}],"version-history":[{"count":1,"href":"https:\/\/www.eldiario.net\/portal\/wp-json\/wp\/v2\/posts\/235937\/revisions"}],"predecessor-version":[{"id":235938,"href":"https:\/\/www.eldiario.net\/portal\/wp-json\/wp\/v2\/posts\/235937\/revisions\/235938"}],"wp:featuredmedia":[{"embeddable":true,"href":"https:\/\/www.eldiario.net\/portal\/wp-json\/wp\/v2\/media\/236093"}],"wp:attachment":[{"href":"https:\/\/www.eldiario.net\/portal\/wp-json\/wp\/v2\/media?parent=235937"}],"wp:term":[{"taxonomy":"category","embeddable":true,"href":"https:\/\/www.eldiario.net\/portal\/wp-json\/wp\/v2\/categories?post=235937"},{"taxonomy":"post_tag","embeddable":true,"href":"https:\/\/www.eldiario.net\/portal\/wp-json\/wp\/v2\/tags?post=235937"}],"curies":[{"name":"wp","href":"https:\/\/api.w.org\/{rel}","templated":true}]}}