{"id":235934,"date":"2024-07-24T06:12:26","date_gmt":"2024-07-24T10:12:26","guid":{"rendered":"https:\/\/www.eldiario.net\/portal\/?p=235934"},"modified":"2024-07-24T06:12:26","modified_gmt":"2024-07-24T10:12:26","slug":"experto-advierte-que-calidad-del-aire-se-redujo-debido-a-humareda","status":"publish","type":"post","link":"https:\/\/www.eldiario.net\/portal\/2024\/07\/24\/experto-advierte-que-calidad-del-aire-se-redujo-debido-a-humareda\/","title":{"rendered":"Experto advierte que calidad del aire se redujo debido a humareda"},"content":{"rendered":"<p>El director del Laboratorio de F\u00edsica de la Atm\u00f3sfera de la Universidad Mayor de San Andr\u00e9s (UMSA), Marcos Andrade, se\u00f1al\u00f3 que la calidad del aire en la ciudad de La Paz disminuy\u00f3 desde el domingo debido al humo producido por un incendio forestal en un sector que va hacia los Yungas.<br \/>\n\u201cEl domingo hubo un incendio relativamente cerca, hacia los Yungas, y mucho humo, que ha sido transportado por masas de aire hacia nuestra ciudad\u201d, afirm\u00f3 el experto en entrevista con la red Unitel.<br \/>\nDe acuerdo con Andrade, los equipos de la UMSA reportaron que la calidad del aire en la ciudad se redujo debido a este hecho. \u201cEstos d\u00edas la calidad del aire no es muy buena\u201d, reiter\u00f3.<br \/>\nLa humareda se presentar\u00eda debido a incendios que se registraron por el ingreso hacia Yungas, cercanos a la comunidad de Pongo y varios videos, enviados a la red televisiva, ratificaron la existencia de focos de fuego.<br \/>\nEl experto sostuvo que la topograf\u00eda de la urbe ayuda a que el ambiente se limpie m\u00e1s r\u00e1pido, pues el flujo de aire es mejor.<br \/>\nDatos compartidos por el viceministro de Defensa Civil, Juan Carlos Calvimontes, indican que hasta el domingo, se identificaron 2.103 focos de calor en Bolivia, de ellos 123 est\u00e1n en La Paz.<\/p>\n","protected":false},"excerpt":{"rendered":"<p>El director del Laboratorio de F\u00edsica de la Atm\u00f3sfera de la Universidad Mayor de San Andr\u00e9s (UMSA), Marcos Andrade, se\u00f1al\u00f3 que la calidad del aire en la ciudad de La Paz disminuy\u00f3 desde el domingo debido al humo producido por un incendio forestal en un sector que va hacia los Yungas. \u201cEl domingo hubo un [&hellip;]<\/p>\n","protected":false},"author":1,"featured_media":235935,"comment_status":"open","ping_status":"open","sticky":false,"template":"","format":"standard","meta":{"_acf_changed":false,"footnotes":""},"categories":[12],"tags":[],"class_list":["post-235934","post","type-post","status-publish","format-standard","has-post-thumbnail","category-nacional"],"acf":{"antetitulo":""},"yoast_head":"<!-- This site is optimized with the Yoast SEO plugin v28.4 - https:\/\/yoast.com\/product\/yoast-seo-wordpress\/ -->\n<title>Experto advierte que calidad del aire se redujo debido a humareda - El Diario - Bolivia<\/title>\n<meta name=\"robots\" content=\"index, follow, max-snippet:-1, max-image-preview:large, max-video-preview:-1\" \/>\n<link rel=\"canonical\" href=\"https:\/\/www.eldiario.net\/portal\/2024\/07\/24\/experto-advierte-que-calidad-del-aire-se-redujo-debido-a-humareda\/\" \/>\n<meta property=\"og:locale\" content=\"es_ES\" \/>\n<meta property=\"og:type\" content=\"article\" \/>\n<meta property=\"og:title\" content=\"Experto advierte que calidad del aire se redujo debido a humareda - El Diario - Bolivia\" \/>\n<meta property=\"og:description\" content=\"El director del Laboratorio de F\u00edsica de la Atm\u00f3sfera de la Universidad Mayor de San Andr\u00e9s (UMSA), Marcos Andrade, se\u00f1al\u00f3 que la calidad del aire en la ciudad de La Paz disminuy\u00f3 desde el domingo debido al humo producido por un incendio forestal en un sector que va hacia los Yungas. \u201cEl domingo hubo un [&hellip;]\" \/>\n<meta property=\"og:url\" content=\"https:\/\/www.eldiario.net\/portal\/2024\/07\/24\/experto-advierte-que-calidad-del-aire-se-redujo-debido-a-humareda\/\" \/>\n<meta property=\"og:site_name\" content=\"El Diario - Bolivia\" \/>\n<meta property=\"article:publisher\" content=\"https:\/\/www.facebook.com\/eldiario.bolivia\/\" \/>\n<meta property=\"article:published_time\" content=\"2024-07-24T10:12:26+00:00\" \/>\n<meta property=\"og:image\" content=\"https:\/\/www.eldiario.net\/portal\/wp-content\/uploads\/2024\/07\/F-3-aire.jpg\" \/>\n\t<meta property=\"og:image:width\" content=\"1599\" \/>\n\t<meta property=\"og:image:height\" content=\"980\" \/>\n\t<meta property=\"og:image:type\" content=\"image\/jpeg\" \/>\n<meta name=\"author\" content=\"Jeanette\" \/>\n<meta name=\"twitter:card\" content=\"summary_large_image\" \/>\n<meta name=\"twitter:creator\" content=\"@eldiario_net\" \/>\n<meta name=\"twitter:site\" content=\"@eldiario_net\" \/>\n<meta name=\"twitter:label1\" content=\"Escrito por\" \/>\n\t<meta name=\"twitter:data1\" content=\"Jeanette\" \/>\n\t<meta name=\"twitter:label2\" content=\"Tiempo de lectura\" \/>\n\t<meta name=\"twitter:data2\" content=\"2 minutos\" \/>\n<script type=\"application\/ld+json\" class=\"yoast-schema-graph\">{\"@context\":\"https:\\\/\\\/schema.org\",\"@graph\":[{\"@type\":\"Article\",\"@id\":\"https:\\\/\\\/www.eldiario.net\\\/portal\\\/2024\\\/07\\\/24\\\/experto-advierte-que-calidad-del-aire-se-redujo-debido-a-humareda\\\/#article\",\"isPartOf\":{\"@id\":\"https:\\\/\\\/www.eldiario.net\\\/portal\\\/2024\\\/07\\\/24\\\/experto-advierte-que-calidad-del-aire-se-redujo-debido-a-humareda\\\/\"},\"author\":{\"name\":\"Jeanette\",\"@id\":\"https:\\\/\\\/www.eldiario.net\\\/portal\\\/#\\\/schema\\\/person\\\/f46445640444750d7d753ccd04ae01b7\"},\"headline\":\"Experto advierte que calidad del aire se redujo debido a humareda\",\"datePublished\":\"2024-07-24T10:12:26+00:00\",\"mainEntityOfPage\":{\"@id\":\"https:\\\/\\\/www.eldiario.net\\\/portal\\\/2024\\\/07\\\/24\\\/experto-advierte-que-calidad-del-aire-se-redujo-debido-a-humareda\\\/\"},\"wordCount\":230,\"commentCount\":0,\"publisher\":{\"@id\":\"https:\\\/\\\/www.eldiario.net\\\/portal\\\/#organization\"},\"image\":{\"@id\":\"https:\\\/\\\/www.eldiario.net\\\/portal\\\/2024\\\/07\\\/24\\\/experto-advierte-que-calidad-del-aire-se-redujo-debido-a-humareda\\\/#primaryimage\"},\"thumbnailUrl\":\"https:\\\/\\\/www.eldiario.net\\\/portal\\\/wp-content\\\/uploads\\\/2024\\\/07\\\/F-3-aire.jpg\",\"articleSection\":[\"Nacional\"],\"inLanguage\":\"es\",\"potentialAction\":[{\"@type\":\"CommentAction\",\"name\":\"Comment\",\"target\":[\"https:\\\/\\\/www.eldiario.net\\\/portal\\\/2024\\\/07\\\/24\\\/experto-advierte-que-calidad-del-aire-se-redujo-debido-a-humareda\\\/#respond\"]}]},{\"@type\":\"WebPage\",\"@id\":\"https:\\\/\\\/www.eldiario.net\\\/portal\\\/2024\\\/07\\\/24\\\/experto-advierte-que-calidad-del-aire-se-redujo-debido-a-humareda\\\/\",\"url\":\"https:\\\/\\\/www.eldiario.net\\\/portal\\\/2024\\\/07\\\/24\\\/experto-advierte-que-calidad-del-aire-se-redujo-debido-a-humareda\\\/\",\"name\":\"Experto advierte que calidad del aire se redujo debido a humareda - El Diario - Bolivia\",\"isPartOf\":{\"@id\":\"https:\\\/\\\/www.eldiario.net\\\/portal\\\/#website\"},\"primaryImageOfPage\":{\"@id\":\"https:\\\/\\\/www.eldiario.net\\\/portal\\\/2024\\\/07\\\/24\\\/experto-advierte-que-calidad-del-aire-se-redujo-debido-a-humareda\\\/#primaryimage\"},\"image\":{\"@id\":\"https:\\\/\\\/www.eldiario.net\\\/portal\\\/2024\\\/07\\\/24\\\/experto-advierte-que-calidad-del-aire-se-redujo-debido-a-humareda\\\/#primaryimage\"},\"thumbnailUrl\":\"https:\\\/\\\/www.eldiario.net\\\/portal\\\/wp-content\\\/uploads\\\/2024\\\/07\\\/F-3-aire.jpg\",\"datePublished\":\"2024-07-24T10:12:26+00:00\",\"breadcrumb\":{\"@id\":\"https:\\\/\\\/www.eldiario.net\\\/portal\\\/2024\\\/07\\\/24\\\/experto-advierte-que-calidad-del-aire-se-redujo-debido-a-humareda\\\/#breadcrumb\"},\"inLanguage\":\"es\",\"potentialAction\":[{\"@type\":\"ReadAction\",\"target\":[\"https:\\\/\\\/www.eldiario.net\\\/portal\\\/2024\\\/07\\\/24\\\/experto-advierte-que-calidad-del-aire-se-redujo-debido-a-humareda\\\/\"]}]},{\"@type\":\"ImageObject\",\"inLanguage\":\"es\",\"@id\":\"https:\\\/\\\/www.eldiario.net\\\/portal\\\/2024\\\/07\\\/24\\\/experto-advierte-que-calidad-del-aire-se-redujo-debido-a-humareda\\\/#primaryimage\",\"url\":\"https:\\\/\\\/www.eldiario.net\\\/portal\\\/wp-content\\\/uploads\\\/2024\\\/07\\\/F-3-aire.jpg\",\"contentUrl\":\"https:\\\/\\\/www.eldiario.net\\\/portal\\\/wp-content\\\/uploads\\\/2024\\\/07\\\/F-3-aire.jpg\",\"width\":1599,\"height\":980,\"caption\":\"Se registr\u00f3 humareda en sectores de la urbe pace\u00f1a.\"},{\"@type\":\"BreadcrumbList\",\"@id\":\"https:\\\/\\\/www.eldiario.net\\\/portal\\\/2024\\\/07\\\/24\\\/experto-advierte-que-calidad-del-aire-se-redujo-debido-a-humareda\\\/#breadcrumb\",\"itemListElement\":[{\"@type\":\"ListItem\",\"position\":1,\"name\":\"Portada\",\"item\":\"https:\\\/\\\/www.eldiario.net\\\/portal\\\/\"},{\"@type\":\"ListItem\",\"position\":2,\"name\":\"Experto advierte que calidad del aire se redujo debido a humareda\"}]},{\"@type\":\"WebSite\",\"@id\":\"https:\\\/\\\/www.eldiario.net\\\/portal\\\/#website\",\"url\":\"https:\\\/\\\/www.eldiario.net\\\/portal\\\/\",\"name\":\"El Diario - Decano de la prensa nacional\",\"description\":\"El Diario - Decano de la prensa nacional\",\"publisher\":{\"@id\":\"https:\\\/\\\/www.eldiario.net\\\/portal\\\/#organization\"},\"potentialAction\":[{\"@type\":\"SearchAction\",\"target\":{\"@type\":\"EntryPoint\",\"urlTemplate\":\"https:\\\/\\\/www.eldiario.net\\\/portal\\\/?s={search_term_string}\"},\"query-input\":{\"@type\":\"PropertyValueSpecification\",\"valueRequired\":true,\"valueName\":\"search_term_string\"}}],\"inLanguage\":\"es\"},{\"@type\":\"Organization\",\"@id\":\"https:\\\/\\\/www.eldiario.net\\\/portal\\\/#organization\",\"name\":\"El Diario - Decano de la prensa nacional\",\"url\":\"https:\\\/\\\/www.eldiario.net\\\/portal\\\/\",\"logo\":{\"@type\":\"ImageObject\",\"inLanguage\":\"es\",\"@id\":\"https:\\\/\\\/www.eldiario.net\\\/portal\\\/#\\\/schema\\\/logo\\\/image\\\/\",\"url\":\"https:\\\/\\\/www.eldiario.net\\\/portal\\\/wp-content\\\/uploads\\\/2023\\\/07\\\/logo_ED.jpg\",\"contentUrl\":\"https:\\\/\\\/www.eldiario.net\\\/portal\\\/wp-content\\\/uploads\\\/2023\\\/07\\\/logo_ED.jpg\",\"width\":272,\"height\":52,\"caption\":\"El Diario - Decano de la prensa nacional\"},\"image\":{\"@id\":\"https:\\\/\\\/www.eldiario.net\\\/portal\\\/#\\\/schema\\\/logo\\\/image\\\/\"},\"sameAs\":[\"https:\\\/\\\/www.facebook.com\\\/eldiario.bolivia\\\/\",\"https:\\\/\\\/x.com\\\/eldiario_net\"]},{\"@type\":\"Person\",\"@id\":\"https:\\\/\\\/www.eldiario.net\\\/portal\\\/#\\\/schema\\\/person\\\/f46445640444750d7d753ccd04ae01b7\",\"name\":\"Jeanette\",\"image\":{\"@type\":\"ImageObject\",\"inLanguage\":\"es\",\"@id\":\"https:\\\/\\\/secure.gravatar.com\\\/avatar\\\/3ea2118a5f7dad2b7138b1187a6b7ee55f160b9968b66013c3a3ef39dd7e5798?s=96&d=mm&r=g\",\"url\":\"https:\\\/\\\/secure.gravatar.com\\\/avatar\\\/3ea2118a5f7dad2b7138b1187a6b7ee55f160b9968b66013c3a3ef39dd7e5798?s=96&d=mm&r=g\",\"contentUrl\":\"https:\\\/\\\/secure.gravatar.com\\\/avatar\\\/3ea2118a5f7dad2b7138b1187a6b7ee55f160b9968b66013c3a3ef39dd7e5798?s=96&d=mm&r=g\",\"caption\":\"Jeanette\"},\"sameAs\":[\"https:\\\/\\\/www.eldiario.net\\\/portal\"],\"url\":\"https:\\\/\\\/www.eldiario.net\\\/portal\\\/author\\\/jeanette\\\/\"}]}<\/script>\n<!-- \/ Yoast SEO plugin. -->","yoast_head_json":{"title":"Experto advierte que calidad del aire se redujo debido a humareda - El Diario - Bolivia","robots":{"index":"index","follow":"follow","max-snippet":"max-snippet:-1","max-image-preview":"max-image-preview:large","max-video-preview":"max-video-preview:-1"},"canonical":"https:\/\/www.eldiario.net\/portal\/2024\/07\/24\/experto-advierte-que-calidad-del-aire-se-redujo-debido-a-humareda\/","og_locale":"es_ES","og_type":"article","og_title":"Experto advierte que calidad del aire se redujo debido a humareda - El Diario - Bolivia","og_description":"El director del Laboratorio de F\u00edsica de la Atm\u00f3sfera de la Universidad Mayor de San Andr\u00e9s (UMSA), Marcos Andrade, se\u00f1al\u00f3 que la calidad del aire en la ciudad de La Paz disminuy\u00f3 desde el domingo debido al humo producido por un incendio forestal en un sector que va hacia los Yungas. \u201cEl domingo hubo un [&hellip;]","og_url":"https:\/\/www.eldiario.net\/portal\/2024\/07\/24\/experto-advierte-que-calidad-del-aire-se-redujo-debido-a-humareda\/","og_site_name":"El Diario - Bolivia","article_publisher":"https:\/\/www.facebook.com\/eldiario.bolivia\/","article_published_time":"2024-07-24T10:12:26+00:00","og_image":[{"width":1599,"height":980,"url":"https:\/\/www.eldiario.net\/portal\/wp-content\/uploads\/2024\/07\/F-3-aire.jpg","type":"image\/jpeg"}],"author":"Jeanette","twitter_card":"summary_large_image","twitter_creator":"@eldiario_net","twitter_site":"@eldiario_net","twitter_misc":{"Escrito por":"Jeanette","Tiempo de lectura":"2 minutos"},"schema":{"@context":"https:\/\/schema.org","@graph":[{"@type":"Article","@id":"https:\/\/www.eldiario.net\/portal\/2024\/07\/24\/experto-advierte-que-calidad-del-aire-se-redujo-debido-a-humareda\/#article","isPartOf":{"@id":"https:\/\/www.eldiario.net\/portal\/2024\/07\/24\/experto-advierte-que-calidad-del-aire-se-redujo-debido-a-humareda\/"},"author":{"name":"Jeanette","@id":"https:\/\/www.eldiario.net\/portal\/#\/schema\/person\/f46445640444750d7d753ccd04ae01b7"},"headline":"Experto advierte que calidad del aire se redujo debido a humareda","datePublished":"2024-07-24T10:12:26+00:00","mainEntityOfPage":{"@id":"https:\/\/www.eldiario.net\/portal\/2024\/07\/24\/experto-advierte-que-calidad-del-aire-se-redujo-debido-a-humareda\/"},"wordCount":230,"commentCount":0,"publisher":{"@id":"https:\/\/www.eldiario.net\/portal\/#organization"},"image":{"@id":"https:\/\/www.eldiario.net\/portal\/2024\/07\/24\/experto-advierte-que-calidad-del-aire-se-redujo-debido-a-humareda\/#primaryimage"},"thumbnailUrl":"https:\/\/www.eldiario.net\/portal\/wp-content\/uploads\/2024\/07\/F-3-aire.jpg","articleSection":["Nacional"],"inLanguage":"es","potentialAction":[{"@type":"CommentAction","name":"Comment","target":["https:\/\/www.eldiario.net\/portal\/2024\/07\/24\/experto-advierte-que-calidad-del-aire-se-redujo-debido-a-humareda\/#respond"]}]},{"@type":"WebPage","@id":"https:\/\/www.eldiario.net\/portal\/2024\/07\/24\/experto-advierte-que-calidad-del-aire-se-redujo-debido-a-humareda\/","url":"https:\/\/www.eldiario.net\/portal\/2024\/07\/24\/experto-advierte-que-calidad-del-aire-se-redujo-debido-a-humareda\/","name":"Experto advierte que calidad del aire se redujo debido a humareda - El Diario - Bolivia","isPartOf":{"@id":"https:\/\/www.eldiario.net\/portal\/#website"},"primaryImageOfPage":{"@id":"https:\/\/www.eldiario.net\/portal\/2024\/07\/24\/experto-advierte-que-calidad-del-aire-se-redujo-debido-a-humareda\/#primaryimage"},"image":{"@id":"https:\/\/www.eldiario.net\/portal\/2024\/07\/24\/experto-advierte-que-calidad-del-aire-se-redujo-debido-a-humareda\/#primaryimage"},"thumbnailUrl":"https:\/\/www.eldiario.net\/portal\/wp-content\/uploads\/2024\/07\/F-3-aire.jpg","datePublished":"2024-07-24T10:12:26+00:00","breadcrumb":{"@id":"https:\/\/www.eldiario.net\/portal\/2024\/07\/24\/experto-advierte-que-calidad-del-aire-se-redujo-debido-a-humareda\/#breadcrumb"},"inLanguage":"es","potentialAction":[{"@type":"ReadAction","target":["https:\/\/www.eldiario.net\/portal\/2024\/07\/24\/experto-advierte-que-calidad-del-aire-se-redujo-debido-a-humareda\/"]}]},{"@type":"ImageObject","inLanguage":"es","@id":"https:\/\/www.eldiario.net\/portal\/2024\/07\/24\/experto-advierte-que-calidad-del-aire-se-redujo-debido-a-humareda\/#primaryimage","url":"https:\/\/www.eldiario.net\/portal\/wp-content\/uploads\/2024\/07\/F-3-aire.jpg","contentUrl":"https:\/\/www.eldiario.net\/portal\/wp-content\/uploads\/2024\/07\/F-3-aire.jpg","width":1599,"height":980,"caption":"Se registr\u00f3 humareda en sectores de la urbe pace\u00f1a."},{"@type":"BreadcrumbList","@id":"https:\/\/www.eldiario.net\/portal\/2024\/07\/24\/experto-advierte-que-calidad-del-aire-se-redujo-debido-a-humareda\/#breadcrumb","itemListElement":[{"@type":"ListItem","position":1,"name":"Portada","item":"https:\/\/www.eldiario.net\/portal\/"},{"@type":"ListItem","position":2,"name":"Experto advierte que calidad del aire se redujo debido a humareda"}]},{"@type":"WebSite","@id":"https:\/\/www.eldiario.net\/portal\/#website","url":"https:\/\/www.eldiario.net\/portal\/","name":"El Diario - Decano de la prensa nacional","description":"El Diario - Decano de la prensa nacional","publisher":{"@id":"https:\/\/www.eldiario.net\/portal\/#organization"},"potentialAction":[{"@type":"SearchAction","target":{"@type":"EntryPoint","urlTemplate":"https:\/\/www.eldiario.net\/portal\/?s={search_term_string}"},"query-input":{"@type":"PropertyValueSpecification","valueRequired":true,"valueName":"search_term_string"}}],"inLanguage":"es"},{"@type":"Organization","@id":"https:\/\/www.eldiario.net\/portal\/#organization","name":"El Diario - Decano de la prensa nacional","url":"https:\/\/www.eldiario.net\/portal\/","logo":{"@type":"ImageObject","inLanguage":"es","@id":"https:\/\/www.eldiario.net\/portal\/#\/schema\/logo\/image\/","url":"https:\/\/www.eldiario.net\/portal\/wp-content\/uploads\/2023\/07\/logo_ED.jpg","contentUrl":"https:\/\/www.eldiario.net\/portal\/wp-content\/uploads\/2023\/07\/logo_ED.jpg","width":272,"height":52,"caption":"El Diario - Decano de la prensa nacional"},"image":{"@id":"https:\/\/www.eldiario.net\/portal\/#\/schema\/logo\/image\/"},"sameAs":["https:\/\/www.facebook.com\/eldiario.bolivia\/","https:\/\/x.com\/eldiario_net"]},{"@type":"Person","@id":"https:\/\/www.eldiario.net\/portal\/#\/schema\/person\/f46445640444750d7d753ccd04ae01b7","name":"Jeanette","image":{"@type":"ImageObject","inLanguage":"es","@id":"https:\/\/secure.gravatar.com\/avatar\/3ea2118a5f7dad2b7138b1187a6b7ee55f160b9968b66013c3a3ef39dd7e5798?s=96&d=mm&r=g","url":"https:\/\/secure.gravatar.com\/avatar\/3ea2118a5f7dad2b7138b1187a6b7ee55f160b9968b66013c3a3ef39dd7e5798?s=96&d=mm&r=g","contentUrl":"https:\/\/secure.gravatar.com\/avatar\/3ea2118a5f7dad2b7138b1187a6b7ee55f160b9968b66013c3a3ef39dd7e5798?s=96&d=mm&r=g","caption":"Jeanette"},"sameAs":["https:\/\/www.eldiario.net\/portal"],"url":"https:\/\/www.eldiario.net\/portal\/author\/jeanette\/"}]}},"_links":{"self":[{"href":"https:\/\/www.eldiario.net\/portal\/wp-json\/wp\/v2\/posts\/235934","targetHints":{"allow":["GET"]}}],"collection":[{"href":"https:\/\/www.eldiario.net\/portal\/wp-json\/wp\/v2\/posts"}],"about":[{"href":"https:\/\/www.eldiario.net\/portal\/wp-json\/wp\/v2\/types\/post"}],"author":[{"embeddable":true,"href":"https:\/\/www.eldiario.net\/portal\/wp-json\/wp\/v2\/users\/1"}],"replies":[{"embeddable":true,"href":"https:\/\/www.eldiario.net\/portal\/wp-json\/wp\/v2\/comments?post=235934"}],"version-history":[{"count":1,"href":"https:\/\/www.eldiario.net\/portal\/wp-json\/wp\/v2\/posts\/235934\/revisions"}],"predecessor-version":[{"id":235936,"href":"https:\/\/www.eldiario.net\/portal\/wp-json\/wp\/v2\/posts\/235934\/revisions\/235936"}],"wp:featuredmedia":[{"embeddable":true,"href":"https:\/\/www.eldiario.net\/portal\/wp-json\/wp\/v2\/media\/235935"}],"wp:attachment":[{"href":"https:\/\/www.eldiario.net\/portal\/wp-json\/wp\/v2\/media?parent=235934"}],"wp:term":[{"taxonomy":"category","embeddable":true,"href":"https:\/\/www.eldiario.net\/portal\/wp-json\/wp\/v2\/categories?post=235934"},{"taxonomy":"post_tag","embeddable":true,"href":"https:\/\/www.eldiario.net\/portal\/wp-json\/wp\/v2\/tags?post=235934"}],"curies":[{"name":"wp","href":"https:\/\/api.w.org\/{rel}","templated":true}]}}