{"id":235929,"date":"2024-07-24T06:11:21","date_gmt":"2024-07-24T10:11:21","guid":{"rendered":"https:\/\/www.eldiario.net\/portal\/?p=235929"},"modified":"2024-07-24T06:11:21","modified_gmt":"2024-07-24T10:11:21","slug":"oposicion-pide-que-nicolas-maduro-reconozca-el-resultado-de-elecciones","status":"publish","type":"post","link":"https:\/\/www.eldiario.net\/portal\/2024\/07\/24\/oposicion-pide-que-nicolas-maduro-reconozca-el-resultado-de-elecciones\/","title":{"rendered":"Oposici\u00f3n pide que Nicol\u00e1s Maduro reconozca el resultado de elecciones"},"content":{"rendered":"<p>Una posici\u00f3n de Estado al margen de ideolog\u00edas y se exija al presidente de Venezuela, Nicol\u00e1s Maduro, que reconozca el resultado de las elecciones presidenciales del pr\u00f3ximo domingo es el pedido de la oposici\u00f3n venezolana, tomando en cuenta que todos los sondeos apuntan a una victoria del opositor Edmundo Gonz\u00e1lez.<br \/>\n\u201cPedimos una posici\u00f3n de Estado\u201d, resume en declaraciones a Europa Press, Estefan\u00eda Parra Anselmi, miembro del Comando Global con Venezuela, la campa\u00f1a en apoyo a la candidatura de Gonz\u00e1lez y a la l\u00edder opositora Mar\u00eda Cori\u00f1a Machado, quien asegura que han hecho llegar este mensaje a los \u201cpartidos constitucionalistas\u201d espa\u00f1oles, incluidos PSOE y PP.<br \/>\n\u201cNecesitamos la determinaci\u00f3n de los l\u00edderes pol\u00edticos sin importar las ideolog\u00edas\u201d, reivindica Parra, subrayando que \u201cen Venezuela nos debatimos entre libertad y dictadura, entre derecho a elegir y autocracia\u201d. En este sentido, desde la oposici\u00f3n lo que quieren es que la comunidad internacional acompa\u00f1e a los venezolanos en su derecho a decidir y que exija a Maduro que reconozca el resultado que arrojen las urnas, que vaticinan que ser\u00e1 de cambio.<br \/>\nLa tambi\u00e9n coordinadora internacional de Voluntad Popular, el partido que lidera Leopoldo L\u00f3pez, admite que \u201cel reconocimiento del resultado electoral es el verdadero reto\u201d, de ah\u00ed el que el acompa\u00f1amiento de la comunidad internacional sea \u201cclave\u201d. As\u00ed las cosas, conf\u00eda en que \u201cno solo el Gobierno, sino todos los actores democr\u00e1ticos\u201d en Espa\u00f1a asuman esta postura, dado el \u201cliderazgo hist\u00f3rico\u201d del pa\u00eds en lo relativo a Iberoam\u00e9rica.<br \/>\nHABR\u00c1 UN \u00c9XODO<br \/>\nSI MADURO NO ACEPTA<br \/>\nSU DERROTA<br \/>\nParra ha subrayado que todos los sondeos vaticinan la victoria de Edmundo Gonz\u00e1lez por un amplio margen y advirti\u00f3 de que si Maduro no acepta su derrota \u201clo que va a venir es un \u00e9xodo sin precedentes\u201d. En la actualidad ya hay unos 8 millones de venezolanos en el exilio, buena parte de ellos en la regi\u00f3n, pero tambi\u00e9n en torno a un mill\u00f3n que se encontrar\u00edan en Espa\u00f1a.<br \/>\nAs\u00ed las cosas, la oposici\u00f3n prev\u00e9 concentraciones el pr\u00f3ximo domingo en las plazas de varias capitales de todo el mundo para visibilizar su gran capacidad de movilizaci\u00f3n y exigir el reconocimiento de los resultados de las urnas. En Madrid, la cita est\u00e1 prevista a las 20.00 horas en la Plaza de Col\u00f3n y se invita a participar, vestidos de blanco, no solo a venezolanos, sino a otros iberoamericanos, as\u00ed como a espa\u00f1oles que \u201ccrean en la libertad y la redemocratizaci\u00f3n de Venezuela\u201d.<br \/>\nPor otra parte, la dirigente opositora ha denunciado las trabas que desde el Gobierno venezolano se han venido poniendo para que los venezolanos que residen en el extranjero puedan ejercer su derecho de voto.<br \/>\nSeg\u00fan Parra, de los 8 millones de exiliados, una cifra solo comparable con el n\u00famero de desplazados por conflictos como los de Siria o Ucrania, unos 5 millones deber\u00edan poder votar en estas presidenciales, pero solo algo m\u00e1s de 69.000 han conseguido registrarse para hacerlo, algo \u201cins\u00f3lito\u201d.<br \/>\nEn este sentido, denunci\u00f3 que se han exigido \u201crequisitos inconstitucionales\u201d y que no figuran en la legislaci\u00f3n electoral del pa\u00eds, entre otros por ejemplo el contar con pasaporte venezolano vigente cuando obtenerlo cuesta hasta 300 euros, a la hora de poder registrarse para votar en estas elecciones, como consecuencia de lo cual en Espa\u00f1a solo podr\u00e1n hacerlo 24.000.<br \/>\nAunque queda menos de una semana, los venezolanos en Madrid a\u00fan no conocen d\u00f3nde tendr\u00e1n que acudir a depositar su voto. Seg\u00fan ha explicado, en la capital deber\u00edan votar unos 9.000, tanto de esta regi\u00f3n como de otras pr\u00f3ximas y ser\u00edan necesarias 17 mesas electorales.<br \/>\nTampoco en el caso de Vigo, donde deber\u00e1n hacerlo 2.300, saben d\u00f3nde. Pese a todo, Parra ha dejado claro de que el r\u00e9gimen puede tener \u201cla infinita certeza\u201d de que tambi\u00e9n van a superar estos obst\u00e1culos como ya ha ocurrido con otros, como el hecho de la inhabilitaci\u00f3n de Machado, elegida como candidata en las primarias de la oposici\u00f3n, y el impedimento para registrarse de Corina Yoris, a quien la primera hab\u00eda designado como su sustituta. (Europa Press)<\/p>\n","protected":false},"excerpt":{"rendered":"<p>Una posici\u00f3n de Estado al margen de ideolog\u00edas y se exija al presidente de Venezuela, Nicol\u00e1s Maduro, que reconozca el resultado de las elecciones presidenciales del pr\u00f3ximo domingo es el pedido de la oposici\u00f3n venezolana, tomando en cuenta que todos los sondeos apuntan a una victoria del opositor Edmundo Gonz\u00e1lez. \u201cPedimos una posici\u00f3n de Estado\u201d, [&hellip;]<\/p>\n","protected":false},"author":1,"featured_media":235930,"comment_status":"open","ping_status":"open","sticky":false,"template":"","format":"standard","meta":{"_acf_changed":false,"footnotes":""},"categories":[3],"tags":[],"class_list":["post-235929","post","type-post","status-publish","format-standard","has-post-thumbnail","category-internacional"],"acf":{"antetitulo":"Sondeos apuntan a victoria de Gonz\u00e1lez"},"yoast_head":"<!-- This site is optimized with the Yoast SEO plugin v28.4 - https:\/\/yoast.com\/product\/yoast-seo-wordpress\/ -->\n<title>Oposici\u00f3n pide que Nicol\u00e1s Maduro reconozca el resultado de elecciones - El Diario - Bolivia<\/title>\n<meta name=\"robots\" content=\"index, follow, max-snippet:-1, max-image-preview:large, max-video-preview:-1\" \/>\n<link rel=\"canonical\" href=\"https:\/\/www.eldiario.net\/portal\/2024\/07\/24\/oposicion-pide-que-nicolas-maduro-reconozca-el-resultado-de-elecciones\/\" \/>\n<meta property=\"og:locale\" content=\"es_ES\" \/>\n<meta property=\"og:type\" content=\"article\" \/>\n<meta property=\"og:title\" content=\"Oposici\u00f3n pide que Nicol\u00e1s Maduro reconozca el resultado de elecciones - El Diario - Bolivia\" \/>\n<meta property=\"og:description\" content=\"Una posici\u00f3n de Estado al margen de ideolog\u00edas y se exija al presidente de Venezuela, Nicol\u00e1s Maduro, que reconozca el resultado de las elecciones presidenciales del pr\u00f3ximo domingo es el pedido de la oposici\u00f3n venezolana, tomando en cuenta que todos los sondeos apuntan a una victoria del opositor Edmundo Gonz\u00e1lez. \u201cPedimos una posici\u00f3n de Estado\u201d, [&hellip;]\" \/>\n<meta property=\"og:url\" content=\"https:\/\/www.eldiario.net\/portal\/2024\/07\/24\/oposicion-pide-que-nicolas-maduro-reconozca-el-resultado-de-elecciones\/\" \/>\n<meta property=\"og:site_name\" content=\"El Diario - Bolivia\" \/>\n<meta property=\"article:publisher\" content=\"https:\/\/www.facebook.com\/eldiario.bolivia\/\" \/>\n<meta property=\"article:published_time\" content=\"2024-07-24T10:11:21+00:00\" \/>\n<meta property=\"og:image\" content=\"https:\/\/www.eldiario.net\/portal\/wp-content\/uploads\/2024\/07\/oposicion-europa-press.webp\" \/>\n\t<meta property=\"og:image:width\" content=\"1000\" \/>\n\t<meta property=\"og:image:height\" content=\"666\" \/>\n\t<meta property=\"og:image:type\" content=\"image\/webp\" \/>\n<meta name=\"author\" content=\"Jeanette\" \/>\n<meta name=\"twitter:card\" content=\"summary_large_image\" \/>\n<meta name=\"twitter:creator\" content=\"@eldiario_net\" \/>\n<meta name=\"twitter:site\" content=\"@eldiario_net\" \/>\n<meta name=\"twitter:label1\" content=\"Escrito por\" \/>\n\t<meta name=\"twitter:data1\" content=\"Jeanette\" \/>\n\t<meta name=\"twitter:label2\" content=\"Tiempo de lectura\" \/>\n\t<meta name=\"twitter:data2\" content=\"4 minutos\" \/>\n<script type=\"application\/ld+json\" class=\"yoast-schema-graph\">{\"@context\":\"https:\\\/\\\/schema.org\",\"@graph\":[{\"@type\":\"Article\",\"@id\":\"https:\\\/\\\/www.eldiario.net\\\/portal\\\/2024\\\/07\\\/24\\\/oposicion-pide-que-nicolas-maduro-reconozca-el-resultado-de-elecciones\\\/#article\",\"isPartOf\":{\"@id\":\"https:\\\/\\\/www.eldiario.net\\\/portal\\\/2024\\\/07\\\/24\\\/oposicion-pide-que-nicolas-maduro-reconozca-el-resultado-de-elecciones\\\/\"},\"author\":{\"name\":\"Jeanette\",\"@id\":\"https:\\\/\\\/www.eldiario.net\\\/portal\\\/#\\\/schema\\\/person\\\/f46445640444750d7d753ccd04ae01b7\"},\"headline\":\"Oposici\u00f3n pide que Nicol\u00e1s Maduro reconozca el resultado de elecciones\",\"datePublished\":\"2024-07-24T10:11:21+00:00\",\"mainEntityOfPage\":{\"@id\":\"https:\\\/\\\/www.eldiario.net\\\/portal\\\/2024\\\/07\\\/24\\\/oposicion-pide-que-nicolas-maduro-reconozca-el-resultado-de-elecciones\\\/\"},\"wordCount\":732,\"commentCount\":0,\"publisher\":{\"@id\":\"https:\\\/\\\/www.eldiario.net\\\/portal\\\/#organization\"},\"image\":{\"@id\":\"https:\\\/\\\/www.eldiario.net\\\/portal\\\/2024\\\/07\\\/24\\\/oposicion-pide-que-nicolas-maduro-reconozca-el-resultado-de-elecciones\\\/#primaryimage\"},\"thumbnailUrl\":\"https:\\\/\\\/www.eldiario.net\\\/portal\\\/wp-content\\\/uploads\\\/2024\\\/07\\\/oposicion-europa-press.webp\",\"articleSection\":[\"Internacional\"],\"inLanguage\":\"es\",\"potentialAction\":[{\"@type\":\"CommentAction\",\"name\":\"Comment\",\"target\":[\"https:\\\/\\\/www.eldiario.net\\\/portal\\\/2024\\\/07\\\/24\\\/oposicion-pide-que-nicolas-maduro-reconozca-el-resultado-de-elecciones\\\/#respond\"]}]},{\"@type\":\"WebPage\",\"@id\":\"https:\\\/\\\/www.eldiario.net\\\/portal\\\/2024\\\/07\\\/24\\\/oposicion-pide-que-nicolas-maduro-reconozca-el-resultado-de-elecciones\\\/\",\"url\":\"https:\\\/\\\/www.eldiario.net\\\/portal\\\/2024\\\/07\\\/24\\\/oposicion-pide-que-nicolas-maduro-reconozca-el-resultado-de-elecciones\\\/\",\"name\":\"Oposici\u00f3n pide que Nicol\u00e1s Maduro reconozca el resultado de elecciones - El Diario - Bolivia\",\"isPartOf\":{\"@id\":\"https:\\\/\\\/www.eldiario.net\\\/portal\\\/#website\"},\"primaryImageOfPage\":{\"@id\":\"https:\\\/\\\/www.eldiario.net\\\/portal\\\/2024\\\/07\\\/24\\\/oposicion-pide-que-nicolas-maduro-reconozca-el-resultado-de-elecciones\\\/#primaryimage\"},\"image\":{\"@id\":\"https:\\\/\\\/www.eldiario.net\\\/portal\\\/2024\\\/07\\\/24\\\/oposicion-pide-que-nicolas-maduro-reconozca-el-resultado-de-elecciones\\\/#primaryimage\"},\"thumbnailUrl\":\"https:\\\/\\\/www.eldiario.net\\\/portal\\\/wp-content\\\/uploads\\\/2024\\\/07\\\/oposicion-europa-press.webp\",\"datePublished\":\"2024-07-24T10:11:21+00:00\",\"breadcrumb\":{\"@id\":\"https:\\\/\\\/www.eldiario.net\\\/portal\\\/2024\\\/07\\\/24\\\/oposicion-pide-que-nicolas-maduro-reconozca-el-resultado-de-elecciones\\\/#breadcrumb\"},\"inLanguage\":\"es\",\"potentialAction\":[{\"@type\":\"ReadAction\",\"target\":[\"https:\\\/\\\/www.eldiario.net\\\/portal\\\/2024\\\/07\\\/24\\\/oposicion-pide-que-nicolas-maduro-reconozca-el-resultado-de-elecciones\\\/\"]}]},{\"@type\":\"ImageObject\",\"inLanguage\":\"es\",\"@id\":\"https:\\\/\\\/www.eldiario.net\\\/portal\\\/2024\\\/07\\\/24\\\/oposicion-pide-que-nicolas-maduro-reconozca-el-resultado-de-elecciones\\\/#primaryimage\",\"url\":\"https:\\\/\\\/www.eldiario.net\\\/portal\\\/wp-content\\\/uploads\\\/2024\\\/07\\\/oposicion-europa-press.webp\",\"contentUrl\":\"https:\\\/\\\/www.eldiario.net\\\/portal\\\/wp-content\\\/uploads\\\/2024\\\/07\\\/oposicion-europa-press.webp\",\"width\":1000,\"height\":666,\"caption\":\"Varias personas durante la manifestaci\u00f3n por la movilizaci\u00f3n de la esperanza a la caravana de la libertad en las pr\u00f3ximas elecciones de Venezuela, en la Plaza de Espa\u00f1a, a 21 de julio de 2024, en Madrid (Espa\u00f1a).\"},{\"@type\":\"BreadcrumbList\",\"@id\":\"https:\\\/\\\/www.eldiario.net\\\/portal\\\/2024\\\/07\\\/24\\\/oposicion-pide-que-nicolas-maduro-reconozca-el-resultado-de-elecciones\\\/#breadcrumb\",\"itemListElement\":[{\"@type\":\"ListItem\",\"position\":1,\"name\":\"Portada\",\"item\":\"https:\\\/\\\/www.eldiario.net\\\/portal\\\/\"},{\"@type\":\"ListItem\",\"position\":2,\"name\":\"Oposici\u00f3n pide que Nicol\u00e1s Maduro reconozca el resultado de elecciones\"}]},{\"@type\":\"WebSite\",\"@id\":\"https:\\\/\\\/www.eldiario.net\\\/portal\\\/#website\",\"url\":\"https:\\\/\\\/www.eldiario.net\\\/portal\\\/\",\"name\":\"El Diario - Decano de la prensa nacional\",\"description\":\"El Diario - Decano de la prensa nacional\",\"publisher\":{\"@id\":\"https:\\\/\\\/www.eldiario.net\\\/portal\\\/#organization\"},\"potentialAction\":[{\"@type\":\"SearchAction\",\"target\":{\"@type\":\"EntryPoint\",\"urlTemplate\":\"https:\\\/\\\/www.eldiario.net\\\/portal\\\/?s={search_term_string}\"},\"query-input\":{\"@type\":\"PropertyValueSpecification\",\"valueRequired\":true,\"valueName\":\"search_term_string\"}}],\"inLanguage\":\"es\"},{\"@type\":\"Organization\",\"@id\":\"https:\\\/\\\/www.eldiario.net\\\/portal\\\/#organization\",\"name\":\"El Diario - Decano de la prensa nacional\",\"url\":\"https:\\\/\\\/www.eldiario.net\\\/portal\\\/\",\"logo\":{\"@type\":\"ImageObject\",\"inLanguage\":\"es\",\"@id\":\"https:\\\/\\\/www.eldiario.net\\\/portal\\\/#\\\/schema\\\/logo\\\/image\\\/\",\"url\":\"https:\\\/\\\/www.eldiario.net\\\/portal\\\/wp-content\\\/uploads\\\/2023\\\/07\\\/logo_ED.jpg\",\"contentUrl\":\"https:\\\/\\\/www.eldiario.net\\\/portal\\\/wp-content\\\/uploads\\\/2023\\\/07\\\/logo_ED.jpg\",\"width\":272,\"height\":52,\"caption\":\"El Diario - Decano de la prensa nacional\"},\"image\":{\"@id\":\"https:\\\/\\\/www.eldiario.net\\\/portal\\\/#\\\/schema\\\/logo\\\/image\\\/\"},\"sameAs\":[\"https:\\\/\\\/www.facebook.com\\\/eldiario.bolivia\\\/\",\"https:\\\/\\\/x.com\\\/eldiario_net\"]},{\"@type\":\"Person\",\"@id\":\"https:\\\/\\\/www.eldiario.net\\\/portal\\\/#\\\/schema\\\/person\\\/f46445640444750d7d753ccd04ae01b7\",\"name\":\"Jeanette\",\"image\":{\"@type\":\"ImageObject\",\"inLanguage\":\"es\",\"@id\":\"https:\\\/\\\/secure.gravatar.com\\\/avatar\\\/3ea2118a5f7dad2b7138b1187a6b7ee55f160b9968b66013c3a3ef39dd7e5798?s=96&d=mm&r=g\",\"url\":\"https:\\\/\\\/secure.gravatar.com\\\/avatar\\\/3ea2118a5f7dad2b7138b1187a6b7ee55f160b9968b66013c3a3ef39dd7e5798?s=96&d=mm&r=g\",\"contentUrl\":\"https:\\\/\\\/secure.gravatar.com\\\/avatar\\\/3ea2118a5f7dad2b7138b1187a6b7ee55f160b9968b66013c3a3ef39dd7e5798?s=96&d=mm&r=g\",\"caption\":\"Jeanette\"},\"sameAs\":[\"https:\\\/\\\/www.eldiario.net\\\/portal\"],\"url\":\"https:\\\/\\\/www.eldiario.net\\\/portal\\\/author\\\/jeanette\\\/\"}]}<\/script>\n<!-- \/ Yoast SEO plugin. -->","yoast_head_json":{"title":"Oposici\u00f3n pide que Nicol\u00e1s Maduro reconozca el resultado de elecciones - El Diario - Bolivia","robots":{"index":"index","follow":"follow","max-snippet":"max-snippet:-1","max-image-preview":"max-image-preview:large","max-video-preview":"max-video-preview:-1"},"canonical":"https:\/\/www.eldiario.net\/portal\/2024\/07\/24\/oposicion-pide-que-nicolas-maduro-reconozca-el-resultado-de-elecciones\/","og_locale":"es_ES","og_type":"article","og_title":"Oposici\u00f3n pide que Nicol\u00e1s Maduro reconozca el resultado de elecciones - El Diario - Bolivia","og_description":"Una posici\u00f3n de Estado al margen de ideolog\u00edas y se exija al presidente de Venezuela, Nicol\u00e1s Maduro, que reconozca el resultado de las elecciones presidenciales del pr\u00f3ximo domingo es el pedido de la oposici\u00f3n venezolana, tomando en cuenta que todos los sondeos apuntan a una victoria del opositor Edmundo Gonz\u00e1lez. \u201cPedimos una posici\u00f3n de Estado\u201d, [&hellip;]","og_url":"https:\/\/www.eldiario.net\/portal\/2024\/07\/24\/oposicion-pide-que-nicolas-maduro-reconozca-el-resultado-de-elecciones\/","og_site_name":"El Diario - Bolivia","article_publisher":"https:\/\/www.facebook.com\/eldiario.bolivia\/","article_published_time":"2024-07-24T10:11:21+00:00","og_image":[{"width":1000,"height":666,"url":"https:\/\/www.eldiario.net\/portal\/wp-content\/uploads\/2024\/07\/oposicion-europa-press.webp","type":"image\/webp"}],"author":"Jeanette","twitter_card":"summary_large_image","twitter_creator":"@eldiario_net","twitter_site":"@eldiario_net","twitter_misc":{"Escrito por":"Jeanette","Tiempo de lectura":"4 minutos"},"schema":{"@context":"https:\/\/schema.org","@graph":[{"@type":"Article","@id":"https:\/\/www.eldiario.net\/portal\/2024\/07\/24\/oposicion-pide-que-nicolas-maduro-reconozca-el-resultado-de-elecciones\/#article","isPartOf":{"@id":"https:\/\/www.eldiario.net\/portal\/2024\/07\/24\/oposicion-pide-que-nicolas-maduro-reconozca-el-resultado-de-elecciones\/"},"author":{"name":"Jeanette","@id":"https:\/\/www.eldiario.net\/portal\/#\/schema\/person\/f46445640444750d7d753ccd04ae01b7"},"headline":"Oposici\u00f3n pide que Nicol\u00e1s Maduro reconozca el resultado de elecciones","datePublished":"2024-07-24T10:11:21+00:00","mainEntityOfPage":{"@id":"https:\/\/www.eldiario.net\/portal\/2024\/07\/24\/oposicion-pide-que-nicolas-maduro-reconozca-el-resultado-de-elecciones\/"},"wordCount":732,"commentCount":0,"publisher":{"@id":"https:\/\/www.eldiario.net\/portal\/#organization"},"image":{"@id":"https:\/\/www.eldiario.net\/portal\/2024\/07\/24\/oposicion-pide-que-nicolas-maduro-reconozca-el-resultado-de-elecciones\/#primaryimage"},"thumbnailUrl":"https:\/\/www.eldiario.net\/portal\/wp-content\/uploads\/2024\/07\/oposicion-europa-press.webp","articleSection":["Internacional"],"inLanguage":"es","potentialAction":[{"@type":"CommentAction","name":"Comment","target":["https:\/\/www.eldiario.net\/portal\/2024\/07\/24\/oposicion-pide-que-nicolas-maduro-reconozca-el-resultado-de-elecciones\/#respond"]}]},{"@type":"WebPage","@id":"https:\/\/www.eldiario.net\/portal\/2024\/07\/24\/oposicion-pide-que-nicolas-maduro-reconozca-el-resultado-de-elecciones\/","url":"https:\/\/www.eldiario.net\/portal\/2024\/07\/24\/oposicion-pide-que-nicolas-maduro-reconozca-el-resultado-de-elecciones\/","name":"Oposici\u00f3n pide que Nicol\u00e1s Maduro reconozca el resultado de elecciones - El Diario - Bolivia","isPartOf":{"@id":"https:\/\/www.eldiario.net\/portal\/#website"},"primaryImageOfPage":{"@id":"https:\/\/www.eldiario.net\/portal\/2024\/07\/24\/oposicion-pide-que-nicolas-maduro-reconozca-el-resultado-de-elecciones\/#primaryimage"},"image":{"@id":"https:\/\/www.eldiario.net\/portal\/2024\/07\/24\/oposicion-pide-que-nicolas-maduro-reconozca-el-resultado-de-elecciones\/#primaryimage"},"thumbnailUrl":"https:\/\/www.eldiario.net\/portal\/wp-content\/uploads\/2024\/07\/oposicion-europa-press.webp","datePublished":"2024-07-24T10:11:21+00:00","breadcrumb":{"@id":"https:\/\/www.eldiario.net\/portal\/2024\/07\/24\/oposicion-pide-que-nicolas-maduro-reconozca-el-resultado-de-elecciones\/#breadcrumb"},"inLanguage":"es","potentialAction":[{"@type":"ReadAction","target":["https:\/\/www.eldiario.net\/portal\/2024\/07\/24\/oposicion-pide-que-nicolas-maduro-reconozca-el-resultado-de-elecciones\/"]}]},{"@type":"ImageObject","inLanguage":"es","@id":"https:\/\/www.eldiario.net\/portal\/2024\/07\/24\/oposicion-pide-que-nicolas-maduro-reconozca-el-resultado-de-elecciones\/#primaryimage","url":"https:\/\/www.eldiario.net\/portal\/wp-content\/uploads\/2024\/07\/oposicion-europa-press.webp","contentUrl":"https:\/\/www.eldiario.net\/portal\/wp-content\/uploads\/2024\/07\/oposicion-europa-press.webp","width":1000,"height":666,"caption":"Varias personas durante la manifestaci\u00f3n por la movilizaci\u00f3n de la esperanza a la caravana de la libertad en las pr\u00f3ximas elecciones de Venezuela, en la Plaza de Espa\u00f1a, a 21 de julio de 2024, en Madrid (Espa\u00f1a)."},{"@type":"BreadcrumbList","@id":"https:\/\/www.eldiario.net\/portal\/2024\/07\/24\/oposicion-pide-que-nicolas-maduro-reconozca-el-resultado-de-elecciones\/#breadcrumb","itemListElement":[{"@type":"ListItem","position":1,"name":"Portada","item":"https:\/\/www.eldiario.net\/portal\/"},{"@type":"ListItem","position":2,"name":"Oposici\u00f3n pide que Nicol\u00e1s Maduro reconozca el resultado de elecciones"}]},{"@type":"WebSite","@id":"https:\/\/www.eldiario.net\/portal\/#website","url":"https:\/\/www.eldiario.net\/portal\/","name":"El Diario - Decano de la prensa nacional","description":"El Diario - Decano de la prensa nacional","publisher":{"@id":"https:\/\/www.eldiario.net\/portal\/#organization"},"potentialAction":[{"@type":"SearchAction","target":{"@type":"EntryPoint","urlTemplate":"https:\/\/www.eldiario.net\/portal\/?s={search_term_string}"},"query-input":{"@type":"PropertyValueSpecification","valueRequired":true,"valueName":"search_term_string"}}],"inLanguage":"es"},{"@type":"Organization","@id":"https:\/\/www.eldiario.net\/portal\/#organization","name":"El Diario - Decano de la prensa nacional","url":"https:\/\/www.eldiario.net\/portal\/","logo":{"@type":"ImageObject","inLanguage":"es","@id":"https:\/\/www.eldiario.net\/portal\/#\/schema\/logo\/image\/","url":"https:\/\/www.eldiario.net\/portal\/wp-content\/uploads\/2023\/07\/logo_ED.jpg","contentUrl":"https:\/\/www.eldiario.net\/portal\/wp-content\/uploads\/2023\/07\/logo_ED.jpg","width":272,"height":52,"caption":"El Diario - Decano de la prensa nacional"},"image":{"@id":"https:\/\/www.eldiario.net\/portal\/#\/schema\/logo\/image\/"},"sameAs":["https:\/\/www.facebook.com\/eldiario.bolivia\/","https:\/\/x.com\/eldiario_net"]},{"@type":"Person","@id":"https:\/\/www.eldiario.net\/portal\/#\/schema\/person\/f46445640444750d7d753ccd04ae01b7","name":"Jeanette","image":{"@type":"ImageObject","inLanguage":"es","@id":"https:\/\/secure.gravatar.com\/avatar\/3ea2118a5f7dad2b7138b1187a6b7ee55f160b9968b66013c3a3ef39dd7e5798?s=96&d=mm&r=g","url":"https:\/\/secure.gravatar.com\/avatar\/3ea2118a5f7dad2b7138b1187a6b7ee55f160b9968b66013c3a3ef39dd7e5798?s=96&d=mm&r=g","contentUrl":"https:\/\/secure.gravatar.com\/avatar\/3ea2118a5f7dad2b7138b1187a6b7ee55f160b9968b66013c3a3ef39dd7e5798?s=96&d=mm&r=g","caption":"Jeanette"},"sameAs":["https:\/\/www.eldiario.net\/portal"],"url":"https:\/\/www.eldiario.net\/portal\/author\/jeanette\/"}]}},"_links":{"self":[{"href":"https:\/\/www.eldiario.net\/portal\/wp-json\/wp\/v2\/posts\/235929","targetHints":{"allow":["GET"]}}],"collection":[{"href":"https:\/\/www.eldiario.net\/portal\/wp-json\/wp\/v2\/posts"}],"about":[{"href":"https:\/\/www.eldiario.net\/portal\/wp-json\/wp\/v2\/types\/post"}],"author":[{"embeddable":true,"href":"https:\/\/www.eldiario.net\/portal\/wp-json\/wp\/v2\/users\/1"}],"replies":[{"embeddable":true,"href":"https:\/\/www.eldiario.net\/portal\/wp-json\/wp\/v2\/comments?post=235929"}],"version-history":[{"count":1,"href":"https:\/\/www.eldiario.net\/portal\/wp-json\/wp\/v2\/posts\/235929\/revisions"}],"predecessor-version":[{"id":235931,"href":"https:\/\/www.eldiario.net\/portal\/wp-json\/wp\/v2\/posts\/235929\/revisions\/235931"}],"wp:featuredmedia":[{"embeddable":true,"href":"https:\/\/www.eldiario.net\/portal\/wp-json\/wp\/v2\/media\/235930"}],"wp:attachment":[{"href":"https:\/\/www.eldiario.net\/portal\/wp-json\/wp\/v2\/media?parent=235929"}],"wp:term":[{"taxonomy":"category","embeddable":true,"href":"https:\/\/www.eldiario.net\/portal\/wp-json\/wp\/v2\/categories?post=235929"},{"taxonomy":"post_tag","embeddable":true,"href":"https:\/\/www.eldiario.net\/portal\/wp-json\/wp\/v2\/tags?post=235929"}],"curies":[{"name":"wp","href":"https:\/\/api.w.org\/{rel}","templated":true}]}}