{"id":235915,"date":"2024-07-24T06:08:10","date_gmt":"2024-07-24T10:08:10","guid":{"rendered":"https:\/\/www.eldiario.net\/portal\/?p=235915"},"modified":"2024-07-24T06:08:10","modified_gmt":"2024-07-24T10:08:10","slug":"reportan-muerte-de-exdirigente-universitario-max-mendoza","status":"publish","type":"post","link":"https:\/\/www.eldiario.net\/portal\/2024\/07\/24\/reportan-muerte-de-exdirigente-universitario-max-mendoza\/","title":{"rendered":"Reportan muerte de exdirigente universitario Max Mendoza"},"content":{"rendered":"<p>El exdirigente universitario, Max Mendoza Parra, falleci\u00f3 por complicaciones\u00a0por un problema de salud, seg\u00fan un comunicado de condolencias de la Central Obrera Boliviana (COB) emitido ayer; Mendoza cumpl\u00eda detenci\u00f3n domiciliaria tras ser encarcelado por denuncias de que permaneci\u00f3 en su cargo durante d\u00e9cadas.<br \/>\nLa partida del exdirigente se debi\u00f3 a complicaciones en su salud a causa de la diabetes, de acuerdo con informaci\u00f3n de La Prensa.<br \/>\nEn su mensaje, la COB expres\u00f3 sus condolencias \u201ccon profundo dolor\u201d por el deceso de Mendoza adhiri\u00e9ndose al dolor de la familia y del Sistema Universitario Boliviano, \u201cde quien en vida fue amigo, compa\u00f1ero de lucha, revolucionario y consecuente l\u00edder sindical que con su compromiso de lucha aport\u00f3 a las conquistas de la clase obrera\u201d.<br \/>\nEl abogado, polit\u00f3logo y economista, V\u00edctor Hugo Ch\u00e1vez, sugiri\u00f3 que el personal de Asesor\u00eda Jur\u00eddica de la Universidad Mayor de San Andr\u00e9s (UMSA) debe dedicarse a iniciar las acciones correspondientes para \u201crecuperar el patrimonio da\u00f1ado\u201d por el exdirigente ahora fallecido.<br \/>\nMax Fernando Mendoza Parra fue expresidente de la Confederaci\u00f3n Universitaria Boliviana (CUB). Su persona gener\u00f3 pol\u00e9mica en 2022, cuando surgieron denuncias de que se habr\u00eda favorecido irregularmente del cargo de dirigente universitario, en el cual permanec\u00eda a sus 52 a\u00f1os.<br \/>\nEn mayo de ese a\u00f1o fue enviado a la c\u00e1rcel de San Pedro, tras ser sindicado de haber cobrado salarios en el Comit\u00e9 Ejecutivo de la Universidad Boliviana (CEUB) sin cumplir requisitos ni poseer siquiera t\u00edtulo profesional.<br \/>\nEn enero de 2023 recibi\u00f3 detenci\u00f3n domiciliaria, la cual sigui\u00f3 cumpliendo hasta su muerte. En el proceso, Mendoza solicit\u00f3 que se le devuelva su tel\u00e9fono celular el cual supuestamente contiene recetas para controlar su condici\u00f3n de salud, pedido que le fue negado.<\/p>\n","protected":false},"excerpt":{"rendered":"<p>El exdirigente universitario, Max Mendoza Parra, falleci\u00f3 por complicaciones\u00a0por un problema de salud, seg\u00fan un comunicado de condolencias de la Central Obrera Boliviana (COB) emitido ayer; Mendoza cumpl\u00eda detenci\u00f3n domiciliaria tras ser encarcelado por denuncias de que permaneci\u00f3 en su cargo durante d\u00e9cadas. La partida del exdirigente se debi\u00f3 a complicaciones en su salud a [&hellip;]<\/p>\n","protected":false},"author":1,"featured_media":235916,"comment_status":"open","ping_status":"open","sticky":false,"template":"","format":"standard","meta":{"_acf_changed":false,"footnotes":""},"categories":[39],"tags":[],"class_list":["post-235915","post","type-post","status-publish","format-standard","has-post-thumbnail","category-sociedad"],"acf":{"antetitulo":"Por complicaciones de salud"},"yoast_head":"<!-- This site is optimized with the Yoast SEO plugin v28.4 - https:\/\/yoast.com\/product\/yoast-seo-wordpress\/ -->\n<title>Reportan muerte de exdirigente universitario Max Mendoza - El Diario - Bolivia<\/title>\n<meta name=\"robots\" content=\"index, follow, max-snippet:-1, max-image-preview:large, max-video-preview:-1\" \/>\n<link rel=\"canonical\" href=\"https:\/\/www.eldiario.net\/portal\/2024\/07\/24\/reportan-muerte-de-exdirigente-universitario-max-mendoza\/\" \/>\n<meta property=\"og:locale\" content=\"es_ES\" \/>\n<meta property=\"og:type\" content=\"article\" \/>\n<meta property=\"og:title\" content=\"Reportan muerte de exdirigente universitario Max Mendoza - El Diario - Bolivia\" \/>\n<meta property=\"og:description\" content=\"El exdirigente universitario, Max Mendoza Parra, falleci\u00f3 por complicaciones\u00a0por un problema de salud, seg\u00fan un comunicado de condolencias de la Central Obrera Boliviana (COB) emitido ayer; Mendoza cumpl\u00eda detenci\u00f3n domiciliaria tras ser encarcelado por denuncias de que permaneci\u00f3 en su cargo durante d\u00e9cadas. La partida del exdirigente se debi\u00f3 a complicaciones en su salud a [&hellip;]\" \/>\n<meta property=\"og:url\" content=\"https:\/\/www.eldiario.net\/portal\/2024\/07\/24\/reportan-muerte-de-exdirigente-universitario-max-mendoza\/\" \/>\n<meta property=\"og:site_name\" content=\"El Diario - Bolivia\" \/>\n<meta property=\"article:publisher\" content=\"https:\/\/www.facebook.com\/eldiario.bolivia\/\" \/>\n<meta property=\"article:published_time\" content=\"2024-07-24T10:08:10+00:00\" \/>\n<meta property=\"og:image\" content=\"https:\/\/www.eldiario.net\/portal\/wp-content\/uploads\/2024\/07\/24-MAX.jpg\" \/>\n\t<meta property=\"og:image:width\" content=\"585\" \/>\n\t<meta property=\"og:image:height\" content=\"520\" \/>\n\t<meta property=\"og:image:type\" content=\"image\/jpeg\" \/>\n<meta name=\"author\" content=\"Jeanette\" \/>\n<meta name=\"twitter:card\" content=\"summary_large_image\" \/>\n<meta name=\"twitter:creator\" content=\"@eldiario_net\" \/>\n<meta name=\"twitter:site\" content=\"@eldiario_net\" \/>\n<meta name=\"twitter:label1\" content=\"Escrito por\" \/>\n\t<meta name=\"twitter:data1\" content=\"Jeanette\" \/>\n\t<meta name=\"twitter:label2\" content=\"Tiempo de lectura\" \/>\n\t<meta name=\"twitter:data2\" content=\"2 minutos\" \/>\n<script type=\"application\/ld+json\" class=\"yoast-schema-graph\">{\"@context\":\"https:\\\/\\\/schema.org\",\"@graph\":[{\"@type\":\"Article\",\"@id\":\"https:\\\/\\\/www.eldiario.net\\\/portal\\\/2024\\\/07\\\/24\\\/reportan-muerte-de-exdirigente-universitario-max-mendoza\\\/#article\",\"isPartOf\":{\"@id\":\"https:\\\/\\\/www.eldiario.net\\\/portal\\\/2024\\\/07\\\/24\\\/reportan-muerte-de-exdirigente-universitario-max-mendoza\\\/\"},\"author\":{\"name\":\"Jeanette\",\"@id\":\"https:\\\/\\\/www.eldiario.net\\\/portal\\\/#\\\/schema\\\/person\\\/f46445640444750d7d753ccd04ae01b7\"},\"headline\":\"Reportan muerte de exdirigente universitario Max Mendoza\",\"datePublished\":\"2024-07-24T10:08:10+00:00\",\"mainEntityOfPage\":{\"@id\":\"https:\\\/\\\/www.eldiario.net\\\/portal\\\/2024\\\/07\\\/24\\\/reportan-muerte-de-exdirigente-universitario-max-mendoza\\\/\"},\"wordCount\":311,\"commentCount\":0,\"publisher\":{\"@id\":\"https:\\\/\\\/www.eldiario.net\\\/portal\\\/#organization\"},\"image\":{\"@id\":\"https:\\\/\\\/www.eldiario.net\\\/portal\\\/2024\\\/07\\\/24\\\/reportan-muerte-de-exdirigente-universitario-max-mendoza\\\/#primaryimage\"},\"thumbnailUrl\":\"https:\\\/\\\/www.eldiario.net\\\/portal\\\/wp-content\\\/uploads\\\/2024\\\/07\\\/24-MAX.jpg\",\"articleSection\":[\"Sociedad - Seguridad\"],\"inLanguage\":\"es\",\"potentialAction\":[{\"@type\":\"CommentAction\",\"name\":\"Comment\",\"target\":[\"https:\\\/\\\/www.eldiario.net\\\/portal\\\/2024\\\/07\\\/24\\\/reportan-muerte-de-exdirigente-universitario-max-mendoza\\\/#respond\"]}]},{\"@type\":\"WebPage\",\"@id\":\"https:\\\/\\\/www.eldiario.net\\\/portal\\\/2024\\\/07\\\/24\\\/reportan-muerte-de-exdirigente-universitario-max-mendoza\\\/\",\"url\":\"https:\\\/\\\/www.eldiario.net\\\/portal\\\/2024\\\/07\\\/24\\\/reportan-muerte-de-exdirigente-universitario-max-mendoza\\\/\",\"name\":\"Reportan muerte de exdirigente universitario Max Mendoza - El Diario - Bolivia\",\"isPartOf\":{\"@id\":\"https:\\\/\\\/www.eldiario.net\\\/portal\\\/#website\"},\"primaryImageOfPage\":{\"@id\":\"https:\\\/\\\/www.eldiario.net\\\/portal\\\/2024\\\/07\\\/24\\\/reportan-muerte-de-exdirigente-universitario-max-mendoza\\\/#primaryimage\"},\"image\":{\"@id\":\"https:\\\/\\\/www.eldiario.net\\\/portal\\\/2024\\\/07\\\/24\\\/reportan-muerte-de-exdirigente-universitario-max-mendoza\\\/#primaryimage\"},\"thumbnailUrl\":\"https:\\\/\\\/www.eldiario.net\\\/portal\\\/wp-content\\\/uploads\\\/2024\\\/07\\\/24-MAX.jpg\",\"datePublished\":\"2024-07-24T10:08:10+00:00\",\"breadcrumb\":{\"@id\":\"https:\\\/\\\/www.eldiario.net\\\/portal\\\/2024\\\/07\\\/24\\\/reportan-muerte-de-exdirigente-universitario-max-mendoza\\\/#breadcrumb\"},\"inLanguage\":\"es\",\"potentialAction\":[{\"@type\":\"ReadAction\",\"target\":[\"https:\\\/\\\/www.eldiario.net\\\/portal\\\/2024\\\/07\\\/24\\\/reportan-muerte-de-exdirigente-universitario-max-mendoza\\\/\"]}]},{\"@type\":\"ImageObject\",\"inLanguage\":\"es\",\"@id\":\"https:\\\/\\\/www.eldiario.net\\\/portal\\\/2024\\\/07\\\/24\\\/reportan-muerte-de-exdirigente-universitario-max-mendoza\\\/#primaryimage\",\"url\":\"https:\\\/\\\/www.eldiario.net\\\/portal\\\/wp-content\\\/uploads\\\/2024\\\/07\\\/24-MAX.jpg\",\"contentUrl\":\"https:\\\/\\\/www.eldiario.net\\\/portal\\\/wp-content\\\/uploads\\\/2024\\\/07\\\/24-MAX.jpg\",\"width\":585,\"height\":520,\"caption\":\"Mendoza fue el m\u00e1ximo dirigente universitario hasta 2022.\"},{\"@type\":\"BreadcrumbList\",\"@id\":\"https:\\\/\\\/www.eldiario.net\\\/portal\\\/2024\\\/07\\\/24\\\/reportan-muerte-de-exdirigente-universitario-max-mendoza\\\/#breadcrumb\",\"itemListElement\":[{\"@type\":\"ListItem\",\"position\":1,\"name\":\"Portada\",\"item\":\"https:\\\/\\\/www.eldiario.net\\\/portal\\\/\"},{\"@type\":\"ListItem\",\"position\":2,\"name\":\"Reportan muerte de exdirigente universitario Max Mendoza\"}]},{\"@type\":\"WebSite\",\"@id\":\"https:\\\/\\\/www.eldiario.net\\\/portal\\\/#website\",\"url\":\"https:\\\/\\\/www.eldiario.net\\\/portal\\\/\",\"name\":\"El Diario - Decano de la prensa nacional\",\"description\":\"El Diario - Decano de la prensa nacional\",\"publisher\":{\"@id\":\"https:\\\/\\\/www.eldiario.net\\\/portal\\\/#organization\"},\"potentialAction\":[{\"@type\":\"SearchAction\",\"target\":{\"@type\":\"EntryPoint\",\"urlTemplate\":\"https:\\\/\\\/www.eldiario.net\\\/portal\\\/?s={search_term_string}\"},\"query-input\":{\"@type\":\"PropertyValueSpecification\",\"valueRequired\":true,\"valueName\":\"search_term_string\"}}],\"inLanguage\":\"es\"},{\"@type\":\"Organization\",\"@id\":\"https:\\\/\\\/www.eldiario.net\\\/portal\\\/#organization\",\"name\":\"El Diario - Decano de la prensa nacional\",\"url\":\"https:\\\/\\\/www.eldiario.net\\\/portal\\\/\",\"logo\":{\"@type\":\"ImageObject\",\"inLanguage\":\"es\",\"@id\":\"https:\\\/\\\/www.eldiario.net\\\/portal\\\/#\\\/schema\\\/logo\\\/image\\\/\",\"url\":\"https:\\\/\\\/www.eldiario.net\\\/portal\\\/wp-content\\\/uploads\\\/2023\\\/07\\\/logo_ED.jpg\",\"contentUrl\":\"https:\\\/\\\/www.eldiario.net\\\/portal\\\/wp-content\\\/uploads\\\/2023\\\/07\\\/logo_ED.jpg\",\"width\":272,\"height\":52,\"caption\":\"El Diario - Decano de la prensa nacional\"},\"image\":{\"@id\":\"https:\\\/\\\/www.eldiario.net\\\/portal\\\/#\\\/schema\\\/logo\\\/image\\\/\"},\"sameAs\":[\"https:\\\/\\\/www.facebook.com\\\/eldiario.bolivia\\\/\",\"https:\\\/\\\/x.com\\\/eldiario_net\"]},{\"@type\":\"Person\",\"@id\":\"https:\\\/\\\/www.eldiario.net\\\/portal\\\/#\\\/schema\\\/person\\\/f46445640444750d7d753ccd04ae01b7\",\"name\":\"Jeanette\",\"image\":{\"@type\":\"ImageObject\",\"inLanguage\":\"es\",\"@id\":\"https:\\\/\\\/secure.gravatar.com\\\/avatar\\\/3ea2118a5f7dad2b7138b1187a6b7ee55f160b9968b66013c3a3ef39dd7e5798?s=96&d=mm&r=g\",\"url\":\"https:\\\/\\\/secure.gravatar.com\\\/avatar\\\/3ea2118a5f7dad2b7138b1187a6b7ee55f160b9968b66013c3a3ef39dd7e5798?s=96&d=mm&r=g\",\"contentUrl\":\"https:\\\/\\\/secure.gravatar.com\\\/avatar\\\/3ea2118a5f7dad2b7138b1187a6b7ee55f160b9968b66013c3a3ef39dd7e5798?s=96&d=mm&r=g\",\"caption\":\"Jeanette\"},\"sameAs\":[\"https:\\\/\\\/www.eldiario.net\\\/portal\"],\"url\":\"https:\\\/\\\/www.eldiario.net\\\/portal\\\/author\\\/jeanette\\\/\"}]}<\/script>\n<!-- \/ Yoast SEO plugin. -->","yoast_head_json":{"title":"Reportan muerte de exdirigente universitario Max Mendoza - El Diario - Bolivia","robots":{"index":"index","follow":"follow","max-snippet":"max-snippet:-1","max-image-preview":"max-image-preview:large","max-video-preview":"max-video-preview:-1"},"canonical":"https:\/\/www.eldiario.net\/portal\/2024\/07\/24\/reportan-muerte-de-exdirigente-universitario-max-mendoza\/","og_locale":"es_ES","og_type":"article","og_title":"Reportan muerte de exdirigente universitario Max Mendoza - El Diario - Bolivia","og_description":"El exdirigente universitario, Max Mendoza Parra, falleci\u00f3 por complicaciones\u00a0por un problema de salud, seg\u00fan un comunicado de condolencias de la Central Obrera Boliviana (COB) emitido ayer; Mendoza cumpl\u00eda detenci\u00f3n domiciliaria tras ser encarcelado por denuncias de que permaneci\u00f3 en su cargo durante d\u00e9cadas. La partida del exdirigente se debi\u00f3 a complicaciones en su salud a [&hellip;]","og_url":"https:\/\/www.eldiario.net\/portal\/2024\/07\/24\/reportan-muerte-de-exdirigente-universitario-max-mendoza\/","og_site_name":"El Diario - Bolivia","article_publisher":"https:\/\/www.facebook.com\/eldiario.bolivia\/","article_published_time":"2024-07-24T10:08:10+00:00","og_image":[{"width":585,"height":520,"url":"https:\/\/www.eldiario.net\/portal\/wp-content\/uploads\/2024\/07\/24-MAX.jpg","type":"image\/jpeg"}],"author":"Jeanette","twitter_card":"summary_large_image","twitter_creator":"@eldiario_net","twitter_site":"@eldiario_net","twitter_misc":{"Escrito por":"Jeanette","Tiempo de lectura":"2 minutos"},"schema":{"@context":"https:\/\/schema.org","@graph":[{"@type":"Article","@id":"https:\/\/www.eldiario.net\/portal\/2024\/07\/24\/reportan-muerte-de-exdirigente-universitario-max-mendoza\/#article","isPartOf":{"@id":"https:\/\/www.eldiario.net\/portal\/2024\/07\/24\/reportan-muerte-de-exdirigente-universitario-max-mendoza\/"},"author":{"name":"Jeanette","@id":"https:\/\/www.eldiario.net\/portal\/#\/schema\/person\/f46445640444750d7d753ccd04ae01b7"},"headline":"Reportan muerte de exdirigente universitario Max Mendoza","datePublished":"2024-07-24T10:08:10+00:00","mainEntityOfPage":{"@id":"https:\/\/www.eldiario.net\/portal\/2024\/07\/24\/reportan-muerte-de-exdirigente-universitario-max-mendoza\/"},"wordCount":311,"commentCount":0,"publisher":{"@id":"https:\/\/www.eldiario.net\/portal\/#organization"},"image":{"@id":"https:\/\/www.eldiario.net\/portal\/2024\/07\/24\/reportan-muerte-de-exdirigente-universitario-max-mendoza\/#primaryimage"},"thumbnailUrl":"https:\/\/www.eldiario.net\/portal\/wp-content\/uploads\/2024\/07\/24-MAX.jpg","articleSection":["Sociedad - Seguridad"],"inLanguage":"es","potentialAction":[{"@type":"CommentAction","name":"Comment","target":["https:\/\/www.eldiario.net\/portal\/2024\/07\/24\/reportan-muerte-de-exdirigente-universitario-max-mendoza\/#respond"]}]},{"@type":"WebPage","@id":"https:\/\/www.eldiario.net\/portal\/2024\/07\/24\/reportan-muerte-de-exdirigente-universitario-max-mendoza\/","url":"https:\/\/www.eldiario.net\/portal\/2024\/07\/24\/reportan-muerte-de-exdirigente-universitario-max-mendoza\/","name":"Reportan muerte de exdirigente universitario Max Mendoza - El Diario - Bolivia","isPartOf":{"@id":"https:\/\/www.eldiario.net\/portal\/#website"},"primaryImageOfPage":{"@id":"https:\/\/www.eldiario.net\/portal\/2024\/07\/24\/reportan-muerte-de-exdirigente-universitario-max-mendoza\/#primaryimage"},"image":{"@id":"https:\/\/www.eldiario.net\/portal\/2024\/07\/24\/reportan-muerte-de-exdirigente-universitario-max-mendoza\/#primaryimage"},"thumbnailUrl":"https:\/\/www.eldiario.net\/portal\/wp-content\/uploads\/2024\/07\/24-MAX.jpg","datePublished":"2024-07-24T10:08:10+00:00","breadcrumb":{"@id":"https:\/\/www.eldiario.net\/portal\/2024\/07\/24\/reportan-muerte-de-exdirigente-universitario-max-mendoza\/#breadcrumb"},"inLanguage":"es","potentialAction":[{"@type":"ReadAction","target":["https:\/\/www.eldiario.net\/portal\/2024\/07\/24\/reportan-muerte-de-exdirigente-universitario-max-mendoza\/"]}]},{"@type":"ImageObject","inLanguage":"es","@id":"https:\/\/www.eldiario.net\/portal\/2024\/07\/24\/reportan-muerte-de-exdirigente-universitario-max-mendoza\/#primaryimage","url":"https:\/\/www.eldiario.net\/portal\/wp-content\/uploads\/2024\/07\/24-MAX.jpg","contentUrl":"https:\/\/www.eldiario.net\/portal\/wp-content\/uploads\/2024\/07\/24-MAX.jpg","width":585,"height":520,"caption":"Mendoza fue el m\u00e1ximo dirigente universitario hasta 2022."},{"@type":"BreadcrumbList","@id":"https:\/\/www.eldiario.net\/portal\/2024\/07\/24\/reportan-muerte-de-exdirigente-universitario-max-mendoza\/#breadcrumb","itemListElement":[{"@type":"ListItem","position":1,"name":"Portada","item":"https:\/\/www.eldiario.net\/portal\/"},{"@type":"ListItem","position":2,"name":"Reportan muerte de exdirigente universitario Max Mendoza"}]},{"@type":"WebSite","@id":"https:\/\/www.eldiario.net\/portal\/#website","url":"https:\/\/www.eldiario.net\/portal\/","name":"El Diario - Decano de la prensa nacional","description":"El Diario - Decano de la prensa nacional","publisher":{"@id":"https:\/\/www.eldiario.net\/portal\/#organization"},"potentialAction":[{"@type":"SearchAction","target":{"@type":"EntryPoint","urlTemplate":"https:\/\/www.eldiario.net\/portal\/?s={search_term_string}"},"query-input":{"@type":"PropertyValueSpecification","valueRequired":true,"valueName":"search_term_string"}}],"inLanguage":"es"},{"@type":"Organization","@id":"https:\/\/www.eldiario.net\/portal\/#organization","name":"El Diario - Decano de la prensa nacional","url":"https:\/\/www.eldiario.net\/portal\/","logo":{"@type":"ImageObject","inLanguage":"es","@id":"https:\/\/www.eldiario.net\/portal\/#\/schema\/logo\/image\/","url":"https:\/\/www.eldiario.net\/portal\/wp-content\/uploads\/2023\/07\/logo_ED.jpg","contentUrl":"https:\/\/www.eldiario.net\/portal\/wp-content\/uploads\/2023\/07\/logo_ED.jpg","width":272,"height":52,"caption":"El Diario - Decano de la prensa nacional"},"image":{"@id":"https:\/\/www.eldiario.net\/portal\/#\/schema\/logo\/image\/"},"sameAs":["https:\/\/www.facebook.com\/eldiario.bolivia\/","https:\/\/x.com\/eldiario_net"]},{"@type":"Person","@id":"https:\/\/www.eldiario.net\/portal\/#\/schema\/person\/f46445640444750d7d753ccd04ae01b7","name":"Jeanette","image":{"@type":"ImageObject","inLanguage":"es","@id":"https:\/\/secure.gravatar.com\/avatar\/3ea2118a5f7dad2b7138b1187a6b7ee55f160b9968b66013c3a3ef39dd7e5798?s=96&d=mm&r=g","url":"https:\/\/secure.gravatar.com\/avatar\/3ea2118a5f7dad2b7138b1187a6b7ee55f160b9968b66013c3a3ef39dd7e5798?s=96&d=mm&r=g","contentUrl":"https:\/\/secure.gravatar.com\/avatar\/3ea2118a5f7dad2b7138b1187a6b7ee55f160b9968b66013c3a3ef39dd7e5798?s=96&d=mm&r=g","caption":"Jeanette"},"sameAs":["https:\/\/www.eldiario.net\/portal"],"url":"https:\/\/www.eldiario.net\/portal\/author\/jeanette\/"}]}},"_links":{"self":[{"href":"https:\/\/www.eldiario.net\/portal\/wp-json\/wp\/v2\/posts\/235915","targetHints":{"allow":["GET"]}}],"collection":[{"href":"https:\/\/www.eldiario.net\/portal\/wp-json\/wp\/v2\/posts"}],"about":[{"href":"https:\/\/www.eldiario.net\/portal\/wp-json\/wp\/v2\/types\/post"}],"author":[{"embeddable":true,"href":"https:\/\/www.eldiario.net\/portal\/wp-json\/wp\/v2\/users\/1"}],"replies":[{"embeddable":true,"href":"https:\/\/www.eldiario.net\/portal\/wp-json\/wp\/v2\/comments?post=235915"}],"version-history":[{"count":1,"href":"https:\/\/www.eldiario.net\/portal\/wp-json\/wp\/v2\/posts\/235915\/revisions"}],"predecessor-version":[{"id":235917,"href":"https:\/\/www.eldiario.net\/portal\/wp-json\/wp\/v2\/posts\/235915\/revisions\/235917"}],"wp:featuredmedia":[{"embeddable":true,"href":"https:\/\/www.eldiario.net\/portal\/wp-json\/wp\/v2\/media\/235916"}],"wp:attachment":[{"href":"https:\/\/www.eldiario.net\/portal\/wp-json\/wp\/v2\/media?parent=235915"}],"wp:term":[{"taxonomy":"category","embeddable":true,"href":"https:\/\/www.eldiario.net\/portal\/wp-json\/wp\/v2\/categories?post=235915"},{"taxonomy":"post_tag","embeddable":true,"href":"https:\/\/www.eldiario.net\/portal\/wp-json\/wp\/v2\/tags?post=235915"}],"curies":[{"name":"wp","href":"https:\/\/api.w.org\/{rel}","templated":true}]}}