{"id":235912,"date":"2024-07-24T06:07:34","date_gmt":"2024-07-24T10:07:34","guid":{"rendered":"https:\/\/www.eldiario.net\/portal\/?p=235912"},"modified":"2024-07-24T06:07:34","modified_gmt":"2024-07-24T10:07:34","slug":"lanchipa-firma-acuerdo-para-oficinas-fiscales-en-toro-toro","status":"publish","type":"post","link":"https:\/\/www.eldiario.net\/portal\/2024\/07\/24\/lanchipa-firma-acuerdo-para-oficinas-fiscales-en-toro-toro\/","title":{"rendered":"Lanchipa firma acuerdo para oficinas fiscales en Toro Toro"},"content":{"rendered":"<p>El fiscal general del Estado, Juan Lanchipa, suscribi\u00f3 ayer un convenio con el Alcalde del Gobierno Aut\u00f3nomo Municipal de Toro Toro, Hern\u00e1n Colque Mendoza, para el funcionamiento de oficinas de la Fiscal\u00eda dentro del inmueble de propiedad municipal.<br \/>\nEl convenio firmado entre las autoridades tiene como objetivo establecer mecanismos de cooperaci\u00f3n interinstitucional y ayudar tanto a efectivizar como a optimizar las funciones del Ministerio P\u00fablico.<br \/>\nPara tal fin, la Alcald\u00eda de Toro Toro se comprometi\u00f3 a otorgar, en calidad de pr\u00e9stamo, ambientes del inmueble municipal ubicado en calle Cochabamba, entre Charcas y Potos\u00ed, para que las oficinas de la Fiscal\u00eda puedan funcionar en los pr\u00f3ximos d\u00edas con todo el equipamiento necesario, afirm\u00f3 Lanchipa.<br \/>\nPor su parte, Colque manifest\u00f3 que al municipio de Toro Toro le resultaba un \u201cproblema ir hasta San Pedro de Buenaventura o hasta Unc\u00eda\u201d para acudir al Ministerio P\u00fablico, por lo que ahora podr\u00e1n tener una instalaci\u00f3n propia, gracias a su gesti\u00f3n y el trabajo de la fiscal departamental de Potos\u00ed, Roxana Choque, como de Lanchipa.<br \/>\nSeg\u00fan aseguraron las autoridades, el convenio favorecer\u00e1 positivamente a la ciudad como a regiones aleda\u00f1as, pues las v\u00edctimas ya no deber\u00e1n peregrinar en busca de justicia. El Fiscal General celebr\u00f3 el acto manifestando que fue un \u201chito hist\u00f3rico\u201d poder \u201ctraer la justicia\u201d a Toro Toro.<\/p>\n","protected":false},"excerpt":{"rendered":"<p>El fiscal general del Estado, Juan Lanchipa, suscribi\u00f3 ayer un convenio con el Alcalde del Gobierno Aut\u00f3nomo Municipal de Toro Toro, Hern\u00e1n Colque Mendoza, para el funcionamiento de oficinas de la Fiscal\u00eda dentro del inmueble de propiedad municipal. El convenio firmado entre las autoridades tiene como objetivo establecer mecanismos de cooperaci\u00f3n interinstitucional y ayudar tanto [&hellip;]<\/p>\n","protected":false},"author":1,"featured_media":235913,"comment_status":"open","ping_status":"open","sticky":false,"template":"","format":"standard","meta":{"_acf_changed":false,"footnotes":""},"categories":[39],"tags":[],"class_list":["post-235912","post","type-post","status-publish","format-standard","has-post-thumbnail","category-sociedad"],"acf":{"antetitulo":"Potos\u00ed"},"yoast_head":"<!-- This site is optimized with the Yoast SEO plugin v28.4 - https:\/\/yoast.com\/product\/yoast-seo-wordpress\/ -->\n<title>Lanchipa firma acuerdo para oficinas fiscales en Toro Toro - El Diario - Bolivia<\/title>\n<meta name=\"robots\" content=\"index, follow, max-snippet:-1, max-image-preview:large, max-video-preview:-1\" \/>\n<link rel=\"canonical\" href=\"https:\/\/www.eldiario.net\/portal\/2024\/07\/24\/lanchipa-firma-acuerdo-para-oficinas-fiscales-en-toro-toro\/\" \/>\n<meta property=\"og:locale\" content=\"es_ES\" \/>\n<meta property=\"og:type\" content=\"article\" \/>\n<meta property=\"og:title\" content=\"Lanchipa firma acuerdo para oficinas fiscales en Toro Toro - El Diario - Bolivia\" \/>\n<meta property=\"og:description\" content=\"El fiscal general del Estado, Juan Lanchipa, suscribi\u00f3 ayer un convenio con el Alcalde del Gobierno Aut\u00f3nomo Municipal de Toro Toro, Hern\u00e1n Colque Mendoza, para el funcionamiento de oficinas de la Fiscal\u00eda dentro del inmueble de propiedad municipal. El convenio firmado entre las autoridades tiene como objetivo establecer mecanismos de cooperaci\u00f3n interinstitucional y ayudar tanto [&hellip;]\" \/>\n<meta property=\"og:url\" content=\"https:\/\/www.eldiario.net\/portal\/2024\/07\/24\/lanchipa-firma-acuerdo-para-oficinas-fiscales-en-toro-toro\/\" \/>\n<meta property=\"og:site_name\" content=\"El Diario - Bolivia\" \/>\n<meta property=\"article:publisher\" content=\"https:\/\/www.facebook.com\/eldiario.bolivia\/\" \/>\n<meta property=\"article:published_time\" content=\"2024-07-24T10:07:34+00:00\" \/>\n<meta property=\"og:image\" content=\"https:\/\/www.eldiario.net\/portal\/wp-content\/uploads\/2024\/07\/24-TOR.jpg\" \/>\n\t<meta property=\"og:image:width\" content=\"1273\" \/>\n\t<meta property=\"og:image:height\" content=\"915\" \/>\n\t<meta property=\"og:image:type\" content=\"image\/jpeg\" \/>\n<meta name=\"author\" content=\"Jeanette\" \/>\n<meta name=\"twitter:card\" content=\"summary_large_image\" \/>\n<meta name=\"twitter:creator\" content=\"@eldiario_net\" \/>\n<meta name=\"twitter:site\" content=\"@eldiario_net\" \/>\n<meta name=\"twitter:label1\" content=\"Escrito por\" \/>\n\t<meta name=\"twitter:data1\" content=\"Jeanette\" \/>\n\t<meta name=\"twitter:label2\" content=\"Tiempo de lectura\" \/>\n\t<meta name=\"twitter:data2\" content=\"2 minutos\" \/>\n<script type=\"application\/ld+json\" class=\"yoast-schema-graph\">{\"@context\":\"https:\\\/\\\/schema.org\",\"@graph\":[{\"@type\":\"Article\",\"@id\":\"https:\\\/\\\/www.eldiario.net\\\/portal\\\/2024\\\/07\\\/24\\\/lanchipa-firma-acuerdo-para-oficinas-fiscales-en-toro-toro\\\/#article\",\"isPartOf\":{\"@id\":\"https:\\\/\\\/www.eldiario.net\\\/portal\\\/2024\\\/07\\\/24\\\/lanchipa-firma-acuerdo-para-oficinas-fiscales-en-toro-toro\\\/\"},\"author\":{\"name\":\"Jeanette\",\"@id\":\"https:\\\/\\\/www.eldiario.net\\\/portal\\\/#\\\/schema\\\/person\\\/f46445640444750d7d753ccd04ae01b7\"},\"headline\":\"Lanchipa firma acuerdo para oficinas fiscales en Toro Toro\",\"datePublished\":\"2024-07-24T10:07:34+00:00\",\"mainEntityOfPage\":{\"@id\":\"https:\\\/\\\/www.eldiario.net\\\/portal\\\/2024\\\/07\\\/24\\\/lanchipa-firma-acuerdo-para-oficinas-fiscales-en-toro-toro\\\/\"},\"wordCount\":243,\"commentCount\":0,\"publisher\":{\"@id\":\"https:\\\/\\\/www.eldiario.net\\\/portal\\\/#organization\"},\"image\":{\"@id\":\"https:\\\/\\\/www.eldiario.net\\\/portal\\\/2024\\\/07\\\/24\\\/lanchipa-firma-acuerdo-para-oficinas-fiscales-en-toro-toro\\\/#primaryimage\"},\"thumbnailUrl\":\"https:\\\/\\\/www.eldiario.net\\\/portal\\\/wp-content\\\/uploads\\\/2024\\\/07\\\/24-TOR.jpg\",\"articleSection\":[\"Sociedad - Seguridad\"],\"inLanguage\":\"es\",\"potentialAction\":[{\"@type\":\"CommentAction\",\"name\":\"Comment\",\"target\":[\"https:\\\/\\\/www.eldiario.net\\\/portal\\\/2024\\\/07\\\/24\\\/lanchipa-firma-acuerdo-para-oficinas-fiscales-en-toro-toro\\\/#respond\"]}]},{\"@type\":\"WebPage\",\"@id\":\"https:\\\/\\\/www.eldiario.net\\\/portal\\\/2024\\\/07\\\/24\\\/lanchipa-firma-acuerdo-para-oficinas-fiscales-en-toro-toro\\\/\",\"url\":\"https:\\\/\\\/www.eldiario.net\\\/portal\\\/2024\\\/07\\\/24\\\/lanchipa-firma-acuerdo-para-oficinas-fiscales-en-toro-toro\\\/\",\"name\":\"Lanchipa firma acuerdo para oficinas fiscales en Toro Toro - El Diario - Bolivia\",\"isPartOf\":{\"@id\":\"https:\\\/\\\/www.eldiario.net\\\/portal\\\/#website\"},\"primaryImageOfPage\":{\"@id\":\"https:\\\/\\\/www.eldiario.net\\\/portal\\\/2024\\\/07\\\/24\\\/lanchipa-firma-acuerdo-para-oficinas-fiscales-en-toro-toro\\\/#primaryimage\"},\"image\":{\"@id\":\"https:\\\/\\\/www.eldiario.net\\\/portal\\\/2024\\\/07\\\/24\\\/lanchipa-firma-acuerdo-para-oficinas-fiscales-en-toro-toro\\\/#primaryimage\"},\"thumbnailUrl\":\"https:\\\/\\\/www.eldiario.net\\\/portal\\\/wp-content\\\/uploads\\\/2024\\\/07\\\/24-TOR.jpg\",\"datePublished\":\"2024-07-24T10:07:34+00:00\",\"breadcrumb\":{\"@id\":\"https:\\\/\\\/www.eldiario.net\\\/portal\\\/2024\\\/07\\\/24\\\/lanchipa-firma-acuerdo-para-oficinas-fiscales-en-toro-toro\\\/#breadcrumb\"},\"inLanguage\":\"es\",\"potentialAction\":[{\"@type\":\"ReadAction\",\"target\":[\"https:\\\/\\\/www.eldiario.net\\\/portal\\\/2024\\\/07\\\/24\\\/lanchipa-firma-acuerdo-para-oficinas-fiscales-en-toro-toro\\\/\"]}]},{\"@type\":\"ImageObject\",\"inLanguage\":\"es\",\"@id\":\"https:\\\/\\\/www.eldiario.net\\\/portal\\\/2024\\\/07\\\/24\\\/lanchipa-firma-acuerdo-para-oficinas-fiscales-en-toro-toro\\\/#primaryimage\",\"url\":\"https:\\\/\\\/www.eldiario.net\\\/portal\\\/wp-content\\\/uploads\\\/2024\\\/07\\\/24-TOR.jpg\",\"contentUrl\":\"https:\\\/\\\/www.eldiario.net\\\/portal\\\/wp-content\\\/uploads\\\/2024\\\/07\\\/24-TOR.jpg\",\"width\":1273,\"height\":915},{\"@type\":\"BreadcrumbList\",\"@id\":\"https:\\\/\\\/www.eldiario.net\\\/portal\\\/2024\\\/07\\\/24\\\/lanchipa-firma-acuerdo-para-oficinas-fiscales-en-toro-toro\\\/#breadcrumb\",\"itemListElement\":[{\"@type\":\"ListItem\",\"position\":1,\"name\":\"Portada\",\"item\":\"https:\\\/\\\/www.eldiario.net\\\/portal\\\/\"},{\"@type\":\"ListItem\",\"position\":2,\"name\":\"Lanchipa firma acuerdo para oficinas fiscales en Toro Toro\"}]},{\"@type\":\"WebSite\",\"@id\":\"https:\\\/\\\/www.eldiario.net\\\/portal\\\/#website\",\"url\":\"https:\\\/\\\/www.eldiario.net\\\/portal\\\/\",\"name\":\"El Diario - Decano de la prensa nacional\",\"description\":\"El Diario - Decano de la prensa nacional\",\"publisher\":{\"@id\":\"https:\\\/\\\/www.eldiario.net\\\/portal\\\/#organization\"},\"potentialAction\":[{\"@type\":\"SearchAction\",\"target\":{\"@type\":\"EntryPoint\",\"urlTemplate\":\"https:\\\/\\\/www.eldiario.net\\\/portal\\\/?s={search_term_string}\"},\"query-input\":{\"@type\":\"PropertyValueSpecification\",\"valueRequired\":true,\"valueName\":\"search_term_string\"}}],\"inLanguage\":\"es\"},{\"@type\":\"Organization\",\"@id\":\"https:\\\/\\\/www.eldiario.net\\\/portal\\\/#organization\",\"name\":\"El Diario - Decano de la prensa nacional\",\"url\":\"https:\\\/\\\/www.eldiario.net\\\/portal\\\/\",\"logo\":{\"@type\":\"ImageObject\",\"inLanguage\":\"es\",\"@id\":\"https:\\\/\\\/www.eldiario.net\\\/portal\\\/#\\\/schema\\\/logo\\\/image\\\/\",\"url\":\"https:\\\/\\\/www.eldiario.net\\\/portal\\\/wp-content\\\/uploads\\\/2023\\\/07\\\/logo_ED.jpg\",\"contentUrl\":\"https:\\\/\\\/www.eldiario.net\\\/portal\\\/wp-content\\\/uploads\\\/2023\\\/07\\\/logo_ED.jpg\",\"width\":272,\"height\":52,\"caption\":\"El Diario - Decano de la prensa nacional\"},\"image\":{\"@id\":\"https:\\\/\\\/www.eldiario.net\\\/portal\\\/#\\\/schema\\\/logo\\\/image\\\/\"},\"sameAs\":[\"https:\\\/\\\/www.facebook.com\\\/eldiario.bolivia\\\/\",\"https:\\\/\\\/x.com\\\/eldiario_net\"]},{\"@type\":\"Person\",\"@id\":\"https:\\\/\\\/www.eldiario.net\\\/portal\\\/#\\\/schema\\\/person\\\/f46445640444750d7d753ccd04ae01b7\",\"name\":\"Jeanette\",\"image\":{\"@type\":\"ImageObject\",\"inLanguage\":\"es\",\"@id\":\"https:\\\/\\\/secure.gravatar.com\\\/avatar\\\/3ea2118a5f7dad2b7138b1187a6b7ee55f160b9968b66013c3a3ef39dd7e5798?s=96&d=mm&r=g\",\"url\":\"https:\\\/\\\/secure.gravatar.com\\\/avatar\\\/3ea2118a5f7dad2b7138b1187a6b7ee55f160b9968b66013c3a3ef39dd7e5798?s=96&d=mm&r=g\",\"contentUrl\":\"https:\\\/\\\/secure.gravatar.com\\\/avatar\\\/3ea2118a5f7dad2b7138b1187a6b7ee55f160b9968b66013c3a3ef39dd7e5798?s=96&d=mm&r=g\",\"caption\":\"Jeanette\"},\"sameAs\":[\"https:\\\/\\\/www.eldiario.net\\\/portal\"],\"url\":\"https:\\\/\\\/www.eldiario.net\\\/portal\\\/author\\\/jeanette\\\/\"}]}<\/script>\n<!-- \/ Yoast SEO plugin. -->","yoast_head_json":{"title":"Lanchipa firma acuerdo para oficinas fiscales en Toro Toro - El Diario - Bolivia","robots":{"index":"index","follow":"follow","max-snippet":"max-snippet:-1","max-image-preview":"max-image-preview:large","max-video-preview":"max-video-preview:-1"},"canonical":"https:\/\/www.eldiario.net\/portal\/2024\/07\/24\/lanchipa-firma-acuerdo-para-oficinas-fiscales-en-toro-toro\/","og_locale":"es_ES","og_type":"article","og_title":"Lanchipa firma acuerdo para oficinas fiscales en Toro Toro - El Diario - Bolivia","og_description":"El fiscal general del Estado, Juan Lanchipa, suscribi\u00f3 ayer un convenio con el Alcalde del Gobierno Aut\u00f3nomo Municipal de Toro Toro, Hern\u00e1n Colque Mendoza, para el funcionamiento de oficinas de la Fiscal\u00eda dentro del inmueble de propiedad municipal. El convenio firmado entre las autoridades tiene como objetivo establecer mecanismos de cooperaci\u00f3n interinstitucional y ayudar tanto [&hellip;]","og_url":"https:\/\/www.eldiario.net\/portal\/2024\/07\/24\/lanchipa-firma-acuerdo-para-oficinas-fiscales-en-toro-toro\/","og_site_name":"El Diario - Bolivia","article_publisher":"https:\/\/www.facebook.com\/eldiario.bolivia\/","article_published_time":"2024-07-24T10:07:34+00:00","og_image":[{"width":1273,"height":915,"url":"https:\/\/www.eldiario.net\/portal\/wp-content\/uploads\/2024\/07\/24-TOR.jpg","type":"image\/jpeg"}],"author":"Jeanette","twitter_card":"summary_large_image","twitter_creator":"@eldiario_net","twitter_site":"@eldiario_net","twitter_misc":{"Escrito por":"Jeanette","Tiempo de lectura":"2 minutos"},"schema":{"@context":"https:\/\/schema.org","@graph":[{"@type":"Article","@id":"https:\/\/www.eldiario.net\/portal\/2024\/07\/24\/lanchipa-firma-acuerdo-para-oficinas-fiscales-en-toro-toro\/#article","isPartOf":{"@id":"https:\/\/www.eldiario.net\/portal\/2024\/07\/24\/lanchipa-firma-acuerdo-para-oficinas-fiscales-en-toro-toro\/"},"author":{"name":"Jeanette","@id":"https:\/\/www.eldiario.net\/portal\/#\/schema\/person\/f46445640444750d7d753ccd04ae01b7"},"headline":"Lanchipa firma acuerdo para oficinas fiscales en Toro Toro","datePublished":"2024-07-24T10:07:34+00:00","mainEntityOfPage":{"@id":"https:\/\/www.eldiario.net\/portal\/2024\/07\/24\/lanchipa-firma-acuerdo-para-oficinas-fiscales-en-toro-toro\/"},"wordCount":243,"commentCount":0,"publisher":{"@id":"https:\/\/www.eldiario.net\/portal\/#organization"},"image":{"@id":"https:\/\/www.eldiario.net\/portal\/2024\/07\/24\/lanchipa-firma-acuerdo-para-oficinas-fiscales-en-toro-toro\/#primaryimage"},"thumbnailUrl":"https:\/\/www.eldiario.net\/portal\/wp-content\/uploads\/2024\/07\/24-TOR.jpg","articleSection":["Sociedad - Seguridad"],"inLanguage":"es","potentialAction":[{"@type":"CommentAction","name":"Comment","target":["https:\/\/www.eldiario.net\/portal\/2024\/07\/24\/lanchipa-firma-acuerdo-para-oficinas-fiscales-en-toro-toro\/#respond"]}]},{"@type":"WebPage","@id":"https:\/\/www.eldiario.net\/portal\/2024\/07\/24\/lanchipa-firma-acuerdo-para-oficinas-fiscales-en-toro-toro\/","url":"https:\/\/www.eldiario.net\/portal\/2024\/07\/24\/lanchipa-firma-acuerdo-para-oficinas-fiscales-en-toro-toro\/","name":"Lanchipa firma acuerdo para oficinas fiscales en Toro Toro - El Diario - Bolivia","isPartOf":{"@id":"https:\/\/www.eldiario.net\/portal\/#website"},"primaryImageOfPage":{"@id":"https:\/\/www.eldiario.net\/portal\/2024\/07\/24\/lanchipa-firma-acuerdo-para-oficinas-fiscales-en-toro-toro\/#primaryimage"},"image":{"@id":"https:\/\/www.eldiario.net\/portal\/2024\/07\/24\/lanchipa-firma-acuerdo-para-oficinas-fiscales-en-toro-toro\/#primaryimage"},"thumbnailUrl":"https:\/\/www.eldiario.net\/portal\/wp-content\/uploads\/2024\/07\/24-TOR.jpg","datePublished":"2024-07-24T10:07:34+00:00","breadcrumb":{"@id":"https:\/\/www.eldiario.net\/portal\/2024\/07\/24\/lanchipa-firma-acuerdo-para-oficinas-fiscales-en-toro-toro\/#breadcrumb"},"inLanguage":"es","potentialAction":[{"@type":"ReadAction","target":["https:\/\/www.eldiario.net\/portal\/2024\/07\/24\/lanchipa-firma-acuerdo-para-oficinas-fiscales-en-toro-toro\/"]}]},{"@type":"ImageObject","inLanguage":"es","@id":"https:\/\/www.eldiario.net\/portal\/2024\/07\/24\/lanchipa-firma-acuerdo-para-oficinas-fiscales-en-toro-toro\/#primaryimage","url":"https:\/\/www.eldiario.net\/portal\/wp-content\/uploads\/2024\/07\/24-TOR.jpg","contentUrl":"https:\/\/www.eldiario.net\/portal\/wp-content\/uploads\/2024\/07\/24-TOR.jpg","width":1273,"height":915},{"@type":"BreadcrumbList","@id":"https:\/\/www.eldiario.net\/portal\/2024\/07\/24\/lanchipa-firma-acuerdo-para-oficinas-fiscales-en-toro-toro\/#breadcrumb","itemListElement":[{"@type":"ListItem","position":1,"name":"Portada","item":"https:\/\/www.eldiario.net\/portal\/"},{"@type":"ListItem","position":2,"name":"Lanchipa firma acuerdo para oficinas fiscales en Toro Toro"}]},{"@type":"WebSite","@id":"https:\/\/www.eldiario.net\/portal\/#website","url":"https:\/\/www.eldiario.net\/portal\/","name":"El Diario - Decano de la prensa nacional","description":"El Diario - Decano de la prensa nacional","publisher":{"@id":"https:\/\/www.eldiario.net\/portal\/#organization"},"potentialAction":[{"@type":"SearchAction","target":{"@type":"EntryPoint","urlTemplate":"https:\/\/www.eldiario.net\/portal\/?s={search_term_string}"},"query-input":{"@type":"PropertyValueSpecification","valueRequired":true,"valueName":"search_term_string"}}],"inLanguage":"es"},{"@type":"Organization","@id":"https:\/\/www.eldiario.net\/portal\/#organization","name":"El Diario - Decano de la prensa nacional","url":"https:\/\/www.eldiario.net\/portal\/","logo":{"@type":"ImageObject","inLanguage":"es","@id":"https:\/\/www.eldiario.net\/portal\/#\/schema\/logo\/image\/","url":"https:\/\/www.eldiario.net\/portal\/wp-content\/uploads\/2023\/07\/logo_ED.jpg","contentUrl":"https:\/\/www.eldiario.net\/portal\/wp-content\/uploads\/2023\/07\/logo_ED.jpg","width":272,"height":52,"caption":"El Diario - Decano de la prensa nacional"},"image":{"@id":"https:\/\/www.eldiario.net\/portal\/#\/schema\/logo\/image\/"},"sameAs":["https:\/\/www.facebook.com\/eldiario.bolivia\/","https:\/\/x.com\/eldiario_net"]},{"@type":"Person","@id":"https:\/\/www.eldiario.net\/portal\/#\/schema\/person\/f46445640444750d7d753ccd04ae01b7","name":"Jeanette","image":{"@type":"ImageObject","inLanguage":"es","@id":"https:\/\/secure.gravatar.com\/avatar\/3ea2118a5f7dad2b7138b1187a6b7ee55f160b9968b66013c3a3ef39dd7e5798?s=96&d=mm&r=g","url":"https:\/\/secure.gravatar.com\/avatar\/3ea2118a5f7dad2b7138b1187a6b7ee55f160b9968b66013c3a3ef39dd7e5798?s=96&d=mm&r=g","contentUrl":"https:\/\/secure.gravatar.com\/avatar\/3ea2118a5f7dad2b7138b1187a6b7ee55f160b9968b66013c3a3ef39dd7e5798?s=96&d=mm&r=g","caption":"Jeanette"},"sameAs":["https:\/\/www.eldiario.net\/portal"],"url":"https:\/\/www.eldiario.net\/portal\/author\/jeanette\/"}]}},"_links":{"self":[{"href":"https:\/\/www.eldiario.net\/portal\/wp-json\/wp\/v2\/posts\/235912","targetHints":{"allow":["GET"]}}],"collection":[{"href":"https:\/\/www.eldiario.net\/portal\/wp-json\/wp\/v2\/posts"}],"about":[{"href":"https:\/\/www.eldiario.net\/portal\/wp-json\/wp\/v2\/types\/post"}],"author":[{"embeddable":true,"href":"https:\/\/www.eldiario.net\/portal\/wp-json\/wp\/v2\/users\/1"}],"replies":[{"embeddable":true,"href":"https:\/\/www.eldiario.net\/portal\/wp-json\/wp\/v2\/comments?post=235912"}],"version-history":[{"count":1,"href":"https:\/\/www.eldiario.net\/portal\/wp-json\/wp\/v2\/posts\/235912\/revisions"}],"predecessor-version":[{"id":235914,"href":"https:\/\/www.eldiario.net\/portal\/wp-json\/wp\/v2\/posts\/235912\/revisions\/235914"}],"wp:featuredmedia":[{"embeddable":true,"href":"https:\/\/www.eldiario.net\/portal\/wp-json\/wp\/v2\/media\/235913"}],"wp:attachment":[{"href":"https:\/\/www.eldiario.net\/portal\/wp-json\/wp\/v2\/media?parent=235912"}],"wp:term":[{"taxonomy":"category","embeddable":true,"href":"https:\/\/www.eldiario.net\/portal\/wp-json\/wp\/v2\/categories?post=235912"},{"taxonomy":"post_tag","embeddable":true,"href":"https:\/\/www.eldiario.net\/portal\/wp-json\/wp\/v2\/tags?post=235912"}],"curies":[{"name":"wp","href":"https:\/\/api.w.org\/{rel}","templated":true}]}}