{"id":235899,"date":"2024-07-24T06:02:46","date_gmt":"2024-07-24T10:02:46","guid":{"rendered":"https:\/\/www.eldiario.net\/portal\/?p=235899"},"modified":"2024-07-24T06:03:02","modified_gmt":"2024-07-24T10:03:02","slug":"cuestionan-el-abastecimiento-controlado-de-diesel-en-el-pais","status":"publish","type":"post","link":"https:\/\/www.eldiario.net\/portal\/2024\/07\/24\/cuestionan-el-abastecimiento-controlado-de-diesel-en-el-pais\/","title":{"rendered":"Cuestionan el abastecimiento controlado de di\u00e9sel en el pa\u00eds"},"content":{"rendered":"<p>Ante la falta de di\u00e9sel que persiste por varios d\u00edas en el mercado interno, las autoridades del sector energ\u00e9tico anunciaron una distribuci\u00f3n controlada para mejorar la eficiencia y evitar filas; empero, la medida fue criticada por los transportistas y analistas, al considerar que se pretende aplicar la receta de un modelo venezolano y cubano, con resultados deplorables.<br \/>\nEl director ejecutivo de la Agencia, Germ\u00e1n Jim\u00e9nez, explic\u00f3 que el plan contempla \u201cuna distribuci\u00f3n controlada\u201d del carburante para reducir la afluencia de veh\u00edculos en surtidores como Volc\u00e1n, en La Paz, donde se concentran los buses de transporte interdepartamental.<br \/>\nAnte ese anunci\u00f3 por parte de las autoridades del sector regulador, el exministro de Hidrocarburos, \u00c1lvaro R\u00edos, escribi\u00f3 en X @alvaroriosroca, que \u201clos bolivianos no queremos plan de abastecimiento de energ\u00eda controlado como en Cuba y Venezuela\u201d.<br \/>\nEn Venezuela se aplica desde junio de 2020 un plan para el suministro de combustible, los due\u00f1os de veh\u00edculos tienen un cupo de 120 litros de combustible todos los meses, mientras que para las motos se permite surtir 60 litros, seg\u00fan reporta Unitel.<br \/>\nLos c\u00e9ntricos surtidores de diferentes ciudades del pa\u00eds nuevamente amanecieron durante la jornada de ayer con largas filas de veh\u00edculos, principalmente del transporte pesado. En La Paz, las filas provocan congestionamiento vehicular al ocupar al menos un carril de las estrechas calles de la ciudad.<\/p>\n","protected":false},"excerpt":{"rendered":"<p>Ante la falta de di\u00e9sel que persiste por varios d\u00edas en el mercado interno, las autoridades del sector energ\u00e9tico anunciaron una distribuci\u00f3n controlada para mejorar la eficiencia y evitar filas; empero, la medida fue criticada por los transportistas y analistas, al considerar que se pretende aplicar la receta de un modelo venezolano y cubano, con [&hellip;]<\/p>\n","protected":false},"author":1,"featured_media":235900,"comment_status":"open","ping_status":"open","sticky":false,"template":"","format":"standard","meta":{"_acf_changed":false,"footnotes":""},"categories":[17],"tags":[],"class_list":["post-235899","post","type-post","status-publish","format-standard","has-post-thumbnail","category-principal"],"acf":{"antetitulo":"Crecen filas de veh\u00edculos de transporte pesado"},"yoast_head":"<!-- This site is optimized with the Yoast SEO plugin v28.4 - https:\/\/yoast.com\/product\/yoast-seo-wordpress\/ -->\n<title>Cuestionan el abastecimiento controlado de di\u00e9sel en el pa\u00eds - El Diario - Bolivia<\/title>\n<meta name=\"robots\" content=\"index, follow, max-snippet:-1, max-image-preview:large, max-video-preview:-1\" \/>\n<link rel=\"canonical\" href=\"https:\/\/www.eldiario.net\/portal\/2024\/07\/24\/cuestionan-el-abastecimiento-controlado-de-diesel-en-el-pais\/\" \/>\n<meta property=\"og:locale\" content=\"es_ES\" \/>\n<meta property=\"og:type\" content=\"article\" \/>\n<meta property=\"og:title\" content=\"Cuestionan el abastecimiento controlado de di\u00e9sel en el pa\u00eds - El Diario - Bolivia\" \/>\n<meta property=\"og:description\" content=\"Ante la falta de di\u00e9sel que persiste por varios d\u00edas en el mercado interno, las autoridades del sector energ\u00e9tico anunciaron una distribuci\u00f3n controlada para mejorar la eficiencia y evitar filas; empero, la medida fue criticada por los transportistas y analistas, al considerar que se pretende aplicar la receta de un modelo venezolano y cubano, con [&hellip;]\" \/>\n<meta property=\"og:url\" content=\"https:\/\/www.eldiario.net\/portal\/2024\/07\/24\/cuestionan-el-abastecimiento-controlado-de-diesel-en-el-pais\/\" \/>\n<meta property=\"og:site_name\" content=\"El Diario - Bolivia\" \/>\n<meta property=\"article:publisher\" content=\"https:\/\/www.facebook.com\/eldiario.bolivia\/\" \/>\n<meta property=\"article:published_time\" content=\"2024-07-24T10:02:46+00:00\" \/>\n<meta property=\"article:modified_time\" content=\"2024-07-24T10:03:02+00:00\" \/>\n<meta property=\"og:image\" content=\"https:\/\/www.eldiario.net\/portal\/wp-content\/uploads\/2024\/07\/P-1-20cm-x-10.jpg\" \/>\n\t<meta property=\"og:image:width\" content=\"1200\" \/>\n\t<meta property=\"og:image:height\" content=\"802\" \/>\n\t<meta property=\"og:image:type\" content=\"image\/jpeg\" \/>\n<meta name=\"author\" content=\"Jeanette\" \/>\n<meta name=\"twitter:card\" content=\"summary_large_image\" \/>\n<meta name=\"twitter:creator\" content=\"@eldiario_net\" \/>\n<meta name=\"twitter:site\" content=\"@eldiario_net\" \/>\n<meta name=\"twitter:label1\" content=\"Escrito por\" \/>\n\t<meta name=\"twitter:data1\" content=\"Jeanette\" \/>\n\t<meta name=\"twitter:label2\" content=\"Tiempo de lectura\" \/>\n\t<meta name=\"twitter:data2\" content=\"2 minutos\" \/>\n<script type=\"application\/ld+json\" class=\"yoast-schema-graph\">{\"@context\":\"https:\\\/\\\/schema.org\",\"@graph\":[{\"@type\":\"Article\",\"@id\":\"https:\\\/\\\/www.eldiario.net\\\/portal\\\/2024\\\/07\\\/24\\\/cuestionan-el-abastecimiento-controlado-de-diesel-en-el-pais\\\/#article\",\"isPartOf\":{\"@id\":\"https:\\\/\\\/www.eldiario.net\\\/portal\\\/2024\\\/07\\\/24\\\/cuestionan-el-abastecimiento-controlado-de-diesel-en-el-pais\\\/\"},\"author\":{\"name\":\"Jeanette\",\"@id\":\"https:\\\/\\\/www.eldiario.net\\\/portal\\\/#\\\/schema\\\/person\\\/f46445640444750d7d753ccd04ae01b7\"},\"headline\":\"Cuestionan el abastecimiento controlado de di\u00e9sel en el pa\u00eds\",\"datePublished\":\"2024-07-24T10:02:46+00:00\",\"dateModified\":\"2024-07-24T10:03:02+00:00\",\"mainEntityOfPage\":{\"@id\":\"https:\\\/\\\/www.eldiario.net\\\/portal\\\/2024\\\/07\\\/24\\\/cuestionan-el-abastecimiento-controlado-de-diesel-en-el-pais\\\/\"},\"wordCount\":246,\"commentCount\":0,\"publisher\":{\"@id\":\"https:\\\/\\\/www.eldiario.net\\\/portal\\\/#organization\"},\"image\":{\"@id\":\"https:\\\/\\\/www.eldiario.net\\\/portal\\\/2024\\\/07\\\/24\\\/cuestionan-el-abastecimiento-controlado-de-diesel-en-el-pais\\\/#primaryimage\"},\"thumbnailUrl\":\"https:\\\/\\\/www.eldiario.net\\\/portal\\\/wp-content\\\/uploads\\\/2024\\\/07\\\/P-1-20cm-x-10.jpg\",\"articleSection\":[\"Principal\"],\"inLanguage\":\"es\",\"potentialAction\":[{\"@type\":\"CommentAction\",\"name\":\"Comment\",\"target\":[\"https:\\\/\\\/www.eldiario.net\\\/portal\\\/2024\\\/07\\\/24\\\/cuestionan-el-abastecimiento-controlado-de-diesel-en-el-pais\\\/#respond\"]}]},{\"@type\":\"WebPage\",\"@id\":\"https:\\\/\\\/www.eldiario.net\\\/portal\\\/2024\\\/07\\\/24\\\/cuestionan-el-abastecimiento-controlado-de-diesel-en-el-pais\\\/\",\"url\":\"https:\\\/\\\/www.eldiario.net\\\/portal\\\/2024\\\/07\\\/24\\\/cuestionan-el-abastecimiento-controlado-de-diesel-en-el-pais\\\/\",\"name\":\"Cuestionan el abastecimiento controlado de di\u00e9sel en el pa\u00eds - El Diario - Bolivia\",\"isPartOf\":{\"@id\":\"https:\\\/\\\/www.eldiario.net\\\/portal\\\/#website\"},\"primaryImageOfPage\":{\"@id\":\"https:\\\/\\\/www.eldiario.net\\\/portal\\\/2024\\\/07\\\/24\\\/cuestionan-el-abastecimiento-controlado-de-diesel-en-el-pais\\\/#primaryimage\"},\"image\":{\"@id\":\"https:\\\/\\\/www.eldiario.net\\\/portal\\\/2024\\\/07\\\/24\\\/cuestionan-el-abastecimiento-controlado-de-diesel-en-el-pais\\\/#primaryimage\"},\"thumbnailUrl\":\"https:\\\/\\\/www.eldiario.net\\\/portal\\\/wp-content\\\/uploads\\\/2024\\\/07\\\/P-1-20cm-x-10.jpg\",\"datePublished\":\"2024-07-24T10:02:46+00:00\",\"dateModified\":\"2024-07-24T10:03:02+00:00\",\"breadcrumb\":{\"@id\":\"https:\\\/\\\/www.eldiario.net\\\/portal\\\/2024\\\/07\\\/24\\\/cuestionan-el-abastecimiento-controlado-de-diesel-en-el-pais\\\/#breadcrumb\"},\"inLanguage\":\"es\",\"potentialAction\":[{\"@type\":\"ReadAction\",\"target\":[\"https:\\\/\\\/www.eldiario.net\\\/portal\\\/2024\\\/07\\\/24\\\/cuestionan-el-abastecimiento-controlado-de-diesel-en-el-pais\\\/\"]}]},{\"@type\":\"ImageObject\",\"inLanguage\":\"es\",\"@id\":\"https:\\\/\\\/www.eldiario.net\\\/portal\\\/2024\\\/07\\\/24\\\/cuestionan-el-abastecimiento-controlado-de-diesel-en-el-pais\\\/#primaryimage\",\"url\":\"https:\\\/\\\/www.eldiario.net\\\/portal\\\/wp-content\\\/uploads\\\/2024\\\/07\\\/P-1-20cm-x-10.jpg\",\"contentUrl\":\"https:\\\/\\\/www.eldiario.net\\\/portal\\\/wp-content\\\/uploads\\\/2024\\\/07\\\/P-1-20cm-x-10.jpg\",\"width\":1200,\"height\":802,\"caption\":\"Largas filas de camiones se presentan desde hace varios d\u00edas en los surtidores a falta de di\u00e9sel en diferentes ciudades del pa\u00eds.\"},{\"@type\":\"BreadcrumbList\",\"@id\":\"https:\\\/\\\/www.eldiario.net\\\/portal\\\/2024\\\/07\\\/24\\\/cuestionan-el-abastecimiento-controlado-de-diesel-en-el-pais\\\/#breadcrumb\",\"itemListElement\":[{\"@type\":\"ListItem\",\"position\":1,\"name\":\"Portada\",\"item\":\"https:\\\/\\\/www.eldiario.net\\\/portal\\\/\"},{\"@type\":\"ListItem\",\"position\":2,\"name\":\"Cuestionan el abastecimiento controlado de di\u00e9sel en el pa\u00eds\"}]},{\"@type\":\"WebSite\",\"@id\":\"https:\\\/\\\/www.eldiario.net\\\/portal\\\/#website\",\"url\":\"https:\\\/\\\/www.eldiario.net\\\/portal\\\/\",\"name\":\"El Diario - Decano de la prensa nacional\",\"description\":\"El Diario - Decano de la prensa nacional\",\"publisher\":{\"@id\":\"https:\\\/\\\/www.eldiario.net\\\/portal\\\/#organization\"},\"potentialAction\":[{\"@type\":\"SearchAction\",\"target\":{\"@type\":\"EntryPoint\",\"urlTemplate\":\"https:\\\/\\\/www.eldiario.net\\\/portal\\\/?s={search_term_string}\"},\"query-input\":{\"@type\":\"PropertyValueSpecification\",\"valueRequired\":true,\"valueName\":\"search_term_string\"}}],\"inLanguage\":\"es\"},{\"@type\":\"Organization\",\"@id\":\"https:\\\/\\\/www.eldiario.net\\\/portal\\\/#organization\",\"name\":\"El Diario - Decano de la prensa nacional\",\"url\":\"https:\\\/\\\/www.eldiario.net\\\/portal\\\/\",\"logo\":{\"@type\":\"ImageObject\",\"inLanguage\":\"es\",\"@id\":\"https:\\\/\\\/www.eldiario.net\\\/portal\\\/#\\\/schema\\\/logo\\\/image\\\/\",\"url\":\"https:\\\/\\\/www.eldiario.net\\\/portal\\\/wp-content\\\/uploads\\\/2023\\\/07\\\/logo_ED.jpg\",\"contentUrl\":\"https:\\\/\\\/www.eldiario.net\\\/portal\\\/wp-content\\\/uploads\\\/2023\\\/07\\\/logo_ED.jpg\",\"width\":272,\"height\":52,\"caption\":\"El Diario - Decano de la prensa nacional\"},\"image\":{\"@id\":\"https:\\\/\\\/www.eldiario.net\\\/portal\\\/#\\\/schema\\\/logo\\\/image\\\/\"},\"sameAs\":[\"https:\\\/\\\/www.facebook.com\\\/eldiario.bolivia\\\/\",\"https:\\\/\\\/x.com\\\/eldiario_net\"]},{\"@type\":\"Person\",\"@id\":\"https:\\\/\\\/www.eldiario.net\\\/portal\\\/#\\\/schema\\\/person\\\/f46445640444750d7d753ccd04ae01b7\",\"name\":\"Jeanette\",\"image\":{\"@type\":\"ImageObject\",\"inLanguage\":\"es\",\"@id\":\"https:\\\/\\\/secure.gravatar.com\\\/avatar\\\/3ea2118a5f7dad2b7138b1187a6b7ee55f160b9968b66013c3a3ef39dd7e5798?s=96&d=mm&r=g\",\"url\":\"https:\\\/\\\/secure.gravatar.com\\\/avatar\\\/3ea2118a5f7dad2b7138b1187a6b7ee55f160b9968b66013c3a3ef39dd7e5798?s=96&d=mm&r=g\",\"contentUrl\":\"https:\\\/\\\/secure.gravatar.com\\\/avatar\\\/3ea2118a5f7dad2b7138b1187a6b7ee55f160b9968b66013c3a3ef39dd7e5798?s=96&d=mm&r=g\",\"caption\":\"Jeanette\"},\"sameAs\":[\"https:\\\/\\\/www.eldiario.net\\\/portal\"],\"url\":\"https:\\\/\\\/www.eldiario.net\\\/portal\\\/author\\\/jeanette\\\/\"}]}<\/script>\n<!-- \/ Yoast SEO plugin. -->","yoast_head_json":{"title":"Cuestionan el abastecimiento controlado de di\u00e9sel en el pa\u00eds - El Diario - Bolivia","robots":{"index":"index","follow":"follow","max-snippet":"max-snippet:-1","max-image-preview":"max-image-preview:large","max-video-preview":"max-video-preview:-1"},"canonical":"https:\/\/www.eldiario.net\/portal\/2024\/07\/24\/cuestionan-el-abastecimiento-controlado-de-diesel-en-el-pais\/","og_locale":"es_ES","og_type":"article","og_title":"Cuestionan el abastecimiento controlado de di\u00e9sel en el pa\u00eds - El Diario - Bolivia","og_description":"Ante la falta de di\u00e9sel que persiste por varios d\u00edas en el mercado interno, las autoridades del sector energ\u00e9tico anunciaron una distribuci\u00f3n controlada para mejorar la eficiencia y evitar filas; empero, la medida fue criticada por los transportistas y analistas, al considerar que se pretende aplicar la receta de un modelo venezolano y cubano, con [&hellip;]","og_url":"https:\/\/www.eldiario.net\/portal\/2024\/07\/24\/cuestionan-el-abastecimiento-controlado-de-diesel-en-el-pais\/","og_site_name":"El Diario - Bolivia","article_publisher":"https:\/\/www.facebook.com\/eldiario.bolivia\/","article_published_time":"2024-07-24T10:02:46+00:00","article_modified_time":"2024-07-24T10:03:02+00:00","og_image":[{"width":1200,"height":802,"url":"https:\/\/www.eldiario.net\/portal\/wp-content\/uploads\/2024\/07\/P-1-20cm-x-10.jpg","type":"image\/jpeg"}],"author":"Jeanette","twitter_card":"summary_large_image","twitter_creator":"@eldiario_net","twitter_site":"@eldiario_net","twitter_misc":{"Escrito por":"Jeanette","Tiempo de lectura":"2 minutos"},"schema":{"@context":"https:\/\/schema.org","@graph":[{"@type":"Article","@id":"https:\/\/www.eldiario.net\/portal\/2024\/07\/24\/cuestionan-el-abastecimiento-controlado-de-diesel-en-el-pais\/#article","isPartOf":{"@id":"https:\/\/www.eldiario.net\/portal\/2024\/07\/24\/cuestionan-el-abastecimiento-controlado-de-diesel-en-el-pais\/"},"author":{"name":"Jeanette","@id":"https:\/\/www.eldiario.net\/portal\/#\/schema\/person\/f46445640444750d7d753ccd04ae01b7"},"headline":"Cuestionan el abastecimiento controlado de di\u00e9sel en el pa\u00eds","datePublished":"2024-07-24T10:02:46+00:00","dateModified":"2024-07-24T10:03:02+00:00","mainEntityOfPage":{"@id":"https:\/\/www.eldiario.net\/portal\/2024\/07\/24\/cuestionan-el-abastecimiento-controlado-de-diesel-en-el-pais\/"},"wordCount":246,"commentCount":0,"publisher":{"@id":"https:\/\/www.eldiario.net\/portal\/#organization"},"image":{"@id":"https:\/\/www.eldiario.net\/portal\/2024\/07\/24\/cuestionan-el-abastecimiento-controlado-de-diesel-en-el-pais\/#primaryimage"},"thumbnailUrl":"https:\/\/www.eldiario.net\/portal\/wp-content\/uploads\/2024\/07\/P-1-20cm-x-10.jpg","articleSection":["Principal"],"inLanguage":"es","potentialAction":[{"@type":"CommentAction","name":"Comment","target":["https:\/\/www.eldiario.net\/portal\/2024\/07\/24\/cuestionan-el-abastecimiento-controlado-de-diesel-en-el-pais\/#respond"]}]},{"@type":"WebPage","@id":"https:\/\/www.eldiario.net\/portal\/2024\/07\/24\/cuestionan-el-abastecimiento-controlado-de-diesel-en-el-pais\/","url":"https:\/\/www.eldiario.net\/portal\/2024\/07\/24\/cuestionan-el-abastecimiento-controlado-de-diesel-en-el-pais\/","name":"Cuestionan el abastecimiento controlado de di\u00e9sel en el pa\u00eds - El Diario - Bolivia","isPartOf":{"@id":"https:\/\/www.eldiario.net\/portal\/#website"},"primaryImageOfPage":{"@id":"https:\/\/www.eldiario.net\/portal\/2024\/07\/24\/cuestionan-el-abastecimiento-controlado-de-diesel-en-el-pais\/#primaryimage"},"image":{"@id":"https:\/\/www.eldiario.net\/portal\/2024\/07\/24\/cuestionan-el-abastecimiento-controlado-de-diesel-en-el-pais\/#primaryimage"},"thumbnailUrl":"https:\/\/www.eldiario.net\/portal\/wp-content\/uploads\/2024\/07\/P-1-20cm-x-10.jpg","datePublished":"2024-07-24T10:02:46+00:00","dateModified":"2024-07-24T10:03:02+00:00","breadcrumb":{"@id":"https:\/\/www.eldiario.net\/portal\/2024\/07\/24\/cuestionan-el-abastecimiento-controlado-de-diesel-en-el-pais\/#breadcrumb"},"inLanguage":"es","potentialAction":[{"@type":"ReadAction","target":["https:\/\/www.eldiario.net\/portal\/2024\/07\/24\/cuestionan-el-abastecimiento-controlado-de-diesel-en-el-pais\/"]}]},{"@type":"ImageObject","inLanguage":"es","@id":"https:\/\/www.eldiario.net\/portal\/2024\/07\/24\/cuestionan-el-abastecimiento-controlado-de-diesel-en-el-pais\/#primaryimage","url":"https:\/\/www.eldiario.net\/portal\/wp-content\/uploads\/2024\/07\/P-1-20cm-x-10.jpg","contentUrl":"https:\/\/www.eldiario.net\/portal\/wp-content\/uploads\/2024\/07\/P-1-20cm-x-10.jpg","width":1200,"height":802,"caption":"Largas filas de camiones se presentan desde hace varios d\u00edas en los surtidores a falta de di\u00e9sel en diferentes ciudades del pa\u00eds."},{"@type":"BreadcrumbList","@id":"https:\/\/www.eldiario.net\/portal\/2024\/07\/24\/cuestionan-el-abastecimiento-controlado-de-diesel-en-el-pais\/#breadcrumb","itemListElement":[{"@type":"ListItem","position":1,"name":"Portada","item":"https:\/\/www.eldiario.net\/portal\/"},{"@type":"ListItem","position":2,"name":"Cuestionan el abastecimiento controlado de di\u00e9sel en el pa\u00eds"}]},{"@type":"WebSite","@id":"https:\/\/www.eldiario.net\/portal\/#website","url":"https:\/\/www.eldiario.net\/portal\/","name":"El Diario - Decano de la prensa nacional","description":"El Diario - Decano de la prensa nacional","publisher":{"@id":"https:\/\/www.eldiario.net\/portal\/#organization"},"potentialAction":[{"@type":"SearchAction","target":{"@type":"EntryPoint","urlTemplate":"https:\/\/www.eldiario.net\/portal\/?s={search_term_string}"},"query-input":{"@type":"PropertyValueSpecification","valueRequired":true,"valueName":"search_term_string"}}],"inLanguage":"es"},{"@type":"Organization","@id":"https:\/\/www.eldiario.net\/portal\/#organization","name":"El Diario - Decano de la prensa nacional","url":"https:\/\/www.eldiario.net\/portal\/","logo":{"@type":"ImageObject","inLanguage":"es","@id":"https:\/\/www.eldiario.net\/portal\/#\/schema\/logo\/image\/","url":"https:\/\/www.eldiario.net\/portal\/wp-content\/uploads\/2023\/07\/logo_ED.jpg","contentUrl":"https:\/\/www.eldiario.net\/portal\/wp-content\/uploads\/2023\/07\/logo_ED.jpg","width":272,"height":52,"caption":"El Diario - Decano de la prensa nacional"},"image":{"@id":"https:\/\/www.eldiario.net\/portal\/#\/schema\/logo\/image\/"},"sameAs":["https:\/\/www.facebook.com\/eldiario.bolivia\/","https:\/\/x.com\/eldiario_net"]},{"@type":"Person","@id":"https:\/\/www.eldiario.net\/portal\/#\/schema\/person\/f46445640444750d7d753ccd04ae01b7","name":"Jeanette","image":{"@type":"ImageObject","inLanguage":"es","@id":"https:\/\/secure.gravatar.com\/avatar\/3ea2118a5f7dad2b7138b1187a6b7ee55f160b9968b66013c3a3ef39dd7e5798?s=96&d=mm&r=g","url":"https:\/\/secure.gravatar.com\/avatar\/3ea2118a5f7dad2b7138b1187a6b7ee55f160b9968b66013c3a3ef39dd7e5798?s=96&d=mm&r=g","contentUrl":"https:\/\/secure.gravatar.com\/avatar\/3ea2118a5f7dad2b7138b1187a6b7ee55f160b9968b66013c3a3ef39dd7e5798?s=96&d=mm&r=g","caption":"Jeanette"},"sameAs":["https:\/\/www.eldiario.net\/portal"],"url":"https:\/\/www.eldiario.net\/portal\/author\/jeanette\/"}]}},"_links":{"self":[{"href":"https:\/\/www.eldiario.net\/portal\/wp-json\/wp\/v2\/posts\/235899","targetHints":{"allow":["GET"]}}],"collection":[{"href":"https:\/\/www.eldiario.net\/portal\/wp-json\/wp\/v2\/posts"}],"about":[{"href":"https:\/\/www.eldiario.net\/portal\/wp-json\/wp\/v2\/types\/post"}],"author":[{"embeddable":true,"href":"https:\/\/www.eldiario.net\/portal\/wp-json\/wp\/v2\/users\/1"}],"replies":[{"embeddable":true,"href":"https:\/\/www.eldiario.net\/portal\/wp-json\/wp\/v2\/comments?post=235899"}],"version-history":[{"count":1,"href":"https:\/\/www.eldiario.net\/portal\/wp-json\/wp\/v2\/posts\/235899\/revisions"}],"predecessor-version":[{"id":235901,"href":"https:\/\/www.eldiario.net\/portal\/wp-json\/wp\/v2\/posts\/235899\/revisions\/235901"}],"wp:featuredmedia":[{"embeddable":true,"href":"https:\/\/www.eldiario.net\/portal\/wp-json\/wp\/v2\/media\/235900"}],"wp:attachment":[{"href":"https:\/\/www.eldiario.net\/portal\/wp-json\/wp\/v2\/media?parent=235899"}],"wp:term":[{"taxonomy":"category","embeddable":true,"href":"https:\/\/www.eldiario.net\/portal\/wp-json\/wp\/v2\/categories?post=235899"},{"taxonomy":"post_tag","embeddable":true,"href":"https:\/\/www.eldiario.net\/portal\/wp-json\/wp\/v2\/tags?post=235899"}],"curies":[{"name":"wp","href":"https:\/\/api.w.org\/{rel}","templated":true}]}}