{"id":235879,"date":"2024-07-24T05:56:25","date_gmt":"2024-07-24T09:56:25","guid":{"rendered":"https:\/\/www.eldiario.net\/portal\/?p=235879"},"modified":"2024-07-24T05:56:25","modified_gmt":"2024-07-24T09:56:25","slug":"14-sobrevivientes-tras-naufragio-del-argos-georgia-cerca-de-malvinas","status":"publish","type":"post","link":"https:\/\/www.eldiario.net\/portal\/2024\/07\/24\/14-sobrevivientes-tras-naufragio-del-argos-georgia-cerca-de-malvinas\/","title":{"rendered":"14 sobrevivientes tras naufragio del   \u00abArgos Georgia\u00bb cerca de Malvinas"},"content":{"rendered":"<p class=\"v1MsoNormal\">Madrid (AFP) \u2013 Ocho marineros perdieron la vida y cinco est\u00e1n desaparecidos tras naufragar su barco pesquero cerca de las islas Malvinas, en el Atl\u00e1ntico Sur, informaron este martes por la noche las autoridades espa\u00f1olas, de donde proced\u00eda parte de la tripulaci\u00f3n.<\/p>\n<p class=\"v1MsoNormal\">Hay \u00ab14 supervivientes, 8 recuperados fallecidos, 5 personas desaparecidas\u00bb, inform\u00f3 la delegaci\u00f3n del Gobierno espa\u00f1ol en la regi\u00f3n de Galicia, citando a la autoridad mar\u00edtima de Malvinas, que todav\u00eda no dio p\u00fablicamente el balance de v\u00edctimas del naufragio del pesquero \u00abArgos Georgia\u00bb, con 27 tripulantes.<\/p>\n<p class=\"v1MsoNormal\">Seg\u00fan la prefectura en Galicia, \u00abtodos los supervivientes gozan de buena salud y s\u00f3lo se han reportado lesiones leves y enfermedades leves\u00bb.<\/p>\n<p class=\"v1MsoNormal\">Los 14 supervivientes, trece en un barco y uno en otro, se dirig\u00edan al puerto de Stanley en las Malvinas (Falklands para los brit\u00e1nicos), un archipi\u00e9lago cuya soberan\u00eda reclaman Argentina y Reino Unido.<\/p>\n<p class=\"v1MsoNormal\">\u00abEl King Edward VII Memorial Hospital\u00bb de Stanley \u00abest\u00e1 preparado para recibir a los supervivientes para una evaluaci\u00f3n m\u00e9dica\u00bb, a\u00f1adi\u00f3 la prefectura.<\/p>\n<p class=\"v1MsoNormal\">Stanley (Puerto Argentino para Buenos Aires) es la capital del archipi\u00e9lago situado en el Atl\u00e1ntico Sur, a 400 kil\u00f3metros de las costas argentinas y a casi 13.000 km de Reino Unido.<\/p>\n<p class=\"v1MsoNormal\">De los 27 tripulantes del pesquero, 10 eran espa\u00f1oles, explic\u00f3 el ministro de Asuntos Exteriores espa\u00f1ol, Jos\u00e9 Manuel Albares. Entre ellos hab\u00eda dos cient\u00edficos, agreg\u00f3.<\/p>\n<p class=\"v1MsoNormal\">Dos de los espa\u00f1oles fallecieron y dos est\u00e1n desaparecidos, precis\u00f3 la prefectura de Galicia, una regi\u00f3n en el noroeste de Espa\u00f1a de donde eran las dos v\u00edctimas mortales.<\/p>\n<p class=\"v1MsoNormal\">De acuerdo con las autoridades de las Malvinas, el naufragio se produjo el lunes por la tarde \u00aba unas 200 millas n\u00e1uticas (370 kil\u00f3metros) al este de Stanley\u00bb, indic\u00f3 el Gobierno de este territorio brit\u00e1nico en un comunicado publicado en Facebook.<\/p>\n<p class=\"v1MsoNormal\">El prefecto de Galicia, Pedro Blanco, habl\u00f3 personalmente con las familias de los tripulantes espa\u00f1oles \u00abpara trasladarles la informaci\u00f3n y ponerse a su disposici\u00f3n para lo que necesiten, con el compromiso de seguir informando de cualquier novedad\u00bb, concluy\u00f3 el comunicado proporcionado por la delegaci\u00f3n del Gobierno espa\u00f1ol.<\/p>\n<p class=\"v1MsoNormal\">\n<p class=\"v1MsoNormal\">Condiciones meteorol\u00f3gicas<\/p>\n<p class=\"v1MsoNormal\">\u00abextremadamente dif\u00edciles\u00bb<\/p>\n<p class=\"v1MsoNormal\">Los \u00ab27 tripulantes del pesquero Argos Georgia se vieron obligados a abandonar el barco poco despu\u00e9s de las 16H00 [19H00 GMT] y algunos miembros de la tripulaci\u00f3n se subieron a los botes salvavidas\u00bb, detall\u00f3 el Gobierno de las Malvinas.<\/p>\n<p class=\"v1MsoNormal\">Aviones de las Fuerzas Brit\u00e1nicas de las Islas del Atl\u00e1ntico Sur (BFSAI, por sus siglas en ingl\u00e9s) avistaron las embarcaciones y pudieron localizarlas.<\/p>\n<p class=\"v1MsoNormal\">Una patrullera, el \u00abFPV Lilibet\u00bb, y dos pesqueros fueron alertados y se dirigieron a la zona indicada.<\/p>\n<p class=\"v1MsoNormal\">Unas horas antes, las autoridades del archipi\u00e9lago hab\u00edan descrito las condiciones meteorol\u00f3gicas \u00abextremadamente dif\u00edciles\u00bb, que hab\u00edan hecho imposible rescatar a la tripulaci\u00f3n en helic\u00f3ptero el lunes, a pesar de dos intentos.<\/p>\n<p class=\"v1MsoNormal\">Robert Ervik, el propietario del barco pesquero con pabell\u00f3n de la isla de Santa Elena, confirm\u00f3 a la AFP que el buque empez\u00f3 a naufragar el lunes.<\/p>\n<p class=\"v1MsoNormal\">Malvinas, llamadas Falkland por los brit\u00e1nicos, conforman un archipi\u00e9lago cuya soberan\u00eda reclaman Argentina y Reino Unido.<\/p>\n<p class=\"v1MsoNormal\">Las islas fueron escenario en 1982 de una guerra de 74 d\u00edas, que se sald\u00f3 con la rendici\u00f3n de las tropas sudamericanas en el archipi\u00e9lago y un balance de 649 argentinos y 255 brit\u00e1nicos muertos. (AFP)<\/p>\n","protected":false},"excerpt":{"rendered":"<p>Madrid (AFP) \u2013 Ocho marineros perdieron la vida y cinco est\u00e1n desaparecidos tras naufragar su barco pesquero cerca de las islas Malvinas, en el Atl\u00e1ntico Sur, informaron este martes por la noche las autoridades espa\u00f1olas, de donde proced\u00eda parte de la tripulaci\u00f3n. Hay \u00ab14 supervivientes, 8 recuperados fallecidos, 5 personas desaparecidas\u00bb, inform\u00f3 la delegaci\u00f3n del [&hellip;]<\/p>\n","protected":false},"author":1,"featured_media":235880,"comment_status":"open","ping_status":"open","sticky":false,"template":"","format":"standard","meta":{"_acf_changed":false,"footnotes":""},"categories":[3],"tags":[],"class_list":["post-235879","post","type-post","status-publish","format-standard","has-post-thumbnail","category-internacional"],"acf":{"antetitulo":"Seg\u00fan delegaci\u00f3n del Gobierno espa\u00f1ol"},"yoast_head":"<!-- This site is optimized with the Yoast SEO plugin v28.4 - https:\/\/yoast.com\/product\/yoast-seo-wordpress\/ -->\n<title>14 sobrevivientes tras naufragio del  &quot;Argos Georgia&quot; cerca de Malvinas - El Diario - Bolivia<\/title>\n<meta name=\"robots\" content=\"index, follow, max-snippet:-1, max-image-preview:large, max-video-preview:-1\" \/>\n<link rel=\"canonical\" href=\"https:\/\/www.eldiario.net\/portal\/2024\/07\/24\/14-sobrevivientes-tras-naufragio-del-argos-georgia-cerca-de-malvinas\/\" \/>\n<meta property=\"og:locale\" content=\"es_ES\" \/>\n<meta property=\"og:type\" content=\"article\" \/>\n<meta property=\"og:title\" content=\"14 sobrevivientes tras naufragio del  &quot;Argos Georgia&quot; cerca de Malvinas - El Diario - Bolivia\" \/>\n<meta property=\"og:description\" content=\"Madrid (AFP) \u2013 Ocho marineros perdieron la vida y cinco est\u00e1n desaparecidos tras naufragar su barco pesquero cerca de las islas Malvinas, en el Atl\u00e1ntico Sur, informaron este martes por la noche las autoridades espa\u00f1olas, de donde proced\u00eda parte de la tripulaci\u00f3n. Hay \u00ab14 supervivientes, 8 recuperados fallecidos, 5 personas desaparecidas\u00bb, inform\u00f3 la delegaci\u00f3n del [&hellip;]\" \/>\n<meta property=\"og:url\" content=\"https:\/\/www.eldiario.net\/portal\/2024\/07\/24\/14-sobrevivientes-tras-naufragio-del-argos-georgia-cerca-de-malvinas\/\" \/>\n<meta property=\"og:site_name\" content=\"El Diario - Bolivia\" \/>\n<meta property=\"article:publisher\" content=\"https:\/\/www.facebook.com\/eldiario.bolivia\/\" \/>\n<meta property=\"article:published_time\" content=\"2024-07-24T09:56:25+00:00\" \/>\n<meta property=\"og:image\" content=\"https:\/\/www.eldiario.net\/portal\/wp-content\/uploads\/2024\/07\/localizacion-argos-abc.webp\" \/>\n\t<meta property=\"og:image:width\" content=\"1200\" \/>\n\t<meta property=\"og:image:height\" content=\"840\" \/>\n\t<meta property=\"og:image:type\" content=\"image\/webp\" \/>\n<meta name=\"author\" content=\"Jeanette\" \/>\n<meta name=\"twitter:card\" content=\"summary_large_image\" \/>\n<meta name=\"twitter:creator\" content=\"@eldiario_net\" \/>\n<meta name=\"twitter:site\" content=\"@eldiario_net\" \/>\n<meta name=\"twitter:label1\" content=\"Escrito por\" \/>\n\t<meta name=\"twitter:data1\" content=\"Jeanette\" \/>\n\t<meta name=\"twitter:label2\" content=\"Tiempo de lectura\" \/>\n\t<meta name=\"twitter:data2\" content=\"3 minutos\" \/>\n<script type=\"application\/ld+json\" class=\"yoast-schema-graph\">{\"@context\":\"https:\\\/\\\/schema.org\",\"@graph\":[{\"@type\":\"Article\",\"@id\":\"https:\\\/\\\/www.eldiario.net\\\/portal\\\/2024\\\/07\\\/24\\\/14-sobrevivientes-tras-naufragio-del-argos-georgia-cerca-de-malvinas\\\/#article\",\"isPartOf\":{\"@id\":\"https:\\\/\\\/www.eldiario.net\\\/portal\\\/2024\\\/07\\\/24\\\/14-sobrevivientes-tras-naufragio-del-argos-georgia-cerca-de-malvinas\\\/\"},\"author\":{\"name\":\"Jeanette\",\"@id\":\"https:\\\/\\\/www.eldiario.net\\\/portal\\\/#\\\/schema\\\/person\\\/f46445640444750d7d753ccd04ae01b7\"},\"headline\":\"14 sobrevivientes tras naufragio del \u00abArgos Georgia\u00bb cerca de Malvinas\",\"datePublished\":\"2024-07-24T09:56:25+00:00\",\"mainEntityOfPage\":{\"@id\":\"https:\\\/\\\/www.eldiario.net\\\/portal\\\/2024\\\/07\\\/24\\\/14-sobrevivientes-tras-naufragio-del-argos-georgia-cerca-de-malvinas\\\/\"},\"wordCount\":584,\"commentCount\":0,\"publisher\":{\"@id\":\"https:\\\/\\\/www.eldiario.net\\\/portal\\\/#organization\"},\"image\":{\"@id\":\"https:\\\/\\\/www.eldiario.net\\\/portal\\\/2024\\\/07\\\/24\\\/14-sobrevivientes-tras-naufragio-del-argos-georgia-cerca-de-malvinas\\\/#primaryimage\"},\"thumbnailUrl\":\"https:\\\/\\\/www.eldiario.net\\\/portal\\\/wp-content\\\/uploads\\\/2024\\\/07\\\/localizacion-argos-abc.webp\",\"articleSection\":[\"Internacional\"],\"inLanguage\":\"es\",\"potentialAction\":[{\"@type\":\"CommentAction\",\"name\":\"Comment\",\"target\":[\"https:\\\/\\\/www.eldiario.net\\\/portal\\\/2024\\\/07\\\/24\\\/14-sobrevivientes-tras-naufragio-del-argos-georgia-cerca-de-malvinas\\\/#respond\"]}]},{\"@type\":\"WebPage\",\"@id\":\"https:\\\/\\\/www.eldiario.net\\\/portal\\\/2024\\\/07\\\/24\\\/14-sobrevivientes-tras-naufragio-del-argos-georgia-cerca-de-malvinas\\\/\",\"url\":\"https:\\\/\\\/www.eldiario.net\\\/portal\\\/2024\\\/07\\\/24\\\/14-sobrevivientes-tras-naufragio-del-argos-georgia-cerca-de-malvinas\\\/\",\"name\":\"14 sobrevivientes tras naufragio del \\\"Argos Georgia\\\" cerca de Malvinas - El Diario - Bolivia\",\"isPartOf\":{\"@id\":\"https:\\\/\\\/www.eldiario.net\\\/portal\\\/#website\"},\"primaryImageOfPage\":{\"@id\":\"https:\\\/\\\/www.eldiario.net\\\/portal\\\/2024\\\/07\\\/24\\\/14-sobrevivientes-tras-naufragio-del-argos-georgia-cerca-de-malvinas\\\/#primaryimage\"},\"image\":{\"@id\":\"https:\\\/\\\/www.eldiario.net\\\/portal\\\/2024\\\/07\\\/24\\\/14-sobrevivientes-tras-naufragio-del-argos-georgia-cerca-de-malvinas\\\/#primaryimage\"},\"thumbnailUrl\":\"https:\\\/\\\/www.eldiario.net\\\/portal\\\/wp-content\\\/uploads\\\/2024\\\/07\\\/localizacion-argos-abc.webp\",\"datePublished\":\"2024-07-24T09:56:25+00:00\",\"breadcrumb\":{\"@id\":\"https:\\\/\\\/www.eldiario.net\\\/portal\\\/2024\\\/07\\\/24\\\/14-sobrevivientes-tras-naufragio-del-argos-georgia-cerca-de-malvinas\\\/#breadcrumb\"},\"inLanguage\":\"es\",\"potentialAction\":[{\"@type\":\"ReadAction\",\"target\":[\"https:\\\/\\\/www.eldiario.net\\\/portal\\\/2024\\\/07\\\/24\\\/14-sobrevivientes-tras-naufragio-del-argos-georgia-cerca-de-malvinas\\\/\"]}]},{\"@type\":\"ImageObject\",\"inLanguage\":\"es\",\"@id\":\"https:\\\/\\\/www.eldiario.net\\\/portal\\\/2024\\\/07\\\/24\\\/14-sobrevivientes-tras-naufragio-del-argos-georgia-cerca-de-malvinas\\\/#primaryimage\",\"url\":\"https:\\\/\\\/www.eldiario.net\\\/portal\\\/wp-content\\\/uploads\\\/2024\\\/07\\\/localizacion-argos-abc.webp\",\"contentUrl\":\"https:\\\/\\\/www.eldiario.net\\\/portal\\\/wp-content\\\/uploads\\\/2024\\\/07\\\/localizacion-argos-abc.webp\",\"width\":1200,\"height\":840,\"caption\":\"Lugar donde se registr\u00f3 el naufragio del pesquero \\\"Argos Georgia\\\", con 27 tripulantes. CR\u00c9DITO: ABC\"},{\"@type\":\"BreadcrumbList\",\"@id\":\"https:\\\/\\\/www.eldiario.net\\\/portal\\\/2024\\\/07\\\/24\\\/14-sobrevivientes-tras-naufragio-del-argos-georgia-cerca-de-malvinas\\\/#breadcrumb\",\"itemListElement\":[{\"@type\":\"ListItem\",\"position\":1,\"name\":\"Portada\",\"item\":\"https:\\\/\\\/www.eldiario.net\\\/portal\\\/\"},{\"@type\":\"ListItem\",\"position\":2,\"name\":\"14 sobrevivientes tras naufragio del \u00abArgos Georgia\u00bb cerca de Malvinas\"}]},{\"@type\":\"WebSite\",\"@id\":\"https:\\\/\\\/www.eldiario.net\\\/portal\\\/#website\",\"url\":\"https:\\\/\\\/www.eldiario.net\\\/portal\\\/\",\"name\":\"El Diario - Decano de la prensa nacional\",\"description\":\"El Diario - Decano de la prensa nacional\",\"publisher\":{\"@id\":\"https:\\\/\\\/www.eldiario.net\\\/portal\\\/#organization\"},\"potentialAction\":[{\"@type\":\"SearchAction\",\"target\":{\"@type\":\"EntryPoint\",\"urlTemplate\":\"https:\\\/\\\/www.eldiario.net\\\/portal\\\/?s={search_term_string}\"},\"query-input\":{\"@type\":\"PropertyValueSpecification\",\"valueRequired\":true,\"valueName\":\"search_term_string\"}}],\"inLanguage\":\"es\"},{\"@type\":\"Organization\",\"@id\":\"https:\\\/\\\/www.eldiario.net\\\/portal\\\/#organization\",\"name\":\"El Diario - Decano de la prensa nacional\",\"url\":\"https:\\\/\\\/www.eldiario.net\\\/portal\\\/\",\"logo\":{\"@type\":\"ImageObject\",\"inLanguage\":\"es\",\"@id\":\"https:\\\/\\\/www.eldiario.net\\\/portal\\\/#\\\/schema\\\/logo\\\/image\\\/\",\"url\":\"https:\\\/\\\/www.eldiario.net\\\/portal\\\/wp-content\\\/uploads\\\/2023\\\/07\\\/logo_ED.jpg\",\"contentUrl\":\"https:\\\/\\\/www.eldiario.net\\\/portal\\\/wp-content\\\/uploads\\\/2023\\\/07\\\/logo_ED.jpg\",\"width\":272,\"height\":52,\"caption\":\"El Diario - Decano de la prensa nacional\"},\"image\":{\"@id\":\"https:\\\/\\\/www.eldiario.net\\\/portal\\\/#\\\/schema\\\/logo\\\/image\\\/\"},\"sameAs\":[\"https:\\\/\\\/www.facebook.com\\\/eldiario.bolivia\\\/\",\"https:\\\/\\\/x.com\\\/eldiario_net\"]},{\"@type\":\"Person\",\"@id\":\"https:\\\/\\\/www.eldiario.net\\\/portal\\\/#\\\/schema\\\/person\\\/f46445640444750d7d753ccd04ae01b7\",\"name\":\"Jeanette\",\"image\":{\"@type\":\"ImageObject\",\"inLanguage\":\"es\",\"@id\":\"https:\\\/\\\/secure.gravatar.com\\\/avatar\\\/3ea2118a5f7dad2b7138b1187a6b7ee55f160b9968b66013c3a3ef39dd7e5798?s=96&d=mm&r=g\",\"url\":\"https:\\\/\\\/secure.gravatar.com\\\/avatar\\\/3ea2118a5f7dad2b7138b1187a6b7ee55f160b9968b66013c3a3ef39dd7e5798?s=96&d=mm&r=g\",\"contentUrl\":\"https:\\\/\\\/secure.gravatar.com\\\/avatar\\\/3ea2118a5f7dad2b7138b1187a6b7ee55f160b9968b66013c3a3ef39dd7e5798?s=96&d=mm&r=g\",\"caption\":\"Jeanette\"},\"sameAs\":[\"https:\\\/\\\/www.eldiario.net\\\/portal\"],\"url\":\"https:\\\/\\\/www.eldiario.net\\\/portal\\\/author\\\/jeanette\\\/\"}]}<\/script>\n<!-- \/ Yoast SEO plugin. -->","yoast_head_json":{"title":"14 sobrevivientes tras naufragio del  \"Argos Georgia\" cerca de Malvinas - El Diario - Bolivia","robots":{"index":"index","follow":"follow","max-snippet":"max-snippet:-1","max-image-preview":"max-image-preview:large","max-video-preview":"max-video-preview:-1"},"canonical":"https:\/\/www.eldiario.net\/portal\/2024\/07\/24\/14-sobrevivientes-tras-naufragio-del-argos-georgia-cerca-de-malvinas\/","og_locale":"es_ES","og_type":"article","og_title":"14 sobrevivientes tras naufragio del  \"Argos Georgia\" cerca de Malvinas - El Diario - Bolivia","og_description":"Madrid (AFP) \u2013 Ocho marineros perdieron la vida y cinco est\u00e1n desaparecidos tras naufragar su barco pesquero cerca de las islas Malvinas, en el Atl\u00e1ntico Sur, informaron este martes por la noche las autoridades espa\u00f1olas, de donde proced\u00eda parte de la tripulaci\u00f3n. Hay \u00ab14 supervivientes, 8 recuperados fallecidos, 5 personas desaparecidas\u00bb, inform\u00f3 la delegaci\u00f3n del [&hellip;]","og_url":"https:\/\/www.eldiario.net\/portal\/2024\/07\/24\/14-sobrevivientes-tras-naufragio-del-argos-georgia-cerca-de-malvinas\/","og_site_name":"El Diario - Bolivia","article_publisher":"https:\/\/www.facebook.com\/eldiario.bolivia\/","article_published_time":"2024-07-24T09:56:25+00:00","og_image":[{"width":1200,"height":840,"url":"https:\/\/www.eldiario.net\/portal\/wp-content\/uploads\/2024\/07\/localizacion-argos-abc.webp","type":"image\/webp"}],"author":"Jeanette","twitter_card":"summary_large_image","twitter_creator":"@eldiario_net","twitter_site":"@eldiario_net","twitter_misc":{"Escrito por":"Jeanette","Tiempo de lectura":"3 minutos"},"schema":{"@context":"https:\/\/schema.org","@graph":[{"@type":"Article","@id":"https:\/\/www.eldiario.net\/portal\/2024\/07\/24\/14-sobrevivientes-tras-naufragio-del-argos-georgia-cerca-de-malvinas\/#article","isPartOf":{"@id":"https:\/\/www.eldiario.net\/portal\/2024\/07\/24\/14-sobrevivientes-tras-naufragio-del-argos-georgia-cerca-de-malvinas\/"},"author":{"name":"Jeanette","@id":"https:\/\/www.eldiario.net\/portal\/#\/schema\/person\/f46445640444750d7d753ccd04ae01b7"},"headline":"14 sobrevivientes tras naufragio del \u00abArgos Georgia\u00bb cerca de Malvinas","datePublished":"2024-07-24T09:56:25+00:00","mainEntityOfPage":{"@id":"https:\/\/www.eldiario.net\/portal\/2024\/07\/24\/14-sobrevivientes-tras-naufragio-del-argos-georgia-cerca-de-malvinas\/"},"wordCount":584,"commentCount":0,"publisher":{"@id":"https:\/\/www.eldiario.net\/portal\/#organization"},"image":{"@id":"https:\/\/www.eldiario.net\/portal\/2024\/07\/24\/14-sobrevivientes-tras-naufragio-del-argos-georgia-cerca-de-malvinas\/#primaryimage"},"thumbnailUrl":"https:\/\/www.eldiario.net\/portal\/wp-content\/uploads\/2024\/07\/localizacion-argos-abc.webp","articleSection":["Internacional"],"inLanguage":"es","potentialAction":[{"@type":"CommentAction","name":"Comment","target":["https:\/\/www.eldiario.net\/portal\/2024\/07\/24\/14-sobrevivientes-tras-naufragio-del-argos-georgia-cerca-de-malvinas\/#respond"]}]},{"@type":"WebPage","@id":"https:\/\/www.eldiario.net\/portal\/2024\/07\/24\/14-sobrevivientes-tras-naufragio-del-argos-georgia-cerca-de-malvinas\/","url":"https:\/\/www.eldiario.net\/portal\/2024\/07\/24\/14-sobrevivientes-tras-naufragio-del-argos-georgia-cerca-de-malvinas\/","name":"14 sobrevivientes tras naufragio del \"Argos Georgia\" cerca de Malvinas - El Diario - Bolivia","isPartOf":{"@id":"https:\/\/www.eldiario.net\/portal\/#website"},"primaryImageOfPage":{"@id":"https:\/\/www.eldiario.net\/portal\/2024\/07\/24\/14-sobrevivientes-tras-naufragio-del-argos-georgia-cerca-de-malvinas\/#primaryimage"},"image":{"@id":"https:\/\/www.eldiario.net\/portal\/2024\/07\/24\/14-sobrevivientes-tras-naufragio-del-argos-georgia-cerca-de-malvinas\/#primaryimage"},"thumbnailUrl":"https:\/\/www.eldiario.net\/portal\/wp-content\/uploads\/2024\/07\/localizacion-argos-abc.webp","datePublished":"2024-07-24T09:56:25+00:00","breadcrumb":{"@id":"https:\/\/www.eldiario.net\/portal\/2024\/07\/24\/14-sobrevivientes-tras-naufragio-del-argos-georgia-cerca-de-malvinas\/#breadcrumb"},"inLanguage":"es","potentialAction":[{"@type":"ReadAction","target":["https:\/\/www.eldiario.net\/portal\/2024\/07\/24\/14-sobrevivientes-tras-naufragio-del-argos-georgia-cerca-de-malvinas\/"]}]},{"@type":"ImageObject","inLanguage":"es","@id":"https:\/\/www.eldiario.net\/portal\/2024\/07\/24\/14-sobrevivientes-tras-naufragio-del-argos-georgia-cerca-de-malvinas\/#primaryimage","url":"https:\/\/www.eldiario.net\/portal\/wp-content\/uploads\/2024\/07\/localizacion-argos-abc.webp","contentUrl":"https:\/\/www.eldiario.net\/portal\/wp-content\/uploads\/2024\/07\/localizacion-argos-abc.webp","width":1200,"height":840,"caption":"Lugar donde se registr\u00f3 el naufragio del pesquero \"Argos Georgia\", con 27 tripulantes. CR\u00c9DITO: ABC"},{"@type":"BreadcrumbList","@id":"https:\/\/www.eldiario.net\/portal\/2024\/07\/24\/14-sobrevivientes-tras-naufragio-del-argos-georgia-cerca-de-malvinas\/#breadcrumb","itemListElement":[{"@type":"ListItem","position":1,"name":"Portada","item":"https:\/\/www.eldiario.net\/portal\/"},{"@type":"ListItem","position":2,"name":"14 sobrevivientes tras naufragio del \u00abArgos Georgia\u00bb cerca de Malvinas"}]},{"@type":"WebSite","@id":"https:\/\/www.eldiario.net\/portal\/#website","url":"https:\/\/www.eldiario.net\/portal\/","name":"El Diario - Decano de la prensa nacional","description":"El Diario - Decano de la prensa nacional","publisher":{"@id":"https:\/\/www.eldiario.net\/portal\/#organization"},"potentialAction":[{"@type":"SearchAction","target":{"@type":"EntryPoint","urlTemplate":"https:\/\/www.eldiario.net\/portal\/?s={search_term_string}"},"query-input":{"@type":"PropertyValueSpecification","valueRequired":true,"valueName":"search_term_string"}}],"inLanguage":"es"},{"@type":"Organization","@id":"https:\/\/www.eldiario.net\/portal\/#organization","name":"El Diario - Decano de la prensa nacional","url":"https:\/\/www.eldiario.net\/portal\/","logo":{"@type":"ImageObject","inLanguage":"es","@id":"https:\/\/www.eldiario.net\/portal\/#\/schema\/logo\/image\/","url":"https:\/\/www.eldiario.net\/portal\/wp-content\/uploads\/2023\/07\/logo_ED.jpg","contentUrl":"https:\/\/www.eldiario.net\/portal\/wp-content\/uploads\/2023\/07\/logo_ED.jpg","width":272,"height":52,"caption":"El Diario - Decano de la prensa nacional"},"image":{"@id":"https:\/\/www.eldiario.net\/portal\/#\/schema\/logo\/image\/"},"sameAs":["https:\/\/www.facebook.com\/eldiario.bolivia\/","https:\/\/x.com\/eldiario_net"]},{"@type":"Person","@id":"https:\/\/www.eldiario.net\/portal\/#\/schema\/person\/f46445640444750d7d753ccd04ae01b7","name":"Jeanette","image":{"@type":"ImageObject","inLanguage":"es","@id":"https:\/\/secure.gravatar.com\/avatar\/3ea2118a5f7dad2b7138b1187a6b7ee55f160b9968b66013c3a3ef39dd7e5798?s=96&d=mm&r=g","url":"https:\/\/secure.gravatar.com\/avatar\/3ea2118a5f7dad2b7138b1187a6b7ee55f160b9968b66013c3a3ef39dd7e5798?s=96&d=mm&r=g","contentUrl":"https:\/\/secure.gravatar.com\/avatar\/3ea2118a5f7dad2b7138b1187a6b7ee55f160b9968b66013c3a3ef39dd7e5798?s=96&d=mm&r=g","caption":"Jeanette"},"sameAs":["https:\/\/www.eldiario.net\/portal"],"url":"https:\/\/www.eldiario.net\/portal\/author\/jeanette\/"}]}},"_links":{"self":[{"href":"https:\/\/www.eldiario.net\/portal\/wp-json\/wp\/v2\/posts\/235879","targetHints":{"allow":["GET"]}}],"collection":[{"href":"https:\/\/www.eldiario.net\/portal\/wp-json\/wp\/v2\/posts"}],"about":[{"href":"https:\/\/www.eldiario.net\/portal\/wp-json\/wp\/v2\/types\/post"}],"author":[{"embeddable":true,"href":"https:\/\/www.eldiario.net\/portal\/wp-json\/wp\/v2\/users\/1"}],"replies":[{"embeddable":true,"href":"https:\/\/www.eldiario.net\/portal\/wp-json\/wp\/v2\/comments?post=235879"}],"version-history":[{"count":1,"href":"https:\/\/www.eldiario.net\/portal\/wp-json\/wp\/v2\/posts\/235879\/revisions"}],"predecessor-version":[{"id":235881,"href":"https:\/\/www.eldiario.net\/portal\/wp-json\/wp\/v2\/posts\/235879\/revisions\/235881"}],"wp:featuredmedia":[{"embeddable":true,"href":"https:\/\/www.eldiario.net\/portal\/wp-json\/wp\/v2\/media\/235880"}],"wp:attachment":[{"href":"https:\/\/www.eldiario.net\/portal\/wp-json\/wp\/v2\/media?parent=235879"}],"wp:term":[{"taxonomy":"category","embeddable":true,"href":"https:\/\/www.eldiario.net\/portal\/wp-json\/wp\/v2\/categories?post=235879"},{"taxonomy":"post_tag","embeddable":true,"href":"https:\/\/www.eldiario.net\/portal\/wp-json\/wp\/v2\/tags?post=235879"}],"curies":[{"name":"wp","href":"https:\/\/api.w.org\/{rel}","templated":true}]}}