{"id":23570,"date":"2021-08-15T05:56:03","date_gmt":"2021-08-15T09:56:03","guid":{"rendered":"https:\/\/www.eldiario.net\/portal\/?p=23570"},"modified":"2021-08-15T05:56:03","modified_gmt":"2021-08-15T09:56:03","slug":"no-es-tolerable-el-atropello-que-se-comete-contra-la-expresidenta","status":"publish","type":"post","link":"https:\/\/www.eldiario.net\/portal\/2021\/08\/15\/no-es-tolerable-el-atropello-que-se-comete-contra-la-expresidenta\/","title":{"rendered":"\u201cNo es tolerable el atropello que  se comete contra la expresidenta\u201d"},"content":{"rendered":"<p>Juan del Granado, abogado y exalcalde de La Paz, manifest\u00f3 que el \u201catropello\u201d a la expresidenta Jeanine A\u00f1ez ya no es tolerable porque se le ha privado de todas las \u201cgarant\u00edas jurisdiccionales y acciones de defensa\u201d que prev\u00e9 el texto constitucional en su T\u00edtulo IV, y se est\u00e1 camino a privarle del derecho fundamental a la vida, a la integridad f\u00edsica y psicol\u00f3gica que consagra el art\u00edculo 15 de la Constituci\u00f3n Pol\u00edtica del Estado.<br \/>\n\u201cProbablemente hoy los gobernantes me tilden de \u2018janinista\u2019, pero los \u00faltimos desmanes judiciales de fraccionar el juicio en dos, solo para ampliar la detenci\u00f3n preventiva por seis meses, y la negativa a una internaci\u00f3n y tratamiento hospitalario, dan cuenta de los extremos inaceptables de venganza a los que est\u00e1 llegando el gobierno de Arce, llevando hasta la verg\u00fcenza el sometimiento de jueces y fiscales. Debemos detener estos actos tir\u00e1nicos para preservar la democracia, generar m\u00ednimos escenarios de concertaci\u00f3n que cierren el camino de nuevos enfrentamientos, y salir de esta crisis estatal originada en la ausencia de propuestas de mediano y largo alcance de los l\u00edderes pol\u00edticos\u201d, dijo.<br \/>\nEn ese marco, apunt\u00f3 que la reforma de la justicia es imprescindible para tener jueces independientes, un presupuesto judicial \u201cdigno\u201d y para desterrar la corrupci\u00f3n, el hacinamiento carcelario y el autoritarismo.<br \/>\n\u201cCon nuestra miserable administraci\u00f3n judicial est\u00e1 en riesgo la convivencia democr\u00e1tica. La reforma de la justicia ya no podemos esperarla del Gobierno, y por ello estamos trabajando en una propuesta desde la sociedad, para que sea la gente la que la impulse a trav\u00e9s de un referendo ciudadano\u201d, apunt\u00f3.<br \/>\nAsimismo, manifest\u00f3 que debe efectuarse un esfuerzo, as\u00ed sea inicial, de concertaci\u00f3n para detener los atropellos. Y ello no puede significar \u201cborrones\u201d para la impunidad de nadie, porque los hechos del pasado reciente tienen que investigarse, esclarecerse y sancionarse, como deber\u00edan sancionarse todos los hechos delictivos de todos los exgobernantes impunes.<br \/>\n\u201cLa concertaci\u00f3n deber\u00eda parar los atropellos e impedir la impunidad investigando los delitos. El primer paso podr\u00eda ser el juicio de responsabilidades a los exgobernantes transitorios y, en espec\u00edfico, a la expresidenta A\u00f1ez que ya tiene al menos cuatro requerimientos acusatorios del Fiscal General que est\u00e1n a la espera de la autorizaci\u00f3n legislativa que, por 2\/3, exige la Constituci\u00f3n, para que luego el Tribunal Supremo juzgue en \u00fanica instancia\u201d, explic\u00f3.<br \/>\nDel Granado indic\u00f3 que el Movimiento al Socialismo (MAS) no tiene los 2\/3 en el legislativo y por ello el acuerdo parlamentario para lograrlos con el concurso de la oposici\u00f3n, deber\u00eda ser el punto de partida para este primer momento de concertaci\u00f3n.<br \/>\n\u201cEl acuerdo parlamentario b\u00e1sico ser\u00e1 contra la impunidad para investigar los delitos, pero terminando los abusos y restableciendo el debido proceso\u201d, apunt\u00f3.<br \/>\nEn criterio de la exautoridad se deber\u00eda iniciar un debido proceso partiendo del inicio de un juicio de responsabilidades contra la expresidenta Jeanine A\u00f1ez por todos los supuestos delitos que habr\u00eda cometido en ejercicio de sus funciones.<br \/>\nAclar\u00f3 que el juicio debiera tramitarse, de acuerdo con la Constituci\u00f3n y la Ley de Responsabilidades, ante el Tribunal Supremo, que tiene que restablecer para los acusados todas las garant\u00edas jurisdiccionales previstas por los Arts. 109 y siguientes de la Constituci\u00f3n, especialmente la presunci\u00f3n de inocencia y el derecho a la defensa.<br \/>\n\u201cTodos los procesos iniciados y todos los sindicados o imputados, deber\u00e1n ser procesados ante el Tribunal Supremo en aplicaci\u00f3n del Art. 117-II de la Constituci\u00f3n y el Art. 6 de la Ley 044 de Responsabilidades que determina: Quienes tuvieran cualquier forma de participaci\u00f3n delictiva con las autoridades (\u2026) ser\u00e1n enjuiciados conjuntamente la causa principal\u201d, apunt\u00f3.<br \/>\nAsimismo, dijo que el Tribunal Supremo deber\u00e1 determinar la cesaci\u00f3n de toda detenci\u00f3n preventiva, disponiendo las medidas sustitutivas necesarias para garantizar la presencia de los acusados y el desarrollo pleno del proceso.<br \/>\nLa Asamblea Legislativa a tiempo de expedir la autorizaci\u00f3n de juicio de responsabilidades designar\u00e1 una comisi\u00f3n plural para la veedur\u00eda del mismo, o solicitar\u00e1 tal veedur\u00eda a las Naciones Unidas, asegur\u00f3.<\/p>\n<figure id=\"attachment_23572\" aria-describedby=\"caption-attachment-23572\" style=\"width: 300px\" class=\"wp-caption aligncenter\"><a href=\"https:\/\/www.eldiario.net\/portal\/wp-content\/uploads\/2021\/08\/GRANADO.jpg\"><img loading=\"lazy\" decoding=\"async\" class=\"size-medium wp-image-23572\" src=\"https:\/\/www.eldiario.net\/portal\/wp-content\/uploads\/2021\/08\/GRANADO-300x168.jpg\" alt=\"\" width=\"300\" height=\"168\" \/><\/a><figcaption id=\"caption-attachment-23572\" class=\"wp-caption-text\">JUAN DEL GRANADO, ABOGADO Y EXALCALDE DE LA PAZ. APG<\/figcaption><\/figure>\n","protected":false},"excerpt":{"rendered":"<p>Juan del Granado, abogado y exalcalde de La Paz, manifest\u00f3 que el \u201catropello\u201d a la expresidenta Jeanine A\u00f1ez ya no es tolerable porque se le ha privado de todas las \u201cgarant\u00edas jurisdiccionales y acciones de defensa\u201d que prev\u00e9 el texto constitucional en su T\u00edtulo IV, y se est\u00e1 camino a privarle del derecho fundamental a [&hellip;]<\/p>\n","protected":false},"author":1,"featured_media":23571,"comment_status":"closed","ping_status":"closed","sticky":false,"template":"","format":"standard","meta":{"_acf_changed":false,"footnotes":""},"categories":[14],"tags":[],"class_list":["post-23570","post","type-post","status-publish","format-standard","has-post-thumbnail","category-politica"],"acf":{"antetitulo":""},"yoast_head":"<!-- This site is optimized with the Yoast SEO plugin v28.3 - https:\/\/yoast.com\/product\/yoast-seo-wordpress\/ -->\n<title>\u201cNo es tolerable el atropello que se comete contra la expresidenta\u201d - El Diario - Bolivia<\/title>\n<meta name=\"robots\" content=\"index, follow, max-snippet:-1, max-image-preview:large, max-video-preview:-1\" \/>\n<link rel=\"canonical\" href=\"https:\/\/www.eldiario.net\/portal\/2021\/08\/15\/no-es-tolerable-el-atropello-que-se-comete-contra-la-expresidenta\/\" \/>\n<meta property=\"og:locale\" content=\"es_ES\" \/>\n<meta property=\"og:type\" content=\"article\" \/>\n<meta property=\"og:title\" content=\"\u201cNo es tolerable el atropello que se comete contra la expresidenta\u201d - El Diario - Bolivia\" \/>\n<meta property=\"og:description\" content=\"Juan del Granado, abogado y exalcalde de La Paz, manifest\u00f3 que el \u201catropello\u201d a la expresidenta Jeanine A\u00f1ez ya no es tolerable porque se le ha privado de todas las \u201cgarant\u00edas jurisdiccionales y acciones de defensa\u201d que prev\u00e9 el texto constitucional en su T\u00edtulo IV, y se est\u00e1 camino a privarle del derecho fundamental a [&hellip;]\" \/>\n<meta property=\"og:url\" content=\"https:\/\/www.eldiario.net\/portal\/2021\/08\/15\/no-es-tolerable-el-atropello-que-se-comete-contra-la-expresidenta\/\" \/>\n<meta property=\"og:site_name\" content=\"El Diario - Bolivia\" \/>\n<meta property=\"article:publisher\" content=\"https:\/\/www.facebook.com\/eldiario.bolivia\/\" \/>\n<meta property=\"article:published_time\" content=\"2021-08-15T09:56:03+00:00\" \/>\n<meta name=\"author\" content=\"Jeanette\" \/>\n<meta name=\"twitter:card\" content=\"summary_large_image\" \/>\n<meta name=\"twitter:creator\" content=\"@eldiario_net\" \/>\n<meta name=\"twitter:site\" content=\"@eldiario_net\" \/>\n<meta name=\"twitter:label1\" content=\"Escrito por\" \/>\n\t<meta name=\"twitter:data1\" content=\"Jeanette\" \/>\n\t<meta name=\"twitter:label2\" content=\"Tiempo de lectura\" \/>\n\t<meta name=\"twitter:data2\" content=\"4 minutos\" \/>\n<script type=\"application\/ld+json\" class=\"yoast-schema-graph\">{\"@context\":\"https:\\\/\\\/schema.org\",\"@graph\":[{\"@type\":\"Article\",\"@id\":\"https:\\\/\\\/www.eldiario.net\\\/portal\\\/2021\\\/08\\\/15\\\/no-es-tolerable-el-atropello-que-se-comete-contra-la-expresidenta\\\/#article\",\"isPartOf\":{\"@id\":\"https:\\\/\\\/www.eldiario.net\\\/portal\\\/2021\\\/08\\\/15\\\/no-es-tolerable-el-atropello-que-se-comete-contra-la-expresidenta\\\/\"},\"author\":{\"name\":\"Jeanette\",\"@id\":\"https:\\\/\\\/www.eldiario.net\\\/portal\\\/#\\\/schema\\\/person\\\/f46445640444750d7d753ccd04ae01b7\"},\"headline\":\"\u201cNo es tolerable el atropello que se comete contra la expresidenta\u201d\",\"datePublished\":\"2021-08-15T09:56:03+00:00\",\"mainEntityOfPage\":{\"@id\":\"https:\\\/\\\/www.eldiario.net\\\/portal\\\/2021\\\/08\\\/15\\\/no-es-tolerable-el-atropello-que-se-comete-contra-la-expresidenta\\\/\"},\"wordCount\":726,\"publisher\":{\"@id\":\"https:\\\/\\\/www.eldiario.net\\\/portal\\\/#organization\"},\"image\":{\"@id\":\"https:\\\/\\\/www.eldiario.net\\\/portal\\\/2021\\\/08\\\/15\\\/no-es-tolerable-el-atropello-que-se-comete-contra-la-expresidenta\\\/#primaryimage\"},\"thumbnailUrl\":\"\",\"articleSection\":[\"Pol\u00edtica\"],\"inLanguage\":\"es\"},{\"@type\":\"WebPage\",\"@id\":\"https:\\\/\\\/www.eldiario.net\\\/portal\\\/2021\\\/08\\\/15\\\/no-es-tolerable-el-atropello-que-se-comete-contra-la-expresidenta\\\/\",\"url\":\"https:\\\/\\\/www.eldiario.net\\\/portal\\\/2021\\\/08\\\/15\\\/no-es-tolerable-el-atropello-que-se-comete-contra-la-expresidenta\\\/\",\"name\":\"\u201cNo es tolerable el atropello que se comete contra la expresidenta\u201d - El Diario - Bolivia\",\"isPartOf\":{\"@id\":\"https:\\\/\\\/www.eldiario.net\\\/portal\\\/#website\"},\"primaryImageOfPage\":{\"@id\":\"https:\\\/\\\/www.eldiario.net\\\/portal\\\/2021\\\/08\\\/15\\\/no-es-tolerable-el-atropello-que-se-comete-contra-la-expresidenta\\\/#primaryimage\"},\"image\":{\"@id\":\"https:\\\/\\\/www.eldiario.net\\\/portal\\\/2021\\\/08\\\/15\\\/no-es-tolerable-el-atropello-que-se-comete-contra-la-expresidenta\\\/#primaryimage\"},\"thumbnailUrl\":\"\",\"datePublished\":\"2021-08-15T09:56:03+00:00\",\"breadcrumb\":{\"@id\":\"https:\\\/\\\/www.eldiario.net\\\/portal\\\/2021\\\/08\\\/15\\\/no-es-tolerable-el-atropello-que-se-comete-contra-la-expresidenta\\\/#breadcrumb\"},\"inLanguage\":\"es\",\"potentialAction\":[{\"@type\":\"ReadAction\",\"target\":[\"https:\\\/\\\/www.eldiario.net\\\/portal\\\/2021\\\/08\\\/15\\\/no-es-tolerable-el-atropello-que-se-comete-contra-la-expresidenta\\\/\"]}]},{\"@type\":\"ImageObject\",\"inLanguage\":\"es\",\"@id\":\"https:\\\/\\\/www.eldiario.net\\\/portal\\\/2021\\\/08\\\/15\\\/no-es-tolerable-el-atropello-que-se-comete-contra-la-expresidenta\\\/#primaryimage\",\"url\":\"\",\"contentUrl\":\"\"},{\"@type\":\"BreadcrumbList\",\"@id\":\"https:\\\/\\\/www.eldiario.net\\\/portal\\\/2021\\\/08\\\/15\\\/no-es-tolerable-el-atropello-que-se-comete-contra-la-expresidenta\\\/#breadcrumb\",\"itemListElement\":[{\"@type\":\"ListItem\",\"position\":1,\"name\":\"Portada\",\"item\":\"https:\\\/\\\/www.eldiario.net\\\/portal\\\/\"},{\"@type\":\"ListItem\",\"position\":2,\"name\":\"\u201cNo es tolerable el atropello que se comete contra la expresidenta\u201d\"}]},{\"@type\":\"WebSite\",\"@id\":\"https:\\\/\\\/www.eldiario.net\\\/portal\\\/#website\",\"url\":\"https:\\\/\\\/www.eldiario.net\\\/portal\\\/\",\"name\":\"El Diario - Decano de la prensa nacional\",\"description\":\"El Diario - Decano de la prensa nacional\",\"publisher\":{\"@id\":\"https:\\\/\\\/www.eldiario.net\\\/portal\\\/#organization\"},\"potentialAction\":[{\"@type\":\"SearchAction\",\"target\":{\"@type\":\"EntryPoint\",\"urlTemplate\":\"https:\\\/\\\/www.eldiario.net\\\/portal\\\/?s={search_term_string}\"},\"query-input\":{\"@type\":\"PropertyValueSpecification\",\"valueRequired\":true,\"valueName\":\"search_term_string\"}}],\"inLanguage\":\"es\"},{\"@type\":\"Organization\",\"@id\":\"https:\\\/\\\/www.eldiario.net\\\/portal\\\/#organization\",\"name\":\"El Diario - Decano de la prensa nacional\",\"url\":\"https:\\\/\\\/www.eldiario.net\\\/portal\\\/\",\"logo\":{\"@type\":\"ImageObject\",\"inLanguage\":\"es\",\"@id\":\"https:\\\/\\\/www.eldiario.net\\\/portal\\\/#\\\/schema\\\/logo\\\/image\\\/\",\"url\":\"https:\\\/\\\/www.eldiario.net\\\/portal\\\/wp-content\\\/uploads\\\/2023\\\/07\\\/logo_ED.jpg\",\"contentUrl\":\"https:\\\/\\\/www.eldiario.net\\\/portal\\\/wp-content\\\/uploads\\\/2023\\\/07\\\/logo_ED.jpg\",\"width\":272,\"height\":52,\"caption\":\"El Diario - Decano de la prensa nacional\"},\"image\":{\"@id\":\"https:\\\/\\\/www.eldiario.net\\\/portal\\\/#\\\/schema\\\/logo\\\/image\\\/\"},\"sameAs\":[\"https:\\\/\\\/www.facebook.com\\\/eldiario.bolivia\\\/\",\"https:\\\/\\\/x.com\\\/eldiario_net\"]},{\"@type\":\"Person\",\"@id\":\"https:\\\/\\\/www.eldiario.net\\\/portal\\\/#\\\/schema\\\/person\\\/f46445640444750d7d753ccd04ae01b7\",\"name\":\"Jeanette\",\"image\":{\"@type\":\"ImageObject\",\"inLanguage\":\"es\",\"@id\":\"https:\\\/\\\/secure.gravatar.com\\\/avatar\\\/3ea2118a5f7dad2b7138b1187a6b7ee55f160b9968b66013c3a3ef39dd7e5798?s=96&d=mm&r=g\",\"url\":\"https:\\\/\\\/secure.gravatar.com\\\/avatar\\\/3ea2118a5f7dad2b7138b1187a6b7ee55f160b9968b66013c3a3ef39dd7e5798?s=96&d=mm&r=g\",\"contentUrl\":\"https:\\\/\\\/secure.gravatar.com\\\/avatar\\\/3ea2118a5f7dad2b7138b1187a6b7ee55f160b9968b66013c3a3ef39dd7e5798?s=96&d=mm&r=g\",\"caption\":\"Jeanette\"},\"sameAs\":[\"https:\\\/\\\/www.eldiario.net\\\/portal\"],\"url\":\"https:\\\/\\\/www.eldiario.net\\\/portal\\\/author\\\/jeanette\\\/\"}]}<\/script>\n<!-- \/ Yoast SEO plugin. -->","yoast_head_json":{"title":"\u201cNo es tolerable el atropello que se comete contra la expresidenta\u201d - El Diario - Bolivia","robots":{"index":"index","follow":"follow","max-snippet":"max-snippet:-1","max-image-preview":"max-image-preview:large","max-video-preview":"max-video-preview:-1"},"canonical":"https:\/\/www.eldiario.net\/portal\/2021\/08\/15\/no-es-tolerable-el-atropello-que-se-comete-contra-la-expresidenta\/","og_locale":"es_ES","og_type":"article","og_title":"\u201cNo es tolerable el atropello que se comete contra la expresidenta\u201d - El Diario - Bolivia","og_description":"Juan del Granado, abogado y exalcalde de La Paz, manifest\u00f3 que el \u201catropello\u201d a la expresidenta Jeanine A\u00f1ez ya no es tolerable porque se le ha privado de todas las \u201cgarant\u00edas jurisdiccionales y acciones de defensa\u201d que prev\u00e9 el texto constitucional en su T\u00edtulo IV, y se est\u00e1 camino a privarle del derecho fundamental a [&hellip;]","og_url":"https:\/\/www.eldiario.net\/portal\/2021\/08\/15\/no-es-tolerable-el-atropello-que-se-comete-contra-la-expresidenta\/","og_site_name":"El Diario - Bolivia","article_publisher":"https:\/\/www.facebook.com\/eldiario.bolivia\/","article_published_time":"2021-08-15T09:56:03+00:00","author":"Jeanette","twitter_card":"summary_large_image","twitter_creator":"@eldiario_net","twitter_site":"@eldiario_net","twitter_misc":{"Escrito por":"Jeanette","Tiempo de lectura":"4 minutos"},"schema":{"@context":"https:\/\/schema.org","@graph":[{"@type":"Article","@id":"https:\/\/www.eldiario.net\/portal\/2021\/08\/15\/no-es-tolerable-el-atropello-que-se-comete-contra-la-expresidenta\/#article","isPartOf":{"@id":"https:\/\/www.eldiario.net\/portal\/2021\/08\/15\/no-es-tolerable-el-atropello-que-se-comete-contra-la-expresidenta\/"},"author":{"name":"Jeanette","@id":"https:\/\/www.eldiario.net\/portal\/#\/schema\/person\/f46445640444750d7d753ccd04ae01b7"},"headline":"\u201cNo es tolerable el atropello que se comete contra la expresidenta\u201d","datePublished":"2021-08-15T09:56:03+00:00","mainEntityOfPage":{"@id":"https:\/\/www.eldiario.net\/portal\/2021\/08\/15\/no-es-tolerable-el-atropello-que-se-comete-contra-la-expresidenta\/"},"wordCount":726,"publisher":{"@id":"https:\/\/www.eldiario.net\/portal\/#organization"},"image":{"@id":"https:\/\/www.eldiario.net\/portal\/2021\/08\/15\/no-es-tolerable-el-atropello-que-se-comete-contra-la-expresidenta\/#primaryimage"},"thumbnailUrl":"","articleSection":["Pol\u00edtica"],"inLanguage":"es"},{"@type":"WebPage","@id":"https:\/\/www.eldiario.net\/portal\/2021\/08\/15\/no-es-tolerable-el-atropello-que-se-comete-contra-la-expresidenta\/","url":"https:\/\/www.eldiario.net\/portal\/2021\/08\/15\/no-es-tolerable-el-atropello-que-se-comete-contra-la-expresidenta\/","name":"\u201cNo es tolerable el atropello que se comete contra la expresidenta\u201d - El Diario - Bolivia","isPartOf":{"@id":"https:\/\/www.eldiario.net\/portal\/#website"},"primaryImageOfPage":{"@id":"https:\/\/www.eldiario.net\/portal\/2021\/08\/15\/no-es-tolerable-el-atropello-que-se-comete-contra-la-expresidenta\/#primaryimage"},"image":{"@id":"https:\/\/www.eldiario.net\/portal\/2021\/08\/15\/no-es-tolerable-el-atropello-que-se-comete-contra-la-expresidenta\/#primaryimage"},"thumbnailUrl":"","datePublished":"2021-08-15T09:56:03+00:00","breadcrumb":{"@id":"https:\/\/www.eldiario.net\/portal\/2021\/08\/15\/no-es-tolerable-el-atropello-que-se-comete-contra-la-expresidenta\/#breadcrumb"},"inLanguage":"es","potentialAction":[{"@type":"ReadAction","target":["https:\/\/www.eldiario.net\/portal\/2021\/08\/15\/no-es-tolerable-el-atropello-que-se-comete-contra-la-expresidenta\/"]}]},{"@type":"ImageObject","inLanguage":"es","@id":"https:\/\/www.eldiario.net\/portal\/2021\/08\/15\/no-es-tolerable-el-atropello-que-se-comete-contra-la-expresidenta\/#primaryimage","url":"","contentUrl":""},{"@type":"BreadcrumbList","@id":"https:\/\/www.eldiario.net\/portal\/2021\/08\/15\/no-es-tolerable-el-atropello-que-se-comete-contra-la-expresidenta\/#breadcrumb","itemListElement":[{"@type":"ListItem","position":1,"name":"Portada","item":"https:\/\/www.eldiario.net\/portal\/"},{"@type":"ListItem","position":2,"name":"\u201cNo es tolerable el atropello que se comete contra la expresidenta\u201d"}]},{"@type":"WebSite","@id":"https:\/\/www.eldiario.net\/portal\/#website","url":"https:\/\/www.eldiario.net\/portal\/","name":"El Diario - Decano de la prensa nacional","description":"El Diario - Decano de la prensa nacional","publisher":{"@id":"https:\/\/www.eldiario.net\/portal\/#organization"},"potentialAction":[{"@type":"SearchAction","target":{"@type":"EntryPoint","urlTemplate":"https:\/\/www.eldiario.net\/portal\/?s={search_term_string}"},"query-input":{"@type":"PropertyValueSpecification","valueRequired":true,"valueName":"search_term_string"}}],"inLanguage":"es"},{"@type":"Organization","@id":"https:\/\/www.eldiario.net\/portal\/#organization","name":"El Diario - Decano de la prensa nacional","url":"https:\/\/www.eldiario.net\/portal\/","logo":{"@type":"ImageObject","inLanguage":"es","@id":"https:\/\/www.eldiario.net\/portal\/#\/schema\/logo\/image\/","url":"https:\/\/www.eldiario.net\/portal\/wp-content\/uploads\/2023\/07\/logo_ED.jpg","contentUrl":"https:\/\/www.eldiario.net\/portal\/wp-content\/uploads\/2023\/07\/logo_ED.jpg","width":272,"height":52,"caption":"El Diario - Decano de la prensa nacional"},"image":{"@id":"https:\/\/www.eldiario.net\/portal\/#\/schema\/logo\/image\/"},"sameAs":["https:\/\/www.facebook.com\/eldiario.bolivia\/","https:\/\/x.com\/eldiario_net"]},{"@type":"Person","@id":"https:\/\/www.eldiario.net\/portal\/#\/schema\/person\/f46445640444750d7d753ccd04ae01b7","name":"Jeanette","image":{"@type":"ImageObject","inLanguage":"es","@id":"https:\/\/secure.gravatar.com\/avatar\/3ea2118a5f7dad2b7138b1187a6b7ee55f160b9968b66013c3a3ef39dd7e5798?s=96&d=mm&r=g","url":"https:\/\/secure.gravatar.com\/avatar\/3ea2118a5f7dad2b7138b1187a6b7ee55f160b9968b66013c3a3ef39dd7e5798?s=96&d=mm&r=g","contentUrl":"https:\/\/secure.gravatar.com\/avatar\/3ea2118a5f7dad2b7138b1187a6b7ee55f160b9968b66013c3a3ef39dd7e5798?s=96&d=mm&r=g","caption":"Jeanette"},"sameAs":["https:\/\/www.eldiario.net\/portal"],"url":"https:\/\/www.eldiario.net\/portal\/author\/jeanette\/"}]}},"_links":{"self":[{"href":"https:\/\/www.eldiario.net\/portal\/wp-json\/wp\/v2\/posts\/23570","targetHints":{"allow":["GET"]}}],"collection":[{"href":"https:\/\/www.eldiario.net\/portal\/wp-json\/wp\/v2\/posts"}],"about":[{"href":"https:\/\/www.eldiario.net\/portal\/wp-json\/wp\/v2\/types\/post"}],"author":[{"embeddable":true,"href":"https:\/\/www.eldiario.net\/portal\/wp-json\/wp\/v2\/users\/1"}],"replies":[{"embeddable":true,"href":"https:\/\/www.eldiario.net\/portal\/wp-json\/wp\/v2\/comments?post=23570"}],"version-history":[{"count":0,"href":"https:\/\/www.eldiario.net\/portal\/wp-json\/wp\/v2\/posts\/23570\/revisions"}],"wp:attachment":[{"href":"https:\/\/www.eldiario.net\/portal\/wp-json\/wp\/v2\/media?parent=23570"}],"wp:term":[{"taxonomy":"category","embeddable":true,"href":"https:\/\/www.eldiario.net\/portal\/wp-json\/wp\/v2\/categories?post=23570"},{"taxonomy":"post_tag","embeddable":true,"href":"https:\/\/www.eldiario.net\/portal\/wp-json\/wp\/v2\/tags?post=23570"}],"curies":[{"name":"wp","href":"https:\/\/api.w.org\/{rel}","templated":true}]}}