{"id":23547,"date":"2021-08-15T05:45:21","date_gmt":"2021-08-15T09:45:21","guid":{"rendered":"https:\/\/www.eldiario.net\/portal\/?p=23547"},"modified":"2021-08-15T05:45:21","modified_gmt":"2021-08-15T09:45:21","slug":"la-necesidad-de-unificar-la-normativa-aeronautica-civil-en-sudamerica","status":"publish","type":"post","link":"https:\/\/www.eldiario.net\/portal\/2021\/08\/15\/la-necesidad-de-unificar-la-normativa-aeronautica-civil-en-sudamerica\/","title":{"rendered":"La necesidad de unificar la normativa  aeron\u00e1utica civil en Sudam\u00e9rica"},"content":{"rendered":"<p>En Sud Am\u00e9rica cada pa\u00eds tiene su propia normativa legal, la cual regula las actividades aeron\u00e1uticas en sus respectivos Estados, todas ellas enmarcadas en lo preceptuado principalmente por los convenios de Varsovia de 1929 y de Chicago de 1944, en donde se hizo hincapi\u00e9 sobre el desarrollo seguro y ordenado de la aviaci\u00f3n civil.<br \/>\nSi bien en la mayor\u00eda de los casos dichas normas nacionales son similares entre s\u00ed y buscan los mismos objetivos, tambi\u00e9n es evidente que tienen m\u00faltiples y variadas diferencias.<br \/>\nAl ser la actividad de la aviaci\u00f3n civil una actividad internacional debido a su propia naturaleza de integraci\u00f3n, ya sea en el transporte de personas o de mercanc\u00edas, una ampulosa variedad normativa no facilita las operaciones a\u00e9reas ni las actividades con ellas relacionadas.<br \/>\nActualmente, los operadores aeron\u00e1uticos tienen la necesidad de conocer las normas de cada pa\u00eds que rigen al sector, lo que se dificulta si existe mucha variedad; no olvidemos que en una sola jornada una aeronave puede encontrarse en el territorio o en el espacio a\u00e9reo de dos o m\u00e1s estados.<br \/>\nEn ese entendido, los pa\u00edses de Sud Am\u00e9rica buscando la uniformidad legislativa y dado que encaran desaf\u00edos comunes, podr\u00edan ponerse de acuerdo en estandarizar y homogenizar normas, alcances, procedimientos, definiciones, contravenciones, sanciones etc., creando un solo cuerpo jur\u00eddico que podr\u00eda denominarse C\u00f3digo Aeron\u00e1utico Sudamericano, que traer\u00eda entre otros los siguientes beneficios:<br \/>\n&#8211; Simplificar\u00eda la obtenci\u00f3n de permisos y procedimientos de operaci\u00f3n de cada operador a\u00e9reo.<br \/>\n&#8211; La soluci\u00f3n de controversias ser\u00eda m\u00e1s fluida permitiendo a los profesionales abogados aeron\u00e1uticos el representar en otros pa\u00edses a sus clientes y realizar tareas de asesoramiento, jur\u00eddico sobre asuntos regulatorios, elaboraci\u00f3n y revisi\u00f3n de contratos y obligaciones emergentes de los mismos, tr\u00e1mite e inscripciones ante a las autoridades de aeron\u00e1utica civil de los respectivos pa\u00edses, as\u00ed como certificaciones y registros de aeronaves.<br \/>\n&#8211; Mejorar\u00e1 la seguridad operacional tanto en conceptos como Safety y Security, establecido un est\u00e1ndar elevado y homologado para todos los pa\u00edses.<br \/>\n&#8211; Establecer\u00e1 criterios y procedimientos uniformes para la interceptaci\u00f3n de aeronaves il\u00edcitas en el espacio a\u00e9reo de los pa\u00edses miembros.<br \/>\n&#8211; Los derechos y obligaciones del personal aeron\u00e1utico estar\u00edan uniformadas permitiendo una interoperabilidad y despliegue laboral de personal.<br \/>\n&#8211; La colaboraci\u00f3n entre entidades rectoras de la aviaci\u00f3n civil de cada pa\u00eds ser\u00eda m\u00e1s fluida y sencilla.<br \/>\nLa elaboraci\u00f3n del mencionado C\u00f3digo se ver\u00eda enriquecida por las experiencias de todos y cada uno de pa\u00edses, lo que dar\u00e1 por resultado un cuerpo legal muy pr\u00e1ctico y flexible, apto para ser aplicado en las m\u00e1s diversas circunstancias y el que cubra de una manera eficiente las necesidades y problemas de la actividad aeron\u00e1utica, as\u00ed como de del personal y de los servicios relacionados con la misma.<br \/>\nEl hecho de que la inmensa mayor\u00eda de los pa\u00edses de la regi\u00f3n compartan el mismo idioma simplifica en grado extremo la tarea de contar con un C\u00f3digo Aeron\u00e1utico unificado, ya que entre otras cosas elimina la engorrosa tarea de traducciones y evita diversas interpretaciones de los enunciados.<br \/>\nEsta norma ser\u00eda el fin \u00faltimo de la internacionalizaci\u00f3n del derecho aeron\u00e1utico.<br \/>\nEl C\u00f3digo Aeron\u00e1utico Sud Americano podr\u00eda ser el ejemplo a seguir para los dem\u00e1s pa\u00edses de Am\u00e9rica.<\/p>\n<p>El autor es abogado, vicepresidente del Instituto Boliviano de Derecho Aeron\u00e1utico, Espacial y de Aviaci\u00f3n Civil.<\/p>\n","protected":false},"excerpt":{"rendered":"<p>En Sud Am\u00e9rica cada pa\u00eds tiene su propia normativa legal, la cual regula las actividades aeron\u00e1uticas en sus respectivos Estados, todas ellas enmarcadas en lo preceptuado principalmente por los convenios de Varsovia de 1929 y de Chicago de 1944, en donde se hizo hincapi\u00e9 sobre el desarrollo seguro y ordenado de la aviaci\u00f3n civil. Si [&hellip;]<\/p>\n","protected":false},"author":1,"featured_media":0,"comment_status":"closed","ping_status":"closed","sticky":false,"template":"","format":"standard","meta":{"_acf_changed":false,"footnotes":""},"categories":[9],"tags":[],"class_list":["post-23547","post","type-post","status-publish","format-standard","category-opinion"],"acf":{"antetitulo":""},"yoast_head":"<!-- This site is optimized with the Yoast SEO plugin v28.4 - https:\/\/yoast.com\/product\/yoast-seo-wordpress\/ -->\n<title>La necesidad de unificar la normativa aeron\u00e1utica civil en Sudam\u00e9rica - El Diario - Bolivia<\/title>\n<meta name=\"robots\" content=\"index, follow, max-snippet:-1, max-image-preview:large, max-video-preview:-1\" \/>\n<link rel=\"canonical\" href=\"https:\/\/www.eldiario.net\/portal\/2021\/08\/15\/la-necesidad-de-unificar-la-normativa-aeronautica-civil-en-sudamerica\/\" \/>\n<meta property=\"og:locale\" content=\"es_ES\" \/>\n<meta property=\"og:type\" content=\"article\" \/>\n<meta property=\"og:title\" content=\"La necesidad de unificar la normativa aeron\u00e1utica civil en Sudam\u00e9rica - El Diario - Bolivia\" \/>\n<meta property=\"og:description\" content=\"En Sud Am\u00e9rica cada pa\u00eds tiene su propia normativa legal, la cual regula las actividades aeron\u00e1uticas en sus respectivos Estados, todas ellas enmarcadas en lo preceptuado principalmente por los convenios de Varsovia de 1929 y de Chicago de 1944, en donde se hizo hincapi\u00e9 sobre el desarrollo seguro y ordenado de la aviaci\u00f3n civil. Si [&hellip;]\" \/>\n<meta property=\"og:url\" content=\"https:\/\/www.eldiario.net\/portal\/2021\/08\/15\/la-necesidad-de-unificar-la-normativa-aeronautica-civil-en-sudamerica\/\" \/>\n<meta property=\"og:site_name\" content=\"El Diario - Bolivia\" \/>\n<meta property=\"article:publisher\" content=\"https:\/\/www.facebook.com\/eldiario.bolivia\/\" \/>\n<meta property=\"article:published_time\" content=\"2021-08-15T09:45:21+00:00\" \/>\n<meta name=\"author\" content=\"Jeanette\" \/>\n<meta name=\"twitter:card\" content=\"summary_large_image\" \/>\n<meta name=\"twitter:creator\" content=\"@eldiario_net\" \/>\n<meta name=\"twitter:site\" content=\"@eldiario_net\" \/>\n<meta name=\"twitter:label1\" content=\"Escrito por\" \/>\n\t<meta name=\"twitter:data1\" content=\"Jeanette\" \/>\n\t<meta name=\"twitter:label2\" content=\"Tiempo de lectura\" \/>\n\t<meta name=\"twitter:data2\" content=\"3 minutos\" \/>\n<script type=\"application\/ld+json\" class=\"yoast-schema-graph\">{\"@context\":\"https:\\\/\\\/schema.org\",\"@graph\":[{\"@type\":\"Article\",\"@id\":\"https:\\\/\\\/www.eldiario.net\\\/portal\\\/2021\\\/08\\\/15\\\/la-necesidad-de-unificar-la-normativa-aeronautica-civil-en-sudamerica\\\/#article\",\"isPartOf\":{\"@id\":\"https:\\\/\\\/www.eldiario.net\\\/portal\\\/2021\\\/08\\\/15\\\/la-necesidad-de-unificar-la-normativa-aeronautica-civil-en-sudamerica\\\/\"},\"author\":{\"name\":\"Jeanette\",\"@id\":\"https:\\\/\\\/www.eldiario.net\\\/portal\\\/#\\\/schema\\\/person\\\/f46445640444750d7d753ccd04ae01b7\"},\"headline\":\"La necesidad de unificar la normativa aeron\u00e1utica civil en Sudam\u00e9rica\",\"datePublished\":\"2021-08-15T09:45:21+00:00\",\"mainEntityOfPage\":{\"@id\":\"https:\\\/\\\/www.eldiario.net\\\/portal\\\/2021\\\/08\\\/15\\\/la-necesidad-de-unificar-la-normativa-aeronautica-civil-en-sudamerica\\\/\"},\"wordCount\":628,\"publisher\":{\"@id\":\"https:\\\/\\\/www.eldiario.net\\\/portal\\\/#organization\"},\"articleSection\":[\"Opini\u00f3n\"],\"inLanguage\":\"es\"},{\"@type\":\"WebPage\",\"@id\":\"https:\\\/\\\/www.eldiario.net\\\/portal\\\/2021\\\/08\\\/15\\\/la-necesidad-de-unificar-la-normativa-aeronautica-civil-en-sudamerica\\\/\",\"url\":\"https:\\\/\\\/www.eldiario.net\\\/portal\\\/2021\\\/08\\\/15\\\/la-necesidad-de-unificar-la-normativa-aeronautica-civil-en-sudamerica\\\/\",\"name\":\"La necesidad de unificar la normativa aeron\u00e1utica civil en Sudam\u00e9rica - El Diario - Bolivia\",\"isPartOf\":{\"@id\":\"https:\\\/\\\/www.eldiario.net\\\/portal\\\/#website\"},\"datePublished\":\"2021-08-15T09:45:21+00:00\",\"breadcrumb\":{\"@id\":\"https:\\\/\\\/www.eldiario.net\\\/portal\\\/2021\\\/08\\\/15\\\/la-necesidad-de-unificar-la-normativa-aeronautica-civil-en-sudamerica\\\/#breadcrumb\"},\"inLanguage\":\"es\",\"potentialAction\":[{\"@type\":\"ReadAction\",\"target\":[\"https:\\\/\\\/www.eldiario.net\\\/portal\\\/2021\\\/08\\\/15\\\/la-necesidad-de-unificar-la-normativa-aeronautica-civil-en-sudamerica\\\/\"]}]},{\"@type\":\"BreadcrumbList\",\"@id\":\"https:\\\/\\\/www.eldiario.net\\\/portal\\\/2021\\\/08\\\/15\\\/la-necesidad-de-unificar-la-normativa-aeronautica-civil-en-sudamerica\\\/#breadcrumb\",\"itemListElement\":[{\"@type\":\"ListItem\",\"position\":1,\"name\":\"Portada\",\"item\":\"https:\\\/\\\/www.eldiario.net\\\/portal\\\/\"},{\"@type\":\"ListItem\",\"position\":2,\"name\":\"La necesidad de unificar la normativa aeron\u00e1utica civil en Sudam\u00e9rica\"}]},{\"@type\":\"WebSite\",\"@id\":\"https:\\\/\\\/www.eldiario.net\\\/portal\\\/#website\",\"url\":\"https:\\\/\\\/www.eldiario.net\\\/portal\\\/\",\"name\":\"El Diario - Decano de la prensa nacional\",\"description\":\"El Diario - Decano de la prensa nacional\",\"publisher\":{\"@id\":\"https:\\\/\\\/www.eldiario.net\\\/portal\\\/#organization\"},\"potentialAction\":[{\"@type\":\"SearchAction\",\"target\":{\"@type\":\"EntryPoint\",\"urlTemplate\":\"https:\\\/\\\/www.eldiario.net\\\/portal\\\/?s={search_term_string}\"},\"query-input\":{\"@type\":\"PropertyValueSpecification\",\"valueRequired\":true,\"valueName\":\"search_term_string\"}}],\"inLanguage\":\"es\"},{\"@type\":\"Organization\",\"@id\":\"https:\\\/\\\/www.eldiario.net\\\/portal\\\/#organization\",\"name\":\"El Diario - Decano de la prensa nacional\",\"url\":\"https:\\\/\\\/www.eldiario.net\\\/portal\\\/\",\"logo\":{\"@type\":\"ImageObject\",\"inLanguage\":\"es\",\"@id\":\"https:\\\/\\\/www.eldiario.net\\\/portal\\\/#\\\/schema\\\/logo\\\/image\\\/\",\"url\":\"https:\\\/\\\/www.eldiario.net\\\/portal\\\/wp-content\\\/uploads\\\/2023\\\/07\\\/logo_ED.jpg\",\"contentUrl\":\"https:\\\/\\\/www.eldiario.net\\\/portal\\\/wp-content\\\/uploads\\\/2023\\\/07\\\/logo_ED.jpg\",\"width\":272,\"height\":52,\"caption\":\"El Diario - Decano de la prensa nacional\"},\"image\":{\"@id\":\"https:\\\/\\\/www.eldiario.net\\\/portal\\\/#\\\/schema\\\/logo\\\/image\\\/\"},\"sameAs\":[\"https:\\\/\\\/www.facebook.com\\\/eldiario.bolivia\\\/\",\"https:\\\/\\\/x.com\\\/eldiario_net\"]},{\"@type\":\"Person\",\"@id\":\"https:\\\/\\\/www.eldiario.net\\\/portal\\\/#\\\/schema\\\/person\\\/f46445640444750d7d753ccd04ae01b7\",\"name\":\"Jeanette\",\"image\":{\"@type\":\"ImageObject\",\"inLanguage\":\"es\",\"@id\":\"https:\\\/\\\/secure.gravatar.com\\\/avatar\\\/3ea2118a5f7dad2b7138b1187a6b7ee55f160b9968b66013c3a3ef39dd7e5798?s=96&d=mm&r=g\",\"url\":\"https:\\\/\\\/secure.gravatar.com\\\/avatar\\\/3ea2118a5f7dad2b7138b1187a6b7ee55f160b9968b66013c3a3ef39dd7e5798?s=96&d=mm&r=g\",\"contentUrl\":\"https:\\\/\\\/secure.gravatar.com\\\/avatar\\\/3ea2118a5f7dad2b7138b1187a6b7ee55f160b9968b66013c3a3ef39dd7e5798?s=96&d=mm&r=g\",\"caption\":\"Jeanette\"},\"sameAs\":[\"https:\\\/\\\/www.eldiario.net\\\/portal\"],\"url\":\"https:\\\/\\\/www.eldiario.net\\\/portal\\\/author\\\/jeanette\\\/\"}]}<\/script>\n<!-- \/ Yoast SEO plugin. -->","yoast_head_json":{"title":"La necesidad de unificar la normativa aeron\u00e1utica civil en Sudam\u00e9rica - El Diario - Bolivia","robots":{"index":"index","follow":"follow","max-snippet":"max-snippet:-1","max-image-preview":"max-image-preview:large","max-video-preview":"max-video-preview:-1"},"canonical":"https:\/\/www.eldiario.net\/portal\/2021\/08\/15\/la-necesidad-de-unificar-la-normativa-aeronautica-civil-en-sudamerica\/","og_locale":"es_ES","og_type":"article","og_title":"La necesidad de unificar la normativa aeron\u00e1utica civil en Sudam\u00e9rica - El Diario - Bolivia","og_description":"En Sud Am\u00e9rica cada pa\u00eds tiene su propia normativa legal, la cual regula las actividades aeron\u00e1uticas en sus respectivos Estados, todas ellas enmarcadas en lo preceptuado principalmente por los convenios de Varsovia de 1929 y de Chicago de 1944, en donde se hizo hincapi\u00e9 sobre el desarrollo seguro y ordenado de la aviaci\u00f3n civil. Si [&hellip;]","og_url":"https:\/\/www.eldiario.net\/portal\/2021\/08\/15\/la-necesidad-de-unificar-la-normativa-aeronautica-civil-en-sudamerica\/","og_site_name":"El Diario - Bolivia","article_publisher":"https:\/\/www.facebook.com\/eldiario.bolivia\/","article_published_time":"2021-08-15T09:45:21+00:00","author":"Jeanette","twitter_card":"summary_large_image","twitter_creator":"@eldiario_net","twitter_site":"@eldiario_net","twitter_misc":{"Escrito por":"Jeanette","Tiempo de lectura":"3 minutos"},"schema":{"@context":"https:\/\/schema.org","@graph":[{"@type":"Article","@id":"https:\/\/www.eldiario.net\/portal\/2021\/08\/15\/la-necesidad-de-unificar-la-normativa-aeronautica-civil-en-sudamerica\/#article","isPartOf":{"@id":"https:\/\/www.eldiario.net\/portal\/2021\/08\/15\/la-necesidad-de-unificar-la-normativa-aeronautica-civil-en-sudamerica\/"},"author":{"name":"Jeanette","@id":"https:\/\/www.eldiario.net\/portal\/#\/schema\/person\/f46445640444750d7d753ccd04ae01b7"},"headline":"La necesidad de unificar la normativa aeron\u00e1utica civil en Sudam\u00e9rica","datePublished":"2021-08-15T09:45:21+00:00","mainEntityOfPage":{"@id":"https:\/\/www.eldiario.net\/portal\/2021\/08\/15\/la-necesidad-de-unificar-la-normativa-aeronautica-civil-en-sudamerica\/"},"wordCount":628,"publisher":{"@id":"https:\/\/www.eldiario.net\/portal\/#organization"},"articleSection":["Opini\u00f3n"],"inLanguage":"es"},{"@type":"WebPage","@id":"https:\/\/www.eldiario.net\/portal\/2021\/08\/15\/la-necesidad-de-unificar-la-normativa-aeronautica-civil-en-sudamerica\/","url":"https:\/\/www.eldiario.net\/portal\/2021\/08\/15\/la-necesidad-de-unificar-la-normativa-aeronautica-civil-en-sudamerica\/","name":"La necesidad de unificar la normativa aeron\u00e1utica civil en Sudam\u00e9rica - El Diario - Bolivia","isPartOf":{"@id":"https:\/\/www.eldiario.net\/portal\/#website"},"datePublished":"2021-08-15T09:45:21+00:00","breadcrumb":{"@id":"https:\/\/www.eldiario.net\/portal\/2021\/08\/15\/la-necesidad-de-unificar-la-normativa-aeronautica-civil-en-sudamerica\/#breadcrumb"},"inLanguage":"es","potentialAction":[{"@type":"ReadAction","target":["https:\/\/www.eldiario.net\/portal\/2021\/08\/15\/la-necesidad-de-unificar-la-normativa-aeronautica-civil-en-sudamerica\/"]}]},{"@type":"BreadcrumbList","@id":"https:\/\/www.eldiario.net\/portal\/2021\/08\/15\/la-necesidad-de-unificar-la-normativa-aeronautica-civil-en-sudamerica\/#breadcrumb","itemListElement":[{"@type":"ListItem","position":1,"name":"Portada","item":"https:\/\/www.eldiario.net\/portal\/"},{"@type":"ListItem","position":2,"name":"La necesidad de unificar la normativa aeron\u00e1utica civil en Sudam\u00e9rica"}]},{"@type":"WebSite","@id":"https:\/\/www.eldiario.net\/portal\/#website","url":"https:\/\/www.eldiario.net\/portal\/","name":"El Diario - Decano de la prensa nacional","description":"El Diario - Decano de la prensa nacional","publisher":{"@id":"https:\/\/www.eldiario.net\/portal\/#organization"},"potentialAction":[{"@type":"SearchAction","target":{"@type":"EntryPoint","urlTemplate":"https:\/\/www.eldiario.net\/portal\/?s={search_term_string}"},"query-input":{"@type":"PropertyValueSpecification","valueRequired":true,"valueName":"search_term_string"}}],"inLanguage":"es"},{"@type":"Organization","@id":"https:\/\/www.eldiario.net\/portal\/#organization","name":"El Diario - Decano de la prensa nacional","url":"https:\/\/www.eldiario.net\/portal\/","logo":{"@type":"ImageObject","inLanguage":"es","@id":"https:\/\/www.eldiario.net\/portal\/#\/schema\/logo\/image\/","url":"https:\/\/www.eldiario.net\/portal\/wp-content\/uploads\/2023\/07\/logo_ED.jpg","contentUrl":"https:\/\/www.eldiario.net\/portal\/wp-content\/uploads\/2023\/07\/logo_ED.jpg","width":272,"height":52,"caption":"El Diario - Decano de la prensa nacional"},"image":{"@id":"https:\/\/www.eldiario.net\/portal\/#\/schema\/logo\/image\/"},"sameAs":["https:\/\/www.facebook.com\/eldiario.bolivia\/","https:\/\/x.com\/eldiario_net"]},{"@type":"Person","@id":"https:\/\/www.eldiario.net\/portal\/#\/schema\/person\/f46445640444750d7d753ccd04ae01b7","name":"Jeanette","image":{"@type":"ImageObject","inLanguage":"es","@id":"https:\/\/secure.gravatar.com\/avatar\/3ea2118a5f7dad2b7138b1187a6b7ee55f160b9968b66013c3a3ef39dd7e5798?s=96&d=mm&r=g","url":"https:\/\/secure.gravatar.com\/avatar\/3ea2118a5f7dad2b7138b1187a6b7ee55f160b9968b66013c3a3ef39dd7e5798?s=96&d=mm&r=g","contentUrl":"https:\/\/secure.gravatar.com\/avatar\/3ea2118a5f7dad2b7138b1187a6b7ee55f160b9968b66013c3a3ef39dd7e5798?s=96&d=mm&r=g","caption":"Jeanette"},"sameAs":["https:\/\/www.eldiario.net\/portal"],"url":"https:\/\/www.eldiario.net\/portal\/author\/jeanette\/"}]}},"_links":{"self":[{"href":"https:\/\/www.eldiario.net\/portal\/wp-json\/wp\/v2\/posts\/23547","targetHints":{"allow":["GET"]}}],"collection":[{"href":"https:\/\/www.eldiario.net\/portal\/wp-json\/wp\/v2\/posts"}],"about":[{"href":"https:\/\/www.eldiario.net\/portal\/wp-json\/wp\/v2\/types\/post"}],"author":[{"embeddable":true,"href":"https:\/\/www.eldiario.net\/portal\/wp-json\/wp\/v2\/users\/1"}],"replies":[{"embeddable":true,"href":"https:\/\/www.eldiario.net\/portal\/wp-json\/wp\/v2\/comments?post=23547"}],"version-history":[{"count":0,"href":"https:\/\/www.eldiario.net\/portal\/wp-json\/wp\/v2\/posts\/23547\/revisions"}],"wp:attachment":[{"href":"https:\/\/www.eldiario.net\/portal\/wp-json\/wp\/v2\/media?parent=23547"}],"wp:term":[{"taxonomy":"category","embeddable":true,"href":"https:\/\/www.eldiario.net\/portal\/wp-json\/wp\/v2\/categories?post=23547"},{"taxonomy":"post_tag","embeddable":true,"href":"https:\/\/www.eldiario.net\/portal\/wp-json\/wp\/v2\/tags?post=23547"}],"curies":[{"name":"wp","href":"https:\/\/api.w.org\/{rel}","templated":true}]}}