{"id":23545,"date":"2021-08-15T05:44:50","date_gmt":"2021-08-15T09:44:50","guid":{"rendered":"https:\/\/www.eldiario.net\/portal\/?p=23545"},"modified":"2021-08-15T05:44:50","modified_gmt":"2021-08-15T09:44:50","slug":"la-informalidad-en-bolivia","status":"publish","type":"post","link":"https:\/\/www.eldiario.net\/portal\/2021\/08\/15\/la-informalidad-en-bolivia\/","title":{"rendered":"La informalidad en Bolivia"},"content":{"rendered":"<p>Nuestro pa\u00eds encabeza el ranking de empleos en el sector informal de su econom\u00eda. Seg\u00fan un reporte de la Organizaci\u00f3n Internacional del Trabajo (OIT), con datos oficiales del Instituto Nacional de Estad\u00edstica (INE), existe casi 85% de informalidad laboral en Bolivia. Es cierto que todos los pa\u00edses tienen actividades econ\u00f3micas informales, pero en el nuestro, como en pocos, esa actividad est\u00e1 en constante incremento.<br \/>\nGeorg Dufner e Iv\u00e1n Vel\u00e1squez-Castellanos, coordinadores del libro \u201cEconom\u00eda informal e informalidad en una sociedad multi\u00e9tnica\u201d, se\u00f1alan que la cotidianidad lo est\u00e1 demostrando: los trabajadores de la econom\u00eda informal se enfrentan habitualmente a riesgos m\u00e1s elevados de pobreza que los trabajadores de la econom\u00eda formal. Como resultado de estos y otros factores, hay una coincidencia significativa, aunque no llega a ser total, entre el trabajo en la econom\u00eda informal y el hecho de ser pobre y vulnerable.<br \/>\nAntes de la pandemia, ocho de cada 10 personas ocupadas ten\u00edan empleos inestables, sin seguridad social, con bajos ingresos, este hecho se ha profundizado con la pandemia, haciendo que la informalidad est\u00e9 en casi todas las actividades, lo que hace m\u00e1s dif\u00edcil el trabajo de formalizarlos.<br \/>\nComo lo dije en un anterior comentario, los emprendedores bolivianos que desean constituir una empresa legalmente establecida tienen que vencer 14 pasos burocr\u00e1ticos en varias instituciones para tener todos los \u201cpapeles en orden\u201d. Esta realidad solo es superada por Venezuela, y contrasta con Per\u00fa y Colombia, donde solo se necesita 6 pasos, en Chile 7, en Uruguay 5 y en Paraguay 7.<br \/>\nLa falta de una pol\u00edtica salarial coherente castiga a las empresas legales con incrementos poco realistas, que a la larga se traducen en el cierre de empresas legales y el consecuente incremento de la informalidad.<br \/>\nSeg\u00fan la CEPAL, hay cada vez mayor consenso entre los investigadores del mundo en que el t\u00e9rmino sector informal abarca \u00ablas acciones de los agentes econ\u00f3micos que no se adhieren a las normas institucionales establecidas o a los que se niega su protecci\u00f3n. Incluye todas las actividades generadoras de ingresos no reguladas por el Estado en entornos sociales en los que s\u00ed est\u00e1n reguladas actividades similares. Con el t\u00e9rmino gen\u00e9rico de econom\u00eda informal se distingue cuatro subformas:<br \/>\n&#8211; La econom\u00eda ilegal: que abarca la producci\u00f3n y distribuci\u00f3n de bienes y servicios prohibidos por la ley. Comprende las actividades como el narcotr\u00e1fico, la prostituci\u00f3n y los juegos de azar ilegales.<br \/>\n&#8211; La econom\u00eda no declarada: que consiste en la realizaci\u00f3n de acciones que \u00absoslayan o evaden las normas impositivas establecidas en los c\u00f3digos tributarios\u00bb. El monto de los ingresos que se deber\u00eda declarar a las autoridades impositivas, pero no se declara, representa un ejemplo sumario de este tipo de econom\u00eda subterr\u00e1nea.<br \/>\n&#8211; La econom\u00eda no registrada: que comprende las actividades que transgreden los requisitos de los organismos estad\u00edsticos del Estado en materia de declaraci\u00f3n. Su medida estricta es el monto de los ingresos que se deber\u00eda registrar en los sistemas de cuentas nacionales, pero no se registra.<br \/>\n&#8211; La econom\u00eda sumergida: que abarca las actividades econ\u00f3micas que hacen caso omiso del costo que supone el cumplimiento de las leyes y las normas administrativas que rigen las \u00abrelaciones de propiedad, el otorgamiento de licencias comerciales, los contratos de trabajo, los da\u00f1os, el cr\u00e9dito financiero y los sistemas de seguridad social\u00bb y est\u00e1n excluidas de la protecci\u00f3n de aqu\u00e9llas.<br \/>\nPara reducir la informalidad se debe promover la creaci\u00f3n de fuentes de empleo, otorgando incentivos tributarios, reduciendo la carga laboral y facilitando financiamiento a los nuevos emprendimientos innovadores, porque las generadoras de empleo formal, son las empresas privadas.<br \/>\nEl contrabando est\u00e1 relacionado e incrementa la econom\u00eda informal. Muchas grandes fortunas se esconden detr\u00e1s de la informalidad.<\/p>\n<p>El autor es Economista, licenciado en la UMSA, con Post Grado; Doctorado Ph.D en Relaciones Internacionales de la Universidad del Salvador de Argentina y Acad\u00e9mico de N\u00famero de la ABCE (Academia Boliviana de Ciencias Econ\u00f3micas).<\/p>\n","protected":false},"excerpt":{"rendered":"<p>Nuestro pa\u00eds encabeza el ranking de empleos en el sector informal de su econom\u00eda. Seg\u00fan un reporte de la Organizaci\u00f3n Internacional del Trabajo (OIT), con datos oficiales del Instituto Nacional de Estad\u00edstica (INE), existe casi 85% de informalidad laboral en Bolivia. Es cierto que todos los pa\u00edses tienen actividades econ\u00f3micas informales, pero en el nuestro, [&hellip;]<\/p>\n","protected":false},"author":1,"featured_media":5751,"comment_status":"closed","ping_status":"closed","sticky":false,"template":"","format":"standard","meta":{"_acf_changed":false,"footnotes":""},"categories":[9],"tags":[],"class_list":["post-23545","post","type-post","status-publish","format-standard","has-post-thumbnail","category-opinion"],"acf":{"antetitulo":""},"yoast_head":"<!-- This site is optimized with the Yoast SEO plugin v28.4 - https:\/\/yoast.com\/product\/yoast-seo-wordpress\/ -->\n<title>La informalidad en Bolivia - El Diario - Bolivia<\/title>\n<meta name=\"robots\" content=\"index, follow, max-snippet:-1, max-image-preview:large, max-video-preview:-1\" \/>\n<link rel=\"canonical\" href=\"https:\/\/www.eldiario.net\/portal\/2021\/08\/15\/la-informalidad-en-bolivia\/\" \/>\n<meta property=\"og:locale\" content=\"es_ES\" \/>\n<meta property=\"og:type\" content=\"article\" \/>\n<meta property=\"og:title\" content=\"La informalidad en Bolivia - El Diario - Bolivia\" \/>\n<meta property=\"og:description\" content=\"Nuestro pa\u00eds encabeza el ranking de empleos en el sector informal de su econom\u00eda. Seg\u00fan un reporte de la Organizaci\u00f3n Internacional del Trabajo (OIT), con datos oficiales del Instituto Nacional de Estad\u00edstica (INE), existe casi 85% de informalidad laboral en Bolivia. Es cierto que todos los pa\u00edses tienen actividades econ\u00f3micas informales, pero en el nuestro, [&hellip;]\" \/>\n<meta property=\"og:url\" content=\"https:\/\/www.eldiario.net\/portal\/2021\/08\/15\/la-informalidad-en-bolivia\/\" \/>\n<meta property=\"og:site_name\" content=\"El Diario - Bolivia\" \/>\n<meta property=\"article:publisher\" content=\"https:\/\/www.facebook.com\/eldiario.bolivia\/\" \/>\n<meta property=\"article:published_time\" content=\"2021-08-15T09:44:50+00:00\" \/>\n<meta property=\"og:image\" content=\"https:\/\/www.eldiario.net\/portal\/wp-content\/uploads\/2021\/05\/Rolando-Kempff-Bacigalupo.jpg\" \/>\n\t<meta property=\"og:image:width\" content=\"1200\" \/>\n\t<meta property=\"og:image:height\" content=\"628\" \/>\n\t<meta property=\"og:image:type\" content=\"image\/jpeg\" \/>\n<meta name=\"author\" content=\"Jeanette\" \/>\n<meta name=\"twitter:card\" content=\"summary_large_image\" \/>\n<meta name=\"twitter:creator\" content=\"@eldiario_net\" \/>\n<meta name=\"twitter:site\" content=\"@eldiario_net\" \/>\n<meta name=\"twitter:label1\" content=\"Escrito por\" \/>\n\t<meta name=\"twitter:data1\" content=\"Jeanette\" \/>\n\t<meta name=\"twitter:label2\" content=\"Tiempo de lectura\" \/>\n\t<meta name=\"twitter:data2\" content=\"3 minutos\" \/>\n<script type=\"application\/ld+json\" class=\"yoast-schema-graph\">{\"@context\":\"https:\\\/\\\/schema.org\",\"@graph\":[{\"@type\":\"Article\",\"@id\":\"https:\\\/\\\/www.eldiario.net\\\/portal\\\/2021\\\/08\\\/15\\\/la-informalidad-en-bolivia\\\/#article\",\"isPartOf\":{\"@id\":\"https:\\\/\\\/www.eldiario.net\\\/portal\\\/2021\\\/08\\\/15\\\/la-informalidad-en-bolivia\\\/\"},\"author\":{\"name\":\"Jeanette\",\"@id\":\"https:\\\/\\\/www.eldiario.net\\\/portal\\\/#\\\/schema\\\/person\\\/f46445640444750d7d753ccd04ae01b7\"},\"headline\":\"La informalidad en Bolivia\",\"datePublished\":\"2021-08-15T09:44:50+00:00\",\"mainEntityOfPage\":{\"@id\":\"https:\\\/\\\/www.eldiario.net\\\/portal\\\/2021\\\/08\\\/15\\\/la-informalidad-en-bolivia\\\/\"},\"wordCount\":696,\"publisher\":{\"@id\":\"https:\\\/\\\/www.eldiario.net\\\/portal\\\/#organization\"},\"image\":{\"@id\":\"https:\\\/\\\/www.eldiario.net\\\/portal\\\/2021\\\/08\\\/15\\\/la-informalidad-en-bolivia\\\/#primaryimage\"},\"thumbnailUrl\":\"https:\\\/\\\/www.eldiario.net\\\/portal\\\/wp-content\\\/uploads\\\/2021\\\/05\\\/Rolando-Kempff-Bacigalupo.jpg\",\"articleSection\":[\"Opini\u00f3n\"],\"inLanguage\":\"es\"},{\"@type\":\"WebPage\",\"@id\":\"https:\\\/\\\/www.eldiario.net\\\/portal\\\/2021\\\/08\\\/15\\\/la-informalidad-en-bolivia\\\/\",\"url\":\"https:\\\/\\\/www.eldiario.net\\\/portal\\\/2021\\\/08\\\/15\\\/la-informalidad-en-bolivia\\\/\",\"name\":\"La informalidad en Bolivia - El Diario - Bolivia\",\"isPartOf\":{\"@id\":\"https:\\\/\\\/www.eldiario.net\\\/portal\\\/#website\"},\"primaryImageOfPage\":{\"@id\":\"https:\\\/\\\/www.eldiario.net\\\/portal\\\/2021\\\/08\\\/15\\\/la-informalidad-en-bolivia\\\/#primaryimage\"},\"image\":{\"@id\":\"https:\\\/\\\/www.eldiario.net\\\/portal\\\/2021\\\/08\\\/15\\\/la-informalidad-en-bolivia\\\/#primaryimage\"},\"thumbnailUrl\":\"https:\\\/\\\/www.eldiario.net\\\/portal\\\/wp-content\\\/uploads\\\/2021\\\/05\\\/Rolando-Kempff-Bacigalupo.jpg\",\"datePublished\":\"2021-08-15T09:44:50+00:00\",\"breadcrumb\":{\"@id\":\"https:\\\/\\\/www.eldiario.net\\\/portal\\\/2021\\\/08\\\/15\\\/la-informalidad-en-bolivia\\\/#breadcrumb\"},\"inLanguage\":\"es\",\"potentialAction\":[{\"@type\":\"ReadAction\",\"target\":[\"https:\\\/\\\/www.eldiario.net\\\/portal\\\/2021\\\/08\\\/15\\\/la-informalidad-en-bolivia\\\/\"]}]},{\"@type\":\"ImageObject\",\"inLanguage\":\"es\",\"@id\":\"https:\\\/\\\/www.eldiario.net\\\/portal\\\/2021\\\/08\\\/15\\\/la-informalidad-en-bolivia\\\/#primaryimage\",\"url\":\"https:\\\/\\\/www.eldiario.net\\\/portal\\\/wp-content\\\/uploads\\\/2021\\\/05\\\/Rolando-Kempff-Bacigalupo.jpg\",\"contentUrl\":\"https:\\\/\\\/www.eldiario.net\\\/portal\\\/wp-content\\\/uploads\\\/2021\\\/05\\\/Rolando-Kempff-Bacigalupo.jpg\",\"width\":1200,\"height\":628},{\"@type\":\"BreadcrumbList\",\"@id\":\"https:\\\/\\\/www.eldiario.net\\\/portal\\\/2021\\\/08\\\/15\\\/la-informalidad-en-bolivia\\\/#breadcrumb\",\"itemListElement\":[{\"@type\":\"ListItem\",\"position\":1,\"name\":\"Portada\",\"item\":\"https:\\\/\\\/www.eldiario.net\\\/portal\\\/\"},{\"@type\":\"ListItem\",\"position\":2,\"name\":\"La informalidad en Bolivia\"}]},{\"@type\":\"WebSite\",\"@id\":\"https:\\\/\\\/www.eldiario.net\\\/portal\\\/#website\",\"url\":\"https:\\\/\\\/www.eldiario.net\\\/portal\\\/\",\"name\":\"El Diario - Decano de la prensa nacional\",\"description\":\"El Diario - Decano de la prensa nacional\",\"publisher\":{\"@id\":\"https:\\\/\\\/www.eldiario.net\\\/portal\\\/#organization\"},\"potentialAction\":[{\"@type\":\"SearchAction\",\"target\":{\"@type\":\"EntryPoint\",\"urlTemplate\":\"https:\\\/\\\/www.eldiario.net\\\/portal\\\/?s={search_term_string}\"},\"query-input\":{\"@type\":\"PropertyValueSpecification\",\"valueRequired\":true,\"valueName\":\"search_term_string\"}}],\"inLanguage\":\"es\"},{\"@type\":\"Organization\",\"@id\":\"https:\\\/\\\/www.eldiario.net\\\/portal\\\/#organization\",\"name\":\"El Diario - Decano de la prensa nacional\",\"url\":\"https:\\\/\\\/www.eldiario.net\\\/portal\\\/\",\"logo\":{\"@type\":\"ImageObject\",\"inLanguage\":\"es\",\"@id\":\"https:\\\/\\\/www.eldiario.net\\\/portal\\\/#\\\/schema\\\/logo\\\/image\\\/\",\"url\":\"https:\\\/\\\/www.eldiario.net\\\/portal\\\/wp-content\\\/uploads\\\/2023\\\/07\\\/logo_ED.jpg\",\"contentUrl\":\"https:\\\/\\\/www.eldiario.net\\\/portal\\\/wp-content\\\/uploads\\\/2023\\\/07\\\/logo_ED.jpg\",\"width\":272,\"height\":52,\"caption\":\"El Diario - Decano de la prensa nacional\"},\"image\":{\"@id\":\"https:\\\/\\\/www.eldiario.net\\\/portal\\\/#\\\/schema\\\/logo\\\/image\\\/\"},\"sameAs\":[\"https:\\\/\\\/www.facebook.com\\\/eldiario.bolivia\\\/\",\"https:\\\/\\\/x.com\\\/eldiario_net\"]},{\"@type\":\"Person\",\"@id\":\"https:\\\/\\\/www.eldiario.net\\\/portal\\\/#\\\/schema\\\/person\\\/f46445640444750d7d753ccd04ae01b7\",\"name\":\"Jeanette\",\"image\":{\"@type\":\"ImageObject\",\"inLanguage\":\"es\",\"@id\":\"https:\\\/\\\/secure.gravatar.com\\\/avatar\\\/3ea2118a5f7dad2b7138b1187a6b7ee55f160b9968b66013c3a3ef39dd7e5798?s=96&d=mm&r=g\",\"url\":\"https:\\\/\\\/secure.gravatar.com\\\/avatar\\\/3ea2118a5f7dad2b7138b1187a6b7ee55f160b9968b66013c3a3ef39dd7e5798?s=96&d=mm&r=g\",\"contentUrl\":\"https:\\\/\\\/secure.gravatar.com\\\/avatar\\\/3ea2118a5f7dad2b7138b1187a6b7ee55f160b9968b66013c3a3ef39dd7e5798?s=96&d=mm&r=g\",\"caption\":\"Jeanette\"},\"sameAs\":[\"https:\\\/\\\/www.eldiario.net\\\/portal\"],\"url\":\"https:\\\/\\\/www.eldiario.net\\\/portal\\\/author\\\/jeanette\\\/\"}]}<\/script>\n<!-- \/ Yoast SEO plugin. -->","yoast_head_json":{"title":"La informalidad en Bolivia - El Diario - Bolivia","robots":{"index":"index","follow":"follow","max-snippet":"max-snippet:-1","max-image-preview":"max-image-preview:large","max-video-preview":"max-video-preview:-1"},"canonical":"https:\/\/www.eldiario.net\/portal\/2021\/08\/15\/la-informalidad-en-bolivia\/","og_locale":"es_ES","og_type":"article","og_title":"La informalidad en Bolivia - El Diario - Bolivia","og_description":"Nuestro pa\u00eds encabeza el ranking de empleos en el sector informal de su econom\u00eda. Seg\u00fan un reporte de la Organizaci\u00f3n Internacional del Trabajo (OIT), con datos oficiales del Instituto Nacional de Estad\u00edstica (INE), existe casi 85% de informalidad laboral en Bolivia. Es cierto que todos los pa\u00edses tienen actividades econ\u00f3micas informales, pero en el nuestro, [&hellip;]","og_url":"https:\/\/www.eldiario.net\/portal\/2021\/08\/15\/la-informalidad-en-bolivia\/","og_site_name":"El Diario - Bolivia","article_publisher":"https:\/\/www.facebook.com\/eldiario.bolivia\/","article_published_time":"2021-08-15T09:44:50+00:00","og_image":[{"width":1200,"height":628,"url":"https:\/\/www.eldiario.net\/portal\/wp-content\/uploads\/2021\/05\/Rolando-Kempff-Bacigalupo.jpg","type":"image\/jpeg"}],"author":"Jeanette","twitter_card":"summary_large_image","twitter_creator":"@eldiario_net","twitter_site":"@eldiario_net","twitter_misc":{"Escrito por":"Jeanette","Tiempo de lectura":"3 minutos"},"schema":{"@context":"https:\/\/schema.org","@graph":[{"@type":"Article","@id":"https:\/\/www.eldiario.net\/portal\/2021\/08\/15\/la-informalidad-en-bolivia\/#article","isPartOf":{"@id":"https:\/\/www.eldiario.net\/portal\/2021\/08\/15\/la-informalidad-en-bolivia\/"},"author":{"name":"Jeanette","@id":"https:\/\/www.eldiario.net\/portal\/#\/schema\/person\/f46445640444750d7d753ccd04ae01b7"},"headline":"La informalidad en Bolivia","datePublished":"2021-08-15T09:44:50+00:00","mainEntityOfPage":{"@id":"https:\/\/www.eldiario.net\/portal\/2021\/08\/15\/la-informalidad-en-bolivia\/"},"wordCount":696,"publisher":{"@id":"https:\/\/www.eldiario.net\/portal\/#organization"},"image":{"@id":"https:\/\/www.eldiario.net\/portal\/2021\/08\/15\/la-informalidad-en-bolivia\/#primaryimage"},"thumbnailUrl":"https:\/\/www.eldiario.net\/portal\/wp-content\/uploads\/2021\/05\/Rolando-Kempff-Bacigalupo.jpg","articleSection":["Opini\u00f3n"],"inLanguage":"es"},{"@type":"WebPage","@id":"https:\/\/www.eldiario.net\/portal\/2021\/08\/15\/la-informalidad-en-bolivia\/","url":"https:\/\/www.eldiario.net\/portal\/2021\/08\/15\/la-informalidad-en-bolivia\/","name":"La informalidad en Bolivia - El Diario - Bolivia","isPartOf":{"@id":"https:\/\/www.eldiario.net\/portal\/#website"},"primaryImageOfPage":{"@id":"https:\/\/www.eldiario.net\/portal\/2021\/08\/15\/la-informalidad-en-bolivia\/#primaryimage"},"image":{"@id":"https:\/\/www.eldiario.net\/portal\/2021\/08\/15\/la-informalidad-en-bolivia\/#primaryimage"},"thumbnailUrl":"https:\/\/www.eldiario.net\/portal\/wp-content\/uploads\/2021\/05\/Rolando-Kempff-Bacigalupo.jpg","datePublished":"2021-08-15T09:44:50+00:00","breadcrumb":{"@id":"https:\/\/www.eldiario.net\/portal\/2021\/08\/15\/la-informalidad-en-bolivia\/#breadcrumb"},"inLanguage":"es","potentialAction":[{"@type":"ReadAction","target":["https:\/\/www.eldiario.net\/portal\/2021\/08\/15\/la-informalidad-en-bolivia\/"]}]},{"@type":"ImageObject","inLanguage":"es","@id":"https:\/\/www.eldiario.net\/portal\/2021\/08\/15\/la-informalidad-en-bolivia\/#primaryimage","url":"https:\/\/www.eldiario.net\/portal\/wp-content\/uploads\/2021\/05\/Rolando-Kempff-Bacigalupo.jpg","contentUrl":"https:\/\/www.eldiario.net\/portal\/wp-content\/uploads\/2021\/05\/Rolando-Kempff-Bacigalupo.jpg","width":1200,"height":628},{"@type":"BreadcrumbList","@id":"https:\/\/www.eldiario.net\/portal\/2021\/08\/15\/la-informalidad-en-bolivia\/#breadcrumb","itemListElement":[{"@type":"ListItem","position":1,"name":"Portada","item":"https:\/\/www.eldiario.net\/portal\/"},{"@type":"ListItem","position":2,"name":"La informalidad en Bolivia"}]},{"@type":"WebSite","@id":"https:\/\/www.eldiario.net\/portal\/#website","url":"https:\/\/www.eldiario.net\/portal\/","name":"El Diario - Decano de la prensa nacional","description":"El Diario - Decano de la prensa nacional","publisher":{"@id":"https:\/\/www.eldiario.net\/portal\/#organization"},"potentialAction":[{"@type":"SearchAction","target":{"@type":"EntryPoint","urlTemplate":"https:\/\/www.eldiario.net\/portal\/?s={search_term_string}"},"query-input":{"@type":"PropertyValueSpecification","valueRequired":true,"valueName":"search_term_string"}}],"inLanguage":"es"},{"@type":"Organization","@id":"https:\/\/www.eldiario.net\/portal\/#organization","name":"El Diario - Decano de la prensa nacional","url":"https:\/\/www.eldiario.net\/portal\/","logo":{"@type":"ImageObject","inLanguage":"es","@id":"https:\/\/www.eldiario.net\/portal\/#\/schema\/logo\/image\/","url":"https:\/\/www.eldiario.net\/portal\/wp-content\/uploads\/2023\/07\/logo_ED.jpg","contentUrl":"https:\/\/www.eldiario.net\/portal\/wp-content\/uploads\/2023\/07\/logo_ED.jpg","width":272,"height":52,"caption":"El Diario - Decano de la prensa nacional"},"image":{"@id":"https:\/\/www.eldiario.net\/portal\/#\/schema\/logo\/image\/"},"sameAs":["https:\/\/www.facebook.com\/eldiario.bolivia\/","https:\/\/x.com\/eldiario_net"]},{"@type":"Person","@id":"https:\/\/www.eldiario.net\/portal\/#\/schema\/person\/f46445640444750d7d753ccd04ae01b7","name":"Jeanette","image":{"@type":"ImageObject","inLanguage":"es","@id":"https:\/\/secure.gravatar.com\/avatar\/3ea2118a5f7dad2b7138b1187a6b7ee55f160b9968b66013c3a3ef39dd7e5798?s=96&d=mm&r=g","url":"https:\/\/secure.gravatar.com\/avatar\/3ea2118a5f7dad2b7138b1187a6b7ee55f160b9968b66013c3a3ef39dd7e5798?s=96&d=mm&r=g","contentUrl":"https:\/\/secure.gravatar.com\/avatar\/3ea2118a5f7dad2b7138b1187a6b7ee55f160b9968b66013c3a3ef39dd7e5798?s=96&d=mm&r=g","caption":"Jeanette"},"sameAs":["https:\/\/www.eldiario.net\/portal"],"url":"https:\/\/www.eldiario.net\/portal\/author\/jeanette\/"}]}},"_links":{"self":[{"href":"https:\/\/www.eldiario.net\/portal\/wp-json\/wp\/v2\/posts\/23545","targetHints":{"allow":["GET"]}}],"collection":[{"href":"https:\/\/www.eldiario.net\/portal\/wp-json\/wp\/v2\/posts"}],"about":[{"href":"https:\/\/www.eldiario.net\/portal\/wp-json\/wp\/v2\/types\/post"}],"author":[{"embeddable":true,"href":"https:\/\/www.eldiario.net\/portal\/wp-json\/wp\/v2\/users\/1"}],"replies":[{"embeddable":true,"href":"https:\/\/www.eldiario.net\/portal\/wp-json\/wp\/v2\/comments?post=23545"}],"version-history":[{"count":0,"href":"https:\/\/www.eldiario.net\/portal\/wp-json\/wp\/v2\/posts\/23545\/revisions"}],"wp:featuredmedia":[{"embeddable":true,"href":"https:\/\/www.eldiario.net\/portal\/wp-json\/wp\/v2\/media\/5751"}],"wp:attachment":[{"href":"https:\/\/www.eldiario.net\/portal\/wp-json\/wp\/v2\/media?parent=23545"}],"wp:term":[{"taxonomy":"category","embeddable":true,"href":"https:\/\/www.eldiario.net\/portal\/wp-json\/wp\/v2\/categories?post=23545"},{"taxonomy":"post_tag","embeddable":true,"href":"https:\/\/www.eldiario.net\/portal\/wp-json\/wp\/v2\/tags?post=23545"}],"curies":[{"name":"wp","href":"https:\/\/api.w.org\/{rel}","templated":true}]}}