{"id":23541,"date":"2021-08-15T05:43:26","date_gmt":"2021-08-15T09:43:26","guid":{"rendered":"https:\/\/www.eldiario.net\/portal\/?p=23541"},"modified":"2021-08-15T05:43:26","modified_gmt":"2021-08-15T09:43:26","slug":"hablemos-del-alzheimer","status":"publish","type":"post","link":"https:\/\/www.eldiario.net\/portal\/2021\/08\/15\/hablemos-del-alzheimer\/","title":{"rendered":"Hablemos del Alzheimer"},"content":{"rendered":"<p>Una de las peores manifestaciones de la demencia es el Alzheimer, la enfermedad neurodegenerativa que provoca la p\u00e9rdida de memoria no s\u00f3lo en el plano de los recuerdos y de la mente, sino tambi\u00e9n en el org\u00e1nico. Una persona con Alzheimer puede comer cinco minutos despu\u00e9s de haber ingerido una comida copiosa. Semejantes desajustes de esta enfermedad provocan irritabilidad, soledad y distanciamiento de familiares, amigos y seres queridos.<br \/>\nSe pensaba que la mayor parte de las personas con esta enfermedad viv\u00edan en pa\u00edses ricos, pero la OMS advierte de que m\u00e1s de la mitad viven en pa\u00edses con ingresos medios y en pa\u00edses empobrecidos, donde hay incluso menos recursos para paliar los efectos de una enfermedad que le quita vida tanto a quienes la padecen como a los familiares y a los cuidadores profesionales.<br \/>\nLos avances m\u00e9dicos incrementan la esperanza de vida. Pero el envejecimiento por esos progresos aumenta las probabilidades de padecer esta enfermedad degenerativa para la que no se ha descubierto tratamiento ni cura.<br \/>\nAustralia, Dinamarca, Reino Unido, Finlandia, Francia, Corea del Sur, Holanda, Noruega, Irlanda del Norte y Estados Unidos cuentan desde hace a\u00f1os con planes nacionales para sensibilizar a la poblaci\u00f3n sobre el Alzheimer y otras formas de demencia. La OMS centra gran parte de sus recomendaciones a los pa\u00edses en desarrollar iniciativas para luchar contra el estigma que sufren quienes padecen alguna forma de demencia. La falta de informaci\u00f3n y de comprensi\u00f3n sobre estas enfermedades fomenta el aislamiento del enfermo y de sus cuidadores. Esto retrasa la b\u00fasqueda de un diagn\u00f3stico y de apoyo sociosanitario. Por otro lado, urge una formaci\u00f3n integral para un creciente n\u00famero de cuidadores, especialistas y m\u00e9dicos para hacer frente al incremento de la poblaci\u00f3n que sufre estos males.<br \/>\nLos planes nacionales abordan la necesidad de dar apoyo de los cuidadores, que en la mayor\u00eda de los casos son familiares de la persona con demencia. Estos \u201ccuidadores informales\u201d padecen con frecuencia ansiedad, depresi\u00f3n y otros problemas mentales y de salud f\u00edsica por cargar en sus espaldas una responsabilidad para la que nadie los prepar\u00f3. Las dificultades que esto conlleva se suman a sus propios problemas diarios: trabajar, pagar el alquiler, hacer la compra, llevar a los hijos al colegio.<br \/>\nLa falta de apoyos provoca una dedicaci\u00f3n exclusiva a la persona enferma, lo que produce el aislamiento social de los cuidadores. Dejan de tener tiempo para ellos mismos y para otros seres queridos y amigos, lo que genera frustraci\u00f3n e impotencia. Adem\u00e1s, les cuesta sobreponerse a las miradas perdidas, a los olvidos de nombres y de caras, a los repentinos retraimientos hacia otro mundo, con una tristeza dibujada en el rostro.<br \/>\nCuando no se distribuye de forma equitativa entre los familiares el cuidado del enfermo se producen tensiones y conflictos acompa\u00f1ados de ira. Se remueven viejos rencores y surgen \u201ccuentas pendientes\u201d. Todos esos \u201csentimientos negativos\u201d, las cosas que se piensa, dice o siente en momentos de mayor estr\u00e9s conducen luego a sentimientos de culpa que desgastan la autoestima y ponen en peligro la estabilidad de la persona. A una persona que pierde estabilidad le resultar\u00e1 m\u00e1s dif\u00edcil hacerse cargo de los dem\u00e1s cuando su propia estabilidad se resquebraja\u2026<\/p>\n<p>Twitter: @cmiguelez<\/p>\n","protected":false},"excerpt":{"rendered":"<p>Una de las peores manifestaciones de la demencia es el Alzheimer, la enfermedad neurodegenerativa que provoca la p\u00e9rdida de memoria no s\u00f3lo en el plano de los recuerdos y de la mente, sino tambi\u00e9n en el org\u00e1nico. Una persona con Alzheimer puede comer cinco minutos despu\u00e9s de haber ingerido una comida copiosa. Semejantes desajustes de [&hellip;]<\/p>\n","protected":false},"author":1,"featured_media":0,"comment_status":"closed","ping_status":"closed","sticky":false,"template":"","format":"standard","meta":{"_acf_changed":false,"footnotes":""},"categories":[9],"tags":[],"class_list":["post-23541","post","type-post","status-publish","format-standard","category-opinion"],"acf":{"antetitulo":""},"yoast_head":"<!-- This site is optimized with the Yoast SEO plugin v28.4 - https:\/\/yoast.com\/product\/yoast-seo-wordpress\/ -->\n<title>Hablemos del Alzheimer - El Diario - Bolivia<\/title>\n<meta name=\"robots\" content=\"index, follow, max-snippet:-1, max-image-preview:large, max-video-preview:-1\" \/>\n<link rel=\"canonical\" href=\"https:\/\/www.eldiario.net\/portal\/2021\/08\/15\/hablemos-del-alzheimer\/\" \/>\n<meta property=\"og:locale\" content=\"es_ES\" \/>\n<meta property=\"og:type\" content=\"article\" \/>\n<meta property=\"og:title\" content=\"Hablemos del Alzheimer - El Diario - Bolivia\" \/>\n<meta property=\"og:description\" content=\"Una de las peores manifestaciones de la demencia es el Alzheimer, la enfermedad neurodegenerativa que provoca la p\u00e9rdida de memoria no s\u00f3lo en el plano de los recuerdos y de la mente, sino tambi\u00e9n en el org\u00e1nico. Una persona con Alzheimer puede comer cinco minutos despu\u00e9s de haber ingerido una comida copiosa. Semejantes desajustes de [&hellip;]\" \/>\n<meta property=\"og:url\" content=\"https:\/\/www.eldiario.net\/portal\/2021\/08\/15\/hablemos-del-alzheimer\/\" \/>\n<meta property=\"og:site_name\" content=\"El Diario - Bolivia\" \/>\n<meta property=\"article:publisher\" content=\"https:\/\/www.facebook.com\/eldiario.bolivia\/\" \/>\n<meta property=\"article:published_time\" content=\"2021-08-15T09:43:26+00:00\" \/>\n<meta name=\"author\" content=\"Jeanette\" \/>\n<meta name=\"twitter:card\" content=\"summary_large_image\" \/>\n<meta name=\"twitter:creator\" content=\"@eldiario_net\" \/>\n<meta name=\"twitter:site\" content=\"@eldiario_net\" \/>\n<meta name=\"twitter:label1\" content=\"Escrito por\" \/>\n\t<meta name=\"twitter:data1\" content=\"Jeanette\" \/>\n\t<meta name=\"twitter:label2\" content=\"Tiempo de lectura\" \/>\n\t<meta name=\"twitter:data2\" content=\"3 minutos\" \/>\n<script type=\"application\/ld+json\" class=\"yoast-schema-graph\">{\"@context\":\"https:\\\/\\\/schema.org\",\"@graph\":[{\"@type\":\"Article\",\"@id\":\"https:\\\/\\\/www.eldiario.net\\\/portal\\\/2021\\\/08\\\/15\\\/hablemos-del-alzheimer\\\/#article\",\"isPartOf\":{\"@id\":\"https:\\\/\\\/www.eldiario.net\\\/portal\\\/2021\\\/08\\\/15\\\/hablemos-del-alzheimer\\\/\"},\"author\":{\"name\":\"Jeanette\",\"@id\":\"https:\\\/\\\/www.eldiario.net\\\/portal\\\/#\\\/schema\\\/person\\\/f46445640444750d7d753ccd04ae01b7\"},\"headline\":\"Hablemos del Alzheimer\",\"datePublished\":\"2021-08-15T09:43:26+00:00\",\"mainEntityOfPage\":{\"@id\":\"https:\\\/\\\/www.eldiario.net\\\/portal\\\/2021\\\/08\\\/15\\\/hablemos-del-alzheimer\\\/\"},\"wordCount\":564,\"publisher\":{\"@id\":\"https:\\\/\\\/www.eldiario.net\\\/portal\\\/#organization\"},\"articleSection\":[\"Opini\u00f3n\"],\"inLanguage\":\"es\"},{\"@type\":\"WebPage\",\"@id\":\"https:\\\/\\\/www.eldiario.net\\\/portal\\\/2021\\\/08\\\/15\\\/hablemos-del-alzheimer\\\/\",\"url\":\"https:\\\/\\\/www.eldiario.net\\\/portal\\\/2021\\\/08\\\/15\\\/hablemos-del-alzheimer\\\/\",\"name\":\"Hablemos del Alzheimer - El Diario - Bolivia\",\"isPartOf\":{\"@id\":\"https:\\\/\\\/www.eldiario.net\\\/portal\\\/#website\"},\"datePublished\":\"2021-08-15T09:43:26+00:00\",\"breadcrumb\":{\"@id\":\"https:\\\/\\\/www.eldiario.net\\\/portal\\\/2021\\\/08\\\/15\\\/hablemos-del-alzheimer\\\/#breadcrumb\"},\"inLanguage\":\"es\",\"potentialAction\":[{\"@type\":\"ReadAction\",\"target\":[\"https:\\\/\\\/www.eldiario.net\\\/portal\\\/2021\\\/08\\\/15\\\/hablemos-del-alzheimer\\\/\"]}]},{\"@type\":\"BreadcrumbList\",\"@id\":\"https:\\\/\\\/www.eldiario.net\\\/portal\\\/2021\\\/08\\\/15\\\/hablemos-del-alzheimer\\\/#breadcrumb\",\"itemListElement\":[{\"@type\":\"ListItem\",\"position\":1,\"name\":\"Portada\",\"item\":\"https:\\\/\\\/www.eldiario.net\\\/portal\\\/\"},{\"@type\":\"ListItem\",\"position\":2,\"name\":\"Hablemos del Alzheimer\"}]},{\"@type\":\"WebSite\",\"@id\":\"https:\\\/\\\/www.eldiario.net\\\/portal\\\/#website\",\"url\":\"https:\\\/\\\/www.eldiario.net\\\/portal\\\/\",\"name\":\"El Diario - Decano de la prensa nacional\",\"description\":\"El Diario - Decano de la prensa nacional\",\"publisher\":{\"@id\":\"https:\\\/\\\/www.eldiario.net\\\/portal\\\/#organization\"},\"potentialAction\":[{\"@type\":\"SearchAction\",\"target\":{\"@type\":\"EntryPoint\",\"urlTemplate\":\"https:\\\/\\\/www.eldiario.net\\\/portal\\\/?s={search_term_string}\"},\"query-input\":{\"@type\":\"PropertyValueSpecification\",\"valueRequired\":true,\"valueName\":\"search_term_string\"}}],\"inLanguage\":\"es\"},{\"@type\":\"Organization\",\"@id\":\"https:\\\/\\\/www.eldiario.net\\\/portal\\\/#organization\",\"name\":\"El Diario - Decano de la prensa nacional\",\"url\":\"https:\\\/\\\/www.eldiario.net\\\/portal\\\/\",\"logo\":{\"@type\":\"ImageObject\",\"inLanguage\":\"es\",\"@id\":\"https:\\\/\\\/www.eldiario.net\\\/portal\\\/#\\\/schema\\\/logo\\\/image\\\/\",\"url\":\"https:\\\/\\\/www.eldiario.net\\\/portal\\\/wp-content\\\/uploads\\\/2023\\\/07\\\/logo_ED.jpg\",\"contentUrl\":\"https:\\\/\\\/www.eldiario.net\\\/portal\\\/wp-content\\\/uploads\\\/2023\\\/07\\\/logo_ED.jpg\",\"width\":272,\"height\":52,\"caption\":\"El Diario - Decano de la prensa nacional\"},\"image\":{\"@id\":\"https:\\\/\\\/www.eldiario.net\\\/portal\\\/#\\\/schema\\\/logo\\\/image\\\/\"},\"sameAs\":[\"https:\\\/\\\/www.facebook.com\\\/eldiario.bolivia\\\/\",\"https:\\\/\\\/x.com\\\/eldiario_net\"]},{\"@type\":\"Person\",\"@id\":\"https:\\\/\\\/www.eldiario.net\\\/portal\\\/#\\\/schema\\\/person\\\/f46445640444750d7d753ccd04ae01b7\",\"name\":\"Jeanette\",\"image\":{\"@type\":\"ImageObject\",\"inLanguage\":\"es\",\"@id\":\"https:\\\/\\\/secure.gravatar.com\\\/avatar\\\/3ea2118a5f7dad2b7138b1187a6b7ee55f160b9968b66013c3a3ef39dd7e5798?s=96&d=mm&r=g\",\"url\":\"https:\\\/\\\/secure.gravatar.com\\\/avatar\\\/3ea2118a5f7dad2b7138b1187a6b7ee55f160b9968b66013c3a3ef39dd7e5798?s=96&d=mm&r=g\",\"contentUrl\":\"https:\\\/\\\/secure.gravatar.com\\\/avatar\\\/3ea2118a5f7dad2b7138b1187a6b7ee55f160b9968b66013c3a3ef39dd7e5798?s=96&d=mm&r=g\",\"caption\":\"Jeanette\"},\"sameAs\":[\"https:\\\/\\\/www.eldiario.net\\\/portal\"],\"url\":\"https:\\\/\\\/www.eldiario.net\\\/portal\\\/author\\\/jeanette\\\/\"}]}<\/script>\n<!-- \/ Yoast SEO plugin. -->","yoast_head_json":{"title":"Hablemos del Alzheimer - El Diario - Bolivia","robots":{"index":"index","follow":"follow","max-snippet":"max-snippet:-1","max-image-preview":"max-image-preview:large","max-video-preview":"max-video-preview:-1"},"canonical":"https:\/\/www.eldiario.net\/portal\/2021\/08\/15\/hablemos-del-alzheimer\/","og_locale":"es_ES","og_type":"article","og_title":"Hablemos del Alzheimer - El Diario - Bolivia","og_description":"Una de las peores manifestaciones de la demencia es el Alzheimer, la enfermedad neurodegenerativa que provoca la p\u00e9rdida de memoria no s\u00f3lo en el plano de los recuerdos y de la mente, sino tambi\u00e9n en el org\u00e1nico. Una persona con Alzheimer puede comer cinco minutos despu\u00e9s de haber ingerido una comida copiosa. Semejantes desajustes de [&hellip;]","og_url":"https:\/\/www.eldiario.net\/portal\/2021\/08\/15\/hablemos-del-alzheimer\/","og_site_name":"El Diario - Bolivia","article_publisher":"https:\/\/www.facebook.com\/eldiario.bolivia\/","article_published_time":"2021-08-15T09:43:26+00:00","author":"Jeanette","twitter_card":"summary_large_image","twitter_creator":"@eldiario_net","twitter_site":"@eldiario_net","twitter_misc":{"Escrito por":"Jeanette","Tiempo de lectura":"3 minutos"},"schema":{"@context":"https:\/\/schema.org","@graph":[{"@type":"Article","@id":"https:\/\/www.eldiario.net\/portal\/2021\/08\/15\/hablemos-del-alzheimer\/#article","isPartOf":{"@id":"https:\/\/www.eldiario.net\/portal\/2021\/08\/15\/hablemos-del-alzheimer\/"},"author":{"name":"Jeanette","@id":"https:\/\/www.eldiario.net\/portal\/#\/schema\/person\/f46445640444750d7d753ccd04ae01b7"},"headline":"Hablemos del Alzheimer","datePublished":"2021-08-15T09:43:26+00:00","mainEntityOfPage":{"@id":"https:\/\/www.eldiario.net\/portal\/2021\/08\/15\/hablemos-del-alzheimer\/"},"wordCount":564,"publisher":{"@id":"https:\/\/www.eldiario.net\/portal\/#organization"},"articleSection":["Opini\u00f3n"],"inLanguage":"es"},{"@type":"WebPage","@id":"https:\/\/www.eldiario.net\/portal\/2021\/08\/15\/hablemos-del-alzheimer\/","url":"https:\/\/www.eldiario.net\/portal\/2021\/08\/15\/hablemos-del-alzheimer\/","name":"Hablemos del Alzheimer - El Diario - Bolivia","isPartOf":{"@id":"https:\/\/www.eldiario.net\/portal\/#website"},"datePublished":"2021-08-15T09:43:26+00:00","breadcrumb":{"@id":"https:\/\/www.eldiario.net\/portal\/2021\/08\/15\/hablemos-del-alzheimer\/#breadcrumb"},"inLanguage":"es","potentialAction":[{"@type":"ReadAction","target":["https:\/\/www.eldiario.net\/portal\/2021\/08\/15\/hablemos-del-alzheimer\/"]}]},{"@type":"BreadcrumbList","@id":"https:\/\/www.eldiario.net\/portal\/2021\/08\/15\/hablemos-del-alzheimer\/#breadcrumb","itemListElement":[{"@type":"ListItem","position":1,"name":"Portada","item":"https:\/\/www.eldiario.net\/portal\/"},{"@type":"ListItem","position":2,"name":"Hablemos del Alzheimer"}]},{"@type":"WebSite","@id":"https:\/\/www.eldiario.net\/portal\/#website","url":"https:\/\/www.eldiario.net\/portal\/","name":"El Diario - Decano de la prensa nacional","description":"El Diario - Decano de la prensa nacional","publisher":{"@id":"https:\/\/www.eldiario.net\/portal\/#organization"},"potentialAction":[{"@type":"SearchAction","target":{"@type":"EntryPoint","urlTemplate":"https:\/\/www.eldiario.net\/portal\/?s={search_term_string}"},"query-input":{"@type":"PropertyValueSpecification","valueRequired":true,"valueName":"search_term_string"}}],"inLanguage":"es"},{"@type":"Organization","@id":"https:\/\/www.eldiario.net\/portal\/#organization","name":"El Diario - Decano de la prensa nacional","url":"https:\/\/www.eldiario.net\/portal\/","logo":{"@type":"ImageObject","inLanguage":"es","@id":"https:\/\/www.eldiario.net\/portal\/#\/schema\/logo\/image\/","url":"https:\/\/www.eldiario.net\/portal\/wp-content\/uploads\/2023\/07\/logo_ED.jpg","contentUrl":"https:\/\/www.eldiario.net\/portal\/wp-content\/uploads\/2023\/07\/logo_ED.jpg","width":272,"height":52,"caption":"El Diario - Decano de la prensa nacional"},"image":{"@id":"https:\/\/www.eldiario.net\/portal\/#\/schema\/logo\/image\/"},"sameAs":["https:\/\/www.facebook.com\/eldiario.bolivia\/","https:\/\/x.com\/eldiario_net"]},{"@type":"Person","@id":"https:\/\/www.eldiario.net\/portal\/#\/schema\/person\/f46445640444750d7d753ccd04ae01b7","name":"Jeanette","image":{"@type":"ImageObject","inLanguage":"es","@id":"https:\/\/secure.gravatar.com\/avatar\/3ea2118a5f7dad2b7138b1187a6b7ee55f160b9968b66013c3a3ef39dd7e5798?s=96&d=mm&r=g","url":"https:\/\/secure.gravatar.com\/avatar\/3ea2118a5f7dad2b7138b1187a6b7ee55f160b9968b66013c3a3ef39dd7e5798?s=96&d=mm&r=g","contentUrl":"https:\/\/secure.gravatar.com\/avatar\/3ea2118a5f7dad2b7138b1187a6b7ee55f160b9968b66013c3a3ef39dd7e5798?s=96&d=mm&r=g","caption":"Jeanette"},"sameAs":["https:\/\/www.eldiario.net\/portal"],"url":"https:\/\/www.eldiario.net\/portal\/author\/jeanette\/"}]}},"_links":{"self":[{"href":"https:\/\/www.eldiario.net\/portal\/wp-json\/wp\/v2\/posts\/23541","targetHints":{"allow":["GET"]}}],"collection":[{"href":"https:\/\/www.eldiario.net\/portal\/wp-json\/wp\/v2\/posts"}],"about":[{"href":"https:\/\/www.eldiario.net\/portal\/wp-json\/wp\/v2\/types\/post"}],"author":[{"embeddable":true,"href":"https:\/\/www.eldiario.net\/portal\/wp-json\/wp\/v2\/users\/1"}],"replies":[{"embeddable":true,"href":"https:\/\/www.eldiario.net\/portal\/wp-json\/wp\/v2\/comments?post=23541"}],"version-history":[{"count":0,"href":"https:\/\/www.eldiario.net\/portal\/wp-json\/wp\/v2\/posts\/23541\/revisions"}],"wp:attachment":[{"href":"https:\/\/www.eldiario.net\/portal\/wp-json\/wp\/v2\/media?parent=23541"}],"wp:term":[{"taxonomy":"category","embeddable":true,"href":"https:\/\/www.eldiario.net\/portal\/wp-json\/wp\/v2\/categories?post=23541"},{"taxonomy":"post_tag","embeddable":true,"href":"https:\/\/www.eldiario.net\/portal\/wp-json\/wp\/v2\/tags?post=23541"}],"curies":[{"name":"wp","href":"https:\/\/api.w.org\/{rel}","templated":true}]}}