{"id":23536,"date":"2021-08-15T05:42:13","date_gmt":"2021-08-15T09:42:13","guid":{"rendered":"https:\/\/www.eldiario.net\/portal\/?p=23536"},"modified":"2021-08-15T05:42:13","modified_gmt":"2021-08-15T09:42:13","slug":"el-censo-es-necesario-e-importante-para-el-pais","status":"publish","type":"post","link":"https:\/\/www.eldiario.net\/portal\/2021\/08\/15\/el-censo-es-necesario-e-importante-para-el-pais\/","title":{"rendered":"El censo es necesario e importante para el pa\u00eds"},"content":{"rendered":"<p><em><span class=\"dropcap \" style=\"background-color: #ffffff; color: #000000; border-color: #ffffff;\">C<\/span>omo siempre ocurre en nuestro pa\u00eds con mentes pobres, ignorantes y subdesarrolladas, cuando se trata de encarar grandes medidas o transformaciones, no faltan quienes expresan criterios contrarios, Ahora, ser\u00eda respecto al censo que realizar\u00eda el pr\u00f3ximo a\u00f1o. Oponerse al censo es como aplaudir la vigencia de la pobreza y el subdesarrollo; ser\u00eda aplaudir la ignorancia y el atraso, aceptar bajos \u00edndices de salud y educaci\u00f3n, consentir en que nuestro pa\u00eds debe seguir en extrema pobreza. <\/em><br \/>\n<em>El censo se debe realizar cada diez a\u00f1os con el fin de establecer los par\u00e1metros poblaci\u00f3n y tambi\u00e9n de empleo, vivienda, posibilidades econ\u00f3mico-financieras; disponer medidas para combatir al subdesarrollo, mejorar salud y educaci\u00f3n; cambiar los modos de vida de nuestros campesinos. El censo es mostrar valores, cuantificar riquezas, medir las capacidades de la poblaci\u00f3n, abrir caminos al desarrollo y progreso. Es saber qui\u00e9nes somos, cu\u00e1ntos, qu\u00e9 hacemos, qu\u00e9 podemos y debemos hacer para mejorar nuestra vida. En fin, un censo es cuantificar lo positivo que el pa\u00eds puede lograr; es medio para saber cu\u00e1nta gente extranjera est\u00e1 asentada en el pa\u00eds, saber qu\u00e9 hace, c\u00f3mo contribuye al desarrollo nacional y cu\u00e1nto m\u00e1s podr\u00eda hacer con eficiencia y honestidad. El censo es ver medios tur\u00edsticos de la naci\u00f3n y establecer falencias y posibilidades para entenderlo y contribuir a su crecimiento. Es, en s\u00edntesis, saber de todos los valores y bienes de la naci\u00f3n, incluyendo la capacidad de sus habitantes para lograr desarrollo, abandonar la pobreza y contribuir a que todos ello alcancen una vida plena y digna.<\/em><br \/>\n<em>Oponerse al censo es aceptar la miseria y el atraso; es decidir que los bolivianos complotemos contra nosotros mismos porque se evita que el pa\u00eds conozca los males que, antes del censo, aparecen ocultos, disfrazados, o al margen del diario vivir. Todos los datos estad\u00edsticos que arroje ser\u00e1n importantes no solo para nosotros sino para el mundo, porque, por ejemplo, los inversionistas y poseedores de tecnolog\u00eda sabr\u00e1n qu\u00e9 hacer en Bolivia, en qu\u00e9 y c\u00f3mo invertir con miras al desarrollo. No cooperar con la realizaci\u00f3n del censo es complotar contra el pa\u00eds y da\u00f1ar m\u00e1s su ya menguado prestigio. <\/em><br \/>\n<em>Entre los beneficios del censo est\u00e1 contar con datos actualizados sobre poblaci\u00f3n, vivienda, \u00edndices de nacimientos y mortandad, condiciones de empleo y su calidad y posibilidades; asistencia escolar y colegial, estad\u00edsticas sobre universitarios y sus posibilidades de lograr profesionalismo para cubrir las necesidades de la naci\u00f3n; mostrar\u00eda realidades y potencial de nuestras empresas privadas, cuya producci\u00f3n es decisiva para la econom\u00eda nacional. El censo es el mejor medio para atraer capitales financieros, tecnol\u00f3gicos y humanos porque sus resultados ser\u00e1n certificaci\u00f3n de la realidad y posibilidades del pa\u00eds.<\/em><br \/>\n<em>Nuestra naci\u00f3n, conjuntamente la comunidad internacional, pueden confiar en que los resultados censales resultar\u00e1n beneficiosos y todo ello estar\u00e1 librado a la capacidad de quienes lo manejen, con personal debidamente entrenado, bien pagado y con dotes de honestidad y responsabilidad. No faltar\u00e1n opositores que aleguen preocupaci\u00f3n por los presupuestos; pero el censo y lo que se utilice en \u00e9l, ser\u00e1 inversi\u00f3n y no gasto. No cabe, pues, oposici\u00f3n; por el contrario, merecer\u00e1 el respaldo de todos. Que habr\u00e1 fallas y errores, ni duda cabe; pero los datos que arroje son necesarios para planificar la vida y futuro del pa\u00eds.<\/em><\/p>\n","protected":false},"excerpt":{"rendered":"<p>Como siempre ocurre en nuestro pa\u00eds con mentes pobres, ignorantes y subdesarrolladas, cuando se trata de encarar grandes medidas o transformaciones, no faltan quienes expresan criterios contrarios, Ahora, ser\u00eda respecto al censo que realizar\u00eda el pr\u00f3ximo a\u00f1o. Oponerse al censo es como aplaudir la vigencia de la pobreza y el subdesarrollo; ser\u00eda aplaudir la ignorancia [&hellip;]<\/p>\n","protected":false},"author":1,"featured_media":0,"comment_status":"closed","ping_status":"closed","sticky":false,"template":"","format":"standard","meta":{"_acf_changed":false,"footnotes":""},"categories":[4],"tags":[],"class_list":["post-23536","post","type-post","status-publish","format-standard","category-editorial"],"acf":{"antetitulo":""},"yoast_head":"<!-- This site is optimized with the Yoast SEO plugin v28.4 - https:\/\/yoast.com\/product\/yoast-seo-wordpress\/ -->\n<title>El censo es necesario e importante para el pa\u00eds - El Diario - Bolivia<\/title>\n<meta name=\"robots\" content=\"index, follow, max-snippet:-1, max-image-preview:large, max-video-preview:-1\" \/>\n<link rel=\"canonical\" href=\"https:\/\/www.eldiario.net\/portal\/2021\/08\/15\/el-censo-es-necesario-e-importante-para-el-pais\/\" \/>\n<meta property=\"og:locale\" content=\"es_ES\" \/>\n<meta property=\"og:type\" content=\"article\" \/>\n<meta property=\"og:title\" content=\"El censo es necesario e importante para el pa\u00eds - El Diario - Bolivia\" \/>\n<meta property=\"og:description\" content=\"Como siempre ocurre en nuestro pa\u00eds con mentes pobres, ignorantes y subdesarrolladas, cuando se trata de encarar grandes medidas o transformaciones, no faltan quienes expresan criterios contrarios, Ahora, ser\u00eda respecto al censo que realizar\u00eda el pr\u00f3ximo a\u00f1o. Oponerse al censo es como aplaudir la vigencia de la pobreza y el subdesarrollo; ser\u00eda aplaudir la ignorancia [&hellip;]\" \/>\n<meta property=\"og:url\" content=\"https:\/\/www.eldiario.net\/portal\/2021\/08\/15\/el-censo-es-necesario-e-importante-para-el-pais\/\" \/>\n<meta property=\"og:site_name\" content=\"El Diario - Bolivia\" \/>\n<meta property=\"article:publisher\" content=\"https:\/\/www.facebook.com\/eldiario.bolivia\/\" \/>\n<meta property=\"article:published_time\" content=\"2021-08-15T09:42:13+00:00\" \/>\n<meta name=\"author\" content=\"Jeanette\" \/>\n<meta name=\"twitter:card\" content=\"summary_large_image\" \/>\n<meta name=\"twitter:creator\" content=\"@eldiario_net\" \/>\n<meta name=\"twitter:site\" content=\"@eldiario_net\" \/>\n<meta name=\"twitter:label1\" content=\"Escrito por\" \/>\n\t<meta name=\"twitter:data1\" content=\"Jeanette\" \/>\n\t<meta name=\"twitter:label2\" content=\"Tiempo de lectura\" \/>\n\t<meta name=\"twitter:data2\" content=\"3 minutos\" \/>\n<script type=\"application\/ld+json\" class=\"yoast-schema-graph\">{\"@context\":\"https:\\\/\\\/schema.org\",\"@graph\":[{\"@type\":\"Article\",\"@id\":\"https:\\\/\\\/www.eldiario.net\\\/portal\\\/2021\\\/08\\\/15\\\/el-censo-es-necesario-e-importante-para-el-pais\\\/#article\",\"isPartOf\":{\"@id\":\"https:\\\/\\\/www.eldiario.net\\\/portal\\\/2021\\\/08\\\/15\\\/el-censo-es-necesario-e-importante-para-el-pais\\\/\"},\"author\":{\"name\":\"Jeanette\",\"@id\":\"https:\\\/\\\/www.eldiario.net\\\/portal\\\/#\\\/schema\\\/person\\\/f46445640444750d7d753ccd04ae01b7\"},\"headline\":\"El censo es necesario e importante para el pa\u00eds\",\"datePublished\":\"2021-08-15T09:42:13+00:00\",\"mainEntityOfPage\":{\"@id\":\"https:\\\/\\\/www.eldiario.net\\\/portal\\\/2021\\\/08\\\/15\\\/el-censo-es-necesario-e-importante-para-el-pais\\\/\"},\"wordCount\":601,\"publisher\":{\"@id\":\"https:\\\/\\\/www.eldiario.net\\\/portal\\\/#organization\"},\"articleSection\":[\"Editorial\"],\"inLanguage\":\"es\"},{\"@type\":\"WebPage\",\"@id\":\"https:\\\/\\\/www.eldiario.net\\\/portal\\\/2021\\\/08\\\/15\\\/el-censo-es-necesario-e-importante-para-el-pais\\\/\",\"url\":\"https:\\\/\\\/www.eldiario.net\\\/portal\\\/2021\\\/08\\\/15\\\/el-censo-es-necesario-e-importante-para-el-pais\\\/\",\"name\":\"El censo es necesario e importante para el pa\u00eds - El Diario - Bolivia\",\"isPartOf\":{\"@id\":\"https:\\\/\\\/www.eldiario.net\\\/portal\\\/#website\"},\"datePublished\":\"2021-08-15T09:42:13+00:00\",\"breadcrumb\":{\"@id\":\"https:\\\/\\\/www.eldiario.net\\\/portal\\\/2021\\\/08\\\/15\\\/el-censo-es-necesario-e-importante-para-el-pais\\\/#breadcrumb\"},\"inLanguage\":\"es\",\"potentialAction\":[{\"@type\":\"ReadAction\",\"target\":[\"https:\\\/\\\/www.eldiario.net\\\/portal\\\/2021\\\/08\\\/15\\\/el-censo-es-necesario-e-importante-para-el-pais\\\/\"]}]},{\"@type\":\"BreadcrumbList\",\"@id\":\"https:\\\/\\\/www.eldiario.net\\\/portal\\\/2021\\\/08\\\/15\\\/el-censo-es-necesario-e-importante-para-el-pais\\\/#breadcrumb\",\"itemListElement\":[{\"@type\":\"ListItem\",\"position\":1,\"name\":\"Portada\",\"item\":\"https:\\\/\\\/www.eldiario.net\\\/portal\\\/\"},{\"@type\":\"ListItem\",\"position\":2,\"name\":\"El censo es necesario e importante para el pa\u00eds\"}]},{\"@type\":\"WebSite\",\"@id\":\"https:\\\/\\\/www.eldiario.net\\\/portal\\\/#website\",\"url\":\"https:\\\/\\\/www.eldiario.net\\\/portal\\\/\",\"name\":\"El Diario - Decano de la prensa nacional\",\"description\":\"El Diario - Decano de la prensa nacional\",\"publisher\":{\"@id\":\"https:\\\/\\\/www.eldiario.net\\\/portal\\\/#organization\"},\"potentialAction\":[{\"@type\":\"SearchAction\",\"target\":{\"@type\":\"EntryPoint\",\"urlTemplate\":\"https:\\\/\\\/www.eldiario.net\\\/portal\\\/?s={search_term_string}\"},\"query-input\":{\"@type\":\"PropertyValueSpecification\",\"valueRequired\":true,\"valueName\":\"search_term_string\"}}],\"inLanguage\":\"es\"},{\"@type\":\"Organization\",\"@id\":\"https:\\\/\\\/www.eldiario.net\\\/portal\\\/#organization\",\"name\":\"El Diario - Decano de la prensa nacional\",\"url\":\"https:\\\/\\\/www.eldiario.net\\\/portal\\\/\",\"logo\":{\"@type\":\"ImageObject\",\"inLanguage\":\"es\",\"@id\":\"https:\\\/\\\/www.eldiario.net\\\/portal\\\/#\\\/schema\\\/logo\\\/image\\\/\",\"url\":\"https:\\\/\\\/www.eldiario.net\\\/portal\\\/wp-content\\\/uploads\\\/2023\\\/07\\\/logo_ED.jpg\",\"contentUrl\":\"https:\\\/\\\/www.eldiario.net\\\/portal\\\/wp-content\\\/uploads\\\/2023\\\/07\\\/logo_ED.jpg\",\"width\":272,\"height\":52,\"caption\":\"El Diario - Decano de la prensa nacional\"},\"image\":{\"@id\":\"https:\\\/\\\/www.eldiario.net\\\/portal\\\/#\\\/schema\\\/logo\\\/image\\\/\"},\"sameAs\":[\"https:\\\/\\\/www.facebook.com\\\/eldiario.bolivia\\\/\",\"https:\\\/\\\/x.com\\\/eldiario_net\"]},{\"@type\":\"Person\",\"@id\":\"https:\\\/\\\/www.eldiario.net\\\/portal\\\/#\\\/schema\\\/person\\\/f46445640444750d7d753ccd04ae01b7\",\"name\":\"Jeanette\",\"image\":{\"@type\":\"ImageObject\",\"inLanguage\":\"es\",\"@id\":\"https:\\\/\\\/secure.gravatar.com\\\/avatar\\\/3ea2118a5f7dad2b7138b1187a6b7ee55f160b9968b66013c3a3ef39dd7e5798?s=96&d=mm&r=g\",\"url\":\"https:\\\/\\\/secure.gravatar.com\\\/avatar\\\/3ea2118a5f7dad2b7138b1187a6b7ee55f160b9968b66013c3a3ef39dd7e5798?s=96&d=mm&r=g\",\"contentUrl\":\"https:\\\/\\\/secure.gravatar.com\\\/avatar\\\/3ea2118a5f7dad2b7138b1187a6b7ee55f160b9968b66013c3a3ef39dd7e5798?s=96&d=mm&r=g\",\"caption\":\"Jeanette\"},\"sameAs\":[\"https:\\\/\\\/www.eldiario.net\\\/portal\"],\"url\":\"https:\\\/\\\/www.eldiario.net\\\/portal\\\/author\\\/jeanette\\\/\"}]}<\/script>\n<!-- \/ Yoast SEO plugin. -->","yoast_head_json":{"title":"El censo es necesario e importante para el pa\u00eds - El Diario - Bolivia","robots":{"index":"index","follow":"follow","max-snippet":"max-snippet:-1","max-image-preview":"max-image-preview:large","max-video-preview":"max-video-preview:-1"},"canonical":"https:\/\/www.eldiario.net\/portal\/2021\/08\/15\/el-censo-es-necesario-e-importante-para-el-pais\/","og_locale":"es_ES","og_type":"article","og_title":"El censo es necesario e importante para el pa\u00eds - El Diario - Bolivia","og_description":"Como siempre ocurre en nuestro pa\u00eds con mentes pobres, ignorantes y subdesarrolladas, cuando se trata de encarar grandes medidas o transformaciones, no faltan quienes expresan criterios contrarios, Ahora, ser\u00eda respecto al censo que realizar\u00eda el pr\u00f3ximo a\u00f1o. Oponerse al censo es como aplaudir la vigencia de la pobreza y el subdesarrollo; ser\u00eda aplaudir la ignorancia [&hellip;]","og_url":"https:\/\/www.eldiario.net\/portal\/2021\/08\/15\/el-censo-es-necesario-e-importante-para-el-pais\/","og_site_name":"El Diario - Bolivia","article_publisher":"https:\/\/www.facebook.com\/eldiario.bolivia\/","article_published_time":"2021-08-15T09:42:13+00:00","author":"Jeanette","twitter_card":"summary_large_image","twitter_creator":"@eldiario_net","twitter_site":"@eldiario_net","twitter_misc":{"Escrito por":"Jeanette","Tiempo de lectura":"3 minutos"},"schema":{"@context":"https:\/\/schema.org","@graph":[{"@type":"Article","@id":"https:\/\/www.eldiario.net\/portal\/2021\/08\/15\/el-censo-es-necesario-e-importante-para-el-pais\/#article","isPartOf":{"@id":"https:\/\/www.eldiario.net\/portal\/2021\/08\/15\/el-censo-es-necesario-e-importante-para-el-pais\/"},"author":{"name":"Jeanette","@id":"https:\/\/www.eldiario.net\/portal\/#\/schema\/person\/f46445640444750d7d753ccd04ae01b7"},"headline":"El censo es necesario e importante para el pa\u00eds","datePublished":"2021-08-15T09:42:13+00:00","mainEntityOfPage":{"@id":"https:\/\/www.eldiario.net\/portal\/2021\/08\/15\/el-censo-es-necesario-e-importante-para-el-pais\/"},"wordCount":601,"publisher":{"@id":"https:\/\/www.eldiario.net\/portal\/#organization"},"articleSection":["Editorial"],"inLanguage":"es"},{"@type":"WebPage","@id":"https:\/\/www.eldiario.net\/portal\/2021\/08\/15\/el-censo-es-necesario-e-importante-para-el-pais\/","url":"https:\/\/www.eldiario.net\/portal\/2021\/08\/15\/el-censo-es-necesario-e-importante-para-el-pais\/","name":"El censo es necesario e importante para el pa\u00eds - El Diario - Bolivia","isPartOf":{"@id":"https:\/\/www.eldiario.net\/portal\/#website"},"datePublished":"2021-08-15T09:42:13+00:00","breadcrumb":{"@id":"https:\/\/www.eldiario.net\/portal\/2021\/08\/15\/el-censo-es-necesario-e-importante-para-el-pais\/#breadcrumb"},"inLanguage":"es","potentialAction":[{"@type":"ReadAction","target":["https:\/\/www.eldiario.net\/portal\/2021\/08\/15\/el-censo-es-necesario-e-importante-para-el-pais\/"]}]},{"@type":"BreadcrumbList","@id":"https:\/\/www.eldiario.net\/portal\/2021\/08\/15\/el-censo-es-necesario-e-importante-para-el-pais\/#breadcrumb","itemListElement":[{"@type":"ListItem","position":1,"name":"Portada","item":"https:\/\/www.eldiario.net\/portal\/"},{"@type":"ListItem","position":2,"name":"El censo es necesario e importante para el pa\u00eds"}]},{"@type":"WebSite","@id":"https:\/\/www.eldiario.net\/portal\/#website","url":"https:\/\/www.eldiario.net\/portal\/","name":"El Diario - Decano de la prensa nacional","description":"El Diario - Decano de la prensa nacional","publisher":{"@id":"https:\/\/www.eldiario.net\/portal\/#organization"},"potentialAction":[{"@type":"SearchAction","target":{"@type":"EntryPoint","urlTemplate":"https:\/\/www.eldiario.net\/portal\/?s={search_term_string}"},"query-input":{"@type":"PropertyValueSpecification","valueRequired":true,"valueName":"search_term_string"}}],"inLanguage":"es"},{"@type":"Organization","@id":"https:\/\/www.eldiario.net\/portal\/#organization","name":"El Diario - Decano de la prensa nacional","url":"https:\/\/www.eldiario.net\/portal\/","logo":{"@type":"ImageObject","inLanguage":"es","@id":"https:\/\/www.eldiario.net\/portal\/#\/schema\/logo\/image\/","url":"https:\/\/www.eldiario.net\/portal\/wp-content\/uploads\/2023\/07\/logo_ED.jpg","contentUrl":"https:\/\/www.eldiario.net\/portal\/wp-content\/uploads\/2023\/07\/logo_ED.jpg","width":272,"height":52,"caption":"El Diario - Decano de la prensa nacional"},"image":{"@id":"https:\/\/www.eldiario.net\/portal\/#\/schema\/logo\/image\/"},"sameAs":["https:\/\/www.facebook.com\/eldiario.bolivia\/","https:\/\/x.com\/eldiario_net"]},{"@type":"Person","@id":"https:\/\/www.eldiario.net\/portal\/#\/schema\/person\/f46445640444750d7d753ccd04ae01b7","name":"Jeanette","image":{"@type":"ImageObject","inLanguage":"es","@id":"https:\/\/secure.gravatar.com\/avatar\/3ea2118a5f7dad2b7138b1187a6b7ee55f160b9968b66013c3a3ef39dd7e5798?s=96&d=mm&r=g","url":"https:\/\/secure.gravatar.com\/avatar\/3ea2118a5f7dad2b7138b1187a6b7ee55f160b9968b66013c3a3ef39dd7e5798?s=96&d=mm&r=g","contentUrl":"https:\/\/secure.gravatar.com\/avatar\/3ea2118a5f7dad2b7138b1187a6b7ee55f160b9968b66013c3a3ef39dd7e5798?s=96&d=mm&r=g","caption":"Jeanette"},"sameAs":["https:\/\/www.eldiario.net\/portal"],"url":"https:\/\/www.eldiario.net\/portal\/author\/jeanette\/"}]}},"_links":{"self":[{"href":"https:\/\/www.eldiario.net\/portal\/wp-json\/wp\/v2\/posts\/23536","targetHints":{"allow":["GET"]}}],"collection":[{"href":"https:\/\/www.eldiario.net\/portal\/wp-json\/wp\/v2\/posts"}],"about":[{"href":"https:\/\/www.eldiario.net\/portal\/wp-json\/wp\/v2\/types\/post"}],"author":[{"embeddable":true,"href":"https:\/\/www.eldiario.net\/portal\/wp-json\/wp\/v2\/users\/1"}],"replies":[{"embeddable":true,"href":"https:\/\/www.eldiario.net\/portal\/wp-json\/wp\/v2\/comments?post=23536"}],"version-history":[{"count":0,"href":"https:\/\/www.eldiario.net\/portal\/wp-json\/wp\/v2\/posts\/23536\/revisions"}],"wp:attachment":[{"href":"https:\/\/www.eldiario.net\/portal\/wp-json\/wp\/v2\/media?parent=23536"}],"wp:term":[{"taxonomy":"category","embeddable":true,"href":"https:\/\/www.eldiario.net\/portal\/wp-json\/wp\/v2\/categories?post=23536"},{"taxonomy":"post_tag","embeddable":true,"href":"https:\/\/www.eldiario.net\/portal\/wp-json\/wp\/v2\/tags?post=23536"}],"curies":[{"name":"wp","href":"https:\/\/api.w.org\/{rel}","templated":true}]}}