{"id":23531,"date":"2021-08-15T05:38:48","date_gmt":"2021-08-15T09:38:48","guid":{"rendered":"https:\/\/www.eldiario.net\/portal\/?p=23531"},"modified":"2021-08-15T05:38:48","modified_gmt":"2021-08-15T09:38:48","slug":"lanchipa-desacata-acto-internacional-vinculante","status":"publish","type":"post","link":"https:\/\/www.eldiario.net\/portal\/2021\/08\/15\/lanchipa-desacata-acto-internacional-vinculante\/","title":{"rendered":"Lanchipa desacata acto  internacional vinculante"},"content":{"rendered":"<p>Juan Fausto Lanchipa Ponce es el fiscal general de Bolivia, que cumplir\u00e1 la mitad de su gesti\u00f3n, luego de haber sido posesionado en el cargo en octubre de 2018, en medio de una acci\u00f3n que se perfila como un desacato a los convenios internacionales firmados por el Estado boliviano, manifest\u00f3 a EL DIARIO el periodista y analista Iv\u00e1n Rada.<br \/>\nLanchipa jur\u00f3 ante Evo Morales y su segundo \u00c1lvaro Garc\u00eda, el 25 de octubre de 2018 en instalaciones de la Vicepresidencia, con el compromiso de cambiar el rostro del Ministerio P\u00fablico y agilizar los procesos penales \u201cen beneficio de la sociedad en su conjunto\u201d.<br \/>\n\u201cHoy, el funcionario es cuestionado por haber dictado sobreseimiento en el caso fraude electoral de 2019, con base en un informe pericial, calificado como parcial y limitado, de una consultora espa\u00f1ola que solo analiz\u00f3, tras el pago de 30 mil d\u00f3lares, los datos inform\u00e1ticos que la propia Fiscal\u00eda General envi\u00f3, sin informar a las partes, como son las v\u00edctimas de ese caso\u201d, apunt\u00f3.<br \/>\nEl Comit\u00e9 Nacional de Defensa de la Democracia de Bolivia (Conade) ya propuso el pedido de renuncia a Lanchipa, en la reuni\u00f3n de la Asamblea de la Cruce\u00f1idad en pasadas semanas. En principio se acept\u00f3 esa mediad de presi\u00f3n, pero luego se retrocedi\u00f3 para darle oportunidad a Lanchipa de enmendar su error procesal, como citan juristas.<br \/>\nSin embargo, el Conade lanz\u00f3 el pasado martes esa propuesta de manera oficial.<br \/>\n\u201cLa cabeza del Ministerio P\u00fablico est\u00e1 inhabilitada para seguir atendiendo el caso fraude electoral por parcialidad e incompetencia profesional y debe ser reemplazado de acuerdo al art\u00edculo 227 de la Constituci\u00f3n Pol\u00edtica del Estado\u201d, cita un comunicado de esa instituci\u00f3n civil y de derechos humanos.<\/p>\n<p>FISCAL\u00cdA Y GOBIERNO RECHAZAN CAR\u00c1CTER VINCULANTE<br \/>\nPara la Fiscal\u00eda, el caso fraude de 2019 est\u00e1 cerrado e incluso se niegan a emitir m\u00e1s criterios sobre el informe de auditor\u00eda de la Organizaci\u00f3n de Estados Americanos (OEA), que el lunes fue ratificado en su contenido y alcance por la Secretar\u00eda para el Fortalecimiento de la Democracia, de la Secretar\u00eda General de esa entidad internacional.<br \/>\nEl secretario general de la Fiscal\u00eda General del Estado, Edwin Quispe, calific\u00f3 a la auditor\u00eda de la OEA como pol\u00edtica y defendi\u00f3 el informe de la consultora Grupo de Investigaci\u00f3n Deep Tech Lab de Bisite, relacionada con la Universidad de Salamanca de Espa\u00f1a, presentado el 27 de julio para cerrar el caso y liberar a todos los procesados.<br \/>\n\u201cPara nosotros, el informe de la OEA viene a ser un indicio m\u00e1s dentro del proceso de investigaci\u00f3n, pero no es vinculante. Para que sea vinculante deber\u00eda haberse convertido en ley aprobada por la Asamblea Legislativa Plurinacional\u201d, dijo.<br \/>\nEmpero, la Secretar\u00eda para el Fortalecimiento de la Democracia de la OEA remarc\u00f3 al Estado Plurinacional de Bolivia, el car\u00e1cter vinculante de esa auditor\u00eda, elevada entre octubre y noviembre de 2019 por la Misi\u00f3n de Observaci\u00f3n Electoral.<br \/>\nEn ese comunicado, la OEA, adem\u00e1s de ratificar que en 2019 hubo una evidente manipulaci\u00f3n dolosa para alterar el resultado final de las elecciones generales, calific\u00f3 el proceso de ese a\u00f1o como vergonzoso para la democracia en la regi\u00f3n.<br \/>\n\u201cDe las elecciones observadas por la OEA en la \u00faltima d\u00e9cada, la de octubre de 2019 en Bolivia es probablemente la peor de todas. Constituye una verg\u00fcenza hemisf\u00e9rica por el c\u00famulo de irregularidades y por la manipulaci\u00f3n flagrante del proceso electoral. Intentar validar este conjunto de irregularidades y manipulaciones, a trav\u00e9s de estudios extempor\u00e1neos, constituye una grave afrenta a la democracia en el hemisferio\u201d, concluy\u00f3.<br \/>\nLa Canciller\u00eda respondi\u00f3 con tono pol\u00edtico, al decir que el car\u00e1cter vinculante del informe de la OEA \u201cfue violentado\u201d por las declaraciones anticipadas del secretario general Luis Almagro.<br \/>\nEn ese marco, Rada dijo que en conclusi\u00f3n, ni el Gobierno ni la Fiscal\u00eda respetar\u00e1n ese convenio internacional, firmado por el entonces canciller de Morales, Diego Pary, y que en palabras del exministro de Miner\u00eda, C\u00e9sar Navarro, constituy\u00f3 para el gobierno del MAS un \u201cerror garrafal\u201d.<br \/>\nLa firma de ese convenio se enmarca, adem\u00e1s, en la Carta Americana sobre Derechos Humanos (CADH), de la cual Bolivia es signataria.<\/p>\n<p>LANCHIPA ATESTIGU\u00d3 LA TOMA DEL JUDICIAL<br \/>\nRada record\u00f3 que desde 2009, con la aprobaci\u00f3n de la nueva Constituci\u00f3n Pol\u00edtica del Estado (CPE), el MAS aceler\u00f3 la toma del \u00d3rgano Judicial en cada una de sus instancias.<br \/>\n\u201cLa destituci\u00f3n de todos los entonces ministros de la Corte Suprema o Tribunal Constitucional dej\u00f3 como \u00fanica juez en resistencia a Rosario Canedo, que incluso tuvo que viajar de Sucre a La Paz para instalar una huelga de hambre en el hemiciclo parlamentario, en denuncia por el juicio que le anunciaba el oficialismo\u201d, record\u00f3.<br \/>\nApunt\u00f3 que Morales hab\u00eda acusado a todos los ministros magistrados de haber sido posesionados por las cuotas de los anteriores partidos pol\u00edticos. Con leyes \u201ccortas\u201d se determin\u00f3 que todos los altos cargos quedaban ac\u00e9falos y se iniciaba la nueva era de los Tribunales Supremo de Justicia y Constitucional Plurinacional.<br \/>\n\u201cMorales design\u00f3, precisamente, a los cinco magistrados transitorios del TC, hasta la convocatoria a elecciones judiciales. Lanchipa y su par Ligia Vel\u00e1squez trataron de mantenerse en los cargos y tuvieron largas reuniones con las bancadas del MAS en 2010. En febrero de ese a\u00f1o, Lanchipa era posesionado como presidente del Constitucional. Los otros interinos fueron Abigail Burgoa, Ernesto F\u00e9lix Mur y Marco Antonio Valdivieso de un total de 13 altos jueces nombrados en esa calidad y por decreto presidencial\u201d, apunt\u00f3.<br \/>\nRecord\u00f3 que luego de las elecciones judiciales, en las que Lanchipa se present\u00f3 y perdi\u00f3, el funcionario que ya se hab\u00eda ganado la confianza del gabinete jur\u00eddico del MAS, sobre todo de H\u00e9ctor Arce, fue convocado para dirigir la Direcci\u00f3n de Reivindicaci\u00f3n Mar\u00edtima (Diremar) que inici\u00f3 el acopio de material para sustentar la demanda mar\u00edtima que Morales hab\u00eda iniciado con entusiasmo contra Chile, ante la Corte Internacional de Justicia de La Haya.<br \/>\n\u201cPara 2017, Lanchipa se fue como presidente del Tribunal Departamental de Justicia de La Paz, y un a\u00f1o despu\u00e9s, pese a tener la segunda calificaci\u00f3n por debajo de Mirael Salguero Palma, fue votado por los dos tercios del MAS para suceder en el cargo de fiscal general a Ramiro Guerrero, quien dej\u00f3 el puesto en medio de acusaciones por manipular la justicia\u201d, concluy\u00f3.<\/p>\n<p><a href=\"https:\/\/www.eldiario.net\/portal\/wp-content\/uploads\/2021\/08\/RADA.jpg\"><img loading=\"lazy\" decoding=\"async\" class=\"aligncenter size-full wp-image-23534\" src=\"https:\/\/www.eldiario.net\/portal\/wp-content\/uploads\/2021\/08\/RADA.jpg\" alt=\"\" width=\"284\" height=\"284\" \/><\/a><\/p>\n","protected":false},"excerpt":{"rendered":"<p>Juan Fausto Lanchipa Ponce es el fiscal general de Bolivia, que cumplir\u00e1 la mitad de su gesti\u00f3n, luego de haber sido posesionado en el cargo en octubre de 2018, en medio de una acci\u00f3n que se perfila como un desacato a los convenios internacionales firmados por el Estado boliviano, manifest\u00f3 a EL DIARIO el periodista [&hellip;]<\/p>\n","protected":false},"author":1,"featured_media":23532,"comment_status":"closed","ping_status":"closed","sticky":false,"template":"","format":"standard","meta":{"_acf_changed":false,"footnotes":""},"categories":[39],"tags":[],"class_list":["post-23531","post","type-post","status-publish","format-standard","has-post-thumbnail","category-sociedad"],"acf":{"antetitulo":""},"yoast_head":"<!-- This site is optimized with the Yoast SEO plugin v28.4 - https:\/\/yoast.com\/product\/yoast-seo-wordpress\/ -->\n<title>Lanchipa desacata acto internacional vinculante - El Diario - Bolivia<\/title>\n<meta name=\"robots\" content=\"index, follow, max-snippet:-1, max-image-preview:large, max-video-preview:-1\" \/>\n<link rel=\"canonical\" href=\"https:\/\/www.eldiario.net\/portal\/2021\/08\/15\/lanchipa-desacata-acto-internacional-vinculante\/\" \/>\n<meta property=\"og:locale\" content=\"es_ES\" \/>\n<meta property=\"og:type\" content=\"article\" \/>\n<meta property=\"og:title\" content=\"Lanchipa desacata acto internacional vinculante - El Diario - Bolivia\" \/>\n<meta property=\"og:description\" content=\"Juan Fausto Lanchipa Ponce es el fiscal general de Bolivia, que cumplir\u00e1 la mitad de su gesti\u00f3n, luego de haber sido posesionado en el cargo en octubre de 2018, en medio de una acci\u00f3n que se perfila como un desacato a los convenios internacionales firmados por el Estado boliviano, manifest\u00f3 a EL DIARIO el periodista [&hellip;]\" \/>\n<meta property=\"og:url\" content=\"https:\/\/www.eldiario.net\/portal\/2021\/08\/15\/lanchipa-desacata-acto-internacional-vinculante\/\" \/>\n<meta property=\"og:site_name\" content=\"El Diario - Bolivia\" \/>\n<meta property=\"article:publisher\" content=\"https:\/\/www.facebook.com\/eldiario.bolivia\/\" \/>\n<meta property=\"article:published_time\" content=\"2021-08-15T09:38:48+00:00\" \/>\n<meta name=\"author\" content=\"Jeanette\" \/>\n<meta name=\"twitter:card\" content=\"summary_large_image\" \/>\n<meta name=\"twitter:creator\" content=\"@eldiario_net\" \/>\n<meta name=\"twitter:site\" content=\"@eldiario_net\" \/>\n<meta name=\"twitter:label1\" content=\"Escrito por\" \/>\n\t<meta name=\"twitter:data1\" content=\"Jeanette\" \/>\n\t<meta name=\"twitter:label2\" content=\"Tiempo de lectura\" \/>\n\t<meta name=\"twitter:data2\" content=\"5 minutos\" \/>\n<script type=\"application\/ld+json\" class=\"yoast-schema-graph\">{\"@context\":\"https:\\\/\\\/schema.org\",\"@graph\":[{\"@type\":\"Article\",\"@id\":\"https:\\\/\\\/www.eldiario.net\\\/portal\\\/2021\\\/08\\\/15\\\/lanchipa-desacata-acto-internacional-vinculante\\\/#article\",\"isPartOf\":{\"@id\":\"https:\\\/\\\/www.eldiario.net\\\/portal\\\/2021\\\/08\\\/15\\\/lanchipa-desacata-acto-internacional-vinculante\\\/\"},\"author\":{\"name\":\"Jeanette\",\"@id\":\"https:\\\/\\\/www.eldiario.net\\\/portal\\\/#\\\/schema\\\/person\\\/f46445640444750d7d753ccd04ae01b7\"},\"headline\":\"Lanchipa desacata acto internacional vinculante\",\"datePublished\":\"2021-08-15T09:38:48+00:00\",\"mainEntityOfPage\":{\"@id\":\"https:\\\/\\\/www.eldiario.net\\\/portal\\\/2021\\\/08\\\/15\\\/lanchipa-desacata-acto-internacional-vinculante\\\/\"},\"wordCount\":1100,\"publisher\":{\"@id\":\"https:\\\/\\\/www.eldiario.net\\\/portal\\\/#organization\"},\"image\":{\"@id\":\"https:\\\/\\\/www.eldiario.net\\\/portal\\\/2021\\\/08\\\/15\\\/lanchipa-desacata-acto-internacional-vinculante\\\/#primaryimage\"},\"thumbnailUrl\":\"\",\"articleSection\":[\"Sociedad - Seguridad\"],\"inLanguage\":\"es\"},{\"@type\":\"WebPage\",\"@id\":\"https:\\\/\\\/www.eldiario.net\\\/portal\\\/2021\\\/08\\\/15\\\/lanchipa-desacata-acto-internacional-vinculante\\\/\",\"url\":\"https:\\\/\\\/www.eldiario.net\\\/portal\\\/2021\\\/08\\\/15\\\/lanchipa-desacata-acto-internacional-vinculante\\\/\",\"name\":\"Lanchipa desacata acto internacional vinculante - El Diario - Bolivia\",\"isPartOf\":{\"@id\":\"https:\\\/\\\/www.eldiario.net\\\/portal\\\/#website\"},\"primaryImageOfPage\":{\"@id\":\"https:\\\/\\\/www.eldiario.net\\\/portal\\\/2021\\\/08\\\/15\\\/lanchipa-desacata-acto-internacional-vinculante\\\/#primaryimage\"},\"image\":{\"@id\":\"https:\\\/\\\/www.eldiario.net\\\/portal\\\/2021\\\/08\\\/15\\\/lanchipa-desacata-acto-internacional-vinculante\\\/#primaryimage\"},\"thumbnailUrl\":\"\",\"datePublished\":\"2021-08-15T09:38:48+00:00\",\"breadcrumb\":{\"@id\":\"https:\\\/\\\/www.eldiario.net\\\/portal\\\/2021\\\/08\\\/15\\\/lanchipa-desacata-acto-internacional-vinculante\\\/#breadcrumb\"},\"inLanguage\":\"es\",\"potentialAction\":[{\"@type\":\"ReadAction\",\"target\":[\"https:\\\/\\\/www.eldiario.net\\\/portal\\\/2021\\\/08\\\/15\\\/lanchipa-desacata-acto-internacional-vinculante\\\/\"]}]},{\"@type\":\"ImageObject\",\"inLanguage\":\"es\",\"@id\":\"https:\\\/\\\/www.eldiario.net\\\/portal\\\/2021\\\/08\\\/15\\\/lanchipa-desacata-acto-internacional-vinculante\\\/#primaryimage\",\"url\":\"\",\"contentUrl\":\"\"},{\"@type\":\"BreadcrumbList\",\"@id\":\"https:\\\/\\\/www.eldiario.net\\\/portal\\\/2021\\\/08\\\/15\\\/lanchipa-desacata-acto-internacional-vinculante\\\/#breadcrumb\",\"itemListElement\":[{\"@type\":\"ListItem\",\"position\":1,\"name\":\"Portada\",\"item\":\"https:\\\/\\\/www.eldiario.net\\\/portal\\\/\"},{\"@type\":\"ListItem\",\"position\":2,\"name\":\"Lanchipa desacata acto internacional vinculante\"}]},{\"@type\":\"WebSite\",\"@id\":\"https:\\\/\\\/www.eldiario.net\\\/portal\\\/#website\",\"url\":\"https:\\\/\\\/www.eldiario.net\\\/portal\\\/\",\"name\":\"El Diario - Decano de la prensa nacional\",\"description\":\"El Diario - Decano de la prensa nacional\",\"publisher\":{\"@id\":\"https:\\\/\\\/www.eldiario.net\\\/portal\\\/#organization\"},\"potentialAction\":[{\"@type\":\"SearchAction\",\"target\":{\"@type\":\"EntryPoint\",\"urlTemplate\":\"https:\\\/\\\/www.eldiario.net\\\/portal\\\/?s={search_term_string}\"},\"query-input\":{\"@type\":\"PropertyValueSpecification\",\"valueRequired\":true,\"valueName\":\"search_term_string\"}}],\"inLanguage\":\"es\"},{\"@type\":\"Organization\",\"@id\":\"https:\\\/\\\/www.eldiario.net\\\/portal\\\/#organization\",\"name\":\"El Diario - Decano de la prensa nacional\",\"url\":\"https:\\\/\\\/www.eldiario.net\\\/portal\\\/\",\"logo\":{\"@type\":\"ImageObject\",\"inLanguage\":\"es\",\"@id\":\"https:\\\/\\\/www.eldiario.net\\\/portal\\\/#\\\/schema\\\/logo\\\/image\\\/\",\"url\":\"https:\\\/\\\/www.eldiario.net\\\/portal\\\/wp-content\\\/uploads\\\/2023\\\/07\\\/logo_ED.jpg\",\"contentUrl\":\"https:\\\/\\\/www.eldiario.net\\\/portal\\\/wp-content\\\/uploads\\\/2023\\\/07\\\/logo_ED.jpg\",\"width\":272,\"height\":52,\"caption\":\"El Diario - Decano de la prensa nacional\"},\"image\":{\"@id\":\"https:\\\/\\\/www.eldiario.net\\\/portal\\\/#\\\/schema\\\/logo\\\/image\\\/\"},\"sameAs\":[\"https:\\\/\\\/www.facebook.com\\\/eldiario.bolivia\\\/\",\"https:\\\/\\\/x.com\\\/eldiario_net\"]},{\"@type\":\"Person\",\"@id\":\"https:\\\/\\\/www.eldiario.net\\\/portal\\\/#\\\/schema\\\/person\\\/f46445640444750d7d753ccd04ae01b7\",\"name\":\"Jeanette\",\"image\":{\"@type\":\"ImageObject\",\"inLanguage\":\"es\",\"@id\":\"https:\\\/\\\/secure.gravatar.com\\\/avatar\\\/3ea2118a5f7dad2b7138b1187a6b7ee55f160b9968b66013c3a3ef39dd7e5798?s=96&d=mm&r=g\",\"url\":\"https:\\\/\\\/secure.gravatar.com\\\/avatar\\\/3ea2118a5f7dad2b7138b1187a6b7ee55f160b9968b66013c3a3ef39dd7e5798?s=96&d=mm&r=g\",\"contentUrl\":\"https:\\\/\\\/secure.gravatar.com\\\/avatar\\\/3ea2118a5f7dad2b7138b1187a6b7ee55f160b9968b66013c3a3ef39dd7e5798?s=96&d=mm&r=g\",\"caption\":\"Jeanette\"},\"sameAs\":[\"https:\\\/\\\/www.eldiario.net\\\/portal\"],\"url\":\"https:\\\/\\\/www.eldiario.net\\\/portal\\\/author\\\/jeanette\\\/\"}]}<\/script>\n<!-- \/ Yoast SEO plugin. -->","yoast_head_json":{"title":"Lanchipa desacata acto internacional vinculante - El Diario - Bolivia","robots":{"index":"index","follow":"follow","max-snippet":"max-snippet:-1","max-image-preview":"max-image-preview:large","max-video-preview":"max-video-preview:-1"},"canonical":"https:\/\/www.eldiario.net\/portal\/2021\/08\/15\/lanchipa-desacata-acto-internacional-vinculante\/","og_locale":"es_ES","og_type":"article","og_title":"Lanchipa desacata acto internacional vinculante - El Diario - Bolivia","og_description":"Juan Fausto Lanchipa Ponce es el fiscal general de Bolivia, que cumplir\u00e1 la mitad de su gesti\u00f3n, luego de haber sido posesionado en el cargo en octubre de 2018, en medio de una acci\u00f3n que se perfila como un desacato a los convenios internacionales firmados por el Estado boliviano, manifest\u00f3 a EL DIARIO el periodista [&hellip;]","og_url":"https:\/\/www.eldiario.net\/portal\/2021\/08\/15\/lanchipa-desacata-acto-internacional-vinculante\/","og_site_name":"El Diario - Bolivia","article_publisher":"https:\/\/www.facebook.com\/eldiario.bolivia\/","article_published_time":"2021-08-15T09:38:48+00:00","author":"Jeanette","twitter_card":"summary_large_image","twitter_creator":"@eldiario_net","twitter_site":"@eldiario_net","twitter_misc":{"Escrito por":"Jeanette","Tiempo de lectura":"5 minutos"},"schema":{"@context":"https:\/\/schema.org","@graph":[{"@type":"Article","@id":"https:\/\/www.eldiario.net\/portal\/2021\/08\/15\/lanchipa-desacata-acto-internacional-vinculante\/#article","isPartOf":{"@id":"https:\/\/www.eldiario.net\/portal\/2021\/08\/15\/lanchipa-desacata-acto-internacional-vinculante\/"},"author":{"name":"Jeanette","@id":"https:\/\/www.eldiario.net\/portal\/#\/schema\/person\/f46445640444750d7d753ccd04ae01b7"},"headline":"Lanchipa desacata acto internacional vinculante","datePublished":"2021-08-15T09:38:48+00:00","mainEntityOfPage":{"@id":"https:\/\/www.eldiario.net\/portal\/2021\/08\/15\/lanchipa-desacata-acto-internacional-vinculante\/"},"wordCount":1100,"publisher":{"@id":"https:\/\/www.eldiario.net\/portal\/#organization"},"image":{"@id":"https:\/\/www.eldiario.net\/portal\/2021\/08\/15\/lanchipa-desacata-acto-internacional-vinculante\/#primaryimage"},"thumbnailUrl":"","articleSection":["Sociedad - Seguridad"],"inLanguage":"es"},{"@type":"WebPage","@id":"https:\/\/www.eldiario.net\/portal\/2021\/08\/15\/lanchipa-desacata-acto-internacional-vinculante\/","url":"https:\/\/www.eldiario.net\/portal\/2021\/08\/15\/lanchipa-desacata-acto-internacional-vinculante\/","name":"Lanchipa desacata acto internacional vinculante - El Diario - Bolivia","isPartOf":{"@id":"https:\/\/www.eldiario.net\/portal\/#website"},"primaryImageOfPage":{"@id":"https:\/\/www.eldiario.net\/portal\/2021\/08\/15\/lanchipa-desacata-acto-internacional-vinculante\/#primaryimage"},"image":{"@id":"https:\/\/www.eldiario.net\/portal\/2021\/08\/15\/lanchipa-desacata-acto-internacional-vinculante\/#primaryimage"},"thumbnailUrl":"","datePublished":"2021-08-15T09:38:48+00:00","breadcrumb":{"@id":"https:\/\/www.eldiario.net\/portal\/2021\/08\/15\/lanchipa-desacata-acto-internacional-vinculante\/#breadcrumb"},"inLanguage":"es","potentialAction":[{"@type":"ReadAction","target":["https:\/\/www.eldiario.net\/portal\/2021\/08\/15\/lanchipa-desacata-acto-internacional-vinculante\/"]}]},{"@type":"ImageObject","inLanguage":"es","@id":"https:\/\/www.eldiario.net\/portal\/2021\/08\/15\/lanchipa-desacata-acto-internacional-vinculante\/#primaryimage","url":"","contentUrl":""},{"@type":"BreadcrumbList","@id":"https:\/\/www.eldiario.net\/portal\/2021\/08\/15\/lanchipa-desacata-acto-internacional-vinculante\/#breadcrumb","itemListElement":[{"@type":"ListItem","position":1,"name":"Portada","item":"https:\/\/www.eldiario.net\/portal\/"},{"@type":"ListItem","position":2,"name":"Lanchipa desacata acto internacional vinculante"}]},{"@type":"WebSite","@id":"https:\/\/www.eldiario.net\/portal\/#website","url":"https:\/\/www.eldiario.net\/portal\/","name":"El Diario - Decano de la prensa nacional","description":"El Diario - Decano de la prensa nacional","publisher":{"@id":"https:\/\/www.eldiario.net\/portal\/#organization"},"potentialAction":[{"@type":"SearchAction","target":{"@type":"EntryPoint","urlTemplate":"https:\/\/www.eldiario.net\/portal\/?s={search_term_string}"},"query-input":{"@type":"PropertyValueSpecification","valueRequired":true,"valueName":"search_term_string"}}],"inLanguage":"es"},{"@type":"Organization","@id":"https:\/\/www.eldiario.net\/portal\/#organization","name":"El Diario - Decano de la prensa nacional","url":"https:\/\/www.eldiario.net\/portal\/","logo":{"@type":"ImageObject","inLanguage":"es","@id":"https:\/\/www.eldiario.net\/portal\/#\/schema\/logo\/image\/","url":"https:\/\/www.eldiario.net\/portal\/wp-content\/uploads\/2023\/07\/logo_ED.jpg","contentUrl":"https:\/\/www.eldiario.net\/portal\/wp-content\/uploads\/2023\/07\/logo_ED.jpg","width":272,"height":52,"caption":"El Diario - Decano de la prensa nacional"},"image":{"@id":"https:\/\/www.eldiario.net\/portal\/#\/schema\/logo\/image\/"},"sameAs":["https:\/\/www.facebook.com\/eldiario.bolivia\/","https:\/\/x.com\/eldiario_net"]},{"@type":"Person","@id":"https:\/\/www.eldiario.net\/portal\/#\/schema\/person\/f46445640444750d7d753ccd04ae01b7","name":"Jeanette","image":{"@type":"ImageObject","inLanguage":"es","@id":"https:\/\/secure.gravatar.com\/avatar\/3ea2118a5f7dad2b7138b1187a6b7ee55f160b9968b66013c3a3ef39dd7e5798?s=96&d=mm&r=g","url":"https:\/\/secure.gravatar.com\/avatar\/3ea2118a5f7dad2b7138b1187a6b7ee55f160b9968b66013c3a3ef39dd7e5798?s=96&d=mm&r=g","contentUrl":"https:\/\/secure.gravatar.com\/avatar\/3ea2118a5f7dad2b7138b1187a6b7ee55f160b9968b66013c3a3ef39dd7e5798?s=96&d=mm&r=g","caption":"Jeanette"},"sameAs":["https:\/\/www.eldiario.net\/portal"],"url":"https:\/\/www.eldiario.net\/portal\/author\/jeanette\/"}]}},"_links":{"self":[{"href":"https:\/\/www.eldiario.net\/portal\/wp-json\/wp\/v2\/posts\/23531","targetHints":{"allow":["GET"]}}],"collection":[{"href":"https:\/\/www.eldiario.net\/portal\/wp-json\/wp\/v2\/posts"}],"about":[{"href":"https:\/\/www.eldiario.net\/portal\/wp-json\/wp\/v2\/types\/post"}],"author":[{"embeddable":true,"href":"https:\/\/www.eldiario.net\/portal\/wp-json\/wp\/v2\/users\/1"}],"replies":[{"embeddable":true,"href":"https:\/\/www.eldiario.net\/portal\/wp-json\/wp\/v2\/comments?post=23531"}],"version-history":[{"count":0,"href":"https:\/\/www.eldiario.net\/portal\/wp-json\/wp\/v2\/posts\/23531\/revisions"}],"wp:attachment":[{"href":"https:\/\/www.eldiario.net\/portal\/wp-json\/wp\/v2\/media?parent=23531"}],"wp:term":[{"taxonomy":"category","embeddable":true,"href":"https:\/\/www.eldiario.net\/portal\/wp-json\/wp\/v2\/categories?post=23531"},{"taxonomy":"post_tag","embeddable":true,"href":"https:\/\/www.eldiario.net\/portal\/wp-json\/wp\/v2\/tags?post=23531"}],"curies":[{"name":"wp","href":"https:\/\/api.w.org\/{rel}","templated":true}]}}