{"id":23527,"date":"2021-08-15T05:36:49","date_gmt":"2021-08-15T09:36:49","guid":{"rendered":"https:\/\/www.eldiario.net\/portal\/?p=23527"},"modified":"2021-08-15T05:36:49","modified_gmt":"2021-08-15T09:36:49","slug":"jovenes-se-profesionalizan-en-turismo-de-aventura","status":"publish","type":"post","link":"https:\/\/www.eldiario.net\/portal\/2021\/08\/15\/jovenes-se-profesionalizan-en-turismo-de-aventura\/","title":{"rendered":"J\u00f3venes se profesionalizan en Turismo de \u201cAventura\u201d"},"content":{"rendered":"<p>Estudiantes de diferentes comunidades del \u00e1rea rural, tanto del altiplano como de zonas tropicales, est\u00e1n siendo becados por una fundaci\u00f3n extranjera, para estudiar cinco a\u00f1os Turismo con la especialidad de \u201caventura\u201d, todos los beneficiados permanecer\u00e1n en un internado que les brinda hospedaje y alimentaci\u00f3n gratuita.<br \/>\nLa Fundaci\u00f3n Manos Abiertas \u201cVirgen de la Natividad\u201d dirigida por los sacerdotes italianos Leonardo Giannelli y Antonio Zavatarelli ha emprendido un nuevo proyecto que consiste en el pago total de cinco a\u00f1os de estudio en la Carrera de Turismo, a 40 bachilleres, quienes se graduar\u00e1n bajo el respaldo de una universidad privada.<br \/>\n\u201cEn 2019 ya ha acabado con \u00e9xito el primer ciclo, con la graduaci\u00f3n de 21 j\u00f3venes que ahora ya est\u00e1n mirando hacia un futuro laboral\u201d, indic\u00f3 el obispo Leonardo Giannelli.<br \/>\nEl nuevo proyecto cuenta hasta ahora con j\u00f3venes que tienen procedencia de Mecapaca, Palca, Pe\u00f1as, Batallas, Achacachi, El Alto, entre otras comunidades de las que a\u00fan se espera puedan asistir a los cursos prefacultativos que se otorgan en el mismo internado.<br \/>\n\u201cLas inscripciones est\u00e1n abiertas y es una oportunidad para los j\u00f3venes que viven en el \u00e1rea rural, el preuniversitario est\u00e1 abierto en Pe\u00f1as y esperamos nuevas inscripciones de bachilleres que desean formarse en estas interesantes disciplinas\u201d, a\u00f1adi\u00f3 el padre Antonio Zavatarelli.<br \/>\nEste emprendimiento fue elaborado a ra\u00edz de las necesidades educativas y formativas que a\u00fan hacen falta en zonas campesinas del occidente y se lleva a cabo gracias a las donaciones de familias italianas que desde Europa hacen efectivos estos y otros prop\u00f3sitos en esta fundaci\u00f3n.<br \/>\n\u201cGracias a las donaciones de los benefactores, la participaci\u00f3n al curso y la permanencia en el internado son mantenidos en r\u00e9gimen de gratuidad para todos los estudiantes\u201d, a\u00f1adi\u00f3 Zavatarelli.<br \/>\nEl internado para los futuros estudiantes cuenta con comedor y aulas para su funcionamiento apropiado como Casa de Estudios Superiores en Pe\u00f1as, no solo es un pueblo que se ubica cerca del lago Titicaca y frente a la Cordillera Real, sino que tambi\u00e9n posee historia rica en cultura.<br \/>\n\u201cEn el centro de la plaza hay un monumento que recuerda la muerte del h\u00e9roe aymara Tupak Katari, quien se ocult\u00f3 y falleci\u00f3 en este lugar, al fondo se eleva el perfil barroco mestizo del siglo XVI y santuario colonial \u201cVirgen de la Natividad\u201d. Cerca de Pe\u00f1as, est\u00e1 el cerro Wiraconi, adem\u00e1s de las pinturas rupestres de Quillquantiji, que testimonian un pasado rico de vida y rituales, e igualmente hay ruinas que pensamos es del periodo de Tiwanaku, cerca de la plaza, en un territorio que desde siempre busca y construye el propio camino hacia el futuro\u201d, aclar\u00f3 Antonio Zavatarelli.<br \/>\nLa Fundaci\u00f3n Manos Abiertas \u201cVirgen de la Natividad\u201d a\u00fan espera el arribo de j\u00f3venes interesados en poseer esta beca que solamente tiene como requisito el ser bachiller, para poder alcanzar la licenciatura, hospedaje y alimentaci\u00f3n completamente gratis en instalaciones de la Parroquia del pueblo de Pe\u00f1as.<\/p>\n<p>&nbsp;<\/p>\n","protected":false},"excerpt":{"rendered":"<p>Estudiantes de diferentes comunidades del \u00e1rea rural, tanto del altiplano como de zonas tropicales, est\u00e1n siendo becados por una fundaci\u00f3n extranjera, para estudiar cinco a\u00f1os Turismo con la especialidad de \u201caventura\u201d, todos los beneficiados permanecer\u00e1n en un internado que les brinda hospedaje y alimentaci\u00f3n gratuita. La Fundaci\u00f3n Manos Abiertas \u201cVirgen de la Natividad\u201d dirigida por [&hellip;]<\/p>\n","protected":false},"author":1,"featured_media":23528,"comment_status":"closed","ping_status":"closed","sticky":false,"template":"","format":"standard","meta":{"_acf_changed":false,"footnotes":""},"categories":[12],"tags":[],"class_list":["post-23527","post","type-post","status-publish","format-standard","has-post-thumbnail","category-nacional"],"acf":{"antetitulo":""},"yoast_head":"<!-- This site is optimized with the Yoast SEO plugin v28.4 - https:\/\/yoast.com\/product\/yoast-seo-wordpress\/ -->\n<title>J\u00f3venes se profesionalizan en Turismo de \u201cAventura\u201d - El Diario - Bolivia<\/title>\n<meta name=\"robots\" content=\"index, follow, max-snippet:-1, max-image-preview:large, max-video-preview:-1\" \/>\n<link rel=\"canonical\" href=\"https:\/\/www.eldiario.net\/portal\/2021\/08\/15\/jovenes-se-profesionalizan-en-turismo-de-aventura\/\" \/>\n<meta property=\"og:locale\" content=\"es_ES\" \/>\n<meta property=\"og:type\" content=\"article\" \/>\n<meta property=\"og:title\" content=\"J\u00f3venes se profesionalizan en Turismo de \u201cAventura\u201d - El Diario - Bolivia\" \/>\n<meta property=\"og:description\" content=\"Estudiantes de diferentes comunidades del \u00e1rea rural, tanto del altiplano como de zonas tropicales, est\u00e1n siendo becados por una fundaci\u00f3n extranjera, para estudiar cinco a\u00f1os Turismo con la especialidad de \u201caventura\u201d, todos los beneficiados permanecer\u00e1n en un internado que les brinda hospedaje y alimentaci\u00f3n gratuita. La Fundaci\u00f3n Manos Abiertas \u201cVirgen de la Natividad\u201d dirigida por [&hellip;]\" \/>\n<meta property=\"og:url\" content=\"https:\/\/www.eldiario.net\/portal\/2021\/08\/15\/jovenes-se-profesionalizan-en-turismo-de-aventura\/\" \/>\n<meta property=\"og:site_name\" content=\"El Diario - Bolivia\" \/>\n<meta property=\"article:publisher\" content=\"https:\/\/www.facebook.com\/eldiario.bolivia\/\" \/>\n<meta property=\"article:published_time\" content=\"2021-08-15T09:36:49+00:00\" \/>\n<meta name=\"author\" content=\"Jeanette\" \/>\n<meta name=\"twitter:card\" content=\"summary_large_image\" \/>\n<meta name=\"twitter:creator\" content=\"@eldiario_net\" \/>\n<meta name=\"twitter:site\" content=\"@eldiario_net\" \/>\n<meta name=\"twitter:label1\" content=\"Escrito por\" \/>\n\t<meta name=\"twitter:data1\" content=\"Jeanette\" \/>\n\t<meta name=\"twitter:label2\" content=\"Tiempo de lectura\" \/>\n\t<meta name=\"twitter:data2\" content=\"3 minutos\" \/>\n<script type=\"application\/ld+json\" class=\"yoast-schema-graph\">{\"@context\":\"https:\\\/\\\/schema.org\",\"@graph\":[{\"@type\":\"Article\",\"@id\":\"https:\\\/\\\/www.eldiario.net\\\/portal\\\/2021\\\/08\\\/15\\\/jovenes-se-profesionalizan-en-turismo-de-aventura\\\/#article\",\"isPartOf\":{\"@id\":\"https:\\\/\\\/www.eldiario.net\\\/portal\\\/2021\\\/08\\\/15\\\/jovenes-se-profesionalizan-en-turismo-de-aventura\\\/\"},\"author\":{\"name\":\"Jeanette\",\"@id\":\"https:\\\/\\\/www.eldiario.net\\\/portal\\\/#\\\/schema\\\/person\\\/f46445640444750d7d753ccd04ae01b7\"},\"headline\":\"J\u00f3venes se profesionalizan en Turismo de \u201cAventura\u201d\",\"datePublished\":\"2021-08-15T09:36:49+00:00\",\"mainEntityOfPage\":{\"@id\":\"https:\\\/\\\/www.eldiario.net\\\/portal\\\/2021\\\/08\\\/15\\\/jovenes-se-profesionalizan-en-turismo-de-aventura\\\/\"},\"wordCount\":518,\"publisher\":{\"@id\":\"https:\\\/\\\/www.eldiario.net\\\/portal\\\/#organization\"},\"image\":{\"@id\":\"https:\\\/\\\/www.eldiario.net\\\/portal\\\/2021\\\/08\\\/15\\\/jovenes-se-profesionalizan-en-turismo-de-aventura\\\/#primaryimage\"},\"thumbnailUrl\":\"\",\"articleSection\":[\"Nacional\"],\"inLanguage\":\"es\"},{\"@type\":\"WebPage\",\"@id\":\"https:\\\/\\\/www.eldiario.net\\\/portal\\\/2021\\\/08\\\/15\\\/jovenes-se-profesionalizan-en-turismo-de-aventura\\\/\",\"url\":\"https:\\\/\\\/www.eldiario.net\\\/portal\\\/2021\\\/08\\\/15\\\/jovenes-se-profesionalizan-en-turismo-de-aventura\\\/\",\"name\":\"J\u00f3venes se profesionalizan en Turismo de \u201cAventura\u201d - El Diario - Bolivia\",\"isPartOf\":{\"@id\":\"https:\\\/\\\/www.eldiario.net\\\/portal\\\/#website\"},\"primaryImageOfPage\":{\"@id\":\"https:\\\/\\\/www.eldiario.net\\\/portal\\\/2021\\\/08\\\/15\\\/jovenes-se-profesionalizan-en-turismo-de-aventura\\\/#primaryimage\"},\"image\":{\"@id\":\"https:\\\/\\\/www.eldiario.net\\\/portal\\\/2021\\\/08\\\/15\\\/jovenes-se-profesionalizan-en-turismo-de-aventura\\\/#primaryimage\"},\"thumbnailUrl\":\"\",\"datePublished\":\"2021-08-15T09:36:49+00:00\",\"breadcrumb\":{\"@id\":\"https:\\\/\\\/www.eldiario.net\\\/portal\\\/2021\\\/08\\\/15\\\/jovenes-se-profesionalizan-en-turismo-de-aventura\\\/#breadcrumb\"},\"inLanguage\":\"es\",\"potentialAction\":[{\"@type\":\"ReadAction\",\"target\":[\"https:\\\/\\\/www.eldiario.net\\\/portal\\\/2021\\\/08\\\/15\\\/jovenes-se-profesionalizan-en-turismo-de-aventura\\\/\"]}]},{\"@type\":\"ImageObject\",\"inLanguage\":\"es\",\"@id\":\"https:\\\/\\\/www.eldiario.net\\\/portal\\\/2021\\\/08\\\/15\\\/jovenes-se-profesionalizan-en-turismo-de-aventura\\\/#primaryimage\",\"url\":\"\",\"contentUrl\":\"\"},{\"@type\":\"BreadcrumbList\",\"@id\":\"https:\\\/\\\/www.eldiario.net\\\/portal\\\/2021\\\/08\\\/15\\\/jovenes-se-profesionalizan-en-turismo-de-aventura\\\/#breadcrumb\",\"itemListElement\":[{\"@type\":\"ListItem\",\"position\":1,\"name\":\"Portada\",\"item\":\"https:\\\/\\\/www.eldiario.net\\\/portal\\\/\"},{\"@type\":\"ListItem\",\"position\":2,\"name\":\"J\u00f3venes se profesionalizan en Turismo de \u201cAventura\u201d\"}]},{\"@type\":\"WebSite\",\"@id\":\"https:\\\/\\\/www.eldiario.net\\\/portal\\\/#website\",\"url\":\"https:\\\/\\\/www.eldiario.net\\\/portal\\\/\",\"name\":\"El Diario - Decano de la prensa nacional\",\"description\":\"El Diario - Decano de la prensa nacional\",\"publisher\":{\"@id\":\"https:\\\/\\\/www.eldiario.net\\\/portal\\\/#organization\"},\"potentialAction\":[{\"@type\":\"SearchAction\",\"target\":{\"@type\":\"EntryPoint\",\"urlTemplate\":\"https:\\\/\\\/www.eldiario.net\\\/portal\\\/?s={search_term_string}\"},\"query-input\":{\"@type\":\"PropertyValueSpecification\",\"valueRequired\":true,\"valueName\":\"search_term_string\"}}],\"inLanguage\":\"es\"},{\"@type\":\"Organization\",\"@id\":\"https:\\\/\\\/www.eldiario.net\\\/portal\\\/#organization\",\"name\":\"El Diario - Decano de la prensa nacional\",\"url\":\"https:\\\/\\\/www.eldiario.net\\\/portal\\\/\",\"logo\":{\"@type\":\"ImageObject\",\"inLanguage\":\"es\",\"@id\":\"https:\\\/\\\/www.eldiario.net\\\/portal\\\/#\\\/schema\\\/logo\\\/image\\\/\",\"url\":\"https:\\\/\\\/www.eldiario.net\\\/portal\\\/wp-content\\\/uploads\\\/2023\\\/07\\\/logo_ED.jpg\",\"contentUrl\":\"https:\\\/\\\/www.eldiario.net\\\/portal\\\/wp-content\\\/uploads\\\/2023\\\/07\\\/logo_ED.jpg\",\"width\":272,\"height\":52,\"caption\":\"El Diario - Decano de la prensa nacional\"},\"image\":{\"@id\":\"https:\\\/\\\/www.eldiario.net\\\/portal\\\/#\\\/schema\\\/logo\\\/image\\\/\"},\"sameAs\":[\"https:\\\/\\\/www.facebook.com\\\/eldiario.bolivia\\\/\",\"https:\\\/\\\/x.com\\\/eldiario_net\"]},{\"@type\":\"Person\",\"@id\":\"https:\\\/\\\/www.eldiario.net\\\/portal\\\/#\\\/schema\\\/person\\\/f46445640444750d7d753ccd04ae01b7\",\"name\":\"Jeanette\",\"image\":{\"@type\":\"ImageObject\",\"inLanguage\":\"es\",\"@id\":\"https:\\\/\\\/secure.gravatar.com\\\/avatar\\\/3ea2118a5f7dad2b7138b1187a6b7ee55f160b9968b66013c3a3ef39dd7e5798?s=96&d=mm&r=g\",\"url\":\"https:\\\/\\\/secure.gravatar.com\\\/avatar\\\/3ea2118a5f7dad2b7138b1187a6b7ee55f160b9968b66013c3a3ef39dd7e5798?s=96&d=mm&r=g\",\"contentUrl\":\"https:\\\/\\\/secure.gravatar.com\\\/avatar\\\/3ea2118a5f7dad2b7138b1187a6b7ee55f160b9968b66013c3a3ef39dd7e5798?s=96&d=mm&r=g\",\"caption\":\"Jeanette\"},\"sameAs\":[\"https:\\\/\\\/www.eldiario.net\\\/portal\"],\"url\":\"https:\\\/\\\/www.eldiario.net\\\/portal\\\/author\\\/jeanette\\\/\"}]}<\/script>\n<!-- \/ Yoast SEO plugin. -->","yoast_head_json":{"title":"J\u00f3venes se profesionalizan en Turismo de \u201cAventura\u201d - El Diario - Bolivia","robots":{"index":"index","follow":"follow","max-snippet":"max-snippet:-1","max-image-preview":"max-image-preview:large","max-video-preview":"max-video-preview:-1"},"canonical":"https:\/\/www.eldiario.net\/portal\/2021\/08\/15\/jovenes-se-profesionalizan-en-turismo-de-aventura\/","og_locale":"es_ES","og_type":"article","og_title":"J\u00f3venes se profesionalizan en Turismo de \u201cAventura\u201d - El Diario - Bolivia","og_description":"Estudiantes de diferentes comunidades del \u00e1rea rural, tanto del altiplano como de zonas tropicales, est\u00e1n siendo becados por una fundaci\u00f3n extranjera, para estudiar cinco a\u00f1os Turismo con la especialidad de \u201caventura\u201d, todos los beneficiados permanecer\u00e1n en un internado que les brinda hospedaje y alimentaci\u00f3n gratuita. La Fundaci\u00f3n Manos Abiertas \u201cVirgen de la Natividad\u201d dirigida por [&hellip;]","og_url":"https:\/\/www.eldiario.net\/portal\/2021\/08\/15\/jovenes-se-profesionalizan-en-turismo-de-aventura\/","og_site_name":"El Diario - Bolivia","article_publisher":"https:\/\/www.facebook.com\/eldiario.bolivia\/","article_published_time":"2021-08-15T09:36:49+00:00","author":"Jeanette","twitter_card":"summary_large_image","twitter_creator":"@eldiario_net","twitter_site":"@eldiario_net","twitter_misc":{"Escrito por":"Jeanette","Tiempo de lectura":"3 minutos"},"schema":{"@context":"https:\/\/schema.org","@graph":[{"@type":"Article","@id":"https:\/\/www.eldiario.net\/portal\/2021\/08\/15\/jovenes-se-profesionalizan-en-turismo-de-aventura\/#article","isPartOf":{"@id":"https:\/\/www.eldiario.net\/portal\/2021\/08\/15\/jovenes-se-profesionalizan-en-turismo-de-aventura\/"},"author":{"name":"Jeanette","@id":"https:\/\/www.eldiario.net\/portal\/#\/schema\/person\/f46445640444750d7d753ccd04ae01b7"},"headline":"J\u00f3venes se profesionalizan en Turismo de \u201cAventura\u201d","datePublished":"2021-08-15T09:36:49+00:00","mainEntityOfPage":{"@id":"https:\/\/www.eldiario.net\/portal\/2021\/08\/15\/jovenes-se-profesionalizan-en-turismo-de-aventura\/"},"wordCount":518,"publisher":{"@id":"https:\/\/www.eldiario.net\/portal\/#organization"},"image":{"@id":"https:\/\/www.eldiario.net\/portal\/2021\/08\/15\/jovenes-se-profesionalizan-en-turismo-de-aventura\/#primaryimage"},"thumbnailUrl":"","articleSection":["Nacional"],"inLanguage":"es"},{"@type":"WebPage","@id":"https:\/\/www.eldiario.net\/portal\/2021\/08\/15\/jovenes-se-profesionalizan-en-turismo-de-aventura\/","url":"https:\/\/www.eldiario.net\/portal\/2021\/08\/15\/jovenes-se-profesionalizan-en-turismo-de-aventura\/","name":"J\u00f3venes se profesionalizan en Turismo de \u201cAventura\u201d - El Diario - Bolivia","isPartOf":{"@id":"https:\/\/www.eldiario.net\/portal\/#website"},"primaryImageOfPage":{"@id":"https:\/\/www.eldiario.net\/portal\/2021\/08\/15\/jovenes-se-profesionalizan-en-turismo-de-aventura\/#primaryimage"},"image":{"@id":"https:\/\/www.eldiario.net\/portal\/2021\/08\/15\/jovenes-se-profesionalizan-en-turismo-de-aventura\/#primaryimage"},"thumbnailUrl":"","datePublished":"2021-08-15T09:36:49+00:00","breadcrumb":{"@id":"https:\/\/www.eldiario.net\/portal\/2021\/08\/15\/jovenes-se-profesionalizan-en-turismo-de-aventura\/#breadcrumb"},"inLanguage":"es","potentialAction":[{"@type":"ReadAction","target":["https:\/\/www.eldiario.net\/portal\/2021\/08\/15\/jovenes-se-profesionalizan-en-turismo-de-aventura\/"]}]},{"@type":"ImageObject","inLanguage":"es","@id":"https:\/\/www.eldiario.net\/portal\/2021\/08\/15\/jovenes-se-profesionalizan-en-turismo-de-aventura\/#primaryimage","url":"","contentUrl":""},{"@type":"BreadcrumbList","@id":"https:\/\/www.eldiario.net\/portal\/2021\/08\/15\/jovenes-se-profesionalizan-en-turismo-de-aventura\/#breadcrumb","itemListElement":[{"@type":"ListItem","position":1,"name":"Portada","item":"https:\/\/www.eldiario.net\/portal\/"},{"@type":"ListItem","position":2,"name":"J\u00f3venes se profesionalizan en Turismo de \u201cAventura\u201d"}]},{"@type":"WebSite","@id":"https:\/\/www.eldiario.net\/portal\/#website","url":"https:\/\/www.eldiario.net\/portal\/","name":"El Diario - Decano de la prensa nacional","description":"El Diario - Decano de la prensa nacional","publisher":{"@id":"https:\/\/www.eldiario.net\/portal\/#organization"},"potentialAction":[{"@type":"SearchAction","target":{"@type":"EntryPoint","urlTemplate":"https:\/\/www.eldiario.net\/portal\/?s={search_term_string}"},"query-input":{"@type":"PropertyValueSpecification","valueRequired":true,"valueName":"search_term_string"}}],"inLanguage":"es"},{"@type":"Organization","@id":"https:\/\/www.eldiario.net\/portal\/#organization","name":"El Diario - Decano de la prensa nacional","url":"https:\/\/www.eldiario.net\/portal\/","logo":{"@type":"ImageObject","inLanguage":"es","@id":"https:\/\/www.eldiario.net\/portal\/#\/schema\/logo\/image\/","url":"https:\/\/www.eldiario.net\/portal\/wp-content\/uploads\/2023\/07\/logo_ED.jpg","contentUrl":"https:\/\/www.eldiario.net\/portal\/wp-content\/uploads\/2023\/07\/logo_ED.jpg","width":272,"height":52,"caption":"El Diario - Decano de la prensa nacional"},"image":{"@id":"https:\/\/www.eldiario.net\/portal\/#\/schema\/logo\/image\/"},"sameAs":["https:\/\/www.facebook.com\/eldiario.bolivia\/","https:\/\/x.com\/eldiario_net"]},{"@type":"Person","@id":"https:\/\/www.eldiario.net\/portal\/#\/schema\/person\/f46445640444750d7d753ccd04ae01b7","name":"Jeanette","image":{"@type":"ImageObject","inLanguage":"es","@id":"https:\/\/secure.gravatar.com\/avatar\/3ea2118a5f7dad2b7138b1187a6b7ee55f160b9968b66013c3a3ef39dd7e5798?s=96&d=mm&r=g","url":"https:\/\/secure.gravatar.com\/avatar\/3ea2118a5f7dad2b7138b1187a6b7ee55f160b9968b66013c3a3ef39dd7e5798?s=96&d=mm&r=g","contentUrl":"https:\/\/secure.gravatar.com\/avatar\/3ea2118a5f7dad2b7138b1187a6b7ee55f160b9968b66013c3a3ef39dd7e5798?s=96&d=mm&r=g","caption":"Jeanette"},"sameAs":["https:\/\/www.eldiario.net\/portal"],"url":"https:\/\/www.eldiario.net\/portal\/author\/jeanette\/"}]}},"_links":{"self":[{"href":"https:\/\/www.eldiario.net\/portal\/wp-json\/wp\/v2\/posts\/23527","targetHints":{"allow":["GET"]}}],"collection":[{"href":"https:\/\/www.eldiario.net\/portal\/wp-json\/wp\/v2\/posts"}],"about":[{"href":"https:\/\/www.eldiario.net\/portal\/wp-json\/wp\/v2\/types\/post"}],"author":[{"embeddable":true,"href":"https:\/\/www.eldiario.net\/portal\/wp-json\/wp\/v2\/users\/1"}],"replies":[{"embeddable":true,"href":"https:\/\/www.eldiario.net\/portal\/wp-json\/wp\/v2\/comments?post=23527"}],"version-history":[{"count":0,"href":"https:\/\/www.eldiario.net\/portal\/wp-json\/wp\/v2\/posts\/23527\/revisions"}],"wp:attachment":[{"href":"https:\/\/www.eldiario.net\/portal\/wp-json\/wp\/v2\/media?parent=23527"}],"wp:term":[{"taxonomy":"category","embeddable":true,"href":"https:\/\/www.eldiario.net\/portal\/wp-json\/wp\/v2\/categories?post=23527"},{"taxonomy":"post_tag","embeddable":true,"href":"https:\/\/www.eldiario.net\/portal\/wp-json\/wp\/v2\/tags?post=23527"}],"curies":[{"name":"wp","href":"https:\/\/api.w.org\/{rel}","templated":true}]}}