{"id":23524,"date":"2021-08-15T05:35:51","date_gmt":"2021-08-15T09:35:51","guid":{"rendered":"https:\/\/www.eldiario.net\/portal\/?p=23524"},"modified":"2021-08-15T05:35:51","modified_gmt":"2021-08-15T09:35:51","slug":"lote-de-150-000-segundas-dosis-de-vacuna-sputnik-v-llego-al-pais","status":"publish","type":"post","link":"https:\/\/www.eldiario.net\/portal\/2021\/08\/15\/lote-de-150-000-segundas-dosis-de-vacuna-sputnik-v-llego-al-pais\/","title":{"rendered":"Lote de 150.000 segundas dosis  de vacuna Sputnik V lleg\u00f3 al pa\u00eds"},"content":{"rendered":"<p>Las segundas dosis de la vacuna rusa Sputnik V llegaron este s\u00e1bado al Aeropuerto Internacional de El Alto, las 150.000 inyecciones dar\u00e1n continuidad a la campa\u00f1a de inoculaci\u00f3n masiva contra el covid-19 en el pa\u00eds.<br \/>\n\u201cYa se ha quedado una parte en Santa Cruz, se han quedado aproximadamente 27.000 dosis y, como pueden ver, han llegado 14 contenedores\u201d, afirm\u00f3 el viceministro de Comercio Exterior, Benjam\u00edn Blanco, en contacto con Bolivia Tv. La autoridad indic\u00f3 que este \u201ces el segundo lote que ha llegado, hasta el domingo 8, hasta la anterior semana hab\u00edan llegado 125.000 y ahora tenemos 150.000 m\u00e1s en el pa\u00eds\u201d.<br \/>\nAsever\u00f3 que con la cantidad de segundas dosis de Sputnik V que actualmente hay en el pa\u00eds, ya se puede vacunar a toda la poblaci\u00f3n que recibi\u00f3 la primera dosis de ese inmunizante, reflej\u00f3 ABI.<br \/>\n\u201cYa tenemos las 200.000 dosis para toda esa poblaci\u00f3n y adem\u00e1s tenemos un remanente de 75.000 dosis para los que van a ir cumpliendo en las pr\u00f3ximas semanas\u201d, acot\u00f3.<br \/>\nTambi\u00e9n destac\u00f3 que Bolivia es de los primeros pa\u00edses que recibi\u00f3 estas segundas dosis, en cumplimiento al compromiso asumido por el Fondo Ruso de Inversiones y pidi\u00f3 a los gobiernos subnacionales que coadyuven con la distribuci\u00f3n del f\u00e1rmaco.<\/p>\n","protected":false},"excerpt":{"rendered":"<p>Las segundas dosis de la vacuna rusa Sputnik V llegaron este s\u00e1bado al Aeropuerto Internacional de El Alto, las 150.000 inyecciones dar\u00e1n continuidad a la campa\u00f1a de inoculaci\u00f3n masiva contra el covid-19 en el pa\u00eds. \u201cYa se ha quedado una parte en Santa Cruz, se han quedado aproximadamente 27.000 dosis y, como pueden ver, han [&hellip;]<\/p>\n","protected":false},"author":1,"featured_media":23525,"comment_status":"closed","ping_status":"closed","sticky":false,"template":"","format":"standard","meta":{"_acf_changed":false,"footnotes":""},"categories":[12],"tags":[],"class_list":["post-23524","post","type-post","status-publish","format-standard","has-post-thumbnail","category-nacional"],"acf":{"antetitulo":""},"yoast_head":"<!-- This site is optimized with the Yoast SEO plugin v28.4 - https:\/\/yoast.com\/product\/yoast-seo-wordpress\/ -->\n<title>Lote de 150.000 segundas dosis de vacuna Sputnik V lleg\u00f3 al pa\u00eds - El Diario - Bolivia<\/title>\n<meta name=\"robots\" content=\"index, follow, max-snippet:-1, max-image-preview:large, max-video-preview:-1\" \/>\n<link rel=\"canonical\" href=\"https:\/\/www.eldiario.net\/portal\/2021\/08\/15\/lote-de-150-000-segundas-dosis-de-vacuna-sputnik-v-llego-al-pais\/\" \/>\n<meta property=\"og:locale\" content=\"es_ES\" \/>\n<meta property=\"og:type\" content=\"article\" \/>\n<meta property=\"og:title\" content=\"Lote de 150.000 segundas dosis de vacuna Sputnik V lleg\u00f3 al pa\u00eds - El Diario - Bolivia\" \/>\n<meta property=\"og:description\" content=\"Las segundas dosis de la vacuna rusa Sputnik V llegaron este s\u00e1bado al Aeropuerto Internacional de El Alto, las 150.000 inyecciones dar\u00e1n continuidad a la campa\u00f1a de inoculaci\u00f3n masiva contra el covid-19 en el pa\u00eds. \u201cYa se ha quedado una parte en Santa Cruz, se han quedado aproximadamente 27.000 dosis y, como pueden ver, han [&hellip;]\" \/>\n<meta property=\"og:url\" content=\"https:\/\/www.eldiario.net\/portal\/2021\/08\/15\/lote-de-150-000-segundas-dosis-de-vacuna-sputnik-v-llego-al-pais\/\" \/>\n<meta property=\"og:site_name\" content=\"El Diario - Bolivia\" \/>\n<meta property=\"article:publisher\" content=\"https:\/\/www.facebook.com\/eldiario.bolivia\/\" \/>\n<meta property=\"article:published_time\" content=\"2021-08-15T09:35:51+00:00\" \/>\n<meta name=\"author\" content=\"Jeanette\" \/>\n<meta name=\"twitter:card\" content=\"summary_large_image\" \/>\n<meta name=\"twitter:creator\" content=\"@eldiario_net\" \/>\n<meta name=\"twitter:site\" content=\"@eldiario_net\" \/>\n<meta name=\"twitter:label1\" content=\"Escrito por\" \/>\n\t<meta name=\"twitter:data1\" content=\"Jeanette\" \/>\n\t<meta name=\"twitter:label2\" content=\"Tiempo de lectura\" \/>\n\t<meta name=\"twitter:data2\" content=\"1 minuto\" \/>\n<script type=\"application\/ld+json\" class=\"yoast-schema-graph\">{\"@context\":\"https:\\\/\\\/schema.org\",\"@graph\":[{\"@type\":\"Article\",\"@id\":\"https:\\\/\\\/www.eldiario.net\\\/portal\\\/2021\\\/08\\\/15\\\/lote-de-150-000-segundas-dosis-de-vacuna-sputnik-v-llego-al-pais\\\/#article\",\"isPartOf\":{\"@id\":\"https:\\\/\\\/www.eldiario.net\\\/portal\\\/2021\\\/08\\\/15\\\/lote-de-150-000-segundas-dosis-de-vacuna-sputnik-v-llego-al-pais\\\/\"},\"author\":{\"name\":\"Jeanette\",\"@id\":\"https:\\\/\\\/www.eldiario.net\\\/portal\\\/#\\\/schema\\\/person\\\/f46445640444750d7d753ccd04ae01b7\"},\"headline\":\"Lote de 150.000 segundas dosis de vacuna Sputnik V lleg\u00f3 al pa\u00eds\",\"datePublished\":\"2021-08-15T09:35:51+00:00\",\"mainEntityOfPage\":{\"@id\":\"https:\\\/\\\/www.eldiario.net\\\/portal\\\/2021\\\/08\\\/15\\\/lote-de-150-000-segundas-dosis-de-vacuna-sputnik-v-llego-al-pais\\\/\"},\"wordCount\":226,\"publisher\":{\"@id\":\"https:\\\/\\\/www.eldiario.net\\\/portal\\\/#organization\"},\"image\":{\"@id\":\"https:\\\/\\\/www.eldiario.net\\\/portal\\\/2021\\\/08\\\/15\\\/lote-de-150-000-segundas-dosis-de-vacuna-sputnik-v-llego-al-pais\\\/#primaryimage\"},\"thumbnailUrl\":\"\",\"articleSection\":[\"Nacional\"],\"inLanguage\":\"es\"},{\"@type\":\"WebPage\",\"@id\":\"https:\\\/\\\/www.eldiario.net\\\/portal\\\/2021\\\/08\\\/15\\\/lote-de-150-000-segundas-dosis-de-vacuna-sputnik-v-llego-al-pais\\\/\",\"url\":\"https:\\\/\\\/www.eldiario.net\\\/portal\\\/2021\\\/08\\\/15\\\/lote-de-150-000-segundas-dosis-de-vacuna-sputnik-v-llego-al-pais\\\/\",\"name\":\"Lote de 150.000 segundas dosis de vacuna Sputnik V lleg\u00f3 al pa\u00eds - El Diario - Bolivia\",\"isPartOf\":{\"@id\":\"https:\\\/\\\/www.eldiario.net\\\/portal\\\/#website\"},\"primaryImageOfPage\":{\"@id\":\"https:\\\/\\\/www.eldiario.net\\\/portal\\\/2021\\\/08\\\/15\\\/lote-de-150-000-segundas-dosis-de-vacuna-sputnik-v-llego-al-pais\\\/#primaryimage\"},\"image\":{\"@id\":\"https:\\\/\\\/www.eldiario.net\\\/portal\\\/2021\\\/08\\\/15\\\/lote-de-150-000-segundas-dosis-de-vacuna-sputnik-v-llego-al-pais\\\/#primaryimage\"},\"thumbnailUrl\":\"\",\"datePublished\":\"2021-08-15T09:35:51+00:00\",\"breadcrumb\":{\"@id\":\"https:\\\/\\\/www.eldiario.net\\\/portal\\\/2021\\\/08\\\/15\\\/lote-de-150-000-segundas-dosis-de-vacuna-sputnik-v-llego-al-pais\\\/#breadcrumb\"},\"inLanguage\":\"es\",\"potentialAction\":[{\"@type\":\"ReadAction\",\"target\":[\"https:\\\/\\\/www.eldiario.net\\\/portal\\\/2021\\\/08\\\/15\\\/lote-de-150-000-segundas-dosis-de-vacuna-sputnik-v-llego-al-pais\\\/\"]}]},{\"@type\":\"ImageObject\",\"inLanguage\":\"es\",\"@id\":\"https:\\\/\\\/www.eldiario.net\\\/portal\\\/2021\\\/08\\\/15\\\/lote-de-150-000-segundas-dosis-de-vacuna-sputnik-v-llego-al-pais\\\/#primaryimage\",\"url\":\"\",\"contentUrl\":\"\"},{\"@type\":\"BreadcrumbList\",\"@id\":\"https:\\\/\\\/www.eldiario.net\\\/portal\\\/2021\\\/08\\\/15\\\/lote-de-150-000-segundas-dosis-de-vacuna-sputnik-v-llego-al-pais\\\/#breadcrumb\",\"itemListElement\":[{\"@type\":\"ListItem\",\"position\":1,\"name\":\"Portada\",\"item\":\"https:\\\/\\\/www.eldiario.net\\\/portal\\\/\"},{\"@type\":\"ListItem\",\"position\":2,\"name\":\"Lote de 150.000 segundas dosis de vacuna Sputnik V lleg\u00f3 al pa\u00eds\"}]},{\"@type\":\"WebSite\",\"@id\":\"https:\\\/\\\/www.eldiario.net\\\/portal\\\/#website\",\"url\":\"https:\\\/\\\/www.eldiario.net\\\/portal\\\/\",\"name\":\"El Diario - Decano de la prensa nacional\",\"description\":\"El Diario - Decano de la prensa nacional\",\"publisher\":{\"@id\":\"https:\\\/\\\/www.eldiario.net\\\/portal\\\/#organization\"},\"potentialAction\":[{\"@type\":\"SearchAction\",\"target\":{\"@type\":\"EntryPoint\",\"urlTemplate\":\"https:\\\/\\\/www.eldiario.net\\\/portal\\\/?s={search_term_string}\"},\"query-input\":{\"@type\":\"PropertyValueSpecification\",\"valueRequired\":true,\"valueName\":\"search_term_string\"}}],\"inLanguage\":\"es\"},{\"@type\":\"Organization\",\"@id\":\"https:\\\/\\\/www.eldiario.net\\\/portal\\\/#organization\",\"name\":\"El Diario - Decano de la prensa nacional\",\"url\":\"https:\\\/\\\/www.eldiario.net\\\/portal\\\/\",\"logo\":{\"@type\":\"ImageObject\",\"inLanguage\":\"es\",\"@id\":\"https:\\\/\\\/www.eldiario.net\\\/portal\\\/#\\\/schema\\\/logo\\\/image\\\/\",\"url\":\"https:\\\/\\\/www.eldiario.net\\\/portal\\\/wp-content\\\/uploads\\\/2023\\\/07\\\/logo_ED.jpg\",\"contentUrl\":\"https:\\\/\\\/www.eldiario.net\\\/portal\\\/wp-content\\\/uploads\\\/2023\\\/07\\\/logo_ED.jpg\",\"width\":272,\"height\":52,\"caption\":\"El Diario - Decano de la prensa nacional\"},\"image\":{\"@id\":\"https:\\\/\\\/www.eldiario.net\\\/portal\\\/#\\\/schema\\\/logo\\\/image\\\/\"},\"sameAs\":[\"https:\\\/\\\/www.facebook.com\\\/eldiario.bolivia\\\/\",\"https:\\\/\\\/x.com\\\/eldiario_net\"]},{\"@type\":\"Person\",\"@id\":\"https:\\\/\\\/www.eldiario.net\\\/portal\\\/#\\\/schema\\\/person\\\/f46445640444750d7d753ccd04ae01b7\",\"name\":\"Jeanette\",\"image\":{\"@type\":\"ImageObject\",\"inLanguage\":\"es\",\"@id\":\"https:\\\/\\\/secure.gravatar.com\\\/avatar\\\/3ea2118a5f7dad2b7138b1187a6b7ee55f160b9968b66013c3a3ef39dd7e5798?s=96&d=mm&r=g\",\"url\":\"https:\\\/\\\/secure.gravatar.com\\\/avatar\\\/3ea2118a5f7dad2b7138b1187a6b7ee55f160b9968b66013c3a3ef39dd7e5798?s=96&d=mm&r=g\",\"contentUrl\":\"https:\\\/\\\/secure.gravatar.com\\\/avatar\\\/3ea2118a5f7dad2b7138b1187a6b7ee55f160b9968b66013c3a3ef39dd7e5798?s=96&d=mm&r=g\",\"caption\":\"Jeanette\"},\"sameAs\":[\"https:\\\/\\\/www.eldiario.net\\\/portal\"],\"url\":\"https:\\\/\\\/www.eldiario.net\\\/portal\\\/author\\\/jeanette\\\/\"}]}<\/script>\n<!-- \/ Yoast SEO plugin. -->","yoast_head_json":{"title":"Lote de 150.000 segundas dosis de vacuna Sputnik V lleg\u00f3 al pa\u00eds - El Diario - Bolivia","robots":{"index":"index","follow":"follow","max-snippet":"max-snippet:-1","max-image-preview":"max-image-preview:large","max-video-preview":"max-video-preview:-1"},"canonical":"https:\/\/www.eldiario.net\/portal\/2021\/08\/15\/lote-de-150-000-segundas-dosis-de-vacuna-sputnik-v-llego-al-pais\/","og_locale":"es_ES","og_type":"article","og_title":"Lote de 150.000 segundas dosis de vacuna Sputnik V lleg\u00f3 al pa\u00eds - El Diario - Bolivia","og_description":"Las segundas dosis de la vacuna rusa Sputnik V llegaron este s\u00e1bado al Aeropuerto Internacional de El Alto, las 150.000 inyecciones dar\u00e1n continuidad a la campa\u00f1a de inoculaci\u00f3n masiva contra el covid-19 en el pa\u00eds. \u201cYa se ha quedado una parte en Santa Cruz, se han quedado aproximadamente 27.000 dosis y, como pueden ver, han [&hellip;]","og_url":"https:\/\/www.eldiario.net\/portal\/2021\/08\/15\/lote-de-150-000-segundas-dosis-de-vacuna-sputnik-v-llego-al-pais\/","og_site_name":"El Diario - Bolivia","article_publisher":"https:\/\/www.facebook.com\/eldiario.bolivia\/","article_published_time":"2021-08-15T09:35:51+00:00","author":"Jeanette","twitter_card":"summary_large_image","twitter_creator":"@eldiario_net","twitter_site":"@eldiario_net","twitter_misc":{"Escrito por":"Jeanette","Tiempo de lectura":"1 minuto"},"schema":{"@context":"https:\/\/schema.org","@graph":[{"@type":"Article","@id":"https:\/\/www.eldiario.net\/portal\/2021\/08\/15\/lote-de-150-000-segundas-dosis-de-vacuna-sputnik-v-llego-al-pais\/#article","isPartOf":{"@id":"https:\/\/www.eldiario.net\/portal\/2021\/08\/15\/lote-de-150-000-segundas-dosis-de-vacuna-sputnik-v-llego-al-pais\/"},"author":{"name":"Jeanette","@id":"https:\/\/www.eldiario.net\/portal\/#\/schema\/person\/f46445640444750d7d753ccd04ae01b7"},"headline":"Lote de 150.000 segundas dosis de vacuna Sputnik V lleg\u00f3 al pa\u00eds","datePublished":"2021-08-15T09:35:51+00:00","mainEntityOfPage":{"@id":"https:\/\/www.eldiario.net\/portal\/2021\/08\/15\/lote-de-150-000-segundas-dosis-de-vacuna-sputnik-v-llego-al-pais\/"},"wordCount":226,"publisher":{"@id":"https:\/\/www.eldiario.net\/portal\/#organization"},"image":{"@id":"https:\/\/www.eldiario.net\/portal\/2021\/08\/15\/lote-de-150-000-segundas-dosis-de-vacuna-sputnik-v-llego-al-pais\/#primaryimage"},"thumbnailUrl":"","articleSection":["Nacional"],"inLanguage":"es"},{"@type":"WebPage","@id":"https:\/\/www.eldiario.net\/portal\/2021\/08\/15\/lote-de-150-000-segundas-dosis-de-vacuna-sputnik-v-llego-al-pais\/","url":"https:\/\/www.eldiario.net\/portal\/2021\/08\/15\/lote-de-150-000-segundas-dosis-de-vacuna-sputnik-v-llego-al-pais\/","name":"Lote de 150.000 segundas dosis de vacuna Sputnik V lleg\u00f3 al pa\u00eds - El Diario - Bolivia","isPartOf":{"@id":"https:\/\/www.eldiario.net\/portal\/#website"},"primaryImageOfPage":{"@id":"https:\/\/www.eldiario.net\/portal\/2021\/08\/15\/lote-de-150-000-segundas-dosis-de-vacuna-sputnik-v-llego-al-pais\/#primaryimage"},"image":{"@id":"https:\/\/www.eldiario.net\/portal\/2021\/08\/15\/lote-de-150-000-segundas-dosis-de-vacuna-sputnik-v-llego-al-pais\/#primaryimage"},"thumbnailUrl":"","datePublished":"2021-08-15T09:35:51+00:00","breadcrumb":{"@id":"https:\/\/www.eldiario.net\/portal\/2021\/08\/15\/lote-de-150-000-segundas-dosis-de-vacuna-sputnik-v-llego-al-pais\/#breadcrumb"},"inLanguage":"es","potentialAction":[{"@type":"ReadAction","target":["https:\/\/www.eldiario.net\/portal\/2021\/08\/15\/lote-de-150-000-segundas-dosis-de-vacuna-sputnik-v-llego-al-pais\/"]}]},{"@type":"ImageObject","inLanguage":"es","@id":"https:\/\/www.eldiario.net\/portal\/2021\/08\/15\/lote-de-150-000-segundas-dosis-de-vacuna-sputnik-v-llego-al-pais\/#primaryimage","url":"","contentUrl":""},{"@type":"BreadcrumbList","@id":"https:\/\/www.eldiario.net\/portal\/2021\/08\/15\/lote-de-150-000-segundas-dosis-de-vacuna-sputnik-v-llego-al-pais\/#breadcrumb","itemListElement":[{"@type":"ListItem","position":1,"name":"Portada","item":"https:\/\/www.eldiario.net\/portal\/"},{"@type":"ListItem","position":2,"name":"Lote de 150.000 segundas dosis de vacuna Sputnik V lleg\u00f3 al pa\u00eds"}]},{"@type":"WebSite","@id":"https:\/\/www.eldiario.net\/portal\/#website","url":"https:\/\/www.eldiario.net\/portal\/","name":"El Diario - Decano de la prensa nacional","description":"El Diario - Decano de la prensa nacional","publisher":{"@id":"https:\/\/www.eldiario.net\/portal\/#organization"},"potentialAction":[{"@type":"SearchAction","target":{"@type":"EntryPoint","urlTemplate":"https:\/\/www.eldiario.net\/portal\/?s={search_term_string}"},"query-input":{"@type":"PropertyValueSpecification","valueRequired":true,"valueName":"search_term_string"}}],"inLanguage":"es"},{"@type":"Organization","@id":"https:\/\/www.eldiario.net\/portal\/#organization","name":"El Diario - Decano de la prensa nacional","url":"https:\/\/www.eldiario.net\/portal\/","logo":{"@type":"ImageObject","inLanguage":"es","@id":"https:\/\/www.eldiario.net\/portal\/#\/schema\/logo\/image\/","url":"https:\/\/www.eldiario.net\/portal\/wp-content\/uploads\/2023\/07\/logo_ED.jpg","contentUrl":"https:\/\/www.eldiario.net\/portal\/wp-content\/uploads\/2023\/07\/logo_ED.jpg","width":272,"height":52,"caption":"El Diario - Decano de la prensa nacional"},"image":{"@id":"https:\/\/www.eldiario.net\/portal\/#\/schema\/logo\/image\/"},"sameAs":["https:\/\/www.facebook.com\/eldiario.bolivia\/","https:\/\/x.com\/eldiario_net"]},{"@type":"Person","@id":"https:\/\/www.eldiario.net\/portal\/#\/schema\/person\/f46445640444750d7d753ccd04ae01b7","name":"Jeanette","image":{"@type":"ImageObject","inLanguage":"es","@id":"https:\/\/secure.gravatar.com\/avatar\/3ea2118a5f7dad2b7138b1187a6b7ee55f160b9968b66013c3a3ef39dd7e5798?s=96&d=mm&r=g","url":"https:\/\/secure.gravatar.com\/avatar\/3ea2118a5f7dad2b7138b1187a6b7ee55f160b9968b66013c3a3ef39dd7e5798?s=96&d=mm&r=g","contentUrl":"https:\/\/secure.gravatar.com\/avatar\/3ea2118a5f7dad2b7138b1187a6b7ee55f160b9968b66013c3a3ef39dd7e5798?s=96&d=mm&r=g","caption":"Jeanette"},"sameAs":["https:\/\/www.eldiario.net\/portal"],"url":"https:\/\/www.eldiario.net\/portal\/author\/jeanette\/"}]}},"_links":{"self":[{"href":"https:\/\/www.eldiario.net\/portal\/wp-json\/wp\/v2\/posts\/23524","targetHints":{"allow":["GET"]}}],"collection":[{"href":"https:\/\/www.eldiario.net\/portal\/wp-json\/wp\/v2\/posts"}],"about":[{"href":"https:\/\/www.eldiario.net\/portal\/wp-json\/wp\/v2\/types\/post"}],"author":[{"embeddable":true,"href":"https:\/\/www.eldiario.net\/portal\/wp-json\/wp\/v2\/users\/1"}],"replies":[{"embeddable":true,"href":"https:\/\/www.eldiario.net\/portal\/wp-json\/wp\/v2\/comments?post=23524"}],"version-history":[{"count":0,"href":"https:\/\/www.eldiario.net\/portal\/wp-json\/wp\/v2\/posts\/23524\/revisions"}],"wp:attachment":[{"href":"https:\/\/www.eldiario.net\/portal\/wp-json\/wp\/v2\/media?parent=23524"}],"wp:term":[{"taxonomy":"category","embeddable":true,"href":"https:\/\/www.eldiario.net\/portal\/wp-json\/wp\/v2\/categories?post=23524"},{"taxonomy":"post_tag","embeddable":true,"href":"https:\/\/www.eldiario.net\/portal\/wp-json\/wp\/v2\/tags?post=23524"}],"curies":[{"name":"wp","href":"https:\/\/api.w.org\/{rel}","templated":true}]}}