{"id":23520,"date":"2021-08-15T05:34:19","date_gmt":"2021-08-15T09:34:19","guid":{"rendered":"https:\/\/www.eldiario.net\/portal\/?p=23520"},"modified":"2021-08-15T05:34:19","modified_gmt":"2021-08-15T09:34:19","slug":"mauricio-murillo","status":"publish","type":"post","link":"https:\/\/www.eldiario.net\/portal\/2021\/08\/15\/mauricio-murillo\/","title":{"rendered":"Mauricio Murillo"},"content":{"rendered":"<p>El invitado de lujo hoy en Cvltvral es un habilidoso y muy carism\u00e1tico escritor, novelista y cuentista pace\u00f1o cuyos estudios en literatura los llev\u00f3 a cabo en la UMSA; tiene la especialidad en maestr\u00eda en literatura latinoamericana y a lo largo y ancho de su carrera destacan varios hechos como ser el ganador del Premio \u201cFranz Tamayo\u201d, solo por mencionar algo. En esta exclusiva conocemos m\u00e1s de este virtuoso de las letras que desentra\u00f1a su carrera y, en menor medida, su vida\u2026 sean todos bienvenidos al show.<\/p>\n<p><strong>\u00bfC\u00f3mo te definir\u00edas en una frase?<\/strong><br \/>\nPace\u00f1o, hijo de Truddy y Mario.<\/p>\n<p><strong>\u00bfCu\u00e1l fue el primer texto que despert\u00f3 tu amor por la lectura?<\/strong><br \/>\nGracias a una t\u00eda le\u00ed desde ni\u00f1o. De esa edad recuerdo sobre todo la colecci\u00f3n \u201cBarco de Vapor\u201d y dentro de esta el libro \u201cEl mensaje de mese Zamaor\u201d, que pese a que he olvidado casi toda su trama, recuerdo el t\u00edtulo con claridad. Ya de una manera m\u00e1s consciente, me deslumbr\u00f3 el cuento \u201cLa noche boca arriba\u201d de Julio Cort\u00e1zar. Recuerdo que al leerlo algo me punz\u00f3 y me cambi\u00f3 para siempre. Y me dirigi\u00f3 hacia la lectura.<\/p>\n<p><strong>\u00bfQu\u00e9 autores han sido los m\u00e1s influyentes en tu estilo como escritor?<\/strong><br \/>\nCreo que mi estilo ha ido cambiando con los a\u00f1os. Mi b\u00fasqueda escritural es ecl\u00e9ctica y se adapta a lo que me est\u00e9 interesando en el momento. Ahora recibo la influencia de Denis Johnson, Mariana Enr\u00edquez, Shirley Jackson, Mavis Gallant, John Cheever y Adolfo Bioy Casares, entre varios. Estos de manera consciente. Me imagino que debe haber otras influencias m\u00e1s que no detecto.<\/p>\n<p><strong>\u00bfEn qu\u00e9 momento decides dedicarte profesionalmente a las letras?<\/strong><br \/>\nAl momento de decidir qu\u00e9 iba a estudiar yo ya sab\u00eda desde el colegio que quer\u00eda estudiar Literatura. Luego ya en la Carrera de Literatura de la UMSA supe que eso era lo que quer\u00eda hacer en mi vida. En esos a\u00f1os empec\u00e9 a escribir seriamente y a leer de manera m\u00e1s rigurosa. De ah\u00ed no par\u00e9 y sigo.<\/p>\n<p><strong>\u00bfFue la literatura que te hall\u00f3 a ti, t\u00fa a ella o coincidieron de manera perfecta en el devenir de la vida?<\/strong><br \/>\nMe imagino que yo hall\u00e9 la literatura. No solo. Mucho de la mano de la t\u00eda que te mencion\u00e9 antes que me compraba libros desde ni\u00f1o y me impulsaba a leerlos. Mucho por curiosidad.<\/p>\n<p><strong>\u00bfCu\u00e1ntas publicaciones llevas en tu haber hasta la fecha?<\/strong><br \/>\nHe publicado una novela corta (Los abismos posibles, 2011), una novela (Sombras de Hiroshima, 2017) y algunos cuentos en distintas antolog\u00edas y revistas digitales, no s\u00e9 cu\u00e1ntos cuentos ser\u00e1n. Me pasa lo mismo con art\u00edculos de cr\u00edtica literaria, no s\u00e9 cu\u00e1ntos son. Adem\u00e1s, fui parte del colectivo de investigaci\u00f3n \u201cLa cr\u00edtica y el poeta\u201d con el que publiqu\u00e9 seis textos sobre poetas bolivianos en seis vol\u00famenes. El colectivo ha seguido publicando libros monogr\u00e1ficos sobre poetas bolivianos.<\/p>\n<p><strong>\u00bfCu\u00e1l es tu mayor reto creativo al momento de escribir?<\/strong><br \/>\nEso mismo: escribir. Hacerlo. Me cuesta harto escribir. Y soy muy disperso. As\u00ed que el otro reto es poder concentrarme. Tiendo de manera peligrosa y continua a la procrastinaci\u00f3n.<\/p>\n<p><strong>Llevas ya bastante tiempo como escritor \u00bfEn qu\u00e9 aspectos dir\u00edas que has ido evolucionando desde tus primeros escritos?<\/strong><br \/>\nNo s\u00e9 si haya evolucionado. Tal vez lo que he le\u00eddo durante estos a\u00f1os me ha afectado y me ha cambiado. La evoluci\u00f3n implica un avance o una mejora y creo que en las artes no hay eso. M\u00e1s bien son posibilidades y ramificaciones. He tratado de depurar mi escritura y he reflexionado mucho sobre ella.<\/p>\n<p><strong>\u00bfEn qu\u00e9 g\u00e9nero literario que a\u00fan no haya ahondado te gustar\u00eda escribir?<\/strong><br \/>\nNo s\u00e9. Me siento muy c\u00f3modo en la narrativa. Me gustar\u00eda escribir guiones, aunque ese formato se esfuma al momento de filmar o de dibujar, as\u00ed que no son un g\u00e9nero literario como tal. Ser\u00eda otro formato.<\/p>\n<p><strong>\u00bfC\u00f3mo defines la experiencia de dar docencia y pasar tus conocimientos y \u201cma\u00f1as\u201d literarias a futuros colegas?<\/strong><br \/>\nMe parece que es una experiencia que te impulsa a conocer m\u00e1s de manera rigurosa y, sobre todo en talleres de escritura creativa, te permite reflexionar mucho sobre tu hacer, sobre tu escritura. La palabra \u201cma\u00f1a\u201d me parece genial. Cada uno tiene las suyas al momento de escribir. No se las puede pasar a otros u otras escritoras, lo que creo que s\u00ed se puede es despertar preguntas, dudas y posibilidades que lleven a quien escriba a descubrir sus propias ma\u00f1as.<\/p>\n<p><strong>\u201cLas Razones del Ojo\u201d es un plaquette de relatos breves y uno de tus trabajos m\u00e1s recientes \u00bfC\u00f3mo se dio la selecci\u00f3n en la convocatoria de la Fundaci\u00f3n <\/strong><br \/>\n<strong>Cultural del Banco Central de Bolivia?<\/strong><br \/>\nLa convocatoria sali\u00f3 el anterior a\u00f1o. Como hace rato no publicaba ni terminaba ning\u00fan proyecto, decid\u00ed escribir relatos muy breves que se enfocaran m\u00e1s en mostrar o narrar que en describir. Escenas de situaciones muy cotidianas de ciertos personajes que ocultaran un maremoto interior que no fuera obvio.<\/p>\n<p><strong>\u00bfTienes planeado realizar una nueva publicaci\u00f3n en esta segunda mitad de este pand\u00e9mico a\u00f1o?<\/strong><br \/>\nS\u00ed. Estoy preparando un volumen de cuentos que saldr\u00e1 en los siguientes meses. Ojal\u00e1 pronto. Es una mezcla de cuentos breves y cuentos largos que coquetean un poco con el g\u00e9nero de horror.<\/p>\n<p>Checklist:<\/p>\n<p>3 libros inolvidables:<br \/>\n&#8211; Cuentos completos de John Cheever<br \/>\n&#8211; David Boring de Daniel Clowes<br \/>\n&#8211; La furia de Silvina Ocampo<\/p>\n<p>3 pel\u00edculas imperdibles:<br \/>\n&#8211; Magnolia de Paul Thomas Anderson<br \/>\n&#8211; Sunset Boulevard de Billy Wilder<br \/>\n&#8211; La ci\u00e9naga de Lucrecia Martel<\/p>\n<p>3 escritores que m\u00e1s admires:<br \/>\n&#8211; Denis Johnson<br \/>\n&#8211; Wilmer Urrelo<br \/>\n&#8211; Silvina Ocampo<\/p>\n<p>3 cosas esenciales en la vida:<br \/>\n&#8211; Buena comida y buenos tragos<br \/>\n&#8211; Videojuegos e internet<\/p>\n<p><a href=\"https:\/\/www.eldiario.net\/portal\/wp-content\/uploads\/2021\/08\/236128916_192623822899760_1252936908181569042_n-BN-scaled.jpg\"><img loading=\"lazy\" decoding=\"async\" class=\"aligncenter size-medium wp-image-23522\" src=\"https:\/\/www.eldiario.net\/portal\/wp-content\/uploads\/2021\/08\/236128916_192623822899760_1252936908181569042_n-BN-225x300.jpg\" alt=\"\" width=\"225\" height=\"300\" \/><\/a><\/p>\n","protected":false},"excerpt":{"rendered":"<p>El invitado de lujo hoy en Cvltvral es un habilidoso y muy carism\u00e1tico escritor, novelista y cuentista pace\u00f1o cuyos estudios en literatura los llev\u00f3 a cabo en la UMSA; tiene la especialidad en maestr\u00eda en literatura latinoamericana y a lo largo y ancho de su carrera destacan varios hechos como ser el ganador del Premio [&hellip;]<\/p>\n","protected":false},"author":1,"featured_media":23521,"comment_status":"closed","ping_status":"closed","sticky":false,"template":"","format":"standard","meta":{"_acf_changed":false,"footnotes":""},"categories":[8],"tags":[],"class_list":["post-23520","post","type-post","status-publish","format-standard","has-post-thumbnail","category-cultural"],"acf":{"antetitulo":""},"yoast_head":"<!-- This site is optimized with the Yoast SEO plugin v28.4 - https:\/\/yoast.com\/product\/yoast-seo-wordpress\/ -->\n<title>Mauricio Murillo - El Diario - Bolivia<\/title>\n<meta name=\"robots\" content=\"index, follow, max-snippet:-1, max-image-preview:large, max-video-preview:-1\" \/>\n<link rel=\"canonical\" href=\"https:\/\/www.eldiario.net\/portal\/2021\/08\/15\/mauricio-murillo\/\" \/>\n<meta property=\"og:locale\" content=\"es_ES\" \/>\n<meta property=\"og:type\" content=\"article\" \/>\n<meta property=\"og:title\" content=\"Mauricio Murillo - El Diario - Bolivia\" \/>\n<meta property=\"og:description\" content=\"El invitado de lujo hoy en Cvltvral es un habilidoso y muy carism\u00e1tico escritor, novelista y cuentista pace\u00f1o cuyos estudios en literatura los llev\u00f3 a cabo en la UMSA; tiene la especialidad en maestr\u00eda en literatura latinoamericana y a lo largo y ancho de su carrera destacan varios hechos como ser el ganador del Premio [&hellip;]\" \/>\n<meta property=\"og:url\" content=\"https:\/\/www.eldiario.net\/portal\/2021\/08\/15\/mauricio-murillo\/\" \/>\n<meta property=\"og:site_name\" content=\"El Diario - Bolivia\" \/>\n<meta property=\"article:publisher\" content=\"https:\/\/www.facebook.com\/eldiario.bolivia\/\" \/>\n<meta property=\"article:published_time\" content=\"2021-08-15T09:34:19+00:00\" \/>\n<meta name=\"author\" content=\"Jeanette\" \/>\n<meta name=\"twitter:card\" content=\"summary_large_image\" \/>\n<meta name=\"twitter:creator\" content=\"@eldiario_net\" \/>\n<meta name=\"twitter:site\" content=\"@eldiario_net\" \/>\n<meta name=\"twitter:label1\" content=\"Escrito por\" \/>\n\t<meta name=\"twitter:data1\" content=\"Jeanette\" \/>\n\t<meta name=\"twitter:label2\" content=\"Tiempo de lectura\" \/>\n\t<meta name=\"twitter:data2\" content=\"5 minutos\" \/>\n<script type=\"application\/ld+json\" class=\"yoast-schema-graph\">{\"@context\":\"https:\\\/\\\/schema.org\",\"@graph\":[{\"@type\":\"Article\",\"@id\":\"https:\\\/\\\/www.eldiario.net\\\/portal\\\/2021\\\/08\\\/15\\\/mauricio-murillo\\\/#article\",\"isPartOf\":{\"@id\":\"https:\\\/\\\/www.eldiario.net\\\/portal\\\/2021\\\/08\\\/15\\\/mauricio-murillo\\\/\"},\"author\":{\"name\":\"Jeanette\",\"@id\":\"https:\\\/\\\/www.eldiario.net\\\/portal\\\/#\\\/schema\\\/person\\\/f46445640444750d7d753ccd04ae01b7\"},\"headline\":\"Mauricio Murillo\",\"datePublished\":\"2021-08-15T09:34:19+00:00\",\"mainEntityOfPage\":{\"@id\":\"https:\\\/\\\/www.eldiario.net\\\/portal\\\/2021\\\/08\\\/15\\\/mauricio-murillo\\\/\"},\"wordCount\":1005,\"publisher\":{\"@id\":\"https:\\\/\\\/www.eldiario.net\\\/portal\\\/#organization\"},\"image\":{\"@id\":\"https:\\\/\\\/www.eldiario.net\\\/portal\\\/2021\\\/08\\\/15\\\/mauricio-murillo\\\/#primaryimage\"},\"thumbnailUrl\":\"\",\"articleSection\":[\"Cultural\"],\"inLanguage\":\"es\"},{\"@type\":\"WebPage\",\"@id\":\"https:\\\/\\\/www.eldiario.net\\\/portal\\\/2021\\\/08\\\/15\\\/mauricio-murillo\\\/\",\"url\":\"https:\\\/\\\/www.eldiario.net\\\/portal\\\/2021\\\/08\\\/15\\\/mauricio-murillo\\\/\",\"name\":\"Mauricio Murillo - El Diario - Bolivia\",\"isPartOf\":{\"@id\":\"https:\\\/\\\/www.eldiario.net\\\/portal\\\/#website\"},\"primaryImageOfPage\":{\"@id\":\"https:\\\/\\\/www.eldiario.net\\\/portal\\\/2021\\\/08\\\/15\\\/mauricio-murillo\\\/#primaryimage\"},\"image\":{\"@id\":\"https:\\\/\\\/www.eldiario.net\\\/portal\\\/2021\\\/08\\\/15\\\/mauricio-murillo\\\/#primaryimage\"},\"thumbnailUrl\":\"\",\"datePublished\":\"2021-08-15T09:34:19+00:00\",\"breadcrumb\":{\"@id\":\"https:\\\/\\\/www.eldiario.net\\\/portal\\\/2021\\\/08\\\/15\\\/mauricio-murillo\\\/#breadcrumb\"},\"inLanguage\":\"es\",\"potentialAction\":[{\"@type\":\"ReadAction\",\"target\":[\"https:\\\/\\\/www.eldiario.net\\\/portal\\\/2021\\\/08\\\/15\\\/mauricio-murillo\\\/\"]}]},{\"@type\":\"ImageObject\",\"inLanguage\":\"es\",\"@id\":\"https:\\\/\\\/www.eldiario.net\\\/portal\\\/2021\\\/08\\\/15\\\/mauricio-murillo\\\/#primaryimage\",\"url\":\"\",\"contentUrl\":\"\"},{\"@type\":\"BreadcrumbList\",\"@id\":\"https:\\\/\\\/www.eldiario.net\\\/portal\\\/2021\\\/08\\\/15\\\/mauricio-murillo\\\/#breadcrumb\",\"itemListElement\":[{\"@type\":\"ListItem\",\"position\":1,\"name\":\"Portada\",\"item\":\"https:\\\/\\\/www.eldiario.net\\\/portal\\\/\"},{\"@type\":\"ListItem\",\"position\":2,\"name\":\"Mauricio Murillo\"}]},{\"@type\":\"WebSite\",\"@id\":\"https:\\\/\\\/www.eldiario.net\\\/portal\\\/#website\",\"url\":\"https:\\\/\\\/www.eldiario.net\\\/portal\\\/\",\"name\":\"El Diario - Decano de la prensa nacional\",\"description\":\"El Diario - Decano de la prensa nacional\",\"publisher\":{\"@id\":\"https:\\\/\\\/www.eldiario.net\\\/portal\\\/#organization\"},\"potentialAction\":[{\"@type\":\"SearchAction\",\"target\":{\"@type\":\"EntryPoint\",\"urlTemplate\":\"https:\\\/\\\/www.eldiario.net\\\/portal\\\/?s={search_term_string}\"},\"query-input\":{\"@type\":\"PropertyValueSpecification\",\"valueRequired\":true,\"valueName\":\"search_term_string\"}}],\"inLanguage\":\"es\"},{\"@type\":\"Organization\",\"@id\":\"https:\\\/\\\/www.eldiario.net\\\/portal\\\/#organization\",\"name\":\"El Diario - Decano de la prensa nacional\",\"url\":\"https:\\\/\\\/www.eldiario.net\\\/portal\\\/\",\"logo\":{\"@type\":\"ImageObject\",\"inLanguage\":\"es\",\"@id\":\"https:\\\/\\\/www.eldiario.net\\\/portal\\\/#\\\/schema\\\/logo\\\/image\\\/\",\"url\":\"https:\\\/\\\/www.eldiario.net\\\/portal\\\/wp-content\\\/uploads\\\/2023\\\/07\\\/logo_ED.jpg\",\"contentUrl\":\"https:\\\/\\\/www.eldiario.net\\\/portal\\\/wp-content\\\/uploads\\\/2023\\\/07\\\/logo_ED.jpg\",\"width\":272,\"height\":52,\"caption\":\"El Diario - Decano de la prensa nacional\"},\"image\":{\"@id\":\"https:\\\/\\\/www.eldiario.net\\\/portal\\\/#\\\/schema\\\/logo\\\/image\\\/\"},\"sameAs\":[\"https:\\\/\\\/www.facebook.com\\\/eldiario.bolivia\\\/\",\"https:\\\/\\\/x.com\\\/eldiario_net\"]},{\"@type\":\"Person\",\"@id\":\"https:\\\/\\\/www.eldiario.net\\\/portal\\\/#\\\/schema\\\/person\\\/f46445640444750d7d753ccd04ae01b7\",\"name\":\"Jeanette\",\"image\":{\"@type\":\"ImageObject\",\"inLanguage\":\"es\",\"@id\":\"https:\\\/\\\/secure.gravatar.com\\\/avatar\\\/3ea2118a5f7dad2b7138b1187a6b7ee55f160b9968b66013c3a3ef39dd7e5798?s=96&d=mm&r=g\",\"url\":\"https:\\\/\\\/secure.gravatar.com\\\/avatar\\\/3ea2118a5f7dad2b7138b1187a6b7ee55f160b9968b66013c3a3ef39dd7e5798?s=96&d=mm&r=g\",\"contentUrl\":\"https:\\\/\\\/secure.gravatar.com\\\/avatar\\\/3ea2118a5f7dad2b7138b1187a6b7ee55f160b9968b66013c3a3ef39dd7e5798?s=96&d=mm&r=g\",\"caption\":\"Jeanette\"},\"sameAs\":[\"https:\\\/\\\/www.eldiario.net\\\/portal\"],\"url\":\"https:\\\/\\\/www.eldiario.net\\\/portal\\\/author\\\/jeanette\\\/\"}]}<\/script>\n<!-- \/ Yoast SEO plugin. -->","yoast_head_json":{"title":"Mauricio Murillo - El Diario - Bolivia","robots":{"index":"index","follow":"follow","max-snippet":"max-snippet:-1","max-image-preview":"max-image-preview:large","max-video-preview":"max-video-preview:-1"},"canonical":"https:\/\/www.eldiario.net\/portal\/2021\/08\/15\/mauricio-murillo\/","og_locale":"es_ES","og_type":"article","og_title":"Mauricio Murillo - El Diario - Bolivia","og_description":"El invitado de lujo hoy en Cvltvral es un habilidoso y muy carism\u00e1tico escritor, novelista y cuentista pace\u00f1o cuyos estudios en literatura los llev\u00f3 a cabo en la UMSA; tiene la especialidad en maestr\u00eda en literatura latinoamericana y a lo largo y ancho de su carrera destacan varios hechos como ser el ganador del Premio [&hellip;]","og_url":"https:\/\/www.eldiario.net\/portal\/2021\/08\/15\/mauricio-murillo\/","og_site_name":"El Diario - Bolivia","article_publisher":"https:\/\/www.facebook.com\/eldiario.bolivia\/","article_published_time":"2021-08-15T09:34:19+00:00","author":"Jeanette","twitter_card":"summary_large_image","twitter_creator":"@eldiario_net","twitter_site":"@eldiario_net","twitter_misc":{"Escrito por":"Jeanette","Tiempo de lectura":"5 minutos"},"schema":{"@context":"https:\/\/schema.org","@graph":[{"@type":"Article","@id":"https:\/\/www.eldiario.net\/portal\/2021\/08\/15\/mauricio-murillo\/#article","isPartOf":{"@id":"https:\/\/www.eldiario.net\/portal\/2021\/08\/15\/mauricio-murillo\/"},"author":{"name":"Jeanette","@id":"https:\/\/www.eldiario.net\/portal\/#\/schema\/person\/f46445640444750d7d753ccd04ae01b7"},"headline":"Mauricio Murillo","datePublished":"2021-08-15T09:34:19+00:00","mainEntityOfPage":{"@id":"https:\/\/www.eldiario.net\/portal\/2021\/08\/15\/mauricio-murillo\/"},"wordCount":1005,"publisher":{"@id":"https:\/\/www.eldiario.net\/portal\/#organization"},"image":{"@id":"https:\/\/www.eldiario.net\/portal\/2021\/08\/15\/mauricio-murillo\/#primaryimage"},"thumbnailUrl":"","articleSection":["Cultural"],"inLanguage":"es"},{"@type":"WebPage","@id":"https:\/\/www.eldiario.net\/portal\/2021\/08\/15\/mauricio-murillo\/","url":"https:\/\/www.eldiario.net\/portal\/2021\/08\/15\/mauricio-murillo\/","name":"Mauricio Murillo - El Diario - Bolivia","isPartOf":{"@id":"https:\/\/www.eldiario.net\/portal\/#website"},"primaryImageOfPage":{"@id":"https:\/\/www.eldiario.net\/portal\/2021\/08\/15\/mauricio-murillo\/#primaryimage"},"image":{"@id":"https:\/\/www.eldiario.net\/portal\/2021\/08\/15\/mauricio-murillo\/#primaryimage"},"thumbnailUrl":"","datePublished":"2021-08-15T09:34:19+00:00","breadcrumb":{"@id":"https:\/\/www.eldiario.net\/portal\/2021\/08\/15\/mauricio-murillo\/#breadcrumb"},"inLanguage":"es","potentialAction":[{"@type":"ReadAction","target":["https:\/\/www.eldiario.net\/portal\/2021\/08\/15\/mauricio-murillo\/"]}]},{"@type":"ImageObject","inLanguage":"es","@id":"https:\/\/www.eldiario.net\/portal\/2021\/08\/15\/mauricio-murillo\/#primaryimage","url":"","contentUrl":""},{"@type":"BreadcrumbList","@id":"https:\/\/www.eldiario.net\/portal\/2021\/08\/15\/mauricio-murillo\/#breadcrumb","itemListElement":[{"@type":"ListItem","position":1,"name":"Portada","item":"https:\/\/www.eldiario.net\/portal\/"},{"@type":"ListItem","position":2,"name":"Mauricio Murillo"}]},{"@type":"WebSite","@id":"https:\/\/www.eldiario.net\/portal\/#website","url":"https:\/\/www.eldiario.net\/portal\/","name":"El Diario - Decano de la prensa nacional","description":"El Diario - Decano de la prensa nacional","publisher":{"@id":"https:\/\/www.eldiario.net\/portal\/#organization"},"potentialAction":[{"@type":"SearchAction","target":{"@type":"EntryPoint","urlTemplate":"https:\/\/www.eldiario.net\/portal\/?s={search_term_string}"},"query-input":{"@type":"PropertyValueSpecification","valueRequired":true,"valueName":"search_term_string"}}],"inLanguage":"es"},{"@type":"Organization","@id":"https:\/\/www.eldiario.net\/portal\/#organization","name":"El Diario - Decano de la prensa nacional","url":"https:\/\/www.eldiario.net\/portal\/","logo":{"@type":"ImageObject","inLanguage":"es","@id":"https:\/\/www.eldiario.net\/portal\/#\/schema\/logo\/image\/","url":"https:\/\/www.eldiario.net\/portal\/wp-content\/uploads\/2023\/07\/logo_ED.jpg","contentUrl":"https:\/\/www.eldiario.net\/portal\/wp-content\/uploads\/2023\/07\/logo_ED.jpg","width":272,"height":52,"caption":"El Diario - Decano de la prensa nacional"},"image":{"@id":"https:\/\/www.eldiario.net\/portal\/#\/schema\/logo\/image\/"},"sameAs":["https:\/\/www.facebook.com\/eldiario.bolivia\/","https:\/\/x.com\/eldiario_net"]},{"@type":"Person","@id":"https:\/\/www.eldiario.net\/portal\/#\/schema\/person\/f46445640444750d7d753ccd04ae01b7","name":"Jeanette","image":{"@type":"ImageObject","inLanguage":"es","@id":"https:\/\/secure.gravatar.com\/avatar\/3ea2118a5f7dad2b7138b1187a6b7ee55f160b9968b66013c3a3ef39dd7e5798?s=96&d=mm&r=g","url":"https:\/\/secure.gravatar.com\/avatar\/3ea2118a5f7dad2b7138b1187a6b7ee55f160b9968b66013c3a3ef39dd7e5798?s=96&d=mm&r=g","contentUrl":"https:\/\/secure.gravatar.com\/avatar\/3ea2118a5f7dad2b7138b1187a6b7ee55f160b9968b66013c3a3ef39dd7e5798?s=96&d=mm&r=g","caption":"Jeanette"},"sameAs":["https:\/\/www.eldiario.net\/portal"],"url":"https:\/\/www.eldiario.net\/portal\/author\/jeanette\/"}]}},"_links":{"self":[{"href":"https:\/\/www.eldiario.net\/portal\/wp-json\/wp\/v2\/posts\/23520","targetHints":{"allow":["GET"]}}],"collection":[{"href":"https:\/\/www.eldiario.net\/portal\/wp-json\/wp\/v2\/posts"}],"about":[{"href":"https:\/\/www.eldiario.net\/portal\/wp-json\/wp\/v2\/types\/post"}],"author":[{"embeddable":true,"href":"https:\/\/www.eldiario.net\/portal\/wp-json\/wp\/v2\/users\/1"}],"replies":[{"embeddable":true,"href":"https:\/\/www.eldiario.net\/portal\/wp-json\/wp\/v2\/comments?post=23520"}],"version-history":[{"count":0,"href":"https:\/\/www.eldiario.net\/portal\/wp-json\/wp\/v2\/posts\/23520\/revisions"}],"wp:attachment":[{"href":"https:\/\/www.eldiario.net\/portal\/wp-json\/wp\/v2\/media?parent=23520"}],"wp:term":[{"taxonomy":"category","embeddable":true,"href":"https:\/\/www.eldiario.net\/portal\/wp-json\/wp\/v2\/categories?post=23520"},{"taxonomy":"post_tag","embeddable":true,"href":"https:\/\/www.eldiario.net\/portal\/wp-json\/wp\/v2\/tags?post=23520"}],"curies":[{"name":"wp","href":"https:\/\/api.w.org\/{rel}","templated":true}]}}