{"id":23517,"date":"2021-08-15T05:30:29","date_gmt":"2021-08-15T09:30:29","guid":{"rendered":"https:\/\/www.eldiario.net\/portal\/?p=23517"},"modified":"2021-08-15T05:30:29","modified_gmt":"2021-08-15T09:30:29","slug":"avenida-tiwanaku-costara-un-millon-de-bolivianos","status":"publish","type":"post","link":"https:\/\/www.eldiario.net\/portal\/2021\/08\/15\/avenida-tiwanaku-costara-un-millon-de-bolivianos\/","title":{"rendered":"Avenida Tiwanaku costar\u00e1  un mill\u00f3n de bolivianos"},"content":{"rendered":"<p>La ejecuci\u00f3n de la avenida Tiwanaku, sector adyacente al Telef\u00e9rico Morado, tendr\u00e1 un costo de m\u00e1s de un mill\u00f3n de bolivianos, v\u00eda en la que se implementa asfalto flexible. La obra tendr\u00e1 seis carriles y una jardinera central, seg\u00fan Nancy Daza, secretaria de Infraestructura del Gobierno Municipal de El Alto.<br \/>\nDe acuerdo con la explicaci\u00f3n de la encargada de la construcci\u00f3n de esta v\u00eda importante para varias zonas y distritos adyacentes, esta obra se inici\u00f3 hace d\u00edas atr\u00e1s, por lo que al momento se encuentra en plena fase de ejecuci\u00f3n y favorecer\u00e1 a importantes avenidas como la Panor\u00e1mica y 6 de Marzo.<br \/>\n\u201cEsta obra es en beneficio, sobre todo, para los transportistas; la misma tendr\u00e1 6 v\u00edas y una jardinera central, nos hemos propuesto entregar en el tiempo menos posible, por eso los trabajos est\u00e1n siendo acelerados con trabajos de dos turnos: de 08.00 a 16.00 y de 16.00 a 00.00 horas, por lo que estimamos terminar en menos tiempo de lo previsto, que es 45 d\u00edas calendario\u201d, explic\u00f3 Daza.<br \/>\nLa superficie en la que se est\u00e1 interviniendo es de 200 metros lineales y 14 mil metros cuadrados. El trabajo consiste en el movimiento y perfilado de tierra para despu\u00e9s hacer el nivelado, el recapeo, los mismos que dar\u00e1n lugar al vaciado del pavimento flexible.<br \/>\nDe la misma manera, la obra contar\u00e1 con una jardinera central y un nudo distribuidor que estar\u00e1 situado en uno de los carriles, por eso la encargada de estos trabajos, Nancy Daza, exhort\u00f3 a los transportistas a tener paciencia y dar mayor facilidad a los obreros para terminar en menos tiempo el trabajo donde en cada turno est\u00e1n de 12 a 15 personas en este cometido.<br \/>\nSe cuenta con un equipo pesado de maquinarias como retroexcavadora, motoniveladora, cisternas, volquetas y todo lo que se requiere para este tipo de construcciones y movimientos de tierra, donde posteriormente ya en la parte final podr\u00e1 entrar a utilizarse la asfaltadora del municipio.<br \/>\nPor otro lado, se vienen realizando otros trabajos que significan el mejoramiento de calles y avenidas de la urbe alte\u00f1a, con el objetivo de que estas obras posibiliten que la poblaci\u00f3n tenga mayor comodidad y mejores lugares de sano esparcimiento para lo cual tambi\u00e9n se vienen trabajando en parques y plazas.<br \/>\nDe esta manera, la autoridad tambi\u00e9n resalt\u00f3 los trabajos que se ejecutan en cuatro sitios de la urbe alte\u00f1a, en el tema de bacheos, rehabilitaci\u00f3n, compactaci\u00f3n y lo que es la construcci\u00f3n del asfalto con pavimento flexible, debido a que muchos de estos lugares, no tuvieron el mantenimiento respectivo desde hace mucho tiempo atr\u00e1s.<br \/>\n\u201cEstamos realizando todos estos trabajos en coordinaci\u00f3n con las 14 subalcald\u00edas con que contamos, porque debemos tener en cuenta que la ciudad de El Alto, es inmensa y con el trabajo de la Alcald\u00eda central no es suficiente, por eso la ayuda en estos distritos con maquinaria pesada y personal es muy importante como apoyo para aquellas obras de magnitud que estamos encarando\u201d, indic\u00f3 Daza.<\/p>\n<p>&nbsp;<\/p>\n","protected":false},"excerpt":{"rendered":"<p>La ejecuci\u00f3n de la avenida Tiwanaku, sector adyacente al Telef\u00e9rico Morado, tendr\u00e1 un costo de m\u00e1s de un mill\u00f3n de bolivianos, v\u00eda en la que se implementa asfalto flexible. La obra tendr\u00e1 seis carriles y una jardinera central, seg\u00fan Nancy Daza, secretaria de Infraestructura del Gobierno Municipal de El Alto. De acuerdo con la explicaci\u00f3n [&hellip;]<\/p>\n","protected":false},"author":1,"featured_media":23518,"comment_status":"closed","ping_status":"closed","sticky":false,"template":"","format":"standard","meta":{"_acf_changed":false,"footnotes":""},"categories":[12],"tags":[],"class_list":["post-23517","post","type-post","status-publish","format-standard","has-post-thumbnail","category-nacional"],"acf":{"antetitulo":""},"yoast_head":"<!-- This site is optimized with the Yoast SEO plugin v28.4 - https:\/\/yoast.com\/product\/yoast-seo-wordpress\/ -->\n<title>Avenida Tiwanaku costar\u00e1 un mill\u00f3n de bolivianos - El Diario - Bolivia<\/title>\n<meta name=\"robots\" content=\"index, follow, max-snippet:-1, max-image-preview:large, max-video-preview:-1\" \/>\n<link rel=\"canonical\" href=\"https:\/\/www.eldiario.net\/portal\/2021\/08\/15\/avenida-tiwanaku-costara-un-millon-de-bolivianos\/\" \/>\n<meta property=\"og:locale\" content=\"es_ES\" \/>\n<meta property=\"og:type\" content=\"article\" \/>\n<meta property=\"og:title\" content=\"Avenida Tiwanaku costar\u00e1 un mill\u00f3n de bolivianos - El Diario - Bolivia\" \/>\n<meta property=\"og:description\" content=\"La ejecuci\u00f3n de la avenida Tiwanaku, sector adyacente al Telef\u00e9rico Morado, tendr\u00e1 un costo de m\u00e1s de un mill\u00f3n de bolivianos, v\u00eda en la que se implementa asfalto flexible. La obra tendr\u00e1 seis carriles y una jardinera central, seg\u00fan Nancy Daza, secretaria de Infraestructura del Gobierno Municipal de El Alto. De acuerdo con la explicaci\u00f3n [&hellip;]\" \/>\n<meta property=\"og:url\" content=\"https:\/\/www.eldiario.net\/portal\/2021\/08\/15\/avenida-tiwanaku-costara-un-millon-de-bolivianos\/\" \/>\n<meta property=\"og:site_name\" content=\"El Diario - Bolivia\" \/>\n<meta property=\"article:publisher\" content=\"https:\/\/www.facebook.com\/eldiario.bolivia\/\" \/>\n<meta property=\"article:published_time\" content=\"2021-08-15T09:30:29+00:00\" \/>\n<meta property=\"og:image\" content=\"https:\/\/www.eldiario.net\/portal\/wp-content\/uploads\/2021\/08\/1AL-8.jpg\" \/>\n\t<meta property=\"og:image:width\" content=\"1280\" \/>\n\t<meta property=\"og:image:height\" content=\"722\" \/>\n\t<meta property=\"og:image:type\" content=\"image\/jpeg\" \/>\n<meta name=\"author\" content=\"Jeanette\" \/>\n<meta name=\"twitter:card\" content=\"summary_large_image\" \/>\n<meta name=\"twitter:creator\" content=\"@eldiario_net\" \/>\n<meta name=\"twitter:site\" content=\"@eldiario_net\" \/>\n<meta name=\"twitter:label1\" content=\"Escrito por\" \/>\n\t<meta name=\"twitter:data1\" content=\"Jeanette\" \/>\n\t<meta name=\"twitter:label2\" content=\"Tiempo de lectura\" \/>\n\t<meta name=\"twitter:data2\" content=\"3 minutos\" \/>\n<script type=\"application\/ld+json\" class=\"yoast-schema-graph\">{\"@context\":\"https:\\\/\\\/schema.org\",\"@graph\":[{\"@type\":\"Article\",\"@id\":\"https:\\\/\\\/www.eldiario.net\\\/portal\\\/2021\\\/08\\\/15\\\/avenida-tiwanaku-costara-un-millon-de-bolivianos\\\/#article\",\"isPartOf\":{\"@id\":\"https:\\\/\\\/www.eldiario.net\\\/portal\\\/2021\\\/08\\\/15\\\/avenida-tiwanaku-costara-un-millon-de-bolivianos\\\/\"},\"author\":{\"name\":\"Jeanette\",\"@id\":\"https:\\\/\\\/www.eldiario.net\\\/portal\\\/#\\\/schema\\\/person\\\/f46445640444750d7d753ccd04ae01b7\"},\"headline\":\"Avenida Tiwanaku costar\u00e1 un mill\u00f3n de bolivianos\",\"datePublished\":\"2021-08-15T09:30:29+00:00\",\"mainEntityOfPage\":{\"@id\":\"https:\\\/\\\/www.eldiario.net\\\/portal\\\/2021\\\/08\\\/15\\\/avenida-tiwanaku-costara-un-millon-de-bolivianos\\\/\"},\"wordCount\":522,\"publisher\":{\"@id\":\"https:\\\/\\\/www.eldiario.net\\\/portal\\\/#organization\"},\"image\":{\"@id\":\"https:\\\/\\\/www.eldiario.net\\\/portal\\\/2021\\\/08\\\/15\\\/avenida-tiwanaku-costara-un-millon-de-bolivianos\\\/#primaryimage\"},\"thumbnailUrl\":\"https:\\\/\\\/www.eldiario.net\\\/portal\\\/wp-content\\\/uploads\\\/2021\\\/08\\\/1AL-8.jpg\",\"articleSection\":[\"Nacional\"],\"inLanguage\":\"es\"},{\"@type\":\"WebPage\",\"@id\":\"https:\\\/\\\/www.eldiario.net\\\/portal\\\/2021\\\/08\\\/15\\\/avenida-tiwanaku-costara-un-millon-de-bolivianos\\\/\",\"url\":\"https:\\\/\\\/www.eldiario.net\\\/portal\\\/2021\\\/08\\\/15\\\/avenida-tiwanaku-costara-un-millon-de-bolivianos\\\/\",\"name\":\"Avenida Tiwanaku costar\u00e1 un mill\u00f3n de bolivianos - El Diario - Bolivia\",\"isPartOf\":{\"@id\":\"https:\\\/\\\/www.eldiario.net\\\/portal\\\/#website\"},\"primaryImageOfPage\":{\"@id\":\"https:\\\/\\\/www.eldiario.net\\\/portal\\\/2021\\\/08\\\/15\\\/avenida-tiwanaku-costara-un-millon-de-bolivianos\\\/#primaryimage\"},\"image\":{\"@id\":\"https:\\\/\\\/www.eldiario.net\\\/portal\\\/2021\\\/08\\\/15\\\/avenida-tiwanaku-costara-un-millon-de-bolivianos\\\/#primaryimage\"},\"thumbnailUrl\":\"https:\\\/\\\/www.eldiario.net\\\/portal\\\/wp-content\\\/uploads\\\/2021\\\/08\\\/1AL-8.jpg\",\"datePublished\":\"2021-08-15T09:30:29+00:00\",\"breadcrumb\":{\"@id\":\"https:\\\/\\\/www.eldiario.net\\\/portal\\\/2021\\\/08\\\/15\\\/avenida-tiwanaku-costara-un-millon-de-bolivianos\\\/#breadcrumb\"},\"inLanguage\":\"es\",\"potentialAction\":[{\"@type\":\"ReadAction\",\"target\":[\"https:\\\/\\\/www.eldiario.net\\\/portal\\\/2021\\\/08\\\/15\\\/avenida-tiwanaku-costara-un-millon-de-bolivianos\\\/\"]}]},{\"@type\":\"ImageObject\",\"inLanguage\":\"es\",\"@id\":\"https:\\\/\\\/www.eldiario.net\\\/portal\\\/2021\\\/08\\\/15\\\/avenida-tiwanaku-costara-un-millon-de-bolivianos\\\/#primaryimage\",\"url\":\"https:\\\/\\\/www.eldiario.net\\\/portal\\\/wp-content\\\/uploads\\\/2021\\\/08\\\/1AL-8.jpg\",\"contentUrl\":\"https:\\\/\\\/www.eldiario.net\\\/portal\\\/wp-content\\\/uploads\\\/2021\\\/08\\\/1AL-8.jpg\",\"width\":1280,\"height\":722,\"caption\":\"La obra beneficiar\u00e1 a transportistas y vecinos del lugar, por lo que pidieron su colaboraci\u00f3n para terminar el trabajo.\"},{\"@type\":\"BreadcrumbList\",\"@id\":\"https:\\\/\\\/www.eldiario.net\\\/portal\\\/2021\\\/08\\\/15\\\/avenida-tiwanaku-costara-un-millon-de-bolivianos\\\/#breadcrumb\",\"itemListElement\":[{\"@type\":\"ListItem\",\"position\":1,\"name\":\"Portada\",\"item\":\"https:\\\/\\\/www.eldiario.net\\\/portal\\\/\"},{\"@type\":\"ListItem\",\"position\":2,\"name\":\"Avenida Tiwanaku costar\u00e1 un mill\u00f3n de bolivianos\"}]},{\"@type\":\"WebSite\",\"@id\":\"https:\\\/\\\/www.eldiario.net\\\/portal\\\/#website\",\"url\":\"https:\\\/\\\/www.eldiario.net\\\/portal\\\/\",\"name\":\"El Diario - Decano de la prensa nacional\",\"description\":\"El Diario - Decano de la prensa nacional\",\"publisher\":{\"@id\":\"https:\\\/\\\/www.eldiario.net\\\/portal\\\/#organization\"},\"potentialAction\":[{\"@type\":\"SearchAction\",\"target\":{\"@type\":\"EntryPoint\",\"urlTemplate\":\"https:\\\/\\\/www.eldiario.net\\\/portal\\\/?s={search_term_string}\"},\"query-input\":{\"@type\":\"PropertyValueSpecification\",\"valueRequired\":true,\"valueName\":\"search_term_string\"}}],\"inLanguage\":\"es\"},{\"@type\":\"Organization\",\"@id\":\"https:\\\/\\\/www.eldiario.net\\\/portal\\\/#organization\",\"name\":\"El Diario - Decano de la prensa nacional\",\"url\":\"https:\\\/\\\/www.eldiario.net\\\/portal\\\/\",\"logo\":{\"@type\":\"ImageObject\",\"inLanguage\":\"es\",\"@id\":\"https:\\\/\\\/www.eldiario.net\\\/portal\\\/#\\\/schema\\\/logo\\\/image\\\/\",\"url\":\"https:\\\/\\\/www.eldiario.net\\\/portal\\\/wp-content\\\/uploads\\\/2023\\\/07\\\/logo_ED.jpg\",\"contentUrl\":\"https:\\\/\\\/www.eldiario.net\\\/portal\\\/wp-content\\\/uploads\\\/2023\\\/07\\\/logo_ED.jpg\",\"width\":272,\"height\":52,\"caption\":\"El Diario - Decano de la prensa nacional\"},\"image\":{\"@id\":\"https:\\\/\\\/www.eldiario.net\\\/portal\\\/#\\\/schema\\\/logo\\\/image\\\/\"},\"sameAs\":[\"https:\\\/\\\/www.facebook.com\\\/eldiario.bolivia\\\/\",\"https:\\\/\\\/x.com\\\/eldiario_net\"]},{\"@type\":\"Person\",\"@id\":\"https:\\\/\\\/www.eldiario.net\\\/portal\\\/#\\\/schema\\\/person\\\/f46445640444750d7d753ccd04ae01b7\",\"name\":\"Jeanette\",\"image\":{\"@type\":\"ImageObject\",\"inLanguage\":\"es\",\"@id\":\"https:\\\/\\\/secure.gravatar.com\\\/avatar\\\/3ea2118a5f7dad2b7138b1187a6b7ee55f160b9968b66013c3a3ef39dd7e5798?s=96&d=mm&r=g\",\"url\":\"https:\\\/\\\/secure.gravatar.com\\\/avatar\\\/3ea2118a5f7dad2b7138b1187a6b7ee55f160b9968b66013c3a3ef39dd7e5798?s=96&d=mm&r=g\",\"contentUrl\":\"https:\\\/\\\/secure.gravatar.com\\\/avatar\\\/3ea2118a5f7dad2b7138b1187a6b7ee55f160b9968b66013c3a3ef39dd7e5798?s=96&d=mm&r=g\",\"caption\":\"Jeanette\"},\"sameAs\":[\"https:\\\/\\\/www.eldiario.net\\\/portal\"],\"url\":\"https:\\\/\\\/www.eldiario.net\\\/portal\\\/author\\\/jeanette\\\/\"}]}<\/script>\n<!-- \/ Yoast SEO plugin. -->","yoast_head_json":{"title":"Avenida Tiwanaku costar\u00e1 un mill\u00f3n de bolivianos - El Diario - Bolivia","robots":{"index":"index","follow":"follow","max-snippet":"max-snippet:-1","max-image-preview":"max-image-preview:large","max-video-preview":"max-video-preview:-1"},"canonical":"https:\/\/www.eldiario.net\/portal\/2021\/08\/15\/avenida-tiwanaku-costara-un-millon-de-bolivianos\/","og_locale":"es_ES","og_type":"article","og_title":"Avenida Tiwanaku costar\u00e1 un mill\u00f3n de bolivianos - El Diario - Bolivia","og_description":"La ejecuci\u00f3n de la avenida Tiwanaku, sector adyacente al Telef\u00e9rico Morado, tendr\u00e1 un costo de m\u00e1s de un mill\u00f3n de bolivianos, v\u00eda en la que se implementa asfalto flexible. La obra tendr\u00e1 seis carriles y una jardinera central, seg\u00fan Nancy Daza, secretaria de Infraestructura del Gobierno Municipal de El Alto. De acuerdo con la explicaci\u00f3n [&hellip;]","og_url":"https:\/\/www.eldiario.net\/portal\/2021\/08\/15\/avenida-tiwanaku-costara-un-millon-de-bolivianos\/","og_site_name":"El Diario - Bolivia","article_publisher":"https:\/\/www.facebook.com\/eldiario.bolivia\/","article_published_time":"2021-08-15T09:30:29+00:00","og_image":[{"width":1280,"height":722,"url":"https:\/\/www.eldiario.net\/portal\/wp-content\/uploads\/2021\/08\/1AL-8.jpg","type":"image\/jpeg"}],"author":"Jeanette","twitter_card":"summary_large_image","twitter_creator":"@eldiario_net","twitter_site":"@eldiario_net","twitter_misc":{"Escrito por":"Jeanette","Tiempo de lectura":"3 minutos"},"schema":{"@context":"https:\/\/schema.org","@graph":[{"@type":"Article","@id":"https:\/\/www.eldiario.net\/portal\/2021\/08\/15\/avenida-tiwanaku-costara-un-millon-de-bolivianos\/#article","isPartOf":{"@id":"https:\/\/www.eldiario.net\/portal\/2021\/08\/15\/avenida-tiwanaku-costara-un-millon-de-bolivianos\/"},"author":{"name":"Jeanette","@id":"https:\/\/www.eldiario.net\/portal\/#\/schema\/person\/f46445640444750d7d753ccd04ae01b7"},"headline":"Avenida Tiwanaku costar\u00e1 un mill\u00f3n de bolivianos","datePublished":"2021-08-15T09:30:29+00:00","mainEntityOfPage":{"@id":"https:\/\/www.eldiario.net\/portal\/2021\/08\/15\/avenida-tiwanaku-costara-un-millon-de-bolivianos\/"},"wordCount":522,"publisher":{"@id":"https:\/\/www.eldiario.net\/portal\/#organization"},"image":{"@id":"https:\/\/www.eldiario.net\/portal\/2021\/08\/15\/avenida-tiwanaku-costara-un-millon-de-bolivianos\/#primaryimage"},"thumbnailUrl":"https:\/\/www.eldiario.net\/portal\/wp-content\/uploads\/2021\/08\/1AL-8.jpg","articleSection":["Nacional"],"inLanguage":"es"},{"@type":"WebPage","@id":"https:\/\/www.eldiario.net\/portal\/2021\/08\/15\/avenida-tiwanaku-costara-un-millon-de-bolivianos\/","url":"https:\/\/www.eldiario.net\/portal\/2021\/08\/15\/avenida-tiwanaku-costara-un-millon-de-bolivianos\/","name":"Avenida Tiwanaku costar\u00e1 un mill\u00f3n de bolivianos - El Diario - Bolivia","isPartOf":{"@id":"https:\/\/www.eldiario.net\/portal\/#website"},"primaryImageOfPage":{"@id":"https:\/\/www.eldiario.net\/portal\/2021\/08\/15\/avenida-tiwanaku-costara-un-millon-de-bolivianos\/#primaryimage"},"image":{"@id":"https:\/\/www.eldiario.net\/portal\/2021\/08\/15\/avenida-tiwanaku-costara-un-millon-de-bolivianos\/#primaryimage"},"thumbnailUrl":"https:\/\/www.eldiario.net\/portal\/wp-content\/uploads\/2021\/08\/1AL-8.jpg","datePublished":"2021-08-15T09:30:29+00:00","breadcrumb":{"@id":"https:\/\/www.eldiario.net\/portal\/2021\/08\/15\/avenida-tiwanaku-costara-un-millon-de-bolivianos\/#breadcrumb"},"inLanguage":"es","potentialAction":[{"@type":"ReadAction","target":["https:\/\/www.eldiario.net\/portal\/2021\/08\/15\/avenida-tiwanaku-costara-un-millon-de-bolivianos\/"]}]},{"@type":"ImageObject","inLanguage":"es","@id":"https:\/\/www.eldiario.net\/portal\/2021\/08\/15\/avenida-tiwanaku-costara-un-millon-de-bolivianos\/#primaryimage","url":"https:\/\/www.eldiario.net\/portal\/wp-content\/uploads\/2021\/08\/1AL-8.jpg","contentUrl":"https:\/\/www.eldiario.net\/portal\/wp-content\/uploads\/2021\/08\/1AL-8.jpg","width":1280,"height":722,"caption":"La obra beneficiar\u00e1 a transportistas y vecinos del lugar, por lo que pidieron su colaboraci\u00f3n para terminar el trabajo."},{"@type":"BreadcrumbList","@id":"https:\/\/www.eldiario.net\/portal\/2021\/08\/15\/avenida-tiwanaku-costara-un-millon-de-bolivianos\/#breadcrumb","itemListElement":[{"@type":"ListItem","position":1,"name":"Portada","item":"https:\/\/www.eldiario.net\/portal\/"},{"@type":"ListItem","position":2,"name":"Avenida Tiwanaku costar\u00e1 un mill\u00f3n de bolivianos"}]},{"@type":"WebSite","@id":"https:\/\/www.eldiario.net\/portal\/#website","url":"https:\/\/www.eldiario.net\/portal\/","name":"El Diario - Decano de la prensa nacional","description":"El Diario - Decano de la prensa nacional","publisher":{"@id":"https:\/\/www.eldiario.net\/portal\/#organization"},"potentialAction":[{"@type":"SearchAction","target":{"@type":"EntryPoint","urlTemplate":"https:\/\/www.eldiario.net\/portal\/?s={search_term_string}"},"query-input":{"@type":"PropertyValueSpecification","valueRequired":true,"valueName":"search_term_string"}}],"inLanguage":"es"},{"@type":"Organization","@id":"https:\/\/www.eldiario.net\/portal\/#organization","name":"El Diario - Decano de la prensa nacional","url":"https:\/\/www.eldiario.net\/portal\/","logo":{"@type":"ImageObject","inLanguage":"es","@id":"https:\/\/www.eldiario.net\/portal\/#\/schema\/logo\/image\/","url":"https:\/\/www.eldiario.net\/portal\/wp-content\/uploads\/2023\/07\/logo_ED.jpg","contentUrl":"https:\/\/www.eldiario.net\/portal\/wp-content\/uploads\/2023\/07\/logo_ED.jpg","width":272,"height":52,"caption":"El Diario - Decano de la prensa nacional"},"image":{"@id":"https:\/\/www.eldiario.net\/portal\/#\/schema\/logo\/image\/"},"sameAs":["https:\/\/www.facebook.com\/eldiario.bolivia\/","https:\/\/x.com\/eldiario_net"]},{"@type":"Person","@id":"https:\/\/www.eldiario.net\/portal\/#\/schema\/person\/f46445640444750d7d753ccd04ae01b7","name":"Jeanette","image":{"@type":"ImageObject","inLanguage":"es","@id":"https:\/\/secure.gravatar.com\/avatar\/3ea2118a5f7dad2b7138b1187a6b7ee55f160b9968b66013c3a3ef39dd7e5798?s=96&d=mm&r=g","url":"https:\/\/secure.gravatar.com\/avatar\/3ea2118a5f7dad2b7138b1187a6b7ee55f160b9968b66013c3a3ef39dd7e5798?s=96&d=mm&r=g","contentUrl":"https:\/\/secure.gravatar.com\/avatar\/3ea2118a5f7dad2b7138b1187a6b7ee55f160b9968b66013c3a3ef39dd7e5798?s=96&d=mm&r=g","caption":"Jeanette"},"sameAs":["https:\/\/www.eldiario.net\/portal"],"url":"https:\/\/www.eldiario.net\/portal\/author\/jeanette\/"}]}},"_links":{"self":[{"href":"https:\/\/www.eldiario.net\/portal\/wp-json\/wp\/v2\/posts\/23517","targetHints":{"allow":["GET"]}}],"collection":[{"href":"https:\/\/www.eldiario.net\/portal\/wp-json\/wp\/v2\/posts"}],"about":[{"href":"https:\/\/www.eldiario.net\/portal\/wp-json\/wp\/v2\/types\/post"}],"author":[{"embeddable":true,"href":"https:\/\/www.eldiario.net\/portal\/wp-json\/wp\/v2\/users\/1"}],"replies":[{"embeddable":true,"href":"https:\/\/www.eldiario.net\/portal\/wp-json\/wp\/v2\/comments?post=23517"}],"version-history":[{"count":0,"href":"https:\/\/www.eldiario.net\/portal\/wp-json\/wp\/v2\/posts\/23517\/revisions"}],"wp:featuredmedia":[{"embeddable":true,"href":"https:\/\/www.eldiario.net\/portal\/wp-json\/wp\/v2\/media\/23518"}],"wp:attachment":[{"href":"https:\/\/www.eldiario.net\/portal\/wp-json\/wp\/v2\/media?parent=23517"}],"wp:term":[{"taxonomy":"category","embeddable":true,"href":"https:\/\/www.eldiario.net\/portal\/wp-json\/wp\/v2\/categories?post=23517"},{"taxonomy":"post_tag","embeddable":true,"href":"https:\/\/www.eldiario.net\/portal\/wp-json\/wp\/v2\/tags?post=23517"}],"curies":[{"name":"wp","href":"https:\/\/api.w.org\/{rel}","templated":true}]}}