{"id":235122,"date":"2024-07-20T07:17:29","date_gmt":"2024-07-20T11:17:29","guid":{"rendered":"https:\/\/www.eldiario.net\/portal\/?p=235122"},"modified":"2024-07-20T07:17:29","modified_gmt":"2024-07-20T11:17:29","slug":"caf-aprueba-credito-de-us-110-millones","status":"publish","type":"post","link":"https:\/\/www.eldiario.net\/portal\/2024\/07\/20\/caf-aprueba-credito-de-us-110-millones\/","title":{"rendered":"CAF aprueba cr\u00e9dito  de $us 110 millones"},"content":{"rendered":"<p>La CAF aprob\u00f3 un pr\u00e9stamo por 110 millones de d\u00f3lares para financiar el Programa Nacional de Puentes para el Desarrollo (Mi Puente) del Estado Boliviano. La iniciativa, liderada por Empoderar, unidad desconcentrada del Ministerio de Desarrollo Rural y Tierras del pa\u00eds, tiene como objetivo promover la integraci\u00f3n y conectividad a nivel local, regional y nacional, abriendo nuevos horizontes de oportunidades para la poblaci\u00f3n boliviana.<br \/>\n\u201cEste programa ejemplifica c\u00f3mo la inversi\u00f3n estrat\u00e9gica en infraestructura puede ser un motor de cambio. Al fortalecer la conectividad rural, no solo estamos tendiendo puentes f\u00edsicos, sino tambi\u00e9n puentes hacia un futuro de prosperidad, facilitando el acceso a mercados y servicios esenciales, y sentando las bases para un desarrollo econ\u00f3mico sostenible e inclusivo en Bolivia\u201d, resalt\u00f3 el presidente ejecutivo de CAF, Sergio D\u00edaz-Granados.<br \/>\n\u201cMi Puente\u201d se posiciona como una soluci\u00f3n innovadora que incluye criterios de adaptaci\u00f3n al cambio clim\u00e1tico frente al desaf\u00edo de la conectividad en \u00e1reas rurales de Bolivia, donde las redes departamentales y municipales constituyen el 92% de la malla vial nacional. Esta iniciativa pretende desbloquear el potencial productivo del \u00e1rea de influencia e impulsar la producci\u00f3n agropecuaria, optimizando la comercializaci\u00f3n de productos y asegurando una mayor eficiencia en las cosechas.<br \/>\nEl programa transformar\u00e1 la vida de m\u00e1s de 170.000 bolivianos mediante la construcci\u00f3n de 300 puentes, sumando 10.000 metros de nueva infraestructura. La selecci\u00f3n de proyectos se realizar\u00e1 mediante un proceso riguroso y transparente, considerando criterios de elegibilidad que abarcan evaluaciones t\u00e9cnicas, ambientales, sociales, de g\u00e9nero y econ\u00f3micas, asegurando as\u00ed un impacto integral y sostenible.<br \/>\nEse programa se alinea con las metas de la Agenda Patri\u00f3tica 2025 de Bolivia y contribuir\u00e1 significativamente al fortalecimiento de la soberan\u00eda alimentaria y a la reducci\u00f3n de las desigualdades rurales en el pa\u00eds, se\u00f1ala la entidad internacional.<br \/>\nCr\u00e9ditos<br \/>\nPero la aprobaci\u00f3n del cr\u00e9dito est\u00e1 dentro del paquete de financiamiento que aprob\u00f3 el directorio de la CAF, que alcanza la suma de 2.740 millones de d\u00f3lares para el desarrollo sostenible de Am\u00e9rica Latina y el Caribe.<br \/>\nEn una reuni\u00f3n hist\u00f3rica en Lima, el Banco de Desarrollo de Am\u00e9rica Latina y el Caribe (CAF) aprob\u00f3 14 pr\u00e9stamos para 9 pa\u00edses, enfoc\u00e1ndose en inclusi\u00f3n social, infraestructura, competitividad y acci\u00f3n clim\u00e1tica. Adem\u00e1s, Antigua y Barbuda se uni\u00f3 a CAF, que sigue expandi\u00e9ndose en el Caribe, y se firmaron ayudas humanitarias para Barbados, Ecuador y Honduras.<\/p>\n","protected":false},"excerpt":{"rendered":"<p>La CAF aprob\u00f3 un pr\u00e9stamo por 110 millones de d\u00f3lares para financiar el Programa Nacional de Puentes para el Desarrollo (Mi Puente) del Estado Boliviano. La iniciativa, liderada por Empoderar, unidad desconcentrada del Ministerio de Desarrollo Rural y Tierras del pa\u00eds, tiene como objetivo promover la integraci\u00f3n y conectividad a nivel local, regional y nacional, [&hellip;]<\/p>\n","protected":false},"author":1,"featured_media":194689,"comment_status":"open","ping_status":"open","sticky":false,"template":"","format":"standard","meta":{"_acf_changed":false,"footnotes":""},"categories":[7],"tags":[],"class_list":["post-235122","post","type-post","status-publish","format-standard","has-post-thumbnail","category-economia"],"acf":{"antetitulo":""},"yoast_head":"<!-- This site is optimized with the Yoast SEO plugin v28.3 - https:\/\/yoast.com\/product\/yoast-seo-wordpress\/ -->\n<title>CAF aprueba cr\u00e9dito de $us 110 millones - El Diario - Bolivia<\/title>\n<meta name=\"robots\" content=\"index, follow, max-snippet:-1, max-image-preview:large, max-video-preview:-1\" \/>\n<link rel=\"canonical\" href=\"https:\/\/www.eldiario.net\/portal\/2024\/07\/20\/caf-aprueba-credito-de-us-110-millones\/\" \/>\n<meta property=\"og:locale\" content=\"es_ES\" \/>\n<meta property=\"og:type\" content=\"article\" \/>\n<meta property=\"og:title\" content=\"CAF aprueba cr\u00e9dito de $us 110 millones - El Diario - Bolivia\" \/>\n<meta property=\"og:description\" content=\"La CAF aprob\u00f3 un pr\u00e9stamo por 110 millones de d\u00f3lares para financiar el Programa Nacional de Puentes para el Desarrollo (Mi Puente) del Estado Boliviano. La iniciativa, liderada por Empoderar, unidad desconcentrada del Ministerio de Desarrollo Rural y Tierras del pa\u00eds, tiene como objetivo promover la integraci\u00f3n y conectividad a nivel local, regional y nacional, [&hellip;]\" \/>\n<meta property=\"og:url\" content=\"https:\/\/www.eldiario.net\/portal\/2024\/07\/20\/caf-aprueba-credito-de-us-110-millones\/\" \/>\n<meta property=\"og:site_name\" content=\"El Diario - Bolivia\" \/>\n<meta property=\"article:publisher\" content=\"https:\/\/www.facebook.com\/eldiario.bolivia\/\" \/>\n<meta property=\"article:published_time\" content=\"2024-07-20T11:17:29+00:00\" \/>\n<meta property=\"og:image\" content=\"https:\/\/www.eldiario.net\/portal\/wp-content\/uploads\/2023\/12\/Economia.jpg\" \/>\n\t<meta property=\"og:image:width\" content=\"800\" \/>\n\t<meta property=\"og:image:height\" content=\"500\" \/>\n\t<meta property=\"og:image:type\" content=\"image\/jpeg\" \/>\n<meta name=\"author\" content=\"Jeanette\" \/>\n<meta name=\"twitter:card\" content=\"summary_large_image\" \/>\n<meta name=\"twitter:creator\" content=\"@eldiario_net\" \/>\n<meta name=\"twitter:site\" content=\"@eldiario_net\" \/>\n<meta name=\"twitter:label1\" content=\"Escrito por\" \/>\n\t<meta name=\"twitter:data1\" content=\"Jeanette\" \/>\n\t<meta name=\"twitter:label2\" content=\"Tiempo de lectura\" \/>\n\t<meta name=\"twitter:data2\" content=\"2 minutos\" \/>\n<script type=\"application\/ld+json\" class=\"yoast-schema-graph\">{\"@context\":\"https:\\\/\\\/schema.org\",\"@graph\":[{\"@type\":\"Article\",\"@id\":\"https:\\\/\\\/www.eldiario.net\\\/portal\\\/2024\\\/07\\\/20\\\/caf-aprueba-credito-de-us-110-millones\\\/#article\",\"isPartOf\":{\"@id\":\"https:\\\/\\\/www.eldiario.net\\\/portal\\\/2024\\\/07\\\/20\\\/caf-aprueba-credito-de-us-110-millones\\\/\"},\"author\":{\"name\":\"Jeanette\",\"@id\":\"https:\\\/\\\/www.eldiario.net\\\/portal\\\/#\\\/schema\\\/person\\\/f46445640444750d7d753ccd04ae01b7\"},\"headline\":\"CAF aprueba cr\u00e9dito de $us 110 millones\",\"datePublished\":\"2024-07-20T11:17:29+00:00\",\"mainEntityOfPage\":{\"@id\":\"https:\\\/\\\/www.eldiario.net\\\/portal\\\/2024\\\/07\\\/20\\\/caf-aprueba-credito-de-us-110-millones\\\/\"},\"wordCount\":427,\"commentCount\":0,\"publisher\":{\"@id\":\"https:\\\/\\\/www.eldiario.net\\\/portal\\\/#organization\"},\"image\":{\"@id\":\"https:\\\/\\\/www.eldiario.net\\\/portal\\\/2024\\\/07\\\/20\\\/caf-aprueba-credito-de-us-110-millones\\\/#primaryimage\"},\"thumbnailUrl\":\"https:\\\/\\\/www.eldiario.net\\\/portal\\\/wp-content\\\/uploads\\\/2023\\\/12\\\/Economia.jpg\",\"articleSection\":[\"Econom\u00eda\"],\"inLanguage\":\"es\",\"potentialAction\":[{\"@type\":\"CommentAction\",\"name\":\"Comment\",\"target\":[\"https:\\\/\\\/www.eldiario.net\\\/portal\\\/2024\\\/07\\\/20\\\/caf-aprueba-credito-de-us-110-millones\\\/#respond\"]}]},{\"@type\":\"WebPage\",\"@id\":\"https:\\\/\\\/www.eldiario.net\\\/portal\\\/2024\\\/07\\\/20\\\/caf-aprueba-credito-de-us-110-millones\\\/\",\"url\":\"https:\\\/\\\/www.eldiario.net\\\/portal\\\/2024\\\/07\\\/20\\\/caf-aprueba-credito-de-us-110-millones\\\/\",\"name\":\"CAF aprueba cr\u00e9dito de $us 110 millones - El Diario - Bolivia\",\"isPartOf\":{\"@id\":\"https:\\\/\\\/www.eldiario.net\\\/portal\\\/#website\"},\"primaryImageOfPage\":{\"@id\":\"https:\\\/\\\/www.eldiario.net\\\/portal\\\/2024\\\/07\\\/20\\\/caf-aprueba-credito-de-us-110-millones\\\/#primaryimage\"},\"image\":{\"@id\":\"https:\\\/\\\/www.eldiario.net\\\/portal\\\/2024\\\/07\\\/20\\\/caf-aprueba-credito-de-us-110-millones\\\/#primaryimage\"},\"thumbnailUrl\":\"https:\\\/\\\/www.eldiario.net\\\/portal\\\/wp-content\\\/uploads\\\/2023\\\/12\\\/Economia.jpg\",\"datePublished\":\"2024-07-20T11:17:29+00:00\",\"breadcrumb\":{\"@id\":\"https:\\\/\\\/www.eldiario.net\\\/portal\\\/2024\\\/07\\\/20\\\/caf-aprueba-credito-de-us-110-millones\\\/#breadcrumb\"},\"inLanguage\":\"es\",\"potentialAction\":[{\"@type\":\"ReadAction\",\"target\":[\"https:\\\/\\\/www.eldiario.net\\\/portal\\\/2024\\\/07\\\/20\\\/caf-aprueba-credito-de-us-110-millones\\\/\"]}]},{\"@type\":\"ImageObject\",\"inLanguage\":\"es\",\"@id\":\"https:\\\/\\\/www.eldiario.net\\\/portal\\\/2024\\\/07\\\/20\\\/caf-aprueba-credito-de-us-110-millones\\\/#primaryimage\",\"url\":\"https:\\\/\\\/www.eldiario.net\\\/portal\\\/wp-content\\\/uploads\\\/2023\\\/12\\\/Economia.jpg\",\"contentUrl\":\"https:\\\/\\\/www.eldiario.net\\\/portal\\\/wp-content\\\/uploads\\\/2023\\\/12\\\/Economia.jpg\",\"width\":800,\"height\":500},{\"@type\":\"BreadcrumbList\",\"@id\":\"https:\\\/\\\/www.eldiario.net\\\/portal\\\/2024\\\/07\\\/20\\\/caf-aprueba-credito-de-us-110-millones\\\/#breadcrumb\",\"itemListElement\":[{\"@type\":\"ListItem\",\"position\":1,\"name\":\"Portada\",\"item\":\"https:\\\/\\\/www.eldiario.net\\\/portal\\\/\"},{\"@type\":\"ListItem\",\"position\":2,\"name\":\"CAF aprueba cr\u00e9dito de $us 110 millones\"}]},{\"@type\":\"WebSite\",\"@id\":\"https:\\\/\\\/www.eldiario.net\\\/portal\\\/#website\",\"url\":\"https:\\\/\\\/www.eldiario.net\\\/portal\\\/\",\"name\":\"El Diario - Decano de la prensa nacional\",\"description\":\"El Diario - Decano de la prensa nacional\",\"publisher\":{\"@id\":\"https:\\\/\\\/www.eldiario.net\\\/portal\\\/#organization\"},\"potentialAction\":[{\"@type\":\"SearchAction\",\"target\":{\"@type\":\"EntryPoint\",\"urlTemplate\":\"https:\\\/\\\/www.eldiario.net\\\/portal\\\/?s={search_term_string}\"},\"query-input\":{\"@type\":\"PropertyValueSpecification\",\"valueRequired\":true,\"valueName\":\"search_term_string\"}}],\"inLanguage\":\"es\"},{\"@type\":\"Organization\",\"@id\":\"https:\\\/\\\/www.eldiario.net\\\/portal\\\/#organization\",\"name\":\"El Diario - Decano de la prensa nacional\",\"url\":\"https:\\\/\\\/www.eldiario.net\\\/portal\\\/\",\"logo\":{\"@type\":\"ImageObject\",\"inLanguage\":\"es\",\"@id\":\"https:\\\/\\\/www.eldiario.net\\\/portal\\\/#\\\/schema\\\/logo\\\/image\\\/\",\"url\":\"https:\\\/\\\/www.eldiario.net\\\/portal\\\/wp-content\\\/uploads\\\/2023\\\/07\\\/logo_ED.jpg\",\"contentUrl\":\"https:\\\/\\\/www.eldiario.net\\\/portal\\\/wp-content\\\/uploads\\\/2023\\\/07\\\/logo_ED.jpg\",\"width\":272,\"height\":52,\"caption\":\"El Diario - Decano de la prensa nacional\"},\"image\":{\"@id\":\"https:\\\/\\\/www.eldiario.net\\\/portal\\\/#\\\/schema\\\/logo\\\/image\\\/\"},\"sameAs\":[\"https:\\\/\\\/www.facebook.com\\\/eldiario.bolivia\\\/\",\"https:\\\/\\\/x.com\\\/eldiario_net\"]},{\"@type\":\"Person\",\"@id\":\"https:\\\/\\\/www.eldiario.net\\\/portal\\\/#\\\/schema\\\/person\\\/f46445640444750d7d753ccd04ae01b7\",\"name\":\"Jeanette\",\"image\":{\"@type\":\"ImageObject\",\"inLanguage\":\"es\",\"@id\":\"https:\\\/\\\/secure.gravatar.com\\\/avatar\\\/3ea2118a5f7dad2b7138b1187a6b7ee55f160b9968b66013c3a3ef39dd7e5798?s=96&d=mm&r=g\",\"url\":\"https:\\\/\\\/secure.gravatar.com\\\/avatar\\\/3ea2118a5f7dad2b7138b1187a6b7ee55f160b9968b66013c3a3ef39dd7e5798?s=96&d=mm&r=g\",\"contentUrl\":\"https:\\\/\\\/secure.gravatar.com\\\/avatar\\\/3ea2118a5f7dad2b7138b1187a6b7ee55f160b9968b66013c3a3ef39dd7e5798?s=96&d=mm&r=g\",\"caption\":\"Jeanette\"},\"sameAs\":[\"https:\\\/\\\/www.eldiario.net\\\/portal\"],\"url\":\"https:\\\/\\\/www.eldiario.net\\\/portal\\\/author\\\/jeanette\\\/\"}]}<\/script>\n<!-- \/ Yoast SEO plugin. -->","yoast_head_json":{"title":"CAF aprueba cr\u00e9dito de $us 110 millones - El Diario - Bolivia","robots":{"index":"index","follow":"follow","max-snippet":"max-snippet:-1","max-image-preview":"max-image-preview:large","max-video-preview":"max-video-preview:-1"},"canonical":"https:\/\/www.eldiario.net\/portal\/2024\/07\/20\/caf-aprueba-credito-de-us-110-millones\/","og_locale":"es_ES","og_type":"article","og_title":"CAF aprueba cr\u00e9dito de $us 110 millones - El Diario - Bolivia","og_description":"La CAF aprob\u00f3 un pr\u00e9stamo por 110 millones de d\u00f3lares para financiar el Programa Nacional de Puentes para el Desarrollo (Mi Puente) del Estado Boliviano. La iniciativa, liderada por Empoderar, unidad desconcentrada del Ministerio de Desarrollo Rural y Tierras del pa\u00eds, tiene como objetivo promover la integraci\u00f3n y conectividad a nivel local, regional y nacional, [&hellip;]","og_url":"https:\/\/www.eldiario.net\/portal\/2024\/07\/20\/caf-aprueba-credito-de-us-110-millones\/","og_site_name":"El Diario - Bolivia","article_publisher":"https:\/\/www.facebook.com\/eldiario.bolivia\/","article_published_time":"2024-07-20T11:17:29+00:00","og_image":[{"width":800,"height":500,"url":"https:\/\/www.eldiario.net\/portal\/wp-content\/uploads\/2023\/12\/Economia.jpg","type":"image\/jpeg"}],"author":"Jeanette","twitter_card":"summary_large_image","twitter_creator":"@eldiario_net","twitter_site":"@eldiario_net","twitter_misc":{"Escrito por":"Jeanette","Tiempo de lectura":"2 minutos"},"schema":{"@context":"https:\/\/schema.org","@graph":[{"@type":"Article","@id":"https:\/\/www.eldiario.net\/portal\/2024\/07\/20\/caf-aprueba-credito-de-us-110-millones\/#article","isPartOf":{"@id":"https:\/\/www.eldiario.net\/portal\/2024\/07\/20\/caf-aprueba-credito-de-us-110-millones\/"},"author":{"name":"Jeanette","@id":"https:\/\/www.eldiario.net\/portal\/#\/schema\/person\/f46445640444750d7d753ccd04ae01b7"},"headline":"CAF aprueba cr\u00e9dito de $us 110 millones","datePublished":"2024-07-20T11:17:29+00:00","mainEntityOfPage":{"@id":"https:\/\/www.eldiario.net\/portal\/2024\/07\/20\/caf-aprueba-credito-de-us-110-millones\/"},"wordCount":427,"commentCount":0,"publisher":{"@id":"https:\/\/www.eldiario.net\/portal\/#organization"},"image":{"@id":"https:\/\/www.eldiario.net\/portal\/2024\/07\/20\/caf-aprueba-credito-de-us-110-millones\/#primaryimage"},"thumbnailUrl":"https:\/\/www.eldiario.net\/portal\/wp-content\/uploads\/2023\/12\/Economia.jpg","articleSection":["Econom\u00eda"],"inLanguage":"es","potentialAction":[{"@type":"CommentAction","name":"Comment","target":["https:\/\/www.eldiario.net\/portal\/2024\/07\/20\/caf-aprueba-credito-de-us-110-millones\/#respond"]}]},{"@type":"WebPage","@id":"https:\/\/www.eldiario.net\/portal\/2024\/07\/20\/caf-aprueba-credito-de-us-110-millones\/","url":"https:\/\/www.eldiario.net\/portal\/2024\/07\/20\/caf-aprueba-credito-de-us-110-millones\/","name":"CAF aprueba cr\u00e9dito de $us 110 millones - El Diario - Bolivia","isPartOf":{"@id":"https:\/\/www.eldiario.net\/portal\/#website"},"primaryImageOfPage":{"@id":"https:\/\/www.eldiario.net\/portal\/2024\/07\/20\/caf-aprueba-credito-de-us-110-millones\/#primaryimage"},"image":{"@id":"https:\/\/www.eldiario.net\/portal\/2024\/07\/20\/caf-aprueba-credito-de-us-110-millones\/#primaryimage"},"thumbnailUrl":"https:\/\/www.eldiario.net\/portal\/wp-content\/uploads\/2023\/12\/Economia.jpg","datePublished":"2024-07-20T11:17:29+00:00","breadcrumb":{"@id":"https:\/\/www.eldiario.net\/portal\/2024\/07\/20\/caf-aprueba-credito-de-us-110-millones\/#breadcrumb"},"inLanguage":"es","potentialAction":[{"@type":"ReadAction","target":["https:\/\/www.eldiario.net\/portal\/2024\/07\/20\/caf-aprueba-credito-de-us-110-millones\/"]}]},{"@type":"ImageObject","inLanguage":"es","@id":"https:\/\/www.eldiario.net\/portal\/2024\/07\/20\/caf-aprueba-credito-de-us-110-millones\/#primaryimage","url":"https:\/\/www.eldiario.net\/portal\/wp-content\/uploads\/2023\/12\/Economia.jpg","contentUrl":"https:\/\/www.eldiario.net\/portal\/wp-content\/uploads\/2023\/12\/Economia.jpg","width":800,"height":500},{"@type":"BreadcrumbList","@id":"https:\/\/www.eldiario.net\/portal\/2024\/07\/20\/caf-aprueba-credito-de-us-110-millones\/#breadcrumb","itemListElement":[{"@type":"ListItem","position":1,"name":"Portada","item":"https:\/\/www.eldiario.net\/portal\/"},{"@type":"ListItem","position":2,"name":"CAF aprueba cr\u00e9dito de $us 110 millones"}]},{"@type":"WebSite","@id":"https:\/\/www.eldiario.net\/portal\/#website","url":"https:\/\/www.eldiario.net\/portal\/","name":"El Diario - Decano de la prensa nacional","description":"El Diario - Decano de la prensa nacional","publisher":{"@id":"https:\/\/www.eldiario.net\/portal\/#organization"},"potentialAction":[{"@type":"SearchAction","target":{"@type":"EntryPoint","urlTemplate":"https:\/\/www.eldiario.net\/portal\/?s={search_term_string}"},"query-input":{"@type":"PropertyValueSpecification","valueRequired":true,"valueName":"search_term_string"}}],"inLanguage":"es"},{"@type":"Organization","@id":"https:\/\/www.eldiario.net\/portal\/#organization","name":"El Diario - Decano de la prensa nacional","url":"https:\/\/www.eldiario.net\/portal\/","logo":{"@type":"ImageObject","inLanguage":"es","@id":"https:\/\/www.eldiario.net\/portal\/#\/schema\/logo\/image\/","url":"https:\/\/www.eldiario.net\/portal\/wp-content\/uploads\/2023\/07\/logo_ED.jpg","contentUrl":"https:\/\/www.eldiario.net\/portal\/wp-content\/uploads\/2023\/07\/logo_ED.jpg","width":272,"height":52,"caption":"El Diario - Decano de la prensa nacional"},"image":{"@id":"https:\/\/www.eldiario.net\/portal\/#\/schema\/logo\/image\/"},"sameAs":["https:\/\/www.facebook.com\/eldiario.bolivia\/","https:\/\/x.com\/eldiario_net"]},{"@type":"Person","@id":"https:\/\/www.eldiario.net\/portal\/#\/schema\/person\/f46445640444750d7d753ccd04ae01b7","name":"Jeanette","image":{"@type":"ImageObject","inLanguage":"es","@id":"https:\/\/secure.gravatar.com\/avatar\/3ea2118a5f7dad2b7138b1187a6b7ee55f160b9968b66013c3a3ef39dd7e5798?s=96&d=mm&r=g","url":"https:\/\/secure.gravatar.com\/avatar\/3ea2118a5f7dad2b7138b1187a6b7ee55f160b9968b66013c3a3ef39dd7e5798?s=96&d=mm&r=g","contentUrl":"https:\/\/secure.gravatar.com\/avatar\/3ea2118a5f7dad2b7138b1187a6b7ee55f160b9968b66013c3a3ef39dd7e5798?s=96&d=mm&r=g","caption":"Jeanette"},"sameAs":["https:\/\/www.eldiario.net\/portal"],"url":"https:\/\/www.eldiario.net\/portal\/author\/jeanette\/"}]}},"_links":{"self":[{"href":"https:\/\/www.eldiario.net\/portal\/wp-json\/wp\/v2\/posts\/235122","targetHints":{"allow":["GET"]}}],"collection":[{"href":"https:\/\/www.eldiario.net\/portal\/wp-json\/wp\/v2\/posts"}],"about":[{"href":"https:\/\/www.eldiario.net\/portal\/wp-json\/wp\/v2\/types\/post"}],"author":[{"embeddable":true,"href":"https:\/\/www.eldiario.net\/portal\/wp-json\/wp\/v2\/users\/1"}],"replies":[{"embeddable":true,"href":"https:\/\/www.eldiario.net\/portal\/wp-json\/wp\/v2\/comments?post=235122"}],"version-history":[{"count":1,"href":"https:\/\/www.eldiario.net\/portal\/wp-json\/wp\/v2\/posts\/235122\/revisions"}],"predecessor-version":[{"id":235123,"href":"https:\/\/www.eldiario.net\/portal\/wp-json\/wp\/v2\/posts\/235122\/revisions\/235123"}],"wp:featuredmedia":[{"embeddable":true,"href":"https:\/\/www.eldiario.net\/portal\/wp-json\/wp\/v2\/media\/194689"}],"wp:attachment":[{"href":"https:\/\/www.eldiario.net\/portal\/wp-json\/wp\/v2\/media?parent=235122"}],"wp:term":[{"taxonomy":"category","embeddable":true,"href":"https:\/\/www.eldiario.net\/portal\/wp-json\/wp\/v2\/categories?post=235122"},{"taxonomy":"post_tag","embeddable":true,"href":"https:\/\/www.eldiario.net\/portal\/wp-json\/wp\/v2\/tags?post=235122"}],"curies":[{"name":"wp","href":"https:\/\/api.w.org\/{rel}","templated":true}]}}