{"id":235114,"date":"2024-07-20T07:12:31","date_gmt":"2024-07-20T11:12:31","guid":{"rendered":"https:\/\/www.eldiario.net\/portal\/?p=235114"},"modified":"2024-07-20T07:12:31","modified_gmt":"2024-07-20T11:12:31","slug":"cc-mantiene-postura-de-eliminar-primarias","status":"publish","type":"post","link":"https:\/\/www.eldiario.net\/portal\/2024\/07\/20\/cc-mantiene-postura-de-eliminar-primarias\/","title":{"rendered":"CC mantiene postura  de eliminar primarias"},"content":{"rendered":"<p>Cuestionando que desde el \u00d3rgano Electoral se emitan plazos fatales para que la Asamblea Legislativa Plurinacional (ALP) apruebe el proyecto de ley que anula las elecciones primarias, la senadora por Comunidad Ciudadana (CC), Andrea Barrientos, asegur\u00f3 que su organizaci\u00f3n pol\u00edtica mantiene la posici\u00f3n de anular estos comicios y rechaz\u00f3 la aparici\u00f3n de posiciones disidentes al respecto.<br \/>\nEn declaraciones a medios de prensa, Barrientos se refiri\u00f3 a las recientes declaraciones expresadas por miembros del ala \u201cevista\u201d en el MAS sobre oponerse a la suspensi\u00f3n de los comicios primarios, tal como acordaron l\u00edderes de partidos pol\u00edticos en el Encuentro por la Democracia, convocado y realizado la semana pasada por el \u00d3rgano Electoral.<br \/>\nPara la legisladora de oposici\u00f3n, estas declaraciones son parte de la pugna interna en el partido azul, donde el ala que responde a los intereses de Evo Morales trata nuevamente de imponer sus intereses amenazando con no apoyar esta medida acordada por unanimidad, la semana pasada.<br \/>\n\u201cYo creo que hay que pedirle al MAS que no metan al pa\u00eds en sus problemas, estos est\u00e1n lejos de las necesidades de cualquier boliviano en este momento. El pa\u00eds necesita una econom\u00eda estable y reformar la justicia, necesitamos refundar un pa\u00eds que est\u00e1 en serios problemas\u201d, sostuvo Barrientos, agregando que en la actual coyuntura existen problemas delicados que abordar antes que las peleas internas del partido oficialista.<br \/>\nEn ese sentido, insisti\u00f3 en que los bolivianos deben enfocar todos sus esfuerzos en la construcci\u00f3n de una Bolivia mejor, pero esto no se lograr\u00e1 mientras el MAS contin\u00fae en el poder.<br \/>\n\u201cNo podemos seguir ahog\u00e1ndonos por los problemas internos del Movimiento al Socialismo, por lo tanto, las pugnas que ellos tengan no pueden afectarnos cuando estamos firmes para anular las elecciones primarias y darle prioridad a la elecci\u00f3n judicial\u201d, dijo.<br \/>\nSobre los plazos referidos por miembros del Tribunal Supremo Electoral (TSE) para que la Asamblea Legislativa apruebe el Proyecto de Ley remitido para suspender las elecciones primarias en la gesti\u00f3n 2024, Barrientos lament\u00f3 que vocales se hayan acostumbrado a dar \u201cplazos fatales\u201d al Parlamento, tomando en cuenta que la ALP es una instancia caracterizada por la vocaci\u00f3n de di\u00e1logo y la democracia, donde los plazos se pueden ir modificando para tener amplitud en el tratamiento de diferentes temas.<br \/>\n\u201cNo entiendo ese af\u00e1n de dar plazos. Tendr\u00e1n que entender que la Asamblea es un lugar de alto di\u00e1logo donde hay posiciones diferenciadas, esperemos que tengamos mayor\u00eda para poder anular las elecciones primarias cerradas, pues creemos que la abierta si es una posibilidad muy democr\u00e1tica que debe llevarse adelante el a\u00f1o que viene\u201d, concluy\u00f3.<br \/>\nEsta semana, tras haberse remitido el proyecto de Ley de R\u00e9gimen Excepcional y Transitorio de Elecciones Primarias a la Presidencia de la Asamblea Legislativa Plurinacional, desde el Tribunal Supremo Electoral se advirti\u00f3 que, de no tratarse oportunamente esta normativa, el \u00d3rgano Electoral deber\u00e1 emitir convocatoria para estos comicios hasta mediados de agosto, bajo las condiciones que prev\u00e9 actualmente la normativa.<br \/>\nEl ente electoral record\u00f3 que el pasado jueves 11 de julio, se remiti\u00f3 el proyecto de Ley de R\u00e9gimen Excepcional y Transitorio de Elecciones Primarias a la Presidencia de la ALP. De esta manera, se cumpli\u00f3 con uno de los compromisos concertados con representantes pol\u00edticos y de los \u00d3rganos de poder del Estado que participaron en el Encuentro Multipartidario e Interinstitucional por la Democracia.<br \/>\nSe detall\u00f3 adem\u00e1s que, este proyecto prev\u00e9 la suspensi\u00f3n de las Elecciones Primarias de manera excepcional solo para las Elecciones Generales 2025, por un posible paralelismo entre los calendarios electorales de las Elecciones Primarias con las Elecciones Judiciales postergadas, que se encuentran a\u00fan en etapa de selecci\u00f3n de postulantes a cargo de la ALP, lo que conllevar\u00eda dificultades operativas y de log\u00edstica, tales como la definici\u00f3n de recintos, la adquisici\u00f3n y producci\u00f3n de material electoral, difusi\u00f3n de m\u00e9ritos de los candidatos al \u00d3rgano Judicial y el Tribunal Constitucional Plurinacional, la propaganda electoral, el proceso de c\u00f3mputo y otros.<br \/>\n\u201cAmbos procesos electorales tienen una naturaleza distinta, cuya realizaci\u00f3n paralela podr\u00eda derivar en confusiones para el electorado, contaminando principalmente el proceso de las Elecciones Judiciales con la propaganda electoral y el activismo pol\u00edtico que se da alrededor de una elecci\u00f3n de candidatos en Elecciones Primarias\u201d, se se\u00f1al\u00f3.<br \/>\nRecordando que en el denominado Encuentro Multipartidario e Interinstitucional por la Democracia, los asistentes de manera un\u00e1nime concordaron la necesidad de retomar el an\u00e1lisis de la Ley 1096, ya que la normativa vigente permite que las Elecciones Primarias se celebren con un solo candidato por organizaci\u00f3n pol\u00edtica, constituy\u00e9ndose en una ratificaci\u00f3n de candidatos \u00fanicos, es importante revisar la normativa para que las Elecciones Primarias sean realmente competitivas y promuevan aut\u00e9nticamente la democracia interna.<br \/>\n\u201cDe no ser tratado el proyecto de Ley oportunamente por la ALP, el TSE deber\u00e1 emitir la convocatoria para las Elecciones Primarias hasta mediados de agosto, bajo las condiciones que prev\u00e9 actualmente la normativa\u201d.<br \/>\nLa semana pasada, el presidente del MAS, Evo Morales, recalc\u00f3 su posici\u00f3n de llevar adelante elecciones primarias para elegir al candidato presidencial del Instrumento Pol\u00edtico y reproch\u00f3 que Luis Arce no haya aceptado a\u00fan este desaf\u00edo.<br \/>\n\u201cSeguramente se siente perdedor, me imagino, y por eso no acepta, porque uno cuando es ganador acepta. Aunque para perder hay que ir\u201d, manifest\u00f3 el exmandatario en declaraciones a Erbol.<\/p>\n","protected":false},"excerpt":{"rendered":"<p>Cuestionando que desde el \u00d3rgano Electoral se emitan plazos fatales para que la Asamblea Legislativa Plurinacional (ALP) apruebe el proyecto de ley que anula las elecciones primarias, la senadora por Comunidad Ciudadana (CC), Andrea Barrientos, asegur\u00f3 que su organizaci\u00f3n pol\u00edtica mantiene la posici\u00f3n de anular estos comicios y rechaz\u00f3 la aparici\u00f3n de posiciones disidentes al [&hellip;]<\/p>\n","protected":false},"author":1,"featured_media":235115,"comment_status":"open","ping_status":"open","sticky":false,"template":"","format":"standard","meta":{"_acf_changed":false,"footnotes":""},"categories":[14],"tags":[],"class_list":["post-235114","post","type-post","status-publish","format-standard","has-post-thumbnail","category-politica"],"acf":{"antetitulo":"Rechazan \u201cplazos fatales\u201d"},"yoast_head":"<!-- This site is optimized with the Yoast SEO plugin v28.3 - https:\/\/yoast.com\/product\/yoast-seo-wordpress\/ -->\n<title>CC mantiene postura de eliminar primarias - El Diario - Bolivia<\/title>\n<meta name=\"robots\" content=\"index, follow, max-snippet:-1, max-image-preview:large, max-video-preview:-1\" \/>\n<link rel=\"canonical\" href=\"https:\/\/www.eldiario.net\/portal\/2024\/07\/20\/cc-mantiene-postura-de-eliminar-primarias\/\" \/>\n<meta property=\"og:locale\" content=\"es_ES\" \/>\n<meta property=\"og:type\" content=\"article\" \/>\n<meta property=\"og:title\" content=\"CC mantiene postura de eliminar primarias - El Diario - Bolivia\" \/>\n<meta property=\"og:description\" content=\"Cuestionando que desde el \u00d3rgano Electoral se emitan plazos fatales para que la Asamblea Legislativa Plurinacional (ALP) apruebe el proyecto de ley que anula las elecciones primarias, la senadora por Comunidad Ciudadana (CC), Andrea Barrientos, asegur\u00f3 que su organizaci\u00f3n pol\u00edtica mantiene la posici\u00f3n de anular estos comicios y rechaz\u00f3 la aparici\u00f3n de posiciones disidentes al [&hellip;]\" \/>\n<meta property=\"og:url\" content=\"https:\/\/www.eldiario.net\/portal\/2024\/07\/20\/cc-mantiene-postura-de-eliminar-primarias\/\" \/>\n<meta property=\"og:site_name\" content=\"El Diario - Bolivia\" \/>\n<meta property=\"article:publisher\" content=\"https:\/\/www.facebook.com\/eldiario.bolivia\/\" \/>\n<meta property=\"article:published_time\" content=\"2024-07-20T11:12:31+00:00\" \/>\n<meta property=\"og:image\" content=\"https:\/\/www.eldiario.net\/portal\/wp-content\/uploads\/2024\/07\/40-POL-8.jpg\" \/>\n\t<meta property=\"og:image:width\" content=\"718\" \/>\n\t<meta property=\"og:image:height\" content=\"540\" \/>\n\t<meta property=\"og:image:type\" content=\"image\/jpeg\" \/>\n<meta name=\"author\" content=\"Jeanette\" \/>\n<meta name=\"twitter:card\" content=\"summary_large_image\" \/>\n<meta name=\"twitter:creator\" content=\"@eldiario_net\" \/>\n<meta name=\"twitter:site\" content=\"@eldiario_net\" \/>\n<meta name=\"twitter:label1\" content=\"Escrito por\" \/>\n\t<meta name=\"twitter:data1\" content=\"Jeanette\" \/>\n\t<meta name=\"twitter:label2\" content=\"Tiempo de lectura\" \/>\n\t<meta name=\"twitter:data2\" content=\"5 minutos\" \/>\n<script type=\"application\/ld+json\" class=\"yoast-schema-graph\">{\"@context\":\"https:\\\/\\\/schema.org\",\"@graph\":[{\"@type\":\"Article\",\"@id\":\"https:\\\/\\\/www.eldiario.net\\\/portal\\\/2024\\\/07\\\/20\\\/cc-mantiene-postura-de-eliminar-primarias\\\/#article\",\"isPartOf\":{\"@id\":\"https:\\\/\\\/www.eldiario.net\\\/portal\\\/2024\\\/07\\\/20\\\/cc-mantiene-postura-de-eliminar-primarias\\\/\"},\"author\":{\"name\":\"Jeanette\",\"@id\":\"https:\\\/\\\/www.eldiario.net\\\/portal\\\/#\\\/schema\\\/person\\\/f46445640444750d7d753ccd04ae01b7\"},\"headline\":\"CC mantiene postura de eliminar primarias\",\"datePublished\":\"2024-07-20T11:12:31+00:00\",\"mainEntityOfPage\":{\"@id\":\"https:\\\/\\\/www.eldiario.net\\\/portal\\\/2024\\\/07\\\/20\\\/cc-mantiene-postura-de-eliminar-primarias\\\/\"},\"wordCount\":928,\"commentCount\":0,\"publisher\":{\"@id\":\"https:\\\/\\\/www.eldiario.net\\\/portal\\\/#organization\"},\"image\":{\"@id\":\"https:\\\/\\\/www.eldiario.net\\\/portal\\\/2024\\\/07\\\/20\\\/cc-mantiene-postura-de-eliminar-primarias\\\/#primaryimage\"},\"thumbnailUrl\":\"https:\\\/\\\/www.eldiario.net\\\/portal\\\/wp-content\\\/uploads\\\/2024\\\/07\\\/40-POL-8.jpg\",\"articleSection\":[\"Pol\u00edtica\"],\"inLanguage\":\"es\",\"potentialAction\":[{\"@type\":\"CommentAction\",\"name\":\"Comment\",\"target\":[\"https:\\\/\\\/www.eldiario.net\\\/portal\\\/2024\\\/07\\\/20\\\/cc-mantiene-postura-de-eliminar-primarias\\\/#respond\"]}]},{\"@type\":\"WebPage\",\"@id\":\"https:\\\/\\\/www.eldiario.net\\\/portal\\\/2024\\\/07\\\/20\\\/cc-mantiene-postura-de-eliminar-primarias\\\/\",\"url\":\"https:\\\/\\\/www.eldiario.net\\\/portal\\\/2024\\\/07\\\/20\\\/cc-mantiene-postura-de-eliminar-primarias\\\/\",\"name\":\"CC mantiene postura de eliminar primarias - El Diario - Bolivia\",\"isPartOf\":{\"@id\":\"https:\\\/\\\/www.eldiario.net\\\/portal\\\/#website\"},\"primaryImageOfPage\":{\"@id\":\"https:\\\/\\\/www.eldiario.net\\\/portal\\\/2024\\\/07\\\/20\\\/cc-mantiene-postura-de-eliminar-primarias\\\/#primaryimage\"},\"image\":{\"@id\":\"https:\\\/\\\/www.eldiario.net\\\/portal\\\/2024\\\/07\\\/20\\\/cc-mantiene-postura-de-eliminar-primarias\\\/#primaryimage\"},\"thumbnailUrl\":\"https:\\\/\\\/www.eldiario.net\\\/portal\\\/wp-content\\\/uploads\\\/2024\\\/07\\\/40-POL-8.jpg\",\"datePublished\":\"2024-07-20T11:12:31+00:00\",\"breadcrumb\":{\"@id\":\"https:\\\/\\\/www.eldiario.net\\\/portal\\\/2024\\\/07\\\/20\\\/cc-mantiene-postura-de-eliminar-primarias\\\/#breadcrumb\"},\"inLanguage\":\"es\",\"potentialAction\":[{\"@type\":\"ReadAction\",\"target\":[\"https:\\\/\\\/www.eldiario.net\\\/portal\\\/2024\\\/07\\\/20\\\/cc-mantiene-postura-de-eliminar-primarias\\\/\"]}]},{\"@type\":\"ImageObject\",\"inLanguage\":\"es\",\"@id\":\"https:\\\/\\\/www.eldiario.net\\\/portal\\\/2024\\\/07\\\/20\\\/cc-mantiene-postura-de-eliminar-primarias\\\/#primaryimage\",\"url\":\"https:\\\/\\\/www.eldiario.net\\\/portal\\\/wp-content\\\/uploads\\\/2024\\\/07\\\/40-POL-8.jpg\",\"contentUrl\":\"https:\\\/\\\/www.eldiario.net\\\/portal\\\/wp-content\\\/uploads\\\/2024\\\/07\\\/40-POL-8.jpg\",\"width\":718,\"height\":540,\"caption\":\"la Senadora, Andrea Barrientos (CC).\"},{\"@type\":\"BreadcrumbList\",\"@id\":\"https:\\\/\\\/www.eldiario.net\\\/portal\\\/2024\\\/07\\\/20\\\/cc-mantiene-postura-de-eliminar-primarias\\\/#breadcrumb\",\"itemListElement\":[{\"@type\":\"ListItem\",\"position\":1,\"name\":\"Portada\",\"item\":\"https:\\\/\\\/www.eldiario.net\\\/portal\\\/\"},{\"@type\":\"ListItem\",\"position\":2,\"name\":\"CC mantiene postura de eliminar primarias\"}]},{\"@type\":\"WebSite\",\"@id\":\"https:\\\/\\\/www.eldiario.net\\\/portal\\\/#website\",\"url\":\"https:\\\/\\\/www.eldiario.net\\\/portal\\\/\",\"name\":\"El Diario - Decano de la prensa nacional\",\"description\":\"El Diario - Decano de la prensa nacional\",\"publisher\":{\"@id\":\"https:\\\/\\\/www.eldiario.net\\\/portal\\\/#organization\"},\"potentialAction\":[{\"@type\":\"SearchAction\",\"target\":{\"@type\":\"EntryPoint\",\"urlTemplate\":\"https:\\\/\\\/www.eldiario.net\\\/portal\\\/?s={search_term_string}\"},\"query-input\":{\"@type\":\"PropertyValueSpecification\",\"valueRequired\":true,\"valueName\":\"search_term_string\"}}],\"inLanguage\":\"es\"},{\"@type\":\"Organization\",\"@id\":\"https:\\\/\\\/www.eldiario.net\\\/portal\\\/#organization\",\"name\":\"El Diario - Decano de la prensa nacional\",\"url\":\"https:\\\/\\\/www.eldiario.net\\\/portal\\\/\",\"logo\":{\"@type\":\"ImageObject\",\"inLanguage\":\"es\",\"@id\":\"https:\\\/\\\/www.eldiario.net\\\/portal\\\/#\\\/schema\\\/logo\\\/image\\\/\",\"url\":\"https:\\\/\\\/www.eldiario.net\\\/portal\\\/wp-content\\\/uploads\\\/2023\\\/07\\\/logo_ED.jpg\",\"contentUrl\":\"https:\\\/\\\/www.eldiario.net\\\/portal\\\/wp-content\\\/uploads\\\/2023\\\/07\\\/logo_ED.jpg\",\"width\":272,\"height\":52,\"caption\":\"El Diario - Decano de la prensa nacional\"},\"image\":{\"@id\":\"https:\\\/\\\/www.eldiario.net\\\/portal\\\/#\\\/schema\\\/logo\\\/image\\\/\"},\"sameAs\":[\"https:\\\/\\\/www.facebook.com\\\/eldiario.bolivia\\\/\",\"https:\\\/\\\/x.com\\\/eldiario_net\"]},{\"@type\":\"Person\",\"@id\":\"https:\\\/\\\/www.eldiario.net\\\/portal\\\/#\\\/schema\\\/person\\\/f46445640444750d7d753ccd04ae01b7\",\"name\":\"Jeanette\",\"image\":{\"@type\":\"ImageObject\",\"inLanguage\":\"es\",\"@id\":\"https:\\\/\\\/secure.gravatar.com\\\/avatar\\\/3ea2118a5f7dad2b7138b1187a6b7ee55f160b9968b66013c3a3ef39dd7e5798?s=96&d=mm&r=g\",\"url\":\"https:\\\/\\\/secure.gravatar.com\\\/avatar\\\/3ea2118a5f7dad2b7138b1187a6b7ee55f160b9968b66013c3a3ef39dd7e5798?s=96&d=mm&r=g\",\"contentUrl\":\"https:\\\/\\\/secure.gravatar.com\\\/avatar\\\/3ea2118a5f7dad2b7138b1187a6b7ee55f160b9968b66013c3a3ef39dd7e5798?s=96&d=mm&r=g\",\"caption\":\"Jeanette\"},\"sameAs\":[\"https:\\\/\\\/www.eldiario.net\\\/portal\"],\"url\":\"https:\\\/\\\/www.eldiario.net\\\/portal\\\/author\\\/jeanette\\\/\"}]}<\/script>\n<!-- \/ Yoast SEO plugin. -->","yoast_head_json":{"title":"CC mantiene postura de eliminar primarias - El Diario - Bolivia","robots":{"index":"index","follow":"follow","max-snippet":"max-snippet:-1","max-image-preview":"max-image-preview:large","max-video-preview":"max-video-preview:-1"},"canonical":"https:\/\/www.eldiario.net\/portal\/2024\/07\/20\/cc-mantiene-postura-de-eliminar-primarias\/","og_locale":"es_ES","og_type":"article","og_title":"CC mantiene postura de eliminar primarias - El Diario - Bolivia","og_description":"Cuestionando que desde el \u00d3rgano Electoral se emitan plazos fatales para que la Asamblea Legislativa Plurinacional (ALP) apruebe el proyecto de ley que anula las elecciones primarias, la senadora por Comunidad Ciudadana (CC), Andrea Barrientos, asegur\u00f3 que su organizaci\u00f3n pol\u00edtica mantiene la posici\u00f3n de anular estos comicios y rechaz\u00f3 la aparici\u00f3n de posiciones disidentes al [&hellip;]","og_url":"https:\/\/www.eldiario.net\/portal\/2024\/07\/20\/cc-mantiene-postura-de-eliminar-primarias\/","og_site_name":"El Diario - Bolivia","article_publisher":"https:\/\/www.facebook.com\/eldiario.bolivia\/","article_published_time":"2024-07-20T11:12:31+00:00","og_image":[{"width":718,"height":540,"url":"https:\/\/www.eldiario.net\/portal\/wp-content\/uploads\/2024\/07\/40-POL-8.jpg","type":"image\/jpeg"}],"author":"Jeanette","twitter_card":"summary_large_image","twitter_creator":"@eldiario_net","twitter_site":"@eldiario_net","twitter_misc":{"Escrito por":"Jeanette","Tiempo de lectura":"5 minutos"},"schema":{"@context":"https:\/\/schema.org","@graph":[{"@type":"Article","@id":"https:\/\/www.eldiario.net\/portal\/2024\/07\/20\/cc-mantiene-postura-de-eliminar-primarias\/#article","isPartOf":{"@id":"https:\/\/www.eldiario.net\/portal\/2024\/07\/20\/cc-mantiene-postura-de-eliminar-primarias\/"},"author":{"name":"Jeanette","@id":"https:\/\/www.eldiario.net\/portal\/#\/schema\/person\/f46445640444750d7d753ccd04ae01b7"},"headline":"CC mantiene postura de eliminar primarias","datePublished":"2024-07-20T11:12:31+00:00","mainEntityOfPage":{"@id":"https:\/\/www.eldiario.net\/portal\/2024\/07\/20\/cc-mantiene-postura-de-eliminar-primarias\/"},"wordCount":928,"commentCount":0,"publisher":{"@id":"https:\/\/www.eldiario.net\/portal\/#organization"},"image":{"@id":"https:\/\/www.eldiario.net\/portal\/2024\/07\/20\/cc-mantiene-postura-de-eliminar-primarias\/#primaryimage"},"thumbnailUrl":"https:\/\/www.eldiario.net\/portal\/wp-content\/uploads\/2024\/07\/40-POL-8.jpg","articleSection":["Pol\u00edtica"],"inLanguage":"es","potentialAction":[{"@type":"CommentAction","name":"Comment","target":["https:\/\/www.eldiario.net\/portal\/2024\/07\/20\/cc-mantiene-postura-de-eliminar-primarias\/#respond"]}]},{"@type":"WebPage","@id":"https:\/\/www.eldiario.net\/portal\/2024\/07\/20\/cc-mantiene-postura-de-eliminar-primarias\/","url":"https:\/\/www.eldiario.net\/portal\/2024\/07\/20\/cc-mantiene-postura-de-eliminar-primarias\/","name":"CC mantiene postura de eliminar primarias - El Diario - Bolivia","isPartOf":{"@id":"https:\/\/www.eldiario.net\/portal\/#website"},"primaryImageOfPage":{"@id":"https:\/\/www.eldiario.net\/portal\/2024\/07\/20\/cc-mantiene-postura-de-eliminar-primarias\/#primaryimage"},"image":{"@id":"https:\/\/www.eldiario.net\/portal\/2024\/07\/20\/cc-mantiene-postura-de-eliminar-primarias\/#primaryimage"},"thumbnailUrl":"https:\/\/www.eldiario.net\/portal\/wp-content\/uploads\/2024\/07\/40-POL-8.jpg","datePublished":"2024-07-20T11:12:31+00:00","breadcrumb":{"@id":"https:\/\/www.eldiario.net\/portal\/2024\/07\/20\/cc-mantiene-postura-de-eliminar-primarias\/#breadcrumb"},"inLanguage":"es","potentialAction":[{"@type":"ReadAction","target":["https:\/\/www.eldiario.net\/portal\/2024\/07\/20\/cc-mantiene-postura-de-eliminar-primarias\/"]}]},{"@type":"ImageObject","inLanguage":"es","@id":"https:\/\/www.eldiario.net\/portal\/2024\/07\/20\/cc-mantiene-postura-de-eliminar-primarias\/#primaryimage","url":"https:\/\/www.eldiario.net\/portal\/wp-content\/uploads\/2024\/07\/40-POL-8.jpg","contentUrl":"https:\/\/www.eldiario.net\/portal\/wp-content\/uploads\/2024\/07\/40-POL-8.jpg","width":718,"height":540,"caption":"la Senadora, Andrea Barrientos (CC)."},{"@type":"BreadcrumbList","@id":"https:\/\/www.eldiario.net\/portal\/2024\/07\/20\/cc-mantiene-postura-de-eliminar-primarias\/#breadcrumb","itemListElement":[{"@type":"ListItem","position":1,"name":"Portada","item":"https:\/\/www.eldiario.net\/portal\/"},{"@type":"ListItem","position":2,"name":"CC mantiene postura de eliminar primarias"}]},{"@type":"WebSite","@id":"https:\/\/www.eldiario.net\/portal\/#website","url":"https:\/\/www.eldiario.net\/portal\/","name":"El Diario - Decano de la prensa nacional","description":"El Diario - Decano de la prensa nacional","publisher":{"@id":"https:\/\/www.eldiario.net\/portal\/#organization"},"potentialAction":[{"@type":"SearchAction","target":{"@type":"EntryPoint","urlTemplate":"https:\/\/www.eldiario.net\/portal\/?s={search_term_string}"},"query-input":{"@type":"PropertyValueSpecification","valueRequired":true,"valueName":"search_term_string"}}],"inLanguage":"es"},{"@type":"Organization","@id":"https:\/\/www.eldiario.net\/portal\/#organization","name":"El Diario - Decano de la prensa nacional","url":"https:\/\/www.eldiario.net\/portal\/","logo":{"@type":"ImageObject","inLanguage":"es","@id":"https:\/\/www.eldiario.net\/portal\/#\/schema\/logo\/image\/","url":"https:\/\/www.eldiario.net\/portal\/wp-content\/uploads\/2023\/07\/logo_ED.jpg","contentUrl":"https:\/\/www.eldiario.net\/portal\/wp-content\/uploads\/2023\/07\/logo_ED.jpg","width":272,"height":52,"caption":"El Diario - Decano de la prensa nacional"},"image":{"@id":"https:\/\/www.eldiario.net\/portal\/#\/schema\/logo\/image\/"},"sameAs":["https:\/\/www.facebook.com\/eldiario.bolivia\/","https:\/\/x.com\/eldiario_net"]},{"@type":"Person","@id":"https:\/\/www.eldiario.net\/portal\/#\/schema\/person\/f46445640444750d7d753ccd04ae01b7","name":"Jeanette","image":{"@type":"ImageObject","inLanguage":"es","@id":"https:\/\/secure.gravatar.com\/avatar\/3ea2118a5f7dad2b7138b1187a6b7ee55f160b9968b66013c3a3ef39dd7e5798?s=96&d=mm&r=g","url":"https:\/\/secure.gravatar.com\/avatar\/3ea2118a5f7dad2b7138b1187a6b7ee55f160b9968b66013c3a3ef39dd7e5798?s=96&d=mm&r=g","contentUrl":"https:\/\/secure.gravatar.com\/avatar\/3ea2118a5f7dad2b7138b1187a6b7ee55f160b9968b66013c3a3ef39dd7e5798?s=96&d=mm&r=g","caption":"Jeanette"},"sameAs":["https:\/\/www.eldiario.net\/portal"],"url":"https:\/\/www.eldiario.net\/portal\/author\/jeanette\/"}]}},"_links":{"self":[{"href":"https:\/\/www.eldiario.net\/portal\/wp-json\/wp\/v2\/posts\/235114","targetHints":{"allow":["GET"]}}],"collection":[{"href":"https:\/\/www.eldiario.net\/portal\/wp-json\/wp\/v2\/posts"}],"about":[{"href":"https:\/\/www.eldiario.net\/portal\/wp-json\/wp\/v2\/types\/post"}],"author":[{"embeddable":true,"href":"https:\/\/www.eldiario.net\/portal\/wp-json\/wp\/v2\/users\/1"}],"replies":[{"embeddable":true,"href":"https:\/\/www.eldiario.net\/portal\/wp-json\/wp\/v2\/comments?post=235114"}],"version-history":[{"count":1,"href":"https:\/\/www.eldiario.net\/portal\/wp-json\/wp\/v2\/posts\/235114\/revisions"}],"predecessor-version":[{"id":235116,"href":"https:\/\/www.eldiario.net\/portal\/wp-json\/wp\/v2\/posts\/235114\/revisions\/235116"}],"wp:featuredmedia":[{"embeddable":true,"href":"https:\/\/www.eldiario.net\/portal\/wp-json\/wp\/v2\/media\/235115"}],"wp:attachment":[{"href":"https:\/\/www.eldiario.net\/portal\/wp-json\/wp\/v2\/media?parent=235114"}],"wp:term":[{"taxonomy":"category","embeddable":true,"href":"https:\/\/www.eldiario.net\/portal\/wp-json\/wp\/v2\/categories?post=235114"},{"taxonomy":"post_tag","embeddable":true,"href":"https:\/\/www.eldiario.net\/portal\/wp-json\/wp\/v2\/tags?post=235114"}],"curies":[{"name":"wp","href":"https:\/\/api.w.org\/{rel}","templated":true}]}}