{"id":235111,"date":"2024-07-20T07:10:01","date_gmt":"2024-07-20T11:10:01","guid":{"rendered":"https:\/\/www.eldiario.net\/portal\/?p=235111"},"modified":"2024-07-20T07:10:01","modified_gmt":"2024-07-20T11:10:01","slug":"empiezan-examenes-orales-de-candidatos","status":"publish","type":"post","link":"https:\/\/www.eldiario.net\/portal\/2024\/07\/20\/empiezan-examenes-orales-de-candidatos\/","title":{"rendered":"Empiezan ex\u00e1menes  orales de candidatos"},"content":{"rendered":"<p>La fase de ex\u00e1menes orales en el proceso de preselecci\u00f3n de postulantes a altas autoridades judiciales comenz\u00f3 ayer. Legisladores aseguraron que continuar\u00e1n con su trabajo, aunque los notifiquen con m\u00e1s amparos constitucionales y haya 13 renuncias de candidatos, lo que no afectar\u00e1 a todo el proceso.<br \/>\nLas Comisiones Mixtas de Constituci\u00f3n y Justicia Plural comenzaron su trabajo alrededor de las 15:00 horas, verificando que los sobres que conten\u00edan las preguntas para los postulantes no hayan sufrido ning\u00fan da\u00f1o que pueda invalidarlos. Estos documentos fueron abiertos en frente de todos los legisladores y las preguntas las colocaron dentro de las \u00e1nforas transparentes.<br \/>\nLos postulantes, seg\u00fan la convocatoria, tienen 30 minutos para responder a cinco preguntas; cada una con un valor de 20 puntos. Este proceso continuar\u00e1 el fin de semana y esperan concluir hasta el mi\u00e9rcoles o jueves de la siguiente semana. Luego pasar\u00e1n los resultados a la Asamblea Legislativa para enviar los nombres de los seleccionados al \u00d3rgano Electoral.<br \/>\nEl presidente de la Comisi\u00f3n Mixta de Constituci\u00f3n, Miguel Rejas, manifest\u00f3 que si hay alguna acci\u00f3n de amparo pendiente la resolver\u00e1n en pr\u00f3ximas horas, pero no acatar\u00e1n los nuevos amparos o medidas cautelares.<br \/>\n\u201cLa anterior semana decidimos que, m\u00e1s all\u00e1 que nos sigan llegando los amparos, nosotros vamos a continuar con el proceso de preselecci\u00f3n hasta concluir con el informe final para remitir a la asamblea\u201d, declar\u00f3 el legislador.<br \/>\nSin embargo, hasta ayer se conoci\u00f3 que 13 candidatos retiraron su postulaci\u00f3n. Para el diputado Juan Jos\u00e9 J\u00e1uregui ello no afectar\u00e1 a todo el proceso.<br \/>\n\u201cM\u00e1s all\u00e1 de que existan estas renuncias, a\u00fan contamos con la cantidad suficiente para que se pueda proceder con la evaluaci\u00f3n y concluir este proceso. No afecta, tenemos 398 postulantes para el Tribunal Supremo de Justicia (TSJ) y para el Tribunal Constitucional Plurinacional (TCP). Es una pena que hayan renunciado algunos postulantes a continuar, pero lo cierto, es que a\u00fan existe la cantidad suficiente para proseguir\u201d. (Br\u00fajula Digital)<\/p>\n","protected":false},"excerpt":{"rendered":"<p>La fase de ex\u00e1menes orales en el proceso de preselecci\u00f3n de postulantes a altas autoridades judiciales comenz\u00f3 ayer. Legisladores aseguraron que continuar\u00e1n con su trabajo, aunque los notifiquen con m\u00e1s amparos constitucionales y haya 13 renuncias de candidatos, lo que no afectar\u00e1 a todo el proceso. Las Comisiones Mixtas de Constituci\u00f3n y Justicia Plural comenzaron [&hellip;]<\/p>\n","protected":false},"author":1,"featured_media":235112,"comment_status":"open","ping_status":"open","sticky":false,"template":"","format":"standard","meta":{"_acf_changed":false,"footnotes":""},"categories":[14],"tags":[],"class_list":["post-235111","post","type-post","status-publish","format-standard","has-post-thumbnail","category-politica"],"acf":{"antetitulo":"Elecciones judiciales"},"yoast_head":"<!-- This site is optimized with the Yoast SEO plugin v28.3 - https:\/\/yoast.com\/product\/yoast-seo-wordpress\/ -->\n<title>Empiezan ex\u00e1menes orales de candidatos - El Diario - Bolivia<\/title>\n<meta name=\"robots\" content=\"index, follow, max-snippet:-1, max-image-preview:large, max-video-preview:-1\" \/>\n<link rel=\"canonical\" href=\"https:\/\/www.eldiario.net\/portal\/2024\/07\/20\/empiezan-examenes-orales-de-candidatos\/\" \/>\n<meta property=\"og:locale\" content=\"es_ES\" \/>\n<meta property=\"og:type\" content=\"article\" \/>\n<meta property=\"og:title\" content=\"Empiezan ex\u00e1menes orales de candidatos - El Diario - Bolivia\" \/>\n<meta property=\"og:description\" content=\"La fase de ex\u00e1menes orales en el proceso de preselecci\u00f3n de postulantes a altas autoridades judiciales comenz\u00f3 ayer. Legisladores aseguraron que continuar\u00e1n con su trabajo, aunque los notifiquen con m\u00e1s amparos constitucionales y haya 13 renuncias de candidatos, lo que no afectar\u00e1 a todo el proceso. Las Comisiones Mixtas de Constituci\u00f3n y Justicia Plural comenzaron [&hellip;]\" \/>\n<meta property=\"og:url\" content=\"https:\/\/www.eldiario.net\/portal\/2024\/07\/20\/empiezan-examenes-orales-de-candidatos\/\" \/>\n<meta property=\"og:site_name\" content=\"El Diario - Bolivia\" \/>\n<meta property=\"article:publisher\" content=\"https:\/\/www.facebook.com\/eldiario.bolivia\/\" \/>\n<meta property=\"article:published_time\" content=\"2024-07-20T11:10:01+00:00\" \/>\n<meta property=\"og:image\" content=\"https:\/\/www.eldiario.net\/portal\/wp-content\/uploads\/2024\/07\/41-POL-7.jpg\" \/>\n\t<meta property=\"og:image:width\" content=\"1200\" \/>\n\t<meta property=\"og:image:height\" content=\"773\" \/>\n\t<meta property=\"og:image:type\" content=\"image\/jpeg\" \/>\n<meta name=\"author\" content=\"Jeanette\" \/>\n<meta name=\"twitter:card\" content=\"summary_large_image\" \/>\n<meta name=\"twitter:creator\" content=\"@eldiario_net\" \/>\n<meta name=\"twitter:site\" content=\"@eldiario_net\" \/>\n<meta name=\"twitter:label1\" content=\"Escrito por\" \/>\n\t<meta name=\"twitter:data1\" content=\"Jeanette\" \/>\n\t<meta name=\"twitter:label2\" content=\"Tiempo de lectura\" \/>\n\t<meta name=\"twitter:data2\" content=\"2 minutos\" \/>\n<script type=\"application\/ld+json\" class=\"yoast-schema-graph\">{\"@context\":\"https:\\\/\\\/schema.org\",\"@graph\":[{\"@type\":\"Article\",\"@id\":\"https:\\\/\\\/www.eldiario.net\\\/portal\\\/2024\\\/07\\\/20\\\/empiezan-examenes-orales-de-candidatos\\\/#article\",\"isPartOf\":{\"@id\":\"https:\\\/\\\/www.eldiario.net\\\/portal\\\/2024\\\/07\\\/20\\\/empiezan-examenes-orales-de-candidatos\\\/\"},\"author\":{\"name\":\"Jeanette\",\"@id\":\"https:\\\/\\\/www.eldiario.net\\\/portal\\\/#\\\/schema\\\/person\\\/f46445640444750d7d753ccd04ae01b7\"},\"headline\":\"Empiezan ex\u00e1menes orales de candidatos\",\"datePublished\":\"2024-07-20T11:10:01+00:00\",\"mainEntityOfPage\":{\"@id\":\"https:\\\/\\\/www.eldiario.net\\\/portal\\\/2024\\\/07\\\/20\\\/empiezan-examenes-orales-de-candidatos\\\/\"},\"wordCount\":347,\"commentCount\":0,\"publisher\":{\"@id\":\"https:\\\/\\\/www.eldiario.net\\\/portal\\\/#organization\"},\"image\":{\"@id\":\"https:\\\/\\\/www.eldiario.net\\\/portal\\\/2024\\\/07\\\/20\\\/empiezan-examenes-orales-de-candidatos\\\/#primaryimage\"},\"thumbnailUrl\":\"https:\\\/\\\/www.eldiario.net\\\/portal\\\/wp-content\\\/uploads\\\/2024\\\/07\\\/41-POL-7.jpg\",\"articleSection\":[\"Pol\u00edtica\"],\"inLanguage\":\"es\",\"potentialAction\":[{\"@type\":\"CommentAction\",\"name\":\"Comment\",\"target\":[\"https:\\\/\\\/www.eldiario.net\\\/portal\\\/2024\\\/07\\\/20\\\/empiezan-examenes-orales-de-candidatos\\\/#respond\"]}]},{\"@type\":\"WebPage\",\"@id\":\"https:\\\/\\\/www.eldiario.net\\\/portal\\\/2024\\\/07\\\/20\\\/empiezan-examenes-orales-de-candidatos\\\/\",\"url\":\"https:\\\/\\\/www.eldiario.net\\\/portal\\\/2024\\\/07\\\/20\\\/empiezan-examenes-orales-de-candidatos\\\/\",\"name\":\"Empiezan ex\u00e1menes orales de candidatos - El Diario - Bolivia\",\"isPartOf\":{\"@id\":\"https:\\\/\\\/www.eldiario.net\\\/portal\\\/#website\"},\"primaryImageOfPage\":{\"@id\":\"https:\\\/\\\/www.eldiario.net\\\/portal\\\/2024\\\/07\\\/20\\\/empiezan-examenes-orales-de-candidatos\\\/#primaryimage\"},\"image\":{\"@id\":\"https:\\\/\\\/www.eldiario.net\\\/portal\\\/2024\\\/07\\\/20\\\/empiezan-examenes-orales-de-candidatos\\\/#primaryimage\"},\"thumbnailUrl\":\"https:\\\/\\\/www.eldiario.net\\\/portal\\\/wp-content\\\/uploads\\\/2024\\\/07\\\/41-POL-7.jpg\",\"datePublished\":\"2024-07-20T11:10:01+00:00\",\"breadcrumb\":{\"@id\":\"https:\\\/\\\/www.eldiario.net\\\/portal\\\/2024\\\/07\\\/20\\\/empiezan-examenes-orales-de-candidatos\\\/#breadcrumb\"},\"inLanguage\":\"es\",\"potentialAction\":[{\"@type\":\"ReadAction\",\"target\":[\"https:\\\/\\\/www.eldiario.net\\\/portal\\\/2024\\\/07\\\/20\\\/empiezan-examenes-orales-de-candidatos\\\/\"]}]},{\"@type\":\"ImageObject\",\"inLanguage\":\"es\",\"@id\":\"https:\\\/\\\/www.eldiario.net\\\/portal\\\/2024\\\/07\\\/20\\\/empiezan-examenes-orales-de-candidatos\\\/#primaryimage\",\"url\":\"https:\\\/\\\/www.eldiario.net\\\/portal\\\/wp-content\\\/uploads\\\/2024\\\/07\\\/41-POL-7.jpg\",\"contentUrl\":\"https:\\\/\\\/www.eldiario.net\\\/portal\\\/wp-content\\\/uploads\\\/2024\\\/07\\\/41-POL-7.jpg\",\"width\":1200,\"height\":773,\"caption\":\"Inician las pruebas orales en el proceso de preselecci\u00f3n a altas autoridades judiciales.\"},{\"@type\":\"BreadcrumbList\",\"@id\":\"https:\\\/\\\/www.eldiario.net\\\/portal\\\/2024\\\/07\\\/20\\\/empiezan-examenes-orales-de-candidatos\\\/#breadcrumb\",\"itemListElement\":[{\"@type\":\"ListItem\",\"position\":1,\"name\":\"Portada\",\"item\":\"https:\\\/\\\/www.eldiario.net\\\/portal\\\/\"},{\"@type\":\"ListItem\",\"position\":2,\"name\":\"Empiezan ex\u00e1menes orales de candidatos\"}]},{\"@type\":\"WebSite\",\"@id\":\"https:\\\/\\\/www.eldiario.net\\\/portal\\\/#website\",\"url\":\"https:\\\/\\\/www.eldiario.net\\\/portal\\\/\",\"name\":\"El Diario - Decano de la prensa nacional\",\"description\":\"El Diario - Decano de la prensa nacional\",\"publisher\":{\"@id\":\"https:\\\/\\\/www.eldiario.net\\\/portal\\\/#organization\"},\"potentialAction\":[{\"@type\":\"SearchAction\",\"target\":{\"@type\":\"EntryPoint\",\"urlTemplate\":\"https:\\\/\\\/www.eldiario.net\\\/portal\\\/?s={search_term_string}\"},\"query-input\":{\"@type\":\"PropertyValueSpecification\",\"valueRequired\":true,\"valueName\":\"search_term_string\"}}],\"inLanguage\":\"es\"},{\"@type\":\"Organization\",\"@id\":\"https:\\\/\\\/www.eldiario.net\\\/portal\\\/#organization\",\"name\":\"El Diario - Decano de la prensa nacional\",\"url\":\"https:\\\/\\\/www.eldiario.net\\\/portal\\\/\",\"logo\":{\"@type\":\"ImageObject\",\"inLanguage\":\"es\",\"@id\":\"https:\\\/\\\/www.eldiario.net\\\/portal\\\/#\\\/schema\\\/logo\\\/image\\\/\",\"url\":\"https:\\\/\\\/www.eldiario.net\\\/portal\\\/wp-content\\\/uploads\\\/2023\\\/07\\\/logo_ED.jpg\",\"contentUrl\":\"https:\\\/\\\/www.eldiario.net\\\/portal\\\/wp-content\\\/uploads\\\/2023\\\/07\\\/logo_ED.jpg\",\"width\":272,\"height\":52,\"caption\":\"El Diario - Decano de la prensa nacional\"},\"image\":{\"@id\":\"https:\\\/\\\/www.eldiario.net\\\/portal\\\/#\\\/schema\\\/logo\\\/image\\\/\"},\"sameAs\":[\"https:\\\/\\\/www.facebook.com\\\/eldiario.bolivia\\\/\",\"https:\\\/\\\/x.com\\\/eldiario_net\"]},{\"@type\":\"Person\",\"@id\":\"https:\\\/\\\/www.eldiario.net\\\/portal\\\/#\\\/schema\\\/person\\\/f46445640444750d7d753ccd04ae01b7\",\"name\":\"Jeanette\",\"image\":{\"@type\":\"ImageObject\",\"inLanguage\":\"es\",\"@id\":\"https:\\\/\\\/secure.gravatar.com\\\/avatar\\\/3ea2118a5f7dad2b7138b1187a6b7ee55f160b9968b66013c3a3ef39dd7e5798?s=96&d=mm&r=g\",\"url\":\"https:\\\/\\\/secure.gravatar.com\\\/avatar\\\/3ea2118a5f7dad2b7138b1187a6b7ee55f160b9968b66013c3a3ef39dd7e5798?s=96&d=mm&r=g\",\"contentUrl\":\"https:\\\/\\\/secure.gravatar.com\\\/avatar\\\/3ea2118a5f7dad2b7138b1187a6b7ee55f160b9968b66013c3a3ef39dd7e5798?s=96&d=mm&r=g\",\"caption\":\"Jeanette\"},\"sameAs\":[\"https:\\\/\\\/www.eldiario.net\\\/portal\"],\"url\":\"https:\\\/\\\/www.eldiario.net\\\/portal\\\/author\\\/jeanette\\\/\"}]}<\/script>\n<!-- \/ Yoast SEO plugin. -->","yoast_head_json":{"title":"Empiezan ex\u00e1menes orales de candidatos - El Diario - Bolivia","robots":{"index":"index","follow":"follow","max-snippet":"max-snippet:-1","max-image-preview":"max-image-preview:large","max-video-preview":"max-video-preview:-1"},"canonical":"https:\/\/www.eldiario.net\/portal\/2024\/07\/20\/empiezan-examenes-orales-de-candidatos\/","og_locale":"es_ES","og_type":"article","og_title":"Empiezan ex\u00e1menes orales de candidatos - El Diario - Bolivia","og_description":"La fase de ex\u00e1menes orales en el proceso de preselecci\u00f3n de postulantes a altas autoridades judiciales comenz\u00f3 ayer. Legisladores aseguraron que continuar\u00e1n con su trabajo, aunque los notifiquen con m\u00e1s amparos constitucionales y haya 13 renuncias de candidatos, lo que no afectar\u00e1 a todo el proceso. Las Comisiones Mixtas de Constituci\u00f3n y Justicia Plural comenzaron [&hellip;]","og_url":"https:\/\/www.eldiario.net\/portal\/2024\/07\/20\/empiezan-examenes-orales-de-candidatos\/","og_site_name":"El Diario - Bolivia","article_publisher":"https:\/\/www.facebook.com\/eldiario.bolivia\/","article_published_time":"2024-07-20T11:10:01+00:00","og_image":[{"width":1200,"height":773,"url":"https:\/\/www.eldiario.net\/portal\/wp-content\/uploads\/2024\/07\/41-POL-7.jpg","type":"image\/jpeg"}],"author":"Jeanette","twitter_card":"summary_large_image","twitter_creator":"@eldiario_net","twitter_site":"@eldiario_net","twitter_misc":{"Escrito por":"Jeanette","Tiempo de lectura":"2 minutos"},"schema":{"@context":"https:\/\/schema.org","@graph":[{"@type":"Article","@id":"https:\/\/www.eldiario.net\/portal\/2024\/07\/20\/empiezan-examenes-orales-de-candidatos\/#article","isPartOf":{"@id":"https:\/\/www.eldiario.net\/portal\/2024\/07\/20\/empiezan-examenes-orales-de-candidatos\/"},"author":{"name":"Jeanette","@id":"https:\/\/www.eldiario.net\/portal\/#\/schema\/person\/f46445640444750d7d753ccd04ae01b7"},"headline":"Empiezan ex\u00e1menes orales de candidatos","datePublished":"2024-07-20T11:10:01+00:00","mainEntityOfPage":{"@id":"https:\/\/www.eldiario.net\/portal\/2024\/07\/20\/empiezan-examenes-orales-de-candidatos\/"},"wordCount":347,"commentCount":0,"publisher":{"@id":"https:\/\/www.eldiario.net\/portal\/#organization"},"image":{"@id":"https:\/\/www.eldiario.net\/portal\/2024\/07\/20\/empiezan-examenes-orales-de-candidatos\/#primaryimage"},"thumbnailUrl":"https:\/\/www.eldiario.net\/portal\/wp-content\/uploads\/2024\/07\/41-POL-7.jpg","articleSection":["Pol\u00edtica"],"inLanguage":"es","potentialAction":[{"@type":"CommentAction","name":"Comment","target":["https:\/\/www.eldiario.net\/portal\/2024\/07\/20\/empiezan-examenes-orales-de-candidatos\/#respond"]}]},{"@type":"WebPage","@id":"https:\/\/www.eldiario.net\/portal\/2024\/07\/20\/empiezan-examenes-orales-de-candidatos\/","url":"https:\/\/www.eldiario.net\/portal\/2024\/07\/20\/empiezan-examenes-orales-de-candidatos\/","name":"Empiezan ex\u00e1menes orales de candidatos - El Diario - Bolivia","isPartOf":{"@id":"https:\/\/www.eldiario.net\/portal\/#website"},"primaryImageOfPage":{"@id":"https:\/\/www.eldiario.net\/portal\/2024\/07\/20\/empiezan-examenes-orales-de-candidatos\/#primaryimage"},"image":{"@id":"https:\/\/www.eldiario.net\/portal\/2024\/07\/20\/empiezan-examenes-orales-de-candidatos\/#primaryimage"},"thumbnailUrl":"https:\/\/www.eldiario.net\/portal\/wp-content\/uploads\/2024\/07\/41-POL-7.jpg","datePublished":"2024-07-20T11:10:01+00:00","breadcrumb":{"@id":"https:\/\/www.eldiario.net\/portal\/2024\/07\/20\/empiezan-examenes-orales-de-candidatos\/#breadcrumb"},"inLanguage":"es","potentialAction":[{"@type":"ReadAction","target":["https:\/\/www.eldiario.net\/portal\/2024\/07\/20\/empiezan-examenes-orales-de-candidatos\/"]}]},{"@type":"ImageObject","inLanguage":"es","@id":"https:\/\/www.eldiario.net\/portal\/2024\/07\/20\/empiezan-examenes-orales-de-candidatos\/#primaryimage","url":"https:\/\/www.eldiario.net\/portal\/wp-content\/uploads\/2024\/07\/41-POL-7.jpg","contentUrl":"https:\/\/www.eldiario.net\/portal\/wp-content\/uploads\/2024\/07\/41-POL-7.jpg","width":1200,"height":773,"caption":"Inician las pruebas orales en el proceso de preselecci\u00f3n a altas autoridades judiciales."},{"@type":"BreadcrumbList","@id":"https:\/\/www.eldiario.net\/portal\/2024\/07\/20\/empiezan-examenes-orales-de-candidatos\/#breadcrumb","itemListElement":[{"@type":"ListItem","position":1,"name":"Portada","item":"https:\/\/www.eldiario.net\/portal\/"},{"@type":"ListItem","position":2,"name":"Empiezan ex\u00e1menes orales de candidatos"}]},{"@type":"WebSite","@id":"https:\/\/www.eldiario.net\/portal\/#website","url":"https:\/\/www.eldiario.net\/portal\/","name":"El Diario - Decano de la prensa nacional","description":"El Diario - Decano de la prensa nacional","publisher":{"@id":"https:\/\/www.eldiario.net\/portal\/#organization"},"potentialAction":[{"@type":"SearchAction","target":{"@type":"EntryPoint","urlTemplate":"https:\/\/www.eldiario.net\/portal\/?s={search_term_string}"},"query-input":{"@type":"PropertyValueSpecification","valueRequired":true,"valueName":"search_term_string"}}],"inLanguage":"es"},{"@type":"Organization","@id":"https:\/\/www.eldiario.net\/portal\/#organization","name":"El Diario - Decano de la prensa nacional","url":"https:\/\/www.eldiario.net\/portal\/","logo":{"@type":"ImageObject","inLanguage":"es","@id":"https:\/\/www.eldiario.net\/portal\/#\/schema\/logo\/image\/","url":"https:\/\/www.eldiario.net\/portal\/wp-content\/uploads\/2023\/07\/logo_ED.jpg","contentUrl":"https:\/\/www.eldiario.net\/portal\/wp-content\/uploads\/2023\/07\/logo_ED.jpg","width":272,"height":52,"caption":"El Diario - Decano de la prensa nacional"},"image":{"@id":"https:\/\/www.eldiario.net\/portal\/#\/schema\/logo\/image\/"},"sameAs":["https:\/\/www.facebook.com\/eldiario.bolivia\/","https:\/\/x.com\/eldiario_net"]},{"@type":"Person","@id":"https:\/\/www.eldiario.net\/portal\/#\/schema\/person\/f46445640444750d7d753ccd04ae01b7","name":"Jeanette","image":{"@type":"ImageObject","inLanguage":"es","@id":"https:\/\/secure.gravatar.com\/avatar\/3ea2118a5f7dad2b7138b1187a6b7ee55f160b9968b66013c3a3ef39dd7e5798?s=96&d=mm&r=g","url":"https:\/\/secure.gravatar.com\/avatar\/3ea2118a5f7dad2b7138b1187a6b7ee55f160b9968b66013c3a3ef39dd7e5798?s=96&d=mm&r=g","contentUrl":"https:\/\/secure.gravatar.com\/avatar\/3ea2118a5f7dad2b7138b1187a6b7ee55f160b9968b66013c3a3ef39dd7e5798?s=96&d=mm&r=g","caption":"Jeanette"},"sameAs":["https:\/\/www.eldiario.net\/portal"],"url":"https:\/\/www.eldiario.net\/portal\/author\/jeanette\/"}]}},"_links":{"self":[{"href":"https:\/\/www.eldiario.net\/portal\/wp-json\/wp\/v2\/posts\/235111","targetHints":{"allow":["GET"]}}],"collection":[{"href":"https:\/\/www.eldiario.net\/portal\/wp-json\/wp\/v2\/posts"}],"about":[{"href":"https:\/\/www.eldiario.net\/portal\/wp-json\/wp\/v2\/types\/post"}],"author":[{"embeddable":true,"href":"https:\/\/www.eldiario.net\/portal\/wp-json\/wp\/v2\/users\/1"}],"replies":[{"embeddable":true,"href":"https:\/\/www.eldiario.net\/portal\/wp-json\/wp\/v2\/comments?post=235111"}],"version-history":[{"count":1,"href":"https:\/\/www.eldiario.net\/portal\/wp-json\/wp\/v2\/posts\/235111\/revisions"}],"predecessor-version":[{"id":235113,"href":"https:\/\/www.eldiario.net\/portal\/wp-json\/wp\/v2\/posts\/235111\/revisions\/235113"}],"wp:featuredmedia":[{"embeddable":true,"href":"https:\/\/www.eldiario.net\/portal\/wp-json\/wp\/v2\/media\/235112"}],"wp:attachment":[{"href":"https:\/\/www.eldiario.net\/portal\/wp-json\/wp\/v2\/media?parent=235111"}],"wp:term":[{"taxonomy":"category","embeddable":true,"href":"https:\/\/www.eldiario.net\/portal\/wp-json\/wp\/v2\/categories?post=235111"},{"taxonomy":"post_tag","embeddable":true,"href":"https:\/\/www.eldiario.net\/portal\/wp-json\/wp\/v2\/tags?post=235111"}],"curies":[{"name":"wp","href":"https:\/\/api.w.org\/{rel}","templated":true}]}}